{"id":62090,"date":"2021-03-26T04:17:49","date_gmt":"2021-03-26T09:17:49","guid":{"rendered":"https:\/\/akunq.net\/tr\/?p=62090"},"modified":"2021-03-26T04:17:49","modified_gmt":"2021-03-26T09:17:49","slug":"hrant-dink-davasinda-karar-aciklandi","status":"publish","type":"post","link":"https:\/\/akunq.net\/tr\/?p=62090","title":{"rendered":"Hrant Dink davas\u0131nda karar a\u00e7\u0131kland\u0131"},"content":{"rendered":"<p><img loading=\"lazy\" decoding=\"async\" class=\"aligncenter size-medium wp-image-62091\" src=\"https:\/\/akunq.net\/tr\/wp-content\/uploads\/2021\/03\/Dink-1-360x182.jpg\" alt=\"\" width=\"360\" height=\"182\" srcset=\"https:\/\/akunq.net\/tr\/wp-content\/uploads\/sites\/6\/2021\/03\/Dink-1-360x182.jpg 360w, https:\/\/akunq.net\/tr\/wp-content\/uploads\/sites\/6\/2021\/03\/Dink-1-560x283.jpg 560w, https:\/\/akunq.net\/tr\/wp-content\/uploads\/sites\/6\/2021\/03\/Dink-1-260x131.jpg 260w, https:\/\/akunq.net\/tr\/wp-content\/uploads\/sites\/6\/2021\/03\/Dink-1-160x81.jpg 160w, https:\/\/akunq.net\/tr\/wp-content\/uploads\/sites\/6\/2021\/03\/Dink-1.jpg 670w\" sizes=\"auto, (max-width: 360px) 100vw, 360px\" \/><\/p>\n<p class=\"intro\"><em><strong>Hrant Dink cinayeti davas\u0131nda karar a\u00e7\u0131kland\u0131. Tutuklu san\u0131k Ercan G\u00fcn 10 y\u0131l hapis cezas\u0131na \u00e7arpt\u0131r\u0131ld\u0131.<\/strong><\/em><\/p>\n<div class=\"group\">\n<div class=\"longText\">\n<p>\u0130stanbul 14. A\u011f\u0131r Ceza Mahkemesi\u2019nde g\u00f6r\u00fclen ve 76 san\u0131\u011f\u0131n yarg\u0131land\u0131\u011f\u0131 Hrant Dink cinayeti davas\u0131nda karar a\u00e7\u0131kland\u0131. Davan\u0131n tutuklu san\u0131\u011f\u0131 Ercan G\u00fcn \u201cFET\u00d6 silahl\u0131 ter\u00f6r \u00f6rg\u00fct\u00fcne \u00fcye olmak su\u00e7undan\u201d 10 y\u0131l hapis cezas\u0131na \u00e7arpt\u0131r\u0131ld\u0131. Fethullah G\u00fclen, eski savc\u0131 Zekeriya \u00d6z, Ekrem Dumanl\u0131, Adem Yavuz Arslan&#8217;\u0131n da bulundu\u011fu 13 firari san\u0131\u011f\u0131n dosyas\u0131n\u0131n ayr\u0131lmas\u0131na karar verildi.<\/p>\n<p><em>Ayr\u0131nt\u0131lar geliyor\u2026<\/em><\/p>\n<p><strong><em>\u00a9\ufe0f Deutsche Welle T\u00fcrk\u00e7e<\/em><\/strong><\/p>\n<p><em><strong>https:\/\/www.dw.com\/tr\/hrant-dink-davas%C4%B1nda-karar-a%C3%A7%C4%B1kland%C4%B1\/a-57011366\u00a0<\/strong><\/em><\/p>\n<\/div>\n<\/div>\n","protected":false},"excerpt":{"rendered":"<p>Hrant Dink cinayeti davas\u0131nda karar a\u00e7\u0131kland\u0131. Tutuklu san\u0131k Ercan G\u00fcn 10 y\u0131l hapis cezas\u0131na \u00e7arpt\u0131r\u0131ld\u0131. \u0130stanbul 14. A\u011f\u0131r Ceza Mahkemesi\u2019nde g\u00f6r\u00fclen ve 76 san\u0131\u011f\u0131n yarg\u0131land\u0131\u011f\u0131 Hrant Dink cinayeti davas\u0131nda karar a\u00e7\u0131kland\u0131. Davan\u0131n tutuklu san\u0131\u011f\u0131 Ercan G\u00fcn \u201cFET\u00d6 silahl\u0131 ter\u00f6r \u00f6rg\u00fct\u00fcne \u00fcye olmak su\u00e7undan\u201d 10 y\u0131l hapis cezas\u0131na \u00e7arpt\u0131r\u0131ld\u0131. Fethullah G\u00fclen, eski savc\u0131 Zekeriya \u00d6z, Ekrem [&hellip;]<\/p>\n","protected":false},"author":7,"featured_media":62091,"comment_status":"open","ping_status":"open","sticky":false,"template":"","format":"standard","meta":{"footnotes":""},"categories":[1],"tags":[],"class_list":["post-62090","post","type-post","status-publish","format-standard","has-post-thumbnail","hentry","category-haberler"],"yoast_head":"<!-- This site is optimized with the Yoast SEO plugin v27.4 - https:\/\/yoast.com\/product\/yoast-seo-wordpress\/ -->\n<title>Hrant Dink davas\u0131nda karar a\u00e7\u0131kland\u0131 - Bati Ermenistan Ve Bati Ermenileri Sorunlari Ara\u015ftirmalar Merkezi<\/title>\n<meta name=\"robots\" content=\"index, follow, max-snippet:-1, max-image-preview:large, max-video-preview:-1\" \/>\n<link rel=\"canonical\" href=\"https:\/\/akunq.net\/tr\/?p=62090\" \/>\n<meta property=\"og:locale\" content=\"en_US\" \/>\n<meta property=\"og:type\" content=\"article\" \/>\n<meta property=\"og:title\" content=\"Hrant Dink davas\u0131nda karar a\u00e7\u0131kland\u0131 - Bati Ermenistan Ve Bati Ermenileri Sorunlari Ara\u015ftirmalar Merkezi\" \/>\n<meta property=\"og:description\" content=\"Hrant Dink cinayeti davas\u0131nda karar a\u00e7\u0131kland\u0131. Tutuklu san\u0131k Ercan G\u00fcn 10 y\u0131l hapis cezas\u0131na \u00e7arpt\u0131r\u0131ld\u0131. \u0130stanbul 14. A\u011f\u0131r Ceza Mahkemesi\u2019nde g\u00f6r\u00fclen ve 76 san\u0131\u011f\u0131n yarg\u0131land\u0131\u011f\u0131 Hrant Dink cinayeti davas\u0131nda karar a\u00e7\u0131kland\u0131. Davan\u0131n tutuklu san\u0131\u011f\u0131 Ercan G\u00fcn \u201cFET\u00d6 silahl\u0131 ter\u00f6r \u00f6rg\u00fct\u00fcne \u00fcye olmak su\u00e7undan\u201d 10 y\u0131l hapis cezas\u0131na \u00e7arpt\u0131r\u0131ld\u0131. Fethullah G\u00fclen, eski savc\u0131 Zekeriya \u00d6z, Ekrem [&hellip;]\" \/>\n<meta property=\"og:url\" content=\"https:\/\/akunq.net\/tr\/?p=62090\" \/>\n<meta property=\"og:site_name\" content=\"Bati Ermenistan Ve Bati Ermenileri Sorunlari Ara\u015ftirmalar Merkezi\" \/>\n<meta property=\"article:published_time\" content=\"2021-03-26T09:17:49+00:00\" \/>\n<meta property=\"og:image\" content=\"https:\/\/akunq.net\/tr\/wp-content\/uploads\/sites\/6\/2021\/03\/Dink-1.jpg\" \/>\n\t<meta property=\"og:image:width\" content=\"670\" \/>\n\t<meta property=\"og:image:height\" content=\"338\" \/>\n\t<meta property=\"og:image:type\" content=\"image\/jpeg\" \/>\n<meta name=\"author\" content=\"admin\" \/>\n<meta name=\"twitter:card\" content=\"summary_large_image\" \/>\n<meta name=\"twitter:label1\" content=\"Written by\" \/>\n\t<meta name=\"twitter:data1\" content=\"admin\" \/>\n\t<meta name=\"twitter:label2\" content=\"Est. reading time\" \/>\n\t<meta name=\"twitter:data2\" content=\"1 minute\" \/>\n<script type=\"application\/ld+json\" class=\"yoast-schema-graph\">{\"@context\":\"https:\\\/\\\/schema.org\",\"@graph\":[{\"@type\":\"Article\",\"@id\":\"https:\\\/\\\/akunq.net\\\/tr\\\/?p=62090#article\",\"isPartOf\":{\"@id\":\"https:\\\/\\\/akunq.net\\\/tr\\\/?p=62090\"},\"author\":{\"name\":\"admin\",\"@id\":\"https:\\\/\\\/akunq.net\\\/tr\\\/#\\\/schema\\\/person\\\/096f1d38a12cce57fb855b485ed24c9e\"},\"headline\":\"Hrant Dink davas\u0131nda karar a\u00e7\u0131kland\u0131\",\"datePublished\":\"2021-03-26T09:17:49+00:00\",\"mainEntityOfPage\":{\"@id\":\"https:\\\/\\\/akunq.net\\\/tr\\\/?p=62090\"},\"wordCount\":130,\"commentCount\":0,\"image\":{\"@id\":\"https:\\\/\\\/akunq.net\\\/tr\\\/?p=62090#primaryimage\"},\"thumbnailUrl\":\"https:\\\/\\\/akunq.net\\\/tr\\\/wp-content\\\/uploads\\\/sites\\\/6\\\/2021\\\/03\\\/Dink-1.jpg\",\"articleSection\":[\"Haberler\"],\"inLanguage\":\"en-US\",\"potentialAction\":[{\"@type\":\"CommentAction\",\"name\":\"Comment\",\"target\":[\"https:\\\/\\\/akunq.net\\\/tr\\\/?p=62090#respond\"]}]},{\"@type\":\"WebPage\",\"@id\":\"https:\\\/\\\/akunq.net\\\/tr\\\/?p=62090\",\"url\":\"https:\\\/\\\/akunq.net\\\/tr\\\/?p=62090\",\"name\":\"Hrant Dink davas\u0131nda karar a\u00e7\u0131kland\u0131 - Bati Ermenistan Ve Bati Ermenileri Sorunlari Ara\u015ftirmalar Merkezi\",\"isPartOf\":{\"@id\":\"https:\\\/\\\/akunq.net\\\/tr\\\/#website\"},\"primaryImageOfPage\":{\"@id\":\"https:\\\/\\\/akunq.net\\\/tr\\\/?p=62090#primaryimage\"},\"image\":{\"@id\":\"https:\\\/\\\/akunq.net\\\/tr\\\/?p=62090#primaryimage\"},\"thumbnailUrl\":\"https:\\\/\\\/akunq.net\\\/tr\\\/wp-content\\\/uploads\\\/sites\\\/6\\\/2021\\\/03\\\/Dink-1.jpg\",\"datePublished\":\"2021-03-26T09:17:49+00:00\",\"author\":{\"@id\":\"https:\\\/\\\/akunq.net\\\/tr\\\/#\\\/schema\\\/person\\\/096f1d38a12cce57fb855b485ed24c9e\"},\"breadcrumb\":{\"@id\":\"https:\\\/\\\/akunq.net\\\/tr\\\/?p=62090#breadcrumb\"},\"inLanguage\":\"en-US\",\"potentialAction\":[{\"@type\":\"ReadAction\",\"target\":[\"https:\\\/\\\/akunq.net\\\/tr\\\/?p=62090\"]}]},{\"@type\":\"ImageObject\",\"inLanguage\":\"en-US\",\"@id\":\"https:\\\/\\\/akunq.net\\\/tr\\\/?p=62090#primaryimage\",\"url\":\"https:\\\/\\\/akunq.net\\\/tr\\\/wp-content\\\/uploads\\\/sites\\\/6\\\/2021\\\/03\\\/Dink-1.jpg\",\"contentUrl\":\"https:\\\/\\\/akunq.net\\\/tr\\\/wp-content\\\/uploads\\\/sites\\\/6\\\/2021\\\/03\\\/Dink-1.jpg\",\"width\":670,\"height\":338},{\"@type\":\"BreadcrumbList\",\"@id\":\"https:\\\/\\\/akunq.net\\\/tr\\\/?p=62090#breadcrumb\",\"itemListElement\":[{\"@type\":\"ListItem\",\"position\":1,\"name\":\"Home\",\"item\":\"https:\\\/\\\/akunq.net\\\/tr\"},{\"@type\":\"ListItem\",\"position\":2,\"name\":\"Hrant Dink davas\u0131nda karar a\u00e7\u0131kland\u0131\"}]},{\"@type\":\"WebSite\",\"@id\":\"https:\\\/\\\/akunq.net\\\/tr\\\/#website\",\"url\":\"https:\\\/\\\/akunq.net\\\/tr\\\/\",\"name\":\"Bati Ermenistan Ve Bati Ermenileri Sorunlari Ara\u015ftirmalar Merkezi\",\"description\":\"\",\"potentialAction\":[{\"@type\":\"SearchAction\",\"target\":{\"@type\":\"EntryPoint\",\"urlTemplate\":\"https:\\\/\\\/akunq.net\\\/tr\\\/?s={search_term_string}\"},\"query-input\":{\"@type\":\"PropertyValueSpecification\",\"valueRequired\":true,\"valueName\":\"search_term_string\"}}],\"inLanguage\":\"en-US\"},{\"@type\":\"Person\",\"@id\":\"https:\\\/\\\/akunq.net\\\/tr\\\/#\\\/schema\\\/person\\\/096f1d38a12cce57fb855b485ed24c9e\",\"name\":\"admin\",\"url\":\"https:\\\/\\\/akunq.net\\\/tr\\\/?author=7\"}]}<\/script>\n<!-- \/ Yoast SEO plugin. -->","yoast_head_json":{"title":"Hrant Dink davas\u0131nda karar a\u00e7\u0131kland\u0131 - Bati Ermenistan Ve Bati Ermenileri Sorunlari Ara\u015ftirmalar Merkezi","robots":{"index":"index","follow":"follow","max-snippet":"max-snippet:-1","max-image-preview":"max-image-preview:large","max-video-preview":"max-video-preview:-1"},"canonical":"https:\/\/akunq.net\/tr\/?p=62090","og_locale":"en_US","og_type":"article","og_title":"Hrant Dink davas\u0131nda karar a\u00e7\u0131kland\u0131 - Bati Ermenistan Ve Bati Ermenileri Sorunlari Ara\u015ftirmalar Merkezi","og_description":"Hrant Dink cinayeti davas\u0131nda karar a\u00e7\u0131kland\u0131. Tutuklu san\u0131k Ercan G\u00fcn 10 y\u0131l hapis cezas\u0131na \u00e7arpt\u0131r\u0131ld\u0131. \u0130stanbul 14. A\u011f\u0131r Ceza Mahkemesi\u2019nde g\u00f6r\u00fclen ve 76 san\u0131\u011f\u0131n yarg\u0131land\u0131\u011f\u0131 Hrant Dink cinayeti davas\u0131nda karar a\u00e7\u0131kland\u0131. Davan\u0131n tutuklu san\u0131\u011f\u0131 Ercan G\u00fcn \u201cFET\u00d6 silahl\u0131 ter\u00f6r \u00f6rg\u00fct\u00fcne \u00fcye olmak su\u00e7undan\u201d 10 y\u0131l hapis cezas\u0131na \u00e7arpt\u0131r\u0131ld\u0131. Fethullah G\u00fclen, eski savc\u0131 Zekeriya \u00d6z, Ekrem [&hellip;]","og_url":"https:\/\/akunq.net\/tr\/?p=62090","og_site_name":"Bati Ermenistan Ve Bati Ermenileri Sorunlari Ara\u015ftirmalar Merkezi","article_published_time":"2021-03-26T09:17:49+00:00","og_image":[{"width":670,"height":338,"url":"https:\/\/akunq.net\/tr\/wp-content\/uploads\/sites\/6\/2021\/03\/Dink-1.jpg","type":"image\/jpeg"}],"author":"admin","twitter_card":"summary_large_image","twitter_misc":{"Written by":"admin","Est. reading time":"1 minute"},"schema":{"@context":"https:\/\/schema.org","@graph":[{"@type":"Article","@id":"https:\/\/akunq.net\/tr\/?p=62090#article","isPartOf":{"@id":"https:\/\/akunq.net\/tr\/?p=62090"},"author":{"name":"admin","@id":"https:\/\/akunq.net\/tr\/#\/schema\/person\/096f1d38a12cce57fb855b485ed24c9e"},"headline":"Hrant Dink davas\u0131nda karar a\u00e7\u0131kland\u0131","datePublished":"2021-03-26T09:17:49+00:00","mainEntityOfPage":{"@id":"https:\/\/akunq.net\/tr\/?p=62090"},"wordCount":130,"commentCount":0,"image":{"@id":"https:\/\/akunq.net\/tr\/?p=62090#primaryimage"},"thumbnailUrl":"https:\/\/akunq.net\/tr\/wp-content\/uploads\/sites\/6\/2021\/03\/Dink-1.jpg","articleSection":["Haberler"],"inLanguage":"en-US","potentialAction":[{"@type":"CommentAction","name":"Comment","target":["https:\/\/akunq.net\/tr\/?p=62090#respond"]}]},{"@type":"WebPage","@id":"https:\/\/akunq.net\/tr\/?p=62090","url":"https:\/\/akunq.net\/tr\/?p=62090","name":"Hrant Dink davas\u0131nda karar a\u00e7\u0131kland\u0131 - Bati Ermenistan Ve Bati Ermenileri Sorunlari Ara\u015ftirmalar Merkezi","isPartOf":{"@id":"https:\/\/akunq.net\/tr\/#website"},"primaryImageOfPage":{"@id":"https:\/\/akunq.net\/tr\/?p=62090#primaryimage"},"image":{"@id":"https:\/\/akunq.net\/tr\/?p=62090#primaryimage"},"thumbnailUrl":"https:\/\/akunq.net\/tr\/wp-content\/uploads\/sites\/6\/2021\/03\/Dink-1.jpg","datePublished":"2021-03-26T09:17:49+00:00","author":{"@id":"https:\/\/akunq.net\/tr\/#\/schema\/person\/096f1d38a12cce57fb855b485ed24c9e"},"breadcrumb":{"@id":"https:\/\/akunq.net\/tr\/?p=62090#breadcrumb"},"inLanguage":"en-US","potentialAction":[{"@type":"ReadAction","target":["https:\/\/akunq.net\/tr\/?p=62090"]}]},{"@type":"ImageObject","inLanguage":"en-US","@id":"https:\/\/akunq.net\/tr\/?p=62090#primaryimage","url":"https:\/\/akunq.net\/tr\/wp-content\/uploads\/sites\/6\/2021\/03\/Dink-1.jpg","contentUrl":"https:\/\/akunq.net\/tr\/wp-content\/uploads\/sites\/6\/2021\/03\/Dink-1.jpg","width":670,"height":338},{"@type":"BreadcrumbList","@id":"https:\/\/akunq.net\/tr\/?p=62090#breadcrumb","itemListElement":[{"@type":"ListItem","position":1,"name":"Home","item":"https:\/\/akunq.net\/tr"},{"@type":"ListItem","position":2,"name":"Hrant Dink davas\u0131nda karar a\u00e7\u0131kland\u0131"}]},{"@type":"WebSite","@id":"https:\/\/akunq.net\/tr\/#website","url":"https:\/\/akunq.net\/tr\/","name":"Bati Ermenistan Ve Bati Ermenileri Sorunlari Ara\u015ftirmalar Merkezi","description":"","potentialAction":[{"@type":"SearchAction","target":{"@type":"EntryPoint","urlTemplate":"https:\/\/akunq.net\/tr\/?s={search_term_string}"},"query-input":{"@type":"PropertyValueSpecification","valueRequired":true,"valueName":"search_term_string"}}],"inLanguage":"en-US"},{"@type":"Person","@id":"https:\/\/akunq.net\/tr\/#\/schema\/person\/096f1d38a12cce57fb855b485ed24c9e","name":"admin","url":"https:\/\/akunq.net\/tr\/?author=7"}]}},"_links":{"self":[{"href":"https:\/\/akunq.net\/tr\/index.php?rest_route=\/wp\/v2\/posts\/62090","targetHints":{"allow":["GET"]}}],"collection":[{"href":"https:\/\/akunq.net\/tr\/index.php?rest_route=\/wp\/v2\/posts"}],"about":[{"href":"https:\/\/akunq.net\/tr\/index.php?rest_route=\/wp\/v2\/types\/post"}],"author":[{"embeddable":true,"href":"https:\/\/akunq.net\/tr\/index.php?rest_route=\/wp\/v2\/users\/7"}],"replies":[{"embeddable":true,"href":"https:\/\/akunq.net\/tr\/index.php?rest_route=%2Fwp%2Fv2%2Fcomments&post=62090"}],"version-history":[{"count":1,"href":"https:\/\/akunq.net\/tr\/index.php?rest_route=\/wp\/v2\/posts\/62090\/revisions"}],"predecessor-version":[{"id":62092,"href":"https:\/\/akunq.net\/tr\/index.php?rest_route=\/wp\/v2\/posts\/62090\/revisions\/62092"}],"wp:featuredmedia":[{"embeddable":true,"href":"https:\/\/akunq.net\/tr\/index.php?rest_route=\/wp\/v2\/media\/62091"}],"wp:attachment":[{"href":"https:\/\/akunq.net\/tr\/index.php?rest_route=%2Fwp%2Fv2%2Fmedia&parent=62090"}],"wp:term":[{"taxonomy":"category","embeddable":true,"href":"https:\/\/akunq.net\/tr\/index.php?rest_route=%2Fwp%2Fv2%2Fcategories&post=62090"},{"taxonomy":"post_tag","embeddable":true,"href":"https:\/\/akunq.net\/tr\/index.php?rest_route=%2Fwp%2Fv2%2Ftags&post=62090"}],"curies":[{"name":"wp","href":"https:\/\/api.w.org\/{rel}","templated":true}]}}