{"id":62084,"date":"2021-03-26T03:53:48","date_gmt":"2021-03-26T08:53:48","guid":{"rendered":"https:\/\/akunq.net\/tr\/?p=62084"},"modified":"2021-03-26T03:53:48","modified_gmt":"2021-03-26T08:53:48","slug":"insan-haklari-eylem-plani-kacirilmis-bir-firsat-diyen-af-orgutunden-turkiyeye-oneriler","status":"publish","type":"post","link":"https:\/\/akunq.net\/tr\/?p=62084","title":{"rendered":"&#8216;\u0130nsan Haklar\u0131 Eylem Plan\u0131 ka\u00e7\u0131r\u0131lm\u0131\u015f bir f\u0131rsat&#8217; diyen Af \u00d6rg\u00fct\u00fc&#8217;nden T\u00fcrkiye&#8217;ye \u00f6neriler"},"content":{"rendered":"<p><img loading=\"lazy\" decoding=\"async\" class=\"aligncenter size-medium wp-image-62085\" src=\"https:\/\/akunq.net\/tr\/wp-content\/uploads\/2021\/03\/Adalet-Sarayi-360x203.jpg\" alt=\"\" width=\"360\" height=\"203\" srcset=\"https:\/\/akunq.net\/tr\/wp-content\/uploads\/sites\/6\/2021\/03\/Adalet-Sarayi-360x203.jpg 360w, https:\/\/akunq.net\/tr\/wp-content\/uploads\/sites\/6\/2021\/03\/Adalet-Sarayi-768x432.jpg 768w, https:\/\/akunq.net\/tr\/wp-content\/uploads\/sites\/6\/2021\/03\/Adalet-Sarayi-560x315.jpg 560w, https:\/\/akunq.net\/tr\/wp-content\/uploads\/sites\/6\/2021\/03\/Adalet-Sarayi-260x146.jpg 260w, https:\/\/akunq.net\/tr\/wp-content\/uploads\/sites\/6\/2021\/03\/Adalet-Sarayi-160x90.jpg 160w, https:\/\/akunq.net\/tr\/wp-content\/uploads\/sites\/6\/2021\/03\/Adalet-Sarayi.jpg 773w\" sizes=\"auto, (max-width: 360px) 100vw, 360px\" \/><\/p>\n<p><em><strong>Uluslararas\u0131 Af \u00d6rg\u00fct\u00fc, T\u00fcrkiye&#8217;de insan haklar\u0131n\u0131n korunmas\u0131na dair temel eksiklikleri ele almayan \u0130nsan Haklar\u0131 Eylem Plan\u0131 \u00f6nerisinin \u201cesasen ka\u00e7\u0131r\u0131lm\u0131\u015f bir f\u0131rsat oldu\u011funu\u201d ele\u015ftirisinde bulundu.<\/strong><\/em><\/p>\n<p>Uluslararas\u0131 Af \u00d6rg\u00fct\u00fc taraf\u0131nda yap\u0131lan yaz\u0131l\u0131 a\u00e7\u0131klamada,\u00a0<a href=\"https:\/\/tr.euronews.com\/2021\/03\/02\/cumhurbaskan-erdogan-insan-haklar-eylem-plan-n-ac-klad\">Eylem Plan\u0131\u2019n\u0131n<\/a>, T\u00fcrkiye&#8217;de insan haklar\u0131na verilen derin hasar\u0131 onarmaya y\u00f6nelik kapsaml\u0131 bir \u00e7er\u00e7eve sunmad\u0131\u011f\u0131\u201d bildirildi.<\/p>\n<p><a href=\"https:\/\/amnesty.org.tr\/icerik\/turkiye-yeni-eylem-plani-insan-haklarina-verilen-derin-hasari-onarma-konusunda-kacirilmis-bir-firsattir\" target=\"_blank\" rel=\"noopener noreferrer\">A\u00e7\u0131klamada<\/a>, \u201cEylem Plan\u0131, insan haklar\u0131n\u0131 koruma ve geli\u015ftirmenin devletin temel g\u00f6revi olarak kabul edilmesinin \u00f6tesine ge\u00e7ememektedir. T\u00fcrkiye&#8217;de temel haklar\u0131 ve ceza adaleti sistemini etkileyen \u00f6nemli ve yap\u0131sal herhangi bir sorunu ele almayan Eylem Plan\u0131, temennilere dayanan bir vaatler plan\u0131 olarak kalmaktad\u0131r. \u201d denildi.<\/p>\n<p>T\u00fcrkiye yetkililerine yarg\u0131 ba\u011f\u0131ms\u0131zl\u0131\u011f\u0131n\u0131 ve insan haklar\u0131n\u0131n geli\u015ftirilmesi ve korunmas\u0131n\u0131 sa\u011flamak i\u00e7in daha somut \u00f6nlemler almas\u0131 \u00e7a\u011fr\u0131s\u0131 yapan Uluslararas\u0131 Af \u00d6rg\u00fct\u00fc, bu \u00f6nerileri \u00f6zetle \u015fu \u015fekilde s\u0131ralad\u0131:<\/p>\n<h2>T\u00fcrkiye&#8217;ye y\u00f6nelik \u00f6neriler<\/h2>\n<p>\u2022 Ceza yarg\u0131lamalar\u0131na m\u00fcdahaleden ka\u00e7\u0131n\u0131lmas\u0131 ve yarg\u0131 mensuplar\u0131n\u0131n yasalar\u0131 ba\u011f\u0131ms\u0131z olarak uygulamalar\u0131na imkan tan\u0131nmas\u0131.<\/p>\n<p>\u2022 Y\u00fcr\u00fctmenin yarg\u0131 \u00fczerindeki kontrol\u00fcn\u00fc ortadan kald\u0131racak anayasal ve yasal de\u011fi\u015fiklikler de dahil olmak \u00fczere, yarg\u0131n\u0131n hukukta ve uygulamada ba\u011f\u0131ms\u0131zl\u0131\u011f\u0131n\u0131 ve tarafs\u0131zl\u0131\u011f\u0131n\u0131 g\u00fcvence alt\u0131na almak i\u00e7in gerekli d\u00fczenlemelerin yap\u0131lmas\u0131.<\/p>\n<p>\u2022 A\u0130HM kararlar\u0131n\u0131n uygulanmas\u0131n\u0131n sa\u011flanmas\u0131 ve uzun s\u00fcredir keyfi bir \u015fekilde tutuklu bulunan Osman Kavala ve Selahattin Demirta\u015f&#8217;\u0131n derhal ve ko\u015fulsuz olarak serbest b\u0131rak\u0131lmas\u0131.<\/p>\n<p>\u2022 T\u00fcrk Ceza Kanunu, Ter\u00f6rle M\u00fccadele Kanunu ve Toplant\u0131 ve G\u00f6steri Y\u00fcr\u00fcy\u00fc\u015fleri Kanunu da dahil olmak \u00fczere di\u011fer kanunlar\u0131n, insanlar\u0131n haklar\u0131n\u0131 k\u0131s\u0131tlamak i\u00e7in halen kullan\u0131lmakta olan t\u00fcm maddelerinin uluslararas\u0131 insan haklar\u0131 hukuku ve standartlar\u0131na uygun hale getirilmesi.<\/p>\n<p>\u2022 Politikac\u0131lar\u0131n, aktivistlerin, gazetecilerin, insan haklar\u0131 savunucular\u0131n\u0131n ve di\u011fer herkesin sadece ifade, \u00f6rg\u00fctlenme ve bar\u0131\u015f\u00e7\u0131l toplanma \u00f6zg\u00fcrl\u00fc\u011f\u00fc haklar\u0131n\u0131 kulland\u0131klar\u0131 i\u00e7in rutin olarak keyfi tutuklama ve kovu\u015fturmalara maruz b\u0131rak\u0131lmalar\u0131na son verilmesi.<\/p>\n<p>\u2022 Kolluk kuvvetleri ve di\u011fer kamu g\u00f6revlileriyle ilgili t\u00fcm i\u015fkence, k\u00f6t\u00fc muamele ve a\u015f\u0131r\u0131 g\u00fc\u00e7 kullan\u0131m\u0131 iddialar\u0131n\u0131n etkili bir \u015fekilde soru\u015fturulmas\u0131n\u0131n ve kovu\u015fturulmas\u0131n\u0131n sa\u011flanmas\u0131 ve sorumlu oldu\u011fundan \u015f\u00fcphelenilen herkesin adil \u015fekilde yarg\u0131lamalar\u0131 i\u00e7in adalet \u00f6n\u00fcne \u00e7\u0131kar\u0131lmas\u0131n\u0131n teminat alt\u0131na al\u0131nmas\u0131.<\/p>\n<p><em><strong>https:\/\/tr.euronews.com\/2021\/03\/25\/insan-haklar-eylem-plan-kac-r-lm-s-bir-f-rsat-diyen-af-orgutu-inden-turkiye-ye-oneriler\u00a0<\/strong><\/em><\/p>\n","protected":false},"excerpt":{"rendered":"<p>Uluslararas\u0131 Af \u00d6rg\u00fct\u00fc, T\u00fcrkiye&#8217;de insan haklar\u0131n\u0131n korunmas\u0131na dair temel eksiklikleri ele almayan \u0130nsan Haklar\u0131 Eylem Plan\u0131 \u00f6nerisinin \u201cesasen ka\u00e7\u0131r\u0131lm\u0131\u015f bir f\u0131rsat oldu\u011funu\u201d ele\u015ftirisinde bulundu. Uluslararas\u0131 Af \u00d6rg\u00fct\u00fc taraf\u0131nda yap\u0131lan yaz\u0131l\u0131 a\u00e7\u0131klamada,\u00a0Eylem Plan\u0131\u2019n\u0131n, T\u00fcrkiye&#8217;de insan haklar\u0131na verilen derin hasar\u0131 onarmaya y\u00f6nelik kapsaml\u0131 bir \u00e7er\u00e7eve sunmad\u0131\u011f\u0131\u201d bildirildi. A\u00e7\u0131klamada, \u201cEylem Plan\u0131, insan haklar\u0131n\u0131 koruma ve geli\u015ftirmenin devletin temel [&hellip;]<\/p>\n","protected":false},"author":7,"featured_media":62085,"comment_status":"open","ping_status":"open","sticky":false,"template":"","format":"standard","meta":{"footnotes":""},"categories":[1],"tags":[],"class_list":["post-62084","post","type-post","status-publish","format-standard","has-post-thumbnail","hentry","category-haberler"],"yoast_head":"<!-- This site is optimized with the Yoast SEO plugin v27.4 - https:\/\/yoast.com\/product\/yoast-seo-wordpress\/ -->\n<title>&#039;\u0130nsan Haklar\u0131 Eylem Plan\u0131 ka\u00e7\u0131r\u0131lm\u0131\u015f bir f\u0131rsat&#039; diyen Af \u00d6rg\u00fct\u00fc&#039;nden T\u00fcrkiye&#039;ye \u00f6neriler - Bati Ermenistan Ve Bati Ermenileri Sorunlari Ara\u015ftirmalar Merkezi<\/title>\n<meta name=\"robots\" content=\"index, follow, max-snippet:-1, max-image-preview:large, max-video-preview:-1\" \/>\n<link rel=\"canonical\" href=\"https:\/\/akunq.net\/tr\/?p=62084\" \/>\n<meta property=\"og:locale\" content=\"en_US\" \/>\n<meta property=\"og:type\" content=\"article\" \/>\n<meta property=\"og:title\" content=\"&#039;\u0130nsan Haklar\u0131 Eylem Plan\u0131 ka\u00e7\u0131r\u0131lm\u0131\u015f bir f\u0131rsat&#039; diyen Af \u00d6rg\u00fct\u00fc&#039;nden T\u00fcrkiye&#039;ye \u00f6neriler - Bati Ermenistan Ve Bati Ermenileri Sorunlari Ara\u015ftirmalar Merkezi\" \/>\n<meta property=\"og:description\" content=\"Uluslararas\u0131 Af \u00d6rg\u00fct\u00fc, T\u00fcrkiye&#8217;de insan haklar\u0131n\u0131n korunmas\u0131na dair temel eksiklikleri ele almayan \u0130nsan Haklar\u0131 Eylem Plan\u0131 \u00f6nerisinin \u201cesasen ka\u00e7\u0131r\u0131lm\u0131\u015f bir f\u0131rsat oldu\u011funu\u201d ele\u015ftirisinde bulundu. Uluslararas\u0131 Af \u00d6rg\u00fct\u00fc taraf\u0131nda yap\u0131lan yaz\u0131l\u0131 a\u00e7\u0131klamada,\u00a0Eylem Plan\u0131\u2019n\u0131n, T\u00fcrkiye&#8217;de insan haklar\u0131na verilen derin hasar\u0131 onarmaya y\u00f6nelik kapsaml\u0131 bir \u00e7er\u00e7eve sunmad\u0131\u011f\u0131\u201d bildirildi. A\u00e7\u0131klamada, \u201cEylem Plan\u0131, insan haklar\u0131n\u0131 koruma ve geli\u015ftirmenin devletin temel [&hellip;]\" \/>\n<meta property=\"og:url\" content=\"https:\/\/akunq.net\/tr\/?p=62084\" \/>\n<meta property=\"og:site_name\" content=\"Bati Ermenistan Ve Bati Ermenileri Sorunlari Ara\u015ftirmalar Merkezi\" \/>\n<meta property=\"article:published_time\" content=\"2021-03-26T08:53:48+00:00\" \/>\n<meta property=\"og:image\" content=\"https:\/\/akunq.net\/tr\/wp-content\/uploads\/sites\/6\/2021\/03\/Adalet-Sarayi.jpg\" \/>\n\t<meta property=\"og:image:width\" content=\"773\" \/>\n\t<meta property=\"og:image:height\" content=\"435\" \/>\n\t<meta property=\"og:image:type\" content=\"image\/jpeg\" \/>\n<meta name=\"author\" content=\"admin\" \/>\n<meta name=\"twitter:card\" content=\"summary_large_image\" \/>\n<meta name=\"twitter:label1\" content=\"Written by\" \/>\n\t<meta name=\"twitter:data1\" content=\"admin\" \/>\n\t<meta name=\"twitter:label2\" content=\"Est. reading time\" \/>\n\t<meta name=\"twitter:data2\" content=\"2 minutes\" \/>\n<script type=\"application\/ld+json\" class=\"yoast-schema-graph\">{\"@context\":\"https:\\\/\\\/schema.org\",\"@graph\":[{\"@type\":\"Article\",\"@id\":\"https:\\\/\\\/akunq.net\\\/tr\\\/?p=62084#article\",\"isPartOf\":{\"@id\":\"https:\\\/\\\/akunq.net\\\/tr\\\/?p=62084\"},\"author\":{\"name\":\"admin\",\"@id\":\"https:\\\/\\\/akunq.net\\\/tr\\\/#\\\/schema\\\/person\\\/096f1d38a12cce57fb855b485ed24c9e\"},\"headline\":\"&#8216;\u0130nsan Haklar\u0131 Eylem Plan\u0131 ka\u00e7\u0131r\u0131lm\u0131\u015f bir f\u0131rsat&#8217; diyen Af \u00d6rg\u00fct\u00fc&#8217;nden T\u00fcrkiye&#8217;ye \u00f6neriler\",\"datePublished\":\"2021-03-26T08:53:48+00:00\",\"mainEntityOfPage\":{\"@id\":\"https:\\\/\\\/akunq.net\\\/tr\\\/?p=62084\"},\"wordCount\":451,\"commentCount\":0,\"image\":{\"@id\":\"https:\\\/\\\/akunq.net\\\/tr\\\/?p=62084#primaryimage\"},\"thumbnailUrl\":\"https:\\\/\\\/akunq.net\\\/tr\\\/wp-content\\\/uploads\\\/sites\\\/6\\\/2021\\\/03\\\/Adalet-Sarayi.jpg\",\"articleSection\":[\"Haberler\"],\"inLanguage\":\"en-US\",\"potentialAction\":[{\"@type\":\"CommentAction\",\"name\":\"Comment\",\"target\":[\"https:\\\/\\\/akunq.net\\\/tr\\\/?p=62084#respond\"]}]},{\"@type\":\"WebPage\",\"@id\":\"https:\\\/\\\/akunq.net\\\/tr\\\/?p=62084\",\"url\":\"https:\\\/\\\/akunq.net\\\/tr\\\/?p=62084\",\"name\":\"'\u0130nsan Haklar\u0131 Eylem Plan\u0131 ka\u00e7\u0131r\u0131lm\u0131\u015f bir f\u0131rsat' diyen Af \u00d6rg\u00fct\u00fc'nden T\u00fcrkiye'ye \u00f6neriler - Bati Ermenistan Ve Bati Ermenileri Sorunlari Ara\u015ftirmalar Merkezi\",\"isPartOf\":{\"@id\":\"https:\\\/\\\/akunq.net\\\/tr\\\/#website\"},\"primaryImageOfPage\":{\"@id\":\"https:\\\/\\\/akunq.net\\\/tr\\\/?p=62084#primaryimage\"},\"image\":{\"@id\":\"https:\\\/\\\/akunq.net\\\/tr\\\/?p=62084#primaryimage\"},\"thumbnailUrl\":\"https:\\\/\\\/akunq.net\\\/tr\\\/wp-content\\\/uploads\\\/sites\\\/6\\\/2021\\\/03\\\/Adalet-Sarayi.jpg\",\"datePublished\":\"2021-03-26T08:53:48+00:00\",\"author\":{\"@id\":\"https:\\\/\\\/akunq.net\\\/tr\\\/#\\\/schema\\\/person\\\/096f1d38a12cce57fb855b485ed24c9e\"},\"breadcrumb\":{\"@id\":\"https:\\\/\\\/akunq.net\\\/tr\\\/?p=62084#breadcrumb\"},\"inLanguage\":\"en-US\",\"potentialAction\":[{\"@type\":\"ReadAction\",\"target\":[\"https:\\\/\\\/akunq.net\\\/tr\\\/?p=62084\"]}]},{\"@type\":\"ImageObject\",\"inLanguage\":\"en-US\",\"@id\":\"https:\\\/\\\/akunq.net\\\/tr\\\/?p=62084#primaryimage\",\"url\":\"https:\\\/\\\/akunq.net\\\/tr\\\/wp-content\\\/uploads\\\/sites\\\/6\\\/2021\\\/03\\\/Adalet-Sarayi.jpg\",\"contentUrl\":\"https:\\\/\\\/akunq.net\\\/tr\\\/wp-content\\\/uploads\\\/sites\\\/6\\\/2021\\\/03\\\/Adalet-Sarayi.jpg\",\"width\":773,\"height\":435},{\"@type\":\"BreadcrumbList\",\"@id\":\"https:\\\/\\\/akunq.net\\\/tr\\\/?p=62084#breadcrumb\",\"itemListElement\":[{\"@type\":\"ListItem\",\"position\":1,\"name\":\"Home\",\"item\":\"https:\\\/\\\/akunq.net\\\/tr\"},{\"@type\":\"ListItem\",\"position\":2,\"name\":\"&#8216;\u0130nsan Haklar\u0131 Eylem Plan\u0131 ka\u00e7\u0131r\u0131lm\u0131\u015f bir f\u0131rsat&#8217; diyen Af \u00d6rg\u00fct\u00fc&#8217;nden T\u00fcrkiye&#8217;ye \u00f6neriler\"}]},{\"@type\":\"WebSite\",\"@id\":\"https:\\\/\\\/akunq.net\\\/tr\\\/#website\",\"url\":\"https:\\\/\\\/akunq.net\\\/tr\\\/\",\"name\":\"Bati Ermenistan Ve Bati Ermenileri Sorunlari Ara\u015ftirmalar Merkezi\",\"description\":\"\",\"potentialAction\":[{\"@type\":\"SearchAction\",\"target\":{\"@type\":\"EntryPoint\",\"urlTemplate\":\"https:\\\/\\\/akunq.net\\\/tr\\\/?s={search_term_string}\"},\"query-input\":{\"@type\":\"PropertyValueSpecification\",\"valueRequired\":true,\"valueName\":\"search_term_string\"}}],\"inLanguage\":\"en-US\"},{\"@type\":\"Person\",\"@id\":\"https:\\\/\\\/akunq.net\\\/tr\\\/#\\\/schema\\\/person\\\/096f1d38a12cce57fb855b485ed24c9e\",\"name\":\"admin\",\"url\":\"https:\\\/\\\/akunq.net\\\/tr\\\/?author=7\"}]}<\/script>\n<!-- \/ Yoast SEO plugin. -->","yoast_head_json":{"title":"'\u0130nsan Haklar\u0131 Eylem Plan\u0131 ka\u00e7\u0131r\u0131lm\u0131\u015f bir f\u0131rsat' diyen Af \u00d6rg\u00fct\u00fc'nden T\u00fcrkiye'ye \u00f6neriler - Bati Ermenistan Ve Bati Ermenileri Sorunlari Ara\u015ftirmalar Merkezi","robots":{"index":"index","follow":"follow","max-snippet":"max-snippet:-1","max-image-preview":"max-image-preview:large","max-video-preview":"max-video-preview:-1"},"canonical":"https:\/\/akunq.net\/tr\/?p=62084","og_locale":"en_US","og_type":"article","og_title":"'\u0130nsan Haklar\u0131 Eylem Plan\u0131 ka\u00e7\u0131r\u0131lm\u0131\u015f bir f\u0131rsat' diyen Af \u00d6rg\u00fct\u00fc'nden T\u00fcrkiye'ye \u00f6neriler - Bati Ermenistan Ve Bati Ermenileri Sorunlari Ara\u015ftirmalar Merkezi","og_description":"Uluslararas\u0131 Af \u00d6rg\u00fct\u00fc, T\u00fcrkiye&#8217;de insan haklar\u0131n\u0131n korunmas\u0131na dair temel eksiklikleri ele almayan \u0130nsan Haklar\u0131 Eylem Plan\u0131 \u00f6nerisinin \u201cesasen ka\u00e7\u0131r\u0131lm\u0131\u015f bir f\u0131rsat oldu\u011funu\u201d ele\u015ftirisinde bulundu. Uluslararas\u0131 Af \u00d6rg\u00fct\u00fc taraf\u0131nda yap\u0131lan yaz\u0131l\u0131 a\u00e7\u0131klamada,\u00a0Eylem Plan\u0131\u2019n\u0131n, T\u00fcrkiye&#8217;de insan haklar\u0131na verilen derin hasar\u0131 onarmaya y\u00f6nelik kapsaml\u0131 bir \u00e7er\u00e7eve sunmad\u0131\u011f\u0131\u201d bildirildi. A\u00e7\u0131klamada, \u201cEylem Plan\u0131, insan haklar\u0131n\u0131 koruma ve geli\u015ftirmenin devletin temel [&hellip;]","og_url":"https:\/\/akunq.net\/tr\/?p=62084","og_site_name":"Bati Ermenistan Ve Bati Ermenileri Sorunlari Ara\u015ftirmalar Merkezi","article_published_time":"2021-03-26T08:53:48+00:00","og_image":[{"width":773,"height":435,"url":"https:\/\/akunq.net\/tr\/wp-content\/uploads\/sites\/6\/2021\/03\/Adalet-Sarayi.jpg","type":"image\/jpeg"}],"author":"admin","twitter_card":"summary_large_image","twitter_misc":{"Written by":"admin","Est. reading time":"2 minutes"},"schema":{"@context":"https:\/\/schema.org","@graph":[{"@type":"Article","@id":"https:\/\/akunq.net\/tr\/?p=62084#article","isPartOf":{"@id":"https:\/\/akunq.net\/tr\/?p=62084"},"author":{"name":"admin","@id":"https:\/\/akunq.net\/tr\/#\/schema\/person\/096f1d38a12cce57fb855b485ed24c9e"},"headline":"&#8216;\u0130nsan Haklar\u0131 Eylem Plan\u0131 ka\u00e7\u0131r\u0131lm\u0131\u015f bir f\u0131rsat&#8217; diyen Af \u00d6rg\u00fct\u00fc&#8217;nden T\u00fcrkiye&#8217;ye \u00f6neriler","datePublished":"2021-03-26T08:53:48+00:00","mainEntityOfPage":{"@id":"https:\/\/akunq.net\/tr\/?p=62084"},"wordCount":451,"commentCount":0,"image":{"@id":"https:\/\/akunq.net\/tr\/?p=62084#primaryimage"},"thumbnailUrl":"https:\/\/akunq.net\/tr\/wp-content\/uploads\/sites\/6\/2021\/03\/Adalet-Sarayi.jpg","articleSection":["Haberler"],"inLanguage":"en-US","potentialAction":[{"@type":"CommentAction","name":"Comment","target":["https:\/\/akunq.net\/tr\/?p=62084#respond"]}]},{"@type":"WebPage","@id":"https:\/\/akunq.net\/tr\/?p=62084","url":"https:\/\/akunq.net\/tr\/?p=62084","name":"'\u0130nsan Haklar\u0131 Eylem Plan\u0131 ka\u00e7\u0131r\u0131lm\u0131\u015f bir f\u0131rsat' diyen Af \u00d6rg\u00fct\u00fc'nden T\u00fcrkiye'ye \u00f6neriler - Bati Ermenistan Ve Bati Ermenileri Sorunlari Ara\u015ftirmalar Merkezi","isPartOf":{"@id":"https:\/\/akunq.net\/tr\/#website"},"primaryImageOfPage":{"@id":"https:\/\/akunq.net\/tr\/?p=62084#primaryimage"},"image":{"@id":"https:\/\/akunq.net\/tr\/?p=62084#primaryimage"},"thumbnailUrl":"https:\/\/akunq.net\/tr\/wp-content\/uploads\/sites\/6\/2021\/03\/Adalet-Sarayi.jpg","datePublished":"2021-03-26T08:53:48+00:00","author":{"@id":"https:\/\/akunq.net\/tr\/#\/schema\/person\/096f1d38a12cce57fb855b485ed24c9e"},"breadcrumb":{"@id":"https:\/\/akunq.net\/tr\/?p=62084#breadcrumb"},"inLanguage":"en-US","potentialAction":[{"@type":"ReadAction","target":["https:\/\/akunq.net\/tr\/?p=62084"]}]},{"@type":"ImageObject","inLanguage":"en-US","@id":"https:\/\/akunq.net\/tr\/?p=62084#primaryimage","url":"https:\/\/akunq.net\/tr\/wp-content\/uploads\/sites\/6\/2021\/03\/Adalet-Sarayi.jpg","contentUrl":"https:\/\/akunq.net\/tr\/wp-content\/uploads\/sites\/6\/2021\/03\/Adalet-Sarayi.jpg","width":773,"height":435},{"@type":"BreadcrumbList","@id":"https:\/\/akunq.net\/tr\/?p=62084#breadcrumb","itemListElement":[{"@type":"ListItem","position":1,"name":"Home","item":"https:\/\/akunq.net\/tr"},{"@type":"ListItem","position":2,"name":"&#8216;\u0130nsan Haklar\u0131 Eylem Plan\u0131 ka\u00e7\u0131r\u0131lm\u0131\u015f bir f\u0131rsat&#8217; diyen Af \u00d6rg\u00fct\u00fc&#8217;nden T\u00fcrkiye&#8217;ye \u00f6neriler"}]},{"@type":"WebSite","@id":"https:\/\/akunq.net\/tr\/#website","url":"https:\/\/akunq.net\/tr\/","name":"Bati Ermenistan Ve Bati Ermenileri Sorunlari Ara\u015ftirmalar Merkezi","description":"","potentialAction":[{"@type":"SearchAction","target":{"@type":"EntryPoint","urlTemplate":"https:\/\/akunq.net\/tr\/?s={search_term_string}"},"query-input":{"@type":"PropertyValueSpecification","valueRequired":true,"valueName":"search_term_string"}}],"inLanguage":"en-US"},{"@type":"Person","@id":"https:\/\/akunq.net\/tr\/#\/schema\/person\/096f1d38a12cce57fb855b485ed24c9e","name":"admin","url":"https:\/\/akunq.net\/tr\/?author=7"}]}},"_links":{"self":[{"href":"https:\/\/akunq.net\/tr\/index.php?rest_route=\/wp\/v2\/posts\/62084","targetHints":{"allow":["GET"]}}],"collection":[{"href":"https:\/\/akunq.net\/tr\/index.php?rest_route=\/wp\/v2\/posts"}],"about":[{"href":"https:\/\/akunq.net\/tr\/index.php?rest_route=\/wp\/v2\/types\/post"}],"author":[{"embeddable":true,"href":"https:\/\/akunq.net\/tr\/index.php?rest_route=\/wp\/v2\/users\/7"}],"replies":[{"embeddable":true,"href":"https:\/\/akunq.net\/tr\/index.php?rest_route=%2Fwp%2Fv2%2Fcomments&post=62084"}],"version-history":[{"count":1,"href":"https:\/\/akunq.net\/tr\/index.php?rest_route=\/wp\/v2\/posts\/62084\/revisions"}],"predecessor-version":[{"id":62086,"href":"https:\/\/akunq.net\/tr\/index.php?rest_route=\/wp\/v2\/posts\/62084\/revisions\/62086"}],"wp:featuredmedia":[{"embeddable":true,"href":"https:\/\/akunq.net\/tr\/index.php?rest_route=\/wp\/v2\/media\/62085"}],"wp:attachment":[{"href":"https:\/\/akunq.net\/tr\/index.php?rest_route=%2Fwp%2Fv2%2Fmedia&parent=62084"}],"wp:term":[{"taxonomy":"category","embeddable":true,"href":"https:\/\/akunq.net\/tr\/index.php?rest_route=%2Fwp%2Fv2%2Fcategories&post=62084"},{"taxonomy":"post_tag","embeddable":true,"href":"https:\/\/akunq.net\/tr\/index.php?rest_route=%2Fwp%2Fv2%2Ftags&post=62084"}],"curies":[{"name":"wp","href":"https:\/\/api.w.org\/{rel}","templated":true}]}}