{"id":62081,"date":"2021-03-26T03:43:15","date_gmt":"2021-03-26T08:43:15","guid":{"rendered":"https:\/\/akunq.net\/tr\/?p=62081"},"modified":"2021-03-26T03:43:15","modified_gmt":"2021-03-26T08:43:15","slug":"hrant-dink-davasinda-karar-gunu","status":"publish","type":"post","link":"https:\/\/akunq.net\/tr\/?p=62081","title":{"rendered":"Hrant Dink davas\u0131nda karar g\u00fcn\u00fc"},"content":{"rendered":"<p><img loading=\"lazy\" decoding=\"async\" class=\"aligncenter size-medium wp-image-62082\" src=\"https:\/\/akunq.net\/tr\/wp-content\/uploads\/2021\/03\/Dink-360x213.jpg\" alt=\"\" width=\"360\" height=\"213\" srcset=\"https:\/\/akunq.net\/tr\/wp-content\/uploads\/sites\/6\/2021\/03\/Dink-360x213.jpg 360w, https:\/\/akunq.net\/tr\/wp-content\/uploads\/sites\/6\/2021\/03\/Dink-560x332.jpg 560w, https:\/\/akunq.net\/tr\/wp-content\/uploads\/sites\/6\/2021\/03\/Dink-260x154.jpg 260w, https:\/\/akunq.net\/tr\/wp-content\/uploads\/sites\/6\/2021\/03\/Dink-160x95.jpg 160w, https:\/\/akunq.net\/tr\/wp-content\/uploads\/sites\/6\/2021\/03\/Dink.jpg 760w\" sizes=\"auto, (max-width: 360px) 100vw, 360px\" \/><\/p>\n<p><em><strong>Agos Gazetesi Genel Yay\u0131n Y\u00f6netmeni Hrant Dink\u2019in 14 y\u0131l \u00f6nce \u00f6ld\u00fcr\u00fclmesine ili\u015fkin 6\u2019s\u0131 tutuklu 13\u2019\u00fc firari 76 san\u0131\u011f\u0131n yarg\u0131land\u0131\u011f\u0131 davada mahkemenin san\u0131klar\u0131n son s\u00f6zlerini tamamlamas\u0131n\u0131n ard\u0131ndan karar\u0131n\u0131 a\u00e7\u0131klamas\u0131 bekleniyor.<\/strong><\/em><\/p>\n<p>Agos Gazetesi Genel Yay\u0131n Y\u00f6netmeni Hrant Dink\u2019in 14 y\u0131l \u00f6nce gazetenin \u00f6n\u00fcnde vurularak \u00f6ld\u00fcr\u00fclmesine ili\u015fkin aralar\u0131nda FET\u00d6 eleba\u015f\u0131 Fetullah G\u00fclen\u2019in de bulundu\u011fu 13\u2019\u00fc firari 6\u2019s\u0131 tutuklu 76 san\u0131\u011f\u0131n yarg\u0131land\u0131\u011f\u0131 davada sona gelindi.<\/p>\n<p>\u0130stanbul 14. A\u011f\u0131r Ceza Mahkemesince yap\u0131lan yarg\u0131lamada 14 Aral\u0131k 2020 tarihinde duru\u015fma savc\u0131s\u0131, 68 sayfal\u0131k esas hakk\u0131ndaki m\u00fctalaas\u0131n\u0131 dava dosyas\u0131na sunmu\u015ftu. FET\u00d6 eleba\u015f\u0131 Fetullah G\u00fclen\u2019in aralar\u0131nda bulundu\u011fu 13 firari san\u0131\u011f\u0131n dosyalar\u0131n\u0131n ayr\u0131lmas\u0131n\u0131 talep eden savc\u0131l\u0131k, 11 san\u0131\u011f\u0131n \u00fczerine at\u0131l\u0131 su\u00e7lardan beraatini istemi\u015fti. Dava s\u00fcrecinde hayat\u0131n\u0131 kaybeden bir san\u0131\u011f\u0131n hakk\u0131ndaki davan\u0131n d\u00fc\u015f\u00fcr\u00fclmesini talep eden savc\u0131l\u0131k, 51 san\u0131\u011f\u0131n ise cezaland\u0131r\u0131lmas\u0131n\u0131 istemi\u015fti.<\/p>\n<p>Savc\u0131l\u0131k m\u00fctalaas\u0131nda, d\u00f6nemin \u0130stihbarat Daire Ba\u015fkanl\u0131\u011f\u0131 C \u015eube M\u00fcd\u00fcr\u00fc Ali Fuat Y\u0131lmazer\u2019in, \u2018tasarlayarak kasten \u00f6ld\u00fcrme\u2019 su\u00e7undan a\u011f\u0131rla\u015ft\u0131r\u0131lm\u0131\u015f m\u00fcebbet, \u2018silahl\u0131 ter\u00f6r \u00f6rg\u00fct\u00fcne \u00fcye olma\u2019, \u2018resmi belgeyi bozmak, yok etmek veya gizlemek\u2019 ve \u2018g\u00f6revi k\u00f6t\u00fcye kullanmak\u2019 su\u00e7lar\u0131ndan 18 y\u0131l 3 aydan 31 y\u0131la kadar hapse mahkum edilmesini istemi\u015fti. M\u00fctalaada, \u0130stihbarat Daire eski Ba\u015fkan\u0131 san\u0131k Ramazan Aky\u00fcrek\u2019in \u2018tasarlayarak kasten \u00f6ld\u00fcrme\u2019 su\u00e7undan a\u011f\u0131rla\u015ft\u0131r\u0131lm\u0131\u015f m\u00fcebbet hapsini isteyen savc\u0131l\u0131k, \u2018silahl\u0131 ter\u00f6r \u00f6rg\u00fct\u00fc kurma ve y\u00f6netme\u2019, \u2018resmi belgede sahtecilik\u2019, \u2018Resmi belgeyi bozmak, yok etmek veya gizlemek\u2019 ve \u2018g\u00f6revi k\u00f6t\u00fcye kullanma\u2019 su\u00e7lar\u0131ndan 21 y\u0131l 6 aydan 40 y\u0131la kadar hapisle cezaland\u0131r\u0131lmas\u0131n\u0131 talep etmi\u015fti.<\/p>\n<p>San\u0131k gazeteci Ercan G\u00fcn\u2019\u00fcn, \u2018anayasay\u0131 ihlal\u2019 su\u00e7undan a\u011f\u0131rla\u015ft\u0131r\u0131lm\u0131\u015f m\u00fcebbet, \u2018silahl\u0131 ter\u00f6r \u00f6rg\u00fct\u00fcne \u00fcye olma\u2019 su\u00e7undan 5 y\u0131ldan 10 y\u0131la kadar cezaland\u0131r\u0131lmas\u0131n\u0131 talep eden savc\u0131l\u0131k, d\u00f6nemin Trabzon \u0130l Jandarma Komutan\u0131 san\u0131k Ali \u00d6z\u2019\u00fcn \u2018kasten \u00f6ld\u00fcrme\u2019 ve \u2018anayasay\u0131 ihlal\u2019 su\u00e7lar\u0131ndan ayr\u0131 ayr\u0131 m\u00fcebbet ve \u2018resmi belgede sahtecilik\u2019, \u2018g\u00f6revi k\u00f6t\u00fcye kullanma\u2019 ile \u2018silahl\u0131 ter\u00f6r \u00f6rg\u00fct\u00fcne \u00fcye olmak\u2019 su\u00e7lar\u0131ndan 10 y\u0131ldan 20 y\u0131la kadar hapisle cezaland\u0131r\u0131lmas\u0131n\u0131 ve tutuklanmas\u0131n\u0131 istemi\u015fti.<\/p>\n<p>Mahkeme 10 \u015eubat\u2019ta g\u00f6r\u00fclen duru\u015fmada savunmalar\u0131n tamamlanmas\u0131 nedeniyle dosyay\u0131 incelemek \u00fczere, duru\u015fmay\u0131 5 Mart\u2019a ertelemi\u015fti. 5 Mart g\u00fcn\u00fc g\u00f6r\u00fclen duru\u015fmada, mahkeme ba\u015fkan\u0131 Ak\u0131n G\u00fcrlek, \u00fcye hakim Ferhat \u015eahin\u2019in ameliyat oldu\u011funu belirtmi\u015f ve duru\u015fma karar i\u00e7in bug\u00fcne ertelenmi\u015fti.<\/p>\n<p>Bug\u00fcn g\u00f6r\u00fclecek olan 131\u2019inci celsede san\u0131klar\u0131n son s\u00f6zlerinin tamamlanmas\u0131n\u0131n ard\u0131ndan karar\u0131n a\u00e7\u0131klanmas\u0131 bekleniyor.<\/p>\n<hr \/>\n<p><em><strong><a href=\"https:\/\/www.cumhuriyet.com.tr\/haber\/hrant-dink-davasinda-karar-gunu-1823335\" target=\"_blank\" rel=\"noopener noreferrer\">Cumhuriyet Gazetesi<\/a>\u00a0<\/strong><\/em><\/p>\n","protected":false},"excerpt":{"rendered":"<p>Agos Gazetesi Genel Yay\u0131n Y\u00f6netmeni Hrant Dink\u2019in 14 y\u0131l \u00f6nce \u00f6ld\u00fcr\u00fclmesine ili\u015fkin 6\u2019s\u0131 tutuklu 13\u2019\u00fc firari 76 san\u0131\u011f\u0131n yarg\u0131land\u0131\u011f\u0131 davada mahkemenin san\u0131klar\u0131n son s\u00f6zlerini tamamlamas\u0131n\u0131n ard\u0131ndan karar\u0131n\u0131 a\u00e7\u0131klamas\u0131 bekleniyor. Agos Gazetesi Genel Yay\u0131n Y\u00f6netmeni Hrant Dink\u2019in 14 y\u0131l \u00f6nce gazetenin \u00f6n\u00fcnde vurularak \u00f6ld\u00fcr\u00fclmesine ili\u015fkin aralar\u0131nda FET\u00d6 eleba\u015f\u0131 Fetullah G\u00fclen\u2019in de bulundu\u011fu 13\u2019\u00fc firari 6\u2019s\u0131 tutuklu [&hellip;]<\/p>\n","protected":false},"author":7,"featured_media":62082,"comment_status":"open","ping_status":"open","sticky":false,"template":"","format":"standard","meta":{"footnotes":""},"categories":[1],"tags":[],"class_list":["post-62081","post","type-post","status-publish","format-standard","has-post-thumbnail","hentry","category-haberler"],"yoast_head":"<!-- This site is optimized with the Yoast SEO plugin v27.4 - https:\/\/yoast.com\/product\/yoast-seo-wordpress\/ -->\n<title>Hrant Dink davas\u0131nda karar g\u00fcn\u00fc - Bati Ermenistan Ve Bati Ermenileri Sorunlari Ara\u015ftirmalar Merkezi<\/title>\n<meta name=\"robots\" content=\"index, follow, max-snippet:-1, max-image-preview:large, max-video-preview:-1\" \/>\n<link rel=\"canonical\" href=\"https:\/\/akunq.net\/tr\/?p=62081\" \/>\n<meta property=\"og:locale\" content=\"en_US\" \/>\n<meta property=\"og:type\" content=\"article\" \/>\n<meta property=\"og:title\" content=\"Hrant Dink davas\u0131nda karar g\u00fcn\u00fc - Bati Ermenistan Ve Bati Ermenileri Sorunlari Ara\u015ftirmalar Merkezi\" \/>\n<meta property=\"og:description\" content=\"Agos Gazetesi Genel Yay\u0131n Y\u00f6netmeni Hrant Dink\u2019in 14 y\u0131l \u00f6nce \u00f6ld\u00fcr\u00fclmesine ili\u015fkin 6\u2019s\u0131 tutuklu 13\u2019\u00fc firari 76 san\u0131\u011f\u0131n yarg\u0131land\u0131\u011f\u0131 davada mahkemenin san\u0131klar\u0131n son s\u00f6zlerini tamamlamas\u0131n\u0131n ard\u0131ndan karar\u0131n\u0131 a\u00e7\u0131klamas\u0131 bekleniyor. Agos Gazetesi Genel Yay\u0131n Y\u00f6netmeni Hrant Dink\u2019in 14 y\u0131l \u00f6nce gazetenin \u00f6n\u00fcnde vurularak \u00f6ld\u00fcr\u00fclmesine ili\u015fkin aralar\u0131nda FET\u00d6 eleba\u015f\u0131 Fetullah G\u00fclen\u2019in de bulundu\u011fu 13\u2019\u00fc firari 6\u2019s\u0131 tutuklu [&hellip;]\" \/>\n<meta property=\"og:url\" content=\"https:\/\/akunq.net\/tr\/?p=62081\" \/>\n<meta property=\"og:site_name\" content=\"Bati Ermenistan Ve Bati Ermenileri Sorunlari Ara\u015ftirmalar Merkezi\" \/>\n<meta property=\"article:published_time\" content=\"2021-03-26T08:43:15+00:00\" \/>\n<meta property=\"og:image\" content=\"https:\/\/akunq.net\/tr\/wp-content\/uploads\/sites\/6\/2021\/03\/Dink.jpg\" \/>\n\t<meta property=\"og:image:width\" content=\"760\" \/>\n\t<meta property=\"og:image:height\" content=\"450\" \/>\n\t<meta property=\"og:image:type\" content=\"image\/jpeg\" \/>\n<meta name=\"author\" content=\"admin\" \/>\n<meta name=\"twitter:card\" content=\"summary_large_image\" \/>\n<meta name=\"twitter:label1\" content=\"Written by\" \/>\n\t<meta name=\"twitter:data1\" content=\"admin\" \/>\n\t<meta name=\"twitter:label2\" content=\"Est. reading time\" \/>\n\t<meta name=\"twitter:data2\" content=\"3 minutes\" \/>\n<script type=\"application\/ld+json\" class=\"yoast-schema-graph\">{\"@context\":\"https:\\\/\\\/schema.org\",\"@graph\":[{\"@type\":\"Article\",\"@id\":\"https:\\\/\\\/akunq.net\\\/tr\\\/?p=62081#article\",\"isPartOf\":{\"@id\":\"https:\\\/\\\/akunq.net\\\/tr\\\/?p=62081\"},\"author\":{\"name\":\"admin\",\"@id\":\"https:\\\/\\\/akunq.net\\\/tr\\\/#\\\/schema\\\/person\\\/096f1d38a12cce57fb855b485ed24c9e\"},\"headline\":\"Hrant Dink davas\u0131nda karar g\u00fcn\u00fc\",\"datePublished\":\"2021-03-26T08:43:15+00:00\",\"mainEntityOfPage\":{\"@id\":\"https:\\\/\\\/akunq.net\\\/tr\\\/?p=62081\"},\"wordCount\":515,\"commentCount\":0,\"image\":{\"@id\":\"https:\\\/\\\/akunq.net\\\/tr\\\/?p=62081#primaryimage\"},\"thumbnailUrl\":\"https:\\\/\\\/akunq.net\\\/tr\\\/wp-content\\\/uploads\\\/sites\\\/6\\\/2021\\\/03\\\/Dink.jpg\",\"articleSection\":[\"Haberler\"],\"inLanguage\":\"en-US\",\"potentialAction\":[{\"@type\":\"CommentAction\",\"name\":\"Comment\",\"target\":[\"https:\\\/\\\/akunq.net\\\/tr\\\/?p=62081#respond\"]}]},{\"@type\":\"WebPage\",\"@id\":\"https:\\\/\\\/akunq.net\\\/tr\\\/?p=62081\",\"url\":\"https:\\\/\\\/akunq.net\\\/tr\\\/?p=62081\",\"name\":\"Hrant Dink davas\u0131nda karar g\u00fcn\u00fc - Bati Ermenistan Ve Bati Ermenileri Sorunlari Ara\u015ftirmalar Merkezi\",\"isPartOf\":{\"@id\":\"https:\\\/\\\/akunq.net\\\/tr\\\/#website\"},\"primaryImageOfPage\":{\"@id\":\"https:\\\/\\\/akunq.net\\\/tr\\\/?p=62081#primaryimage\"},\"image\":{\"@id\":\"https:\\\/\\\/akunq.net\\\/tr\\\/?p=62081#primaryimage\"},\"thumbnailUrl\":\"https:\\\/\\\/akunq.net\\\/tr\\\/wp-content\\\/uploads\\\/sites\\\/6\\\/2021\\\/03\\\/Dink.jpg\",\"datePublished\":\"2021-03-26T08:43:15+00:00\",\"author\":{\"@id\":\"https:\\\/\\\/akunq.net\\\/tr\\\/#\\\/schema\\\/person\\\/096f1d38a12cce57fb855b485ed24c9e\"},\"breadcrumb\":{\"@id\":\"https:\\\/\\\/akunq.net\\\/tr\\\/?p=62081#breadcrumb\"},\"inLanguage\":\"en-US\",\"potentialAction\":[{\"@type\":\"ReadAction\",\"target\":[\"https:\\\/\\\/akunq.net\\\/tr\\\/?p=62081\"]}]},{\"@type\":\"ImageObject\",\"inLanguage\":\"en-US\",\"@id\":\"https:\\\/\\\/akunq.net\\\/tr\\\/?p=62081#primaryimage\",\"url\":\"https:\\\/\\\/akunq.net\\\/tr\\\/wp-content\\\/uploads\\\/sites\\\/6\\\/2021\\\/03\\\/Dink.jpg\",\"contentUrl\":\"https:\\\/\\\/akunq.net\\\/tr\\\/wp-content\\\/uploads\\\/sites\\\/6\\\/2021\\\/03\\\/Dink.jpg\",\"width\":760,\"height\":450},{\"@type\":\"BreadcrumbList\",\"@id\":\"https:\\\/\\\/akunq.net\\\/tr\\\/?p=62081#breadcrumb\",\"itemListElement\":[{\"@type\":\"ListItem\",\"position\":1,\"name\":\"Home\",\"item\":\"https:\\\/\\\/akunq.net\\\/tr\"},{\"@type\":\"ListItem\",\"position\":2,\"name\":\"Hrant Dink davas\u0131nda karar g\u00fcn\u00fc\"}]},{\"@type\":\"WebSite\",\"@id\":\"https:\\\/\\\/akunq.net\\\/tr\\\/#website\",\"url\":\"https:\\\/\\\/akunq.net\\\/tr\\\/\",\"name\":\"Bati Ermenistan Ve Bati Ermenileri Sorunlari Ara\u015ftirmalar Merkezi\",\"description\":\"\",\"potentialAction\":[{\"@type\":\"SearchAction\",\"target\":{\"@type\":\"EntryPoint\",\"urlTemplate\":\"https:\\\/\\\/akunq.net\\\/tr\\\/?s={search_term_string}\"},\"query-input\":{\"@type\":\"PropertyValueSpecification\",\"valueRequired\":true,\"valueName\":\"search_term_string\"}}],\"inLanguage\":\"en-US\"},{\"@type\":\"Person\",\"@id\":\"https:\\\/\\\/akunq.net\\\/tr\\\/#\\\/schema\\\/person\\\/096f1d38a12cce57fb855b485ed24c9e\",\"name\":\"admin\",\"url\":\"https:\\\/\\\/akunq.net\\\/tr\\\/?author=7\"}]}<\/script>\n<!-- \/ Yoast SEO plugin. -->","yoast_head_json":{"title":"Hrant Dink davas\u0131nda karar g\u00fcn\u00fc - Bati Ermenistan Ve Bati Ermenileri Sorunlari Ara\u015ftirmalar Merkezi","robots":{"index":"index","follow":"follow","max-snippet":"max-snippet:-1","max-image-preview":"max-image-preview:large","max-video-preview":"max-video-preview:-1"},"canonical":"https:\/\/akunq.net\/tr\/?p=62081","og_locale":"en_US","og_type":"article","og_title":"Hrant Dink davas\u0131nda karar g\u00fcn\u00fc - Bati Ermenistan Ve Bati Ermenileri Sorunlari Ara\u015ftirmalar Merkezi","og_description":"Agos Gazetesi Genel Yay\u0131n Y\u00f6netmeni Hrant Dink\u2019in 14 y\u0131l \u00f6nce \u00f6ld\u00fcr\u00fclmesine ili\u015fkin 6\u2019s\u0131 tutuklu 13\u2019\u00fc firari 76 san\u0131\u011f\u0131n yarg\u0131land\u0131\u011f\u0131 davada mahkemenin san\u0131klar\u0131n son s\u00f6zlerini tamamlamas\u0131n\u0131n ard\u0131ndan karar\u0131n\u0131 a\u00e7\u0131klamas\u0131 bekleniyor. Agos Gazetesi Genel Yay\u0131n Y\u00f6netmeni Hrant Dink\u2019in 14 y\u0131l \u00f6nce gazetenin \u00f6n\u00fcnde vurularak \u00f6ld\u00fcr\u00fclmesine ili\u015fkin aralar\u0131nda FET\u00d6 eleba\u015f\u0131 Fetullah G\u00fclen\u2019in de bulundu\u011fu 13\u2019\u00fc firari 6\u2019s\u0131 tutuklu [&hellip;]","og_url":"https:\/\/akunq.net\/tr\/?p=62081","og_site_name":"Bati Ermenistan Ve Bati Ermenileri Sorunlari Ara\u015ftirmalar Merkezi","article_published_time":"2021-03-26T08:43:15+00:00","og_image":[{"width":760,"height":450,"url":"https:\/\/akunq.net\/tr\/wp-content\/uploads\/sites\/6\/2021\/03\/Dink.jpg","type":"image\/jpeg"}],"author":"admin","twitter_card":"summary_large_image","twitter_misc":{"Written by":"admin","Est. reading time":"3 minutes"},"schema":{"@context":"https:\/\/schema.org","@graph":[{"@type":"Article","@id":"https:\/\/akunq.net\/tr\/?p=62081#article","isPartOf":{"@id":"https:\/\/akunq.net\/tr\/?p=62081"},"author":{"name":"admin","@id":"https:\/\/akunq.net\/tr\/#\/schema\/person\/096f1d38a12cce57fb855b485ed24c9e"},"headline":"Hrant Dink davas\u0131nda karar g\u00fcn\u00fc","datePublished":"2021-03-26T08:43:15+00:00","mainEntityOfPage":{"@id":"https:\/\/akunq.net\/tr\/?p=62081"},"wordCount":515,"commentCount":0,"image":{"@id":"https:\/\/akunq.net\/tr\/?p=62081#primaryimage"},"thumbnailUrl":"https:\/\/akunq.net\/tr\/wp-content\/uploads\/sites\/6\/2021\/03\/Dink.jpg","articleSection":["Haberler"],"inLanguage":"en-US","potentialAction":[{"@type":"CommentAction","name":"Comment","target":["https:\/\/akunq.net\/tr\/?p=62081#respond"]}]},{"@type":"WebPage","@id":"https:\/\/akunq.net\/tr\/?p=62081","url":"https:\/\/akunq.net\/tr\/?p=62081","name":"Hrant Dink davas\u0131nda karar g\u00fcn\u00fc - Bati Ermenistan Ve Bati Ermenileri Sorunlari Ara\u015ftirmalar Merkezi","isPartOf":{"@id":"https:\/\/akunq.net\/tr\/#website"},"primaryImageOfPage":{"@id":"https:\/\/akunq.net\/tr\/?p=62081#primaryimage"},"image":{"@id":"https:\/\/akunq.net\/tr\/?p=62081#primaryimage"},"thumbnailUrl":"https:\/\/akunq.net\/tr\/wp-content\/uploads\/sites\/6\/2021\/03\/Dink.jpg","datePublished":"2021-03-26T08:43:15+00:00","author":{"@id":"https:\/\/akunq.net\/tr\/#\/schema\/person\/096f1d38a12cce57fb855b485ed24c9e"},"breadcrumb":{"@id":"https:\/\/akunq.net\/tr\/?p=62081#breadcrumb"},"inLanguage":"en-US","potentialAction":[{"@type":"ReadAction","target":["https:\/\/akunq.net\/tr\/?p=62081"]}]},{"@type":"ImageObject","inLanguage":"en-US","@id":"https:\/\/akunq.net\/tr\/?p=62081#primaryimage","url":"https:\/\/akunq.net\/tr\/wp-content\/uploads\/sites\/6\/2021\/03\/Dink.jpg","contentUrl":"https:\/\/akunq.net\/tr\/wp-content\/uploads\/sites\/6\/2021\/03\/Dink.jpg","width":760,"height":450},{"@type":"BreadcrumbList","@id":"https:\/\/akunq.net\/tr\/?p=62081#breadcrumb","itemListElement":[{"@type":"ListItem","position":1,"name":"Home","item":"https:\/\/akunq.net\/tr"},{"@type":"ListItem","position":2,"name":"Hrant Dink davas\u0131nda karar g\u00fcn\u00fc"}]},{"@type":"WebSite","@id":"https:\/\/akunq.net\/tr\/#website","url":"https:\/\/akunq.net\/tr\/","name":"Bati Ermenistan Ve Bati Ermenileri Sorunlari Ara\u015ftirmalar Merkezi","description":"","potentialAction":[{"@type":"SearchAction","target":{"@type":"EntryPoint","urlTemplate":"https:\/\/akunq.net\/tr\/?s={search_term_string}"},"query-input":{"@type":"PropertyValueSpecification","valueRequired":true,"valueName":"search_term_string"}}],"inLanguage":"en-US"},{"@type":"Person","@id":"https:\/\/akunq.net\/tr\/#\/schema\/person\/096f1d38a12cce57fb855b485ed24c9e","name":"admin","url":"https:\/\/akunq.net\/tr\/?author=7"}]}},"_links":{"self":[{"href":"https:\/\/akunq.net\/tr\/index.php?rest_route=\/wp\/v2\/posts\/62081","targetHints":{"allow":["GET"]}}],"collection":[{"href":"https:\/\/akunq.net\/tr\/index.php?rest_route=\/wp\/v2\/posts"}],"about":[{"href":"https:\/\/akunq.net\/tr\/index.php?rest_route=\/wp\/v2\/types\/post"}],"author":[{"embeddable":true,"href":"https:\/\/akunq.net\/tr\/index.php?rest_route=\/wp\/v2\/users\/7"}],"replies":[{"embeddable":true,"href":"https:\/\/akunq.net\/tr\/index.php?rest_route=%2Fwp%2Fv2%2Fcomments&post=62081"}],"version-history":[{"count":1,"href":"https:\/\/akunq.net\/tr\/index.php?rest_route=\/wp\/v2\/posts\/62081\/revisions"}],"predecessor-version":[{"id":62083,"href":"https:\/\/akunq.net\/tr\/index.php?rest_route=\/wp\/v2\/posts\/62081\/revisions\/62083"}],"wp:featuredmedia":[{"embeddable":true,"href":"https:\/\/akunq.net\/tr\/index.php?rest_route=\/wp\/v2\/media\/62082"}],"wp:attachment":[{"href":"https:\/\/akunq.net\/tr\/index.php?rest_route=%2Fwp%2Fv2%2Fmedia&parent=62081"}],"wp:term":[{"taxonomy":"category","embeddable":true,"href":"https:\/\/akunq.net\/tr\/index.php?rest_route=%2Fwp%2Fv2%2Fcategories&post=62081"},{"taxonomy":"post_tag","embeddable":true,"href":"https:\/\/akunq.net\/tr\/index.php?rest_route=%2Fwp%2Fv2%2Ftags&post=62081"}],"curies":[{"name":"wp","href":"https:\/\/api.w.org\/{rel}","templated":true}]}}