{"id":62078,"date":"2021-03-26T03:24:00","date_gmt":"2021-03-26T08:24:00","guid":{"rendered":"https:\/\/akunq.net\/tr\/?p=62078"},"modified":"2021-03-26T03:24:00","modified_gmt":"2021-03-26T08:24:00","slug":"selvi-hdpnin-kapatilmasiyla-ilgili-surecte-ilk-adim-31-martta-atilacak-raportor-calismalarini-surduruyor","status":"publish","type":"post","link":"https:\/\/akunq.net\/tr\/?p=62078","title":{"rendered":"Selvi: HDP\u2019nin kapat\u0131lmas\u0131yla ilgili s\u00fcre\u00e7te ilk ad\u0131m 31 Mart&#8217;ta at\u0131lacak, raport\u00f6r \u00e7al\u0131\u015fmalar\u0131n\u0131 s\u00fcrd\u00fcr\u00fcyor"},"content":{"rendered":"<div class=\"b-article__lead\">\n<p><img loading=\"lazy\" decoding=\"async\" class=\"aligncenter size-full wp-image-62079\" src=\"https:\/\/akunq.net\/tr\/wp-content\/uploads\/2021\/03\/HDP.png\" alt=\"\" width=\"259\" height=\"194\" srcset=\"https:\/\/akunq.net\/tr\/wp-content\/uploads\/sites\/6\/2021\/03\/HDP.png 259w, https:\/\/akunq.net\/tr\/wp-content\/uploads\/sites\/6\/2021\/03\/HDP-160x120.png 160w\" sizes=\"auto, (max-width: 259px) 100vw, 259px\" \/><\/p>\n<p><strong><em>H\u00fcrriyet yazar\u0131\u00a0Abdulkadir Selvi, &#8220;HDP\u2019nin kapat\u0131lmas\u0131yla ilgili s\u00fcre\u00e7te ilk ad\u0131m 31 Mart \u00c7ar\u015famba g\u00fcn\u00fc at\u0131lacak. Anayasa Mahkemesi, HDP davas\u0131yla ilgili bir raport\u00f6r g\u00f6revlendirmi\u015fti. Raport\u00f6r \u00e7al\u0131\u015fmalar\u0131n\u0131 s\u00fcrd\u00fcr\u00fcyor.<\/em><\/strong><\/p>\n<\/div>\n<div class=\"b-article__text\">\n<p>H\u00fcrriyet gazetesi yazar\u0131\u00a0<strong>Abdulkadir Selvi<\/strong>,\u00a0<a href=\"https:\/\/www.hurriyet.com.tr\/yazarlar\/abdulkadir-selvi\/erdogan-masa-basinda-degil-sahada-olacagiz-41772207\" target=\"_blank\" rel=\"noopener noreferrer\">bug\u00fcnk\u00fc yaz\u0131s\u0131nda<\/a>\u00a0&#8220;<em>HDP\u2019nin kapat\u0131lmas\u0131yla ilgili s\u00fcre\u00e7te ilk ad\u0131m 31 Mart \u00c7ar\u015famba g\u00fcn\u00fc at\u0131lacak. Anayasa Mahkemesi, HDP davas\u0131yla ilgili bir raport\u00f6r g\u00f6revlendirmi\u015fti. Raport\u00f6r \u00e7al\u0131\u015fmalar\u0131n\u0131 s\u00fcrd\u00fcr\u00fcyor. Raport\u00f6r, a\u00e7\u0131lan davada kabul edilebilir kriterler yerine getirildi mi getirilmedi mi diye bak\u0131yor. E\u011fer kriterler yerine getirilmi\u015fse, o y\u00f6nde rapor verecek. Yok de\u011filse, \u015fu \u015fu nedenlerle kabul edilemez diyecek. Raport\u00f6r\u00fcn \u00f6n incelemesi muhtemelen pazartesi g\u00fcn\u00fc \u00fcyelere sunulacak&#8221;<\/em>\u00a0a\u00e7\u0131klamas\u0131nda bulundu.<\/p>\n<div class=\"b-inject m-inject-min\">\n<div class=\"b-inject__media\"><a href=\"https:\/\/tr.sputniknews.com\/turkiye\/202103231044099428-dogu-perincek-oradaki-halk-o-65-milyon-hdp-kapatiliyor-diye-sevinc-icinde\/\" target=\"_blank\" rel=\"noopener noreferrer\"><picture><source class=\"\" srcset=\"https:\/\/cdntr1.img.sputniknews.com\/img\/104073\/44\/1040734434_0:42:1200:680_331x0_80_0_1_6f6cbb206d1ccf0252f25cf8eff918ea.jpg.webp\" media=\"(min-width: 768px)\" data-srcset=\"https:\/\/cdntr1.img.sputniknews.com\/img\/104073\/44\/1040734434_0:42:1200:680_331x0_80_0_1_6f6cbb206d1ccf0252f25cf8eff918ea.jpg.webp\" \/><source class=\"\" srcset=\"https:\/\/cdntr1.img.sputniknews.com\/img\/104073\/44\/1040734434_0:42:1200:680_768x0_80_0_1_9e5cf557a3f84dfc03038fa8d05079c1.jpg.webp\" media=\"(min-width: 480px)\" data-srcset=\"https:\/\/cdntr1.img.sputniknews.com\/img\/104073\/44\/1040734434_0:42:1200:680_768x0_80_0_1_9e5cf557a3f84dfc03038fa8d05079c1.jpg.webp\" \/><source class=\"\" srcset=\"https:\/\/cdntr1.img.sputniknews.com\/img\/104073\/44\/1040734434_0:42:1200:680_480x0_80_0_1_4aa08d669abb9a135302d9bd76b28c88.jpg.webp\" media=\"(min-width: 0px)\" data-srcset=\"https:\/\/cdntr1.img.sputniknews.com\/img\/104073\/44\/1040734434_0:42:1200:680_480x0_80_0_1_4aa08d669abb9a135302d9bd76b28c88.jpg.webp\" \/><img loading=\"lazy\" decoding=\"async\" class=\"\" title=\"\" src=\"https:\/\/cdntr1.img.sputniknews.com\/img\/104073\/44\/1040734434_0:42:1200:680_705x375_80_0_0_1da3d1cbe916976cffbec376eae33ee4.jpg.webp\" alt=\"\" width=\"705\" height=\"375\" data-src=\"https:\/\/cdntr1.img.sputniknews.com\/img\/104073\/44\/1040734434_0:42:1200:680_705x375_80_0_0_1da3d1cbe916976cffbec376eae33ee4.jpg.webp\" \/><\/picture><\/a><\/div>\n<div class=\"b-inject__copy\"><em>\u00a9 AA \/ M\u0130RA\u00c7 KAYA<\/em><\/div>\n<\/div>\n<p>Selvi\u00a0yaz\u0131s\u0131nda,\u00a0<em>&#8220;\u00c7ar\u015famba g\u00fcnk\u00fc toplant\u0131da iddianamenin kabul\u00fc y\u00f6n\u00fcnde karar verilirse, iddianame ekleriyle birlikte\u00a0<strong>HDP\u2019ye tebli\u011f edilecek<\/strong>. Savunmas\u0131n\u0131 haz\u0131rlamas\u0131 i\u00e7in HDP\u2019ye 60 g\u00fcnden az olmamak \u00fczere s\u00fcre verilecek. Ondan sonra ikinci a\u015famaya ge\u00e7ilecek. HDP\u2019nin savunmas\u0131, bu kez &#8216;esas&#8217; d\u00fc\u015f\u00fcncesini bildirmesi i\u00e7in Yarg\u0131tay Cumhuriyet Ba\u015fsavc\u0131l\u0131\u011f\u0131\u2019na g\u00f6nderilecek. Yarg\u0131tay Cumhuriyet Ba\u015fsavc\u0131l\u0131\u011f\u0131\u2019ndan gelen esas hakk\u0131ndaki d\u00fc\u015f\u00fcnce Anayasa Mahkemesi taraf\u0131ndan HDP\u2019ye tebli\u011f edilip, yeni bir s\u00fcre verilecek. HDP bu s\u00fcre zarf\u0131nda esas hakk\u0131ndaki savunmas\u0131n\u0131 yapacak&#8221;<\/em>\u00a0ifadelerini kulland\u0131.Selvi&#8217;nin yaz\u0131s\u0131n\u0131n ilgili k\u0131sm\u0131 \u015fu \u015fekilde:<\/p>\n<p><em>&#8220;Bu prosed\u00fcr\u00fcn tamamlanmas\u0131ndan sonra s\u00f6zl\u00fc savunma a\u015famas\u0131na ge\u00e7ilecek. \u00d6nce\u00a0<strong>Yarg\u0131tay Cumhuriyet Ba\u015fsavc\u0131s\u0131<\/strong>\u00a0Bekir \u015eahin dinlenecek. Ard\u0131ndan da HDP s\u00f6zl\u00fc savunma yapacak. Savunmalardan sonra raport\u00f6r esas hakk\u0131ndaki raporunu haz\u0131rlayacak. Bu raporlar\u0131n \u00e7ok belirleyici oldu\u011fu g\u00f6r\u00fcld\u00fc ama \u00fcyeler rapor do\u011frultusunda ya da aksi istikamette karar verebiliyor. HDP\u2019nin kapat\u0131lmas\u0131 i\u00e7in Anayasa Mahkemesi\u2019nin 15 \u00fcyesinden en az 10\u2019unun kapatma y\u00f6n\u00fcnde oy kullanmas\u0131 gerekiyor. Yoksa HDP kapat\u0131lamayacak. Tabii partinin kapat\u0131lmas\u0131 yerine Hazine yard\u0131m\u0131n\u0131n kesilmesi ya da baz\u0131 isimlere siyasi yasak konulmas\u0131 da se\u00e7enekler aras\u0131nda.<\/em><\/p>\n<h2>&#8216;HDP kendisini feshederse dava d\u00fc\u015fecek&#8217;<\/h2>\n<div class=\"b-inject m-inject-min\">\n<div class=\"b-inject__media\"><em><a href=\"https:\/\/tr.sputniknews.com\/turkiye\/202103231044096682-hdp-es-genel-baskani-sancar-bize-karsi-acilan-kapatma-davasi-bir-intikam-davasindan-baska-bir-sey\/\" target=\"_blank\" rel=\"noopener noreferrer\"><picture><source class=\"\" srcset=\"https:\/\/cdntr1.img.sputniknews.com\/img\/07e5\/03\/17\/1044096519_0:0:2000:1064_331x0_80_0_1_344f0887622d2f923f9e60ca8569f7ab.jpg.webp\" media=\"(min-width: 768px)\" data-srcset=\"https:\/\/cdntr1.img.sputniknews.com\/img\/07e5\/03\/17\/1044096519_0:0:2000:1064_331x0_80_0_1_344f0887622d2f923f9e60ca8569f7ab.jpg.webp\" \/><source class=\"\" srcset=\"https:\/\/cdntr1.img.sputniknews.com\/img\/07e5\/03\/17\/1044096519_0:0:2000:1064_768x0_80_0_1_8e49405d008b6d9c23ffc32efed0cd35.jpg.webp\" media=\"(min-width: 480px)\" data-srcset=\"https:\/\/cdntr1.img.sputniknews.com\/img\/07e5\/03\/17\/1044096519_0:0:2000:1064_768x0_80_0_1_8e49405d008b6d9c23ffc32efed0cd35.jpg.webp\" \/><source class=\"\" srcset=\"https:\/\/cdntr1.img.sputniknews.com\/img\/07e5\/03\/17\/1044096519_0:0:2000:1064_480x0_80_0_1_007fe4819ee4bc8f0354503d0a667900.jpg.webp\" media=\"(min-width: 0px)\" data-srcset=\"https:\/\/cdntr1.img.sputniknews.com\/img\/07e5\/03\/17\/1044096519_0:0:2000:1064_480x0_80_0_1_007fe4819ee4bc8f0354503d0a667900.jpg.webp\" \/><img loading=\"lazy\" decoding=\"async\" class=\"\" title=\"HDP\u00a0E\u015f Genel Ba\u015fkan\u0131 Mithat\u00a0Sancar\" src=\"https:\/\/cdntr1.img.sputniknews.com\/img\/07e5\/03\/17\/1044096519_0:0:2000:1064_705x375_80_0_0_ed9789b5e5d6b024aee1bc97763bb7b7.jpg.webp\" alt=\"HDP\u00a0E\u015f Genel Ba\u015fkan\u0131 Mithat\u00a0Sancar\" width=\"705\" height=\"375\" data-src=\"https:\/\/cdntr1.img.sputniknews.com\/img\/07e5\/03\/17\/1044096519_0:0:2000:1064_705x375_80_0_0_ed9789b5e5d6b024aee1bc97763bb7b7.jpg.webp\" \/><\/picture><\/a><\/em><\/div>\n<div class=\"b-inject__copy\"><em>\u00a9 AA \/ FAT\u0130H KURT<\/em><\/div>\n<\/div>\n<p><em>Ama bu arada bir de HDP kendini feshederse, o zaman dava d\u00fc\u015fecek. Bu se\u00e7enek var m\u0131? HDP\u2019deki de\u011ferlendirmede bu se\u00e7enek de masadayd\u0131. Hukuki zeminde m\u00fccadele verilmesi e\u011filimi a\u011f\u0131r bast\u0131. HDP \u00e7izgisindeki partiler kapat\u0131ld\u0131 ama HDP\u2019de bir grup bu kez kapat\u0131lmayabilir d\u00fc\u015f\u00fcncesinde. O nedenle hukuki m\u00fccadeleyi toplumsal m\u00fccadele ile birlikte y\u00fcr\u00fctme d\u00fc\u015f\u00fcncesindeler. Ama HDP\u2019nin feshedilip davan\u0131n d\u00fc\u015f\u00fcr\u00fclmesi \u015f\u0131kk\u0131 da masadan kalkm\u0131\u015f de\u011fil.<\/em><em>HDP, kendini fesh edip kapatma davas\u0131n\u0131 d\u00fc\u015f\u00fcrme konusunda bir de hukuki deste\u011fe sahip.\u00a0<strong>2820 say\u0131l\u0131 Siyasi Partiler Yasas\u0131\u2019n\u0131n<\/strong>\u00a0108. maddesindeki\u00a0&#8216;Hakk\u0131nda kapatma davas\u0131 a\u00e7\u0131lan partinin dava sonu\u00e7lanmadan kapanma karar\u0131 almas\u0131, davaya devam edilmesini ve kapatma karar\u0131 verilmesi durumunda da do\u011facak hukuksal sonu\u00e7lar\u0131 etkilemez&#8217;\u00a0ibaresi Anayasa Mahkemesi\u2019nin 8 Aral\u0131k 2010 tarih ve 2010\/112 say\u0131l\u0131 karar\u0131 ile iptal edildi. 5 \u015eubat 2011 tarihli Resmi Gazete\u2019de yay\u0131nlanarak y\u00fcr\u00fcrl\u00fc\u011fe giren gerek\u00e7eli kararda &#8216;Bir siyasi partinin kapanma karar\u0131 almas\u0131yla da neden oldu\u011fu ileri s\u00fcr\u00fclen tehlikenin ortadan kalkt\u0131\u011f\u0131 a\u00e7\u0131kt\u0131r&#8217; deniliyor. HDP davas\u0131n\u0131n sadece hukuki boyutuyla de\u011fil, siyasi sonu\u00e7lar\u0131 itibar\u0131yla da dikkatle izlenmesi gerekiyor.&#8221;<\/em><\/p>\n<p><em><strong>https:\/\/tr.sputniknews.com\/turkiye\/202103261044120739-selvi-hdpnin-kapatilmasiyla-ilgili-surecte-ilk-adim-31-martta-atilacak-raportor-calismalarini\/\u00a0<\/strong><\/em><\/p>\n<\/div>\n","protected":false},"excerpt":{"rendered":"<p>H\u00fcrriyet yazar\u0131\u00a0Abdulkadir Selvi, &#8220;HDP\u2019nin kapat\u0131lmas\u0131yla ilgili s\u00fcre\u00e7te ilk ad\u0131m 31 Mart \u00c7ar\u015famba g\u00fcn\u00fc at\u0131lacak. Anayasa Mahkemesi, HDP davas\u0131yla ilgili bir raport\u00f6r g\u00f6revlendirmi\u015fti. Raport\u00f6r \u00e7al\u0131\u015fmalar\u0131n\u0131 s\u00fcrd\u00fcr\u00fcyor. H\u00fcrriyet gazetesi yazar\u0131\u00a0Abdulkadir Selvi,\u00a0bug\u00fcnk\u00fc yaz\u0131s\u0131nda\u00a0&#8220;HDP\u2019nin kapat\u0131lmas\u0131yla ilgili s\u00fcre\u00e7te ilk ad\u0131m 31 Mart \u00c7ar\u015famba g\u00fcn\u00fc at\u0131lacak. Anayasa Mahkemesi, HDP davas\u0131yla ilgili bir raport\u00f6r g\u00f6revlendirmi\u015fti. Raport\u00f6r \u00e7al\u0131\u015fmalar\u0131n\u0131 s\u00fcrd\u00fcr\u00fcyor. Raport\u00f6r, a\u00e7\u0131lan davada kabul [&hellip;]<\/p>\n","protected":false},"author":7,"featured_media":62079,"comment_status":"open","ping_status":"open","sticky":false,"template":"","format":"standard","meta":{"footnotes":""},"categories":[1],"tags":[],"class_list":["post-62078","post","type-post","status-publish","format-standard","has-post-thumbnail","hentry","category-haberler"],"yoast_head":"<!-- This site is optimized with the Yoast SEO plugin v27.4 - https:\/\/yoast.com\/product\/yoast-seo-wordpress\/ -->\n<title>Selvi: HDP\u2019nin kapat\u0131lmas\u0131yla ilgili s\u00fcre\u00e7te ilk ad\u0131m 31 Mart&#039;ta at\u0131lacak, raport\u00f6r \u00e7al\u0131\u015fmalar\u0131n\u0131 s\u00fcrd\u00fcr\u00fcyor - Bati Ermenistan Ve Bati Ermenileri Sorunlari Ara\u015ftirmalar Merkezi<\/title>\n<meta name=\"robots\" content=\"index, follow, max-snippet:-1, max-image-preview:large, max-video-preview:-1\" \/>\n<link rel=\"canonical\" href=\"https:\/\/akunq.net\/tr\/?p=62078\" \/>\n<meta property=\"og:locale\" content=\"en_US\" \/>\n<meta property=\"og:type\" content=\"article\" \/>\n<meta property=\"og:title\" content=\"Selvi: HDP\u2019nin kapat\u0131lmas\u0131yla ilgili s\u00fcre\u00e7te ilk ad\u0131m 31 Mart&#039;ta at\u0131lacak, raport\u00f6r \u00e7al\u0131\u015fmalar\u0131n\u0131 s\u00fcrd\u00fcr\u00fcyor - Bati Ermenistan Ve Bati Ermenileri Sorunlari Ara\u015ftirmalar Merkezi\" \/>\n<meta property=\"og:description\" content=\"H\u00fcrriyet yazar\u0131\u00a0Abdulkadir Selvi, &#8220;HDP\u2019nin kapat\u0131lmas\u0131yla ilgili s\u00fcre\u00e7te ilk ad\u0131m 31 Mart \u00c7ar\u015famba g\u00fcn\u00fc at\u0131lacak. Anayasa Mahkemesi, HDP davas\u0131yla ilgili bir raport\u00f6r g\u00f6revlendirmi\u015fti. Raport\u00f6r \u00e7al\u0131\u015fmalar\u0131n\u0131 s\u00fcrd\u00fcr\u00fcyor. H\u00fcrriyet gazetesi yazar\u0131\u00a0Abdulkadir Selvi,\u00a0bug\u00fcnk\u00fc yaz\u0131s\u0131nda\u00a0&#8220;HDP\u2019nin kapat\u0131lmas\u0131yla ilgili s\u00fcre\u00e7te ilk ad\u0131m 31 Mart \u00c7ar\u015famba g\u00fcn\u00fc at\u0131lacak. Anayasa Mahkemesi, HDP davas\u0131yla ilgili bir raport\u00f6r g\u00f6revlendirmi\u015fti. Raport\u00f6r \u00e7al\u0131\u015fmalar\u0131n\u0131 s\u00fcrd\u00fcr\u00fcyor. Raport\u00f6r, a\u00e7\u0131lan davada kabul [&hellip;]\" \/>\n<meta property=\"og:url\" content=\"https:\/\/akunq.net\/tr\/?p=62078\" \/>\n<meta property=\"og:site_name\" content=\"Bati Ermenistan Ve Bati Ermenileri Sorunlari Ara\u015ftirmalar Merkezi\" \/>\n<meta property=\"article:published_time\" content=\"2021-03-26T08:24:00+00:00\" \/>\n<meta property=\"og:image\" content=\"https:\/\/akunq.net\/tr\/wp-content\/uploads\/sites\/6\/2021\/03\/HDP.png\" \/>\n\t<meta property=\"og:image:width\" content=\"259\" \/>\n\t<meta property=\"og:image:height\" content=\"194\" \/>\n\t<meta property=\"og:image:type\" content=\"image\/png\" \/>\n<meta name=\"author\" content=\"admin\" \/>\n<meta name=\"twitter:card\" content=\"summary_large_image\" \/>\n<meta name=\"twitter:label1\" content=\"Written by\" \/>\n\t<meta name=\"twitter:data1\" content=\"admin\" \/>\n\t<meta name=\"twitter:label2\" content=\"Est. reading time\" \/>\n\t<meta name=\"twitter:data2\" content=\"3 minutes\" \/>\n<script type=\"application\/ld+json\" class=\"yoast-schema-graph\">{\"@context\":\"https:\\\/\\\/schema.org\",\"@graph\":[{\"@type\":\"Article\",\"@id\":\"https:\\\/\\\/akunq.net\\\/tr\\\/?p=62078#article\",\"isPartOf\":{\"@id\":\"https:\\\/\\\/akunq.net\\\/tr\\\/?p=62078\"},\"author\":{\"name\":\"admin\",\"@id\":\"https:\\\/\\\/akunq.net\\\/tr\\\/#\\\/schema\\\/person\\\/096f1d38a12cce57fb855b485ed24c9e\"},\"headline\":\"Selvi: HDP\u2019nin kapat\u0131lmas\u0131yla ilgili s\u00fcre\u00e7te ilk ad\u0131m 31 Mart&#8217;ta at\u0131lacak, raport\u00f6r \u00e7al\u0131\u015fmalar\u0131n\u0131 s\u00fcrd\u00fcr\u00fcyor\",\"datePublished\":\"2021-03-26T08:24:00+00:00\",\"mainEntityOfPage\":{\"@id\":\"https:\\\/\\\/akunq.net\\\/tr\\\/?p=62078\"},\"wordCount\":625,\"commentCount\":0,\"image\":{\"@id\":\"https:\\\/\\\/akunq.net\\\/tr\\\/?p=62078#primaryimage\"},\"thumbnailUrl\":\"https:\\\/\\\/akunq.net\\\/tr\\\/wp-content\\\/uploads\\\/sites\\\/6\\\/2021\\\/03\\\/HDP.png\",\"articleSection\":[\"Haberler\"],\"inLanguage\":\"en-US\",\"potentialAction\":[{\"@type\":\"CommentAction\",\"name\":\"Comment\",\"target\":[\"https:\\\/\\\/akunq.net\\\/tr\\\/?p=62078#respond\"]}]},{\"@type\":\"WebPage\",\"@id\":\"https:\\\/\\\/akunq.net\\\/tr\\\/?p=62078\",\"url\":\"https:\\\/\\\/akunq.net\\\/tr\\\/?p=62078\",\"name\":\"Selvi: HDP\u2019nin kapat\u0131lmas\u0131yla ilgili s\u00fcre\u00e7te ilk ad\u0131m 31 Mart'ta at\u0131lacak, raport\u00f6r \u00e7al\u0131\u015fmalar\u0131n\u0131 s\u00fcrd\u00fcr\u00fcyor - Bati Ermenistan Ve Bati Ermenileri Sorunlari Ara\u015ftirmalar Merkezi\",\"isPartOf\":{\"@id\":\"https:\\\/\\\/akunq.net\\\/tr\\\/#website\"},\"primaryImageOfPage\":{\"@id\":\"https:\\\/\\\/akunq.net\\\/tr\\\/?p=62078#primaryimage\"},\"image\":{\"@id\":\"https:\\\/\\\/akunq.net\\\/tr\\\/?p=62078#primaryimage\"},\"thumbnailUrl\":\"https:\\\/\\\/akunq.net\\\/tr\\\/wp-content\\\/uploads\\\/sites\\\/6\\\/2021\\\/03\\\/HDP.png\",\"datePublished\":\"2021-03-26T08:24:00+00:00\",\"author\":{\"@id\":\"https:\\\/\\\/akunq.net\\\/tr\\\/#\\\/schema\\\/person\\\/096f1d38a12cce57fb855b485ed24c9e\"},\"breadcrumb\":{\"@id\":\"https:\\\/\\\/akunq.net\\\/tr\\\/?p=62078#breadcrumb\"},\"inLanguage\":\"en-US\",\"potentialAction\":[{\"@type\":\"ReadAction\",\"target\":[\"https:\\\/\\\/akunq.net\\\/tr\\\/?p=62078\"]}]},{\"@type\":\"ImageObject\",\"inLanguage\":\"en-US\",\"@id\":\"https:\\\/\\\/akunq.net\\\/tr\\\/?p=62078#primaryimage\",\"url\":\"https:\\\/\\\/akunq.net\\\/tr\\\/wp-content\\\/uploads\\\/sites\\\/6\\\/2021\\\/03\\\/HDP.png\",\"contentUrl\":\"https:\\\/\\\/akunq.net\\\/tr\\\/wp-content\\\/uploads\\\/sites\\\/6\\\/2021\\\/03\\\/HDP.png\",\"width\":259,\"height\":194},{\"@type\":\"BreadcrumbList\",\"@id\":\"https:\\\/\\\/akunq.net\\\/tr\\\/?p=62078#breadcrumb\",\"itemListElement\":[{\"@type\":\"ListItem\",\"position\":1,\"name\":\"Home\",\"item\":\"https:\\\/\\\/akunq.net\\\/tr\"},{\"@type\":\"ListItem\",\"position\":2,\"name\":\"Selvi: HDP\u2019nin kapat\u0131lmas\u0131yla ilgili s\u00fcre\u00e7te ilk ad\u0131m 31 Mart&#8217;ta at\u0131lacak, raport\u00f6r \u00e7al\u0131\u015fmalar\u0131n\u0131 s\u00fcrd\u00fcr\u00fcyor\"}]},{\"@type\":\"WebSite\",\"@id\":\"https:\\\/\\\/akunq.net\\\/tr\\\/#website\",\"url\":\"https:\\\/\\\/akunq.net\\\/tr\\\/\",\"name\":\"Bati Ermenistan Ve Bati Ermenileri Sorunlari Ara\u015ftirmalar Merkezi\",\"description\":\"\",\"potentialAction\":[{\"@type\":\"SearchAction\",\"target\":{\"@type\":\"EntryPoint\",\"urlTemplate\":\"https:\\\/\\\/akunq.net\\\/tr\\\/?s={search_term_string}\"},\"query-input\":{\"@type\":\"PropertyValueSpecification\",\"valueRequired\":true,\"valueName\":\"search_term_string\"}}],\"inLanguage\":\"en-US\"},{\"@type\":\"Person\",\"@id\":\"https:\\\/\\\/akunq.net\\\/tr\\\/#\\\/schema\\\/person\\\/096f1d38a12cce57fb855b485ed24c9e\",\"name\":\"admin\",\"url\":\"https:\\\/\\\/akunq.net\\\/tr\\\/?author=7\"}]}<\/script>\n<!-- \/ Yoast SEO plugin. -->","yoast_head_json":{"title":"Selvi: HDP\u2019nin kapat\u0131lmas\u0131yla ilgili s\u00fcre\u00e7te ilk ad\u0131m 31 Mart'ta at\u0131lacak, raport\u00f6r \u00e7al\u0131\u015fmalar\u0131n\u0131 s\u00fcrd\u00fcr\u00fcyor - Bati Ermenistan Ve Bati Ermenileri Sorunlari Ara\u015ftirmalar Merkezi","robots":{"index":"index","follow":"follow","max-snippet":"max-snippet:-1","max-image-preview":"max-image-preview:large","max-video-preview":"max-video-preview:-1"},"canonical":"https:\/\/akunq.net\/tr\/?p=62078","og_locale":"en_US","og_type":"article","og_title":"Selvi: HDP\u2019nin kapat\u0131lmas\u0131yla ilgili s\u00fcre\u00e7te ilk ad\u0131m 31 Mart'ta at\u0131lacak, raport\u00f6r \u00e7al\u0131\u015fmalar\u0131n\u0131 s\u00fcrd\u00fcr\u00fcyor - Bati Ermenistan Ve Bati Ermenileri Sorunlari Ara\u015ftirmalar Merkezi","og_description":"H\u00fcrriyet yazar\u0131\u00a0Abdulkadir Selvi, &#8220;HDP\u2019nin kapat\u0131lmas\u0131yla ilgili s\u00fcre\u00e7te ilk ad\u0131m 31 Mart \u00c7ar\u015famba g\u00fcn\u00fc at\u0131lacak. Anayasa Mahkemesi, HDP davas\u0131yla ilgili bir raport\u00f6r g\u00f6revlendirmi\u015fti. Raport\u00f6r \u00e7al\u0131\u015fmalar\u0131n\u0131 s\u00fcrd\u00fcr\u00fcyor. H\u00fcrriyet gazetesi yazar\u0131\u00a0Abdulkadir Selvi,\u00a0bug\u00fcnk\u00fc yaz\u0131s\u0131nda\u00a0&#8220;HDP\u2019nin kapat\u0131lmas\u0131yla ilgili s\u00fcre\u00e7te ilk ad\u0131m 31 Mart \u00c7ar\u015famba g\u00fcn\u00fc at\u0131lacak. Anayasa Mahkemesi, HDP davas\u0131yla ilgili bir raport\u00f6r g\u00f6revlendirmi\u015fti. Raport\u00f6r \u00e7al\u0131\u015fmalar\u0131n\u0131 s\u00fcrd\u00fcr\u00fcyor. Raport\u00f6r, a\u00e7\u0131lan davada kabul [&hellip;]","og_url":"https:\/\/akunq.net\/tr\/?p=62078","og_site_name":"Bati Ermenistan Ve Bati Ermenileri Sorunlari Ara\u015ftirmalar Merkezi","article_published_time":"2021-03-26T08:24:00+00:00","og_image":[{"width":259,"height":194,"url":"https:\/\/akunq.net\/tr\/wp-content\/uploads\/sites\/6\/2021\/03\/HDP.png","type":"image\/png"}],"author":"admin","twitter_card":"summary_large_image","twitter_misc":{"Written by":"admin","Est. reading time":"3 minutes"},"schema":{"@context":"https:\/\/schema.org","@graph":[{"@type":"Article","@id":"https:\/\/akunq.net\/tr\/?p=62078#article","isPartOf":{"@id":"https:\/\/akunq.net\/tr\/?p=62078"},"author":{"name":"admin","@id":"https:\/\/akunq.net\/tr\/#\/schema\/person\/096f1d38a12cce57fb855b485ed24c9e"},"headline":"Selvi: HDP\u2019nin kapat\u0131lmas\u0131yla ilgili s\u00fcre\u00e7te ilk ad\u0131m 31 Mart&#8217;ta at\u0131lacak, raport\u00f6r \u00e7al\u0131\u015fmalar\u0131n\u0131 s\u00fcrd\u00fcr\u00fcyor","datePublished":"2021-03-26T08:24:00+00:00","mainEntityOfPage":{"@id":"https:\/\/akunq.net\/tr\/?p=62078"},"wordCount":625,"commentCount":0,"image":{"@id":"https:\/\/akunq.net\/tr\/?p=62078#primaryimage"},"thumbnailUrl":"https:\/\/akunq.net\/tr\/wp-content\/uploads\/sites\/6\/2021\/03\/HDP.png","articleSection":["Haberler"],"inLanguage":"en-US","potentialAction":[{"@type":"CommentAction","name":"Comment","target":["https:\/\/akunq.net\/tr\/?p=62078#respond"]}]},{"@type":"WebPage","@id":"https:\/\/akunq.net\/tr\/?p=62078","url":"https:\/\/akunq.net\/tr\/?p=62078","name":"Selvi: HDP\u2019nin kapat\u0131lmas\u0131yla ilgili s\u00fcre\u00e7te ilk ad\u0131m 31 Mart'ta at\u0131lacak, raport\u00f6r \u00e7al\u0131\u015fmalar\u0131n\u0131 s\u00fcrd\u00fcr\u00fcyor - Bati Ermenistan Ve Bati Ermenileri Sorunlari Ara\u015ftirmalar Merkezi","isPartOf":{"@id":"https:\/\/akunq.net\/tr\/#website"},"primaryImageOfPage":{"@id":"https:\/\/akunq.net\/tr\/?p=62078#primaryimage"},"image":{"@id":"https:\/\/akunq.net\/tr\/?p=62078#primaryimage"},"thumbnailUrl":"https:\/\/akunq.net\/tr\/wp-content\/uploads\/sites\/6\/2021\/03\/HDP.png","datePublished":"2021-03-26T08:24:00+00:00","author":{"@id":"https:\/\/akunq.net\/tr\/#\/schema\/person\/096f1d38a12cce57fb855b485ed24c9e"},"breadcrumb":{"@id":"https:\/\/akunq.net\/tr\/?p=62078#breadcrumb"},"inLanguage":"en-US","potentialAction":[{"@type":"ReadAction","target":["https:\/\/akunq.net\/tr\/?p=62078"]}]},{"@type":"ImageObject","inLanguage":"en-US","@id":"https:\/\/akunq.net\/tr\/?p=62078#primaryimage","url":"https:\/\/akunq.net\/tr\/wp-content\/uploads\/sites\/6\/2021\/03\/HDP.png","contentUrl":"https:\/\/akunq.net\/tr\/wp-content\/uploads\/sites\/6\/2021\/03\/HDP.png","width":259,"height":194},{"@type":"BreadcrumbList","@id":"https:\/\/akunq.net\/tr\/?p=62078#breadcrumb","itemListElement":[{"@type":"ListItem","position":1,"name":"Home","item":"https:\/\/akunq.net\/tr"},{"@type":"ListItem","position":2,"name":"Selvi: HDP\u2019nin kapat\u0131lmas\u0131yla ilgili s\u00fcre\u00e7te ilk ad\u0131m 31 Mart&#8217;ta at\u0131lacak, raport\u00f6r \u00e7al\u0131\u015fmalar\u0131n\u0131 s\u00fcrd\u00fcr\u00fcyor"}]},{"@type":"WebSite","@id":"https:\/\/akunq.net\/tr\/#website","url":"https:\/\/akunq.net\/tr\/","name":"Bati Ermenistan Ve Bati Ermenileri Sorunlari Ara\u015ftirmalar Merkezi","description":"","potentialAction":[{"@type":"SearchAction","target":{"@type":"EntryPoint","urlTemplate":"https:\/\/akunq.net\/tr\/?s={search_term_string}"},"query-input":{"@type":"PropertyValueSpecification","valueRequired":true,"valueName":"search_term_string"}}],"inLanguage":"en-US"},{"@type":"Person","@id":"https:\/\/akunq.net\/tr\/#\/schema\/person\/096f1d38a12cce57fb855b485ed24c9e","name":"admin","url":"https:\/\/akunq.net\/tr\/?author=7"}]}},"_links":{"self":[{"href":"https:\/\/akunq.net\/tr\/index.php?rest_route=\/wp\/v2\/posts\/62078","targetHints":{"allow":["GET"]}}],"collection":[{"href":"https:\/\/akunq.net\/tr\/index.php?rest_route=\/wp\/v2\/posts"}],"about":[{"href":"https:\/\/akunq.net\/tr\/index.php?rest_route=\/wp\/v2\/types\/post"}],"author":[{"embeddable":true,"href":"https:\/\/akunq.net\/tr\/index.php?rest_route=\/wp\/v2\/users\/7"}],"replies":[{"embeddable":true,"href":"https:\/\/akunq.net\/tr\/index.php?rest_route=%2Fwp%2Fv2%2Fcomments&post=62078"}],"version-history":[{"count":1,"href":"https:\/\/akunq.net\/tr\/index.php?rest_route=\/wp\/v2\/posts\/62078\/revisions"}],"predecessor-version":[{"id":62080,"href":"https:\/\/akunq.net\/tr\/index.php?rest_route=\/wp\/v2\/posts\/62078\/revisions\/62080"}],"wp:featuredmedia":[{"embeddable":true,"href":"https:\/\/akunq.net\/tr\/index.php?rest_route=\/wp\/v2\/media\/62079"}],"wp:attachment":[{"href":"https:\/\/akunq.net\/tr\/index.php?rest_route=%2Fwp%2Fv2%2Fmedia&parent=62078"}],"wp:term":[{"taxonomy":"category","embeddable":true,"href":"https:\/\/akunq.net\/tr\/index.php?rest_route=%2Fwp%2Fv2%2Fcategories&post=62078"},{"taxonomy":"post_tag","embeddable":true,"href":"https:\/\/akunq.net\/tr\/index.php?rest_route=%2Fwp%2Fv2%2Ftags&post=62078"}],"curies":[{"name":"wp","href":"https:\/\/api.w.org\/{rel}","templated":true}]}}