{"id":62072,"date":"2021-03-26T02:32:02","date_gmt":"2021-03-26T07:32:02","guid":{"rendered":"https:\/\/akunq.net\/tr\/?p=62072"},"modified":"2021-03-26T02:32:02","modified_gmt":"2021-03-26T07:32:02","slug":"14-yilinda-14-soruda-hrant-dink-cinayeti-davasi","status":"publish","type":"post","link":"https:\/\/akunq.net\/tr\/?p=62072","title":{"rendered":"14. y\u0131l\u0131nda 14 soruda Hrant Dink cinayeti davas\u0131"},"content":{"rendered":"<p><img loading=\"lazy\" decoding=\"async\" class=\"aligncenter size-medium wp-image-62073\" src=\"https:\/\/akunq.net\/tr\/wp-content\/uploads\/2021\/03\/Hrant-Dink-4-360x188.jpg\" alt=\"\" width=\"360\" height=\"188\" srcset=\"https:\/\/akunq.net\/tr\/wp-content\/uploads\/sites\/6\/2021\/03\/Hrant-Dink-4-360x188.jpg 360w, https:\/\/akunq.net\/tr\/wp-content\/uploads\/sites\/6\/2021\/03\/Hrant-Dink-4-768x402.jpg 768w, https:\/\/akunq.net\/tr\/wp-content\/uploads\/sites\/6\/2021\/03\/Hrant-Dink-4-560x293.jpg 560w, https:\/\/akunq.net\/tr\/wp-content\/uploads\/sites\/6\/2021\/03\/Hrant-Dink-4-260x136.jpg 260w, https:\/\/akunq.net\/tr\/wp-content\/uploads\/sites\/6\/2021\/03\/Hrant-Dink-4-160x84.jpg 160w, https:\/\/akunq.net\/tr\/wp-content\/uploads\/sites\/6\/2021\/03\/Hrant-Dink-4.jpg 1200w\" sizes=\"auto, (max-width: 360px) 100vw, 360px\" \/><\/p>\n<p><em><strong>Gazeteci Hrant Dink cinayetine ili\u015fkin a\u00e7\u0131lan davada 26 Mart Cuma g\u00fcn\u00fc karar a\u00e7\u0131klanmas\u0131 bekleniyor, ancak adalete hen\u00fcz \u00e7ok uza\u011f\u0131z.<\/strong><\/em><\/p>\n<p><strong>Meltem AKYOL<\/strong><\/p>\n<p>Agos Gazetesi Genel Yay\u0131n Y\u00f6netmeni Hrant Dink 14 y\u0131l \u00f6nce, \u0130stanbul\u2019un en i\u015flek caddelerinden birinde, Agos gazetesinin \u00f6n\u00fcnde, silahl\u0131 sald\u0131r\u0131ya u\u011frad\u0131, hayat\u0131n\u0131 kaybetti. Zaten uzun s\u00fcredir hedefteydi, cinayetin ta\u015flar\u0131 ad\u0131m ad\u0131m d\u00f6\u015fenmi\u015fti. Tetik\u00e7i ise o d\u00f6nem 17 ya\u015f\u0131nda olan Og\u00fcn Samast\u2019t\u0131.<\/p>\n<p>14 y\u0131lda yarg\u0131lananlar konjonkt\u00fcre g\u00f6re de\u011fi\u015fti: \u00d6nce \u2018hassas milliyet\u00e7i gen\u00e7ler\u2019 tezi at\u0131ld\u0131 ortaya, ard\u0131ndan \u2018Ergenekon \u00f6rg\u00fct\u00fc\u2019 girdi devreye. Bug\u00fcnlerde sorumlu \u2018Fethullah G\u00fclen Cemaati, yarg\u0131lamadaki ad\u0131yla \u2018FET\u00d6\u2019.<\/p>\n<p>Ve bug\u00fcn sona gelindi. Yar\u0131n (26 Mart) g\u00f6r\u00fclecek duru\u015fmada Dink\u2019in \u00f6l\u00fcm\u00fcnde ihmali ve sorumlulu\u011fu olmakla su\u00e7lanan 6\u2019s\u0131 tutuklu, 13\u2019\u00fc firari 76 kamu g\u00f6revlisi hakk\u0131nda karar \u00e7\u0131kmas\u0131 bekleniyor.<\/p>\n<p>Karar ne olursa olsun davada daha gidilecek \u00e7ok yol var. Yani \u00e7\u0131kacak karar yarg\u0131laman\u0131n sonu de\u011fil, yeni bir a\u015faman\u0131n ba\u015flang\u0131c\u0131 olacak.<\/p>\n<p>Neden b\u00f6yle s\u00f6yledi\u011fimizin yan\u0131t\u0131 ise 14 y\u0131ll\u0131k dava s\u00fcrecinde gizli.<\/p>\n<p>Yarg\u0131 s\u00fcrecinin 14 y\u0131ll\u0131k seyrini davay\u0131 kamu g\u00f6revlilerinin yarg\u0131lanmaya ba\u015flad\u0131\u011f\u0131 2016\u2019dan itibaren takip eden Avukat H\u00fclya Deveci ile 14 soruda derledik.<\/p>\n<p><strong>1- HRANT D\u0130NK\u2019\u0130 \u00d6L\u00dcME G\u00d6T\u00dcREN S\u00dcRE\u00c7\u2026 NEDEN HEDEF OLDU, YARGILANDI\u011eI DAVALARDA NELER YA\u015eANDI?<\/strong><\/p>\n<p>T\u00fcrkiye\u2019de Ermenice ve T\u00fcrk\u00e7e olarak haftal\u0131k yay\u0131mlanan Agos Gazetesinin Kurucusu ve Genel Yay\u0131n Y\u00f6netmeni Hrant Dink\u2019in \u00f6ld\u00fcr\u00fclmesinin \u00fczerinden 14 y\u0131l ge\u00e7ti.<\/p>\n<p>Hrant Dink, Ermeni meselesini, Ermeni toplumunun ve kurumlar\u0131n\u0131n ya\u015fad\u0131\u011f\u0131 sorunlar\u0131 etkili bir \u00fcslup ile tart\u0131\u015fmaya a\u00e7m\u0131\u015ft\u0131. Bu nedenle \u00e7e\u015fitli d\u00f6nemlerde hedef olmu\u015ftu.<\/p>\n<p>Agos gazetesinin 6 \u015eubat 2004 tarihli n\u00fcshas\u0131nda Sabiha G\u00f6k\u00e7en\u2019in yetimhaneden al\u0131nm\u0131\u015f bir Ermeni oldu\u011funa ili\u015fkin iddiay\u0131 i\u00e7eren bir haber yap\u0131ld\u0131. Haberle ilgili ba\u015flarda olumlu veya olumsuz herhangi bir tepki olmad\u0131.<\/p>\n<p>Haberin Agos\u2019ta yay\u0131mlanmas\u0131ndan 15 g\u00fcn sonra, 21 \u015eubat 2004\u2019te, H\u00fcrriyet gazetesinde bir haber yay\u0131mland\u0131. Agos\u2019taki yaz\u0131ya at\u0131f yap\u0131lan ve \u201cSabiha G\u00f6k\u00e7en mi Hatun Sebilciyan m\u0131\u201d ba\u015fl\u0131\u011f\u0131 ta\u015f\u0131yan haber, \u201cSabiha G\u00f6k\u00e7en\u2019in 80 Y\u0131ll\u0131k S\u0131rr\u0131\u201d ba\u015fl\u0131\u011f\u0131 ile gazetenin man\u015fetine ta\u015f\u0131nd\u0131. Hrant Dink\u2019in ifadeleri ile \u201cH\u00fcrriyet\u2019te man\u015fetten verilince olanlar oldu ve T\u00fcrkiye\u2019de yer yerinden oynad\u0131\u201d.<\/p>\n<p>H\u00fcrriyet\u2019in haberinden bir g\u00fcn sonra, 22 \u015eubat 2004\u2019te, Genelkurmay Ba\u015fkanl\u0131\u011f\u0131 Hrant Dink\u2019e y\u00f6nelik olduk\u00e7a a\u011f\u0131r ifadeler i\u00e7eren bir a\u00e7\u0131klama yay\u0131mlad\u0131. A\u00e7\u0131klaman\u0131n yan\u0131 s\u0131ra Genelkurmay Ba\u015fkanl\u0131\u011f\u0131nca M\u0130T M\u00fcste\u015far\u0131 \u015eenkal Atasagun ile g\u00f6r\u00fc\u015f\u00fcld\u00fc ve Hrant Dink ile g\u00f6r\u00fc\u015f\u00fclmesi istendi. M\u0130T M\u00fcste\u015far\u0131 \u015eenkal Atasagun, M\u0130T \u0130stanbul B\u00f6lge Ba\u015fkan\u0131 H\u00fcseyin Kubilay G\u00fcnay\u2019\u0131 arayarak Hrant Dink ile g\u00f6r\u00fc\u015f\u00fclmesi talimat\u0131n\u0131 verdi. H\u00fcseyin Kubilay G\u00fcnay ile \u0130stanbul Valisi Muammer G\u00fcler de Hrant Dink ile g\u00f6r\u00fc\u015fmenin \u0130stanbul Valili\u011finde yap\u0131lmas\u0131n\u0131 karar verdi.<\/p>\n<p>\u0130stanbul Valisi Muammer G\u00fcler bu g\u00f6r\u00fc\u015fme ile ilgili Yard\u0131mc\u0131s\u0131 Ergun G\u00fcng\u00f6r\u2019\u00fc, M\u0130T \u0130stanbul B\u00f6lge Ba\u015fkan\u0131 H\u00fcseyin Kubilay G\u00fcnay da Ter\u00f6rden Sorumlu Daire Ba\u015fkan\u0131 \u00d6zel Y\u0131lmaz ile Memur Handan Sel\u00e7uk\u2019u g\u00f6revlendirdi.<\/p>\n<p>Hrant Dink, 24 \u015eubat 2004\u2019te, \u0130stanbul Valili\u011finde Ergun G\u00fcng\u00f6r, \u00d6zel Y\u0131lmaz ve Handan Sel\u00e7uk ile g\u00f6r\u00fc\u015ft\u00fc. Ancak g\u00f6r\u00fc\u015fmedeki M\u0130T g\u00f6revlileri Ergun G\u00fcng\u00f6r\u2019\u00fcn yak\u0131nlar\u0131 olarak tan\u0131t\u0131ld\u0131.<\/p>\n<p>Hrant Dink 12 Ocak 2007 tarihinde yazd\u0131\u011f\u0131 \u2018Neden hedef se\u00e7ildim?\u2019 ba\u015fl\u0131kl\u0131 yaz\u0131s\u0131nda o g\u00f6r\u00fc\u015fme i\u00e7in, \u201cKonu\u015fmalar\u0131n i\u00e7eri\u011finden, beni hangi ama\u00e7la oraya \u00e7a\u011f\u0131rd\u0131klar\u0131 belliydi. Haddimi bilmeliydim\u2026 Dikkatli olmal\u0131yd\u0131m\u2026 Yoksa iyi olmazd\u0131!\u201d diyecekti. Bu \u2018had bildirme\u2019 g\u00f6r\u00fc\u015fmesini su\u00e7 duyurular\u0131 izledi; birtak\u0131m ki\u015fi ve kurulu\u015flar tek tip dilek\u00e7eler verdi, 2 Mart 2004 tarihinde ise \u0130stanbul \u0130l Emniyet M\u00fcd\u00fcrl\u00fc\u011f\u00fc, G\u00fcvenlik \u015eube M\u00fcd\u00fcr\u00fc imzas\u0131 ile Hrant Dink\u2019in 13 \u015eubat 2004 tarihli yaz\u0131s\u0131n\u0131n \u015ei\u015fli Cumhuriyet Ba\u015fsavc\u0131l\u0131\u011f\u0131nca \u2018tetkik\u2019 edilmesini talep etti.<\/p>\n<p>26 \u015eubat 2004 tarihinde Levent Temiz adl\u0131 ki\u015fi \u00f6nderli\u011finde bir grup Agos gazetesi \u00f6n\u00fcnde eylem yapt\u0131. \u201cYa sev, ya terk et\u201d, \u201cBir gece ans\u0131z\u0131n gelebiliriz\u201d sloganlar\u0131 e\u015fli\u011finde yap\u0131lan a\u00e7\u0131klamada \u201cHrant Dink, bundan sonra b\u00fct\u00fcn \u00f6fkemizin ve nefretimizin hedefidir, hedefimizdir\u201d deniyordu.<\/p>\n<p>3 Mart 2004\u2019te ise bu kez kendilerini \u201cAs\u0131ls\u0131z Ermeni \u0130ddialar\u0131yla M\u00fccadele Federasyonu\u201d olarak adland\u0131ran bir grup Agos \u00f6n\u00fcndeydi.<\/p>\n<p>Ve 16 Nisan 2004\u2019te Hrant Dink ve Karin Karaka\u015fl\u0131 hakk\u0131nda iddianame d\u00fczenlendi, su\u00e7lama \u201cT\u00fcrkl\u00fc\u011f\u00fc a\u015fa\u011f\u0131lama\u201d iddias\u0131yd\u0131.<\/p>\n<p>\u015ei\u015fli 2. Asliye Ceza Mahkemesinde 7 Ekim 2005\u2019de g\u00f6r\u00fclen davan\u0131n karar duru\u015fmas\u0131nda Hrant Dink hakk\u0131nda \u201cmahkumiyet\u201d karar\u0131 verildi, Yarg\u0131tay 9.Ceza Dairesi de bu karar\u0131, 1 May\u0131s 2006\u2019da, onad\u0131. Yarg\u0131tay Cumhuriyet Savc\u0131s\u0131 \u00d6mer Faruk Emina\u011fao\u011flu onama karar\u0131na itiraz etti ancak itiraz\u0131 reddedildi.<\/p>\n<p>Hrant Dink hakk\u0131nda bir ba\u015fka dava ise 14 Ekim 2005\u2019te a\u00e7\u0131ld\u0131, bu kez su\u00e7lama \u201cAdil yarg\u0131lamay\u0131 etkilemeye te\u015febb\u00fcs\u201d su\u00e7lamas\u0131yd\u0131.<\/p>\n<p>Bununla da bitmedi. Hrant Dink 14 Temmuz 2006\u2019da Reuters Haber Ajans\u0131na \u201cElbette bu bir soyk\u0131r\u0131md\u0131r diyorum, \u00e7\u00fcnk\u00fc sonu\u00e7 kendisini tan\u0131ml\u0131yor ve ad\u0131n\u0131 koyuyor. 4 bin y\u0131ld\u0131r bu topraklarda ya\u015fayan halk\u0131n bu olanlar ile birlikte art\u0131k ortadan yok oldu\u011funu g\u00f6r\u00fcyoruz\u201d \u015feklinde bir g\u00f6r\u00fc\u015f verdi, Agos gazetesi de bunu haberle\u015ftirdi. Bu a\u00e7\u0131klama ve haber nedeni ile Hrant Dink ile Arat Dink ve Sarkis Seropyan hakk\u0131nda 2006 y\u0131l\u0131 eyl\u00fcl ay\u0131nda \u015ei\u015fli Cumhuriyet Ba\u015fsavc\u0131l\u0131\u011f\u0131 taraf\u0131ndan yeni bir dava daha a\u00e7\u0131ld\u0131. Bu defa \u201cT\u00fcrkl\u00fc\u011f\u00fc a\u015fa\u011f\u0131lama\u201d su\u00e7lamas\u0131 y\u00f6neltiliyordu.<\/p>\n<p>A\u00e7\u0131lan bu davalar\u0131n hemen hepsinde adliye binalar\u0131 \u00f6n\u00fcnde Hrant Dink\u2019e y\u00f6nelik eylemler yap\u0131ld\u0131, pankartlar a\u00e7\u0131ld\u0131, hatta adliye i\u00e7erisinde Hrant Dink\u2019e y\u00f6nelik fiziki sald\u0131r\u0131 giri\u015fimleri bile ya\u015fand\u0131.<\/p>\n<p>Bu s\u00fcre boyunca Hrant Dink aleyhine bir\u00e7ok haber yap\u0131ld\u0131 ve yaz\u0131 yaz\u0131ld\u0131, tehditler ise hi\u00e7 bitmedi. \u00d6yle ki Bursa\u2019dan Ahmet Demir\u2019 ad\u0131yla Agos gazetesine g\u00f6nderilen mektupta \u201cA\u00e7\u0131k iland\u0131r: Hrant Dink, o\u011flunu, seni ve Sarkis Seropyan\u2019\u0131 bir daha hi\u00e7 konu\u015famamak \u00fczere susturaca\u011f\u0131z. \u00d6nce o\u011flunu. Cesedini Ankara \u00e7\u0131k\u0131\u015f\u0131ndaki jandarma b\u00f6lgelerinin birinden alacaks\u0131n. Gestapo T\u00fcrk\u201d denilerek a\u00e7\u0131k\u00e7a \u00f6l\u00fcm tehditleri yap\u0131l\u0131yordu. Hrant Dink\u2019in avukatlar\u0131 2 \u015eubat 2006\u2019de mektupla ilgili su\u00e7 duyurusunda bulundu.<\/p>\n<p>Hrant Dink, \u201caz\u0131nl\u0131k-misyonerlik-vatana ihanet\u201d ve \u201cT\u00fcrkl\u00fc\u011f\u00fc a\u015fa\u011f\u0131lama\u201d su\u00e7lamas\u0131 ile yarg\u0131land\u0131\u011f\u0131 davalardan h\u00fck\u00fcm giydikten sonra \u201ctescilli T\u00fcrk d\u00fc\u015fman\u0131\u201d gibi terimlerle an\u0131lmaya ba\u015fland\u0131. 2002-2007 y\u0131llar\u0131 aras\u0131nda kurulan ulusalc\u0131-a\u015f\u0131r\u0131 milliyet\u00e7i dernek ve olu\u015fumlar\u0131n, do\u011frudan ve\/veya dolayl\u0131 hedefi oldu.<\/p>\n<p>Ayr\u0131ca 2004\u2019ten Hrant Dink\u2019in \u00f6ld\u00fcr\u00fcld\u00fc\u011f\u00fc 19 Ocak 2007\u2019ye kadar Ermeni ve az\u0131nl\u0131klar meselesi ile ilgili yap\u0131lan etkinliklere y\u00f6nelik sald\u0131r\u0131lar ya\u015fand\u0131, 5 \u015eubat 2006\u2019da Trabzon \u0130talyan Katolik Kilisesi Rahibi Andrea Santoro ayin s\u0131ras\u0131nda \u00f6ld\u00fcr\u00fcld\u00fc.<\/p>\n<p>2005\u2019ten itibaren Orhan Pamuk, Hasan Cemal, Murat Belge, \u0130smet Berkan, Elif \u015eafak, Ayd\u0131n Engin ve yan\u0131 s\u0131ra birka\u00e7 ayd\u0131n hakk\u0131nda davalar a\u00e7\u0131lm\u0131\u015ft\u0131. \u00d6yle ki Orhan Pamuk\u2019un \u201cT\u00fcrkl\u00fc\u011fe hakaret\u201d su\u00e7lamas\u0131yla yarg\u0131land\u0131\u011f\u0131 davada, g\u00f6zlemciler darbedilmi\u015f, Orhan Pamuk \u00e7evik kuvvet korumas\u0131 alt\u0131nda ancak adliye binas\u0131ndan ayr\u0131labilmi\u015f, bindi\u011fi araca sald\u0131r\u0131lm\u0131\u015ft\u0131. \u201cT\u00fcrk milleti Orhan Pamuk\u2019tan hesap soracak\u201d sloganlar\u0131 atanlar, duru\u015fmay\u0131 izlemek \u00fczere gelen Hrant Dink\u2019i de hedef alarak \u201cSen de atalar\u0131n gibi hainsin\u201d diyordu.<\/p>\n<p>Birbiri ard\u0131na ya\u015fanan bu geli\u015fmelerden sonra \u201cVe i\u015fte yine u\u00e7urumun k\u0131y\u0131s\u0131ndayd\u0131m\u201d diye yaz\u0131yordu Hrant Dink, 12 Ocak 2007\u2019de. Ve ekliyordu: \u201cPe\u015fimde tekrar birileri vard\u0131. Onlar\u0131 seziyordum. Ve onlar\u0131n Kerin\u00e7siz ekibiyle s\u0131n\u0131rl\u0131 ve salt onlardan olu\u015facak denli s\u0131radan ve g\u00f6r\u00fcn\u00fcr olmad\u0131klar\u0131n\u0131 \u00e7ok iyi biliyordum.\u201d<\/p>\n<p>Yaz\u0131dan bir hafta sonra, 19 Ocak 2007 tarihinde, \u0130stanbul\u2019un en i\u015flek caddelerinden birinde, Agos\u2019un \u00f6n\u00fcnde silahl\u0131 sald\u0131r\u0131ya u\u011frad\u0131, hayat\u0131n\u0131 kaybetti.<\/p>\n<p><strong>2- TET\u0130K\u00c7\u0130 OG\u00dcN SAMAST NASIL YAKALANDI?<\/strong><\/p>\n<p>Cinayetten sonra, Emniyet g\u00f6revlileri hen\u00fcz katilin kimli\u011fini tespit edememi\u015fken, 20 Ocak 2007\u2019de, yani Hrant Dink\u2019in \u00f6ld\u00fcr\u00fclmesinin hemen ertesi g\u00fcn\u00fcnde, \u00f6\u011fleden sonra Og\u00fcn Samast\u2019\u0131n babas\u0131 Trabzon Emniyet M\u00fcd\u00fcrl\u00fc\u011f\u00fcne giderek, televizyonlarda katil olarak g\u00f6sterilen ki\u015finin o\u011flu Og\u00fcn Samast oldu\u011funu s\u00f6yledi! Yine ayn\u0131 g\u00fcn saat 15.05\u2019te Trabzon \u0130l Jandarma Komutanl\u0131\u011f\u0131 ihbar hatt\u0131n\u0131 arayan bir kad\u0131n, katilin Og\u00fcn Samast oldu\u011funa dair ihbarda bulundu.<\/p>\n<p>17 ya\u015f\u0131ndaki Samast suikasttan 34 saat sonra Trabzon\u2019a gitmek \u00fczereyken Samsun Otogar\u0131\u2019nda g\u00f6zalt\u0131na al\u0131nd\u0131. Sorgusunda suikast\u0131 Yasin Hayal\u2019in talimat\u0131 ile i\u015fledi\u011fini s\u00f6yledi.<\/p>\n<p>Og\u00fcn Samast\u2019\u0131n yakaland\u0131\u011f\u0131 saatlerde Yasin Hayal, zaten Trabzon Emniyet M\u00fcd\u00fcrl\u00fc\u011f\u00fcnde g\u00f6zalt\u0131nda idi. Zira Hayal, Trabzon emniyetinin yak\u0131ndan bildi\u011fi bir isimdi. Yasin Hayal 2004 y\u0131l\u0131nda Trabzon\u2019daki McDonald\u2019s \u015fubesine yap\u0131lan ve 6 ki\u015finin yaraland\u0131\u011f\u0131 bombal\u0131 sald\u0131r\u0131n\u0131n failiydi.<\/p>\n<p>Hrant Dink cinayetinin bir ba\u015fka azmettiricisi Erhan Tuncel\u2019di. Polis Tuncel\u2019i de yak\u0131ndan tan\u0131yordu. Ba\u015fbakanl\u0131k Tefti\u015f Kurulu raporuna g\u00f6re, Yasin Hayal McDonald\u2019s sald\u0131r\u0131s\u0131n\u0131 Erhan Tuncel\u2019le birlikte organize etmi\u015fti.<\/p>\n<p>Tuncel\u2019le ilgili bilgi bununla da s\u0131n\u0131rl\u0131 de\u011fildi. \u00d6yle ki g\u00f6zalt\u0131na al\u0131nan Erhan Tuncel\u2019in, Trabzon \u0130l Emniyet M\u00fcd\u00fcrl\u00fc\u011f\u00fcne ba\u011fl\u0131 \u00e7al\u0131\u015fan bir \u2018ajan\u2019 oldu\u011fu ortaya \u00e7\u0131kacakt\u0131.<\/p>\n<p><strong>3 \u2013 HRANT D\u0130NK C\u0130NAYET\u0130NDEN \u00d6NCE DEVLET G\u00d6REVL\u0130LER\u0130 NELER B\u0130L\u0130YORDU?<\/strong><\/p>\n<p>\u015eu anki davada yarg\u0131lanan Emniyet g\u00f6revlilerinin hemen hepsi, \u00f6zellikle \u00fcst d\u00fczey g\u00f6revliler, yarg\u0131lama s\u0131ras\u0131ndaki ifadelerinde Og\u00fcn Samast\u2019\u0131 \u00e7ok h\u0131zl\u0131 bir \u015fekilde kendi \u00e7abalar\u0131yla yakalad\u0131klar\u0131n\u0131, bunun \u00fcst\u00fcn bir ba\u015far\u0131 oldu\u011funu beyan ve iddia etti. Oysa Emniyet g\u00f6revlileri cinayetin i\u015flenmesinden 11 ay \u00f6nce, 17 \u015eubat 2006 tarihi itibari ile zaten Yasin Hayal\u2019in Hrant Dink\u2019i \u00f6ld\u00fcrmeyi tasarlad\u0131\u011f\u0131 bilgisine sahiptiler.<\/p>\n<p>Birka\u00e7 \u00f6rnek hat\u0131rlat\u0131rsak:<\/p>\n<p>Trabzon \u0130l Emniyet M\u00fcd\u00fcrl\u00fc\u011f\u00fcne ba\u011fl\u0131 \u00e7al\u0131\u015fan bir ajan olan Erhan Tuncel, g\u00f6zalt\u0131na al\u0131nd\u0131ktan sonra \u0130stanbul \u0130l Emniyet M\u00fcd\u00fcrl\u00fc\u011f\u00fcndeki sorgusunda Hrant Dink cinayetinin tasar\u0131s\u0131 a\u015famas\u0131nda istihbarat g\u00f6revlileri ile bir\u00e7ok g\u00f6r\u00fc\u015fme yapt\u0131\u011f\u0131n\u0131 anlatt\u0131. Yasin Hayal\u2019in Ermenilere kar\u015f\u0131 b\u00fcy\u00fck bir kin besledi\u011fini ve eylem yaparsa \u0130stanbul\u2019da yapaca\u011f\u0131 bilgisini ise 2005 y\u0131l\u0131 eyl\u00fcl-ekim aylar\u0131nda g\u00f6r\u00fc\u015ft\u00fc\u011f\u00fc \u0130stihbarat \u015eube M\u00fcd\u00fcrl\u00fc\u011f\u00fc g\u00f6revlilerine verdi\u011fini s\u00f6yledi.<\/p>\n<p>Dosyan\u0131n san\u0131klar\u0131ndan olan Co\u015fkun \u0130\u011fci Yasin Hayal\u2019in Hrant Dink\u2019i \u00f6ld\u00fcrmeyi planlad\u0131\u011f\u0131n\u0131 ve Hrant Dink\u2019in evi ile Agos gazetesi \u00e7evresinde ke\u015fif yapt\u0131\u011f\u0131n\u0131 anlatt\u0131. Hayal\u2019in silah temin etmeye de \u00e7al\u0131\u015ft\u0131\u011f\u0131n\u0131 anlatan \u0130\u011fci de bu bilgileri 2006 y\u0131l\u0131 temmuz ay\u0131nda ili\u015fkide oldu\u011fu Trabzon il Jandarma Komutanl\u0131\u011f\u0131 g\u00f6revlilerine aktard\u0131\u011f\u0131n\u0131 s\u00f6yleyecekti.<\/p>\n<p>Ayr\u0131ca Trabzon \u0130l Emniyet M\u00fcd\u00fcrl\u00fc\u011f\u00fc 17 \u015eubat 2006 tarihinde \u0130stanbul \u0130l Emniyet M\u00fcd\u00fcrl\u00fc\u011f\u00fc ile Emniyet Genel M\u00fcd\u00fcrl\u00fc\u011f\u00fcne bir yaz\u0131 g\u00f6ndermi\u015fti. Yaz\u0131da 2004 y\u0131l\u0131 ekim ay\u0131nda Trabzon\u2019da McDonald\u2019s isimli i\u015fyerine y\u00f6nelik el yap\u0131m\u0131 ve par\u00e7a tesirli bomba ile sald\u0131r\u0131 d\u00fczenleyen Yasin Hayal\u2019in Ermenilere kar\u015f\u0131 b\u00fcy\u00fck bir kin besledi\u011fi, \u0130stanbul ilinde \u2018Ses getirecek bir eylem\u2019 yapmay\u0131 planlad\u0131\u011f\u0131, hedef olarak da T\u00fcrkleri ve T\u00fcrkiye Cumhuriyeti\u2019ni karalay\u0131c\u0131 faaliyetlerde bulundu\u011fu gerek\u00e7esiyle Hrant Dink\u2019i se\u00e7ti\u011fi, maddi imkan sa\u011flad\u0131\u011f\u0131 takdirde bahse konu eylemi ger\u00e7ekle\u015ftirmek i\u00e7in \u0130stanbul\u2019a gidece\u011fi, eylem yapmay\u0131 tasarlayan Yasin Hayal\u2019in McDonald\u2019s isimli i\u015f yerine yapm\u0131\u015f oldu\u011fu eylem \u00f6ncesinde de benzer s\u00f6ylemlerde bulundu\u011fu ve Yasin Hayal\u2019in tasarlad\u0131\u011f\u0131 eylemi yapabilecek bir yap\u0131ya sahip oldu\u011fu anlat\u0131l\u0131yordu.<\/p>\n<p>Trabzon \u0130l Jandarma Komutanl\u0131\u011f\u0131 g\u00f6revlileri taraf\u0131ndan cinayetten sonra, 20 Ocak 2007 saat 21.30\u2019da, d\u00fczenlenen \u2018haber kay\u0131t ve bildirim formu\u2019nda ise Yasin Hayal\u2019in cinayet i\u00e7in \u0130stanbul\u2019da ke\u015fif yapt\u0131\u011f\u0131, kroki haz\u0131rlad\u0131\u011f\u0131 ve cinayette kullan\u0131lan silah\u0131n \u2018Arde\u015fen el yap\u0131m\u0131 silah\u2019 oldu\u011fu bilgilerine yer verilmi\u015fti. Bu formun d\u00fczenlendi\u011fi saatte Og\u00fcn Samast daha g\u00f6zalt\u0131na al\u0131nmam\u0131\u015f ve cinayette kullan\u0131lan el yap\u0131m\u0131 silah da ele ge\u00e7irilmemi\u015fti.<\/p>\n<p>Hrant Dink de zaten defalarca hedef oldu\u011funu a\u00e7\u0131klam\u0131\u015f ve bununla ilgili su\u00e7 duyurular\u0131nda bulunmu\u015ftu.<\/p>\n<p>Yani Trabzon \u0130l Jandarma Komutanl\u0131\u011f\u0131 hem de Trabzon \u0130l Emniyet M\u00fcd\u00fcrl\u00fc\u011f\u00fc, \u0130stihbarat Daire Ba\u015fkanl\u0131\u011f\u0131 ve de \u0130stanbul \u0130l Emniyet M\u00fcd\u00fcrl\u00fc\u011f\u00fc cinayetten \u00f6nce cinayet tasar\u0131s\u0131na dair bilgiye sahipti.<\/p>\n<p>Avukat H\u00fclya Deveci, Hrant Dink cinayeti davas\u0131n\u0131, kamu g\u00f6revlilerinin yarg\u0131lanmaya ba\u015flad\u0131\u011f\u0131 2016\u2019dan beri takip ediyor<\/p>\n<p><strong>4- MCDONALD\u2019S SALDIRISININ FA\u0130L\u0130 OLAN YAS\u0130N HAYAL BU DOSYADAN NASIL TAHL\u0130YE OLDU VE D\u0130NK SU\u0130KASTINI PLANLAYAB\u0130LD\u0130?<\/strong><\/p>\n<p>Yasin Hayal, McDonald\u2019s sald\u0131r\u0131s\u0131ndan 6 g\u00fcn sonra, 30 Ekim 2004 tarihinde \u0130stanbul\u2019da yakaland\u0131 ve tutukland\u0131. Ancak yarg\u0131lama s\u00fcrecine dair bir y\u0131\u011f\u0131n soru i\u015fareti vard\u0131. Normalde bombalama gibi bir eylemin dosyas\u0131n\u0131n Erzurum\u2019daki ter\u00f6r savc\u0131l\u0131\u011f\u0131na g\u00f6nderilmesi gerekiyordu ancak g\u00f6nderilmedi. Telefon kay\u0131tlar\u0131 dahi ara\u015ft\u0131r\u0131lmayan Hayal, 11 ay tutuklu kald\u0131ktan sonra serbest b\u0131rak\u0131ld\u0131. \u00dcstelik tutuklulu\u011funun 3 ay\u0131n\u0131 ak\u0131l hastanesinde ge\u00e7irdi. Tahliye karar\u0131n\u0131 da yarg\u0131lamay\u0131 yapan as\u0131l heyet de\u011fil n\u00f6bet\u00e7i heyet vermi\u015fti. Hayal bu dosya kapsam\u0131nda 14 Haziran 2006\u2019da 6 y\u0131l 8 ay hapis cezas\u0131 ald\u0131, infaz indirimleri ile ceza 2 y\u0131l 8 aya d\u00fc\u015f\u00fcr\u00fcld\u00fc. Hapse girmesi i\u00e7in Yarg\u0131tay\u0131n karar\u0131 onamas\u0131 gerekiyordu. Yarg\u0131taya 2006 temmuz ay\u0131nda gelen dosya ilgili daireye ancak 8 ay sonra, 6 \u015eubat 2007\u2019de, g\u00f6nderildi. Yani Hrant Dink suikast\u0131ndan sonra.<\/p>\n<p>Yarg\u0131tay\u0131n ilgili dairesi, Trabzon\u2019daki mahkemenin Hayal\u2019le ilgili karar\u0131n\u0131n baz\u0131 y\u00f6nlerini onay\u0131p, baz\u0131 y\u00f6nlerini bozdu.<\/p>\n<p><strong>5- POL\u0130S MUHB\u0130R\u0130 OLAN B\u0130R K\u0130\u015e\u0130, ERHAN TUNCEL, NASIL OLDU DA C\u0130NAYET\u0130N AZMETT\u0130R\u0130C\u0130S\u0130 OLDU?<\/strong><\/p>\n<p>Erhan Tuncel\u2019in Yasin Hayal ile birlikte McDonalds\u2019a bomba at\u0131lmas\u0131 ve 6 ki\u015finin yaralanmas\u0131 olay\u0131na i\u015ftiraki oldu\u011fu Trabzon \u0130l Emniyet M\u00fcd\u00fcrl\u00fc\u011f\u00fc g\u00f6revlileri taraf\u0131ndan bilinmesine ra\u011fmen soru\u015fturman\u0131n d\u0131\u015f\u0131nda tutuldu. Yarg\u0131lanma d\u0131\u015f\u0131nda tutulan Tuncel \u00fcst\u00fcne d\u00f6nemin Trabzon Emniyet M\u00fcd\u00fcrl\u00fc\u011f\u00fc g\u00f6revlileri taraf\u0131ndan \u2018Yard\u0131mc\u0131 \u0130stihbarat Eleman\u0131\u2019 yap\u0131ld\u0131. Tuncel i\u00e7in \u2018Zorla getirilerek dinlenmesi\u2019 karar\u0131 alan mahkeme bile bu karar\u0131n\u0131 uygulamad\u0131. Jandarma ise adliyeye gelip duru\u015fmalar\u0131 takip eden Tuncel\u2019i bulamad\u0131\u011f\u0131n\u0131 bildirdi. Dink suikast\u0131ndan sonra Hayal, bu olayda azmettirici olan Tuncel\u2019in bombay\u0131 da imal etti\u011fini anlatt\u0131.<\/p>\n<p>Tuncel, Trabzon Emniyeti \u0130stihbarat \u015eubesinde g\u00f6revli Polis Muhittin Zenit\u2019e ba\u011fl\u0131 \u00e7al\u0131\u015fmaya ba\u015flad\u0131, 15 \u015eubat ve 7 Nisan 2006 tarihli raporlar\u0131nda, Yasin Hayal\u2019in Hrant Dink\u2019e y\u00f6nelik eylem yapaca\u011f\u0131n\u0131 isim vererek bildirdi. Bu bilgi \u0130stanbul \u0130stihbarat \u015eube M\u00fcd\u00fcrl\u00fc\u011f\u00fcne de g\u00f6nderildi. Ama buna ra\u011fmen cinayeti i\u015fleyecek ki\u015filere kar\u015f\u0131 operasyon yap\u0131lmad\u0131, Hrant Dink de korunmad\u0131.<\/p>\n<p><strong>6- HRANT D\u0130NK C\u0130NAYET\u0130 \u0130LE \u0130LG\u0130L\u0130 \u0130LK DAVA NE ZAMAN BA\u015eLADI, \u0130DD\u0130ANAMEDE K\u0130M, NE \u0130LE SU\u00c7LANIYORDU?<\/strong><\/p>\n<p>Cinayetle ilgili 18 ki\u015fi hakk\u0131ndaki ilk iddianame \u0130stanbul Cumhuriyet Ba\u015fsavc\u0131l\u0131\u011f\u0131 taraf\u0131ndan 20 Nisan 2007\u2019de d\u00fczenlendi, daha sonra 2 ki\u015fi hakk\u0131nda d\u00fczenlenen ek iddianame ile ilk davadaki san\u0131k say\u0131s\u0131 20 oldu.<\/p>\n<p>Og\u00fcn Samast, Yasin Hayal ve Erhan Tuncel\u2019in yan\u0131 s\u0131ra iddianamede ge\u00e7en isimler \u015funlard\u0131: Tuncay Uzundal, Zeynel Abidin Yavuz, Ersin Yolcu, Ahmet \u0130skender, Mustafa \u00d6zt\u00fcrk, Ya\u015far Cihan, Halis Egemen, Salih Hac\u0131saliho\u011flu, Erbil Susaman, Veysel Toprak, Numan \u015ei\u015fman, \u0130rfan \u00d6zkan, \u015eenol Akduman, Osman Alpay ve Alper Esirgemez ile Co\u015fkun \u0130\u011fci ve Osman Hayal.<\/p>\n<p>Faillerin bir k\u0131sm\u0131 hakk\u0131nda tasarlayarak \u00f6ld\u00fcrme, \u00f6rg\u00fct \u00fcyeli\u011fi veya y\u00f6neticili\u011fi, bir k\u0131sm\u0131 hakk\u0131nda da cinayete yard\u0131m su\u00e7lamalar\u0131 y\u00f6neltildi.<\/p>\n<p>Yarg\u0131lama 2 Temmuz 2007 tarihinde \u00d6zel Yetkili \u0130stanbul 14. A\u011f\u0131r Ceza Mahkemesinde ba\u015flad\u0131.<\/p>\n<p>San\u0131klar ilk duru\u015fmaya getirilirken, cezaevi arac\u0131n\u0131n \u00fczerinde \u201cYa sev ya terk et\u201d \u00e7\u0131kartmas\u0131 vard\u0131. Duru\u015fmalarda Yasin Hayal, Orhan Pamuk ba\u015fta olmak \u00fczere bir\u00e7ok ismi tehdit etti. 2012\u2019de h\u00fckme ba\u011flanan yarg\u0131lamada Hayal, \u201cTasarlayarak \u00f6ld\u00fcrmeye azmettirmek\u201d su\u00e7undan a\u011f\u0131rla\u015ft\u0131r\u0131lm\u0131\u015f m\u00fcebbet hapis cezas\u0131, Erhan Tuncel de 10 y\u0131l 6 ay hapis cezas\u0131 ald\u0131. Ve Tuncel tahliye edildi. Cinayeti i\u015fledi\u011fi tarihte 17 ya\u015f\u0131nda olan Samast\u2019\u0131n davas\u0131 ise, \u00e7ocuk mahkemesine al\u0131nd\u0131. Samast, temmuz 2011\u2019de \u00e7\u0131kan kararda, \u201cTasarlayarak adam \u00f6ld\u00fcrmek\u201d ve \u201cRuhsats\u0131z silah bulundurmak\u201d su\u00e7lar\u0131ndan 22 y\u0131l 10 ay hapis cezas\u0131 ald\u0131. \u0130lk d\u00f6nemler cinayeti \u2018hassas milliyet\u00e7i gen\u00e7ler\u2019in i\u015fledi\u011fi tezi etkindi ve mahkemeye g\u00f6re cinayet organizasyonunda \u2018\u00f6rg\u00fct\u2019 yoktu. San\u0131klar\u0131n tamam\u0131 \u201csilahl\u0131 ter\u00f6r \u00f6rg\u00fct\u00fc \u00fcyeli\u011fi\u201d su\u00e7undan beraat etti.<\/p>\n<p>Dosyay\u0131 temyiz eden savc\u0131l\u0131\u011fa g\u00f6re \u2018\u00f6rg\u00fct\u2019 vard\u0131 ve o g\u00fcn\u00fcn konjonkt\u00fcr\u00fcnde bu \u00f6rg\u00fct \u2018Ergenekon\u2019du.<\/p>\n<p>Yarg\u0131tay Cumhuriyet Ba\u015fsavc\u0131l\u0131\u011f\u0131, karar\u0131n, \u201c\u00f6rg\u00fct\u201d su\u00e7undan ceza verilmemesi nedeniyle bozulmas\u0131n\u0131 istedi, Yarg\u0131tay 9. Ceza Dairesi de \u201c\u00f6rg\u00fct\u201d y\u00f6n\u00fcnden verilen beraat kararlar\u0131n\u0131 bozdu. San\u0131klar\u0131n \u201csilahl\u0131 ter\u00f6r \u00f6rg\u00fct\u00fc\u201d de\u011fil, \u201cSu\u00e7 i\u015flemek amac\u0131yla olu\u015fturulan \u00f6rg\u00fct \u00fcyesi\u201d olduklar\u0131 gerek\u00e7esiyle yarg\u0131lanmalar\u0131na karar verdi.<\/p>\n<p><strong>7- BU DAVA SONU\u00c7LANDI MI?<\/strong><\/p>\n<p>Yarg\u0131tay\u2019\u0131n bozma karar\u0131n\u0131n ard\u0131ndan dava 17 Eyl\u00fcl 2013\u2019te yeniden g\u00f6r\u00fclmeye ba\u015fland\u0131. Tahliye edilen Erhan Tuncel de yeniden tutukland\u0131, ancak bu da uzun s\u00fcrmedi ve Tuncel, bir s\u00fcre sonra yeniden tahliye edildi. \u201cI\u015f\u0131k evleri\u201dnde okutuldu\u011fu \u00f6ne s\u00fcr\u00fclen Tuncel\u2019in, Alperen Ocaklar\u0131nda faaliyet g\u00f6sterdi\u011fi biliniyordu.<\/p>\n<p>17-25 Aral\u0131k s\u00fcrecinden sonra \u00f6zel yetkili mahkemeler kapat\u0131l\u0131nca dosya \u0130stanbul 5. A\u011f\u0131r Ceza Mahkemesine g\u00f6nderildi. Heyet, Yarg\u0131tay\u0131n bozma karar\u0131na uyulmas\u0131na h\u00fckmetti, Samast\u2019\u0131n \u00e7ocuk mahkemesinde yarg\u0131land\u0131\u011f\u0131 dosyas\u0131 bu dosya ile birle\u015ftirildi. \u0130stanbul 14. A\u011f\u0131r Ceza Mahkemesi davay\u0131 karara ba\u011flad\u0131. Yasin Hayal, \u201cSilahl\u0131 su\u00e7 \u00f6rg\u00fct\u00fc kurmak ve y\u00f6netmek\u201d su\u00e7undan 7.5 y\u0131l, Og\u00fcn Samast, \u201cSilahl\u0131 \u00f6rg\u00fct \u00fcyesi olmak\u201d su\u00e7undan 2.5 y\u0131l hapis cezas\u0131na \u00e7arpt\u0131rd\u0131.<\/p>\n<p>Tetik\u00e7i Og\u00fcn Samast, \u201cTasarlayarak \u00f6ld\u00fcrmek\u201d su\u00e7undan daha \u00f6nce 22 y\u0131l hapis cezas\u0131na, Yasin Hayal ise azmettirme su\u00e7undan m\u00fcebbet hapis cezas\u0131na \u00e7arpt\u0131r\u0131lm\u0131\u015ft\u0131. Bu cezalar Yarg\u0131tayca onanm\u0131\u015ft\u0131.<\/p>\n<p>\u201cSilahl\u0131 su\u00e7 \u00f6rg\u00fct\u00fc \u00fcyesi olmak\u201d ve \u201cHrant Dink\u2019in Yasin Hayal\u2019in azmettirmesi sonucu Og\u00fcn Samast taraf\u0131ndan \u00f6ld\u00fcr\u00fclmesine yard\u0131m\u201d ile su\u00e7lanan di\u011fer san\u0131klar Ersin Yolcu 1 y\u0131l 10 ay 15 g\u00fcn, Ahmet \u0130skender 1 y\u0131l 10 ay 15 g\u00fcn, Zeynel Abidin Yavuz 14 y\u0131l 22 g\u00fcn ve Tuncay Uzundal 16 y\u0131l 10 ay 15 g\u00fcn hapse mahkum edildi. Uzundal karardan 10 g\u00fcn sonra tutukland\u0131.<\/p>\n<p>Salih Hac\u0131saliho\u011flu ile Osman Hayal hakk\u0131nda ise su\u00e7lar\u0131 sabit olmad\u0131\u011f\u0131ndan beraat karar\u0131 verildi. 79 y\u0131l hapse mahkum olan \u201cB\u00fcy\u00fck abi\u201d Erhan Tuncel de yeniden tutukland\u0131. Dink ailesinin avukatlar\u0131 dosyay\u0131 bir kez daha Yarg\u0131taya ta\u015f\u0131d\u0131.<\/p>\n<p>Bu dosya kapsam\u0131nda sadece \u201cYasin Hayal ve arkada\u015flar\u0131\u201d kapsam\u0131 ile s\u0131n\u0131rl\u0131 bir soru\u015fturma ve yarg\u0131lama yap\u0131ld\u0131. Ortaya \u00e7\u0131kan ihmaller zincirine ra\u011fmen kamu g\u00f6revlileri etkili bir bi\u00e7imde soru\u015fturulmad\u0131\u011f\u0131 gibi cinayet \u00f6ncesindeki s\u00fcre\u00e7 ve Hrant Dink\u2019e y\u00f6nelik linci \u00f6rg\u00fctleyenler hakk\u0131nda iddianame d\u00fczenlenmedi.<\/p>\n<p><strong>8- MCDONALD\u2019S DOSYASI NE A\u015eAMADA, KAPANDI MI?<\/strong><\/p>\n<p>McDonalds sald\u0131r\u0131s\u0131 ile ilgili yarg\u0131lama Yasin Hayal y\u00f6n\u00fcnden sonu\u00e7lanmas\u0131na ra\u011fmen, Erhan Tuncel hakk\u0131nda yarg\u0131lama Hrant Dink cinayeti yarg\u0131lamas\u0131 ile birlikte yap\u0131ld\u0131.<\/p>\n<p>Yasin Hayal McDonalds sald\u0131r\u0131s\u0131 ve yaralama su\u00e7lamas\u0131 ile 6 y\u0131l 8 ay almas\u0131na ra\u011fmen, ki bu ceza infaz indirimleri ile 2 y\u0131l 8 aya d\u00fc\u015ft\u00fc, 2019 y\u0131l\u0131nda \u0130stanbul 14.A\u011f\u0131r Ceza Mahkemesi taraf\u0131ndan yap\u0131lan yarg\u0131lamada Erhan Tuncel \u201c6 ki\u015fiyi \u00f6ld\u00fcrmeye te\u015febb\u00fcs\u201d su\u00e7undan 78 y\u0131l ve \u201cMala zarar verme\u201d su\u00e7undan 1 y\u0131l olmak \u00fczere 79 y\u0131l hapis cezas\u0131 ald\u0131. Hen\u00fcz kesinle\u015fmeyen bu karar Yarg\u0131tay a\u015famas\u0131nda.<\/p>\n<p><strong>9- DAVANIN KAMU G\u00d6REVL\u0130LER\u0130 A\u015eAMASI NE ZAMAN VE NASIL BA\u015eLADI?<\/strong><\/p>\n<p>Kamu g\u00f6revlilerinin davaya dahil edilmesi 9 y\u0131ll\u0131k bir s\u00fcrece yay\u0131ld\u0131. Trabzon \u0130l Jandarma Komutanl\u0131\u011f\u0131n\u0131n 8 g\u00f6revlisi hakk\u0131nda 2007 y\u0131l\u0131 ile 2008 y\u0131l\u0131nda \u2018g\u00f6revi ihmal\u2019 su\u00e7lamas\u0131 ile iddianame d\u00fczenlenmi\u015fti.<\/p>\n<p>Hrant Dink ailesi avukatlar\u0131, \u0130stanbul \u0130l Emniyet M\u00fcd\u00fcrl\u00fc\u011f\u00fc, Trabzon \u0130l Emniyet M\u00fcd\u00fcrl\u00fc\u011f\u00fc ve Trabzon \u0130l Jandarma Komutanl\u0131\u011f\u0131 g\u00f6revlilerinin Trabzon ve \u0130stanbul Valilikleri ile B\u00f6lge \u0130dare Mahkemesi kararlar\u0131 Hrant Dink cinayetindeki sorumluluklar\u0131n\u0131n soru\u015fturulmad\u0131\u011f\u0131n\u0131 ve yarg\u0131lanmalar\u0131n\u0131n engellendi\u011fini belirterek Avrupa \u0130nsan Haklar\u0131 Mahkemesine (A\u0130HM) ba\u015fvurdu.<\/p>\n<p>A\u0130HM, yap\u0131lan ba\u015fvurular\u0131 birle\u015ftirerek birlikte de\u011ferlendirdi ve 14 Eyl\u00fcl 2010 tarihinde de ihlal karar\u0131 verdi. Karar 14 Aral\u0131k 2010 tarihinde kesinle\u015fti.<\/p>\n<p>A\u0130HM, Dink-T\u00fcrkiye karar\u0131nda; resmi makamlar\u0131n Hrant Dink\u2019in \u00f6l\u00fcmc\u00fcl bir sald\u0131r\u0131ya maruz kalma ihtimalinin y\u00fcksek oldu\u011funu bildiklerini ya da bilebilecek durumda olduklar\u0131n\u0131, somut ko\u015fullara bak\u0131ld\u0131\u011f\u0131nda Hrant Dink\u2019e y\u00f6nelik tehlikenin a\u00e7\u0131k ve yak\u0131n bir tehlike oldu\u011funu, cinayetin i\u015flenmesini \u00f6nlemekle y\u00fck\u00fcml\u00fc olan makamlar\u0131n ayr\u0131 ayr\u0131 ya da koordineli bir bi\u00e7imde planlanmas\u0131ndan ve yak\u0131nda i\u015flenece\u011finden haberdar olmalar\u0131na ra\u011fmen Hrant Dink cinayetinin engellenmesi amac\u0131 ile harekete ge\u00e7medikleri ve cinayette sorumlulu\u011fu olan g\u00f6revliler hakk\u0131nda etkin bir soru\u015fturma da yap\u0131lmad\u0131\u011f\u0131, bu nedenlerle ya\u015fama hakk\u0131n\u0131n esastan ve usuli y\u00f6nden ihlal edildi\u011fi sonucuna vard\u0131.<\/p>\n<p>Dink ailesi avukatlar\u0131 bu karara dayanarak 17 Ocak 2011 tarihinde devlet g\u00f6revlileri hakk\u0131nda yeniden su\u00e7 duyurusunda bulundu.<\/p>\n<p>Takip eden s\u00fcre\u00e7te;<\/p>\n<p>\u2022 Cumhurba\u015fkanl\u0131\u011f\u0131 Devlet Denetleme Kurulu taraf\u0131ndan, 2 \u015eubat 2012 tarihinde, \u2018Devlet g\u00f6revlilerinin Dink cinayetinde sorumluluklar\u0131n\u0131 tespit eden\u2019 raporunu olu\u015fturdu.<\/p>\n<p>Her iki geli\u015fme sonras\u0131nda Hrant Dink ailesi avukatlar\u0131 bu raporda yer alan tespit ve de\u011ferlendirmeler \u00fczerinden \u0130stanbul Cumhuriyet Ba\u015fsavc\u0131l\u0131\u011f\u0131na soru\u015fturman\u0131n derinle\u015ftirilmesi taleplerinin oldu\u011fu dilek\u00e7eler verdi.<\/p>\n<p>\u2022 Ceza Muhakemesi Kanunu\u2019nun 172. maddesine 2013 y\u0131l\u0131nda ekleme yap\u0131lm\u0131\u015f, bu ekleme ile \u201cKovu\u015fturmaya yer olmad\u0131\u011f\u0131na dair karar\u0131n etkin soru\u015fturma yap\u0131lmadan verildi\u011finin Avrupa \u0130nsan Haklar\u0131 Mahkemesinin kesinle\u015fmi\u015f karar\u0131yla tespit edilmesi \u00fczerine, karar\u0131n kesinle\u015fmesinden itibaren \u00fc\u00e7 ay i\u00e7inde talep edilmesi halinde yeniden soru\u015fturma a\u00e7\u0131l\u0131r\u201d d\u00fczenlemesi getirildi.<\/p>\n<p>Bu d\u00fczenleme sonras\u0131 da A\u0130HM\u2019nin Dink-T\u00fcrkiye karar\u0131n\u0131 dayanak yapan Dink ailesi avukatlar\u0131 1 Temmuz 2013 tarihinde \u0130stanbul Valilik, \u0130stanbul ile Trabzon \u0130l Emniyet M\u00fcd\u00fcrl\u00fc\u011f\u00fc ve Trabzon \u0130l Jandarma Komutanl\u0131\u011f\u0131 g\u00f6revlileri hakk\u0131nda bir kez daha ve bu kez \u0130stanbul Cumhuriyet Ba\u015fsavc\u0131l\u0131\u011f\u0131n\u0131n genel yetkili k\u0131sm\u0131 nezdinde su\u00e7 duyurusunda bulundu. Ayr\u0131ca Anayasa Mahkemesine ba\u015fvurdu.<\/p>\n<p>Yap\u0131lan \u0130tiraz ve ba\u015fvurular \u00fczerine Bak\u0131rk\u00f6y 8. A\u011f\u0131r Ceza Mahkemesi 21 May\u0131s 2014 tarihinde, HSYK 3. Dairesi 01 Temmuz 2014 tarihinde ve Anayasa Mahkemesi de 17 Temmuz 2014 tarihinde hakk\u0131nda su\u00e7 duyurusunda bulunulan devlet g\u00f6revlilerinin soru\u015fturulmalar\u0131 ve yarg\u0131lanmalar\u0131 gerekti\u011fine y\u00f6nelik kararlar verdi:<\/p>\n<p>\u0130stanbul Cumhuriyet Ba\u015fsavc\u0131l\u0131\u011f\u0131n\u0131n Ter\u00f6r ve \u00d6rg\u00fctl\u00fc Su\u00e7lar B\u00fcrosu taraf\u0131ndan ilk olarak 8 May\u0131s 2014 tarihinde Hrant Dink\u2019in \u00f6ld\u00fcr\u00fclece\u011fi bilgisinin Emniyet Genel M\u00fcd\u00fcrl\u00fc\u011f\u00fc \u0130stihbarat Daire Ba\u015fkanl\u0131\u011f\u0131na g\u00f6nderildi\u011fi, 17 \u015eubat 2006 tarihinde daire ba\u015fkan\u0131 olan Sabri Uzun\u2019un \u2018\u015f\u00fcpheli\u2019 s\u0131fat\u0131 ile ifadesi al\u0131nd\u0131. Devam eden g\u00fcnlerde de \u0130stihbarat Daire Ba\u015fkanl\u0131\u011f\u0131, \u0130stanbul ve Trabzon \u0130l Emniyet M\u00fcd\u00fcrl\u00fc\u011f\u00fc g\u00f6revlilerinin ifadeleri al\u0131nd\u0131.<\/p>\n<p>Soru\u015fturma Savc\u0131s\u0131 G\u00f6kalp K\u00f6k\u00e7\u00fc taraf\u0131ndan 4 Aral\u0131k 2015 tarihinde \u0130stanbul \u0130l Emniyet M\u00fcd\u00fcrl\u00fc\u011f\u00fc, Trabzon \u0130l Emniyet M\u00fcd\u00fcrl\u00fc\u011f\u00fc Emniyet Genel M\u00fcd\u00fcrl\u00fc\u011f\u00fc \u0130stihbarat Daire Ba\u015fkanl\u0131\u011f\u0131 g\u00f6revlilerinin bir k\u0131sm\u0131 hakk\u0131nda iddianame d\u00fczenlendi ve iddianame \u0130stanbul 14. A\u011f\u0131r Ceza Mahkemesince kabul edildi.<\/p>\n<p>Bu iddianamede eski \u0130stanbul Emniyet M\u00fcd\u00fcr\u00fc Celalettin Cerrah ile Polis M\u00fcd\u00fcrleri \u0130lhan G\u00fcler, Eski Trabzon Emniyet M\u00fcd\u00fcr\u00fc Re\u015fat Altay ile Yetkililer Faruk Sar\u0131, Engin Din\u00e7, Ercan Demir, Eski \u0130stihbarat Daire Ba\u015fkanl\u0131\u011f\u0131 yetkilileri Sabri Uzun, Ramazan Aky\u00fcrek, Ali Fuat Y\u0131lmazer, Taner Demirel gibi isimlerin oldu\u011fu 26 kamu g\u00f6revlisi bulunuyordu.<\/p>\n<p>Erhan Tuncel, Yasin Hayal, Og\u00fcn Samast, Tuncay Uzundal, Zeynel Abidin Yavuz, Osman Hayal, Ahmet \u0130skender ile Ersin Yolcu hakk\u0131nda Yarg\u0131tay\u0131n bozma karar\u0131 sonras\u0131 \u0130stanbul 5. A\u011f\u0131r Ceza Mahkemesinde g\u00f6r\u00fclmekte olan dava da kamu g\u00f6revlileri hakk\u0131nda \u0130stanbul 14.A\u011f\u0131r Ceza Mahkemesinde a\u00e7\u0131lan dava ile birle\u015ftirildi.<\/p>\n<p>Yarg\u0131lama devam ederken \u0130stanbul C. Ba\u015fsavc\u0131l\u0131\u011f\u0131 Hrant Dink cinayetine dair soru\u015fturmas\u0131n\u0131 s\u00fcrd\u00fcrd\u00fc ve 10 May\u0131s 2017 tarihinde Trabzon \u0130l Jandarma Komutanl\u0131\u011f\u0131, \u0130stanbul \u0130l Jandarma Komutanl\u0131\u011f\u0131, Samsun \u0130l Emniyet M\u00fcd\u00fcrl\u00fc\u011f\u00fc ile Samsun \u0130l Jandarma Komutanl\u0131\u011f\u0131 g\u00f6revlilerinin aralar\u0131nda oldu\u011fu 50 ki\u015fi hakk\u0131nda cinayetin planlanmas\u0131 ve icras\u0131 noktas\u0131nda m\u00fc\u015fterek hareket ettikleri iddias\u0131yla iddianame d\u00fczenlendi. Bu iddianame d\u00fczenlenen isimler aras\u0131nda Fethullah G\u00fclen, Eski Savc\u0131 Zekeriya \u00d6z ve meslekten ihra\u00e7 edilen Tu\u011fgeneral Hamza Celepo\u011flu da bulunuyordu. Dosya ana davayla birle\u015ftirildi. B\u00f6ylece, Trabzon\u2019da jandarmalar hakk\u0131nda a\u00e7\u0131lan davalardan, haz\u0131rlanan ilk iddianameye kadar t\u00fcm davalar birle\u015ftirilmi\u015f oldu.<\/p>\n<p><strong>10- M\u00dcTALAADA SAVCILIK HANG\u0130 CEZALARI TALEP ETT\u0130, K\u0130MLER BU C\u0130NAYETTEN SORUMLU, K\u0130MLER SADECE \u2018G\u00d6REV\u0130 \u0130HMAL\u2019LE SU\u00c7LANIYOR?<\/strong><\/p>\n<p>Yarg\u0131lanan 76 san\u0131k var. San\u0131klardan 13\u2019\u00fcne ula\u015f\u0131lmad\u0131 ve bu ki\u015filerin yarg\u0131lamas\u0131 ayr\u0131ld\u0131. \u0130ddianamede san\u0131klara \u2018Kasten \u00f6ld\u00fcrme\u2019 \u2018Kasten \u00f6ld\u00fcrmenin hareketsiz kal\u0131narak i\u015flenmesi\u2019, \u2018Resmi belgede sahtecilik\u2019, \u2018Resmi belgeyi bozmak, yok etmek veya gizlemek\u2019, \u2018Su\u00e7 i\u015flemek amac\u0131yla \u00f6rg\u00fct kurmak\u2019, \u2018Silahl\u0131 \u00f6rg\u00fct kurmak veya y\u00f6netmek\u2019, \u2018Silahl\u0131 \u00f6rg\u00fcte \u00fcye olmak\u2019 \u2018G\u00f6revi k\u00f6t\u00fcye kullanmak\u2019 olmak \u00fczere \u00e7e\u015fitli su\u00e7lamalar y\u00f6neltilmi\u015fti.<\/p>\n<p>Savc\u0131 m\u00fctalaas\u0131nda 17 \u015eubat 2006 tarihli ihbar evrak\u0131 ve Hrant Dink\u2019e y\u00f6nelik tehdit atmosferinden haberdar olan, adliye ve Agos \u00f6n\u00fcnde yap\u0131lan g\u00f6steri ve olaylar\u0131 bizzat izleyen kurum olmas\u0131na ra\u011fmen Hrant Dink\u2019in korunmas\u0131 da dahil hi\u00e7bir \u015fekilde harekete ge\u00e7meyen d\u00f6nemin \u0130stanbul Emniyet M\u00fcd\u00fcr\u00fc Celalettin Cerrah ve \u0130stanbul \u0130stihbarat \u015eube M\u00fcd\u00fcr\u00fc Ahmet \u0130lhan G\u00fcler\u2019in g\u00f6revi ihmal kapsam\u0131nda cezaland\u0131r\u0131lmas\u0131n\u0131 istedi.<\/p>\n<p>Ayn\u0131 \u015fekilde cinayetin tasar\u0131 a\u015famas\u0131nda Trabzon Emniyeti \u0130stihbarat \u015eube M\u00fcd\u00fcr\u00fc olan Engin Din\u00e7\u2019in g\u00f6revi ihmal kapsam\u0131nda cezaland\u0131r\u0131lmas\u0131n\u0131 istedi. Oysa Din\u00e7, Hrant Dink\u2019in \u00f6ld\u00fcr\u00fclece\u011fi ihbar\u0131n\u0131n tutana\u011fa ge\u00e7irildi\u011fi 17 \u015eubat 2006\u2019te Trabzon Emniyeti \u0130stihbarat \u015eube M\u00fcd\u00fcr\u00fcyd\u00fc ve bu bilgiden sonra hi\u00e7bir \u015fey yapmam\u0131\u015ft\u0131.<\/p>\n<p>M\u00fctalaada cinayetin i\u015flendi\u011fi d\u00f6nem Trabzon Emniyet M\u00fcd\u00fcr\u00fc olan Re\u015fat Altay hakk\u0131nda \u201cKasten \u00f6ld\u00fcrmenin ihmali davran\u0131\u015fla i\u015flenmesi\u201d, \u201cResmi belgeyi bozmak, yok etmek veya gizlemek\u201d ve \u201cG\u00f6revi k\u00f6t\u00fcye kullanma\u201d su\u00e7lar\u0131ndan, cinayetin i\u015flendi\u011fi s\u0131rada Trabzon \u0130stihbarat \u015eube M\u00fcd\u00fcr\u00fc olan Faruk Sar\u0131 hakk\u0131nda \u201csilahl\u0131 \u00f6rg\u00fct \u00fcyeli\u011fi\u201d, \u201cTasarlayarak kasten \u00f6ld\u00fcrme\u201d, \u201cResmi belgeyi bozmak, yok etmek veya gizlemek\u201d, \u201cG\u00f6revi k\u00f6t\u00fcye kullanma\u201d su\u00e7lar\u0131ndan, cinayetin tasar\u0131 a\u015famas\u0131nda ve i\u015flendi\u011fi s\u0131rada Trabzon Jandarma Alay Komutan\u0131 Ali \u00d6z hakk\u0131nda ise \u201cAnayasa\u2019y\u0131 ihlal\u201d, \u201cKasten \u00f6ld\u00fcrme\u201d, \u201cResmi belgede sahtecilik\u201d, \u201cG\u00f6revi k\u00f6t\u00fcye kullanma\u201d, \u201c\u00d6rg\u00fcte yard\u0131m\u201d su\u00e7lar\u0131ndan cezaland\u0131r\u0131lmas\u0131 talep edildi.<\/p>\n<p>Savc\u0131, cinayetin i\u015flendi\u011fi d\u00f6nemde \u0130stanbul \u0130stihbarat C \u015eube M\u00fcd\u00fcr\u00fc Ali Fuat Y\u0131lmazer\u2019in \u201cSu\u00e7 i\u015flemek amac\u0131yla \u00f6rg\u00fct kurma ve y\u00f6netme\u201d, \u201cTasarlayarak kasten \u00f6ld\u00fcrme\u201d, \u201cResmi belgeyi bozmak, yok etmek veya gizlemek\u201d, \u201cG\u00f6revi k\u00f6t\u00fcye kullanma\u201d su\u00e7lar\u0131ndan, cinayetin tasar\u0131 a\u015famas\u0131nda Trabzon Emniyet M\u00fcd\u00fcr\u00fc olan, cinayetin i\u015flendi\u011fi zaman ise \u0130stihbarat Daire Ba\u015fkan\u0131 olan Ramazan Aky\u00fcrek\u2019in \u201cSilahl\u0131 \u00f6rg\u00fct kurmak ve y\u00f6netmek\u201d, \u201cTasarlayarak kasten \u00f6ld\u00fcrme\u201d, \u201cResmi belgede sahtecilik\u201d, \u201cResmi belgeyi bozmak, yok etmek veya gizlemek\u201d, \u201cG\u00f6revi k\u00f6t\u00fcye kullanma\u201d su\u00e7lar\u0131ndan, cinayetin tasar\u0131 a\u015famas\u0131nda \u0130stihbarat Daire Ba\u015fkan\u0131 olan Sabri Uzun\u2019un ise g\u00f6revi k\u00f6t\u00fcye kullanma su\u00e7undan, cinayetin i\u015flendi\u011fi s\u0131rada TGRT Televizyonu Muhabiri olan Ercan G\u00fcn hakk\u0131nda \u201cAnayasa\u2019y\u0131 ihlal\u201d ve \u201csilahl\u0131 \u00f6rg\u00fct \u00fcyeli\u011fi\u2019\u201d su\u00e7lar\u0131ndan ceza talep etti.<\/p>\n<p>Savc\u0131 m\u00fctalaas\u0131nda Ekrem Dumanl\u0131, Fethullah G\u00fclen ve Zekeriya \u00d6z\u2019\u00fcn de aralar\u0131nda bulundu\u011fu 13 san\u0131\u011f\u0131n ise, firari durumda olduklar\u0131 i\u00e7in, dosyalar\u0131n\u0131n ayr\u0131lmas\u0131n\u0131 talep etti.<\/p>\n<p>12 Mart\u2019ta D\u00fczce\u2019de u\u011frad\u0131\u011f\u0131 silahl\u0131 sald\u0131r\u0131da \u00f6len Emekli Jandarma \u0130stihbarat\u00e7\u0131 Astsubay \u015eeref Ate\u015f\u2019e a\u00e7\u0131lan kamu davas\u0131n\u0131n d\u00fc\u015f\u00fcr\u00fclmesini isteyen savc\u0131 11 san\u0131k i\u00e7in beraat talep etti.<\/p>\n<p>Cezaland\u0131r\u0131lmas\u0131n\u0131 talep etti\u011fi di\u011fer san\u0131klar hakk\u0131nda ise farkl\u0131 su\u00e7lamalar y\u00f6neltildi ve baz\u0131 su\u00e7lardan cezaland\u0131r\u0131lmalar\u0131, baz\u0131lar\u0131ndan beraatlerini istedi.<\/p>\n<p><strong>11- DOSYADA NELER EKS\u0130K SORU\u015eTURULDU YA DA SORU\u015eTURULMADI<\/strong><\/p>\n<p>\u0130stanbul Cumhuriyet Ba\u015fsavc\u0131l\u0131\u011f\u0131 taraf\u0131ndan soru\u015fturman\u0131n y\u00fcr\u00fct\u00fclme bi\u00e7imi ve olu\u015fturulan \u2018Kovu\u015fturmaya yer yok\u2019 kararlar\u0131 ile davan\u0131n s\u0131n\u0131r\u0131 ve kapsam\u0131 b\u00fcy\u00fck \u00f6l\u00e7\u00fcde belirlenmi\u015f oldu ve b\u00fct\u00fcnl\u00fckl\u00fc bir yarg\u0131lamam\u0131n ger\u00e7ekle\u015fmesi olana\u011f\u0131 kalmam\u0131\u015f oldu. Birka\u00e7 ba\u015fl\u0131k s\u0131ralarsak;<\/p>\n<p>2004 y\u0131l\u0131nda \u0130stanbul Valili\u011finde Hrant Dink ile g\u00f6r\u00fc\u015fmeye kat\u0131lan Vali Yard\u0131mc\u0131s\u0131 Ergun G\u00fcng\u00f6r ile M\u0130T \u0130stanbul B\u00f6lge Ba\u015fkanl\u0131\u011f\u0131 G\u00f6revlisi \u00d6zel Y\u0131lmaz\u2019\u0131n \u015f\u00fcpheli s\u0131fat\u0131 ile ifadesi al\u0131nd\u0131 ancak Ergun G\u00fcng\u00f6r ile \u00d6zel Y\u0131lmaz hakk\u0131nda \u2018Kovu\u015fturmaya yer yok\u2019 karar\u0131 verildi.<\/p>\n<p>\u0130stanbul C\u00fcmhuriyet Ba\u015fsavc\u0131l\u0131\u011f\u0131 taraf\u0131ndan cinayete giden s\u00fcre\u00e7te ya\u015fananlar ve Hrant Dink\u2019e y\u00f6nelik lin\u00e7 s\u00fcrecini \u00f6rg\u00fctleyenler hakk\u0131nda etkili bir soru\u015fturma y\u00fcr\u00fct\u00fclmedi, soru\u015fturma bu y\u00f6nde derinle\u015ftirilmedi. \u00d6rne\u011fin \u015f\u00fcpheli s\u0131fat\u0131 ile ifadeleri al\u0131nan Veli K\u00fc\u00e7\u00fck, Kemal Kerin\u00e7siz ile Oktay Y\u0131ld\u0131r\u0131m hakk\u0131nda \u2018Kovu\u015fturmaya yer yok\u2019 karar\u0131 verildi.<\/p>\n<p>Soru\u015fturmada cinayette sorumlulu\u011fu olan veya sorumlulu\u011fu tart\u0131\u015f\u0131lan kurumlar\u0131n vermi\u015f olduklar\u0131 yan\u0131tlar ile yetinildi ve kurum ar\u015fivlerinde inceleme yap\u0131lmad\u0131.<\/p>\n<p>Cinayette sorumlulu\u011fu olan \u0130stanbul Valilik g\u00f6revlileri ile \u0130stanbul ve Trabzon M\u0130T B\u00f6lge Ba\u015fkanl\u0131\u011f\u0131 g\u00f6revlileri soru\u015fturulmad\u0131.<\/p>\n<p>Yine cinayette sorumlulu\u011fu bulunan \u0130stanbul \u0130l Emniyet M\u00fcd\u00fcrl\u00fc\u011f\u00fc ile Emniyet Genel M\u00fcd\u00fcrl\u00fc\u011f\u00fcn\u00fcn bir k\u0131s\u0131m g\u00f6revlisi hakk\u0131nda iddianame d\u00fczenlenmedi.<\/p>\n<p>Ve en \u00f6nemlisi de somut olarak cinayetin kim veya kimler taraf\u0131ndan ve hangi s\u00fcre\u00e7lerden ge\u00e7irilerek karara ba\u011fland\u0131\u011f\u0131 a\u00e7\u0131\u011fa \u00e7\u0131kar\u0131lamad\u0131.<\/p>\n<p>B\u00fct\u00fcn u\u011fra\u015flara ra\u011fmen \u0130stanbul il vilayet g\u00f6revlileri, M\u0130T g\u00f6revlileri ve cinayet \u00f6ncesi cinayete giden s\u00fcre\u00e7teki ki\u015filer hakk\u0131nda \u015fu ana dek dava a\u00e7\u0131lmad\u0131; \u0130stanbul Cumhuriyet Ba\u015fsavc\u0131l\u0131\u011f\u0131 \u00d6zel Y\u0131lmaz (M\u0130T \u0130stanbul B\u00f6lge Ba\u015fkan\u0131 Ter\u00f6rden Sorumlu Daire Ba\u015fkan\u0131 ), Ergun G\u00fcng\u00f6r ( Vali Yard\u0131mc\u0131s\u0131), Veli K\u00fc\u00e7\u00fck, Kemal Kerin\u00e7siz, Oktay Y\u0131ld\u0131r\u0131m\u2019\u0131n da aralar\u0131nda bulundu\u011fu 43 ki\u015fi hakk\u0131nda \u2018Kovu\u015fturmaya yer yok\u2019 karar\u0131 verildi. Karara yap\u0131lan itiraz da Sulh Ceza Mahkemesi taraf\u0131ndan reddedildi.<\/p>\n<p><strong>12- ANAYASA MAHKEMES\u0130 S\u00dcREC\u0130 NE DURUMDA?<\/strong><\/p>\n<p>Sulh Ceza Mahkemesinin ret karar\u0131na ili\u015fkin olarak Anayasa Mahkemesine (AYM) yap\u0131lan bireysel ba\u015fvuru hakk\u0131nda Anayasa Mahkemesi temmuz 2019\u2019da yarg\u0131lama devam etti\u011fi ve ba\u015fvuru yollar\u0131 t\u00fcketilmedi\u011fi gerek\u00e7esiyle kabul edilemezlik karar\u0131 verdi. AYM karar\u0131 da bu ba\u011flamda b\u00fct\u00fcnl\u00fckl\u00fc soru\u015fturma gereklili\u011fini g\u00f6rmezden gelmek anlam\u0131na geliyor.<\/p>\n<p><strong>13- AVRUPA \u0130NSAN HAKLARI MAHKEMES\u0130NE (A\u0130HM) YAPILAN BA\u015eVURU AYA\u011eINDA NASIL GEL\u0130\u015eMELER YA\u015eANIYOR?<\/strong><\/p>\n<p>Dink ailesi avukatlar\u0131 Anayasa Mahkemesinin vermi\u015f oldu\u011fu kabul edilmezlik karar\u0131 sonras\u0131 bu karar ve ba\u015fvuru konusu ile ilgili Avrupa \u0130nsan Haklar\u0131 Mahkemesine (A\u0130HM) ba\u015fvuruda bulundu. Ayr\u0131ca A\u0130HM\u2019ye M\u0130T g\u00f6revlileri \u00d6zel Y\u0131lmaz ve Handan Sel\u00e7uk hakk\u0131nda 2012 y\u0131l\u0131nda yap\u0131lan bir ba\u015fvuru daha vard\u0131 ve dosya incelemeye al\u0131nd\u0131 ancak buna dair bir karar hen\u00fcz yok.<\/p>\n<p><strong>14- HRANT\u2019IN ARKADA\u015eLARI YARGILAMANIN BA\u015eINDAN \u0130T\u0130BAREN \u201cB\u0130Z B\u0130TT\u0130 DEMEDEN BU DAVA B\u0130TMEZ\u201d D\u0130YORDU, \u201cB\u0130TT\u0130\u201d DEN\u0130LECEK A\u015eAMAYA NE KADAR YAKINIZ?<\/strong><\/p>\n<p>Bu s\u00f6ylemin tek bir boyutu yok, ama hukuksal olarak \u2018Bitti\u2019 a\u015famas\u0131na gelebilmek i\u00e7in maddi ger\u00e7e\u011fin t\u00fcm y\u00f6nleri ile a\u00e7\u0131\u011fa \u00e7\u0131kar\u0131lmas\u0131 gerekiyor. Ancak mevcut dosya durumu bu a\u015famada de\u011fil.<\/p>\n<p>\u015eunu hat\u0131rlatmak gerekiyor ki, yarg\u0131lama boyunca toplamda be\u015f kez heyet ve savc\u0131 de\u011fi\u015fikli\u011fi oldu. Son olarak Hakim Ak\u0131n G\u00fcrlek\u2019in ba\u015fkan\u0131 oldu\u011fu heyet yarg\u0131lamay\u0131 y\u00fcr\u00fct\u00fcyor. Savc\u0131 Muhammed \u0130kbal Anar yarg\u0131laman\u0131n be\u015finci savc\u0131s\u0131.<\/p>\n<p>Hukuksal olarak bu s\u00fcre\u00e7, bir yerde t\u0131kanacak m\u0131 yoksa devam m\u0131 edecek, h\u0131zla m\u0131 ilerleyecek yoksa yukar\u0131da anlatt\u0131\u011f\u0131m\u0131z s\u00fcre\u00e7lerde g\u00f6r\u00fcld\u00fc\u011f\u00fc \u00fczere yava\u015f m\u0131 ilerleyecek bunu ya\u015fayarak g\u00f6rece\u011fiz. Ama bu dava T\u00fcrkiye\u2019de \u015fu ana kadar siyasi cinayet dosyalar\u0131nda en \u00e7ok kamu g\u00f6revlisinin yarg\u0131land\u0131\u011f\u0131 bir dava olarak haf\u0131zalara kaz\u0131nacak.<\/p>\n<hr \/>\n<p><em><strong><a href=\"https:\/\/www.evrensel.net\/haber\/428920\/14-yilinda-14-soruda-hrant-dink-cinayeti-davasi\" target=\"_blank\" rel=\"noopener noreferrer\">Evrensel Gazetesi<\/a>\u00a0<\/strong><\/em><\/p>\n","protected":false},"excerpt":{"rendered":"<p>Gazeteci Hrant Dink cinayetine ili\u015fkin a\u00e7\u0131lan davada 26 Mart Cuma g\u00fcn\u00fc karar a\u00e7\u0131klanmas\u0131 bekleniyor, ancak adalete hen\u00fcz \u00e7ok uza\u011f\u0131z. Meltem AKYOL Agos Gazetesi Genel Yay\u0131n Y\u00f6netmeni Hrant Dink 14 y\u0131l \u00f6nce, \u0130stanbul\u2019un en i\u015flek caddelerinden birinde, Agos gazetesinin \u00f6n\u00fcnde, silahl\u0131 sald\u0131r\u0131ya u\u011frad\u0131, hayat\u0131n\u0131 kaybetti. Zaten uzun s\u00fcredir hedefteydi, cinayetin ta\u015flar\u0131 ad\u0131m ad\u0131m d\u00f6\u015fenmi\u015fti. Tetik\u00e7i ise [&hellip;]<\/p>\n","protected":false},"author":7,"featured_media":62073,"comment_status":"open","ping_status":"open","sticky":false,"template":"","format":"standard","meta":{"footnotes":""},"categories":[1],"tags":[],"class_list":["post-62072","post","type-post","status-publish","format-standard","has-post-thumbnail","hentry","category-haberler"],"yoast_head":"<!-- This site is optimized with the Yoast SEO plugin v27.4 - https:\/\/yoast.com\/product\/yoast-seo-wordpress\/ -->\n<title>14. y\u0131l\u0131nda 14 soruda Hrant Dink cinayeti davas\u0131 - Bati Ermenistan Ve Bati Ermenileri Sorunlari Ara\u015ftirmalar Merkezi<\/title>\n<meta name=\"robots\" content=\"index, follow, max-snippet:-1, max-image-preview:large, max-video-preview:-1\" \/>\n<link rel=\"canonical\" href=\"https:\/\/akunq.net\/tr\/?p=62072\" \/>\n<meta property=\"og:locale\" content=\"en_US\" \/>\n<meta property=\"og:type\" content=\"article\" \/>\n<meta property=\"og:title\" content=\"14. y\u0131l\u0131nda 14 soruda Hrant Dink cinayeti davas\u0131 - Bati Ermenistan Ve Bati Ermenileri Sorunlari Ara\u015ftirmalar Merkezi\" \/>\n<meta property=\"og:description\" content=\"Gazeteci Hrant Dink cinayetine ili\u015fkin a\u00e7\u0131lan davada 26 Mart Cuma g\u00fcn\u00fc karar a\u00e7\u0131klanmas\u0131 bekleniyor, ancak adalete hen\u00fcz \u00e7ok uza\u011f\u0131z. Meltem AKYOL Agos Gazetesi Genel Yay\u0131n Y\u00f6netmeni Hrant Dink 14 y\u0131l \u00f6nce, \u0130stanbul\u2019un en i\u015flek caddelerinden birinde, Agos gazetesinin \u00f6n\u00fcnde, silahl\u0131 sald\u0131r\u0131ya u\u011frad\u0131, hayat\u0131n\u0131 kaybetti. Zaten uzun s\u00fcredir hedefteydi, cinayetin ta\u015flar\u0131 ad\u0131m ad\u0131m d\u00f6\u015fenmi\u015fti. Tetik\u00e7i ise [&hellip;]\" \/>\n<meta property=\"og:url\" content=\"https:\/\/akunq.net\/tr\/?p=62072\" \/>\n<meta property=\"og:site_name\" content=\"Bati Ermenistan Ve Bati Ermenileri Sorunlari Ara\u015ftirmalar Merkezi\" \/>\n<meta property=\"article:published_time\" content=\"2021-03-26T07:32:02+00:00\" \/>\n<meta property=\"og:image\" content=\"https:\/\/akunq.net\/tr\/wp-content\/uploads\/sites\/6\/2021\/03\/Hrant-Dink-4.jpg\" \/>\n\t<meta property=\"og:image:width\" content=\"1200\" \/>\n\t<meta property=\"og:image:height\" content=\"628\" \/>\n\t<meta property=\"og:image:type\" content=\"image\/jpeg\" \/>\n<meta name=\"author\" content=\"admin\" \/>\n<meta name=\"twitter:card\" content=\"summary_large_image\" \/>\n<meta name=\"twitter:label1\" content=\"Written by\" \/>\n\t<meta name=\"twitter:data1\" content=\"admin\" \/>\n\t<meta name=\"twitter:label2\" content=\"Est. reading time\" \/>\n\t<meta name=\"twitter:data2\" content=\"29 minutes\" \/>\n<script type=\"application\/ld+json\" class=\"yoast-schema-graph\">{\"@context\":\"https:\\\/\\\/schema.org\",\"@graph\":[{\"@type\":\"Article\",\"@id\":\"https:\\\/\\\/akunq.net\\\/tr\\\/?p=62072#article\",\"isPartOf\":{\"@id\":\"https:\\\/\\\/akunq.net\\\/tr\\\/?p=62072\"},\"author\":{\"name\":\"admin\",\"@id\":\"https:\\\/\\\/akunq.net\\\/tr\\\/#\\\/schema\\\/person\\\/096f1d38a12cce57fb855b485ed24c9e\"},\"headline\":\"14. y\u0131l\u0131nda 14 soruda Hrant Dink cinayeti davas\u0131\",\"datePublished\":\"2021-03-26T07:32:02+00:00\",\"mainEntityOfPage\":{\"@id\":\"https:\\\/\\\/akunq.net\\\/tr\\\/?p=62072\"},\"wordCount\":5806,\"commentCount\":0,\"image\":{\"@id\":\"https:\\\/\\\/akunq.net\\\/tr\\\/?p=62072#primaryimage\"},\"thumbnailUrl\":\"https:\\\/\\\/akunq.net\\\/tr\\\/wp-content\\\/uploads\\\/sites\\\/6\\\/2021\\\/03\\\/Hrant-Dink-4.jpg\",\"articleSection\":[\"Haberler\"],\"inLanguage\":\"en-US\",\"potentialAction\":[{\"@type\":\"CommentAction\",\"name\":\"Comment\",\"target\":[\"https:\\\/\\\/akunq.net\\\/tr\\\/?p=62072#respond\"]}]},{\"@type\":\"WebPage\",\"@id\":\"https:\\\/\\\/akunq.net\\\/tr\\\/?p=62072\",\"url\":\"https:\\\/\\\/akunq.net\\\/tr\\\/?p=62072\",\"name\":\"14. y\u0131l\u0131nda 14 soruda Hrant Dink cinayeti davas\u0131 - Bati Ermenistan Ve Bati Ermenileri Sorunlari Ara\u015ftirmalar Merkezi\",\"isPartOf\":{\"@id\":\"https:\\\/\\\/akunq.net\\\/tr\\\/#website\"},\"primaryImageOfPage\":{\"@id\":\"https:\\\/\\\/akunq.net\\\/tr\\\/?p=62072#primaryimage\"},\"image\":{\"@id\":\"https:\\\/\\\/akunq.net\\\/tr\\\/?p=62072#primaryimage\"},\"thumbnailUrl\":\"https:\\\/\\\/akunq.net\\\/tr\\\/wp-content\\\/uploads\\\/sites\\\/6\\\/2021\\\/03\\\/Hrant-Dink-4.jpg\",\"datePublished\":\"2021-03-26T07:32:02+00:00\",\"author\":{\"@id\":\"https:\\\/\\\/akunq.net\\\/tr\\\/#\\\/schema\\\/person\\\/096f1d38a12cce57fb855b485ed24c9e\"},\"breadcrumb\":{\"@id\":\"https:\\\/\\\/akunq.net\\\/tr\\\/?p=62072#breadcrumb\"},\"inLanguage\":\"en-US\",\"potentialAction\":[{\"@type\":\"ReadAction\",\"target\":[\"https:\\\/\\\/akunq.net\\\/tr\\\/?p=62072\"]}]},{\"@type\":\"ImageObject\",\"inLanguage\":\"en-US\",\"@id\":\"https:\\\/\\\/akunq.net\\\/tr\\\/?p=62072#primaryimage\",\"url\":\"https:\\\/\\\/akunq.net\\\/tr\\\/wp-content\\\/uploads\\\/sites\\\/6\\\/2021\\\/03\\\/Hrant-Dink-4.jpg\",\"contentUrl\":\"https:\\\/\\\/akunq.net\\\/tr\\\/wp-content\\\/uploads\\\/sites\\\/6\\\/2021\\\/03\\\/Hrant-Dink-4.jpg\",\"width\":1200,\"height\":628},{\"@type\":\"BreadcrumbList\",\"@id\":\"https:\\\/\\\/akunq.net\\\/tr\\\/?p=62072#breadcrumb\",\"itemListElement\":[{\"@type\":\"ListItem\",\"position\":1,\"name\":\"Home\",\"item\":\"https:\\\/\\\/akunq.net\\\/tr\"},{\"@type\":\"ListItem\",\"position\":2,\"name\":\"14. y\u0131l\u0131nda 14 soruda Hrant Dink cinayeti davas\u0131\"}]},{\"@type\":\"WebSite\",\"@id\":\"https:\\\/\\\/akunq.net\\\/tr\\\/#website\",\"url\":\"https:\\\/\\\/akunq.net\\\/tr\\\/\",\"name\":\"Bati Ermenistan Ve Bati Ermenileri Sorunlari Ara\u015ftirmalar Merkezi\",\"description\":\"\",\"potentialAction\":[{\"@type\":\"SearchAction\",\"target\":{\"@type\":\"EntryPoint\",\"urlTemplate\":\"https:\\\/\\\/akunq.net\\\/tr\\\/?s={search_term_string}\"},\"query-input\":{\"@type\":\"PropertyValueSpecification\",\"valueRequired\":true,\"valueName\":\"search_term_string\"}}],\"inLanguage\":\"en-US\"},{\"@type\":\"Person\",\"@id\":\"https:\\\/\\\/akunq.net\\\/tr\\\/#\\\/schema\\\/person\\\/096f1d38a12cce57fb855b485ed24c9e\",\"name\":\"admin\",\"url\":\"https:\\\/\\\/akunq.net\\\/tr\\\/?author=7\"}]}<\/script>\n<!-- \/ Yoast SEO plugin. -->","yoast_head_json":{"title":"14. y\u0131l\u0131nda 14 soruda Hrant Dink cinayeti davas\u0131 - Bati Ermenistan Ve Bati Ermenileri Sorunlari Ara\u015ftirmalar Merkezi","robots":{"index":"index","follow":"follow","max-snippet":"max-snippet:-1","max-image-preview":"max-image-preview:large","max-video-preview":"max-video-preview:-1"},"canonical":"https:\/\/akunq.net\/tr\/?p=62072","og_locale":"en_US","og_type":"article","og_title":"14. y\u0131l\u0131nda 14 soruda Hrant Dink cinayeti davas\u0131 - Bati Ermenistan Ve Bati Ermenileri Sorunlari Ara\u015ftirmalar Merkezi","og_description":"Gazeteci Hrant Dink cinayetine ili\u015fkin a\u00e7\u0131lan davada 26 Mart Cuma g\u00fcn\u00fc karar a\u00e7\u0131klanmas\u0131 bekleniyor, ancak adalete hen\u00fcz \u00e7ok uza\u011f\u0131z. Meltem AKYOL Agos Gazetesi Genel Yay\u0131n Y\u00f6netmeni Hrant Dink 14 y\u0131l \u00f6nce, \u0130stanbul\u2019un en i\u015flek caddelerinden birinde, Agos gazetesinin \u00f6n\u00fcnde, silahl\u0131 sald\u0131r\u0131ya u\u011frad\u0131, hayat\u0131n\u0131 kaybetti. Zaten uzun s\u00fcredir hedefteydi, cinayetin ta\u015flar\u0131 ad\u0131m ad\u0131m d\u00f6\u015fenmi\u015fti. Tetik\u00e7i ise [&hellip;]","og_url":"https:\/\/akunq.net\/tr\/?p=62072","og_site_name":"Bati Ermenistan Ve Bati Ermenileri Sorunlari Ara\u015ftirmalar Merkezi","article_published_time":"2021-03-26T07:32:02+00:00","og_image":[{"width":1200,"height":628,"url":"https:\/\/akunq.net\/tr\/wp-content\/uploads\/sites\/6\/2021\/03\/Hrant-Dink-4.jpg","type":"image\/jpeg"}],"author":"admin","twitter_card":"summary_large_image","twitter_misc":{"Written by":"admin","Est. reading time":"29 minutes"},"schema":{"@context":"https:\/\/schema.org","@graph":[{"@type":"Article","@id":"https:\/\/akunq.net\/tr\/?p=62072#article","isPartOf":{"@id":"https:\/\/akunq.net\/tr\/?p=62072"},"author":{"name":"admin","@id":"https:\/\/akunq.net\/tr\/#\/schema\/person\/096f1d38a12cce57fb855b485ed24c9e"},"headline":"14. y\u0131l\u0131nda 14 soruda Hrant Dink cinayeti davas\u0131","datePublished":"2021-03-26T07:32:02+00:00","mainEntityOfPage":{"@id":"https:\/\/akunq.net\/tr\/?p=62072"},"wordCount":5806,"commentCount":0,"image":{"@id":"https:\/\/akunq.net\/tr\/?p=62072#primaryimage"},"thumbnailUrl":"https:\/\/akunq.net\/tr\/wp-content\/uploads\/sites\/6\/2021\/03\/Hrant-Dink-4.jpg","articleSection":["Haberler"],"inLanguage":"en-US","potentialAction":[{"@type":"CommentAction","name":"Comment","target":["https:\/\/akunq.net\/tr\/?p=62072#respond"]}]},{"@type":"WebPage","@id":"https:\/\/akunq.net\/tr\/?p=62072","url":"https:\/\/akunq.net\/tr\/?p=62072","name":"14. y\u0131l\u0131nda 14 soruda Hrant Dink cinayeti davas\u0131 - Bati Ermenistan Ve Bati Ermenileri Sorunlari Ara\u015ftirmalar Merkezi","isPartOf":{"@id":"https:\/\/akunq.net\/tr\/#website"},"primaryImageOfPage":{"@id":"https:\/\/akunq.net\/tr\/?p=62072#primaryimage"},"image":{"@id":"https:\/\/akunq.net\/tr\/?p=62072#primaryimage"},"thumbnailUrl":"https:\/\/akunq.net\/tr\/wp-content\/uploads\/sites\/6\/2021\/03\/Hrant-Dink-4.jpg","datePublished":"2021-03-26T07:32:02+00:00","author":{"@id":"https:\/\/akunq.net\/tr\/#\/schema\/person\/096f1d38a12cce57fb855b485ed24c9e"},"breadcrumb":{"@id":"https:\/\/akunq.net\/tr\/?p=62072#breadcrumb"},"inLanguage":"en-US","potentialAction":[{"@type":"ReadAction","target":["https:\/\/akunq.net\/tr\/?p=62072"]}]},{"@type":"ImageObject","inLanguage":"en-US","@id":"https:\/\/akunq.net\/tr\/?p=62072#primaryimage","url":"https:\/\/akunq.net\/tr\/wp-content\/uploads\/sites\/6\/2021\/03\/Hrant-Dink-4.jpg","contentUrl":"https:\/\/akunq.net\/tr\/wp-content\/uploads\/sites\/6\/2021\/03\/Hrant-Dink-4.jpg","width":1200,"height":628},{"@type":"BreadcrumbList","@id":"https:\/\/akunq.net\/tr\/?p=62072#breadcrumb","itemListElement":[{"@type":"ListItem","position":1,"name":"Home","item":"https:\/\/akunq.net\/tr"},{"@type":"ListItem","position":2,"name":"14. y\u0131l\u0131nda 14 soruda Hrant Dink cinayeti davas\u0131"}]},{"@type":"WebSite","@id":"https:\/\/akunq.net\/tr\/#website","url":"https:\/\/akunq.net\/tr\/","name":"Bati Ermenistan Ve Bati Ermenileri Sorunlari Ara\u015ftirmalar Merkezi","description":"","potentialAction":[{"@type":"SearchAction","target":{"@type":"EntryPoint","urlTemplate":"https:\/\/akunq.net\/tr\/?s={search_term_string}"},"query-input":{"@type":"PropertyValueSpecification","valueRequired":true,"valueName":"search_term_string"}}],"inLanguage":"en-US"},{"@type":"Person","@id":"https:\/\/akunq.net\/tr\/#\/schema\/person\/096f1d38a12cce57fb855b485ed24c9e","name":"admin","url":"https:\/\/akunq.net\/tr\/?author=7"}]}},"_links":{"self":[{"href":"https:\/\/akunq.net\/tr\/index.php?rest_route=\/wp\/v2\/posts\/62072","targetHints":{"allow":["GET"]}}],"collection":[{"href":"https:\/\/akunq.net\/tr\/index.php?rest_route=\/wp\/v2\/posts"}],"about":[{"href":"https:\/\/akunq.net\/tr\/index.php?rest_route=\/wp\/v2\/types\/post"}],"author":[{"embeddable":true,"href":"https:\/\/akunq.net\/tr\/index.php?rest_route=\/wp\/v2\/users\/7"}],"replies":[{"embeddable":true,"href":"https:\/\/akunq.net\/tr\/index.php?rest_route=%2Fwp%2Fv2%2Fcomments&post=62072"}],"version-history":[{"count":1,"href":"https:\/\/akunq.net\/tr\/index.php?rest_route=\/wp\/v2\/posts\/62072\/revisions"}],"predecessor-version":[{"id":62074,"href":"https:\/\/akunq.net\/tr\/index.php?rest_route=\/wp\/v2\/posts\/62072\/revisions\/62074"}],"wp:featuredmedia":[{"embeddable":true,"href":"https:\/\/akunq.net\/tr\/index.php?rest_route=\/wp\/v2\/media\/62073"}],"wp:attachment":[{"href":"https:\/\/akunq.net\/tr\/index.php?rest_route=%2Fwp%2Fv2%2Fmedia&parent=62072"}],"wp:term":[{"taxonomy":"category","embeddable":true,"href":"https:\/\/akunq.net\/tr\/index.php?rest_route=%2Fwp%2Fv2%2Fcategories&post=62072"},{"taxonomy":"post_tag","embeddable":true,"href":"https:\/\/akunq.net\/tr\/index.php?rest_route=%2Fwp%2Fv2%2Ftags&post=62072"}],"curies":[{"name":"wp","href":"https:\/\/api.w.org\/{rel}","templated":true}]}}