{"id":62069,"date":"2021-03-26T02:18:59","date_gmt":"2021-03-26T07:18:59","guid":{"rendered":"https:\/\/akunq.net\/tr\/?p=62069"},"modified":"2021-03-26T02:18:59","modified_gmt":"2021-03-26T07:18:59","slug":"kim-ve-courtney-kardashianlar-ve-baska-ermeni-unluler-bidene-yonelik-ermeni-soykirimini-tanima-cagrisina-katildi","status":"publish","type":"post","link":"https:\/\/akunq.net\/tr\/?p=62069","title":{"rendered":"Kim ve Courtney Kardashianlar ve ba\u015fka Ermeni \u00fcnl\u00fcler Biden\u2019e y\u00f6nelik Ermeni Soyk\u0131r\u0131m\u0131&#8217;n\u0131 tan\u0131ma \u00e7a\u011fr\u0131s\u0131na kat\u0131ld\u0131"},"content":{"rendered":"<p><img loading=\"lazy\" decoding=\"async\" class=\"aligncenter size-medium wp-image-62070\" src=\"https:\/\/akunq.net\/tr\/wp-content\/uploads\/2021\/03\/Kim-ve-Courtney-Kardashianlar-360x214.jpg\" alt=\"\" width=\"360\" height=\"214\" srcset=\"https:\/\/akunq.net\/tr\/wp-content\/uploads\/sites\/6\/2021\/03\/Kim-ve-Courtney-Kardashianlar-360x214.jpg 360w, https:\/\/akunq.net\/tr\/wp-content\/uploads\/sites\/6\/2021\/03\/Kim-ve-Courtney-Kardashianlar-560x333.jpg 560w, https:\/\/akunq.net\/tr\/wp-content\/uploads\/sites\/6\/2021\/03\/Kim-ve-Courtney-Kardashianlar-260x155.jpg 260w, https:\/\/akunq.net\/tr\/wp-content\/uploads\/sites\/6\/2021\/03\/Kim-ve-Courtney-Kardashianlar-160x95.jpg 160w, https:\/\/akunq.net\/tr\/wp-content\/uploads\/sites\/6\/2021\/03\/Kim-ve-Courtney-Kardashianlar.jpg 670w\" sizes=\"auto, (max-width: 360px) 100vw, 360px\" \/><\/p>\n<p style=\"font-weight: 400;\"><em><strong>Amerikal\u0131 reality show y\u0131ld\u0131z\u0131, i\u015fadam\u0131 Kim Kardashian, annesi Chris Jenner ve k\u0131zkarde\u015fi Courtney Kardashian, Ermeni Soyk\u0131r\u0131m\u0131&#8217;n\u0131 tan\u0131mak i\u00e7in Amerika Ermeni Ulusal Komitesi&#8217;nin (ANCA) kampanyas\u0131na kat\u0131ld\u0131. Kampanya ABD Cumhurba\u015fkan\u0131 Biden\u2019i Ermeni Soyk\u0131r\u0131m\u0131n\u0131 tan\u0131maya \u00e7a\u011f\u0131r\u0131yor.<\/strong><\/em><\/p>\n<p style=\"font-weight: 400;\">Amerika Ermeni Milli Komitesi&#8217;nin (ANCA) challenge\u2019i kabul ederek, Instagram sayfalar\u0131nda &#8220;Ermeni Soyk\u0131r\u0131m\u0131&#8217;n\u0131 tan\u0131yorum&#8221; ba\u015fl\u0131\u011f\u0131yla foto\u011fraf\u0131 payla\u015fan \u00fcnl\u00fcler sayfalar\u0131nda ayn\u0131 payla\u015f\u0131m\u0131 yapmas\u0131 gereken be\u015f ki\u015fiyi etiketlediler.<\/p>\n<p style=\"font-weight: 400;\">Kampanyaya Ermeni \u00fcnl\u00fc rock m\u00fczisyen, System of a Down grubunun solisti Serj Tankian, Amerikal\u0131 Ermeni doktor, Los Angeles \u00dcniversitesi David Geffen T\u0131p Merkezi y\u00f6netmeni, yap\u0131mc\u0131 Eric Esrailian da kat\u0131ld\u0131.<\/p>\n<p><em><strong>https:\/\/www.ermenihaber.am\/tr\/news\/2021\/03\/25\/Kim-Courtney-Kardashian-Biden-Ermeni-Soyk%C4%B1r%C4%B1m%C4%B1\/204901\u00a0<\/strong><\/em><\/p>\n<p>&nbsp;<\/p>\n","protected":false},"excerpt":{"rendered":"<p>Amerikal\u0131 reality show y\u0131ld\u0131z\u0131, i\u015fadam\u0131 Kim Kardashian, annesi Chris Jenner ve k\u0131zkarde\u015fi Courtney Kardashian, Ermeni Soyk\u0131r\u0131m\u0131&#8217;n\u0131 tan\u0131mak i\u00e7in Amerika Ermeni Ulusal Komitesi&#8217;nin (ANCA) kampanyas\u0131na kat\u0131ld\u0131. Kampanya ABD Cumhurba\u015fkan\u0131 Biden\u2019i Ermeni Soyk\u0131r\u0131m\u0131n\u0131 tan\u0131maya \u00e7a\u011f\u0131r\u0131yor. Amerika Ermeni Milli Komitesi&#8217;nin (ANCA) challenge\u2019i kabul ederek, Instagram sayfalar\u0131nda &#8220;Ermeni Soyk\u0131r\u0131m\u0131&#8217;n\u0131 tan\u0131yorum&#8221; ba\u015fl\u0131\u011f\u0131yla foto\u011fraf\u0131 payla\u015fan \u00fcnl\u00fcler sayfalar\u0131nda ayn\u0131 payla\u015f\u0131m\u0131 yapmas\u0131 gereken [&hellip;]<\/p>\n","protected":false},"author":7,"featured_media":62070,"comment_status":"open","ping_status":"open","sticky":false,"template":"","format":"standard","meta":{"footnotes":""},"categories":[44,1],"tags":[],"class_list":["post-62069","post","type-post","status-publish","format-standard","has-post-thumbnail","hentry","category-ermeni-soykirimi","category-haberler"],"yoast_head":"<!-- This site is optimized with the Yoast SEO plugin v27.4 - https:\/\/yoast.com\/product\/yoast-seo-wordpress\/ -->\n<title>Kim ve Courtney Kardashianlar ve ba\u015fka Ermeni \u00fcnl\u00fcler Biden\u2019e y\u00f6nelik Ermeni Soyk\u0131r\u0131m\u0131&#039;n\u0131 tan\u0131ma \u00e7a\u011fr\u0131s\u0131na kat\u0131ld\u0131 - Bati Ermenistan Ve Bati Ermenileri Sorunlari Ara\u015ftirmalar Merkezi<\/title>\n<meta name=\"robots\" content=\"index, follow, max-snippet:-1, max-image-preview:large, max-video-preview:-1\" \/>\n<link rel=\"canonical\" href=\"https:\/\/akunq.net\/tr\/?p=62069\" \/>\n<meta property=\"og:locale\" content=\"en_US\" \/>\n<meta property=\"og:type\" content=\"article\" \/>\n<meta property=\"og:title\" content=\"Kim ve Courtney Kardashianlar ve ba\u015fka Ermeni \u00fcnl\u00fcler Biden\u2019e y\u00f6nelik Ermeni Soyk\u0131r\u0131m\u0131&#039;n\u0131 tan\u0131ma \u00e7a\u011fr\u0131s\u0131na kat\u0131ld\u0131 - Bati Ermenistan Ve Bati Ermenileri Sorunlari Ara\u015ftirmalar Merkezi\" \/>\n<meta property=\"og:description\" content=\"Amerikal\u0131 reality show y\u0131ld\u0131z\u0131, i\u015fadam\u0131 Kim Kardashian, annesi Chris Jenner ve k\u0131zkarde\u015fi Courtney Kardashian, Ermeni Soyk\u0131r\u0131m\u0131&#8217;n\u0131 tan\u0131mak i\u00e7in Amerika Ermeni Ulusal Komitesi&#8217;nin (ANCA) kampanyas\u0131na kat\u0131ld\u0131. Kampanya ABD Cumhurba\u015fkan\u0131 Biden\u2019i Ermeni Soyk\u0131r\u0131m\u0131n\u0131 tan\u0131maya \u00e7a\u011f\u0131r\u0131yor. Amerika Ermeni Milli Komitesi&#8217;nin (ANCA) challenge\u2019i kabul ederek, Instagram sayfalar\u0131nda &#8220;Ermeni Soyk\u0131r\u0131m\u0131&#8217;n\u0131 tan\u0131yorum&#8221; ba\u015fl\u0131\u011f\u0131yla foto\u011fraf\u0131 payla\u015fan \u00fcnl\u00fcler sayfalar\u0131nda ayn\u0131 payla\u015f\u0131m\u0131 yapmas\u0131 gereken [&hellip;]\" \/>\n<meta property=\"og:url\" content=\"https:\/\/akunq.net\/tr\/?p=62069\" \/>\n<meta property=\"og:site_name\" content=\"Bati Ermenistan Ve Bati Ermenileri Sorunlari Ara\u015ftirmalar Merkezi\" \/>\n<meta property=\"article:published_time\" content=\"2021-03-26T07:18:59+00:00\" \/>\n<meta property=\"og:image\" content=\"https:\/\/akunq.net\/tr\/wp-content\/uploads\/sites\/6\/2021\/03\/Kim-ve-Courtney-Kardashianlar.jpg\" \/>\n\t<meta property=\"og:image:width\" content=\"670\" \/>\n\t<meta property=\"og:image:height\" content=\"399\" \/>\n\t<meta property=\"og:image:type\" content=\"image\/jpeg\" \/>\n<meta name=\"author\" content=\"admin\" \/>\n<meta name=\"twitter:card\" content=\"summary_large_image\" \/>\n<meta name=\"twitter:label1\" content=\"Written by\" \/>\n\t<meta name=\"twitter:data1\" content=\"admin\" \/>\n\t<meta name=\"twitter:label2\" content=\"Est. reading time\" \/>\n\t<meta name=\"twitter:data2\" content=\"1 minute\" \/>\n<script type=\"application\/ld+json\" class=\"yoast-schema-graph\">{\"@context\":\"https:\\\/\\\/schema.org\",\"@graph\":[{\"@type\":\"Article\",\"@id\":\"https:\\\/\\\/akunq.net\\\/tr\\\/?p=62069#article\",\"isPartOf\":{\"@id\":\"https:\\\/\\\/akunq.net\\\/tr\\\/?p=62069\"},\"author\":{\"name\":\"admin\",\"@id\":\"https:\\\/\\\/akunq.net\\\/tr\\\/#\\\/schema\\\/person\\\/096f1d38a12cce57fb855b485ed24c9e\"},\"headline\":\"Kim ve Courtney Kardashianlar ve ba\u015fka Ermeni \u00fcnl\u00fcler Biden\u2019e y\u00f6nelik Ermeni Soyk\u0131r\u0131m\u0131&#8217;n\u0131 tan\u0131ma \u00e7a\u011fr\u0131s\u0131na kat\u0131ld\u0131\",\"datePublished\":\"2021-03-26T07:18:59+00:00\",\"mainEntityOfPage\":{\"@id\":\"https:\\\/\\\/akunq.net\\\/tr\\\/?p=62069\"},\"wordCount\":169,\"commentCount\":0,\"image\":{\"@id\":\"https:\\\/\\\/akunq.net\\\/tr\\\/?p=62069#primaryimage\"},\"thumbnailUrl\":\"https:\\\/\\\/akunq.net\\\/tr\\\/wp-content\\\/uploads\\\/sites\\\/6\\\/2021\\\/03\\\/Kim-ve-Courtney-Kardashianlar.jpg\",\"articleSection\":[\"Ermeni Soyk\u0131r\u0131m\u0131\",\"Haberler\"],\"inLanguage\":\"en-US\",\"potentialAction\":[{\"@type\":\"CommentAction\",\"name\":\"Comment\",\"target\":[\"https:\\\/\\\/akunq.net\\\/tr\\\/?p=62069#respond\"]}]},{\"@type\":\"WebPage\",\"@id\":\"https:\\\/\\\/akunq.net\\\/tr\\\/?p=62069\",\"url\":\"https:\\\/\\\/akunq.net\\\/tr\\\/?p=62069\",\"name\":\"Kim ve Courtney Kardashianlar ve ba\u015fka Ermeni \u00fcnl\u00fcler Biden\u2019e y\u00f6nelik Ermeni Soyk\u0131r\u0131m\u0131'n\u0131 tan\u0131ma \u00e7a\u011fr\u0131s\u0131na kat\u0131ld\u0131 - Bati Ermenistan Ve Bati Ermenileri Sorunlari Ara\u015ftirmalar Merkezi\",\"isPartOf\":{\"@id\":\"https:\\\/\\\/akunq.net\\\/tr\\\/#website\"},\"primaryImageOfPage\":{\"@id\":\"https:\\\/\\\/akunq.net\\\/tr\\\/?p=62069#primaryimage\"},\"image\":{\"@id\":\"https:\\\/\\\/akunq.net\\\/tr\\\/?p=62069#primaryimage\"},\"thumbnailUrl\":\"https:\\\/\\\/akunq.net\\\/tr\\\/wp-content\\\/uploads\\\/sites\\\/6\\\/2021\\\/03\\\/Kim-ve-Courtney-Kardashianlar.jpg\",\"datePublished\":\"2021-03-26T07:18:59+00:00\",\"author\":{\"@id\":\"https:\\\/\\\/akunq.net\\\/tr\\\/#\\\/schema\\\/person\\\/096f1d38a12cce57fb855b485ed24c9e\"},\"breadcrumb\":{\"@id\":\"https:\\\/\\\/akunq.net\\\/tr\\\/?p=62069#breadcrumb\"},\"inLanguage\":\"en-US\",\"potentialAction\":[{\"@type\":\"ReadAction\",\"target\":[\"https:\\\/\\\/akunq.net\\\/tr\\\/?p=62069\"]}]},{\"@type\":\"ImageObject\",\"inLanguage\":\"en-US\",\"@id\":\"https:\\\/\\\/akunq.net\\\/tr\\\/?p=62069#primaryimage\",\"url\":\"https:\\\/\\\/akunq.net\\\/tr\\\/wp-content\\\/uploads\\\/sites\\\/6\\\/2021\\\/03\\\/Kim-ve-Courtney-Kardashianlar.jpg\",\"contentUrl\":\"https:\\\/\\\/akunq.net\\\/tr\\\/wp-content\\\/uploads\\\/sites\\\/6\\\/2021\\\/03\\\/Kim-ve-Courtney-Kardashianlar.jpg\",\"width\":670,\"height\":399},{\"@type\":\"BreadcrumbList\",\"@id\":\"https:\\\/\\\/akunq.net\\\/tr\\\/?p=62069#breadcrumb\",\"itemListElement\":[{\"@type\":\"ListItem\",\"position\":1,\"name\":\"Home\",\"item\":\"https:\\\/\\\/akunq.net\\\/tr\"},{\"@type\":\"ListItem\",\"position\":2,\"name\":\"Kim ve Courtney Kardashianlar ve ba\u015fka Ermeni \u00fcnl\u00fcler Biden\u2019e y\u00f6nelik Ermeni Soyk\u0131r\u0131m\u0131&#8217;n\u0131 tan\u0131ma \u00e7a\u011fr\u0131s\u0131na kat\u0131ld\u0131\"}]},{\"@type\":\"WebSite\",\"@id\":\"https:\\\/\\\/akunq.net\\\/tr\\\/#website\",\"url\":\"https:\\\/\\\/akunq.net\\\/tr\\\/\",\"name\":\"Bati Ermenistan Ve Bati Ermenileri Sorunlari Ara\u015ftirmalar Merkezi\",\"description\":\"\",\"potentialAction\":[{\"@type\":\"SearchAction\",\"target\":{\"@type\":\"EntryPoint\",\"urlTemplate\":\"https:\\\/\\\/akunq.net\\\/tr\\\/?s={search_term_string}\"},\"query-input\":{\"@type\":\"PropertyValueSpecification\",\"valueRequired\":true,\"valueName\":\"search_term_string\"}}],\"inLanguage\":\"en-US\"},{\"@type\":\"Person\",\"@id\":\"https:\\\/\\\/akunq.net\\\/tr\\\/#\\\/schema\\\/person\\\/096f1d38a12cce57fb855b485ed24c9e\",\"name\":\"admin\",\"url\":\"https:\\\/\\\/akunq.net\\\/tr\\\/?author=7\"}]}<\/script>\n<!-- \/ Yoast SEO plugin. -->","yoast_head_json":{"title":"Kim ve Courtney Kardashianlar ve ba\u015fka Ermeni \u00fcnl\u00fcler Biden\u2019e y\u00f6nelik Ermeni Soyk\u0131r\u0131m\u0131'n\u0131 tan\u0131ma \u00e7a\u011fr\u0131s\u0131na kat\u0131ld\u0131 - Bati Ermenistan Ve Bati Ermenileri Sorunlari Ara\u015ftirmalar Merkezi","robots":{"index":"index","follow":"follow","max-snippet":"max-snippet:-1","max-image-preview":"max-image-preview:large","max-video-preview":"max-video-preview:-1"},"canonical":"https:\/\/akunq.net\/tr\/?p=62069","og_locale":"en_US","og_type":"article","og_title":"Kim ve Courtney Kardashianlar ve ba\u015fka Ermeni \u00fcnl\u00fcler Biden\u2019e y\u00f6nelik Ermeni Soyk\u0131r\u0131m\u0131'n\u0131 tan\u0131ma \u00e7a\u011fr\u0131s\u0131na kat\u0131ld\u0131 - Bati Ermenistan Ve Bati Ermenileri Sorunlari Ara\u015ftirmalar Merkezi","og_description":"Amerikal\u0131 reality show y\u0131ld\u0131z\u0131, i\u015fadam\u0131 Kim Kardashian, annesi Chris Jenner ve k\u0131zkarde\u015fi Courtney Kardashian, Ermeni Soyk\u0131r\u0131m\u0131&#8217;n\u0131 tan\u0131mak i\u00e7in Amerika Ermeni Ulusal Komitesi&#8217;nin (ANCA) kampanyas\u0131na kat\u0131ld\u0131. Kampanya ABD Cumhurba\u015fkan\u0131 Biden\u2019i Ermeni Soyk\u0131r\u0131m\u0131n\u0131 tan\u0131maya \u00e7a\u011f\u0131r\u0131yor. Amerika Ermeni Milli Komitesi&#8217;nin (ANCA) challenge\u2019i kabul ederek, Instagram sayfalar\u0131nda &#8220;Ermeni Soyk\u0131r\u0131m\u0131&#8217;n\u0131 tan\u0131yorum&#8221; ba\u015fl\u0131\u011f\u0131yla foto\u011fraf\u0131 payla\u015fan \u00fcnl\u00fcler sayfalar\u0131nda ayn\u0131 payla\u015f\u0131m\u0131 yapmas\u0131 gereken [&hellip;]","og_url":"https:\/\/akunq.net\/tr\/?p=62069","og_site_name":"Bati Ermenistan Ve Bati Ermenileri Sorunlari Ara\u015ftirmalar Merkezi","article_published_time":"2021-03-26T07:18:59+00:00","og_image":[{"width":670,"height":399,"url":"https:\/\/akunq.net\/tr\/wp-content\/uploads\/sites\/6\/2021\/03\/Kim-ve-Courtney-Kardashianlar.jpg","type":"image\/jpeg"}],"author":"admin","twitter_card":"summary_large_image","twitter_misc":{"Written by":"admin","Est. reading time":"1 minute"},"schema":{"@context":"https:\/\/schema.org","@graph":[{"@type":"Article","@id":"https:\/\/akunq.net\/tr\/?p=62069#article","isPartOf":{"@id":"https:\/\/akunq.net\/tr\/?p=62069"},"author":{"name":"admin","@id":"https:\/\/akunq.net\/tr\/#\/schema\/person\/096f1d38a12cce57fb855b485ed24c9e"},"headline":"Kim ve Courtney Kardashianlar ve ba\u015fka Ermeni \u00fcnl\u00fcler Biden\u2019e y\u00f6nelik Ermeni Soyk\u0131r\u0131m\u0131&#8217;n\u0131 tan\u0131ma \u00e7a\u011fr\u0131s\u0131na kat\u0131ld\u0131","datePublished":"2021-03-26T07:18:59+00:00","mainEntityOfPage":{"@id":"https:\/\/akunq.net\/tr\/?p=62069"},"wordCount":169,"commentCount":0,"image":{"@id":"https:\/\/akunq.net\/tr\/?p=62069#primaryimage"},"thumbnailUrl":"https:\/\/akunq.net\/tr\/wp-content\/uploads\/sites\/6\/2021\/03\/Kim-ve-Courtney-Kardashianlar.jpg","articleSection":["Ermeni Soyk\u0131r\u0131m\u0131","Haberler"],"inLanguage":"en-US","potentialAction":[{"@type":"CommentAction","name":"Comment","target":["https:\/\/akunq.net\/tr\/?p=62069#respond"]}]},{"@type":"WebPage","@id":"https:\/\/akunq.net\/tr\/?p=62069","url":"https:\/\/akunq.net\/tr\/?p=62069","name":"Kim ve Courtney Kardashianlar ve ba\u015fka Ermeni \u00fcnl\u00fcler Biden\u2019e y\u00f6nelik Ermeni Soyk\u0131r\u0131m\u0131'n\u0131 tan\u0131ma \u00e7a\u011fr\u0131s\u0131na kat\u0131ld\u0131 - Bati Ermenistan Ve Bati Ermenileri Sorunlari Ara\u015ftirmalar Merkezi","isPartOf":{"@id":"https:\/\/akunq.net\/tr\/#website"},"primaryImageOfPage":{"@id":"https:\/\/akunq.net\/tr\/?p=62069#primaryimage"},"image":{"@id":"https:\/\/akunq.net\/tr\/?p=62069#primaryimage"},"thumbnailUrl":"https:\/\/akunq.net\/tr\/wp-content\/uploads\/sites\/6\/2021\/03\/Kim-ve-Courtney-Kardashianlar.jpg","datePublished":"2021-03-26T07:18:59+00:00","author":{"@id":"https:\/\/akunq.net\/tr\/#\/schema\/person\/096f1d38a12cce57fb855b485ed24c9e"},"breadcrumb":{"@id":"https:\/\/akunq.net\/tr\/?p=62069#breadcrumb"},"inLanguage":"en-US","potentialAction":[{"@type":"ReadAction","target":["https:\/\/akunq.net\/tr\/?p=62069"]}]},{"@type":"ImageObject","inLanguage":"en-US","@id":"https:\/\/akunq.net\/tr\/?p=62069#primaryimage","url":"https:\/\/akunq.net\/tr\/wp-content\/uploads\/sites\/6\/2021\/03\/Kim-ve-Courtney-Kardashianlar.jpg","contentUrl":"https:\/\/akunq.net\/tr\/wp-content\/uploads\/sites\/6\/2021\/03\/Kim-ve-Courtney-Kardashianlar.jpg","width":670,"height":399},{"@type":"BreadcrumbList","@id":"https:\/\/akunq.net\/tr\/?p=62069#breadcrumb","itemListElement":[{"@type":"ListItem","position":1,"name":"Home","item":"https:\/\/akunq.net\/tr"},{"@type":"ListItem","position":2,"name":"Kim ve Courtney Kardashianlar ve ba\u015fka Ermeni \u00fcnl\u00fcler Biden\u2019e y\u00f6nelik Ermeni Soyk\u0131r\u0131m\u0131&#8217;n\u0131 tan\u0131ma \u00e7a\u011fr\u0131s\u0131na kat\u0131ld\u0131"}]},{"@type":"WebSite","@id":"https:\/\/akunq.net\/tr\/#website","url":"https:\/\/akunq.net\/tr\/","name":"Bati Ermenistan Ve Bati Ermenileri Sorunlari Ara\u015ftirmalar Merkezi","description":"","potentialAction":[{"@type":"SearchAction","target":{"@type":"EntryPoint","urlTemplate":"https:\/\/akunq.net\/tr\/?s={search_term_string}"},"query-input":{"@type":"PropertyValueSpecification","valueRequired":true,"valueName":"search_term_string"}}],"inLanguage":"en-US"},{"@type":"Person","@id":"https:\/\/akunq.net\/tr\/#\/schema\/person\/096f1d38a12cce57fb855b485ed24c9e","name":"admin","url":"https:\/\/akunq.net\/tr\/?author=7"}]}},"_links":{"self":[{"href":"https:\/\/akunq.net\/tr\/index.php?rest_route=\/wp\/v2\/posts\/62069","targetHints":{"allow":["GET"]}}],"collection":[{"href":"https:\/\/akunq.net\/tr\/index.php?rest_route=\/wp\/v2\/posts"}],"about":[{"href":"https:\/\/akunq.net\/tr\/index.php?rest_route=\/wp\/v2\/types\/post"}],"author":[{"embeddable":true,"href":"https:\/\/akunq.net\/tr\/index.php?rest_route=\/wp\/v2\/users\/7"}],"replies":[{"embeddable":true,"href":"https:\/\/akunq.net\/tr\/index.php?rest_route=%2Fwp%2Fv2%2Fcomments&post=62069"}],"version-history":[{"count":1,"href":"https:\/\/akunq.net\/tr\/index.php?rest_route=\/wp\/v2\/posts\/62069\/revisions"}],"predecessor-version":[{"id":62071,"href":"https:\/\/akunq.net\/tr\/index.php?rest_route=\/wp\/v2\/posts\/62069\/revisions\/62071"}],"wp:featuredmedia":[{"embeddable":true,"href":"https:\/\/akunq.net\/tr\/index.php?rest_route=\/wp\/v2\/media\/62070"}],"wp:attachment":[{"href":"https:\/\/akunq.net\/tr\/index.php?rest_route=%2Fwp%2Fv2%2Fmedia&parent=62069"}],"wp:term":[{"taxonomy":"category","embeddable":true,"href":"https:\/\/akunq.net\/tr\/index.php?rest_route=%2Fwp%2Fv2%2Fcategories&post=62069"},{"taxonomy":"post_tag","embeddable":true,"href":"https:\/\/akunq.net\/tr\/index.php?rest_route=%2Fwp%2Fv2%2Ftags&post=62069"}],"curies":[{"name":"wp","href":"https:\/\/api.w.org\/{rel}","templated":true}]}}