{"id":62056,"date":"2021-03-25T02:43:02","date_gmt":"2021-03-25T07:43:02","guid":{"rendered":"https:\/\/akunq.net\/tr\/?p=62056"},"modified":"2021-03-25T02:43:02","modified_gmt":"2021-03-25T07:43:02","slug":"insan-haklari-izleme-orgutu-erdogan-18-sene-boyunca-turkiyedeki-demokratik-normlari-yok-etti","status":"publish","type":"post","link":"https:\/\/akunq.net\/tr\/?p=62056","title":{"rendered":"\u0130nsan Haklar\u0131 \u0130zleme \u00d6rg\u00fct\u00fc: Erdo\u011fan 18 sene boyunca T\u00fcrkiye&#8217;deki demokratik normlar\u0131 yok etti"},"content":{"rendered":"<p><img loading=\"lazy\" decoding=\"async\" class=\"aligncenter size-medium wp-image-62057\" src=\"https:\/\/akunq.net\/tr\/wp-content\/uploads\/2021\/03\/Human-Rights-Watch-360x180.jpg\" alt=\"\" width=\"360\" height=\"180\" srcset=\"https:\/\/akunq.net\/tr\/wp-content\/uploads\/sites\/6\/2021\/03\/Human-Rights-Watch-360x180.jpg 360w, https:\/\/akunq.net\/tr\/wp-content\/uploads\/sites\/6\/2021\/03\/Human-Rights-Watch-768x384.jpg 768w, https:\/\/akunq.net\/tr\/wp-content\/uploads\/sites\/6\/2021\/03\/Human-Rights-Watch-560x280.jpg 560w, https:\/\/akunq.net\/tr\/wp-content\/uploads\/sites\/6\/2021\/03\/Human-Rights-Watch-260x130.jpg 260w, https:\/\/akunq.net\/tr\/wp-content\/uploads\/sites\/6\/2021\/03\/Human-Rights-Watch-160x80.jpg 160w, https:\/\/akunq.net\/tr\/wp-content\/uploads\/sites\/6\/2021\/03\/Human-Rights-Watch.jpg 1200w\" sizes=\"auto, (max-width: 360px) 100vw, 360px\" \/><\/p>\n<p><em><strong>\u0130nsan Haklar\u0131 \u0130zleme \u00d6rg\u00fct\u00fc (HRW), Cumhurba\u015fkan\u0131 Recep Tayyip Erdo\u011fan liderli\u011findeki h\u00fck\u00fcmetin T\u00fcrkiye&#8217;de insan haklar\u0131n\u0131 koruyan mekanizmalar\u0131 ve demokratik normlar\u0131 &#8217;18 y\u0131l boyunca daha \u00f6nce e\u015fi benzeri g\u00f6r\u00fclmemi\u015f bir \u00f6l\u00e7ekte ala\u015fa\u011f\u0131 etti\u011fini&#8217; a\u00e7\u0131klad\u0131.<\/strong><\/em><\/p>\n<p>HRW \u00f6zellikle son d\u00f6nemde cereyan eden \u0130stanbul S\u00f6zle\u015fmesi&#8217;nin feshi, siyasi parti kapatma giri\u015fimleri ve milletvekillerine y\u00f6nelik eylemlerle de \u00fclkedeki hukukun \u00fcst\u00fcnl\u00fc\u011f\u00fcn\u00fc zedeleyen tehlikeli ad\u0131mlar at\u0131ld\u0131\u011f\u0131n\u0131 kaydetti.<\/p>\n<p>HRW Genel Ba\u015fkan\u0131 Kenneth Roth yapt\u0131\u011f\u0131 a\u00e7\u0131klamada,Cumhurba\u015fkan\u0131 Erdo\u011fan&#8217;\u0131n T\u00fcrkiye&#8217;deki insan haklar\u0131 ve demokratik g\u00fcvenceleri ihlal ederek iktidar\u0131n\u0131 elde tutma \u00e7abas\u0131nda oldu\u011funu belirterek, son d\u00f6nemde meclisteki muhalefet partilerini, K\u00fcrtleri ve kad\u0131nlar\u0131 hedef ald\u0131\u011f\u0131n\u0131 kaydetti.<\/p>\n<p>Roth ayr\u0131ca \u0130stanbul S\u00f6zle\u015fmesi&#8217;ne de de\u011finerek Cumhurba\u015fkan\u0131 Erdo\u011fan&#8217;\u0131n bir gece yar\u0131s\u0131 hamlesiyle bu anla\u015fmadan \u00e7ekilmesi giri\u015fiminin, &#8220;partisi d\u0131\u015f\u0131ndaki dindar muhafazakar kesimlerden destek toplama \u00e7abalar\u0131n\u0131n bir par\u00e7as\u0131&#8221; oldu\u011funu \u00f6ne s\u00fcrd\u00fc.<\/p>\n<p>Roth, konuyla ilgili olarak &#8220;S\u00f6zle\u015fmeden \u00e7ekilme karar\u0131 T\u00fcrkiye&#8217;de kad\u0131n haklar\u0131n\u0131n korunmas\u0131 m\u00fccadelesinde, epeyce geriye do\u011fru at\u0131lm\u0131\u015f bir ad\u0131m oldu\u011fu gibi, farkl\u0131 siyasi \u00e7evrelere mensup t\u00fcm kad\u0131nlara kar\u015f\u0131 da \u00f6nemli bir darbe niteli\u011fi ta\u015f\u0131yor&#8221; dedi.<\/p>\n<p>Roth, &#8220;T\u00fcrkiye&#8217;deki iktidar\u0131n muhaliflere, demokrasiye ve kad\u0131n haklar\u0131na y\u00f6nelik sald\u0131r\u0131lar\u0131na h\u0131z verdi\u011fi bir d\u00f6nemde, AB liderlerinin hi\u00e7bir \u015fey olmuyormu\u015f gibi davranmamas\u0131 gerekti\u011fini&#8221; de s\u00f6zlerine ekledi.<\/p>\n<h2>Osman Kavala, Demirta\u015f ve Gergerlio\u011flu olaylar\u0131 demokrasiyi sekteye u\u011fratt\u0131<\/h2>\n<p>HRW&#8217;den yap\u0131lan\u00a0<a href=\"https:\/\/www.hrw.org\/news\/2021\/03\/24\/turkey-erdogans-onslaught-rights-and-democracy\" target=\"_blank\" rel=\"noopener noreferrer\">a\u00e7\u0131klamada<\/a>\u00a0ayr\u0131ca &#8220;Erdo\u011fan ve iktidar partisinin Halklar\u0131n Demokratik Partisi&#8217;ne (HDP) a\u00e7\u0131lan kapatma davas\u0131, (LGBT) bireyler hakk\u0131nda nefret dolu ve ayr\u0131mc\u0131 g\u00f6r\u00fc\u015fler, HDP milletvekili \u00d6mer Faruk Gergerlio\u011flu&#8217;nun vekil vasf\u0131n\u0131n d\u00fc\u015f\u00fcr\u00fclmesi, gazeteci, aktivist ve di\u011fer bir\u00e7ok ki\u015finin keyfi olarak tutuklanmas\u0131 gibi eylemlerle de \u00fclke demokrasisini sekteye u\u011fratt\u0131\u011f\u0131&#8221; kaydedildi.<\/p>\n<p>HRW bunun yan\u0131nda Erdo\u011fan h\u00fck\u00fcmeti&#8217;nin, Avrupa \u0130nsan Haklar\u0131 Mahkemesi&#8217;nin hak savunucusu Osman Kavala ve siyaset\u00e7i Selahattin Demirta\u015f&#8217;\u0131n serbest b\u0131rak\u0131lmas\u0131n\u0131 talep eden ba\u011flay\u0131c\u0131 kararlar\u0131n\u0131 da defalarca hi\u00e7e sayd\u0131\u011f\u0131n\u0131 vurgulad\u0131.<\/p>\n<h2>&#8220;AB ve ABD T\u00fcrkiye&#8217;deki insan haklar\u0131 alan\u0131ndaki gerilemenin fark\u0131nda, ancak farkl\u0131 politikalara y\u00f6neldi&#8221;<\/h2>\n<p>AB liderleri 25 ve 26 Mart tarihlerinde T\u00fcrkiye ile ili\u015fkilerini g\u00f6zden ge\u00e7irecek. HRW Genel Ba\u015fkan\u0131 Kenneth Roth Avrupa Konseyi&#8217;nin T\u00fcrkiye&#8217;deki insan haklar\u0131 konusunda g\u00f6zlemlenen keskin gerileme hakk\u0131nda ses \u00e7\u0131kartmas\u0131 gerekti\u011fini ifade ediyor.<\/p>\n<p>Roth&#8217;a g\u00f6re AB ve Amerika Birle\u015fik Devletleri (ABD) T\u00fcrkiye&#8217;de insan haklar\u0131 alan\u0131ndaki gerilemenin varl\u0131\u011f\u0131n\u0131 kabul ediyor ancak a\u011f\u0131rl\u0131kla T\u00fcrkiye&#8217;nin b\u00f6lgedeki stratejik \u00f6nemine, d\u0131\u015f politikas\u0131na, b\u00f6lgesel \u00e7at\u0131\u015fmalardaki aktif rol\u00fcne ve y\u00fcr\u00fctt\u00fc\u011f\u00fc m\u00fclteci politikalar\u0131na odaklan\u0131yor.<\/p>\n<p><em><strong>https:\/\/tr.euronews.com\/2021\/03\/24\/insan-haklar-izleme-orgutu-erdogan-18-sene-boyunca-turkiye-deki-demokratik-normlar-yok-ett\u00a0<\/strong><\/em><\/p>\n","protected":false},"excerpt":{"rendered":"<p>\u0130nsan Haklar\u0131 \u0130zleme \u00d6rg\u00fct\u00fc (HRW), Cumhurba\u015fkan\u0131 Recep Tayyip Erdo\u011fan liderli\u011findeki h\u00fck\u00fcmetin T\u00fcrkiye&#8217;de insan haklar\u0131n\u0131 koruyan mekanizmalar\u0131 ve demokratik normlar\u0131 &#8217;18 y\u0131l boyunca daha \u00f6nce e\u015fi benzeri g\u00f6r\u00fclmemi\u015f bir \u00f6l\u00e7ekte ala\u015fa\u011f\u0131 etti\u011fini&#8217; a\u00e7\u0131klad\u0131. HRW \u00f6zellikle son d\u00f6nemde cereyan eden \u0130stanbul S\u00f6zle\u015fmesi&#8217;nin feshi, siyasi parti kapatma giri\u015fimleri ve milletvekillerine y\u00f6nelik eylemlerle de \u00fclkedeki hukukun \u00fcst\u00fcnl\u00fc\u011f\u00fcn\u00fc zedeleyen tehlikeli [&hellip;]<\/p>\n","protected":false},"author":7,"featured_media":62057,"comment_status":"open","ping_status":"open","sticky":false,"template":"","format":"standard","meta":{"footnotes":""},"categories":[1],"tags":[],"class_list":["post-62056","post","type-post","status-publish","format-standard","has-post-thumbnail","hentry","category-haberler"],"yoast_head":"<!-- This site is optimized with the Yoast SEO plugin v27.4 - https:\/\/yoast.com\/product\/yoast-seo-wordpress\/ -->\n<title>\u0130nsan Haklar\u0131 \u0130zleme \u00d6rg\u00fct\u00fc: Erdo\u011fan 18 sene boyunca T\u00fcrkiye&#039;deki demokratik normlar\u0131 yok etti - Bati Ermenistan Ve Bati Ermenileri Sorunlari Ara\u015ftirmalar Merkezi<\/title>\n<meta name=\"robots\" content=\"index, follow, max-snippet:-1, max-image-preview:large, max-video-preview:-1\" \/>\n<link rel=\"canonical\" href=\"https:\/\/akunq.net\/tr\/?p=62056\" \/>\n<meta property=\"og:locale\" content=\"en_US\" \/>\n<meta property=\"og:type\" content=\"article\" \/>\n<meta property=\"og:title\" content=\"\u0130nsan Haklar\u0131 \u0130zleme \u00d6rg\u00fct\u00fc: Erdo\u011fan 18 sene boyunca T\u00fcrkiye&#039;deki demokratik normlar\u0131 yok etti - Bati Ermenistan Ve Bati Ermenileri Sorunlari Ara\u015ftirmalar Merkezi\" \/>\n<meta property=\"og:description\" content=\"\u0130nsan Haklar\u0131 \u0130zleme \u00d6rg\u00fct\u00fc (HRW), Cumhurba\u015fkan\u0131 Recep Tayyip Erdo\u011fan liderli\u011findeki h\u00fck\u00fcmetin T\u00fcrkiye&#8217;de insan haklar\u0131n\u0131 koruyan mekanizmalar\u0131 ve demokratik normlar\u0131 &#8217;18 y\u0131l boyunca daha \u00f6nce e\u015fi benzeri g\u00f6r\u00fclmemi\u015f bir \u00f6l\u00e7ekte ala\u015fa\u011f\u0131 etti\u011fini&#8217; a\u00e7\u0131klad\u0131. HRW \u00f6zellikle son d\u00f6nemde cereyan eden \u0130stanbul S\u00f6zle\u015fmesi&#8217;nin feshi, siyasi parti kapatma giri\u015fimleri ve milletvekillerine y\u00f6nelik eylemlerle de \u00fclkedeki hukukun \u00fcst\u00fcnl\u00fc\u011f\u00fcn\u00fc zedeleyen tehlikeli [&hellip;]\" \/>\n<meta property=\"og:url\" content=\"https:\/\/akunq.net\/tr\/?p=62056\" \/>\n<meta property=\"og:site_name\" content=\"Bati Ermenistan Ve Bati Ermenileri Sorunlari Ara\u015ftirmalar Merkezi\" \/>\n<meta property=\"article:published_time\" content=\"2021-03-25T07:43:02+00:00\" \/>\n<meta property=\"og:image\" content=\"https:\/\/akunq.net\/tr\/wp-content\/uploads\/sites\/6\/2021\/03\/Human-Rights-Watch.jpg\" \/>\n\t<meta property=\"og:image:width\" content=\"1200\" \/>\n\t<meta property=\"og:image:height\" content=\"600\" \/>\n\t<meta property=\"og:image:type\" content=\"image\/jpeg\" \/>\n<meta name=\"author\" content=\"admin\" \/>\n<meta name=\"twitter:card\" content=\"summary_large_image\" \/>\n<meta name=\"twitter:label1\" content=\"Written by\" \/>\n\t<meta name=\"twitter:data1\" content=\"admin\" \/>\n\t<meta name=\"twitter:label2\" content=\"Est. reading time\" \/>\n\t<meta name=\"twitter:data2\" content=\"2 minutes\" \/>\n<script type=\"application\/ld+json\" class=\"yoast-schema-graph\">{\"@context\":\"https:\\\/\\\/schema.org\",\"@graph\":[{\"@type\":\"Article\",\"@id\":\"https:\\\/\\\/akunq.net\\\/tr\\\/?p=62056#article\",\"isPartOf\":{\"@id\":\"https:\\\/\\\/akunq.net\\\/tr\\\/?p=62056\"},\"author\":{\"name\":\"admin\",\"@id\":\"https:\\\/\\\/akunq.net\\\/tr\\\/#\\\/schema\\\/person\\\/096f1d38a12cce57fb855b485ed24c9e\"},\"headline\":\"\u0130nsan Haklar\u0131 \u0130zleme \u00d6rg\u00fct\u00fc: Erdo\u011fan 18 sene boyunca T\u00fcrkiye&#8217;deki demokratik normlar\u0131 yok etti\",\"datePublished\":\"2021-03-25T07:43:02+00:00\",\"mainEntityOfPage\":{\"@id\":\"https:\\\/\\\/akunq.net\\\/tr\\\/?p=62056\"},\"wordCount\":514,\"commentCount\":0,\"image\":{\"@id\":\"https:\\\/\\\/akunq.net\\\/tr\\\/?p=62056#primaryimage\"},\"thumbnailUrl\":\"https:\\\/\\\/akunq.net\\\/tr\\\/wp-content\\\/uploads\\\/sites\\\/6\\\/2021\\\/03\\\/Human-Rights-Watch.jpg\",\"articleSection\":[\"Haberler\"],\"inLanguage\":\"en-US\",\"potentialAction\":[{\"@type\":\"CommentAction\",\"name\":\"Comment\",\"target\":[\"https:\\\/\\\/akunq.net\\\/tr\\\/?p=62056#respond\"]}]},{\"@type\":\"WebPage\",\"@id\":\"https:\\\/\\\/akunq.net\\\/tr\\\/?p=62056\",\"url\":\"https:\\\/\\\/akunq.net\\\/tr\\\/?p=62056\",\"name\":\"\u0130nsan Haklar\u0131 \u0130zleme \u00d6rg\u00fct\u00fc: Erdo\u011fan 18 sene boyunca T\u00fcrkiye'deki demokratik normlar\u0131 yok etti - Bati Ermenistan Ve Bati Ermenileri Sorunlari Ara\u015ftirmalar Merkezi\",\"isPartOf\":{\"@id\":\"https:\\\/\\\/akunq.net\\\/tr\\\/#website\"},\"primaryImageOfPage\":{\"@id\":\"https:\\\/\\\/akunq.net\\\/tr\\\/?p=62056#primaryimage\"},\"image\":{\"@id\":\"https:\\\/\\\/akunq.net\\\/tr\\\/?p=62056#primaryimage\"},\"thumbnailUrl\":\"https:\\\/\\\/akunq.net\\\/tr\\\/wp-content\\\/uploads\\\/sites\\\/6\\\/2021\\\/03\\\/Human-Rights-Watch.jpg\",\"datePublished\":\"2021-03-25T07:43:02+00:00\",\"author\":{\"@id\":\"https:\\\/\\\/akunq.net\\\/tr\\\/#\\\/schema\\\/person\\\/096f1d38a12cce57fb855b485ed24c9e\"},\"breadcrumb\":{\"@id\":\"https:\\\/\\\/akunq.net\\\/tr\\\/?p=62056#breadcrumb\"},\"inLanguage\":\"en-US\",\"potentialAction\":[{\"@type\":\"ReadAction\",\"target\":[\"https:\\\/\\\/akunq.net\\\/tr\\\/?p=62056\"]}]},{\"@type\":\"ImageObject\",\"inLanguage\":\"en-US\",\"@id\":\"https:\\\/\\\/akunq.net\\\/tr\\\/?p=62056#primaryimage\",\"url\":\"https:\\\/\\\/akunq.net\\\/tr\\\/wp-content\\\/uploads\\\/sites\\\/6\\\/2021\\\/03\\\/Human-Rights-Watch.jpg\",\"contentUrl\":\"https:\\\/\\\/akunq.net\\\/tr\\\/wp-content\\\/uploads\\\/sites\\\/6\\\/2021\\\/03\\\/Human-Rights-Watch.jpg\",\"width\":1200,\"height\":600},{\"@type\":\"BreadcrumbList\",\"@id\":\"https:\\\/\\\/akunq.net\\\/tr\\\/?p=62056#breadcrumb\",\"itemListElement\":[{\"@type\":\"ListItem\",\"position\":1,\"name\":\"Home\",\"item\":\"https:\\\/\\\/akunq.net\\\/tr\"},{\"@type\":\"ListItem\",\"position\":2,\"name\":\"\u0130nsan Haklar\u0131 \u0130zleme \u00d6rg\u00fct\u00fc: Erdo\u011fan 18 sene boyunca T\u00fcrkiye&#8217;deki demokratik normlar\u0131 yok etti\"}]},{\"@type\":\"WebSite\",\"@id\":\"https:\\\/\\\/akunq.net\\\/tr\\\/#website\",\"url\":\"https:\\\/\\\/akunq.net\\\/tr\\\/\",\"name\":\"Bati Ermenistan Ve Bati Ermenileri Sorunlari Ara\u015ftirmalar Merkezi\",\"description\":\"\",\"potentialAction\":[{\"@type\":\"SearchAction\",\"target\":{\"@type\":\"EntryPoint\",\"urlTemplate\":\"https:\\\/\\\/akunq.net\\\/tr\\\/?s={search_term_string}\"},\"query-input\":{\"@type\":\"PropertyValueSpecification\",\"valueRequired\":true,\"valueName\":\"search_term_string\"}}],\"inLanguage\":\"en-US\"},{\"@type\":\"Person\",\"@id\":\"https:\\\/\\\/akunq.net\\\/tr\\\/#\\\/schema\\\/person\\\/096f1d38a12cce57fb855b485ed24c9e\",\"name\":\"admin\",\"url\":\"https:\\\/\\\/akunq.net\\\/tr\\\/?author=7\"}]}<\/script>\n<!-- \/ Yoast SEO plugin. -->","yoast_head_json":{"title":"\u0130nsan Haklar\u0131 \u0130zleme \u00d6rg\u00fct\u00fc: Erdo\u011fan 18 sene boyunca T\u00fcrkiye'deki demokratik normlar\u0131 yok etti - Bati Ermenistan Ve Bati Ermenileri Sorunlari Ara\u015ftirmalar Merkezi","robots":{"index":"index","follow":"follow","max-snippet":"max-snippet:-1","max-image-preview":"max-image-preview:large","max-video-preview":"max-video-preview:-1"},"canonical":"https:\/\/akunq.net\/tr\/?p=62056","og_locale":"en_US","og_type":"article","og_title":"\u0130nsan Haklar\u0131 \u0130zleme \u00d6rg\u00fct\u00fc: Erdo\u011fan 18 sene boyunca T\u00fcrkiye'deki demokratik normlar\u0131 yok etti - Bati Ermenistan Ve Bati Ermenileri Sorunlari Ara\u015ftirmalar Merkezi","og_description":"\u0130nsan Haklar\u0131 \u0130zleme \u00d6rg\u00fct\u00fc (HRW), Cumhurba\u015fkan\u0131 Recep Tayyip Erdo\u011fan liderli\u011findeki h\u00fck\u00fcmetin T\u00fcrkiye&#8217;de insan haklar\u0131n\u0131 koruyan mekanizmalar\u0131 ve demokratik normlar\u0131 &#8217;18 y\u0131l boyunca daha \u00f6nce e\u015fi benzeri g\u00f6r\u00fclmemi\u015f bir \u00f6l\u00e7ekte ala\u015fa\u011f\u0131 etti\u011fini&#8217; a\u00e7\u0131klad\u0131. HRW \u00f6zellikle son d\u00f6nemde cereyan eden \u0130stanbul S\u00f6zle\u015fmesi&#8217;nin feshi, siyasi parti kapatma giri\u015fimleri ve milletvekillerine y\u00f6nelik eylemlerle de \u00fclkedeki hukukun \u00fcst\u00fcnl\u00fc\u011f\u00fcn\u00fc zedeleyen tehlikeli [&hellip;]","og_url":"https:\/\/akunq.net\/tr\/?p=62056","og_site_name":"Bati Ermenistan Ve Bati Ermenileri Sorunlari Ara\u015ftirmalar Merkezi","article_published_time":"2021-03-25T07:43:02+00:00","og_image":[{"width":1200,"height":600,"url":"https:\/\/akunq.net\/tr\/wp-content\/uploads\/sites\/6\/2021\/03\/Human-Rights-Watch.jpg","type":"image\/jpeg"}],"author":"admin","twitter_card":"summary_large_image","twitter_misc":{"Written by":"admin","Est. reading time":"2 minutes"},"schema":{"@context":"https:\/\/schema.org","@graph":[{"@type":"Article","@id":"https:\/\/akunq.net\/tr\/?p=62056#article","isPartOf":{"@id":"https:\/\/akunq.net\/tr\/?p=62056"},"author":{"name":"admin","@id":"https:\/\/akunq.net\/tr\/#\/schema\/person\/096f1d38a12cce57fb855b485ed24c9e"},"headline":"\u0130nsan Haklar\u0131 \u0130zleme \u00d6rg\u00fct\u00fc: Erdo\u011fan 18 sene boyunca T\u00fcrkiye&#8217;deki demokratik normlar\u0131 yok etti","datePublished":"2021-03-25T07:43:02+00:00","mainEntityOfPage":{"@id":"https:\/\/akunq.net\/tr\/?p=62056"},"wordCount":514,"commentCount":0,"image":{"@id":"https:\/\/akunq.net\/tr\/?p=62056#primaryimage"},"thumbnailUrl":"https:\/\/akunq.net\/tr\/wp-content\/uploads\/sites\/6\/2021\/03\/Human-Rights-Watch.jpg","articleSection":["Haberler"],"inLanguage":"en-US","potentialAction":[{"@type":"CommentAction","name":"Comment","target":["https:\/\/akunq.net\/tr\/?p=62056#respond"]}]},{"@type":"WebPage","@id":"https:\/\/akunq.net\/tr\/?p=62056","url":"https:\/\/akunq.net\/tr\/?p=62056","name":"\u0130nsan Haklar\u0131 \u0130zleme \u00d6rg\u00fct\u00fc: Erdo\u011fan 18 sene boyunca T\u00fcrkiye'deki demokratik normlar\u0131 yok etti - Bati Ermenistan Ve Bati Ermenileri Sorunlari Ara\u015ftirmalar Merkezi","isPartOf":{"@id":"https:\/\/akunq.net\/tr\/#website"},"primaryImageOfPage":{"@id":"https:\/\/akunq.net\/tr\/?p=62056#primaryimage"},"image":{"@id":"https:\/\/akunq.net\/tr\/?p=62056#primaryimage"},"thumbnailUrl":"https:\/\/akunq.net\/tr\/wp-content\/uploads\/sites\/6\/2021\/03\/Human-Rights-Watch.jpg","datePublished":"2021-03-25T07:43:02+00:00","author":{"@id":"https:\/\/akunq.net\/tr\/#\/schema\/person\/096f1d38a12cce57fb855b485ed24c9e"},"breadcrumb":{"@id":"https:\/\/akunq.net\/tr\/?p=62056#breadcrumb"},"inLanguage":"en-US","potentialAction":[{"@type":"ReadAction","target":["https:\/\/akunq.net\/tr\/?p=62056"]}]},{"@type":"ImageObject","inLanguage":"en-US","@id":"https:\/\/akunq.net\/tr\/?p=62056#primaryimage","url":"https:\/\/akunq.net\/tr\/wp-content\/uploads\/sites\/6\/2021\/03\/Human-Rights-Watch.jpg","contentUrl":"https:\/\/akunq.net\/tr\/wp-content\/uploads\/sites\/6\/2021\/03\/Human-Rights-Watch.jpg","width":1200,"height":600},{"@type":"BreadcrumbList","@id":"https:\/\/akunq.net\/tr\/?p=62056#breadcrumb","itemListElement":[{"@type":"ListItem","position":1,"name":"Home","item":"https:\/\/akunq.net\/tr"},{"@type":"ListItem","position":2,"name":"\u0130nsan Haklar\u0131 \u0130zleme \u00d6rg\u00fct\u00fc: Erdo\u011fan 18 sene boyunca T\u00fcrkiye&#8217;deki demokratik normlar\u0131 yok etti"}]},{"@type":"WebSite","@id":"https:\/\/akunq.net\/tr\/#website","url":"https:\/\/akunq.net\/tr\/","name":"Bati Ermenistan Ve Bati Ermenileri Sorunlari Ara\u015ftirmalar Merkezi","description":"","potentialAction":[{"@type":"SearchAction","target":{"@type":"EntryPoint","urlTemplate":"https:\/\/akunq.net\/tr\/?s={search_term_string}"},"query-input":{"@type":"PropertyValueSpecification","valueRequired":true,"valueName":"search_term_string"}}],"inLanguage":"en-US"},{"@type":"Person","@id":"https:\/\/akunq.net\/tr\/#\/schema\/person\/096f1d38a12cce57fb855b485ed24c9e","name":"admin","url":"https:\/\/akunq.net\/tr\/?author=7"}]}},"_links":{"self":[{"href":"https:\/\/akunq.net\/tr\/index.php?rest_route=\/wp\/v2\/posts\/62056","targetHints":{"allow":["GET"]}}],"collection":[{"href":"https:\/\/akunq.net\/tr\/index.php?rest_route=\/wp\/v2\/posts"}],"about":[{"href":"https:\/\/akunq.net\/tr\/index.php?rest_route=\/wp\/v2\/types\/post"}],"author":[{"embeddable":true,"href":"https:\/\/akunq.net\/tr\/index.php?rest_route=\/wp\/v2\/users\/7"}],"replies":[{"embeddable":true,"href":"https:\/\/akunq.net\/tr\/index.php?rest_route=%2Fwp%2Fv2%2Fcomments&post=62056"}],"version-history":[{"count":1,"href":"https:\/\/akunq.net\/tr\/index.php?rest_route=\/wp\/v2\/posts\/62056\/revisions"}],"predecessor-version":[{"id":62058,"href":"https:\/\/akunq.net\/tr\/index.php?rest_route=\/wp\/v2\/posts\/62056\/revisions\/62058"}],"wp:featuredmedia":[{"embeddable":true,"href":"https:\/\/akunq.net\/tr\/index.php?rest_route=\/wp\/v2\/media\/62057"}],"wp:attachment":[{"href":"https:\/\/akunq.net\/tr\/index.php?rest_route=%2Fwp%2Fv2%2Fmedia&parent=62056"}],"wp:term":[{"taxonomy":"category","embeddable":true,"href":"https:\/\/akunq.net\/tr\/index.php?rest_route=%2Fwp%2Fv2%2Fcategories&post=62056"},{"taxonomy":"post_tag","embeddable":true,"href":"https:\/\/akunq.net\/tr\/index.php?rest_route=%2Fwp%2Fv2%2Ftags&post=62056"}],"curies":[{"name":"wp","href":"https:\/\/api.w.org\/{rel}","templated":true}]}}