{"id":62049,"date":"2021-03-25T02:09:34","date_gmt":"2021-03-25T07:09:34","guid":{"rendered":"https:\/\/akunq.net\/tr\/?p=62049"},"modified":"2021-03-25T02:09:34","modified_gmt":"2021-03-25T07:09:34","slug":"dink-cinayeti-davasinda-karar-durusmasi","status":"publish","type":"post","link":"https:\/\/akunq.net\/tr\/?p=62049","title":{"rendered":"Dink Cinayeti Davas\u0131\u2019nda karar duru\u015fmas\u0131"},"content":{"rendered":"<p><img loading=\"lazy\" decoding=\"async\" class=\"aligncenter size-medium wp-image-62050\" src=\"https:\/\/akunq.net\/tr\/wp-content\/uploads\/2021\/03\/Hrant-Dink-3-360x182.jpg\" alt=\"\" width=\"360\" height=\"182\" srcset=\"https:\/\/akunq.net\/tr\/wp-content\/uploads\/sites\/6\/2021\/03\/Hrant-Dink-3-360x182.jpg 360w, https:\/\/akunq.net\/tr\/wp-content\/uploads\/sites\/6\/2021\/03\/Hrant-Dink-3-560x282.jpg 560w, https:\/\/akunq.net\/tr\/wp-content\/uploads\/sites\/6\/2021\/03\/Hrant-Dink-3-260x131.jpg 260w, https:\/\/akunq.net\/tr\/wp-content\/uploads\/sites\/6\/2021\/03\/Hrant-Dink-3-160x81.jpg 160w, https:\/\/akunq.net\/tr\/wp-content\/uploads\/sites\/6\/2021\/03\/Hrant-Dink-3.jpg 702w\" sizes=\"auto, (max-width: 360px) 100vw, 360px\" \/><\/p>\n<p><em><strong>Kamu g\u00f6revlilerinin yarg\u0131land\u0131\u011f\u0131 Hrant Dink Cinayeti Davas\u0131\u2019nda 26 Mart Cuma g\u00fcn\u00fc karar a\u00e7\u0131klanmas\u0131 bekleniyor.<\/strong><\/em><\/p>\n<p>Kamu g\u00f6revlilerinin yarg\u0131land\u0131\u011f\u0131 Hrant Dink Cinayeti Davas\u0131\u2019nda 5 Mart\u2019ta mahkeme heyetinin karar\u0131n\u0131 a\u00e7\u0131klamas\u0131 bekleniyordu.<\/p>\n<p>1. A\u011f\u0131r Ceza Mahkemesi\u2019nde g\u00f6r\u00fclen davay\u0131 a\u00e7an heyet ba\u015fkan\u0131 Ak\u0131n G\u00fcrlek iki tan\u0131\u011f\u0131n ifadesini ald\u0131ktan sonra duru\u015fmaya dair beyanda bulundu. Mahkeme ba\u015fkan\u0131 Ak\u0131n G\u00fcrlek, \u00fcye h\u00e2kim Ferhat \u015eahin\u2019in kalp ameliyat\u0131 oldu\u011funu, di\u011fer \u00fcye h\u00e2kimin de dosyay\u0131 vak\u0131f olmad\u0131\u011f\u0131ndan karar duru\u015fmas\u0131na kat\u0131lmak istemedi\u011fini s\u00f6yledi. G\u00fcrlek, bu y\u00fczden h\u00fckm\u00fcn 26 Mart\u2019ta yap\u0131lacak duru\u015fmada a\u00e7\u0131klanaca\u011f\u0131n\u0131 s\u00f6yledi.<\/p>\n<p>76 san\u0131kl\u0131 davada 130 duru\u015fma g\u00f6r\u00fcld\u00fc. 2020\u2019nin Aral\u0131k ay\u0131nda savc\u0131l\u0131\u011f\u0131n esas hakk\u0131ndaki m\u00fctalaas\u0131n\u0131 sunmas\u0131ndan sonra t\u00fcm san\u0131klar nihai savunmalar\u0131n\u0131 yapt\u0131lar. Son olarak Dink Ailesi avukatlar\u0131 da esasa dair g\u00f6r\u00fc\u015flerini mahkemeye sundu.<\/p>\n<p>10 \u015eubat\u2019taki celsede yarg\u0131 s\u00fcrecinde eksik b\u0131rak\u0131lan hususlara dikkat \u00e7eken Dink Ailesi avukatlar\u0131 Hrant Dink\u2019i hedef haline getiren eylem ve geli\u015fmeleri s\u0131ralad\u0131, Dink i\u00e7in t\u00fcm bu atmosfere ra\u011fmen koruma \u00f6nlemi al\u0131nmad\u0131\u011f\u0131n\u0131 vurgulad\u0131, cinayette sorumlulu\u011fu olan kamu g\u00f6revlilerinin gerekti\u011fi \u015fekilde yarg\u0131lanmad\u0131\u011f\u0131n\u0131 ifade etti.<\/p>\n<p>Avukatlar Dink\u2019i hedef haline getiren s\u00fcrecin gere\u011fince soru\u015fturulmad\u0131\u011f\u0131na dikkat \u00e7ekerken, a\u00e7\u0131k tehdide ra\u011fmen Hrant Dink hakk\u0131nda koruma \u00f6nemi al\u0131nmad\u0131\u011f\u0131n\u0131 da vurgulad\u0131lar ve \u0130stanbul Emniyeti\u2019nin cinayetten sonra belge d\u00fczenledi\u011fine dikkat \u00e7ektiler. Trabzon ve \u0130stanbul Emniyeti\u2019nin cinayet i\u015flenece\u011fine dair somut bilgiye sahip olmalar\u0131na ra\u011fmen cinayeti \u00f6nlemediklerini ifade ettiler.<\/p>\n<p>Kamu g\u00f6revlilerinin yarg\u0131land\u0131\u011f\u0131 davada Ramazan Aky\u00fcrek, Ali Fuat Y\u0131lmazer, Hamza Celepo\u011flu, Muharrem Demirkale, Ercan G\u00fcn, Okan \u015eim\u015fek ve Veysal \u015eahin tutuklu olarak yarg\u0131lan\u0131yor.<\/p>\n<p>Hrant\u2019\u0131n Arkada\u015flar\u0131 \u0130nisiyatifi de 26 Mart Cuma g\u00fcn\u00fc \u00c7a\u011flayan Adliyesi C Kap\u0131s\u0131 \u00f6n\u00fcnde saat 09.30\u2019da bulu\u015fma \u00e7a\u011fr\u0131s\u0131 yapt\u0131.<\/p>\n<hr \/>\n<p><em><strong><a href=\"http:\/\/www.agos.com.tr\/tr\/yazi\/25499\/dink-cinayeti-davasi-nda-karar-durusmasi\" target=\"_blank\" rel=\"noopener noreferrer\">Agos<\/a>\u00a0<\/strong><\/em><\/p>\n","protected":false},"excerpt":{"rendered":"<p>Kamu g\u00f6revlilerinin yarg\u0131land\u0131\u011f\u0131 Hrant Dink Cinayeti Davas\u0131\u2019nda 26 Mart Cuma g\u00fcn\u00fc karar a\u00e7\u0131klanmas\u0131 bekleniyor. Kamu g\u00f6revlilerinin yarg\u0131land\u0131\u011f\u0131 Hrant Dink Cinayeti Davas\u0131\u2019nda 5 Mart\u2019ta mahkeme heyetinin karar\u0131n\u0131 a\u00e7\u0131klamas\u0131 bekleniyordu. 1. A\u011f\u0131r Ceza Mahkemesi\u2019nde g\u00f6r\u00fclen davay\u0131 a\u00e7an heyet ba\u015fkan\u0131 Ak\u0131n G\u00fcrlek iki tan\u0131\u011f\u0131n ifadesini ald\u0131ktan sonra duru\u015fmaya dair beyanda bulundu. Mahkeme ba\u015fkan\u0131 Ak\u0131n G\u00fcrlek, \u00fcye h\u00e2kim Ferhat [&hellip;]<\/p>\n","protected":false},"author":7,"featured_media":62050,"comment_status":"open","ping_status":"open","sticky":false,"template":"","format":"standard","meta":{"footnotes":""},"categories":[1],"tags":[],"class_list":["post-62049","post","type-post","status-publish","format-standard","has-post-thumbnail","hentry","category-haberler"],"yoast_head":"<!-- This site is optimized with the Yoast SEO plugin v27.4 - https:\/\/yoast.com\/product\/yoast-seo-wordpress\/ -->\n<title>Dink Cinayeti Davas\u0131\u2019nda karar duru\u015fmas\u0131 - Bati Ermenistan Ve Bati Ermenileri Sorunlari Ara\u015ftirmalar Merkezi<\/title>\n<meta name=\"robots\" content=\"index, follow, max-snippet:-1, max-image-preview:large, max-video-preview:-1\" \/>\n<link rel=\"canonical\" href=\"https:\/\/akunq.net\/tr\/?p=62049\" \/>\n<meta property=\"og:locale\" content=\"en_US\" \/>\n<meta property=\"og:type\" content=\"article\" \/>\n<meta property=\"og:title\" content=\"Dink Cinayeti Davas\u0131\u2019nda karar duru\u015fmas\u0131 - Bati Ermenistan Ve Bati Ermenileri Sorunlari Ara\u015ftirmalar Merkezi\" \/>\n<meta property=\"og:description\" content=\"Kamu g\u00f6revlilerinin yarg\u0131land\u0131\u011f\u0131 Hrant Dink Cinayeti Davas\u0131\u2019nda 26 Mart Cuma g\u00fcn\u00fc karar a\u00e7\u0131klanmas\u0131 bekleniyor. Kamu g\u00f6revlilerinin yarg\u0131land\u0131\u011f\u0131 Hrant Dink Cinayeti Davas\u0131\u2019nda 5 Mart\u2019ta mahkeme heyetinin karar\u0131n\u0131 a\u00e7\u0131klamas\u0131 bekleniyordu. 1. A\u011f\u0131r Ceza Mahkemesi\u2019nde g\u00f6r\u00fclen davay\u0131 a\u00e7an heyet ba\u015fkan\u0131 Ak\u0131n G\u00fcrlek iki tan\u0131\u011f\u0131n ifadesini ald\u0131ktan sonra duru\u015fmaya dair beyanda bulundu. Mahkeme ba\u015fkan\u0131 Ak\u0131n G\u00fcrlek, \u00fcye h\u00e2kim Ferhat [&hellip;]\" \/>\n<meta property=\"og:url\" content=\"https:\/\/akunq.net\/tr\/?p=62049\" \/>\n<meta property=\"og:site_name\" content=\"Bati Ermenistan Ve Bati Ermenileri Sorunlari Ara\u015ftirmalar Merkezi\" \/>\n<meta property=\"article:published_time\" content=\"2021-03-25T07:09:34+00:00\" \/>\n<meta property=\"og:image\" content=\"https:\/\/akunq.net\/tr\/wp-content\/uploads\/sites\/6\/2021\/03\/Hrant-Dink-3.jpg\" \/>\n\t<meta property=\"og:image:width\" content=\"702\" \/>\n\t<meta property=\"og:image:height\" content=\"354\" \/>\n\t<meta property=\"og:image:type\" content=\"image\/jpeg\" \/>\n<meta name=\"author\" content=\"admin\" \/>\n<meta name=\"twitter:card\" content=\"summary_large_image\" \/>\n<meta name=\"twitter:label1\" content=\"Written by\" \/>\n\t<meta name=\"twitter:data1\" content=\"admin\" \/>\n\t<meta name=\"twitter:label2\" content=\"Est. reading time\" \/>\n\t<meta name=\"twitter:data2\" content=\"2 minutes\" \/>\n<script type=\"application\/ld+json\" class=\"yoast-schema-graph\">{\"@context\":\"https:\\\/\\\/schema.org\",\"@graph\":[{\"@type\":\"Article\",\"@id\":\"https:\\\/\\\/akunq.net\\\/tr\\\/?p=62049#article\",\"isPartOf\":{\"@id\":\"https:\\\/\\\/akunq.net\\\/tr\\\/?p=62049\"},\"author\":{\"name\":\"admin\",\"@id\":\"https:\\\/\\\/akunq.net\\\/tr\\\/#\\\/schema\\\/person\\\/096f1d38a12cce57fb855b485ed24c9e\"},\"headline\":\"Dink Cinayeti Davas\u0131\u2019nda karar duru\u015fmas\u0131\",\"datePublished\":\"2021-03-25T07:09:34+00:00\",\"mainEntityOfPage\":{\"@id\":\"https:\\\/\\\/akunq.net\\\/tr\\\/?p=62049\"},\"wordCount\":360,\"commentCount\":0,\"image\":{\"@id\":\"https:\\\/\\\/akunq.net\\\/tr\\\/?p=62049#primaryimage\"},\"thumbnailUrl\":\"https:\\\/\\\/akunq.net\\\/tr\\\/wp-content\\\/uploads\\\/sites\\\/6\\\/2021\\\/03\\\/Hrant-Dink-3.jpg\",\"articleSection\":[\"Haberler\"],\"inLanguage\":\"en-US\",\"potentialAction\":[{\"@type\":\"CommentAction\",\"name\":\"Comment\",\"target\":[\"https:\\\/\\\/akunq.net\\\/tr\\\/?p=62049#respond\"]}]},{\"@type\":\"WebPage\",\"@id\":\"https:\\\/\\\/akunq.net\\\/tr\\\/?p=62049\",\"url\":\"https:\\\/\\\/akunq.net\\\/tr\\\/?p=62049\",\"name\":\"Dink Cinayeti Davas\u0131\u2019nda karar duru\u015fmas\u0131 - Bati Ermenistan Ve Bati Ermenileri Sorunlari Ara\u015ftirmalar Merkezi\",\"isPartOf\":{\"@id\":\"https:\\\/\\\/akunq.net\\\/tr\\\/#website\"},\"primaryImageOfPage\":{\"@id\":\"https:\\\/\\\/akunq.net\\\/tr\\\/?p=62049#primaryimage\"},\"image\":{\"@id\":\"https:\\\/\\\/akunq.net\\\/tr\\\/?p=62049#primaryimage\"},\"thumbnailUrl\":\"https:\\\/\\\/akunq.net\\\/tr\\\/wp-content\\\/uploads\\\/sites\\\/6\\\/2021\\\/03\\\/Hrant-Dink-3.jpg\",\"datePublished\":\"2021-03-25T07:09:34+00:00\",\"author\":{\"@id\":\"https:\\\/\\\/akunq.net\\\/tr\\\/#\\\/schema\\\/person\\\/096f1d38a12cce57fb855b485ed24c9e\"},\"breadcrumb\":{\"@id\":\"https:\\\/\\\/akunq.net\\\/tr\\\/?p=62049#breadcrumb\"},\"inLanguage\":\"en-US\",\"potentialAction\":[{\"@type\":\"ReadAction\",\"target\":[\"https:\\\/\\\/akunq.net\\\/tr\\\/?p=62049\"]}]},{\"@type\":\"ImageObject\",\"inLanguage\":\"en-US\",\"@id\":\"https:\\\/\\\/akunq.net\\\/tr\\\/?p=62049#primaryimage\",\"url\":\"https:\\\/\\\/akunq.net\\\/tr\\\/wp-content\\\/uploads\\\/sites\\\/6\\\/2021\\\/03\\\/Hrant-Dink-3.jpg\",\"contentUrl\":\"https:\\\/\\\/akunq.net\\\/tr\\\/wp-content\\\/uploads\\\/sites\\\/6\\\/2021\\\/03\\\/Hrant-Dink-3.jpg\",\"width\":702,\"height\":354},{\"@type\":\"BreadcrumbList\",\"@id\":\"https:\\\/\\\/akunq.net\\\/tr\\\/?p=62049#breadcrumb\",\"itemListElement\":[{\"@type\":\"ListItem\",\"position\":1,\"name\":\"Home\",\"item\":\"https:\\\/\\\/akunq.net\\\/tr\"},{\"@type\":\"ListItem\",\"position\":2,\"name\":\"Dink Cinayeti Davas\u0131\u2019nda karar duru\u015fmas\u0131\"}]},{\"@type\":\"WebSite\",\"@id\":\"https:\\\/\\\/akunq.net\\\/tr\\\/#website\",\"url\":\"https:\\\/\\\/akunq.net\\\/tr\\\/\",\"name\":\"Bati Ermenistan Ve Bati Ermenileri Sorunlari Ara\u015ftirmalar Merkezi\",\"description\":\"\",\"potentialAction\":[{\"@type\":\"SearchAction\",\"target\":{\"@type\":\"EntryPoint\",\"urlTemplate\":\"https:\\\/\\\/akunq.net\\\/tr\\\/?s={search_term_string}\"},\"query-input\":{\"@type\":\"PropertyValueSpecification\",\"valueRequired\":true,\"valueName\":\"search_term_string\"}}],\"inLanguage\":\"en-US\"},{\"@type\":\"Person\",\"@id\":\"https:\\\/\\\/akunq.net\\\/tr\\\/#\\\/schema\\\/person\\\/096f1d38a12cce57fb855b485ed24c9e\",\"name\":\"admin\",\"url\":\"https:\\\/\\\/akunq.net\\\/tr\\\/?author=7\"}]}<\/script>\n<!-- \/ Yoast SEO plugin. -->","yoast_head_json":{"title":"Dink Cinayeti Davas\u0131\u2019nda karar duru\u015fmas\u0131 - Bati Ermenistan Ve Bati Ermenileri Sorunlari Ara\u015ftirmalar Merkezi","robots":{"index":"index","follow":"follow","max-snippet":"max-snippet:-1","max-image-preview":"max-image-preview:large","max-video-preview":"max-video-preview:-1"},"canonical":"https:\/\/akunq.net\/tr\/?p=62049","og_locale":"en_US","og_type":"article","og_title":"Dink Cinayeti Davas\u0131\u2019nda karar duru\u015fmas\u0131 - Bati Ermenistan Ve Bati Ermenileri Sorunlari Ara\u015ftirmalar Merkezi","og_description":"Kamu g\u00f6revlilerinin yarg\u0131land\u0131\u011f\u0131 Hrant Dink Cinayeti Davas\u0131\u2019nda 26 Mart Cuma g\u00fcn\u00fc karar a\u00e7\u0131klanmas\u0131 bekleniyor. Kamu g\u00f6revlilerinin yarg\u0131land\u0131\u011f\u0131 Hrant Dink Cinayeti Davas\u0131\u2019nda 5 Mart\u2019ta mahkeme heyetinin karar\u0131n\u0131 a\u00e7\u0131klamas\u0131 bekleniyordu. 1. A\u011f\u0131r Ceza Mahkemesi\u2019nde g\u00f6r\u00fclen davay\u0131 a\u00e7an heyet ba\u015fkan\u0131 Ak\u0131n G\u00fcrlek iki tan\u0131\u011f\u0131n ifadesini ald\u0131ktan sonra duru\u015fmaya dair beyanda bulundu. Mahkeme ba\u015fkan\u0131 Ak\u0131n G\u00fcrlek, \u00fcye h\u00e2kim Ferhat [&hellip;]","og_url":"https:\/\/akunq.net\/tr\/?p=62049","og_site_name":"Bati Ermenistan Ve Bati Ermenileri Sorunlari Ara\u015ftirmalar Merkezi","article_published_time":"2021-03-25T07:09:34+00:00","og_image":[{"width":702,"height":354,"url":"https:\/\/akunq.net\/tr\/wp-content\/uploads\/sites\/6\/2021\/03\/Hrant-Dink-3.jpg","type":"image\/jpeg"}],"author":"admin","twitter_card":"summary_large_image","twitter_misc":{"Written by":"admin","Est. reading time":"2 minutes"},"schema":{"@context":"https:\/\/schema.org","@graph":[{"@type":"Article","@id":"https:\/\/akunq.net\/tr\/?p=62049#article","isPartOf":{"@id":"https:\/\/akunq.net\/tr\/?p=62049"},"author":{"name":"admin","@id":"https:\/\/akunq.net\/tr\/#\/schema\/person\/096f1d38a12cce57fb855b485ed24c9e"},"headline":"Dink Cinayeti Davas\u0131\u2019nda karar duru\u015fmas\u0131","datePublished":"2021-03-25T07:09:34+00:00","mainEntityOfPage":{"@id":"https:\/\/akunq.net\/tr\/?p=62049"},"wordCount":360,"commentCount":0,"image":{"@id":"https:\/\/akunq.net\/tr\/?p=62049#primaryimage"},"thumbnailUrl":"https:\/\/akunq.net\/tr\/wp-content\/uploads\/sites\/6\/2021\/03\/Hrant-Dink-3.jpg","articleSection":["Haberler"],"inLanguage":"en-US","potentialAction":[{"@type":"CommentAction","name":"Comment","target":["https:\/\/akunq.net\/tr\/?p=62049#respond"]}]},{"@type":"WebPage","@id":"https:\/\/akunq.net\/tr\/?p=62049","url":"https:\/\/akunq.net\/tr\/?p=62049","name":"Dink Cinayeti Davas\u0131\u2019nda karar duru\u015fmas\u0131 - Bati Ermenistan Ve Bati Ermenileri Sorunlari Ara\u015ftirmalar Merkezi","isPartOf":{"@id":"https:\/\/akunq.net\/tr\/#website"},"primaryImageOfPage":{"@id":"https:\/\/akunq.net\/tr\/?p=62049#primaryimage"},"image":{"@id":"https:\/\/akunq.net\/tr\/?p=62049#primaryimage"},"thumbnailUrl":"https:\/\/akunq.net\/tr\/wp-content\/uploads\/sites\/6\/2021\/03\/Hrant-Dink-3.jpg","datePublished":"2021-03-25T07:09:34+00:00","author":{"@id":"https:\/\/akunq.net\/tr\/#\/schema\/person\/096f1d38a12cce57fb855b485ed24c9e"},"breadcrumb":{"@id":"https:\/\/akunq.net\/tr\/?p=62049#breadcrumb"},"inLanguage":"en-US","potentialAction":[{"@type":"ReadAction","target":["https:\/\/akunq.net\/tr\/?p=62049"]}]},{"@type":"ImageObject","inLanguage":"en-US","@id":"https:\/\/akunq.net\/tr\/?p=62049#primaryimage","url":"https:\/\/akunq.net\/tr\/wp-content\/uploads\/sites\/6\/2021\/03\/Hrant-Dink-3.jpg","contentUrl":"https:\/\/akunq.net\/tr\/wp-content\/uploads\/sites\/6\/2021\/03\/Hrant-Dink-3.jpg","width":702,"height":354},{"@type":"BreadcrumbList","@id":"https:\/\/akunq.net\/tr\/?p=62049#breadcrumb","itemListElement":[{"@type":"ListItem","position":1,"name":"Home","item":"https:\/\/akunq.net\/tr"},{"@type":"ListItem","position":2,"name":"Dink Cinayeti Davas\u0131\u2019nda karar duru\u015fmas\u0131"}]},{"@type":"WebSite","@id":"https:\/\/akunq.net\/tr\/#website","url":"https:\/\/akunq.net\/tr\/","name":"Bati Ermenistan Ve Bati Ermenileri Sorunlari Ara\u015ftirmalar Merkezi","description":"","potentialAction":[{"@type":"SearchAction","target":{"@type":"EntryPoint","urlTemplate":"https:\/\/akunq.net\/tr\/?s={search_term_string}"},"query-input":{"@type":"PropertyValueSpecification","valueRequired":true,"valueName":"search_term_string"}}],"inLanguage":"en-US"},{"@type":"Person","@id":"https:\/\/akunq.net\/tr\/#\/schema\/person\/096f1d38a12cce57fb855b485ed24c9e","name":"admin","url":"https:\/\/akunq.net\/tr\/?author=7"}]}},"_links":{"self":[{"href":"https:\/\/akunq.net\/tr\/index.php?rest_route=\/wp\/v2\/posts\/62049","targetHints":{"allow":["GET"]}}],"collection":[{"href":"https:\/\/akunq.net\/tr\/index.php?rest_route=\/wp\/v2\/posts"}],"about":[{"href":"https:\/\/akunq.net\/tr\/index.php?rest_route=\/wp\/v2\/types\/post"}],"author":[{"embeddable":true,"href":"https:\/\/akunq.net\/tr\/index.php?rest_route=\/wp\/v2\/users\/7"}],"replies":[{"embeddable":true,"href":"https:\/\/akunq.net\/tr\/index.php?rest_route=%2Fwp%2Fv2%2Fcomments&post=62049"}],"version-history":[{"count":1,"href":"https:\/\/akunq.net\/tr\/index.php?rest_route=\/wp\/v2\/posts\/62049\/revisions"}],"predecessor-version":[{"id":62051,"href":"https:\/\/akunq.net\/tr\/index.php?rest_route=\/wp\/v2\/posts\/62049\/revisions\/62051"}],"wp:featuredmedia":[{"embeddable":true,"href":"https:\/\/akunq.net\/tr\/index.php?rest_route=\/wp\/v2\/media\/62050"}],"wp:attachment":[{"href":"https:\/\/akunq.net\/tr\/index.php?rest_route=%2Fwp%2Fv2%2Fmedia&parent=62049"}],"wp:term":[{"taxonomy":"category","embeddable":true,"href":"https:\/\/akunq.net\/tr\/index.php?rest_route=%2Fwp%2Fv2%2Fcategories&post=62049"},{"taxonomy":"post_tag","embeddable":true,"href":"https:\/\/akunq.net\/tr\/index.php?rest_route=%2Fwp%2Fv2%2Ftags&post=62049"}],"curies":[{"name":"wp","href":"https:\/\/api.w.org\/{rel}","templated":true}]}}