{"id":62046,"date":"2021-03-25T01:49:38","date_gmt":"2021-03-25T06:49:38","guid":{"rendered":"https:\/\/akunq.net\/tr\/?p=62046"},"modified":"2021-03-25T01:49:38","modified_gmt":"2021-03-25T06:49:38","slug":"maritsa-kucuk-davasi-tek-sanikla-kapatildi","status":"publish","type":"post","link":"https:\/\/akunq.net\/tr\/?p=62046","title":{"rendered":"Maritsa K\u00fc\u00e7\u00fck davas\u0131 tek san\u0131kla kapat\u0131ld\u0131"},"content":{"rendered":"<div><img loading=\"lazy\" decoding=\"async\" class=\"aligncenter size-medium wp-image-62047\" src=\"https:\/\/akunq.net\/tr\/wp-content\/uploads\/2021\/03\/Maritsa-K\u00fc\u00e7\u00fck-1-360x180.jpg\" alt=\"\" width=\"360\" height=\"180\" srcset=\"https:\/\/akunq.net\/tr\/wp-content\/uploads\/sites\/6\/2021\/03\/Maritsa-K\u00fc\u00e7\u00fck-1-360x180.jpg 360w, https:\/\/akunq.net\/tr\/wp-content\/uploads\/sites\/6\/2021\/03\/Maritsa-K\u00fc\u00e7\u00fck-1-560x280.jpg 560w, https:\/\/akunq.net\/tr\/wp-content\/uploads\/sites\/6\/2021\/03\/Maritsa-K\u00fc\u00e7\u00fck-1-260x130.jpg 260w, https:\/\/akunq.net\/tr\/wp-content\/uploads\/sites\/6\/2021\/03\/Maritsa-K\u00fc\u00e7\u00fck-1-160x80.jpg 160w, https:\/\/akunq.net\/tr\/wp-content\/uploads\/sites\/6\/2021\/03\/Maritsa-K\u00fc\u00e7\u00fck-1.jpg 660w\" sizes=\"auto, (max-width: 360px) 100vw, 360px\" \/><\/div>\n<div class=\"post-meta\"><strong><span class=\"posted-by\"><span class=\"reviewer\"><a title=\"\u0130\u015fhan Erdin\u00e7\" href=\"http:\/\/www.agos.com.tr\/tr\/yazar\/264\/ishan-erdinc\" rel=\"author\">\u0130\u015fhan Erdin\u00e7<\/a> <\/span><\/span><\/strong><\/div>\n<p class=\"post-meta\"><em><strong><span style=\"color: #333333; font-family: 'Cantata One', serif; letter-spacing: 0.05em;\">2012 y\u0131l\u0131nda Samatya\u2019daki evinde \u00f6ld\u00fcr\u00fclen Maritsa K\u00fc\u00e7\u00fck cinayeti davas\u0131nda karar a\u00e7\u0131kland\u0131. Kararda, san\u0131k Murat Nazaryan&#8217;a m\u00fcebbet hapis ve 10 ay hapis cezas\u0131 verildi. Mahkeme, san\u0131\u011fa iyi hal indirimi uygulad\u0131 ve cezay\u0131 a\u011f\u0131rla\u015ft\u0131r\u0131lm\u0131\u015f m\u00fcebbetten m\u00fcebbete \u00e7evirdi. Aile, dosyay\u0131 uluslararas\u0131 mahkemeye ta\u015f\u0131yacak.<\/span><\/strong><\/em><\/p>\n<div class=\"post-container cf\">\n<div class=\"post-content-right\">\n<div class=\"post-content description \">\n<p>24 Mart \u00c7ar\u015famba g\u00fcn\u00fc \u0130stanbul 2. A\u011f\u0131r Ceza Mahkemesi\u2019nde g\u00f6r\u00fclen duru\u015fmada Maritsa K\u00fc\u00e7\u00fck\u2019\u00fcn \u00e7ocuklar\u0131 Bayzar Midilli ve Ya\u015far K\u00fc\u00e7\u00fck, Avukat Eren Keskin, Nazaryan\u2019\u0131n avukat\u0131 Esen G\u00fcl ile Aile, \u00c7al\u0131\u015fmalar ve Sosyal Politikalar Bakanl\u0131\u011f\u0131 avukat\u0131 Hatice Boz haz\u0131r bulundu. San\u0131k Nazaryan da, duru\u015fmada haz\u0131r bulundu.<\/p>\n<p>Nazaryan, duru\u015fmada Maritsa K\u00fc\u00e7\u00fck\u2019\u00fc \u00f6ld\u00fcrmedi\u011fini ve m\u00fctalaay\u0131 kabul etmedi\u011fini s\u00f6yledi. San\u0131k avukat\u0131 Esen G\u00fcl, m\u00fcvekkilinin lehine olan h\u00fck\u00fcmlerin uygulanmas\u0131n\u0131 talep etti.<\/p>\n<p>Dosyada ara\u015ft\u0131r\u0131lacak ba\u015fka bir husus bulunmamas\u0131 y\u00f6n\u00fcnde ge\u00e7en duru\u015fma al\u0131nan\u00a0<a href=\"http:\/\/www.agos.com.tr\/tr\/yazi\/25398\/maritsa-kucuk-davasi-sorusturma-genisletilsin\">karar\u00a0<\/a>nedeniyle a\u00e7\u0131k duru\u015fma sona erdi ve karar okundu.<\/p>\n<p>Mahkeme heyeti, san\u0131k Murat Nazaryan hakk\u0131nda \u2018beden ve ruh bak\u0131m\u0131ndan kendisini savunamayacak durumda bulunan ki\u015fiye kar\u015f\u0131 kasten \u00f6ld\u00fcrme&#8217; su\u00e7undan a\u011f\u0131rla\u015ft\u0131r\u0131lm\u0131\u015f m\u00fcebbet hapis cezas\u0131na karar verdi. Mahkemedeki tutumundan dolay\u0131 cezas\u0131nda iyi hal indirimi uygulanan san\u0131k Nazaryan, m\u00fcebbet hapis cezas\u0131na \u00e7arpt\u0131r\u0131ld\u0131.<\/p>\n<p>San\u0131k Nazaryan&#8217;a ayr\u0131ca \u2018konut dokunulmazl\u0131\u011f\u0131n\u0131n ihlali&#8217; su\u00e7undan da 10 ay hapis cezas\u0131 veren mahkeme, \u2018ki\u015fiyi h\u00fcrriyetinden yoksun k\u0131lma&#8217; su\u00e7undan ise beraat verdi. Murat Nazaryan sonu\u00e7ta m\u00fcebbet ve 10 ay hapis cezas\u0131na \u00e7arpt\u0131r\u0131ld\u0131.<\/p>\n<p><strong>&#8220;Dosyan\u0131n \u00fcst\u00fc kapat\u0131ld\u0131&#8221;<\/strong><\/p>\n<p>Duru\u015fma sonras\u0131 K\u00fc\u00e7\u00fck ailesinin avukat\u0131 Eren Keskin, Agos\u2019a konu\u015ftu. Keskin, dosyay\u0131 yeniden Yarg\u0131tay\u2019a g\u00f6ndereceklerini s\u00f6yledi. Ailenin a\u011f\u0131rla\u015ft\u0131r\u0131lm\u0131\u015f m\u00fcebbet hapis cezas\u0131 bekledi\u011fini fakat mahkemenin san\u0131k i\u00e7in iyi hal indirimi karar\u0131 ald\u0131\u011f\u0131n\u0131 s\u00f6yleyen Keskin, \u201cBurada \u00fcst\u00fc kapat\u0131lm\u0131\u015f bir dosya var. Bir\u00e7ok \u00e7ok talebimiz dosyada reddedildi ve san\u0131\u011f\u0131n kendisi konu\u015fmad\u0131\u011f\u0131 i\u00e7in dosya hi\u00e7bir zaman tamamlanm\u0131\u015f de\u011fil. \u0130yi hal indirimi uygulanarak a\u011f\u0131rla\u015ft\u0131r\u0131lm\u0131\u015f m\u00fcebbet m\u00fcebbet hapis cezas\u0131na \u00e7evrildi.\u201d<\/p>\n<p>Dava dosyas\u0131nda ara\u015ft\u0131r\u0131lacak \u00e7ok say\u0131da hususu mahkemenin \u00e7ok iyi bildi\u011fini s\u00f6yleyen Eren Keskin, \u201cMaalesef ba\u011f\u0131ms\u0131z bir yarg\u0131dan s\u00f6z edemeyece\u011fimiz i\u00e7in birileri bu dosyan\u0131n en ba\u015f\u0131ndan itibaren Nazaryan\u2019\u0131n \u00fcst\u00fcne y\u0131k\u0131larak kapat\u0131lmas\u0131n\u0131 istedi. Bu Samatya\u2019da ya\u015fanan tek olay de\u011fildi. Ba\u015fka olaylar da ya\u015fand\u0131 ve hepsinin \u00fcst\u00fc kapat\u0131ld\u0131. Aileler korkutuldu, konu\u015fturulmad\u0131. Hakk\u0131m\u0131z\u0131 uluslararas\u0131 hukukta arayaca\u011f\u0131z.\u201d<\/p>\n<p>Keskin Bakanl\u0131k avukat\u0131n\u0131n da su\u00e7un tek ba\u015f\u0131na i\u015flenmedi\u011finin fark\u0131nda oldu\u011funu vurgulad\u0131.<\/p>\n<p>Maritsa K\u00fc\u00e7\u00fck\u2019\u00fcn k\u0131z\u0131 Bayzar Midilli, Agos\u2019a yapt\u0131\u011f\u0131 a\u00e7\u0131klamada, mahkemenin verdi\u011fi karar nedeniyle \u00fczg\u00fcn olduklar\u0131n\u0131 ve a\u011f\u0131rla\u015ft\u0131r\u0131lm\u0131\u015f m\u00fcebbet beklediklerini s\u00f6yledi. Bakanl\u0131k avukat\u0131n\u0131n da kendileriyle ayn\u0131 fikirde oldu\u011funu s\u00f6yleyen Midilli, konut dokunulmazl\u0131\u011f\u0131 ihlalinden beraat karar\u0131 verilmesine tepki g\u00f6sterdi ve \u015f\u00f6yle dedi:<br \/>\n\u201cHaneye te\u015febb\u00fcs su\u00e7unu iyi halden affettiler. Haneye te\u015febb\u00fcs etmedi de ne yapt\u0131? Annem kap\u0131y\u0131 a\u00e7\u0131p i\u00e7eri buyur mu etti? B\u00f6yle bir adaletsizlik yok.\u201d<br \/>\nMidilli, Keskin ve Boz\u2019un itiraz dilek\u00e7eleri yazaca\u011f\u0131n\u0131 belirtti.<\/p>\n<p><em><strong>http:\/\/www.agos.com.tr\/tr\/yazi\/25487\/maritsa-kucuk-davasi-tek-sanikla-kapatildi\u00a0<\/strong><\/em><\/p>\n<\/div>\n<\/div>\n<\/div>\n","protected":false},"excerpt":{"rendered":"<p>\u0130\u015fhan Erdin\u00e7 2012 y\u0131l\u0131nda Samatya\u2019daki evinde \u00f6ld\u00fcr\u00fclen Maritsa K\u00fc\u00e7\u00fck cinayeti davas\u0131nda karar a\u00e7\u0131kland\u0131. Kararda, san\u0131k Murat Nazaryan&#8217;a m\u00fcebbet hapis ve 10 ay hapis cezas\u0131 verildi. Mahkeme, san\u0131\u011fa iyi hal indirimi uygulad\u0131 ve cezay\u0131 a\u011f\u0131rla\u015ft\u0131r\u0131lm\u0131\u015f m\u00fcebbetten m\u00fcebbete \u00e7evirdi. Aile, dosyay\u0131 uluslararas\u0131 mahkemeye ta\u015f\u0131yacak. 24 Mart \u00c7ar\u015famba g\u00fcn\u00fc \u0130stanbul 2. A\u011f\u0131r Ceza Mahkemesi\u2019nde g\u00f6r\u00fclen duru\u015fmada Maritsa K\u00fc\u00e7\u00fck\u2019\u00fcn [&hellip;]<\/p>\n","protected":false},"author":7,"featured_media":62047,"comment_status":"open","ping_status":"open","sticky":false,"template":"","format":"standard","meta":{"footnotes":""},"categories":[1],"tags":[],"class_list":["post-62046","post","type-post","status-publish","format-standard","has-post-thumbnail","hentry","category-haberler"],"yoast_head":"<!-- This site is optimized with the Yoast SEO plugin v27.4 - https:\/\/yoast.com\/product\/yoast-seo-wordpress\/ -->\n<title>Maritsa K\u00fc\u00e7\u00fck davas\u0131 tek san\u0131kla kapat\u0131ld\u0131 - Bati Ermenistan Ve Bati Ermenileri Sorunlari Ara\u015ftirmalar Merkezi<\/title>\n<meta name=\"robots\" content=\"index, follow, max-snippet:-1, max-image-preview:large, max-video-preview:-1\" \/>\n<link rel=\"canonical\" href=\"https:\/\/akunq.net\/tr\/?p=62046\" \/>\n<meta property=\"og:locale\" content=\"en_US\" \/>\n<meta property=\"og:type\" content=\"article\" \/>\n<meta property=\"og:title\" content=\"Maritsa K\u00fc\u00e7\u00fck davas\u0131 tek san\u0131kla kapat\u0131ld\u0131 - Bati Ermenistan Ve Bati Ermenileri Sorunlari Ara\u015ftirmalar Merkezi\" \/>\n<meta property=\"og:description\" content=\"\u0130\u015fhan Erdin\u00e7 2012 y\u0131l\u0131nda Samatya\u2019daki evinde \u00f6ld\u00fcr\u00fclen Maritsa K\u00fc\u00e7\u00fck cinayeti davas\u0131nda karar a\u00e7\u0131kland\u0131. Kararda, san\u0131k Murat Nazaryan&#8217;a m\u00fcebbet hapis ve 10 ay hapis cezas\u0131 verildi. Mahkeme, san\u0131\u011fa iyi hal indirimi uygulad\u0131 ve cezay\u0131 a\u011f\u0131rla\u015ft\u0131r\u0131lm\u0131\u015f m\u00fcebbetten m\u00fcebbete \u00e7evirdi. Aile, dosyay\u0131 uluslararas\u0131 mahkemeye ta\u015f\u0131yacak. 24 Mart \u00c7ar\u015famba g\u00fcn\u00fc \u0130stanbul 2. A\u011f\u0131r Ceza Mahkemesi\u2019nde g\u00f6r\u00fclen duru\u015fmada Maritsa K\u00fc\u00e7\u00fck\u2019\u00fcn [&hellip;]\" \/>\n<meta property=\"og:url\" content=\"https:\/\/akunq.net\/tr\/?p=62046\" \/>\n<meta property=\"og:site_name\" content=\"Bati Ermenistan Ve Bati Ermenileri Sorunlari Ara\u015ftirmalar Merkezi\" \/>\n<meta property=\"article:published_time\" content=\"2021-03-25T06:49:38+00:00\" \/>\n<meta property=\"og:image\" content=\"https:\/\/akunq.net\/tr\/wp-content\/uploads\/sites\/6\/2021\/03\/Maritsa-K\u00fc\u00e7\u00fck-1.jpg\" \/>\n\t<meta property=\"og:image:width\" content=\"660\" \/>\n\t<meta property=\"og:image:height\" content=\"330\" \/>\n\t<meta property=\"og:image:type\" content=\"image\/jpeg\" \/>\n<meta name=\"author\" content=\"admin\" \/>\n<meta name=\"twitter:card\" content=\"summary_large_image\" \/>\n<meta name=\"twitter:label1\" content=\"Written by\" \/>\n\t<meta name=\"twitter:data1\" content=\"admin\" \/>\n\t<meta name=\"twitter:label2\" content=\"Est. reading time\" \/>\n\t<meta name=\"twitter:data2\" content=\"3 minutes\" \/>\n<script type=\"application\/ld+json\" class=\"yoast-schema-graph\">{\"@context\":\"https:\\\/\\\/schema.org\",\"@graph\":[{\"@type\":\"Article\",\"@id\":\"https:\\\/\\\/akunq.net\\\/tr\\\/?p=62046#article\",\"isPartOf\":{\"@id\":\"https:\\\/\\\/akunq.net\\\/tr\\\/?p=62046\"},\"author\":{\"name\":\"admin\",\"@id\":\"https:\\\/\\\/akunq.net\\\/tr\\\/#\\\/schema\\\/person\\\/096f1d38a12cce57fb855b485ed24c9e\"},\"headline\":\"Maritsa K\u00fc\u00e7\u00fck davas\u0131 tek san\u0131kla kapat\u0131ld\u0131\",\"datePublished\":\"2021-03-25T06:49:38+00:00\",\"mainEntityOfPage\":{\"@id\":\"https:\\\/\\\/akunq.net\\\/tr\\\/?p=62046\"},\"wordCount\":606,\"commentCount\":0,\"image\":{\"@id\":\"https:\\\/\\\/akunq.net\\\/tr\\\/?p=62046#primaryimage\"},\"thumbnailUrl\":\"https:\\\/\\\/akunq.net\\\/tr\\\/wp-content\\\/uploads\\\/sites\\\/6\\\/2021\\\/03\\\/Maritsa-K\u00fc\u00e7\u00fck-1.jpg\",\"articleSection\":[\"Haberler\"],\"inLanguage\":\"en-US\",\"potentialAction\":[{\"@type\":\"CommentAction\",\"name\":\"Comment\",\"target\":[\"https:\\\/\\\/akunq.net\\\/tr\\\/?p=62046#respond\"]}]},{\"@type\":\"WebPage\",\"@id\":\"https:\\\/\\\/akunq.net\\\/tr\\\/?p=62046\",\"url\":\"https:\\\/\\\/akunq.net\\\/tr\\\/?p=62046\",\"name\":\"Maritsa K\u00fc\u00e7\u00fck davas\u0131 tek san\u0131kla kapat\u0131ld\u0131 - Bati Ermenistan Ve Bati Ermenileri Sorunlari Ara\u015ftirmalar Merkezi\",\"isPartOf\":{\"@id\":\"https:\\\/\\\/akunq.net\\\/tr\\\/#website\"},\"primaryImageOfPage\":{\"@id\":\"https:\\\/\\\/akunq.net\\\/tr\\\/?p=62046#primaryimage\"},\"image\":{\"@id\":\"https:\\\/\\\/akunq.net\\\/tr\\\/?p=62046#primaryimage\"},\"thumbnailUrl\":\"https:\\\/\\\/akunq.net\\\/tr\\\/wp-content\\\/uploads\\\/sites\\\/6\\\/2021\\\/03\\\/Maritsa-K\u00fc\u00e7\u00fck-1.jpg\",\"datePublished\":\"2021-03-25T06:49:38+00:00\",\"author\":{\"@id\":\"https:\\\/\\\/akunq.net\\\/tr\\\/#\\\/schema\\\/person\\\/096f1d38a12cce57fb855b485ed24c9e\"},\"breadcrumb\":{\"@id\":\"https:\\\/\\\/akunq.net\\\/tr\\\/?p=62046#breadcrumb\"},\"inLanguage\":\"en-US\",\"potentialAction\":[{\"@type\":\"ReadAction\",\"target\":[\"https:\\\/\\\/akunq.net\\\/tr\\\/?p=62046\"]}]},{\"@type\":\"ImageObject\",\"inLanguage\":\"en-US\",\"@id\":\"https:\\\/\\\/akunq.net\\\/tr\\\/?p=62046#primaryimage\",\"url\":\"https:\\\/\\\/akunq.net\\\/tr\\\/wp-content\\\/uploads\\\/sites\\\/6\\\/2021\\\/03\\\/Maritsa-K\u00fc\u00e7\u00fck-1.jpg\",\"contentUrl\":\"https:\\\/\\\/akunq.net\\\/tr\\\/wp-content\\\/uploads\\\/sites\\\/6\\\/2021\\\/03\\\/Maritsa-K\u00fc\u00e7\u00fck-1.jpg\",\"width\":660,\"height\":330},{\"@type\":\"BreadcrumbList\",\"@id\":\"https:\\\/\\\/akunq.net\\\/tr\\\/?p=62046#breadcrumb\",\"itemListElement\":[{\"@type\":\"ListItem\",\"position\":1,\"name\":\"Home\",\"item\":\"https:\\\/\\\/akunq.net\\\/tr\"},{\"@type\":\"ListItem\",\"position\":2,\"name\":\"Maritsa K\u00fc\u00e7\u00fck davas\u0131 tek san\u0131kla kapat\u0131ld\u0131\"}]},{\"@type\":\"WebSite\",\"@id\":\"https:\\\/\\\/akunq.net\\\/tr\\\/#website\",\"url\":\"https:\\\/\\\/akunq.net\\\/tr\\\/\",\"name\":\"Bati Ermenistan Ve Bati Ermenileri Sorunlari Ara\u015ftirmalar Merkezi\",\"description\":\"\",\"potentialAction\":[{\"@type\":\"SearchAction\",\"target\":{\"@type\":\"EntryPoint\",\"urlTemplate\":\"https:\\\/\\\/akunq.net\\\/tr\\\/?s={search_term_string}\"},\"query-input\":{\"@type\":\"PropertyValueSpecification\",\"valueRequired\":true,\"valueName\":\"search_term_string\"}}],\"inLanguage\":\"en-US\"},{\"@type\":\"Person\",\"@id\":\"https:\\\/\\\/akunq.net\\\/tr\\\/#\\\/schema\\\/person\\\/096f1d38a12cce57fb855b485ed24c9e\",\"name\":\"admin\",\"url\":\"https:\\\/\\\/akunq.net\\\/tr\\\/?author=7\"}]}<\/script>\n<!-- \/ Yoast SEO plugin. -->","yoast_head_json":{"title":"Maritsa K\u00fc\u00e7\u00fck davas\u0131 tek san\u0131kla kapat\u0131ld\u0131 - Bati Ermenistan Ve Bati Ermenileri Sorunlari Ara\u015ftirmalar Merkezi","robots":{"index":"index","follow":"follow","max-snippet":"max-snippet:-1","max-image-preview":"max-image-preview:large","max-video-preview":"max-video-preview:-1"},"canonical":"https:\/\/akunq.net\/tr\/?p=62046","og_locale":"en_US","og_type":"article","og_title":"Maritsa K\u00fc\u00e7\u00fck davas\u0131 tek san\u0131kla kapat\u0131ld\u0131 - Bati Ermenistan Ve Bati Ermenileri Sorunlari Ara\u015ftirmalar Merkezi","og_description":"\u0130\u015fhan Erdin\u00e7 2012 y\u0131l\u0131nda Samatya\u2019daki evinde \u00f6ld\u00fcr\u00fclen Maritsa K\u00fc\u00e7\u00fck cinayeti davas\u0131nda karar a\u00e7\u0131kland\u0131. Kararda, san\u0131k Murat Nazaryan&#8217;a m\u00fcebbet hapis ve 10 ay hapis cezas\u0131 verildi. Mahkeme, san\u0131\u011fa iyi hal indirimi uygulad\u0131 ve cezay\u0131 a\u011f\u0131rla\u015ft\u0131r\u0131lm\u0131\u015f m\u00fcebbetten m\u00fcebbete \u00e7evirdi. Aile, dosyay\u0131 uluslararas\u0131 mahkemeye ta\u015f\u0131yacak. 24 Mart \u00c7ar\u015famba g\u00fcn\u00fc \u0130stanbul 2. A\u011f\u0131r Ceza Mahkemesi\u2019nde g\u00f6r\u00fclen duru\u015fmada Maritsa K\u00fc\u00e7\u00fck\u2019\u00fcn [&hellip;]","og_url":"https:\/\/akunq.net\/tr\/?p=62046","og_site_name":"Bati Ermenistan Ve Bati Ermenileri Sorunlari Ara\u015ftirmalar Merkezi","article_published_time":"2021-03-25T06:49:38+00:00","og_image":[{"width":660,"height":330,"url":"https:\/\/akunq.net\/tr\/wp-content\/uploads\/sites\/6\/2021\/03\/Maritsa-K\u00fc\u00e7\u00fck-1.jpg","type":"image\/jpeg"}],"author":"admin","twitter_card":"summary_large_image","twitter_misc":{"Written by":"admin","Est. reading time":"3 minutes"},"schema":{"@context":"https:\/\/schema.org","@graph":[{"@type":"Article","@id":"https:\/\/akunq.net\/tr\/?p=62046#article","isPartOf":{"@id":"https:\/\/akunq.net\/tr\/?p=62046"},"author":{"name":"admin","@id":"https:\/\/akunq.net\/tr\/#\/schema\/person\/096f1d38a12cce57fb855b485ed24c9e"},"headline":"Maritsa K\u00fc\u00e7\u00fck davas\u0131 tek san\u0131kla kapat\u0131ld\u0131","datePublished":"2021-03-25T06:49:38+00:00","mainEntityOfPage":{"@id":"https:\/\/akunq.net\/tr\/?p=62046"},"wordCount":606,"commentCount":0,"image":{"@id":"https:\/\/akunq.net\/tr\/?p=62046#primaryimage"},"thumbnailUrl":"https:\/\/akunq.net\/tr\/wp-content\/uploads\/sites\/6\/2021\/03\/Maritsa-K\u00fc\u00e7\u00fck-1.jpg","articleSection":["Haberler"],"inLanguage":"en-US","potentialAction":[{"@type":"CommentAction","name":"Comment","target":["https:\/\/akunq.net\/tr\/?p=62046#respond"]}]},{"@type":"WebPage","@id":"https:\/\/akunq.net\/tr\/?p=62046","url":"https:\/\/akunq.net\/tr\/?p=62046","name":"Maritsa K\u00fc\u00e7\u00fck davas\u0131 tek san\u0131kla kapat\u0131ld\u0131 - Bati Ermenistan Ve Bati Ermenileri Sorunlari Ara\u015ftirmalar Merkezi","isPartOf":{"@id":"https:\/\/akunq.net\/tr\/#website"},"primaryImageOfPage":{"@id":"https:\/\/akunq.net\/tr\/?p=62046#primaryimage"},"image":{"@id":"https:\/\/akunq.net\/tr\/?p=62046#primaryimage"},"thumbnailUrl":"https:\/\/akunq.net\/tr\/wp-content\/uploads\/sites\/6\/2021\/03\/Maritsa-K\u00fc\u00e7\u00fck-1.jpg","datePublished":"2021-03-25T06:49:38+00:00","author":{"@id":"https:\/\/akunq.net\/tr\/#\/schema\/person\/096f1d38a12cce57fb855b485ed24c9e"},"breadcrumb":{"@id":"https:\/\/akunq.net\/tr\/?p=62046#breadcrumb"},"inLanguage":"en-US","potentialAction":[{"@type":"ReadAction","target":["https:\/\/akunq.net\/tr\/?p=62046"]}]},{"@type":"ImageObject","inLanguage":"en-US","@id":"https:\/\/akunq.net\/tr\/?p=62046#primaryimage","url":"https:\/\/akunq.net\/tr\/wp-content\/uploads\/sites\/6\/2021\/03\/Maritsa-K\u00fc\u00e7\u00fck-1.jpg","contentUrl":"https:\/\/akunq.net\/tr\/wp-content\/uploads\/sites\/6\/2021\/03\/Maritsa-K\u00fc\u00e7\u00fck-1.jpg","width":660,"height":330},{"@type":"BreadcrumbList","@id":"https:\/\/akunq.net\/tr\/?p=62046#breadcrumb","itemListElement":[{"@type":"ListItem","position":1,"name":"Home","item":"https:\/\/akunq.net\/tr"},{"@type":"ListItem","position":2,"name":"Maritsa K\u00fc\u00e7\u00fck davas\u0131 tek san\u0131kla kapat\u0131ld\u0131"}]},{"@type":"WebSite","@id":"https:\/\/akunq.net\/tr\/#website","url":"https:\/\/akunq.net\/tr\/","name":"Bati Ermenistan Ve Bati Ermenileri Sorunlari Ara\u015ftirmalar Merkezi","description":"","potentialAction":[{"@type":"SearchAction","target":{"@type":"EntryPoint","urlTemplate":"https:\/\/akunq.net\/tr\/?s={search_term_string}"},"query-input":{"@type":"PropertyValueSpecification","valueRequired":true,"valueName":"search_term_string"}}],"inLanguage":"en-US"},{"@type":"Person","@id":"https:\/\/akunq.net\/tr\/#\/schema\/person\/096f1d38a12cce57fb855b485ed24c9e","name":"admin","url":"https:\/\/akunq.net\/tr\/?author=7"}]}},"_links":{"self":[{"href":"https:\/\/akunq.net\/tr\/index.php?rest_route=\/wp\/v2\/posts\/62046","targetHints":{"allow":["GET"]}}],"collection":[{"href":"https:\/\/akunq.net\/tr\/index.php?rest_route=\/wp\/v2\/posts"}],"about":[{"href":"https:\/\/akunq.net\/tr\/index.php?rest_route=\/wp\/v2\/types\/post"}],"author":[{"embeddable":true,"href":"https:\/\/akunq.net\/tr\/index.php?rest_route=\/wp\/v2\/users\/7"}],"replies":[{"embeddable":true,"href":"https:\/\/akunq.net\/tr\/index.php?rest_route=%2Fwp%2Fv2%2Fcomments&post=62046"}],"version-history":[{"count":1,"href":"https:\/\/akunq.net\/tr\/index.php?rest_route=\/wp\/v2\/posts\/62046\/revisions"}],"predecessor-version":[{"id":62048,"href":"https:\/\/akunq.net\/tr\/index.php?rest_route=\/wp\/v2\/posts\/62046\/revisions\/62048"}],"wp:featuredmedia":[{"embeddable":true,"href":"https:\/\/akunq.net\/tr\/index.php?rest_route=\/wp\/v2\/media\/62047"}],"wp:attachment":[{"href":"https:\/\/akunq.net\/tr\/index.php?rest_route=%2Fwp%2Fv2%2Fmedia&parent=62046"}],"wp:term":[{"taxonomy":"category","embeddable":true,"href":"https:\/\/akunq.net\/tr\/index.php?rest_route=%2Fwp%2Fv2%2Fcategories&post=62046"},{"taxonomy":"post_tag","embeddable":true,"href":"https:\/\/akunq.net\/tr\/index.php?rest_route=%2Fwp%2Fv2%2Ftags&post=62046"}],"curies":[{"name":"wp","href":"https:\/\/api.w.org\/{rel}","templated":true}]}}