{"id":62039,"date":"2021-03-24T06:33:41","date_gmt":"2021-03-24T11:33:41","guid":{"rendered":"https:\/\/akunq.net\/tr\/?p=62039"},"modified":"2021-03-24T06:33:41","modified_gmt":"2021-03-24T11:33:41","slug":"tbmm-baskani-sentop-1300e-yakin-dokunulmazlik-dosyasi-var","status":"publish","type":"post","link":"https:\/\/akunq.net\/tr\/?p=62039","title":{"rendered":"TBMM Ba\u015fkan\u0131 \u015eentop: 1300&#8217;e yak\u0131n dokunulmazl\u0131k dosyas\u0131 var"},"content":{"rendered":"<p class=\"intro\"><em><strong>TBMM Ba\u015fkan\u0131 Mustafa \u015eentop 1300&#8217;e yak\u0131n dokunulmazl\u0131k dosyas\u0131 oldu\u011funu s\u00f6yledi.<\/strong><\/em><\/p>\n<div id=\"sharing-bar\" class=\"min\"><span dir=\"ltr\">\u00a0<\/span><span dir=\"ltr\">\u00a0<\/span><span dir=\"ltr\">\u00a0<\/span><span dir=\"ltr\">\u00a0<\/span><\/div>\n<div class=\"picBox full\"><a class=\"overlayLink init\" href=\"https:\/\/www.dw.com\/tr\/tbmm-ba%C5%9Fkan%C4%B1-%C5%9Fentop-1300e-yak%C4%B1n-dokunulmazl%C4%B1k-dosyas%C4%B1-var\/a-56957345#\" rel=\"nofollow\"><img decoding=\"async\" title=\"TBMM Ba\u015fkan\u0131 Mustafa \u015eentop\" src=\"https:\/\/static.dw.com\/image\/56691943_303.jpg\" alt=\"TBMM Ba\u015fkan\u0131 Mustafa \u015eentop\" \/><\/a><em>TBMM Ba\u015fkan\u0131 Mustafa \u015eentop<\/em><\/p>\n<\/div>\n<div class=\"group\">\n<div class=\"longText\">\n<p>T\u00fcrkiye B\u00fcy\u00fck Millet Meclisi (TBMM) Ba\u015fkan\u0131 Mustafa \u015eentop 1300&#8217;e yak\u0131n dokunulmazl\u0131k dosyas\u0131 oldu\u011funu s\u00f6yledi. TRT Haber&#8217;e konu\u015fan \u015eentop &#8220;TBMM&#8217;de bu kadar \u00e7ok dokunulmazl\u0131klar\u0131n kald\u0131r\u0131lmas\u0131 fezlekesinin olmas\u0131 \u00e7ok vahim bir tablo&#8221; diye konu\u015ftu.<\/p>\n<p>\u015eentop, HDP&#8217;nin kapat\u0131lmas\u0131 istemiyle Anayasa Mahkemesi&#8217;nde a\u00e7\u0131lan davaya ili\u015fkin de a\u00e7\u0131klamalarda bulundu.<\/p>\n<p>&#8220;D\u00fcnyada da Avrupa&#8217;da da siyasi partilerin kapat\u0131lmas\u0131na ili\u015fkin davalar var&#8221; diyen \u015eentop &#8220;Kapatma davas\u0131 bizim hukuk sistemimizde var olan ve siyasi partilerin uymas\u0131 gereken esaslar\u0131 ihlal etti\u011finde devreye giren bir y\u00f6ntem&#8221; diye konu\u015ftu.<\/p>\n<p>&#8220;Siyasi partiler, Anayasa ve Siyasi Partiler kanunlar\u0131nda olan \u00f6l\u00e7\u00fclere uygun olarak siyaset yapmal\u0131d\u0131r&#8221; diyen \u015eentop &#8220;Hukuk sistemine g\u00f6re kazan\u0131lm\u0131\u015f bir stat\u00fc varsa bunun i\u015fleyi\u015fiyle ilgili olan kurallara da uyacaks\u0131n\u0131z&#8221; dedi.<\/p>\n<p>Bir gazetecinin, &#8220;\u015eu anda Meclis&#8217;te 16 sandalye bo\u015f, 14 daha eklenirse y\u00fczde 5 oluyor ve ara se\u00e7im gerekiyor. B\u00f6yle bir ihtimal g\u00f6r\u00fcyor musunuz? Fezlekeler ve siyasi yasaklar ile ilgili b\u00f6yle bir ihtimal do\u011fuyor&#8221; s\u00f6zlerine, &#8220;Teorik olarak var. Fezlekeler \u00fczerinden bu kadar k\u0131sa zamanda b\u00f6yle bir sonu\u00e7 ortaya \u00e7\u0131kaca\u011f\u0131na, bu kadar say\u0131ya ula\u015faca\u011f\u0131na pek ihtimal vermiyorum&#8221; yan\u0131t\u0131n\u0131 verdi. HDP&#8217;nin kapat\u0131lmas\u0131 ve milletvekillerine siyaset yasa\u011f\u0131 getirilmesi halinde ise bu durumun ortaya \u00e7\u0131kabilece\u011fini belirtti.<\/p>\n<p>HDP&#8217;yi kapatma davas\u0131n\u0131n ne kadar s\u00fcrece\u011fine ili\u015fkin de \u015eentop &#8220;Makul bir s\u00fcre i\u00e7erisinde, azami 3 ila 6 ay gibi bir s\u00fcre i\u00e7erisinde sonu\u00e7lanabilece\u011fini d\u00fc\u015f\u00fcn\u00fcyorum. Anayasa Mahkemesi&#8217;nin performans\u0131n\u0131 dikkate alarak s\u00f6yl\u00fcyorum&#8221; dedi.<\/p>\n<div class=\"picBox full\nrechts\n\"><a class=\"overlayLink init\" href=\"https:\/\/www.dw.com\/tr\/tbmm-ba%C5%9Fkan%C4%B1-%C5%9Fentop-1300e-yak%C4%B1n-dokunulmazl%C4%B1k-dosyas%C4%B1-var\/a-56957345#\" rel=\"nofollow\"><img decoding=\"async\" title=\"TBMM\" src=\"https:\/\/static.dw.com\/image\/51861665_401.jpg\" alt=\"TBMM\" \/><\/a><em>TBMM<\/em><\/p>\n<\/div>\n<h2>&#8220;Berbero\u011flu&#8217;nun durumu emsal olu\u015fturmaz&#8221;<\/h2>\n<p>HDP&#8217;li \u00d6mer Faruk Gergerlio\u011flu&#8217;nun vekilli\u011finin d\u00fc\u015f\u00fcr\u00fclmesinde Anayasa Mahkemesi&#8217;ne bireysel ba\u015fvuru karar\u0131n\u0131n beklenmesinin s\u00f6z konusu olmad\u0131\u011f\u0131n\u0131 \u00e7\u00fcnk\u00fc bunun kesin h\u00fckm\u00fc ortadan kald\u0131rmad\u0131\u011f\u0131n\u0131 belirten \u015eentop, karar\u0131n ilgili mahkeme taraf\u0131ndan kald\u0131r\u0131lmas\u0131 gerekti\u011fini s\u00f6yledi. CHP \u0130stanbul Milletvekili Enis Berbero\u011flu konusunun da bu bak\u0131mdan emsal te\u015fkil etmeyece\u011fini belirten \u015eentop ancak kesin h\u00fck\u00fcm ortadan kald\u0131r\u0131l\u0131rsa bir benzerlik olu\u015faca\u011f\u0131n\u0131 savundu.<\/p>\n<h2>&#8220;Polis savc\u0131l\u0131k talimat\u0131n\u0131 yerine getirdi&#8221;<\/h2>\n<p>Gergerlio\u011flu&#8217;nun vekilli\u011fi d\u00fc\u015ft\u00fc\u011f\u00fc halde TBMM Genel Kurul Salonu&#8217;nda kalmas\u0131n\u0131n i\u00e7t\u00fcz\u00fc\u011fe g\u00f6re yanl\u0131\u015f oldu\u011funu savunan \u015eentop &#8220;Meclis, bu y\u00fczden o g\u00fcn \u00e7al\u0131\u015fmalar\u0131n\u0131 devam ettiremedi&#8221; dedi. Eski milletvekillerinin i\u00e7t\u00fcz\u00fc\u011fe g\u00f6re Meclis i\u00e7inde bulunma gibi baz\u0131 haklar\u0131n\u0131n bulundu\u011funu s\u00f6yleyen \u015eentop TBMM i\u00e7inde g\u00fcvenli\u011fin sa\u011flanmas\u0131nda yetkinin Meclis Ba\u015fkan\u0131&#8217;na verildi\u011fini, m\u00fcdahale konusunda s\u0131n\u0131rlay\u0131c\u0131 durumlar bulundu\u011funu belirtti.<\/p>\n<div class=\"picBox full\nrechts\n\"><a class=\"overlayLink init\" href=\"https:\/\/www.dw.com\/tr\/tbmm-ba%C5%9Fkan%C4%B1-%C5%9Fentop-1300e-yak%C4%B1n-dokunulmazl%C4%B1k-dosyas%C4%B1-var\/a-56957345#\" rel=\"nofollow\"><img decoding=\"async\" title=\"\u00d6mer Faruk Gergerlio\u011flu\" src=\"https:\/\/static.dw.com\/image\/56943026_401.jpg\" alt=\"\u00d6mer Faruk Gergerlio\u011flu\" \/><\/a><em>\u00d6mer Faruk Gergerlio\u011flu<\/em><\/p>\n<\/div>\n<p>&#8220;Savc\u0131l\u0131\u011fa bildirilmi\u015f bir durum s\u00f6zkonusuydu&#8221; diyen \u015eentop &#8220;Savc\u0131l\u0131k, ifadesi al\u0131nmas\u0131 maksad\u0131yla ifade i\u00e7in en yak\u0131n emniyet birimine davet edilmesine, gitmedi\u011fi takdirde g\u00f6t\u00fcr\u00fclmesine dair bir karar \u00e7\u0131kart\u0131yor, bunu emniyet birimlerine g\u00f6nderiyor. Meclis i\u00e7inde Meclisin G\u00fcvenlik Daire Ba\u015fkanl\u0131\u011f\u0131 var. Orada g\u00f6revli olan polisler g\u00fcvenlikle ilgili m\u00fcdahalede bulunabiliyor. Dolay\u0131s\u0131yla d\u0131\u015far\u0131dan emniyet g\u00f6revlilerinin gelip m\u00fcdahalede bulunmas\u0131 s\u00f6z konusu de\u011fil&#8221; dedi.<\/p>\n<p>\u015eentop &#8220;TBMM \u0130\u00e7 T\u00fcz\u00fc\u011f\u00fcn\u00fcn 170. maddesine g\u00f6re, &#8216;Meclis binalar\u0131nda ve bah\u00e7esinde bir su\u00e7 i\u015flendi\u011fi takdirde, savc\u0131l\u0131\u011f\u0131n do\u011frudan soru\u015fturma yapabilece\u011fi bir su\u00e7sa, soru\u015fturma izni verilmesi gibi hususlar s\u00f6z konusu de\u011filse, do\u011frudan savc\u0131l\u0131\u011f\u0131n soru\u015fturma yapabilece\u011fi bir husussa savc\u0131l\u0131\u011f\u0131n talimat\u0131 yerine getirilir&#8217; diyor. \u0130\u00e7t\u00fcz\u00fck h\u00fckm\u00fc bu. Savc\u0131l\u0131ktan gelen talimat\u0131, orada g\u00f6revli arkada\u015flar\u0131m\u0131z yerine getirmi\u015ftir&#8221; diye konu\u015ftu.<\/p>\n<p><em><strong>https:\/\/www.dw.com\/tr\/tbmm-ba%C5%9Fkan%C4%B1-%C5%9Fentop-1300e-yak%C4%B1n-dokunulmazl%C4%B1k-dosyas%C4%B1-var\/a-56957345\u00a0<\/strong><\/em><\/p>\n<p>&nbsp;<\/p>\n<p>&nbsp;<\/p>\n<\/div>\n<\/div>\n","protected":false},"excerpt":{"rendered":"<p>TBMM Ba\u015fkan\u0131 Mustafa \u015eentop 1300&#8217;e yak\u0131n dokunulmazl\u0131k dosyas\u0131 oldu\u011funu s\u00f6yledi. \u00a0\u00a0\u00a0\u00a0 TBMM Ba\u015fkan\u0131 Mustafa \u015eentop T\u00fcrkiye B\u00fcy\u00fck Millet Meclisi (TBMM) Ba\u015fkan\u0131 Mustafa \u015eentop 1300&#8217;e yak\u0131n dokunulmazl\u0131k dosyas\u0131 oldu\u011funu s\u00f6yledi. TRT Haber&#8217;e konu\u015fan \u015eentop &#8220;TBMM&#8217;de bu kadar \u00e7ok dokunulmazl\u0131klar\u0131n kald\u0131r\u0131lmas\u0131 fezlekesinin olmas\u0131 \u00e7ok vahim bir tablo&#8221; diye konu\u015ftu. \u015eentop, HDP&#8217;nin kapat\u0131lmas\u0131 istemiyle Anayasa Mahkemesi&#8217;nde a\u00e7\u0131lan davaya [&hellip;]<\/p>\n","protected":false},"author":7,"featured_media":62040,"comment_status":"open","ping_status":"open","sticky":false,"template":"","format":"standard","meta":{"footnotes":""},"categories":[1],"tags":[],"class_list":["post-62039","post","type-post","status-publish","format-standard","has-post-thumbnail","hentry","category-haberler"],"yoast_head":"<!-- This site is optimized with the Yoast SEO plugin v27.4 - https:\/\/yoast.com\/product\/yoast-seo-wordpress\/ -->\n<title>TBMM Ba\u015fkan\u0131 \u015eentop: 1300&#039;e yak\u0131n dokunulmazl\u0131k dosyas\u0131 var - Bati Ermenistan Ve Bati Ermenileri Sorunlari Ara\u015ftirmalar Merkezi<\/title>\n<meta name=\"robots\" content=\"index, follow, max-snippet:-1, max-image-preview:large, max-video-preview:-1\" \/>\n<link rel=\"canonical\" href=\"https:\/\/akunq.net\/tr\/?p=62039\" \/>\n<meta property=\"og:locale\" content=\"en_US\" \/>\n<meta property=\"og:type\" content=\"article\" \/>\n<meta property=\"og:title\" content=\"TBMM Ba\u015fkan\u0131 \u015eentop: 1300&#039;e yak\u0131n dokunulmazl\u0131k dosyas\u0131 var - Bati Ermenistan Ve Bati Ermenileri Sorunlari Ara\u015ftirmalar Merkezi\" \/>\n<meta property=\"og:description\" content=\"TBMM Ba\u015fkan\u0131 Mustafa \u015eentop 1300&#8217;e yak\u0131n dokunulmazl\u0131k dosyas\u0131 oldu\u011funu s\u00f6yledi. \u00a0\u00a0\u00a0\u00a0 TBMM Ba\u015fkan\u0131 Mustafa \u015eentop T\u00fcrkiye B\u00fcy\u00fck Millet Meclisi (TBMM) Ba\u015fkan\u0131 Mustafa \u015eentop 1300&#8217;e yak\u0131n dokunulmazl\u0131k dosyas\u0131 oldu\u011funu s\u00f6yledi. TRT Haber&#8217;e konu\u015fan \u015eentop &#8220;TBMM&#8217;de bu kadar \u00e7ok dokunulmazl\u0131klar\u0131n kald\u0131r\u0131lmas\u0131 fezlekesinin olmas\u0131 \u00e7ok vahim bir tablo&#8221; diye konu\u015ftu. \u015eentop, HDP&#8217;nin kapat\u0131lmas\u0131 istemiyle Anayasa Mahkemesi&#8217;nde a\u00e7\u0131lan davaya [&hellip;]\" \/>\n<meta property=\"og:url\" content=\"https:\/\/akunq.net\/tr\/?p=62039\" \/>\n<meta property=\"og:site_name\" content=\"Bati Ermenistan Ve Bati Ermenileri Sorunlari Ara\u015ftirmalar Merkezi\" \/>\n<meta property=\"article:published_time\" content=\"2021-03-24T11:33:41+00:00\" \/>\n<meta property=\"og:image\" content=\"https:\/\/akunq.net\/tr\/wp-content\/uploads\/sites\/6\/2021\/03\/Mustafa-\u015eentop.jpg\" \/>\n\t<meta property=\"og:image:width\" content=\"700\" \/>\n\t<meta property=\"og:image:height\" content=\"394\" \/>\n\t<meta property=\"og:image:type\" content=\"image\/jpeg\" \/>\n<meta name=\"author\" content=\"admin\" \/>\n<meta name=\"twitter:card\" content=\"summary_large_image\" \/>\n<meta name=\"twitter:label1\" content=\"Written by\" \/>\n\t<meta name=\"twitter:data1\" content=\"admin\" \/>\n\t<meta name=\"twitter:label2\" content=\"Est. reading time\" \/>\n\t<meta name=\"twitter:data2\" content=\"3 minutes\" \/>\n<script type=\"application\/ld+json\" class=\"yoast-schema-graph\">{\"@context\":\"https:\\\/\\\/schema.org\",\"@graph\":[{\"@type\":\"Article\",\"@id\":\"https:\\\/\\\/akunq.net\\\/tr\\\/?p=62039#article\",\"isPartOf\":{\"@id\":\"https:\\\/\\\/akunq.net\\\/tr\\\/?p=62039\"},\"author\":{\"name\":\"admin\",\"@id\":\"https:\\\/\\\/akunq.net\\\/tr\\\/#\\\/schema\\\/person\\\/096f1d38a12cce57fb855b485ed24c9e\"},\"headline\":\"TBMM Ba\u015fkan\u0131 \u015eentop: 1300&#8217;e yak\u0131n dokunulmazl\u0131k dosyas\u0131 var\",\"datePublished\":\"2021-03-24T11:33:41+00:00\",\"mainEntityOfPage\":{\"@id\":\"https:\\\/\\\/akunq.net\\\/tr\\\/?p=62039\"},\"wordCount\":689,\"commentCount\":0,\"image\":{\"@id\":\"https:\\\/\\\/akunq.net\\\/tr\\\/?p=62039#primaryimage\"},\"thumbnailUrl\":\"https:\\\/\\\/akunq.net\\\/tr\\\/wp-content\\\/uploads\\\/sites\\\/6\\\/2021\\\/03\\\/Mustafa-\u015eentop.jpg\",\"articleSection\":[\"Haberler\"],\"inLanguage\":\"en-US\",\"potentialAction\":[{\"@type\":\"CommentAction\",\"name\":\"Comment\",\"target\":[\"https:\\\/\\\/akunq.net\\\/tr\\\/?p=62039#respond\"]}]},{\"@type\":\"WebPage\",\"@id\":\"https:\\\/\\\/akunq.net\\\/tr\\\/?p=62039\",\"url\":\"https:\\\/\\\/akunq.net\\\/tr\\\/?p=62039\",\"name\":\"TBMM Ba\u015fkan\u0131 \u015eentop: 1300'e yak\u0131n dokunulmazl\u0131k dosyas\u0131 var - Bati Ermenistan Ve Bati Ermenileri Sorunlari Ara\u015ftirmalar Merkezi\",\"isPartOf\":{\"@id\":\"https:\\\/\\\/akunq.net\\\/tr\\\/#website\"},\"primaryImageOfPage\":{\"@id\":\"https:\\\/\\\/akunq.net\\\/tr\\\/?p=62039#primaryimage\"},\"image\":{\"@id\":\"https:\\\/\\\/akunq.net\\\/tr\\\/?p=62039#primaryimage\"},\"thumbnailUrl\":\"https:\\\/\\\/akunq.net\\\/tr\\\/wp-content\\\/uploads\\\/sites\\\/6\\\/2021\\\/03\\\/Mustafa-\u015eentop.jpg\",\"datePublished\":\"2021-03-24T11:33:41+00:00\",\"author\":{\"@id\":\"https:\\\/\\\/akunq.net\\\/tr\\\/#\\\/schema\\\/person\\\/096f1d38a12cce57fb855b485ed24c9e\"},\"breadcrumb\":{\"@id\":\"https:\\\/\\\/akunq.net\\\/tr\\\/?p=62039#breadcrumb\"},\"inLanguage\":\"en-US\",\"potentialAction\":[{\"@type\":\"ReadAction\",\"target\":[\"https:\\\/\\\/akunq.net\\\/tr\\\/?p=62039\"]}]},{\"@type\":\"ImageObject\",\"inLanguage\":\"en-US\",\"@id\":\"https:\\\/\\\/akunq.net\\\/tr\\\/?p=62039#primaryimage\",\"url\":\"https:\\\/\\\/akunq.net\\\/tr\\\/wp-content\\\/uploads\\\/sites\\\/6\\\/2021\\\/03\\\/Mustafa-\u015eentop.jpg\",\"contentUrl\":\"https:\\\/\\\/akunq.net\\\/tr\\\/wp-content\\\/uploads\\\/sites\\\/6\\\/2021\\\/03\\\/Mustafa-\u015eentop.jpg\",\"width\":700,\"height\":394},{\"@type\":\"BreadcrumbList\",\"@id\":\"https:\\\/\\\/akunq.net\\\/tr\\\/?p=62039#breadcrumb\",\"itemListElement\":[{\"@type\":\"ListItem\",\"position\":1,\"name\":\"Home\",\"item\":\"https:\\\/\\\/akunq.net\\\/tr\"},{\"@type\":\"ListItem\",\"position\":2,\"name\":\"TBMM Ba\u015fkan\u0131 \u015eentop: 1300&#8217;e yak\u0131n dokunulmazl\u0131k dosyas\u0131 var\"}]},{\"@type\":\"WebSite\",\"@id\":\"https:\\\/\\\/akunq.net\\\/tr\\\/#website\",\"url\":\"https:\\\/\\\/akunq.net\\\/tr\\\/\",\"name\":\"Bati Ermenistan Ve Bati Ermenileri Sorunlari Ara\u015ftirmalar Merkezi\",\"description\":\"\",\"potentialAction\":[{\"@type\":\"SearchAction\",\"target\":{\"@type\":\"EntryPoint\",\"urlTemplate\":\"https:\\\/\\\/akunq.net\\\/tr\\\/?s={search_term_string}\"},\"query-input\":{\"@type\":\"PropertyValueSpecification\",\"valueRequired\":true,\"valueName\":\"search_term_string\"}}],\"inLanguage\":\"en-US\"},{\"@type\":\"Person\",\"@id\":\"https:\\\/\\\/akunq.net\\\/tr\\\/#\\\/schema\\\/person\\\/096f1d38a12cce57fb855b485ed24c9e\",\"name\":\"admin\",\"url\":\"https:\\\/\\\/akunq.net\\\/tr\\\/?author=7\"}]}<\/script>\n<!-- \/ Yoast SEO plugin. -->","yoast_head_json":{"title":"TBMM Ba\u015fkan\u0131 \u015eentop: 1300'e yak\u0131n dokunulmazl\u0131k dosyas\u0131 var - Bati Ermenistan Ve Bati Ermenileri Sorunlari Ara\u015ftirmalar Merkezi","robots":{"index":"index","follow":"follow","max-snippet":"max-snippet:-1","max-image-preview":"max-image-preview:large","max-video-preview":"max-video-preview:-1"},"canonical":"https:\/\/akunq.net\/tr\/?p=62039","og_locale":"en_US","og_type":"article","og_title":"TBMM Ba\u015fkan\u0131 \u015eentop: 1300'e yak\u0131n dokunulmazl\u0131k dosyas\u0131 var - Bati Ermenistan Ve Bati Ermenileri Sorunlari Ara\u015ftirmalar Merkezi","og_description":"TBMM Ba\u015fkan\u0131 Mustafa \u015eentop 1300&#8217;e yak\u0131n dokunulmazl\u0131k dosyas\u0131 oldu\u011funu s\u00f6yledi. \u00a0\u00a0\u00a0\u00a0 TBMM Ba\u015fkan\u0131 Mustafa \u015eentop T\u00fcrkiye B\u00fcy\u00fck Millet Meclisi (TBMM) Ba\u015fkan\u0131 Mustafa \u015eentop 1300&#8217;e yak\u0131n dokunulmazl\u0131k dosyas\u0131 oldu\u011funu s\u00f6yledi. TRT Haber&#8217;e konu\u015fan \u015eentop &#8220;TBMM&#8217;de bu kadar \u00e7ok dokunulmazl\u0131klar\u0131n kald\u0131r\u0131lmas\u0131 fezlekesinin olmas\u0131 \u00e7ok vahim bir tablo&#8221; diye konu\u015ftu. \u015eentop, HDP&#8217;nin kapat\u0131lmas\u0131 istemiyle Anayasa Mahkemesi&#8217;nde a\u00e7\u0131lan davaya [&hellip;]","og_url":"https:\/\/akunq.net\/tr\/?p=62039","og_site_name":"Bati Ermenistan Ve Bati Ermenileri Sorunlari Ara\u015ftirmalar Merkezi","article_published_time":"2021-03-24T11:33:41+00:00","og_image":[{"width":700,"height":394,"url":"https:\/\/akunq.net\/tr\/wp-content\/uploads\/sites\/6\/2021\/03\/Mustafa-\u015eentop.jpg","type":"image\/jpeg"}],"author":"admin","twitter_card":"summary_large_image","twitter_misc":{"Written by":"admin","Est. reading time":"3 minutes"},"schema":{"@context":"https:\/\/schema.org","@graph":[{"@type":"Article","@id":"https:\/\/akunq.net\/tr\/?p=62039#article","isPartOf":{"@id":"https:\/\/akunq.net\/tr\/?p=62039"},"author":{"name":"admin","@id":"https:\/\/akunq.net\/tr\/#\/schema\/person\/096f1d38a12cce57fb855b485ed24c9e"},"headline":"TBMM Ba\u015fkan\u0131 \u015eentop: 1300&#8217;e yak\u0131n dokunulmazl\u0131k dosyas\u0131 var","datePublished":"2021-03-24T11:33:41+00:00","mainEntityOfPage":{"@id":"https:\/\/akunq.net\/tr\/?p=62039"},"wordCount":689,"commentCount":0,"image":{"@id":"https:\/\/akunq.net\/tr\/?p=62039#primaryimage"},"thumbnailUrl":"https:\/\/akunq.net\/tr\/wp-content\/uploads\/sites\/6\/2021\/03\/Mustafa-\u015eentop.jpg","articleSection":["Haberler"],"inLanguage":"en-US","potentialAction":[{"@type":"CommentAction","name":"Comment","target":["https:\/\/akunq.net\/tr\/?p=62039#respond"]}]},{"@type":"WebPage","@id":"https:\/\/akunq.net\/tr\/?p=62039","url":"https:\/\/akunq.net\/tr\/?p=62039","name":"TBMM Ba\u015fkan\u0131 \u015eentop: 1300'e yak\u0131n dokunulmazl\u0131k dosyas\u0131 var - Bati Ermenistan Ve Bati Ermenileri Sorunlari Ara\u015ftirmalar Merkezi","isPartOf":{"@id":"https:\/\/akunq.net\/tr\/#website"},"primaryImageOfPage":{"@id":"https:\/\/akunq.net\/tr\/?p=62039#primaryimage"},"image":{"@id":"https:\/\/akunq.net\/tr\/?p=62039#primaryimage"},"thumbnailUrl":"https:\/\/akunq.net\/tr\/wp-content\/uploads\/sites\/6\/2021\/03\/Mustafa-\u015eentop.jpg","datePublished":"2021-03-24T11:33:41+00:00","author":{"@id":"https:\/\/akunq.net\/tr\/#\/schema\/person\/096f1d38a12cce57fb855b485ed24c9e"},"breadcrumb":{"@id":"https:\/\/akunq.net\/tr\/?p=62039#breadcrumb"},"inLanguage":"en-US","potentialAction":[{"@type":"ReadAction","target":["https:\/\/akunq.net\/tr\/?p=62039"]}]},{"@type":"ImageObject","inLanguage":"en-US","@id":"https:\/\/akunq.net\/tr\/?p=62039#primaryimage","url":"https:\/\/akunq.net\/tr\/wp-content\/uploads\/sites\/6\/2021\/03\/Mustafa-\u015eentop.jpg","contentUrl":"https:\/\/akunq.net\/tr\/wp-content\/uploads\/sites\/6\/2021\/03\/Mustafa-\u015eentop.jpg","width":700,"height":394},{"@type":"BreadcrumbList","@id":"https:\/\/akunq.net\/tr\/?p=62039#breadcrumb","itemListElement":[{"@type":"ListItem","position":1,"name":"Home","item":"https:\/\/akunq.net\/tr"},{"@type":"ListItem","position":2,"name":"TBMM Ba\u015fkan\u0131 \u015eentop: 1300&#8217;e yak\u0131n dokunulmazl\u0131k dosyas\u0131 var"}]},{"@type":"WebSite","@id":"https:\/\/akunq.net\/tr\/#website","url":"https:\/\/akunq.net\/tr\/","name":"Bati Ermenistan Ve Bati Ermenileri Sorunlari Ara\u015ftirmalar Merkezi","description":"","potentialAction":[{"@type":"SearchAction","target":{"@type":"EntryPoint","urlTemplate":"https:\/\/akunq.net\/tr\/?s={search_term_string}"},"query-input":{"@type":"PropertyValueSpecification","valueRequired":true,"valueName":"search_term_string"}}],"inLanguage":"en-US"},{"@type":"Person","@id":"https:\/\/akunq.net\/tr\/#\/schema\/person\/096f1d38a12cce57fb855b485ed24c9e","name":"admin","url":"https:\/\/akunq.net\/tr\/?author=7"}]}},"_links":{"self":[{"href":"https:\/\/akunq.net\/tr\/index.php?rest_route=\/wp\/v2\/posts\/62039","targetHints":{"allow":["GET"]}}],"collection":[{"href":"https:\/\/akunq.net\/tr\/index.php?rest_route=\/wp\/v2\/posts"}],"about":[{"href":"https:\/\/akunq.net\/tr\/index.php?rest_route=\/wp\/v2\/types\/post"}],"author":[{"embeddable":true,"href":"https:\/\/akunq.net\/tr\/index.php?rest_route=\/wp\/v2\/users\/7"}],"replies":[{"embeddable":true,"href":"https:\/\/akunq.net\/tr\/index.php?rest_route=%2Fwp%2Fv2%2Fcomments&post=62039"}],"version-history":[{"count":1,"href":"https:\/\/akunq.net\/tr\/index.php?rest_route=\/wp\/v2\/posts\/62039\/revisions"}],"predecessor-version":[{"id":62041,"href":"https:\/\/akunq.net\/tr\/index.php?rest_route=\/wp\/v2\/posts\/62039\/revisions\/62041"}],"wp:featuredmedia":[{"embeddable":true,"href":"https:\/\/akunq.net\/tr\/index.php?rest_route=\/wp\/v2\/media\/62040"}],"wp:attachment":[{"href":"https:\/\/akunq.net\/tr\/index.php?rest_route=%2Fwp%2Fv2%2Fmedia&parent=62039"}],"wp:term":[{"taxonomy":"category","embeddable":true,"href":"https:\/\/akunq.net\/tr\/index.php?rest_route=%2Fwp%2Fv2%2Fcategories&post=62039"},{"taxonomy":"post_tag","embeddable":true,"href":"https:\/\/akunq.net\/tr\/index.php?rest_route=%2Fwp%2Fv2%2Ftags&post=62039"}],"curies":[{"name":"wp","href":"https:\/\/api.w.org\/{rel}","templated":true}]}}