{"id":62030,"date":"2021-03-24T03:33:59","date_gmt":"2021-03-24T08:33:59","guid":{"rendered":"https:\/\/akunq.net\/tr\/?p=62030"},"modified":"2021-03-24T03:33:59","modified_gmt":"2021-03-24T08:33:59","slug":"mustafapasa-koyundeki-tarihi-kilisede-siir-dinletisi","status":"publish","type":"post","link":"https:\/\/akunq.net\/tr\/?p=62030","title":{"rendered":"Mustafapa\u015fa k\u00f6y\u00fcndeki tarihi kilisede \u015fiir dinletisi"},"content":{"rendered":"<p><img loading=\"lazy\" decoding=\"async\" class=\"aligncenter size-medium wp-image-62031\" src=\"https:\/\/akunq.net\/tr\/wp-content\/uploads\/2021\/03\/Mustafapa\u015fa-k\u00f6y\u00fc-360x208.jpeg\" alt=\"\" width=\"360\" height=\"208\" srcset=\"https:\/\/akunq.net\/tr\/wp-content\/uploads\/sites\/6\/2021\/03\/Mustafapa\u015fa-k\u00f6y\u00fc-360x208.jpeg 360w, https:\/\/akunq.net\/tr\/wp-content\/uploads\/sites\/6\/2021\/03\/Mustafapa\u015fa-k\u00f6y\u00fc-560x323.jpeg 560w, https:\/\/akunq.net\/tr\/wp-content\/uploads\/sites\/6\/2021\/03\/Mustafapa\u015fa-k\u00f6y\u00fc-260x150.jpeg 260w, https:\/\/akunq.net\/tr\/wp-content\/uploads\/sites\/6\/2021\/03\/Mustafapa\u015fa-k\u00f6y\u00fc-160x92.jpeg 160w, https:\/\/akunq.net\/tr\/wp-content\/uploads\/sites\/6\/2021\/03\/Mustafapa\u015fa-k\u00f6y\u00fc.jpeg 683w\" sizes=\"auto, (max-width: 360px) 100vw, 360px\" \/><\/p>\n<p><em><strong>Nev\u015fehir\u2019in \u00dcrg\u00fcp il\u00e7esinde, \u0130l\u00e7e Kaymakaml\u0131\u011f\u0131n\u0131n y\u00fcr\u00fctt\u00fc\u011f\u00fc proje kapsam\u0131nda son derece g\u00fczel bir etkinli\u011fe imza at\u0131ld\u0131.\u00a0\u00a0<\/strong><\/em><\/p>\n<p>\u00dcrg\u00fcp Kaymakaml\u0131\u011f\u0131n\u0131n d\u00fczenlemi\u015f oldu\u011fu Hayat\u0131n Anlam\u0131 Kitap projesi kapsam\u0131nda her ay yap\u0131lan canl\u0131 m\u00fczik e\u015fli\u011finde kitap okuma saati bu ay 21 Mart D\u00fcnya \u015fiir g\u00fcn\u00fc dolay\u0131s\u0131yla \u015fiir dinletisi \u015feklinde ger\u00e7ekle\u015ftirildi.<\/p>\n<p>\u0130l\u00e7eye ba\u011fl\u0131\u00a0Mustafapa\u015fa k\u00f6y<strong>\u00fc<\/strong>nde bulunan Konstantin Eleni Kilisesinde d\u00fczenlenen dinletide \u00dcrg\u00fcp \u0130l\u00e7esi \u00f6\u011fretmenleri Cemile Metin, Salih Metin, Mehmet Boran ve Cengiz Eren g\u00f6rev ald\u0131.<\/p>\n<p>Tarihi mekanda d\u00fczenlenen ve birbirinden g\u00fczel \u015fiir ve \u015fark\u0131lara yer verilen dinleti sosyal medya platformlar\u0131nda da b\u00fcy\u00fck ilgi g\u00f6rd\u00fc.<\/p>\n<p><em><strong>Kaynak: MHA\u00a0<\/strong><\/em><\/p>\n<p><em><strong>www.fibhaber.com<a href=\"https:\/\/www.fibhaber.com\/genel\/mustafapasa-koyu-nde-ki-tarihi-kilise-de-siir-dinletisi-h129809.html\">https:\/\/www.fibhaber.com\/genel\/mustafapasa-koyu-nde-ki-tarihi-kilise-de-siir-dinletisi-h129809.html<\/a><\/strong><\/em><\/p>\n","protected":false},"excerpt":{"rendered":"<p>Nev\u015fehir\u2019in \u00dcrg\u00fcp il\u00e7esinde, \u0130l\u00e7e Kaymakaml\u0131\u011f\u0131n\u0131n y\u00fcr\u00fctt\u00fc\u011f\u00fc proje kapsam\u0131nda son derece g\u00fczel bir etkinli\u011fe imza at\u0131ld\u0131.\u00a0\u00a0 \u00dcrg\u00fcp Kaymakaml\u0131\u011f\u0131n\u0131n d\u00fczenlemi\u015f oldu\u011fu Hayat\u0131n Anlam\u0131 Kitap projesi kapsam\u0131nda her ay yap\u0131lan canl\u0131 m\u00fczik e\u015fli\u011finde kitap okuma saati bu ay 21 Mart D\u00fcnya \u015fiir g\u00fcn\u00fc dolay\u0131s\u0131yla \u015fiir dinletisi \u015feklinde ger\u00e7ekle\u015ftirildi. \u0130l\u00e7eye ba\u011fl\u0131\u00a0Mustafapa\u015fa k\u00f6y\u00fcnde bulunan Konstantin Eleni Kilisesinde d\u00fczenlenen dinletide \u00dcrg\u00fcp [&hellip;]<\/p>\n","protected":false},"author":7,"featured_media":62031,"comment_status":"open","ping_status":"open","sticky":false,"template":"","format":"standard","meta":{"footnotes":""},"categories":[1],"tags":[],"class_list":["post-62030","post","type-post","status-publish","format-standard","has-post-thumbnail","hentry","category-haberler"],"yoast_head":"<!-- This site is optimized with the Yoast SEO plugin v27.4 - https:\/\/yoast.com\/product\/yoast-seo-wordpress\/ -->\n<title>Mustafapa\u015fa k\u00f6y\u00fcndeki tarihi kilisede \u015fiir dinletisi - Bati Ermenistan Ve Bati Ermenileri Sorunlari Ara\u015ftirmalar Merkezi<\/title>\n<meta name=\"robots\" content=\"index, follow, max-snippet:-1, max-image-preview:large, max-video-preview:-1\" \/>\n<link rel=\"canonical\" href=\"https:\/\/akunq.net\/tr\/?p=62030\" \/>\n<meta property=\"og:locale\" content=\"en_US\" \/>\n<meta property=\"og:type\" content=\"article\" \/>\n<meta property=\"og:title\" content=\"Mustafapa\u015fa k\u00f6y\u00fcndeki tarihi kilisede \u015fiir dinletisi - Bati Ermenistan Ve Bati Ermenileri Sorunlari Ara\u015ftirmalar Merkezi\" \/>\n<meta property=\"og:description\" content=\"Nev\u015fehir\u2019in \u00dcrg\u00fcp il\u00e7esinde, \u0130l\u00e7e Kaymakaml\u0131\u011f\u0131n\u0131n y\u00fcr\u00fctt\u00fc\u011f\u00fc proje kapsam\u0131nda son derece g\u00fczel bir etkinli\u011fe imza at\u0131ld\u0131.\u00a0\u00a0 \u00dcrg\u00fcp Kaymakaml\u0131\u011f\u0131n\u0131n d\u00fczenlemi\u015f oldu\u011fu Hayat\u0131n Anlam\u0131 Kitap projesi kapsam\u0131nda her ay yap\u0131lan canl\u0131 m\u00fczik e\u015fli\u011finde kitap okuma saati bu ay 21 Mart D\u00fcnya \u015fiir g\u00fcn\u00fc dolay\u0131s\u0131yla \u015fiir dinletisi \u015feklinde ger\u00e7ekle\u015ftirildi. \u0130l\u00e7eye ba\u011fl\u0131\u00a0Mustafapa\u015fa k\u00f6y\u00fcnde bulunan Konstantin Eleni Kilisesinde d\u00fczenlenen dinletide \u00dcrg\u00fcp [&hellip;]\" \/>\n<meta property=\"og:url\" content=\"https:\/\/akunq.net\/tr\/?p=62030\" \/>\n<meta property=\"og:site_name\" content=\"Bati Ermenistan Ve Bati Ermenileri Sorunlari Ara\u015ftirmalar Merkezi\" \/>\n<meta property=\"article:published_time\" content=\"2021-03-24T08:33:59+00:00\" \/>\n<meta property=\"og:image\" content=\"https:\/\/akunq.net\/tr\/wp-content\/uploads\/sites\/6\/2021\/03\/Mustafapa\u015fa-k\u00f6y\u00fc.jpeg\" \/>\n\t<meta property=\"og:image:width\" content=\"683\" \/>\n\t<meta property=\"og:image:height\" content=\"394\" \/>\n\t<meta property=\"og:image:type\" content=\"image\/jpeg\" \/>\n<meta name=\"author\" content=\"admin\" \/>\n<meta name=\"twitter:card\" content=\"summary_large_image\" \/>\n<meta name=\"twitter:label1\" content=\"Written by\" \/>\n\t<meta name=\"twitter:data1\" content=\"admin\" \/>\n\t<meta name=\"twitter:label2\" content=\"Est. reading time\" \/>\n\t<meta name=\"twitter:data2\" content=\"1 minute\" \/>\n<script type=\"application\/ld+json\" class=\"yoast-schema-graph\">{\"@context\":\"https:\\\/\\\/schema.org\",\"@graph\":[{\"@type\":\"Article\",\"@id\":\"https:\\\/\\\/akunq.net\\\/tr\\\/?p=62030#article\",\"isPartOf\":{\"@id\":\"https:\\\/\\\/akunq.net\\\/tr\\\/?p=62030\"},\"author\":{\"name\":\"admin\",\"@id\":\"https:\\\/\\\/akunq.net\\\/tr\\\/#\\\/schema\\\/person\\\/096f1d38a12cce57fb855b485ed24c9e\"},\"headline\":\"Mustafapa\u015fa k\u00f6y\u00fcndeki tarihi kilisede \u015fiir dinletisi\",\"datePublished\":\"2021-03-24T08:33:59+00:00\",\"mainEntityOfPage\":{\"@id\":\"https:\\\/\\\/akunq.net\\\/tr\\\/?p=62030\"},\"wordCount\":153,\"commentCount\":0,\"image\":{\"@id\":\"https:\\\/\\\/akunq.net\\\/tr\\\/?p=62030#primaryimage\"},\"thumbnailUrl\":\"https:\\\/\\\/akunq.net\\\/tr\\\/wp-content\\\/uploads\\\/sites\\\/6\\\/2021\\\/03\\\/Mustafapa\u015fa-k\u00f6y\u00fc.jpeg\",\"articleSection\":[\"Haberler\"],\"inLanguage\":\"en-US\",\"potentialAction\":[{\"@type\":\"CommentAction\",\"name\":\"Comment\",\"target\":[\"https:\\\/\\\/akunq.net\\\/tr\\\/?p=62030#respond\"]}]},{\"@type\":\"WebPage\",\"@id\":\"https:\\\/\\\/akunq.net\\\/tr\\\/?p=62030\",\"url\":\"https:\\\/\\\/akunq.net\\\/tr\\\/?p=62030\",\"name\":\"Mustafapa\u015fa k\u00f6y\u00fcndeki tarihi kilisede \u015fiir dinletisi - Bati Ermenistan Ve Bati Ermenileri Sorunlari Ara\u015ftirmalar Merkezi\",\"isPartOf\":{\"@id\":\"https:\\\/\\\/akunq.net\\\/tr\\\/#website\"},\"primaryImageOfPage\":{\"@id\":\"https:\\\/\\\/akunq.net\\\/tr\\\/?p=62030#primaryimage\"},\"image\":{\"@id\":\"https:\\\/\\\/akunq.net\\\/tr\\\/?p=62030#primaryimage\"},\"thumbnailUrl\":\"https:\\\/\\\/akunq.net\\\/tr\\\/wp-content\\\/uploads\\\/sites\\\/6\\\/2021\\\/03\\\/Mustafapa\u015fa-k\u00f6y\u00fc.jpeg\",\"datePublished\":\"2021-03-24T08:33:59+00:00\",\"author\":{\"@id\":\"https:\\\/\\\/akunq.net\\\/tr\\\/#\\\/schema\\\/person\\\/096f1d38a12cce57fb855b485ed24c9e\"},\"breadcrumb\":{\"@id\":\"https:\\\/\\\/akunq.net\\\/tr\\\/?p=62030#breadcrumb\"},\"inLanguage\":\"en-US\",\"potentialAction\":[{\"@type\":\"ReadAction\",\"target\":[\"https:\\\/\\\/akunq.net\\\/tr\\\/?p=62030\"]}]},{\"@type\":\"ImageObject\",\"inLanguage\":\"en-US\",\"@id\":\"https:\\\/\\\/akunq.net\\\/tr\\\/?p=62030#primaryimage\",\"url\":\"https:\\\/\\\/akunq.net\\\/tr\\\/wp-content\\\/uploads\\\/sites\\\/6\\\/2021\\\/03\\\/Mustafapa\u015fa-k\u00f6y\u00fc.jpeg\",\"contentUrl\":\"https:\\\/\\\/akunq.net\\\/tr\\\/wp-content\\\/uploads\\\/sites\\\/6\\\/2021\\\/03\\\/Mustafapa\u015fa-k\u00f6y\u00fc.jpeg\",\"width\":683,\"height\":394},{\"@type\":\"BreadcrumbList\",\"@id\":\"https:\\\/\\\/akunq.net\\\/tr\\\/?p=62030#breadcrumb\",\"itemListElement\":[{\"@type\":\"ListItem\",\"position\":1,\"name\":\"Home\",\"item\":\"https:\\\/\\\/akunq.net\\\/tr\"},{\"@type\":\"ListItem\",\"position\":2,\"name\":\"Mustafapa\u015fa k\u00f6y\u00fcndeki tarihi kilisede \u015fiir dinletisi\"}]},{\"@type\":\"WebSite\",\"@id\":\"https:\\\/\\\/akunq.net\\\/tr\\\/#website\",\"url\":\"https:\\\/\\\/akunq.net\\\/tr\\\/\",\"name\":\"Bati Ermenistan Ve Bati Ermenileri Sorunlari Ara\u015ftirmalar Merkezi\",\"description\":\"\",\"potentialAction\":[{\"@type\":\"SearchAction\",\"target\":{\"@type\":\"EntryPoint\",\"urlTemplate\":\"https:\\\/\\\/akunq.net\\\/tr\\\/?s={search_term_string}\"},\"query-input\":{\"@type\":\"PropertyValueSpecification\",\"valueRequired\":true,\"valueName\":\"search_term_string\"}}],\"inLanguage\":\"en-US\"},{\"@type\":\"Person\",\"@id\":\"https:\\\/\\\/akunq.net\\\/tr\\\/#\\\/schema\\\/person\\\/096f1d38a12cce57fb855b485ed24c9e\",\"name\":\"admin\",\"url\":\"https:\\\/\\\/akunq.net\\\/tr\\\/?author=7\"}]}<\/script>\n<!-- \/ Yoast SEO plugin. -->","yoast_head_json":{"title":"Mustafapa\u015fa k\u00f6y\u00fcndeki tarihi kilisede \u015fiir dinletisi - Bati Ermenistan Ve Bati Ermenileri Sorunlari Ara\u015ftirmalar Merkezi","robots":{"index":"index","follow":"follow","max-snippet":"max-snippet:-1","max-image-preview":"max-image-preview:large","max-video-preview":"max-video-preview:-1"},"canonical":"https:\/\/akunq.net\/tr\/?p=62030","og_locale":"en_US","og_type":"article","og_title":"Mustafapa\u015fa k\u00f6y\u00fcndeki tarihi kilisede \u015fiir dinletisi - Bati Ermenistan Ve Bati Ermenileri Sorunlari Ara\u015ftirmalar Merkezi","og_description":"Nev\u015fehir\u2019in \u00dcrg\u00fcp il\u00e7esinde, \u0130l\u00e7e Kaymakaml\u0131\u011f\u0131n\u0131n y\u00fcr\u00fctt\u00fc\u011f\u00fc proje kapsam\u0131nda son derece g\u00fczel bir etkinli\u011fe imza at\u0131ld\u0131.\u00a0\u00a0 \u00dcrg\u00fcp Kaymakaml\u0131\u011f\u0131n\u0131n d\u00fczenlemi\u015f oldu\u011fu Hayat\u0131n Anlam\u0131 Kitap projesi kapsam\u0131nda her ay yap\u0131lan canl\u0131 m\u00fczik e\u015fli\u011finde kitap okuma saati bu ay 21 Mart D\u00fcnya \u015fiir g\u00fcn\u00fc dolay\u0131s\u0131yla \u015fiir dinletisi \u015feklinde ger\u00e7ekle\u015ftirildi. \u0130l\u00e7eye ba\u011fl\u0131\u00a0Mustafapa\u015fa k\u00f6y\u00fcnde bulunan Konstantin Eleni Kilisesinde d\u00fczenlenen dinletide \u00dcrg\u00fcp [&hellip;]","og_url":"https:\/\/akunq.net\/tr\/?p=62030","og_site_name":"Bati Ermenistan Ve Bati Ermenileri Sorunlari Ara\u015ftirmalar Merkezi","article_published_time":"2021-03-24T08:33:59+00:00","og_image":[{"width":683,"height":394,"url":"https:\/\/akunq.net\/tr\/wp-content\/uploads\/sites\/6\/2021\/03\/Mustafapa\u015fa-k\u00f6y\u00fc.jpeg","type":"image\/jpeg"}],"author":"admin","twitter_card":"summary_large_image","twitter_misc":{"Written by":"admin","Est. reading time":"1 minute"},"schema":{"@context":"https:\/\/schema.org","@graph":[{"@type":"Article","@id":"https:\/\/akunq.net\/tr\/?p=62030#article","isPartOf":{"@id":"https:\/\/akunq.net\/tr\/?p=62030"},"author":{"name":"admin","@id":"https:\/\/akunq.net\/tr\/#\/schema\/person\/096f1d38a12cce57fb855b485ed24c9e"},"headline":"Mustafapa\u015fa k\u00f6y\u00fcndeki tarihi kilisede \u015fiir dinletisi","datePublished":"2021-03-24T08:33:59+00:00","mainEntityOfPage":{"@id":"https:\/\/akunq.net\/tr\/?p=62030"},"wordCount":153,"commentCount":0,"image":{"@id":"https:\/\/akunq.net\/tr\/?p=62030#primaryimage"},"thumbnailUrl":"https:\/\/akunq.net\/tr\/wp-content\/uploads\/sites\/6\/2021\/03\/Mustafapa\u015fa-k\u00f6y\u00fc.jpeg","articleSection":["Haberler"],"inLanguage":"en-US","potentialAction":[{"@type":"CommentAction","name":"Comment","target":["https:\/\/akunq.net\/tr\/?p=62030#respond"]}]},{"@type":"WebPage","@id":"https:\/\/akunq.net\/tr\/?p=62030","url":"https:\/\/akunq.net\/tr\/?p=62030","name":"Mustafapa\u015fa k\u00f6y\u00fcndeki tarihi kilisede \u015fiir dinletisi - Bati Ermenistan Ve Bati Ermenileri Sorunlari Ara\u015ftirmalar Merkezi","isPartOf":{"@id":"https:\/\/akunq.net\/tr\/#website"},"primaryImageOfPage":{"@id":"https:\/\/akunq.net\/tr\/?p=62030#primaryimage"},"image":{"@id":"https:\/\/akunq.net\/tr\/?p=62030#primaryimage"},"thumbnailUrl":"https:\/\/akunq.net\/tr\/wp-content\/uploads\/sites\/6\/2021\/03\/Mustafapa\u015fa-k\u00f6y\u00fc.jpeg","datePublished":"2021-03-24T08:33:59+00:00","author":{"@id":"https:\/\/akunq.net\/tr\/#\/schema\/person\/096f1d38a12cce57fb855b485ed24c9e"},"breadcrumb":{"@id":"https:\/\/akunq.net\/tr\/?p=62030#breadcrumb"},"inLanguage":"en-US","potentialAction":[{"@type":"ReadAction","target":["https:\/\/akunq.net\/tr\/?p=62030"]}]},{"@type":"ImageObject","inLanguage":"en-US","@id":"https:\/\/akunq.net\/tr\/?p=62030#primaryimage","url":"https:\/\/akunq.net\/tr\/wp-content\/uploads\/sites\/6\/2021\/03\/Mustafapa\u015fa-k\u00f6y\u00fc.jpeg","contentUrl":"https:\/\/akunq.net\/tr\/wp-content\/uploads\/sites\/6\/2021\/03\/Mustafapa\u015fa-k\u00f6y\u00fc.jpeg","width":683,"height":394},{"@type":"BreadcrumbList","@id":"https:\/\/akunq.net\/tr\/?p=62030#breadcrumb","itemListElement":[{"@type":"ListItem","position":1,"name":"Home","item":"https:\/\/akunq.net\/tr"},{"@type":"ListItem","position":2,"name":"Mustafapa\u015fa k\u00f6y\u00fcndeki tarihi kilisede \u015fiir dinletisi"}]},{"@type":"WebSite","@id":"https:\/\/akunq.net\/tr\/#website","url":"https:\/\/akunq.net\/tr\/","name":"Bati Ermenistan Ve Bati Ermenileri Sorunlari Ara\u015ftirmalar Merkezi","description":"","potentialAction":[{"@type":"SearchAction","target":{"@type":"EntryPoint","urlTemplate":"https:\/\/akunq.net\/tr\/?s={search_term_string}"},"query-input":{"@type":"PropertyValueSpecification","valueRequired":true,"valueName":"search_term_string"}}],"inLanguage":"en-US"},{"@type":"Person","@id":"https:\/\/akunq.net\/tr\/#\/schema\/person\/096f1d38a12cce57fb855b485ed24c9e","name":"admin","url":"https:\/\/akunq.net\/tr\/?author=7"}]}},"_links":{"self":[{"href":"https:\/\/akunq.net\/tr\/index.php?rest_route=\/wp\/v2\/posts\/62030","targetHints":{"allow":["GET"]}}],"collection":[{"href":"https:\/\/akunq.net\/tr\/index.php?rest_route=\/wp\/v2\/posts"}],"about":[{"href":"https:\/\/akunq.net\/tr\/index.php?rest_route=\/wp\/v2\/types\/post"}],"author":[{"embeddable":true,"href":"https:\/\/akunq.net\/tr\/index.php?rest_route=\/wp\/v2\/users\/7"}],"replies":[{"embeddable":true,"href":"https:\/\/akunq.net\/tr\/index.php?rest_route=%2Fwp%2Fv2%2Fcomments&post=62030"}],"version-history":[{"count":1,"href":"https:\/\/akunq.net\/tr\/index.php?rest_route=\/wp\/v2\/posts\/62030\/revisions"}],"predecessor-version":[{"id":62032,"href":"https:\/\/akunq.net\/tr\/index.php?rest_route=\/wp\/v2\/posts\/62030\/revisions\/62032"}],"wp:featuredmedia":[{"embeddable":true,"href":"https:\/\/akunq.net\/tr\/index.php?rest_route=\/wp\/v2\/media\/62031"}],"wp:attachment":[{"href":"https:\/\/akunq.net\/tr\/index.php?rest_route=%2Fwp%2Fv2%2Fmedia&parent=62030"}],"wp:term":[{"taxonomy":"category","embeddable":true,"href":"https:\/\/akunq.net\/tr\/index.php?rest_route=%2Fwp%2Fv2%2Fcategories&post=62030"},{"taxonomy":"post_tag","embeddable":true,"href":"https:\/\/akunq.net\/tr\/index.php?rest_route=%2Fwp%2Fv2%2Ftags&post=62030"}],"curies":[{"name":"wp","href":"https:\/\/api.w.org\/{rel}","templated":true}]}}