{"id":62027,"date":"2021-03-24T03:21:43","date_gmt":"2021-03-24T08:21:43","guid":{"rendered":"https:\/\/akunq.net\/tr\/?p=62027"},"modified":"2021-03-24T03:21:43","modified_gmt":"2021-03-24T08:21:43","slug":"macron-turkiyenin-fransa-secimlerine-mudahale-etmesinden-endise-duyuyorum","status":"publish","type":"post","link":"https:\/\/akunq.net\/tr\/?p=62027","title":{"rendered":"Macron: T\u00fcrkiye&#8217;nin Fransa se\u00e7imlerine m\u00fcdahale etmesinden endi\u015fe duyuyorum"},"content":{"rendered":"<div class=\"b-article__lead\">\n<p><img loading=\"lazy\" decoding=\"async\" class=\"aligncenter size-medium wp-image-62028\" src=\"https:\/\/akunq.net\/tr\/wp-content\/uploads\/2021\/03\/Macron-360x203.jpg\" alt=\"\" width=\"360\" height=\"203\" srcset=\"https:\/\/akunq.net\/tr\/wp-content\/uploads\/sites\/6\/2021\/03\/Macron-360x203.jpg 360w, https:\/\/akunq.net\/tr\/wp-content\/uploads\/sites\/6\/2021\/03\/Macron-768x432.jpg 768w, https:\/\/akunq.net\/tr\/wp-content\/uploads\/sites\/6\/2021\/03\/Macron-560x315.jpg 560w, https:\/\/akunq.net\/tr\/wp-content\/uploads\/sites\/6\/2021\/03\/Macron-260x146.jpg 260w, https:\/\/akunq.net\/tr\/wp-content\/uploads\/sites\/6\/2021\/03\/Macron-160x90.jpg 160w, https:\/\/akunq.net\/tr\/wp-content\/uploads\/sites\/6\/2021\/03\/Macron.jpg 976w\" sizes=\"auto, (max-width: 360px) 100vw, 360px\" \/><\/p>\n<p><strong><em>Fransa Cumhurba\u015fkan\u0131 Macron, T\u00fcrkiye&#8217;nin &#8216;yakla\u015fan Fransa se\u00e7imlerine m\u00fcdahale edebilece\u011finden endi\u015fe duydu\u011funu&#8217; s\u00f6yledi.<\/em><\/strong><\/p>\n<\/div>\n<div class=\"b-article__text\">\n<p>Fransa Cumhurba\u015fkan\u0131\u00a0<strong>Emmanuel Macron<\/strong>,\u00a0<a href=\"https:\/\/tr.sputniknews.com\/avrupa\/202103221044088438-fransa-devlet-televizyonu-erdogan-ozel-aksami-duzenleyecek\/\">Paris ile Ankara aras\u0131ndaki gergin ili\u015fkiler<\/a>\u00a0hakk\u0131nda yorumda bulunarak, T\u00fcrkiye&#8217;nin Fransa se\u00e7imlerine &#8216;m\u00fcdahale edebilece\u011fi&#8217; iddias\u0131n\u0131 ortaya att\u0131.<\/p>\n<p>Bloomberg&#8217;in aktard\u0131\u011f\u0131 habere g\u00f6re, d\u00fcn France 5 kanal\u0131na deme\u00e7 veren Macron, T\u00fcrkiye&#8217;nin yakla\u015fan se\u00e7imleri &#8216;etkilemeye \u00e7al\u0131\u015faca\u011f\u0131ndan duydu\u011fu endi\u015feyi&#8217; dile getirerek,<em>\u00a0&#8220;Tehditler \u00f6rt\u00fcl\u00fc de\u011fil, bence bu nedenle olduk\u00e7a net olmal\u0131y\u0131z&#8221;<\/em>\u00a0dedi.<\/p>\n<p>\u00d6te yandan Macron, T\u00fcrkiye&#8217;nin se\u00e7imlere ne \u015fekilde &#8216;m\u00fcdahale etmeye&#8217; \u00e7al\u0131\u015faca\u011f\u0131, bu y\u0131l\u0131n haziran ay\u0131ndaki b\u00f6lgesel se\u00e7imleri mi 2022&#8217;deki cumhurba\u015fkanl\u0131\u011f\u0131 se\u00e7imlerini mi yoksa her ikisini de mi &#8216;hedef alaca\u011f\u0131&#8217; konusuna herhangi bir a\u00e7\u0131klama getirmedi.<\/p>\n<p>T\u00fcrkiye&#8217;nin, yaln\u0131zca &#8216;kamuoyunu hedefleyece\u011fini&#8217; \u00f6ne s\u00fcren Fransa Cumhurba\u015fkan\u0131&#8217;n\u0131n, burada Ankara&#8217;n\u0131n muhtemelen okullar, camiler ve di\u011fer kurumlar arac\u0131l\u0131\u011f\u0131yla T\u00fcrk diasporas\u0131n\u0131n belirli b\u00f6l\u00fcmlerindeki etkisine at\u0131fta bulundu\u011fu d\u00fc\u015f\u00fcn\u00fcl\u00fcyor.<\/p>\n<p>Bununla birlikte Macron, T\u00fcrkiye ile diyalo\u011fun hala gerekli oldu\u011funa vurgu yaparak, NATO \u00fcyesi T\u00fcrkiye&#8217;nin \u00f6nemli bir ticaret orta\u011f\u0131,\u00a0<a href=\"https:\/\/tr.sputniknews.com\/columnists\/202103211044081511-ab-ile-gocmen-anlasmasi-5-yilini-doldurdu-turkiye-siginmacilarin-bekleme-odasi-olarak-mi-kalacak\/\">g\u00f6\u00e7 sorunu konusunda \u00f6nemli bir m\u00fcttefik oldu\u011funa<\/a>\u00a0dikkat \u00e7ekti.<\/p>\n<p>Fransa Cumhurba\u015fkan\u0131 Macron, &#8220;<em>Bir gecede &#8216;Art\u0131k sizinle \u00e7al\u0131\u015famay\u0131z, m\u00fczakere yok&#8217; derseniz, kap\u0131lar\u0131 a\u00e7arlar ve Avrupa&#8217;ya gelen 3 milyon m\u00fclteciniz olur. T\u00fcrkiye ile birlikte \u00e7al\u0131\u015fmal\u0131y\u0131z&#8221;<\/em>\u00a0ifadelerini kulland\u0131.<\/p>\n<p>Ayr\u0131ca T\u00fcrkiye Cumhurba\u015fkan\u0131 Erdo\u011fan&#8217;\u0131n, &#8216;NATO m\u00fcttefikleriyle birlikte mi yoksa onlara kar\u015f\u0131 m\u0131 oldu\u011funu netle\u015ftirmesi gerekti\u011fini&#8217; ifade eden Macron, \u015f\u00f6yle devam etti:<\/p>\n<blockquote class=\"marker-quote1\"><p>&#8220;Bu y\u0131l\u0131n ba\u015f\u0131ndan beri, Cumhurba\u015fkan\u0131 Erdo\u011fan&#8217;\u0131n ili\u015fkileri yeniden tesis etme arzusunu not ettim ve bunun m\u00fcmk\u00fcn oldu\u011funa inanmak istiyorum.\u00a0Ancak belirsizlikler s\u00fcrerse yeniden ili\u015fki kuramay\u0131z.&#8221;<\/p><\/blockquote>\n<blockquote><p><em><strong>https:\/\/tr.sputniknews.com\/avrupa\/202103241044100235-macron-turkiyenin-fransa-secimlerine-mudahale-etmesinden-endise-duyuyorum\/\u00a0<\/strong><\/em><\/p><\/blockquote>\n<\/div>\n","protected":false},"excerpt":{"rendered":"<p>Fransa Cumhurba\u015fkan\u0131 Macron, T\u00fcrkiye&#8217;nin &#8216;yakla\u015fan Fransa se\u00e7imlerine m\u00fcdahale edebilece\u011finden endi\u015fe duydu\u011funu&#8217; s\u00f6yledi. Fransa Cumhurba\u015fkan\u0131\u00a0Emmanuel Macron,\u00a0Paris ile Ankara aras\u0131ndaki gergin ili\u015fkiler\u00a0hakk\u0131nda yorumda bulunarak, T\u00fcrkiye&#8217;nin Fransa se\u00e7imlerine &#8216;m\u00fcdahale edebilece\u011fi&#8217; iddias\u0131n\u0131 ortaya att\u0131. Bloomberg&#8217;in aktard\u0131\u011f\u0131 habere g\u00f6re, d\u00fcn France 5 kanal\u0131na deme\u00e7 veren Macron, T\u00fcrkiye&#8217;nin yakla\u015fan se\u00e7imleri &#8216;etkilemeye \u00e7al\u0131\u015faca\u011f\u0131ndan duydu\u011fu endi\u015feyi&#8217; dile getirerek,\u00a0&#8220;Tehditler \u00f6rt\u00fcl\u00fc de\u011fil, bence bu nedenle [&hellip;]<\/p>\n","protected":false},"author":7,"featured_media":62028,"comment_status":"open","ping_status":"open","sticky":false,"template":"","format":"standard","meta":{"footnotes":""},"categories":[1],"tags":[],"class_list":["post-62027","post","type-post","status-publish","format-standard","has-post-thumbnail","hentry","category-haberler"],"yoast_head":"<!-- This site is optimized with the Yoast SEO plugin v27.4 - https:\/\/yoast.com\/product\/yoast-seo-wordpress\/ -->\n<title>Macron: T\u00fcrkiye&#039;nin Fransa se\u00e7imlerine m\u00fcdahale etmesinden endi\u015fe duyuyorum - Bati Ermenistan Ve Bati Ermenileri Sorunlari Ara\u015ftirmalar Merkezi<\/title>\n<meta name=\"robots\" content=\"index, follow, max-snippet:-1, max-image-preview:large, max-video-preview:-1\" \/>\n<link rel=\"canonical\" href=\"https:\/\/akunq.net\/tr\/?p=62027\" \/>\n<meta property=\"og:locale\" content=\"en_US\" \/>\n<meta property=\"og:type\" content=\"article\" \/>\n<meta property=\"og:title\" content=\"Macron: T\u00fcrkiye&#039;nin Fransa se\u00e7imlerine m\u00fcdahale etmesinden endi\u015fe duyuyorum - Bati Ermenistan Ve Bati Ermenileri Sorunlari Ara\u015ftirmalar Merkezi\" \/>\n<meta property=\"og:description\" content=\"Fransa Cumhurba\u015fkan\u0131 Macron, T\u00fcrkiye&#8217;nin &#8216;yakla\u015fan Fransa se\u00e7imlerine m\u00fcdahale edebilece\u011finden endi\u015fe duydu\u011funu&#8217; s\u00f6yledi. Fransa Cumhurba\u015fkan\u0131\u00a0Emmanuel Macron,\u00a0Paris ile Ankara aras\u0131ndaki gergin ili\u015fkiler\u00a0hakk\u0131nda yorumda bulunarak, T\u00fcrkiye&#8217;nin Fransa se\u00e7imlerine &#8216;m\u00fcdahale edebilece\u011fi&#8217; iddias\u0131n\u0131 ortaya att\u0131. Bloomberg&#8217;in aktard\u0131\u011f\u0131 habere g\u00f6re, d\u00fcn France 5 kanal\u0131na deme\u00e7 veren Macron, T\u00fcrkiye&#8217;nin yakla\u015fan se\u00e7imleri &#8216;etkilemeye \u00e7al\u0131\u015faca\u011f\u0131ndan duydu\u011fu endi\u015feyi&#8217; dile getirerek,\u00a0&#8220;Tehditler \u00f6rt\u00fcl\u00fc de\u011fil, bence bu nedenle [&hellip;]\" \/>\n<meta property=\"og:url\" content=\"https:\/\/akunq.net\/tr\/?p=62027\" \/>\n<meta property=\"og:site_name\" content=\"Bati Ermenistan Ve Bati Ermenileri Sorunlari Ara\u015ftirmalar Merkezi\" \/>\n<meta property=\"article:published_time\" content=\"2021-03-24T08:21:43+00:00\" \/>\n<meta property=\"og:image\" content=\"https:\/\/akunq.net\/tr\/wp-content\/uploads\/sites\/6\/2021\/03\/Macron.jpg\" \/>\n\t<meta property=\"og:image:width\" content=\"976\" \/>\n\t<meta property=\"og:image:height\" content=\"549\" \/>\n\t<meta property=\"og:image:type\" content=\"image\/jpeg\" \/>\n<meta name=\"author\" content=\"admin\" \/>\n<meta name=\"twitter:card\" content=\"summary_large_image\" \/>\n<meta name=\"twitter:label1\" content=\"Written by\" \/>\n\t<meta name=\"twitter:data1\" content=\"admin\" \/>\n\t<meta name=\"twitter:label2\" content=\"Est. reading time\" \/>\n\t<meta name=\"twitter:data2\" content=\"2 minutes\" \/>\n<script type=\"application\/ld+json\" class=\"yoast-schema-graph\">{\"@context\":\"https:\\\/\\\/schema.org\",\"@graph\":[{\"@type\":\"Article\",\"@id\":\"https:\\\/\\\/akunq.net\\\/tr\\\/?p=62027#article\",\"isPartOf\":{\"@id\":\"https:\\\/\\\/akunq.net\\\/tr\\\/?p=62027\"},\"author\":{\"name\":\"admin\",\"@id\":\"https:\\\/\\\/akunq.net\\\/tr\\\/#\\\/schema\\\/person\\\/096f1d38a12cce57fb855b485ed24c9e\"},\"headline\":\"Macron: T\u00fcrkiye&#8217;nin Fransa se\u00e7imlerine m\u00fcdahale etmesinden endi\u015fe duyuyorum\",\"datePublished\":\"2021-03-24T08:21:43+00:00\",\"mainEntityOfPage\":{\"@id\":\"https:\\\/\\\/akunq.net\\\/tr\\\/?p=62027\"},\"wordCount\":343,\"commentCount\":0,\"image\":{\"@id\":\"https:\\\/\\\/akunq.net\\\/tr\\\/?p=62027#primaryimage\"},\"thumbnailUrl\":\"https:\\\/\\\/akunq.net\\\/tr\\\/wp-content\\\/uploads\\\/sites\\\/6\\\/2021\\\/03\\\/Macron.jpg\",\"articleSection\":[\"Haberler\"],\"inLanguage\":\"en-US\",\"potentialAction\":[{\"@type\":\"CommentAction\",\"name\":\"Comment\",\"target\":[\"https:\\\/\\\/akunq.net\\\/tr\\\/?p=62027#respond\"]}]},{\"@type\":\"WebPage\",\"@id\":\"https:\\\/\\\/akunq.net\\\/tr\\\/?p=62027\",\"url\":\"https:\\\/\\\/akunq.net\\\/tr\\\/?p=62027\",\"name\":\"Macron: T\u00fcrkiye'nin Fransa se\u00e7imlerine m\u00fcdahale etmesinden endi\u015fe duyuyorum - Bati Ermenistan Ve Bati Ermenileri Sorunlari Ara\u015ftirmalar Merkezi\",\"isPartOf\":{\"@id\":\"https:\\\/\\\/akunq.net\\\/tr\\\/#website\"},\"primaryImageOfPage\":{\"@id\":\"https:\\\/\\\/akunq.net\\\/tr\\\/?p=62027#primaryimage\"},\"image\":{\"@id\":\"https:\\\/\\\/akunq.net\\\/tr\\\/?p=62027#primaryimage\"},\"thumbnailUrl\":\"https:\\\/\\\/akunq.net\\\/tr\\\/wp-content\\\/uploads\\\/sites\\\/6\\\/2021\\\/03\\\/Macron.jpg\",\"datePublished\":\"2021-03-24T08:21:43+00:00\",\"author\":{\"@id\":\"https:\\\/\\\/akunq.net\\\/tr\\\/#\\\/schema\\\/person\\\/096f1d38a12cce57fb855b485ed24c9e\"},\"breadcrumb\":{\"@id\":\"https:\\\/\\\/akunq.net\\\/tr\\\/?p=62027#breadcrumb\"},\"inLanguage\":\"en-US\",\"potentialAction\":[{\"@type\":\"ReadAction\",\"target\":[\"https:\\\/\\\/akunq.net\\\/tr\\\/?p=62027\"]}]},{\"@type\":\"ImageObject\",\"inLanguage\":\"en-US\",\"@id\":\"https:\\\/\\\/akunq.net\\\/tr\\\/?p=62027#primaryimage\",\"url\":\"https:\\\/\\\/akunq.net\\\/tr\\\/wp-content\\\/uploads\\\/sites\\\/6\\\/2021\\\/03\\\/Macron.jpg\",\"contentUrl\":\"https:\\\/\\\/akunq.net\\\/tr\\\/wp-content\\\/uploads\\\/sites\\\/6\\\/2021\\\/03\\\/Macron.jpg\",\"width\":976,\"height\":549},{\"@type\":\"BreadcrumbList\",\"@id\":\"https:\\\/\\\/akunq.net\\\/tr\\\/?p=62027#breadcrumb\",\"itemListElement\":[{\"@type\":\"ListItem\",\"position\":1,\"name\":\"Home\",\"item\":\"https:\\\/\\\/akunq.net\\\/tr\"},{\"@type\":\"ListItem\",\"position\":2,\"name\":\"Macron: T\u00fcrkiye&#8217;nin Fransa se\u00e7imlerine m\u00fcdahale etmesinden endi\u015fe duyuyorum\"}]},{\"@type\":\"WebSite\",\"@id\":\"https:\\\/\\\/akunq.net\\\/tr\\\/#website\",\"url\":\"https:\\\/\\\/akunq.net\\\/tr\\\/\",\"name\":\"Bati Ermenistan Ve Bati Ermenileri Sorunlari Ara\u015ftirmalar Merkezi\",\"description\":\"\",\"potentialAction\":[{\"@type\":\"SearchAction\",\"target\":{\"@type\":\"EntryPoint\",\"urlTemplate\":\"https:\\\/\\\/akunq.net\\\/tr\\\/?s={search_term_string}\"},\"query-input\":{\"@type\":\"PropertyValueSpecification\",\"valueRequired\":true,\"valueName\":\"search_term_string\"}}],\"inLanguage\":\"en-US\"},{\"@type\":\"Person\",\"@id\":\"https:\\\/\\\/akunq.net\\\/tr\\\/#\\\/schema\\\/person\\\/096f1d38a12cce57fb855b485ed24c9e\",\"name\":\"admin\",\"url\":\"https:\\\/\\\/akunq.net\\\/tr\\\/?author=7\"}]}<\/script>\n<!-- \/ Yoast SEO plugin. -->","yoast_head_json":{"title":"Macron: T\u00fcrkiye'nin Fransa se\u00e7imlerine m\u00fcdahale etmesinden endi\u015fe duyuyorum - Bati Ermenistan Ve Bati Ermenileri Sorunlari Ara\u015ftirmalar Merkezi","robots":{"index":"index","follow":"follow","max-snippet":"max-snippet:-1","max-image-preview":"max-image-preview:large","max-video-preview":"max-video-preview:-1"},"canonical":"https:\/\/akunq.net\/tr\/?p=62027","og_locale":"en_US","og_type":"article","og_title":"Macron: T\u00fcrkiye'nin Fransa se\u00e7imlerine m\u00fcdahale etmesinden endi\u015fe duyuyorum - Bati Ermenistan Ve Bati Ermenileri Sorunlari Ara\u015ftirmalar Merkezi","og_description":"Fransa Cumhurba\u015fkan\u0131 Macron, T\u00fcrkiye&#8217;nin &#8216;yakla\u015fan Fransa se\u00e7imlerine m\u00fcdahale edebilece\u011finden endi\u015fe duydu\u011funu&#8217; s\u00f6yledi. Fransa Cumhurba\u015fkan\u0131\u00a0Emmanuel Macron,\u00a0Paris ile Ankara aras\u0131ndaki gergin ili\u015fkiler\u00a0hakk\u0131nda yorumda bulunarak, T\u00fcrkiye&#8217;nin Fransa se\u00e7imlerine &#8216;m\u00fcdahale edebilece\u011fi&#8217; iddias\u0131n\u0131 ortaya att\u0131. Bloomberg&#8217;in aktard\u0131\u011f\u0131 habere g\u00f6re, d\u00fcn France 5 kanal\u0131na deme\u00e7 veren Macron, T\u00fcrkiye&#8217;nin yakla\u015fan se\u00e7imleri &#8216;etkilemeye \u00e7al\u0131\u015faca\u011f\u0131ndan duydu\u011fu endi\u015feyi&#8217; dile getirerek,\u00a0&#8220;Tehditler \u00f6rt\u00fcl\u00fc de\u011fil, bence bu nedenle [&hellip;]","og_url":"https:\/\/akunq.net\/tr\/?p=62027","og_site_name":"Bati Ermenistan Ve Bati Ermenileri Sorunlari Ara\u015ftirmalar Merkezi","article_published_time":"2021-03-24T08:21:43+00:00","og_image":[{"width":976,"height":549,"url":"https:\/\/akunq.net\/tr\/wp-content\/uploads\/sites\/6\/2021\/03\/Macron.jpg","type":"image\/jpeg"}],"author":"admin","twitter_card":"summary_large_image","twitter_misc":{"Written by":"admin","Est. reading time":"2 minutes"},"schema":{"@context":"https:\/\/schema.org","@graph":[{"@type":"Article","@id":"https:\/\/akunq.net\/tr\/?p=62027#article","isPartOf":{"@id":"https:\/\/akunq.net\/tr\/?p=62027"},"author":{"name":"admin","@id":"https:\/\/akunq.net\/tr\/#\/schema\/person\/096f1d38a12cce57fb855b485ed24c9e"},"headline":"Macron: T\u00fcrkiye&#8217;nin Fransa se\u00e7imlerine m\u00fcdahale etmesinden endi\u015fe duyuyorum","datePublished":"2021-03-24T08:21:43+00:00","mainEntityOfPage":{"@id":"https:\/\/akunq.net\/tr\/?p=62027"},"wordCount":343,"commentCount":0,"image":{"@id":"https:\/\/akunq.net\/tr\/?p=62027#primaryimage"},"thumbnailUrl":"https:\/\/akunq.net\/tr\/wp-content\/uploads\/sites\/6\/2021\/03\/Macron.jpg","articleSection":["Haberler"],"inLanguage":"en-US","potentialAction":[{"@type":"CommentAction","name":"Comment","target":["https:\/\/akunq.net\/tr\/?p=62027#respond"]}]},{"@type":"WebPage","@id":"https:\/\/akunq.net\/tr\/?p=62027","url":"https:\/\/akunq.net\/tr\/?p=62027","name":"Macron: T\u00fcrkiye'nin Fransa se\u00e7imlerine m\u00fcdahale etmesinden endi\u015fe duyuyorum - Bati Ermenistan Ve Bati Ermenileri Sorunlari Ara\u015ftirmalar Merkezi","isPartOf":{"@id":"https:\/\/akunq.net\/tr\/#website"},"primaryImageOfPage":{"@id":"https:\/\/akunq.net\/tr\/?p=62027#primaryimage"},"image":{"@id":"https:\/\/akunq.net\/tr\/?p=62027#primaryimage"},"thumbnailUrl":"https:\/\/akunq.net\/tr\/wp-content\/uploads\/sites\/6\/2021\/03\/Macron.jpg","datePublished":"2021-03-24T08:21:43+00:00","author":{"@id":"https:\/\/akunq.net\/tr\/#\/schema\/person\/096f1d38a12cce57fb855b485ed24c9e"},"breadcrumb":{"@id":"https:\/\/akunq.net\/tr\/?p=62027#breadcrumb"},"inLanguage":"en-US","potentialAction":[{"@type":"ReadAction","target":["https:\/\/akunq.net\/tr\/?p=62027"]}]},{"@type":"ImageObject","inLanguage":"en-US","@id":"https:\/\/akunq.net\/tr\/?p=62027#primaryimage","url":"https:\/\/akunq.net\/tr\/wp-content\/uploads\/sites\/6\/2021\/03\/Macron.jpg","contentUrl":"https:\/\/akunq.net\/tr\/wp-content\/uploads\/sites\/6\/2021\/03\/Macron.jpg","width":976,"height":549},{"@type":"BreadcrumbList","@id":"https:\/\/akunq.net\/tr\/?p=62027#breadcrumb","itemListElement":[{"@type":"ListItem","position":1,"name":"Home","item":"https:\/\/akunq.net\/tr"},{"@type":"ListItem","position":2,"name":"Macron: T\u00fcrkiye&#8217;nin Fransa se\u00e7imlerine m\u00fcdahale etmesinden endi\u015fe duyuyorum"}]},{"@type":"WebSite","@id":"https:\/\/akunq.net\/tr\/#website","url":"https:\/\/akunq.net\/tr\/","name":"Bati Ermenistan Ve Bati Ermenileri Sorunlari Ara\u015ftirmalar Merkezi","description":"","potentialAction":[{"@type":"SearchAction","target":{"@type":"EntryPoint","urlTemplate":"https:\/\/akunq.net\/tr\/?s={search_term_string}"},"query-input":{"@type":"PropertyValueSpecification","valueRequired":true,"valueName":"search_term_string"}}],"inLanguage":"en-US"},{"@type":"Person","@id":"https:\/\/akunq.net\/tr\/#\/schema\/person\/096f1d38a12cce57fb855b485ed24c9e","name":"admin","url":"https:\/\/akunq.net\/tr\/?author=7"}]}},"_links":{"self":[{"href":"https:\/\/akunq.net\/tr\/index.php?rest_route=\/wp\/v2\/posts\/62027","targetHints":{"allow":["GET"]}}],"collection":[{"href":"https:\/\/akunq.net\/tr\/index.php?rest_route=\/wp\/v2\/posts"}],"about":[{"href":"https:\/\/akunq.net\/tr\/index.php?rest_route=\/wp\/v2\/types\/post"}],"author":[{"embeddable":true,"href":"https:\/\/akunq.net\/tr\/index.php?rest_route=\/wp\/v2\/users\/7"}],"replies":[{"embeddable":true,"href":"https:\/\/akunq.net\/tr\/index.php?rest_route=%2Fwp%2Fv2%2Fcomments&post=62027"}],"version-history":[{"count":1,"href":"https:\/\/akunq.net\/tr\/index.php?rest_route=\/wp\/v2\/posts\/62027\/revisions"}],"predecessor-version":[{"id":62029,"href":"https:\/\/akunq.net\/tr\/index.php?rest_route=\/wp\/v2\/posts\/62027\/revisions\/62029"}],"wp:featuredmedia":[{"embeddable":true,"href":"https:\/\/akunq.net\/tr\/index.php?rest_route=\/wp\/v2\/media\/62028"}],"wp:attachment":[{"href":"https:\/\/akunq.net\/tr\/index.php?rest_route=%2Fwp%2Fv2%2Fmedia&parent=62027"}],"wp:term":[{"taxonomy":"category","embeddable":true,"href":"https:\/\/akunq.net\/tr\/index.php?rest_route=%2Fwp%2Fv2%2Fcategories&post=62027"},{"taxonomy":"post_tag","embeddable":true,"href":"https:\/\/akunq.net\/tr\/index.php?rest_route=%2Fwp%2Fv2%2Ftags&post=62027"}],"curies":[{"name":"wp","href":"https:\/\/api.w.org\/{rel}","templated":true}]}}