{"id":62024,"date":"2021-03-24T03:12:43","date_gmt":"2021-03-24T08:12:43","guid":{"rendered":"https:\/\/akunq.net\/tr\/?p=62024"},"modified":"2021-03-24T03:12:43","modified_gmt":"2021-03-24T08:12:43","slug":"abdnin-1915-olaylarini-ermeni-soykirimi-olarak-resmen-tanimaya-hazirlandigi-one-suruldu","status":"publish","type":"post","link":"https:\/\/akunq.net\/tr\/?p=62024","title":{"rendered":"ABD\u2019nin 1915 olaylar\u0131n\u0131 Ermeni Soyk\u0131r\u0131m\u0131 olarak resmen tan\u0131maya haz\u0131rland\u0131\u011f\u0131 \u00f6ne s\u00fcr\u00fcld\u00fc"},"content":{"rendered":"<p><img loading=\"lazy\" decoding=\"async\" class=\"aligncenter size-medium wp-image-62025\" src=\"https:\/\/akunq.net\/tr\/wp-content\/uploads\/2021\/03\/Joe-Biden-360x203.jpg\" alt=\"\" width=\"360\" height=\"203\" srcset=\"https:\/\/akunq.net\/tr\/wp-content\/uploads\/sites\/6\/2021\/03\/Joe-Biden-360x203.jpg 360w, https:\/\/akunq.net\/tr\/wp-content\/uploads\/sites\/6\/2021\/03\/Joe-Biden-768x432.jpg 768w, https:\/\/akunq.net\/tr\/wp-content\/uploads\/sites\/6\/2021\/03\/Joe-Biden-560x315.jpg 560w, https:\/\/akunq.net\/tr\/wp-content\/uploads\/sites\/6\/2021\/03\/Joe-Biden-260x146.jpg 260w, https:\/\/akunq.net\/tr\/wp-content\/uploads\/sites\/6\/2021\/03\/Joe-Biden-160x90.jpg 160w, https:\/\/akunq.net\/tr\/wp-content\/uploads\/sites\/6\/2021\/03\/Joe-Biden.jpg 1000w\" sizes=\"auto, (max-width: 360px) 100vw, 360px\" \/><\/p>\n<p><em><strong>Amerika Birle\u015fik Devletleri Ba\u015fkan\u0131 Joe Biden\u2019\u0131n \u201cErmeni Soyk\u0131r\u0131m\u0131\u201dn\u0131 resmen tan\u0131mak i\u00e7in harekete ge\u00e7ti\u011fi \u00f6ne s\u00fcr\u00fcld\u00fc.<\/strong><\/em><\/p>\n<p>\u0130ddia, GZERO Medya\u2019da yay\u0131n yapan siyaset uzman\u0131 ve Eurasia Group Ba\u015fkan\u0131 Ian Bremmer\u2019den geldi. Bremmer, Beyaz Saray\u2019daki kaynaklar\u0131na dayand\u0131rd\u0131\u011f\u0131 \u00f6zel haberinde, Biden\u2019\u0131n se\u00e7im kampanyas\u0131nda da vadetti\u011fi gibi \u201cErmeni Soyk\u0131r\u0131m\u0131\u201dn\u0131 tan\u0131mak i\u00e7in \u00e7al\u0131\u015fmalara ba\u015flad\u0131\u011f\u0131n\u0131 ifade etti.<\/p>\n<p>\u201cT\u00fcrkiye\u2019yi takip edenler bilecektir, son birka\u00e7 hafta Cumhurba\u015fkan\u0131 Erdo\u011fan i\u00e7in zorlu ge\u00e7ti, \u00e7ok hatalar yap\u0131ld\u0131. \u00d6nce \u0130stanbul S\u00f6zle\u015fmesi\u2019nden \u00e7ekildiler. Di\u011fer yanda Merkez Bankas\u0131n\u0131n ba\u015fkan\u0131 bir kez daha de\u011fi\u015fti. Ekonomi k\u00f6t\u00fcye gidiyor, T\u00fcrk Liras\u0131 de\u011fer kaybediyor, cumhurba\u015fkan\u0131 halk deste\u011fini yitiriyor\u201d diyerek s\u00f6zlerine ba\u015flayan Bremmer, HDP\u2019nin kapat\u0131lma davas\u0131na da de\u011finerek, Erdo\u011fan i\u00e7in as\u0131l b\u00fcy\u00fck zorlu\u011fun ABD\u2019den gelece\u011fini s\u00f6yledi.<\/p>\n<p>\u0130ddia edildi\u011fi gibi Osmanl\u0131 d\u00f6nemindeki 1915 olaylar\u0131n\u0131n ABD taraf\u0131ndan \u201cErmeni Soyk\u0131r\u0131m\u0131\u201d olarak resmen tan\u0131nmas\u0131 s\u00fcrpriz olmayacak. Zira Joe Biden, se\u00e7ilmesi halinde bu karara imza ataca\u011f\u0131n\u0131 kampanyas\u0131 boyunca s\u0131k\u00e7a dile getirmi\u015fti.<\/p>\n<p>Eski ba\u015fkanlardan Barack Obama\u2019n\u0131n bu konudaki vaadini tutmad\u0131\u011f\u0131n\u0131 s\u00f6yleyen Bremmer, Obama\u2019n\u0131n dan\u0131\u015fmanlar\u0131n\u0131n da o d\u00f6nemde \u00f6z\u00fcr dileyip \u201cErdo\u011fan\u2019\u0131 k\u0131rmamak i\u00e7in verdikleri tavizin bir hata oldu\u011funu\u201d kabullendiklerini savundu.<\/p>\n<p>Biden y\u00f6netiminin Obama\u2019dan kalan g\u00f6revi tamamlamaya niyetli oldu\u011fu kan\u0131s\u0131ndan Bremmer\u2019e g\u00f6re bu planlar\u0131n kamuoyuyla hen\u00fcz payla\u015f\u0131lmamas\u0131n\u0131n arkas\u0131nda \u00f6n\u00fcm\u00fczdeki g\u00fcnlerde yap\u0131lacak NATO toplant\u0131s\u0131 var. ABD D\u0131\u015fi\u015fleri Bakan\u0131 Anthony Blinken\u2019in, T\u00fcrk mevkida\u015f\u0131 Mevl\u00fct \u00c7avu\u015fo\u011flu ile y\u00fcz y\u00fcze gelecek olmas\u0131ndan dolay\u0131 ortam\u0131n gerilmemesi i\u00e7in \u201cErmeni Soyk\u0131r\u0131m\u0131\u201d meselesinin \u015fimdilik geri planda tutuldu\u011fu d\u00fc\u015f\u00fcn\u00fcl\u00fcyor.<\/p>\n<p>Bremmer\u2019in aktard\u0131klar\u0131na g\u00f6re Beyaz Saray dan\u0131\u015fmanlar\u0131ndan biri \u201cSe\u00e7mene vaatte bulunmu\u015ftu, s\u00f6z\u00fcn\u00fc yerine getirecektir\u201d dedi. Karar\u0131n 1915 olaylar\u0131n\u0131n y\u0131l d\u00f6n\u00fcm\u00fc olan 24 Nisan\u2019a denk getirilip getirilmeyece\u011fi sorusu ise yan\u0131ts\u0131z kald\u0131.<\/p>\n<p><strong>Yunanistan\u2019a \u00f6vg\u00fc dolu anma mesaj\u0131<\/strong><\/p>\n<p>\u00d6te yandan Amerikal\u0131 lider Biden, 1821 Yunan Devrimi\u2019nin iki y\u00fcz\u00fcnc\u00fc y\u0131l d\u00f6n\u00fcm\u00fc dolay\u0131s\u0131yla T\u00fcrkiye\u2019nin di\u011fer bir kom\u015fusu Atina\u2019ya yollad\u0131\u011f\u0131 mesaj\u0131nda iki \u00fclkenin \u00f6nemli birer m\u00fcttefik oldu\u011funu vurgulayarak Yunanistan\u2019a \u00f6vg\u00fc ya\u011fd\u0131rd\u0131.<\/p>\n<p>Biden, Yunan Cumhurba\u015fkan\u0131 Katerina Sakelaropulu\u2019ya hitaben kaleme ald\u0131\u011f\u0131 mesajda, \u201cAtina demokrasisinden ilham alan Amerika\u2019n\u0131n kurucular\u0131 gibi, 1821 \u00f6zg\u00fcrl\u00fck sava\u015f\u00e7\u0131lar\u0131n\u0131n de Amerikan Devriminin ideolojisinden ilham ald\u0131klar\u0131n\u0131\u201d yazd\u0131.<\/p>\n<p>Atina ile ili\u015fkileri g\u00fc\u00e7lendirmeyi hedefledi\u011fini belirten Amerikal\u0131 lider, Yunanistan\u2019\u0131n NATO\u2019nun \u00f6nemli bir m\u00fcttefiki ve ABD\u2019nin yak\u0131n dostu oldu\u011funun alt\u0131n\u0131 \u00e7izdi. Biden, \u201cDo\u011fu Akdeniz, Karadeniz ve Bat\u0131 Balkanlarda istikrar\u0131 sa\u011flayan ve bar\u0131\u015fa katk\u0131da bulunan bir devlet\u201d diye niteledi\u011fi Yunanistan\u2019dan \u00f6vg\u00fc dolu s\u00f6zlerle bahsetti.<\/p>\n<p>Yunanistan Ba\u015fbakan\u0131 Kiryakos Mi\u00e7otakis de Biden\u2019a samimi mesaj\u0131 i\u00e7in \u015f\u00fckranlar\u0131n\u0131 iletti.<\/p>\n<hr \/>\n<p><em><strong><a href=\"https:\/\/tr.euronews.com\/2021\/03\/23\/abd-nin-1915-olaylar-n-ermeni-soyk-r-m-olarak-resmen-tan-maya-haz-rland-g-one-suruldu?utm_source=feedburner&amp;utm_medium=feed&amp;utm_campaign=Feed%3A+euronews%2Ftr%2Fhome+%28euronews+-+home+-+tr%29\" target=\"_blank\" rel=\"noopener noreferrer\">Euronews<\/a><\/strong><\/em><\/p>\n","protected":false},"excerpt":{"rendered":"<p>Amerika Birle\u015fik Devletleri Ba\u015fkan\u0131 Joe Biden\u2019\u0131n \u201cErmeni Soyk\u0131r\u0131m\u0131\u201dn\u0131 resmen tan\u0131mak i\u00e7in harekete ge\u00e7ti\u011fi \u00f6ne s\u00fcr\u00fcld\u00fc. \u0130ddia, GZERO Medya\u2019da yay\u0131n yapan siyaset uzman\u0131 ve Eurasia Group Ba\u015fkan\u0131 Ian Bremmer\u2019den geldi. Bremmer, Beyaz Saray\u2019daki kaynaklar\u0131na dayand\u0131rd\u0131\u011f\u0131 \u00f6zel haberinde, Biden\u2019\u0131n se\u00e7im kampanyas\u0131nda da vadetti\u011fi gibi \u201cErmeni Soyk\u0131r\u0131m\u0131\u201dn\u0131 tan\u0131mak i\u00e7in \u00e7al\u0131\u015fmalara ba\u015flad\u0131\u011f\u0131n\u0131 ifade etti. \u201cT\u00fcrkiye\u2019yi takip edenler bilecektir, son [&hellip;]<\/p>\n","protected":false},"author":7,"featured_media":62025,"comment_status":"open","ping_status":"open","sticky":false,"template":"","format":"standard","meta":{"footnotes":""},"categories":[44,1],"tags":[],"class_list":["post-62024","post","type-post","status-publish","format-standard","has-post-thumbnail","hentry","category-ermeni-soykirimi","category-haberler"],"yoast_head":"<!-- This site is optimized with the Yoast SEO plugin v27.4 - https:\/\/yoast.com\/product\/yoast-seo-wordpress\/ -->\n<title>ABD\u2019nin 1915 olaylar\u0131n\u0131 Ermeni Soyk\u0131r\u0131m\u0131 olarak resmen tan\u0131maya haz\u0131rland\u0131\u011f\u0131 \u00f6ne s\u00fcr\u00fcld\u00fc - Bati Ermenistan Ve Bati Ermenileri Sorunlari Ara\u015ftirmalar Merkezi<\/title>\n<meta name=\"robots\" content=\"index, follow, max-snippet:-1, max-image-preview:large, max-video-preview:-1\" \/>\n<link rel=\"canonical\" href=\"https:\/\/akunq.net\/tr\/?p=62024\" \/>\n<meta property=\"og:locale\" content=\"en_US\" \/>\n<meta property=\"og:type\" content=\"article\" \/>\n<meta property=\"og:title\" content=\"ABD\u2019nin 1915 olaylar\u0131n\u0131 Ermeni Soyk\u0131r\u0131m\u0131 olarak resmen tan\u0131maya haz\u0131rland\u0131\u011f\u0131 \u00f6ne s\u00fcr\u00fcld\u00fc - Bati Ermenistan Ve Bati Ermenileri Sorunlari Ara\u015ftirmalar Merkezi\" \/>\n<meta property=\"og:description\" content=\"Amerika Birle\u015fik Devletleri Ba\u015fkan\u0131 Joe Biden\u2019\u0131n \u201cErmeni Soyk\u0131r\u0131m\u0131\u201dn\u0131 resmen tan\u0131mak i\u00e7in harekete ge\u00e7ti\u011fi \u00f6ne s\u00fcr\u00fcld\u00fc. \u0130ddia, GZERO Medya\u2019da yay\u0131n yapan siyaset uzman\u0131 ve Eurasia Group Ba\u015fkan\u0131 Ian Bremmer\u2019den geldi. Bremmer, Beyaz Saray\u2019daki kaynaklar\u0131na dayand\u0131rd\u0131\u011f\u0131 \u00f6zel haberinde, Biden\u2019\u0131n se\u00e7im kampanyas\u0131nda da vadetti\u011fi gibi \u201cErmeni Soyk\u0131r\u0131m\u0131\u201dn\u0131 tan\u0131mak i\u00e7in \u00e7al\u0131\u015fmalara ba\u015flad\u0131\u011f\u0131n\u0131 ifade etti. \u201cT\u00fcrkiye\u2019yi takip edenler bilecektir, son [&hellip;]\" \/>\n<meta property=\"og:url\" content=\"https:\/\/akunq.net\/tr\/?p=62024\" \/>\n<meta property=\"og:site_name\" content=\"Bati Ermenistan Ve Bati Ermenileri Sorunlari Ara\u015ftirmalar Merkezi\" \/>\n<meta property=\"article:published_time\" content=\"2021-03-24T08:12:43+00:00\" \/>\n<meta property=\"og:image\" content=\"https:\/\/akunq.net\/tr\/wp-content\/uploads\/sites\/6\/2021\/03\/Joe-Biden.jpg\" \/>\n\t<meta property=\"og:image:width\" content=\"1000\" \/>\n\t<meta property=\"og:image:height\" content=\"563\" \/>\n\t<meta property=\"og:image:type\" content=\"image\/jpeg\" \/>\n<meta name=\"author\" content=\"admin\" \/>\n<meta name=\"twitter:card\" content=\"summary_large_image\" \/>\n<meta name=\"twitter:label1\" content=\"Written by\" \/>\n\t<meta name=\"twitter:data1\" content=\"admin\" \/>\n\t<meta name=\"twitter:label2\" content=\"Est. reading time\" \/>\n\t<meta name=\"twitter:data2\" content=\"3 minutes\" \/>\n<script type=\"application\/ld+json\" class=\"yoast-schema-graph\">{\"@context\":\"https:\\\/\\\/schema.org\",\"@graph\":[{\"@type\":\"Article\",\"@id\":\"https:\\\/\\\/akunq.net\\\/tr\\\/?p=62024#article\",\"isPartOf\":{\"@id\":\"https:\\\/\\\/akunq.net\\\/tr\\\/?p=62024\"},\"author\":{\"name\":\"admin\",\"@id\":\"https:\\\/\\\/akunq.net\\\/tr\\\/#\\\/schema\\\/person\\\/096f1d38a12cce57fb855b485ed24c9e\"},\"headline\":\"ABD\u2019nin 1915 olaylar\u0131n\u0131 Ermeni Soyk\u0131r\u0131m\u0131 olarak resmen tan\u0131maya haz\u0131rland\u0131\u011f\u0131 \u00f6ne s\u00fcr\u00fcld\u00fc\",\"datePublished\":\"2021-03-24T08:12:43+00:00\",\"mainEntityOfPage\":{\"@id\":\"https:\\\/\\\/akunq.net\\\/tr\\\/?p=62024\"},\"wordCount\":577,\"commentCount\":0,\"image\":{\"@id\":\"https:\\\/\\\/akunq.net\\\/tr\\\/?p=62024#primaryimage\"},\"thumbnailUrl\":\"https:\\\/\\\/akunq.net\\\/tr\\\/wp-content\\\/uploads\\\/sites\\\/6\\\/2021\\\/03\\\/Joe-Biden.jpg\",\"articleSection\":[\"Ermeni Soyk\u0131r\u0131m\u0131\",\"Haberler\"],\"inLanguage\":\"en-US\",\"potentialAction\":[{\"@type\":\"CommentAction\",\"name\":\"Comment\",\"target\":[\"https:\\\/\\\/akunq.net\\\/tr\\\/?p=62024#respond\"]}]},{\"@type\":\"WebPage\",\"@id\":\"https:\\\/\\\/akunq.net\\\/tr\\\/?p=62024\",\"url\":\"https:\\\/\\\/akunq.net\\\/tr\\\/?p=62024\",\"name\":\"ABD\u2019nin 1915 olaylar\u0131n\u0131 Ermeni Soyk\u0131r\u0131m\u0131 olarak resmen tan\u0131maya haz\u0131rland\u0131\u011f\u0131 \u00f6ne s\u00fcr\u00fcld\u00fc - Bati Ermenistan Ve Bati Ermenileri Sorunlari Ara\u015ftirmalar Merkezi\",\"isPartOf\":{\"@id\":\"https:\\\/\\\/akunq.net\\\/tr\\\/#website\"},\"primaryImageOfPage\":{\"@id\":\"https:\\\/\\\/akunq.net\\\/tr\\\/?p=62024#primaryimage\"},\"image\":{\"@id\":\"https:\\\/\\\/akunq.net\\\/tr\\\/?p=62024#primaryimage\"},\"thumbnailUrl\":\"https:\\\/\\\/akunq.net\\\/tr\\\/wp-content\\\/uploads\\\/sites\\\/6\\\/2021\\\/03\\\/Joe-Biden.jpg\",\"datePublished\":\"2021-03-24T08:12:43+00:00\",\"author\":{\"@id\":\"https:\\\/\\\/akunq.net\\\/tr\\\/#\\\/schema\\\/person\\\/096f1d38a12cce57fb855b485ed24c9e\"},\"breadcrumb\":{\"@id\":\"https:\\\/\\\/akunq.net\\\/tr\\\/?p=62024#breadcrumb\"},\"inLanguage\":\"en-US\",\"potentialAction\":[{\"@type\":\"ReadAction\",\"target\":[\"https:\\\/\\\/akunq.net\\\/tr\\\/?p=62024\"]}]},{\"@type\":\"ImageObject\",\"inLanguage\":\"en-US\",\"@id\":\"https:\\\/\\\/akunq.net\\\/tr\\\/?p=62024#primaryimage\",\"url\":\"https:\\\/\\\/akunq.net\\\/tr\\\/wp-content\\\/uploads\\\/sites\\\/6\\\/2021\\\/03\\\/Joe-Biden.jpg\",\"contentUrl\":\"https:\\\/\\\/akunq.net\\\/tr\\\/wp-content\\\/uploads\\\/sites\\\/6\\\/2021\\\/03\\\/Joe-Biden.jpg\",\"width\":1000,\"height\":563},{\"@type\":\"BreadcrumbList\",\"@id\":\"https:\\\/\\\/akunq.net\\\/tr\\\/?p=62024#breadcrumb\",\"itemListElement\":[{\"@type\":\"ListItem\",\"position\":1,\"name\":\"Home\",\"item\":\"https:\\\/\\\/akunq.net\\\/tr\"},{\"@type\":\"ListItem\",\"position\":2,\"name\":\"ABD\u2019nin 1915 olaylar\u0131n\u0131 Ermeni Soyk\u0131r\u0131m\u0131 olarak resmen tan\u0131maya haz\u0131rland\u0131\u011f\u0131 \u00f6ne s\u00fcr\u00fcld\u00fc\"}]},{\"@type\":\"WebSite\",\"@id\":\"https:\\\/\\\/akunq.net\\\/tr\\\/#website\",\"url\":\"https:\\\/\\\/akunq.net\\\/tr\\\/\",\"name\":\"Bati Ermenistan Ve Bati Ermenileri Sorunlari Ara\u015ftirmalar Merkezi\",\"description\":\"\",\"potentialAction\":[{\"@type\":\"SearchAction\",\"target\":{\"@type\":\"EntryPoint\",\"urlTemplate\":\"https:\\\/\\\/akunq.net\\\/tr\\\/?s={search_term_string}\"},\"query-input\":{\"@type\":\"PropertyValueSpecification\",\"valueRequired\":true,\"valueName\":\"search_term_string\"}}],\"inLanguage\":\"en-US\"},{\"@type\":\"Person\",\"@id\":\"https:\\\/\\\/akunq.net\\\/tr\\\/#\\\/schema\\\/person\\\/096f1d38a12cce57fb855b485ed24c9e\",\"name\":\"admin\",\"url\":\"https:\\\/\\\/akunq.net\\\/tr\\\/?author=7\"}]}<\/script>\n<!-- \/ Yoast SEO plugin. -->","yoast_head_json":{"title":"ABD\u2019nin 1915 olaylar\u0131n\u0131 Ermeni Soyk\u0131r\u0131m\u0131 olarak resmen tan\u0131maya haz\u0131rland\u0131\u011f\u0131 \u00f6ne s\u00fcr\u00fcld\u00fc - Bati Ermenistan Ve Bati Ermenileri Sorunlari Ara\u015ftirmalar Merkezi","robots":{"index":"index","follow":"follow","max-snippet":"max-snippet:-1","max-image-preview":"max-image-preview:large","max-video-preview":"max-video-preview:-1"},"canonical":"https:\/\/akunq.net\/tr\/?p=62024","og_locale":"en_US","og_type":"article","og_title":"ABD\u2019nin 1915 olaylar\u0131n\u0131 Ermeni Soyk\u0131r\u0131m\u0131 olarak resmen tan\u0131maya haz\u0131rland\u0131\u011f\u0131 \u00f6ne s\u00fcr\u00fcld\u00fc - Bati Ermenistan Ve Bati Ermenileri Sorunlari Ara\u015ftirmalar Merkezi","og_description":"Amerika Birle\u015fik Devletleri Ba\u015fkan\u0131 Joe Biden\u2019\u0131n \u201cErmeni Soyk\u0131r\u0131m\u0131\u201dn\u0131 resmen tan\u0131mak i\u00e7in harekete ge\u00e7ti\u011fi \u00f6ne s\u00fcr\u00fcld\u00fc. \u0130ddia, GZERO Medya\u2019da yay\u0131n yapan siyaset uzman\u0131 ve Eurasia Group Ba\u015fkan\u0131 Ian Bremmer\u2019den geldi. Bremmer, Beyaz Saray\u2019daki kaynaklar\u0131na dayand\u0131rd\u0131\u011f\u0131 \u00f6zel haberinde, Biden\u2019\u0131n se\u00e7im kampanyas\u0131nda da vadetti\u011fi gibi \u201cErmeni Soyk\u0131r\u0131m\u0131\u201dn\u0131 tan\u0131mak i\u00e7in \u00e7al\u0131\u015fmalara ba\u015flad\u0131\u011f\u0131n\u0131 ifade etti. \u201cT\u00fcrkiye\u2019yi takip edenler bilecektir, son [&hellip;]","og_url":"https:\/\/akunq.net\/tr\/?p=62024","og_site_name":"Bati Ermenistan Ve Bati Ermenileri Sorunlari Ara\u015ftirmalar Merkezi","article_published_time":"2021-03-24T08:12:43+00:00","og_image":[{"width":1000,"height":563,"url":"https:\/\/akunq.net\/tr\/wp-content\/uploads\/sites\/6\/2021\/03\/Joe-Biden.jpg","type":"image\/jpeg"}],"author":"admin","twitter_card":"summary_large_image","twitter_misc":{"Written by":"admin","Est. reading time":"3 minutes"},"schema":{"@context":"https:\/\/schema.org","@graph":[{"@type":"Article","@id":"https:\/\/akunq.net\/tr\/?p=62024#article","isPartOf":{"@id":"https:\/\/akunq.net\/tr\/?p=62024"},"author":{"name":"admin","@id":"https:\/\/akunq.net\/tr\/#\/schema\/person\/096f1d38a12cce57fb855b485ed24c9e"},"headline":"ABD\u2019nin 1915 olaylar\u0131n\u0131 Ermeni Soyk\u0131r\u0131m\u0131 olarak resmen tan\u0131maya haz\u0131rland\u0131\u011f\u0131 \u00f6ne s\u00fcr\u00fcld\u00fc","datePublished":"2021-03-24T08:12:43+00:00","mainEntityOfPage":{"@id":"https:\/\/akunq.net\/tr\/?p=62024"},"wordCount":577,"commentCount":0,"image":{"@id":"https:\/\/akunq.net\/tr\/?p=62024#primaryimage"},"thumbnailUrl":"https:\/\/akunq.net\/tr\/wp-content\/uploads\/sites\/6\/2021\/03\/Joe-Biden.jpg","articleSection":["Ermeni Soyk\u0131r\u0131m\u0131","Haberler"],"inLanguage":"en-US","potentialAction":[{"@type":"CommentAction","name":"Comment","target":["https:\/\/akunq.net\/tr\/?p=62024#respond"]}]},{"@type":"WebPage","@id":"https:\/\/akunq.net\/tr\/?p=62024","url":"https:\/\/akunq.net\/tr\/?p=62024","name":"ABD\u2019nin 1915 olaylar\u0131n\u0131 Ermeni Soyk\u0131r\u0131m\u0131 olarak resmen tan\u0131maya haz\u0131rland\u0131\u011f\u0131 \u00f6ne s\u00fcr\u00fcld\u00fc - Bati Ermenistan Ve Bati Ermenileri Sorunlari Ara\u015ftirmalar Merkezi","isPartOf":{"@id":"https:\/\/akunq.net\/tr\/#website"},"primaryImageOfPage":{"@id":"https:\/\/akunq.net\/tr\/?p=62024#primaryimage"},"image":{"@id":"https:\/\/akunq.net\/tr\/?p=62024#primaryimage"},"thumbnailUrl":"https:\/\/akunq.net\/tr\/wp-content\/uploads\/sites\/6\/2021\/03\/Joe-Biden.jpg","datePublished":"2021-03-24T08:12:43+00:00","author":{"@id":"https:\/\/akunq.net\/tr\/#\/schema\/person\/096f1d38a12cce57fb855b485ed24c9e"},"breadcrumb":{"@id":"https:\/\/akunq.net\/tr\/?p=62024#breadcrumb"},"inLanguage":"en-US","potentialAction":[{"@type":"ReadAction","target":["https:\/\/akunq.net\/tr\/?p=62024"]}]},{"@type":"ImageObject","inLanguage":"en-US","@id":"https:\/\/akunq.net\/tr\/?p=62024#primaryimage","url":"https:\/\/akunq.net\/tr\/wp-content\/uploads\/sites\/6\/2021\/03\/Joe-Biden.jpg","contentUrl":"https:\/\/akunq.net\/tr\/wp-content\/uploads\/sites\/6\/2021\/03\/Joe-Biden.jpg","width":1000,"height":563},{"@type":"BreadcrumbList","@id":"https:\/\/akunq.net\/tr\/?p=62024#breadcrumb","itemListElement":[{"@type":"ListItem","position":1,"name":"Home","item":"https:\/\/akunq.net\/tr"},{"@type":"ListItem","position":2,"name":"ABD\u2019nin 1915 olaylar\u0131n\u0131 Ermeni Soyk\u0131r\u0131m\u0131 olarak resmen tan\u0131maya haz\u0131rland\u0131\u011f\u0131 \u00f6ne s\u00fcr\u00fcld\u00fc"}]},{"@type":"WebSite","@id":"https:\/\/akunq.net\/tr\/#website","url":"https:\/\/akunq.net\/tr\/","name":"Bati Ermenistan Ve Bati Ermenileri Sorunlari Ara\u015ftirmalar Merkezi","description":"","potentialAction":[{"@type":"SearchAction","target":{"@type":"EntryPoint","urlTemplate":"https:\/\/akunq.net\/tr\/?s={search_term_string}"},"query-input":{"@type":"PropertyValueSpecification","valueRequired":true,"valueName":"search_term_string"}}],"inLanguage":"en-US"},{"@type":"Person","@id":"https:\/\/akunq.net\/tr\/#\/schema\/person\/096f1d38a12cce57fb855b485ed24c9e","name":"admin","url":"https:\/\/akunq.net\/tr\/?author=7"}]}},"_links":{"self":[{"href":"https:\/\/akunq.net\/tr\/index.php?rest_route=\/wp\/v2\/posts\/62024","targetHints":{"allow":["GET"]}}],"collection":[{"href":"https:\/\/akunq.net\/tr\/index.php?rest_route=\/wp\/v2\/posts"}],"about":[{"href":"https:\/\/akunq.net\/tr\/index.php?rest_route=\/wp\/v2\/types\/post"}],"author":[{"embeddable":true,"href":"https:\/\/akunq.net\/tr\/index.php?rest_route=\/wp\/v2\/users\/7"}],"replies":[{"embeddable":true,"href":"https:\/\/akunq.net\/tr\/index.php?rest_route=%2Fwp%2Fv2%2Fcomments&post=62024"}],"version-history":[{"count":1,"href":"https:\/\/akunq.net\/tr\/index.php?rest_route=\/wp\/v2\/posts\/62024\/revisions"}],"predecessor-version":[{"id":62026,"href":"https:\/\/akunq.net\/tr\/index.php?rest_route=\/wp\/v2\/posts\/62024\/revisions\/62026"}],"wp:featuredmedia":[{"embeddable":true,"href":"https:\/\/akunq.net\/tr\/index.php?rest_route=\/wp\/v2\/media\/62025"}],"wp:attachment":[{"href":"https:\/\/akunq.net\/tr\/index.php?rest_route=%2Fwp%2Fv2%2Fmedia&parent=62024"}],"wp:term":[{"taxonomy":"category","embeddable":true,"href":"https:\/\/akunq.net\/tr\/index.php?rest_route=%2Fwp%2Fv2%2Fcategories&post=62024"},{"taxonomy":"post_tag","embeddable":true,"href":"https:\/\/akunq.net\/tr\/index.php?rest_route=%2Fwp%2Fv2%2Ftags&post=62024"}],"curies":[{"name":"wp","href":"https:\/\/api.w.org\/{rel}","templated":true}]}}