{"id":62018,"date":"2021-03-24T02:55:30","date_gmt":"2021-03-24T07:55:30","guid":{"rendered":"https:\/\/akunq.net\/tr\/?p=62018"},"modified":"2021-03-24T02:55:30","modified_gmt":"2021-03-24T07:55:30","slug":"paristeki-holokost-muzesinde-ermeni-soykirimina-adanmis-sergi-duzenlenecek","status":"publish","type":"post","link":"https:\/\/akunq.net\/tr\/?p=62018","title":{"rendered":"Paris\u2019teki Holokost M\u00fczesinde Ermeni Soyk\u0131r\u0131m\u0131na adanm\u0131\u015f sergi d\u00fczenlenecek"},"content":{"rendered":"<div><img loading=\"lazy\" decoding=\"async\" class=\"aligncenter size-medium wp-image-62019\" src=\"https:\/\/akunq.net\/tr\/wp-content\/uploads\/2021\/03\/Ermeni-Soyk\u0131r\u0131m\u0131-360x202.jpg\" alt=\"\" width=\"360\" height=\"202\" srcset=\"https:\/\/akunq.net\/tr\/wp-content\/uploads\/sites\/6\/2021\/03\/Ermeni-Soyk\u0131r\u0131m\u0131-360x202.jpg 360w, https:\/\/akunq.net\/tr\/wp-content\/uploads\/sites\/6\/2021\/03\/Ermeni-Soyk\u0131r\u0131m\u0131-768x431.jpg 768w, https:\/\/akunq.net\/tr\/wp-content\/uploads\/sites\/6\/2021\/03\/Ermeni-Soyk\u0131r\u0131m\u0131-560x314.jpg 560w, https:\/\/akunq.net\/tr\/wp-content\/uploads\/sites\/6\/2021\/03\/Ermeni-Soyk\u0131r\u0131m\u0131-260x146.jpg 260w, https:\/\/akunq.net\/tr\/wp-content\/uploads\/sites\/6\/2021\/03\/Ermeni-Soyk\u0131r\u0131m\u0131-160x90.jpg 160w, https:\/\/akunq.net\/tr\/wp-content\/uploads\/sites\/6\/2021\/03\/Ermeni-Soyk\u0131r\u0131m\u0131.jpg 790w\" sizes=\"auto, (max-width: 360px) 100vw, 360px\" \/><\/div>\n<div><em><strong>Paris\u2019te bulunan \u2018M\u00e9morial de la Shoah\u2019 Holokost m\u00fczesinde 2001y\u0131l\u0131nda Fransa taraf\u0131ndan Ermeni Soyk\u0131r\u0131m\u0131&#8217;n\u0131n tan\u0131nmas\u0131n\u0131n 20. y\u0131ld\u00f6n\u00fcm\u00fcne adanm\u0131\u015f bir sergi d\u00fczenlenecek.<\/strong><\/em><\/div>\n<div><\/div>\n<div>Yirminci y\u00fczy\u0131l\u0131n ilk kitlesel katliamlar\u0131n\u0131 anlatan ve yeni belge ile eserlerle zenginle\u015ftirilmi\u015f sergi 22 Mart &#8211; 11 Temmuz tarihleri \u200b\u200baras\u0131nda ziyaret\u00e7ilere a\u00e7\u0131k olacak.<\/div>\n<div><\/div>\n<div>M\u00e9morial de la Shoah&#8217;da Ermeni Soyk\u0131r\u0131m\u0131&#8217;na adanm\u0131\u015f bir sergi de 2015 y\u0131l\u0131nda Soyk\u0131r\u0131m\u0131n 100. y\u0131l\u0131 m\u00fcnasebetiyle d\u00fczenlenmi\u015fti.<\/div>\n<div><\/div>\n<div><em><strong>https:\/\/www.ermenihaber.am\/tr\/news\/2021\/03\/23\/Paris-Holokost-Ermeni-Soyk%C4%B1r%C4%B1m\/204722\u00a0<\/strong><\/em><\/div>\n","protected":false},"excerpt":{"rendered":"<p>Paris\u2019te bulunan \u2018M\u00e9morial de la Shoah\u2019 Holokost m\u00fczesinde 2001y\u0131l\u0131nda Fransa taraf\u0131ndan Ermeni Soyk\u0131r\u0131m\u0131&#8217;n\u0131n tan\u0131nmas\u0131n\u0131n 20. y\u0131ld\u00f6n\u00fcm\u00fcne adanm\u0131\u015f bir sergi d\u00fczenlenecek. Yirminci y\u00fczy\u0131l\u0131n ilk kitlesel katliamlar\u0131n\u0131 anlatan ve yeni belge ile eserlerle zenginle\u015ftirilmi\u015f sergi 22 Mart &#8211; 11 Temmuz tarihleri \u200b\u200baras\u0131nda ziyaret\u00e7ilere a\u00e7\u0131k olacak. M\u00e9morial de la Shoah&#8217;da Ermeni Soyk\u0131r\u0131m\u0131&#8217;na adanm\u0131\u015f bir sergi de 2015 y\u0131l\u0131nda [&hellip;]<\/p>\n","protected":false},"author":7,"featured_media":62019,"comment_status":"open","ping_status":"open","sticky":false,"template":"","format":"standard","meta":{"footnotes":""},"categories":[44,1],"tags":[],"class_list":["post-62018","post","type-post","status-publish","format-standard","has-post-thumbnail","hentry","category-ermeni-soykirimi","category-haberler"],"yoast_head":"<!-- This site is optimized with the Yoast SEO plugin v27.4 - https:\/\/yoast.com\/product\/yoast-seo-wordpress\/ -->\n<title>Paris\u2019teki Holokost M\u00fczesinde Ermeni Soyk\u0131r\u0131m\u0131na adanm\u0131\u015f sergi d\u00fczenlenecek - Bati Ermenistan Ve Bati Ermenileri Sorunlari Ara\u015ftirmalar Merkezi<\/title>\n<meta name=\"robots\" content=\"index, follow, max-snippet:-1, max-image-preview:large, max-video-preview:-1\" \/>\n<link rel=\"canonical\" href=\"https:\/\/akunq.net\/tr\/?p=62018\" \/>\n<meta property=\"og:locale\" content=\"en_US\" \/>\n<meta property=\"og:type\" content=\"article\" \/>\n<meta property=\"og:title\" content=\"Paris\u2019teki Holokost M\u00fczesinde Ermeni Soyk\u0131r\u0131m\u0131na adanm\u0131\u015f sergi d\u00fczenlenecek - Bati Ermenistan Ve Bati Ermenileri Sorunlari Ara\u015ftirmalar Merkezi\" \/>\n<meta property=\"og:description\" content=\"Paris\u2019te bulunan \u2018M\u00e9morial de la Shoah\u2019 Holokost m\u00fczesinde 2001y\u0131l\u0131nda Fransa taraf\u0131ndan Ermeni Soyk\u0131r\u0131m\u0131&#8217;n\u0131n tan\u0131nmas\u0131n\u0131n 20. y\u0131ld\u00f6n\u00fcm\u00fcne adanm\u0131\u015f bir sergi d\u00fczenlenecek. Yirminci y\u00fczy\u0131l\u0131n ilk kitlesel katliamlar\u0131n\u0131 anlatan ve yeni belge ile eserlerle zenginle\u015ftirilmi\u015f sergi 22 Mart &#8211; 11 Temmuz tarihleri \u200b\u200baras\u0131nda ziyaret\u00e7ilere a\u00e7\u0131k olacak. M\u00e9morial de la Shoah&#8217;da Ermeni Soyk\u0131r\u0131m\u0131&#8217;na adanm\u0131\u015f bir sergi de 2015 y\u0131l\u0131nda [&hellip;]\" \/>\n<meta property=\"og:url\" content=\"https:\/\/akunq.net\/tr\/?p=62018\" \/>\n<meta property=\"og:site_name\" content=\"Bati Ermenistan Ve Bati Ermenileri Sorunlari Ara\u015ftirmalar Merkezi\" \/>\n<meta property=\"article:published_time\" content=\"2021-03-24T07:55:30+00:00\" \/>\n<meta property=\"og:image\" content=\"https:\/\/akunq.net\/tr\/wp-content\/uploads\/sites\/6\/2021\/03\/Ermeni-Soyk\u0131r\u0131m\u0131.jpg\" \/>\n\t<meta property=\"og:image:width\" content=\"790\" \/>\n\t<meta property=\"og:image:height\" content=\"443\" \/>\n\t<meta property=\"og:image:type\" content=\"image\/jpeg\" \/>\n<meta name=\"author\" content=\"admin\" \/>\n<meta name=\"twitter:card\" content=\"summary_large_image\" \/>\n<meta name=\"twitter:label1\" content=\"Written by\" \/>\n\t<meta name=\"twitter:data1\" content=\"admin\" \/>\n\t<meta name=\"twitter:label2\" content=\"Est. reading time\" \/>\n\t<meta name=\"twitter:data2\" content=\"1 minute\" \/>\n<script type=\"application\/ld+json\" class=\"yoast-schema-graph\">{\"@context\":\"https:\\\/\\\/schema.org\",\"@graph\":[{\"@type\":\"Article\",\"@id\":\"https:\\\/\\\/akunq.net\\\/tr\\\/?p=62018#article\",\"isPartOf\":{\"@id\":\"https:\\\/\\\/akunq.net\\\/tr\\\/?p=62018\"},\"author\":{\"name\":\"admin\",\"@id\":\"https:\\\/\\\/akunq.net\\\/tr\\\/#\\\/schema\\\/person\\\/096f1d38a12cce57fb855b485ed24c9e\"},\"headline\":\"Paris\u2019teki Holokost M\u00fczesinde Ermeni Soyk\u0131r\u0131m\u0131na adanm\u0131\u015f sergi d\u00fczenlenecek\",\"datePublished\":\"2021-03-24T07:55:30+00:00\",\"mainEntityOfPage\":{\"@id\":\"https:\\\/\\\/akunq.net\\\/tr\\\/?p=62018\"},\"wordCount\":121,\"commentCount\":0,\"image\":{\"@id\":\"https:\\\/\\\/akunq.net\\\/tr\\\/?p=62018#primaryimage\"},\"thumbnailUrl\":\"https:\\\/\\\/akunq.net\\\/tr\\\/wp-content\\\/uploads\\\/sites\\\/6\\\/2021\\\/03\\\/Ermeni-Soyk\u0131r\u0131m\u0131.jpg\",\"articleSection\":[\"Ermeni Soyk\u0131r\u0131m\u0131\",\"Haberler\"],\"inLanguage\":\"en-US\",\"potentialAction\":[{\"@type\":\"CommentAction\",\"name\":\"Comment\",\"target\":[\"https:\\\/\\\/akunq.net\\\/tr\\\/?p=62018#respond\"]}]},{\"@type\":\"WebPage\",\"@id\":\"https:\\\/\\\/akunq.net\\\/tr\\\/?p=62018\",\"url\":\"https:\\\/\\\/akunq.net\\\/tr\\\/?p=62018\",\"name\":\"Paris\u2019teki Holokost M\u00fczesinde Ermeni Soyk\u0131r\u0131m\u0131na adanm\u0131\u015f sergi d\u00fczenlenecek - Bati Ermenistan Ve Bati Ermenileri Sorunlari Ara\u015ftirmalar Merkezi\",\"isPartOf\":{\"@id\":\"https:\\\/\\\/akunq.net\\\/tr\\\/#website\"},\"primaryImageOfPage\":{\"@id\":\"https:\\\/\\\/akunq.net\\\/tr\\\/?p=62018#primaryimage\"},\"image\":{\"@id\":\"https:\\\/\\\/akunq.net\\\/tr\\\/?p=62018#primaryimage\"},\"thumbnailUrl\":\"https:\\\/\\\/akunq.net\\\/tr\\\/wp-content\\\/uploads\\\/sites\\\/6\\\/2021\\\/03\\\/Ermeni-Soyk\u0131r\u0131m\u0131.jpg\",\"datePublished\":\"2021-03-24T07:55:30+00:00\",\"author\":{\"@id\":\"https:\\\/\\\/akunq.net\\\/tr\\\/#\\\/schema\\\/person\\\/096f1d38a12cce57fb855b485ed24c9e\"},\"breadcrumb\":{\"@id\":\"https:\\\/\\\/akunq.net\\\/tr\\\/?p=62018#breadcrumb\"},\"inLanguage\":\"en-US\",\"potentialAction\":[{\"@type\":\"ReadAction\",\"target\":[\"https:\\\/\\\/akunq.net\\\/tr\\\/?p=62018\"]}]},{\"@type\":\"ImageObject\",\"inLanguage\":\"en-US\",\"@id\":\"https:\\\/\\\/akunq.net\\\/tr\\\/?p=62018#primaryimage\",\"url\":\"https:\\\/\\\/akunq.net\\\/tr\\\/wp-content\\\/uploads\\\/sites\\\/6\\\/2021\\\/03\\\/Ermeni-Soyk\u0131r\u0131m\u0131.jpg\",\"contentUrl\":\"https:\\\/\\\/akunq.net\\\/tr\\\/wp-content\\\/uploads\\\/sites\\\/6\\\/2021\\\/03\\\/Ermeni-Soyk\u0131r\u0131m\u0131.jpg\",\"width\":790,\"height\":443},{\"@type\":\"BreadcrumbList\",\"@id\":\"https:\\\/\\\/akunq.net\\\/tr\\\/?p=62018#breadcrumb\",\"itemListElement\":[{\"@type\":\"ListItem\",\"position\":1,\"name\":\"Home\",\"item\":\"https:\\\/\\\/akunq.net\\\/tr\"},{\"@type\":\"ListItem\",\"position\":2,\"name\":\"Paris\u2019teki Holokost M\u00fczesinde Ermeni Soyk\u0131r\u0131m\u0131na adanm\u0131\u015f sergi d\u00fczenlenecek\"}]},{\"@type\":\"WebSite\",\"@id\":\"https:\\\/\\\/akunq.net\\\/tr\\\/#website\",\"url\":\"https:\\\/\\\/akunq.net\\\/tr\\\/\",\"name\":\"Bati Ermenistan Ve Bati Ermenileri Sorunlari Ara\u015ftirmalar Merkezi\",\"description\":\"\",\"potentialAction\":[{\"@type\":\"SearchAction\",\"target\":{\"@type\":\"EntryPoint\",\"urlTemplate\":\"https:\\\/\\\/akunq.net\\\/tr\\\/?s={search_term_string}\"},\"query-input\":{\"@type\":\"PropertyValueSpecification\",\"valueRequired\":true,\"valueName\":\"search_term_string\"}}],\"inLanguage\":\"en-US\"},{\"@type\":\"Person\",\"@id\":\"https:\\\/\\\/akunq.net\\\/tr\\\/#\\\/schema\\\/person\\\/096f1d38a12cce57fb855b485ed24c9e\",\"name\":\"admin\",\"url\":\"https:\\\/\\\/akunq.net\\\/tr\\\/?author=7\"}]}<\/script>\n<!-- \/ Yoast SEO plugin. -->","yoast_head_json":{"title":"Paris\u2019teki Holokost M\u00fczesinde Ermeni Soyk\u0131r\u0131m\u0131na adanm\u0131\u015f sergi d\u00fczenlenecek - Bati Ermenistan Ve Bati Ermenileri Sorunlari Ara\u015ftirmalar Merkezi","robots":{"index":"index","follow":"follow","max-snippet":"max-snippet:-1","max-image-preview":"max-image-preview:large","max-video-preview":"max-video-preview:-1"},"canonical":"https:\/\/akunq.net\/tr\/?p=62018","og_locale":"en_US","og_type":"article","og_title":"Paris\u2019teki Holokost M\u00fczesinde Ermeni Soyk\u0131r\u0131m\u0131na adanm\u0131\u015f sergi d\u00fczenlenecek - Bati Ermenistan Ve Bati Ermenileri Sorunlari Ara\u015ftirmalar Merkezi","og_description":"Paris\u2019te bulunan \u2018M\u00e9morial de la Shoah\u2019 Holokost m\u00fczesinde 2001y\u0131l\u0131nda Fransa taraf\u0131ndan Ermeni Soyk\u0131r\u0131m\u0131&#8217;n\u0131n tan\u0131nmas\u0131n\u0131n 20. y\u0131ld\u00f6n\u00fcm\u00fcne adanm\u0131\u015f bir sergi d\u00fczenlenecek. Yirminci y\u00fczy\u0131l\u0131n ilk kitlesel katliamlar\u0131n\u0131 anlatan ve yeni belge ile eserlerle zenginle\u015ftirilmi\u015f sergi 22 Mart &#8211; 11 Temmuz tarihleri \u200b\u200baras\u0131nda ziyaret\u00e7ilere a\u00e7\u0131k olacak. M\u00e9morial de la Shoah&#8217;da Ermeni Soyk\u0131r\u0131m\u0131&#8217;na adanm\u0131\u015f bir sergi de 2015 y\u0131l\u0131nda [&hellip;]","og_url":"https:\/\/akunq.net\/tr\/?p=62018","og_site_name":"Bati Ermenistan Ve Bati Ermenileri Sorunlari Ara\u015ftirmalar Merkezi","article_published_time":"2021-03-24T07:55:30+00:00","og_image":[{"width":790,"height":443,"url":"https:\/\/akunq.net\/tr\/wp-content\/uploads\/sites\/6\/2021\/03\/Ermeni-Soyk\u0131r\u0131m\u0131.jpg","type":"image\/jpeg"}],"author":"admin","twitter_card":"summary_large_image","twitter_misc":{"Written by":"admin","Est. reading time":"1 minute"},"schema":{"@context":"https:\/\/schema.org","@graph":[{"@type":"Article","@id":"https:\/\/akunq.net\/tr\/?p=62018#article","isPartOf":{"@id":"https:\/\/akunq.net\/tr\/?p=62018"},"author":{"name":"admin","@id":"https:\/\/akunq.net\/tr\/#\/schema\/person\/096f1d38a12cce57fb855b485ed24c9e"},"headline":"Paris\u2019teki Holokost M\u00fczesinde Ermeni Soyk\u0131r\u0131m\u0131na adanm\u0131\u015f sergi d\u00fczenlenecek","datePublished":"2021-03-24T07:55:30+00:00","mainEntityOfPage":{"@id":"https:\/\/akunq.net\/tr\/?p=62018"},"wordCount":121,"commentCount":0,"image":{"@id":"https:\/\/akunq.net\/tr\/?p=62018#primaryimage"},"thumbnailUrl":"https:\/\/akunq.net\/tr\/wp-content\/uploads\/sites\/6\/2021\/03\/Ermeni-Soyk\u0131r\u0131m\u0131.jpg","articleSection":["Ermeni Soyk\u0131r\u0131m\u0131","Haberler"],"inLanguage":"en-US","potentialAction":[{"@type":"CommentAction","name":"Comment","target":["https:\/\/akunq.net\/tr\/?p=62018#respond"]}]},{"@type":"WebPage","@id":"https:\/\/akunq.net\/tr\/?p=62018","url":"https:\/\/akunq.net\/tr\/?p=62018","name":"Paris\u2019teki Holokost M\u00fczesinde Ermeni Soyk\u0131r\u0131m\u0131na adanm\u0131\u015f sergi d\u00fczenlenecek - Bati Ermenistan Ve Bati Ermenileri Sorunlari Ara\u015ftirmalar Merkezi","isPartOf":{"@id":"https:\/\/akunq.net\/tr\/#website"},"primaryImageOfPage":{"@id":"https:\/\/akunq.net\/tr\/?p=62018#primaryimage"},"image":{"@id":"https:\/\/akunq.net\/tr\/?p=62018#primaryimage"},"thumbnailUrl":"https:\/\/akunq.net\/tr\/wp-content\/uploads\/sites\/6\/2021\/03\/Ermeni-Soyk\u0131r\u0131m\u0131.jpg","datePublished":"2021-03-24T07:55:30+00:00","author":{"@id":"https:\/\/akunq.net\/tr\/#\/schema\/person\/096f1d38a12cce57fb855b485ed24c9e"},"breadcrumb":{"@id":"https:\/\/akunq.net\/tr\/?p=62018#breadcrumb"},"inLanguage":"en-US","potentialAction":[{"@type":"ReadAction","target":["https:\/\/akunq.net\/tr\/?p=62018"]}]},{"@type":"ImageObject","inLanguage":"en-US","@id":"https:\/\/akunq.net\/tr\/?p=62018#primaryimage","url":"https:\/\/akunq.net\/tr\/wp-content\/uploads\/sites\/6\/2021\/03\/Ermeni-Soyk\u0131r\u0131m\u0131.jpg","contentUrl":"https:\/\/akunq.net\/tr\/wp-content\/uploads\/sites\/6\/2021\/03\/Ermeni-Soyk\u0131r\u0131m\u0131.jpg","width":790,"height":443},{"@type":"BreadcrumbList","@id":"https:\/\/akunq.net\/tr\/?p=62018#breadcrumb","itemListElement":[{"@type":"ListItem","position":1,"name":"Home","item":"https:\/\/akunq.net\/tr"},{"@type":"ListItem","position":2,"name":"Paris\u2019teki Holokost M\u00fczesinde Ermeni Soyk\u0131r\u0131m\u0131na adanm\u0131\u015f sergi d\u00fczenlenecek"}]},{"@type":"WebSite","@id":"https:\/\/akunq.net\/tr\/#website","url":"https:\/\/akunq.net\/tr\/","name":"Bati Ermenistan Ve Bati Ermenileri Sorunlari Ara\u015ftirmalar Merkezi","description":"","potentialAction":[{"@type":"SearchAction","target":{"@type":"EntryPoint","urlTemplate":"https:\/\/akunq.net\/tr\/?s={search_term_string}"},"query-input":{"@type":"PropertyValueSpecification","valueRequired":true,"valueName":"search_term_string"}}],"inLanguage":"en-US"},{"@type":"Person","@id":"https:\/\/akunq.net\/tr\/#\/schema\/person\/096f1d38a12cce57fb855b485ed24c9e","name":"admin","url":"https:\/\/akunq.net\/tr\/?author=7"}]}},"_links":{"self":[{"href":"https:\/\/akunq.net\/tr\/index.php?rest_route=\/wp\/v2\/posts\/62018","targetHints":{"allow":["GET"]}}],"collection":[{"href":"https:\/\/akunq.net\/tr\/index.php?rest_route=\/wp\/v2\/posts"}],"about":[{"href":"https:\/\/akunq.net\/tr\/index.php?rest_route=\/wp\/v2\/types\/post"}],"author":[{"embeddable":true,"href":"https:\/\/akunq.net\/tr\/index.php?rest_route=\/wp\/v2\/users\/7"}],"replies":[{"embeddable":true,"href":"https:\/\/akunq.net\/tr\/index.php?rest_route=%2Fwp%2Fv2%2Fcomments&post=62018"}],"version-history":[{"count":1,"href":"https:\/\/akunq.net\/tr\/index.php?rest_route=\/wp\/v2\/posts\/62018\/revisions"}],"predecessor-version":[{"id":62020,"href":"https:\/\/akunq.net\/tr\/index.php?rest_route=\/wp\/v2\/posts\/62018\/revisions\/62020"}],"wp:featuredmedia":[{"embeddable":true,"href":"https:\/\/akunq.net\/tr\/index.php?rest_route=\/wp\/v2\/media\/62019"}],"wp:attachment":[{"href":"https:\/\/akunq.net\/tr\/index.php?rest_route=%2Fwp%2Fv2%2Fmedia&parent=62018"}],"wp:term":[{"taxonomy":"category","embeddable":true,"href":"https:\/\/akunq.net\/tr\/index.php?rest_route=%2Fwp%2Fv2%2Fcategories&post=62018"},{"taxonomy":"post_tag","embeddable":true,"href":"https:\/\/akunq.net\/tr\/index.php?rest_route=%2Fwp%2Fv2%2Ftags&post=62018"}],"curies":[{"name":"wp","href":"https:\/\/api.w.org\/{rel}","templated":true}]}}