{"id":62015,"date":"2021-03-24T02:48:18","date_gmt":"2021-03-24T07:48:18","guid":{"rendered":"https:\/\/akunq.net\/tr\/?p=62015"},"modified":"2021-03-24T02:48:18","modified_gmt":"2021-03-24T07:48:18","slug":"ypjli-cicek-kobaniye-muebbet-hapis-cezasi","status":"publish","type":"post","link":"https:\/\/akunq.net\/tr\/?p=62015","title":{"rendered":"YPJ\u2019li \u00c7i\u00e7ek Kobani\u2019ye m\u00fcebbet hapis cezas\u0131"},"content":{"rendered":"<p><img loading=\"lazy\" decoding=\"async\" class=\"aligncenter size-medium wp-image-62016\" src=\"https:\/\/akunq.net\/tr\/wp-content\/uploads\/2021\/03\/\u0584\u0578\u0582\u0580\u0564-\u0574\u0561\u0580\u057f\u056b\u056f-360x238.jpg\" alt=\"\" width=\"360\" height=\"238\" srcset=\"https:\/\/akunq.net\/tr\/wp-content\/uploads\/sites\/6\/2021\/03\/\u0584\u0578\u0582\u0580\u0564-\u0574\u0561\u0580\u057f\u056b\u056f-360x238.jpg 360w, https:\/\/akunq.net\/tr\/wp-content\/uploads\/sites\/6\/2021\/03\/\u0584\u0578\u0582\u0580\u0564-\u0574\u0561\u0580\u057f\u056b\u056f-768x508.jpg 768w, https:\/\/akunq.net\/tr\/wp-content\/uploads\/sites\/6\/2021\/03\/\u0584\u0578\u0582\u0580\u0564-\u0574\u0561\u0580\u057f\u056b\u056f-560x370.jpg 560w, https:\/\/akunq.net\/tr\/wp-content\/uploads\/sites\/6\/2021\/03\/\u0584\u0578\u0582\u0580\u0564-\u0574\u0561\u0580\u057f\u056b\u056f-260x172.jpg 260w, https:\/\/akunq.net\/tr\/wp-content\/uploads\/sites\/6\/2021\/03\/\u0584\u0578\u0582\u0580\u0564-\u0574\u0561\u0580\u057f\u056b\u056f-160x106.jpg 160w, https:\/\/akunq.net\/tr\/wp-content\/uploads\/sites\/6\/2021\/03\/\u0584\u0578\u0582\u0580\u0564-\u0574\u0561\u0580\u057f\u056b\u056f.jpg 770w\" sizes=\"auto, (max-width: 360px) 100vw, 360px\" \/><\/p>\n<p><em><strong>Urfa 5&#8217;inci A\u011f\u0131r Ceza Mahkemesi, Rojava\u2019da silahl\u0131 gruplarca esir ald\u0131nd\u0131ktan sonra T\u00fcrkiye\u2019ye teslim edilen ve 3 ayr\u0131 su\u00e7lama ile yarg\u0131lanan YPJ\u2019li Dozgin Temo (\u00c7i\u00e7ek Kobani) hakk\u0131nda \u00f6m\u00fcr boyu hapis cezas\u0131 verdi.<\/strong><\/em><\/p>\n<p>T\u00fcrkiye destekli Suriye Milli Ordusu (SMO) mensuplar\u0131 taraf\u0131ndan 21 Ekim 2019\u2019da Rojava\u2019n\u0131n Eyn \u0130sa kasabas\u0131na ba\u011fl\u0131 Mi\u015frefa k\u00f6y\u00fcnde yaral\u0131 olarak yakaland\u0131ktan sonra T\u00fcrkiye\u2019ye g\u00f6t\u00fcr\u00fclen Rojava Kad\u0131n Savunma Birlikleri (YPJ) \u00fcyesi Dozgin Temo (\u00c7i\u00e7ek Kobani) hakk\u0131nda a\u00e7\u0131lan davan\u0131n alt\u0131nc\u0131 duru\u015fmas\u0131 Urfa 5\u2019inci A\u011f\u0131r Ceza Mahkemesi\u2019nde g\u00f6r\u00fcld\u00fc.<\/p>\n<p>ANHA\u2019n\u0131n haberine g\u00f6re, Urfa T Tipi Kapal\u0131 Cezaevi&#8217;nde tutuklu bulunan Temo, duru\u015fmaya Ses ve G\u00f6r\u00fcnt\u00fcl\u00fc Bili\u015fim Sistemi (SEGB\u0130S) arac\u0131l\u0131\u011f\u0131yla kat\u0131l\u0131rken, avukat\u0131 Hidayet Enmek ise duru\u015fmada haz\u0131r bulundu.<\/p>\n<p><strong>Belgeler dosyaya eklenmedi<\/strong><\/p>\n<p>Kimlik tespitiyle ba\u015flayan duru\u015fma, savc\u0131n\u0131n m\u00fctalaas\u0131n\u0131 sunmas\u0131yla devam etti.<\/p>\n<p>Duru\u015fmada s\u00f6z alan Temo\u2019nun avukat\u0131 Hidayet Enmek, m\u00fcvekkilinin yakalanma ve g\u00f6zalt\u0131na al\u0131nma \u015fekline dair \u00f6nceki celselerde talep edilen belgelerin dosyaya eklenmedi\u011fine dikkat \u00e7ekti.<\/p>\n<p>M\u00fcvekkilini yakalayanlar\u0131n SMO gruplar\u0131 oldu\u011funu s\u00f6yleyen Enmek, &#8220;Dolay\u0131s\u0131yla yakalanma \u015fekline dair ayd\u0131nlat\u0131c\u0131 bir tutanak dosyada bulunmuyor. Biz yakalama i\u015flemi yapan \u015fah\u0131slar\u0131n mahkemede dinlenmesini talep ediyoruz. M\u00fcvekkilim yakaland\u0131\u011f\u0131nda \u00fczerinde silah bulunmuyor. Yine herhangi bir eylemi olmamas\u0131na ra\u011fmen vurularak yaralan\u0131yor. Eksik tutanaklar dosyaya eklenmedi. Tan\u0131k dinleniyor ama tan\u0131k beyan\u0131 dosyada yok&#8221; dedi.<\/p>\n<p><strong>\u201cUluslararas\u0131 hukuka ayk\u0131r\u0131\u201d<\/strong><\/p>\n<p>Enmek, devam\u0131nda \u015funlar\u0131 s\u00f6yledi:<\/p>\n<p>&#8220;M\u00fcvekkilimin Suriye&#8217;de yakalan\u0131p, hakk\u0131nda bu \u00fclkeye y\u00f6nelik herhangi bir fiili tespit edilmemesine ra\u011fmen burada tutuklan\u0131p yarg\u0131lanmas\u0131 uluslararas\u0131 hukuka ayk\u0131r\u0131d\u0131r. Bu dosya uluslararas\u0131 mahkemelere ta\u015f\u0131nd\u0131\u011f\u0131 zaman hukuka ayk\u0131r\u0131l\u0131\u011f\u0131 ortaya \u00e7\u0131kacakt\u0131r. M\u00fcvekkilim Suriyelidir. Bu \u00fclkeye y\u00f6nelik herhangi bir eylemi olmad\u0131\u011f\u0131 i\u00e7in beraatini talep ediyorum.&#8221;<\/p>\n<p>Verilen k\u0131sa bir aradan sonra mahkeme heyeti, Temo&#8217;ya \u201cDevletin birli\u011fini ve \u00fclke b\u00fct\u00fcnl\u00fc\u011f\u00fcn\u00fc bozmak\u201d iddias\u0131yla a\u011f\u0131rla\u015ft\u0131r\u0131lm\u0131\u015f m\u00fcebbet ve &#8220;Adam \u00f6ld\u00fcrmekten&#8221; 10 y\u0131l 10 ay hapis cezas\u0131 verdi.<\/p>\n<p>Temo&#8217;nun avukat\u0131, verilen hapis cezas\u0131na kar\u015f\u0131 bir \u00fcst mahkemeye ba\u015fvuracaklar\u0131n\u0131 belirtti.<\/p>\n<p><em><strong>https:\/\/www.rudaw.net\/turkish\/kurdistan\/24032021\u00a0<\/strong><\/em><\/p>\n","protected":false},"excerpt":{"rendered":"<p>Urfa 5&#8217;inci A\u011f\u0131r Ceza Mahkemesi, Rojava\u2019da silahl\u0131 gruplarca esir ald\u0131nd\u0131ktan sonra T\u00fcrkiye\u2019ye teslim edilen ve 3 ayr\u0131 su\u00e7lama ile yarg\u0131lanan YPJ\u2019li Dozgin Temo (\u00c7i\u00e7ek Kobani) hakk\u0131nda \u00f6m\u00fcr boyu hapis cezas\u0131 verdi. T\u00fcrkiye destekli Suriye Milli Ordusu (SMO) mensuplar\u0131 taraf\u0131ndan 21 Ekim 2019\u2019da Rojava\u2019n\u0131n Eyn \u0130sa kasabas\u0131na ba\u011fl\u0131 Mi\u015frefa k\u00f6y\u00fcnde yaral\u0131 olarak yakaland\u0131ktan sonra T\u00fcrkiye\u2019ye g\u00f6t\u00fcr\u00fclen [&hellip;]<\/p>\n","protected":false},"author":7,"featured_media":62016,"comment_status":"open","ping_status":"open","sticky":false,"template":"","format":"standard","meta":{"footnotes":""},"categories":[1],"tags":[],"class_list":["post-62015","post","type-post","status-publish","format-standard","has-post-thumbnail","hentry","category-haberler"],"yoast_head":"<!-- This site is optimized with the Yoast SEO plugin v27.4 - https:\/\/yoast.com\/product\/yoast-seo-wordpress\/ -->\n<title>YPJ\u2019li \u00c7i\u00e7ek Kobani\u2019ye m\u00fcebbet hapis cezas\u0131 - Bati Ermenistan Ve Bati Ermenileri Sorunlari Ara\u015ftirmalar Merkezi<\/title>\n<meta name=\"robots\" content=\"index, follow, max-snippet:-1, max-image-preview:large, max-video-preview:-1\" \/>\n<link rel=\"canonical\" href=\"https:\/\/akunq.net\/tr\/?p=62015\" \/>\n<meta property=\"og:locale\" content=\"en_US\" \/>\n<meta property=\"og:type\" content=\"article\" \/>\n<meta property=\"og:title\" content=\"YPJ\u2019li \u00c7i\u00e7ek Kobani\u2019ye m\u00fcebbet hapis cezas\u0131 - Bati Ermenistan Ve Bati Ermenileri Sorunlari Ara\u015ftirmalar Merkezi\" \/>\n<meta property=\"og:description\" content=\"Urfa 5&#8217;inci A\u011f\u0131r Ceza Mahkemesi, Rojava\u2019da silahl\u0131 gruplarca esir ald\u0131nd\u0131ktan sonra T\u00fcrkiye\u2019ye teslim edilen ve 3 ayr\u0131 su\u00e7lama ile yarg\u0131lanan YPJ\u2019li Dozgin Temo (\u00c7i\u00e7ek Kobani) hakk\u0131nda \u00f6m\u00fcr boyu hapis cezas\u0131 verdi. T\u00fcrkiye destekli Suriye Milli Ordusu (SMO) mensuplar\u0131 taraf\u0131ndan 21 Ekim 2019\u2019da Rojava\u2019n\u0131n Eyn \u0130sa kasabas\u0131na ba\u011fl\u0131 Mi\u015frefa k\u00f6y\u00fcnde yaral\u0131 olarak yakaland\u0131ktan sonra T\u00fcrkiye\u2019ye g\u00f6t\u00fcr\u00fclen [&hellip;]\" \/>\n<meta property=\"og:url\" content=\"https:\/\/akunq.net\/tr\/?p=62015\" \/>\n<meta property=\"og:site_name\" content=\"Bati Ermenistan Ve Bati Ermenileri Sorunlari Ara\u015ftirmalar Merkezi\" \/>\n<meta property=\"article:published_time\" content=\"2021-03-24T07:48:18+00:00\" \/>\n<meta property=\"og:image\" content=\"https:\/\/akunq.net\/tr\/wp-content\/uploads\/sites\/6\/2021\/03\/\u0584\u0578\u0582\u0580\u0564-\u0574\u0561\u0580\u057f\u056b\u056f.jpg\" \/>\n\t<meta property=\"og:image:width\" content=\"770\" \/>\n\t<meta property=\"og:image:height\" content=\"509\" \/>\n\t<meta property=\"og:image:type\" content=\"image\/jpeg\" \/>\n<meta name=\"author\" content=\"admin\" \/>\n<meta name=\"twitter:card\" content=\"summary_large_image\" \/>\n<meta name=\"twitter:label1\" content=\"Written by\" \/>\n\t<meta name=\"twitter:data1\" content=\"admin\" \/>\n\t<meta name=\"twitter:label2\" content=\"Est. reading time\" \/>\n\t<meta name=\"twitter:data2\" content=\"2 minutes\" \/>\n<script type=\"application\/ld+json\" class=\"yoast-schema-graph\">{\"@context\":\"https:\\\/\\\/schema.org\",\"@graph\":[{\"@type\":\"Article\",\"@id\":\"https:\\\/\\\/akunq.net\\\/tr\\\/?p=62015#article\",\"isPartOf\":{\"@id\":\"https:\\\/\\\/akunq.net\\\/tr\\\/?p=62015\"},\"author\":{\"name\":\"admin\",\"@id\":\"https:\\\/\\\/akunq.net\\\/tr\\\/#\\\/schema\\\/person\\\/096f1d38a12cce57fb855b485ed24c9e\"},\"headline\":\"YPJ\u2019li \u00c7i\u00e7ek Kobani\u2019ye m\u00fcebbet hapis cezas\u0131\",\"datePublished\":\"2021-03-24T07:48:18+00:00\",\"mainEntityOfPage\":{\"@id\":\"https:\\\/\\\/akunq.net\\\/tr\\\/?p=62015\"},\"wordCount\":409,\"commentCount\":0,\"image\":{\"@id\":\"https:\\\/\\\/akunq.net\\\/tr\\\/?p=62015#primaryimage\"},\"thumbnailUrl\":\"https:\\\/\\\/akunq.net\\\/tr\\\/wp-content\\\/uploads\\\/sites\\\/6\\\/2021\\\/03\\\/\u0584\u0578\u0582\u0580\u0564-\u0574\u0561\u0580\u057f\u056b\u056f.jpg\",\"articleSection\":[\"Haberler\"],\"inLanguage\":\"en-US\",\"potentialAction\":[{\"@type\":\"CommentAction\",\"name\":\"Comment\",\"target\":[\"https:\\\/\\\/akunq.net\\\/tr\\\/?p=62015#respond\"]}]},{\"@type\":\"WebPage\",\"@id\":\"https:\\\/\\\/akunq.net\\\/tr\\\/?p=62015\",\"url\":\"https:\\\/\\\/akunq.net\\\/tr\\\/?p=62015\",\"name\":\"YPJ\u2019li \u00c7i\u00e7ek Kobani\u2019ye m\u00fcebbet hapis cezas\u0131 - Bati Ermenistan Ve Bati Ermenileri Sorunlari Ara\u015ftirmalar Merkezi\",\"isPartOf\":{\"@id\":\"https:\\\/\\\/akunq.net\\\/tr\\\/#website\"},\"primaryImageOfPage\":{\"@id\":\"https:\\\/\\\/akunq.net\\\/tr\\\/?p=62015#primaryimage\"},\"image\":{\"@id\":\"https:\\\/\\\/akunq.net\\\/tr\\\/?p=62015#primaryimage\"},\"thumbnailUrl\":\"https:\\\/\\\/akunq.net\\\/tr\\\/wp-content\\\/uploads\\\/sites\\\/6\\\/2021\\\/03\\\/\u0584\u0578\u0582\u0580\u0564-\u0574\u0561\u0580\u057f\u056b\u056f.jpg\",\"datePublished\":\"2021-03-24T07:48:18+00:00\",\"author\":{\"@id\":\"https:\\\/\\\/akunq.net\\\/tr\\\/#\\\/schema\\\/person\\\/096f1d38a12cce57fb855b485ed24c9e\"},\"breadcrumb\":{\"@id\":\"https:\\\/\\\/akunq.net\\\/tr\\\/?p=62015#breadcrumb\"},\"inLanguage\":\"en-US\",\"potentialAction\":[{\"@type\":\"ReadAction\",\"target\":[\"https:\\\/\\\/akunq.net\\\/tr\\\/?p=62015\"]}]},{\"@type\":\"ImageObject\",\"inLanguage\":\"en-US\",\"@id\":\"https:\\\/\\\/akunq.net\\\/tr\\\/?p=62015#primaryimage\",\"url\":\"https:\\\/\\\/akunq.net\\\/tr\\\/wp-content\\\/uploads\\\/sites\\\/6\\\/2021\\\/03\\\/\u0584\u0578\u0582\u0580\u0564-\u0574\u0561\u0580\u057f\u056b\u056f.jpg\",\"contentUrl\":\"https:\\\/\\\/akunq.net\\\/tr\\\/wp-content\\\/uploads\\\/sites\\\/6\\\/2021\\\/03\\\/\u0584\u0578\u0582\u0580\u0564-\u0574\u0561\u0580\u057f\u056b\u056f.jpg\",\"width\":770,\"height\":509},{\"@type\":\"BreadcrumbList\",\"@id\":\"https:\\\/\\\/akunq.net\\\/tr\\\/?p=62015#breadcrumb\",\"itemListElement\":[{\"@type\":\"ListItem\",\"position\":1,\"name\":\"Home\",\"item\":\"https:\\\/\\\/akunq.net\\\/tr\"},{\"@type\":\"ListItem\",\"position\":2,\"name\":\"YPJ\u2019li \u00c7i\u00e7ek Kobani\u2019ye m\u00fcebbet hapis cezas\u0131\"}]},{\"@type\":\"WebSite\",\"@id\":\"https:\\\/\\\/akunq.net\\\/tr\\\/#website\",\"url\":\"https:\\\/\\\/akunq.net\\\/tr\\\/\",\"name\":\"Bati Ermenistan Ve Bati Ermenileri Sorunlari Ara\u015ftirmalar Merkezi\",\"description\":\"\",\"potentialAction\":[{\"@type\":\"SearchAction\",\"target\":{\"@type\":\"EntryPoint\",\"urlTemplate\":\"https:\\\/\\\/akunq.net\\\/tr\\\/?s={search_term_string}\"},\"query-input\":{\"@type\":\"PropertyValueSpecification\",\"valueRequired\":true,\"valueName\":\"search_term_string\"}}],\"inLanguage\":\"en-US\"},{\"@type\":\"Person\",\"@id\":\"https:\\\/\\\/akunq.net\\\/tr\\\/#\\\/schema\\\/person\\\/096f1d38a12cce57fb855b485ed24c9e\",\"name\":\"admin\",\"url\":\"https:\\\/\\\/akunq.net\\\/tr\\\/?author=7\"}]}<\/script>\n<!-- \/ Yoast SEO plugin. -->","yoast_head_json":{"title":"YPJ\u2019li \u00c7i\u00e7ek Kobani\u2019ye m\u00fcebbet hapis cezas\u0131 - Bati Ermenistan Ve Bati Ermenileri Sorunlari Ara\u015ftirmalar Merkezi","robots":{"index":"index","follow":"follow","max-snippet":"max-snippet:-1","max-image-preview":"max-image-preview:large","max-video-preview":"max-video-preview:-1"},"canonical":"https:\/\/akunq.net\/tr\/?p=62015","og_locale":"en_US","og_type":"article","og_title":"YPJ\u2019li \u00c7i\u00e7ek Kobani\u2019ye m\u00fcebbet hapis cezas\u0131 - Bati Ermenistan Ve Bati Ermenileri Sorunlari Ara\u015ftirmalar Merkezi","og_description":"Urfa 5&#8217;inci A\u011f\u0131r Ceza Mahkemesi, Rojava\u2019da silahl\u0131 gruplarca esir ald\u0131nd\u0131ktan sonra T\u00fcrkiye\u2019ye teslim edilen ve 3 ayr\u0131 su\u00e7lama ile yarg\u0131lanan YPJ\u2019li Dozgin Temo (\u00c7i\u00e7ek Kobani) hakk\u0131nda \u00f6m\u00fcr boyu hapis cezas\u0131 verdi. T\u00fcrkiye destekli Suriye Milli Ordusu (SMO) mensuplar\u0131 taraf\u0131ndan 21 Ekim 2019\u2019da Rojava\u2019n\u0131n Eyn \u0130sa kasabas\u0131na ba\u011fl\u0131 Mi\u015frefa k\u00f6y\u00fcnde yaral\u0131 olarak yakaland\u0131ktan sonra T\u00fcrkiye\u2019ye g\u00f6t\u00fcr\u00fclen [&hellip;]","og_url":"https:\/\/akunq.net\/tr\/?p=62015","og_site_name":"Bati Ermenistan Ve Bati Ermenileri Sorunlari Ara\u015ftirmalar Merkezi","article_published_time":"2021-03-24T07:48:18+00:00","og_image":[{"width":770,"height":509,"url":"https:\/\/akunq.net\/tr\/wp-content\/uploads\/sites\/6\/2021\/03\/\u0584\u0578\u0582\u0580\u0564-\u0574\u0561\u0580\u057f\u056b\u056f.jpg","type":"image\/jpeg"}],"author":"admin","twitter_card":"summary_large_image","twitter_misc":{"Written by":"admin","Est. reading time":"2 minutes"},"schema":{"@context":"https:\/\/schema.org","@graph":[{"@type":"Article","@id":"https:\/\/akunq.net\/tr\/?p=62015#article","isPartOf":{"@id":"https:\/\/akunq.net\/tr\/?p=62015"},"author":{"name":"admin","@id":"https:\/\/akunq.net\/tr\/#\/schema\/person\/096f1d38a12cce57fb855b485ed24c9e"},"headline":"YPJ\u2019li \u00c7i\u00e7ek Kobani\u2019ye m\u00fcebbet hapis cezas\u0131","datePublished":"2021-03-24T07:48:18+00:00","mainEntityOfPage":{"@id":"https:\/\/akunq.net\/tr\/?p=62015"},"wordCount":409,"commentCount":0,"image":{"@id":"https:\/\/akunq.net\/tr\/?p=62015#primaryimage"},"thumbnailUrl":"https:\/\/akunq.net\/tr\/wp-content\/uploads\/sites\/6\/2021\/03\/\u0584\u0578\u0582\u0580\u0564-\u0574\u0561\u0580\u057f\u056b\u056f.jpg","articleSection":["Haberler"],"inLanguage":"en-US","potentialAction":[{"@type":"CommentAction","name":"Comment","target":["https:\/\/akunq.net\/tr\/?p=62015#respond"]}]},{"@type":"WebPage","@id":"https:\/\/akunq.net\/tr\/?p=62015","url":"https:\/\/akunq.net\/tr\/?p=62015","name":"YPJ\u2019li \u00c7i\u00e7ek Kobani\u2019ye m\u00fcebbet hapis cezas\u0131 - Bati Ermenistan Ve Bati Ermenileri Sorunlari Ara\u015ftirmalar Merkezi","isPartOf":{"@id":"https:\/\/akunq.net\/tr\/#website"},"primaryImageOfPage":{"@id":"https:\/\/akunq.net\/tr\/?p=62015#primaryimage"},"image":{"@id":"https:\/\/akunq.net\/tr\/?p=62015#primaryimage"},"thumbnailUrl":"https:\/\/akunq.net\/tr\/wp-content\/uploads\/sites\/6\/2021\/03\/\u0584\u0578\u0582\u0580\u0564-\u0574\u0561\u0580\u057f\u056b\u056f.jpg","datePublished":"2021-03-24T07:48:18+00:00","author":{"@id":"https:\/\/akunq.net\/tr\/#\/schema\/person\/096f1d38a12cce57fb855b485ed24c9e"},"breadcrumb":{"@id":"https:\/\/akunq.net\/tr\/?p=62015#breadcrumb"},"inLanguage":"en-US","potentialAction":[{"@type":"ReadAction","target":["https:\/\/akunq.net\/tr\/?p=62015"]}]},{"@type":"ImageObject","inLanguage":"en-US","@id":"https:\/\/akunq.net\/tr\/?p=62015#primaryimage","url":"https:\/\/akunq.net\/tr\/wp-content\/uploads\/sites\/6\/2021\/03\/\u0584\u0578\u0582\u0580\u0564-\u0574\u0561\u0580\u057f\u056b\u056f.jpg","contentUrl":"https:\/\/akunq.net\/tr\/wp-content\/uploads\/sites\/6\/2021\/03\/\u0584\u0578\u0582\u0580\u0564-\u0574\u0561\u0580\u057f\u056b\u056f.jpg","width":770,"height":509},{"@type":"BreadcrumbList","@id":"https:\/\/akunq.net\/tr\/?p=62015#breadcrumb","itemListElement":[{"@type":"ListItem","position":1,"name":"Home","item":"https:\/\/akunq.net\/tr"},{"@type":"ListItem","position":2,"name":"YPJ\u2019li \u00c7i\u00e7ek Kobani\u2019ye m\u00fcebbet hapis cezas\u0131"}]},{"@type":"WebSite","@id":"https:\/\/akunq.net\/tr\/#website","url":"https:\/\/akunq.net\/tr\/","name":"Bati Ermenistan Ve Bati Ermenileri Sorunlari Ara\u015ftirmalar Merkezi","description":"","potentialAction":[{"@type":"SearchAction","target":{"@type":"EntryPoint","urlTemplate":"https:\/\/akunq.net\/tr\/?s={search_term_string}"},"query-input":{"@type":"PropertyValueSpecification","valueRequired":true,"valueName":"search_term_string"}}],"inLanguage":"en-US"},{"@type":"Person","@id":"https:\/\/akunq.net\/tr\/#\/schema\/person\/096f1d38a12cce57fb855b485ed24c9e","name":"admin","url":"https:\/\/akunq.net\/tr\/?author=7"}]}},"_links":{"self":[{"href":"https:\/\/akunq.net\/tr\/index.php?rest_route=\/wp\/v2\/posts\/62015","targetHints":{"allow":["GET"]}}],"collection":[{"href":"https:\/\/akunq.net\/tr\/index.php?rest_route=\/wp\/v2\/posts"}],"about":[{"href":"https:\/\/akunq.net\/tr\/index.php?rest_route=\/wp\/v2\/types\/post"}],"author":[{"embeddable":true,"href":"https:\/\/akunq.net\/tr\/index.php?rest_route=\/wp\/v2\/users\/7"}],"replies":[{"embeddable":true,"href":"https:\/\/akunq.net\/tr\/index.php?rest_route=%2Fwp%2Fv2%2Fcomments&post=62015"}],"version-history":[{"count":1,"href":"https:\/\/akunq.net\/tr\/index.php?rest_route=\/wp\/v2\/posts\/62015\/revisions"}],"predecessor-version":[{"id":62017,"href":"https:\/\/akunq.net\/tr\/index.php?rest_route=\/wp\/v2\/posts\/62015\/revisions\/62017"}],"wp:featuredmedia":[{"embeddable":true,"href":"https:\/\/akunq.net\/tr\/index.php?rest_route=\/wp\/v2\/media\/62016"}],"wp:attachment":[{"href":"https:\/\/akunq.net\/tr\/index.php?rest_route=%2Fwp%2Fv2%2Fmedia&parent=62015"}],"wp:term":[{"taxonomy":"category","embeddable":true,"href":"https:\/\/akunq.net\/tr\/index.php?rest_route=%2Fwp%2Fv2%2Fcategories&post=62015"},{"taxonomy":"post_tag","embeddable":true,"href":"https:\/\/akunq.net\/tr\/index.php?rest_route=%2Fwp%2Fv2%2Ftags&post=62015"}],"curies":[{"name":"wp","href":"https:\/\/api.w.org\/{rel}","templated":true}]}}