{"id":62011,"date":"2021-03-23T03:57:00","date_gmt":"2021-03-23T08:57:00","guid":{"rendered":"https:\/\/akunq.net\/tr\/?p=62011"},"modified":"2021-03-23T03:57:00","modified_gmt":"2021-03-23T08:57:00","slug":"ab-yuksek-temsilcisi-borrell-yaza-kadar-turkiyenin-tutumunu-yakindan-takip-etmeyi-surdurecegiz","status":"publish","type":"post","link":"https:\/\/akunq.net\/tr\/?p=62011","title":{"rendered":"AB Y\u00fcksek Temsilcisi Borrell: Yaza kadar T\u00fcrkiye&#8217;nin tutumunu yak\u0131ndan takip etmeyi s\u00fcrd\u00fcrece\u011fiz"},"content":{"rendered":"<p><img loading=\"lazy\" decoding=\"async\" class=\"aligncenter size-medium wp-image-62012\" src=\"https:\/\/akunq.net\/tr\/wp-content\/uploads\/2021\/03\/Joseph-Borell-360x226.jpg\" alt=\"\" width=\"360\" height=\"226\" srcset=\"https:\/\/akunq.net\/tr\/wp-content\/uploads\/sites\/6\/2021\/03\/Joseph-Borell-360x226.jpg 360w, https:\/\/akunq.net\/tr\/wp-content\/uploads\/sites\/6\/2021\/03\/Joseph-Borell-768x481.jpg 768w, https:\/\/akunq.net\/tr\/wp-content\/uploads\/sites\/6\/2021\/03\/Joseph-Borell-560x351.jpg 560w, https:\/\/akunq.net\/tr\/wp-content\/uploads\/sites\/6\/2021\/03\/Joseph-Borell-260x163.jpg 260w, https:\/\/akunq.net\/tr\/wp-content\/uploads\/sites\/6\/2021\/03\/Joseph-Borell-160x100.jpg 160w, https:\/\/akunq.net\/tr\/wp-content\/uploads\/sites\/6\/2021\/03\/Joseph-Borell.jpg 1200w\" sizes=\"auto, (max-width: 360px) 100vw, 360px\" \/><\/p>\n<p><em><strong>Avrupa Birli\u011fi (AB) D\u0131\u015f \u0130li\u015fkiler ve G\u00fcvenlik Politikas\u0131 Y\u00fcksek Temsilcisi\u00a0Josep Borrell, T\u00fcrkiye ile iyi ili\u015fkiler geli\u015ftirmek istediklerini belirterek, T\u00fcrkiye&#8217;yi yaza kadar takip edeceklerini bildirdi. \u00d6te yandan Borell, &#8220;Halklar\u0131n Demokratik Partisi&#8217;ni kapatma giri\u015fimi ba\u015fta olmak \u00fczere\u00a0\u0130stanbul S\u00f6zle\u015fmesi&#8217;nden \u00e7\u0131k\u0131lm\u0131\u015f olmas\u0131 kayg\u0131 verici. Buna ili\u015fkin hafta sonu boyunca gerekli a\u00e7\u0131klamalar\u0131 yapt\u0131k zaten. Bu t\u00fcr geli\u015fmeler T\u00fcrkiye&#8217;yi AB yolundan uzakla\u015ft\u0131r\u0131yor&#8221; dedi.\u00a0<\/strong><\/em><\/p>\n<p>AB D\u0131\u015fi\u015fleri Bakanlar\u0131 Toplant\u0131s\u0131&#8217;n\u0131n ard\u0131ndan bas\u0131n toplant\u0131s\u0131 d\u00fczenleyen Avrupa Birli\u011fi D\u0131\u015f \u0130li\u015fkiler ve G\u00fcvenlik Politikas\u0131 Y\u00fcksek Temsilcisi Josep Borrell, T\u00fcrkiye ile ili\u015fkilerin toplant\u0131n\u0131n ana g\u00fcndem maddelerinden biri oldu\u011funu a\u00e7\u0131klad\u0131. 25-26 Mart&#8217;taki AB Liderler Zirvesi&#8217;ne sunmak \u00fczere &#8220;T\u00fcrkiye-AB aras\u0131ndaki siyasi, ekonomik ve ticari ili\u015fkilerin durumu&#8221; ba\u015fl\u0131\u011f\u0131yla bir rapor haz\u0131rlad\u0131\u011f\u0131n\u0131 a\u00e7\u0131klayan Borrell, rapora ili\u015fkin olarak bu toplant\u0131da bir karar al\u0131nm\u0131\u015f olmad\u0131\u011f\u0131n\u0131, nihai kararlar\u0131n bu hafta AB Liderleri Zirvesi&#8217;nde al\u0131naca\u011f\u0131n\u0131 belirtti.<\/p>\n<h3>\u201cAB&#8217;nin \u00e7\u0131karlar\u0131n\u0131 savunarak bunu yapmak istiyoruz&#8221;<\/h3>\n<p data-kiosked-context-name=\"kskdUIContext_01f1f4qmtkr66a3jn3jjwpypts\">Borrell, &#8220;Biz, T\u00fcrkiye ile bir aday \u00fclke, kom\u015fu ve en iyi ili\u015fkileri geli\u015ftirebilece\u011fimiz \u00f6nemli bir \u00fclke olarak ili\u015fki kurmak istiyoruz. Ayn\u0131 zamanda \u00fcye \u00fclkelerin ve AB&#8217;nin \u00e7\u0131karlar\u0131n\u0131 savunarak bunu yapmak istiyoruz&#8221; dedi.<\/p>\n<p>T\u00fcrkiye&#8217;den son d\u00f6nemde olumlu sinyaller g\u00f6rd\u00fcklerini ama ya\u015fanan i\u00e7 geli\u015fmelerin Avrupa a\u00e7\u0131s\u0131ndan ciddi endi\u015fe kayna\u011f\u0131 oldu\u011funu ifaden eden Borrell, &#8220;Halklar\u0131n Demokratik Partisi&#8217;ni kapatma giri\u015fimi ba\u015fta olmak \u00fczere \u0130stanbul S\u00f6zle\u015fmesi&#8217;nden \u00e7\u0131k\u0131lm\u0131\u015f olmas\u0131 kayg\u0131 verici. Buna ili\u015fkin hafta sonu boyunca gerekli a\u00e7\u0131klamalar\u0131 yapt\u0131k zaten. Bu t\u00fcr geli\u015fmeler T\u00fcrkiye&#8217;yi AB yolundan uzakla\u015ft\u0131r\u0131yor&#8221; diye konu\u015ftu.<\/p>\n<h3 class=\"fi-incontent-mark\">\u00c7avu\u015fo\u011flu ile g\u00f6r\u00fc\u015fme<\/h3>\n<p>Bu ak\u015fam D\u0131\u015fi\u015fleri Bakan\u0131 Mevl\u00fct \u00c7avu\u015fo\u011flu ile g\u00f6r\u00fc\u015fece\u011fini belirten Borrell, &#8220;Gelecek g\u00fcnlerde ve belki yaza kadar T\u00fcrkiye&#8217;nin tutumunu yak\u0131ndan takip etmeyi s\u00fcrd\u00fcrece\u011fiz. Bunun i\u00e7in baz\u0131 referans noktalar\u0131 kullanaca\u011f\u0131z. K\u0131br\u0131s meselesinin \u00e7\u00f6z\u00fcm\u00fcyle ilgili geli\u015fmeler bunlardan biri olacak. T\u00fcrkiye ile Yunanistan aras\u0131ndaki \u00f6n g\u00f6r\u00fc\u015fmeler bir ba\u015fkas\u0131 olacak. Libya&#8217;daki durum ve T\u00fcrkiye i\u00e7indeki siyasi durumu da takip edece\u011fiz. T\u00fcrkiye ile ilgili birka\u00e7 g\u00f6stergeyi izleyece\u011fiz. \u015eu ana kadar iyi ve olumlu olanlar var, olumsuz olanlar var. T\u00fcrkiye&#8217;nin de olumlu bir hava i\u00e7inde oldu\u011fundan ve Suriyeli m\u00fcltecilere destek gibi bir\u00e7ok nedenle y\u00fcr\u00fctmemiz gereken m\u00fczakereleri ciddi \u015fekilde y\u00fcr\u00fctmek isteyip istemedi\u011finden emin olmak i\u00e7in izlemeyi s\u00fcrd\u00fcrmek zorunday\u0131z&#8221; dedi.<\/p>\n<h3 class=\"fi-incontent-mark\">&#8220;\u00c7in yapt\u0131r\u0131m\u0131 kabul edilemez&#8221;<\/h3>\n<p>Avrupa Birli\u011fi D\u0131\u015fi\u015fleri Bakanlar\u0131, \u00c7in\u2019in Sincan b\u00f6lgesindeki Uygur T\u00fcrklerine y\u00f6nelik bask\u0131dan dolay\u0131 yeni AB K\u00fcresel \u0130nsan Haklar\u0131 Yapt\u0131r\u0131m Rejimi \u00e7er\u00e7evesinde 4 \u00c7inli yetkiliye ve 1 kuruma yapt\u0131r\u0131m uygulama karar\u0131 alm\u0131\u015ft\u0131. \u00c7in ise, AB\u2019nin yapt\u0131r\u0131m karar\u0131n\u0131n ard\u0131ndan 10 Avrupa Parlamentosu \u00fcyesine ve 4 kuruma misilleme yaparak yapt\u0131r\u0131m uygulayaca\u011f\u0131n\u0131 a\u00e7\u0131klam\u0131\u015ft\u0131. Borrell, &#8220;Toplant\u0131 s\u0131ras\u0131nda \u00c7in&#8217;in me\u015fru kayg\u0131lar\u0131 gidermek ve politikas\u0131n\u0131 de\u011fi\u015ftirmek yerine bu yapt\u0131r\u0131mlara misilleme yapt\u0131\u011f\u0131n\u0131 \u00f6\u011frendik. Bu tedbirler \u00fcz\u00fcc\u00fc ve kabul edilemez. AB&#8217;nin insan haklar\u0131n\u0131 korumadaki kararl\u0131l\u0131\u011f\u0131nda bir de\u011fi\u015fiklik olmayacak&#8221; ifadelerini kulland\u0131.<\/p>\n<p data-kiosked-context-name=\"kskdUIContext_01f1f4qmtkr66a3jn3jjwpypts\">Borrell ayr\u0131ca, Kuzey Kore, Libya, G\u00fcney Sudan ve Eritre&#8217;nin de yapt\u0131r\u0131mlarla kar\u015f\u0131la\u015faca\u011f\u0131n\u0131 duyurdu.<\/p>\n<p><em><strong>https:\/\/t24.com.tr\/haber\/ab-yuksek-temsilcisi-borrell-yaza-kadar-turkiye-nin-tutumunu-yakindan-takip-etmeyi-surdurecegiz,940821\u00a0<\/strong><\/em><\/p>\n","protected":false},"excerpt":{"rendered":"<p>Avrupa Birli\u011fi (AB) D\u0131\u015f \u0130li\u015fkiler ve G\u00fcvenlik Politikas\u0131 Y\u00fcksek Temsilcisi\u00a0Josep Borrell, T\u00fcrkiye ile iyi ili\u015fkiler geli\u015ftirmek istediklerini belirterek, T\u00fcrkiye&#8217;yi yaza kadar takip edeceklerini bildirdi. \u00d6te yandan Borell, &#8220;Halklar\u0131n Demokratik Partisi&#8217;ni kapatma giri\u015fimi ba\u015fta olmak \u00fczere\u00a0\u0130stanbul S\u00f6zle\u015fmesi&#8217;nden \u00e7\u0131k\u0131lm\u0131\u015f olmas\u0131 kayg\u0131 verici. Buna ili\u015fkin hafta sonu boyunca gerekli a\u00e7\u0131klamalar\u0131 yapt\u0131k zaten. Bu t\u00fcr geli\u015fmeler T\u00fcrkiye&#8217;yi AB yolundan [&hellip;]<\/p>\n","protected":false},"author":7,"featured_media":62012,"comment_status":"open","ping_status":"open","sticky":false,"template":"","format":"standard","meta":{"footnotes":""},"categories":[1],"tags":[],"class_list":["post-62011","post","type-post","status-publish","format-standard","has-post-thumbnail","hentry","category-haberler"],"yoast_head":"<!-- This site is optimized with the Yoast SEO plugin v27.4 - https:\/\/yoast.com\/product\/yoast-seo-wordpress\/ -->\n<title>AB Y\u00fcksek Temsilcisi Borrell: Yaza kadar T\u00fcrkiye&#039;nin tutumunu yak\u0131ndan takip etmeyi s\u00fcrd\u00fcrece\u011fiz - Bati Ermenistan Ve Bati Ermenileri Sorunlari Ara\u015ftirmalar Merkezi<\/title>\n<meta name=\"robots\" content=\"index, follow, max-snippet:-1, max-image-preview:large, max-video-preview:-1\" \/>\n<link rel=\"canonical\" href=\"https:\/\/akunq.net\/tr\/?p=62011\" \/>\n<meta property=\"og:locale\" content=\"en_US\" \/>\n<meta property=\"og:type\" content=\"article\" \/>\n<meta property=\"og:title\" content=\"AB Y\u00fcksek Temsilcisi Borrell: Yaza kadar T\u00fcrkiye&#039;nin tutumunu yak\u0131ndan takip etmeyi s\u00fcrd\u00fcrece\u011fiz - Bati Ermenistan Ve Bati Ermenileri Sorunlari Ara\u015ftirmalar Merkezi\" \/>\n<meta property=\"og:description\" content=\"Avrupa Birli\u011fi (AB) D\u0131\u015f \u0130li\u015fkiler ve G\u00fcvenlik Politikas\u0131 Y\u00fcksek Temsilcisi\u00a0Josep Borrell, T\u00fcrkiye ile iyi ili\u015fkiler geli\u015ftirmek istediklerini belirterek, T\u00fcrkiye&#8217;yi yaza kadar takip edeceklerini bildirdi. \u00d6te yandan Borell, &#8220;Halklar\u0131n Demokratik Partisi&#8217;ni kapatma giri\u015fimi ba\u015fta olmak \u00fczere\u00a0\u0130stanbul S\u00f6zle\u015fmesi&#8217;nden \u00e7\u0131k\u0131lm\u0131\u015f olmas\u0131 kayg\u0131 verici. Buna ili\u015fkin hafta sonu boyunca gerekli a\u00e7\u0131klamalar\u0131 yapt\u0131k zaten. Bu t\u00fcr geli\u015fmeler T\u00fcrkiye&#8217;yi AB yolundan [&hellip;]\" \/>\n<meta property=\"og:url\" content=\"https:\/\/akunq.net\/tr\/?p=62011\" \/>\n<meta property=\"og:site_name\" content=\"Bati Ermenistan Ve Bati Ermenileri Sorunlari Ara\u015ftirmalar Merkezi\" \/>\n<meta property=\"article:published_time\" content=\"2021-03-23T08:57:00+00:00\" \/>\n<meta property=\"og:image\" content=\"https:\/\/akunq.net\/tr\/wp-content\/uploads\/sites\/6\/2021\/03\/Joseph-Borell.jpg\" \/>\n\t<meta property=\"og:image:width\" content=\"1200\" \/>\n\t<meta property=\"og:image:height\" content=\"752\" \/>\n\t<meta property=\"og:image:type\" content=\"image\/jpeg\" \/>\n<meta name=\"author\" content=\"admin\" \/>\n<meta name=\"twitter:card\" content=\"summary_large_image\" \/>\n<meta name=\"twitter:label1\" content=\"Written by\" \/>\n\t<meta name=\"twitter:data1\" content=\"admin\" \/>\n\t<meta name=\"twitter:label2\" content=\"Est. reading time\" \/>\n\t<meta name=\"twitter:data2\" content=\"3 minutes\" \/>\n<script type=\"application\/ld+json\" class=\"yoast-schema-graph\">{\"@context\":\"https:\\\/\\\/schema.org\",\"@graph\":[{\"@type\":\"Article\",\"@id\":\"https:\\\/\\\/akunq.net\\\/tr\\\/?p=62011#article\",\"isPartOf\":{\"@id\":\"https:\\\/\\\/akunq.net\\\/tr\\\/?p=62011\"},\"author\":{\"name\":\"admin\",\"@id\":\"https:\\\/\\\/akunq.net\\\/tr\\\/#\\\/schema\\\/person\\\/096f1d38a12cce57fb855b485ed24c9e\"},\"headline\":\"AB Y\u00fcksek Temsilcisi Borrell: Yaza kadar T\u00fcrkiye&#8217;nin tutumunu yak\u0131ndan takip etmeyi s\u00fcrd\u00fcrece\u011fiz\",\"datePublished\":\"2021-03-23T08:57:00+00:00\",\"mainEntityOfPage\":{\"@id\":\"https:\\\/\\\/akunq.net\\\/tr\\\/?p=62011\"},\"wordCount\":632,\"commentCount\":0,\"image\":{\"@id\":\"https:\\\/\\\/akunq.net\\\/tr\\\/?p=62011#primaryimage\"},\"thumbnailUrl\":\"https:\\\/\\\/akunq.net\\\/tr\\\/wp-content\\\/uploads\\\/sites\\\/6\\\/2021\\\/03\\\/Joseph-Borell.jpg\",\"articleSection\":[\"Haberler\"],\"inLanguage\":\"en-US\",\"potentialAction\":[{\"@type\":\"CommentAction\",\"name\":\"Comment\",\"target\":[\"https:\\\/\\\/akunq.net\\\/tr\\\/?p=62011#respond\"]}]},{\"@type\":\"WebPage\",\"@id\":\"https:\\\/\\\/akunq.net\\\/tr\\\/?p=62011\",\"url\":\"https:\\\/\\\/akunq.net\\\/tr\\\/?p=62011\",\"name\":\"AB Y\u00fcksek Temsilcisi Borrell: Yaza kadar T\u00fcrkiye'nin tutumunu yak\u0131ndan takip etmeyi s\u00fcrd\u00fcrece\u011fiz - Bati Ermenistan Ve Bati Ermenileri Sorunlari Ara\u015ftirmalar Merkezi\",\"isPartOf\":{\"@id\":\"https:\\\/\\\/akunq.net\\\/tr\\\/#website\"},\"primaryImageOfPage\":{\"@id\":\"https:\\\/\\\/akunq.net\\\/tr\\\/?p=62011#primaryimage\"},\"image\":{\"@id\":\"https:\\\/\\\/akunq.net\\\/tr\\\/?p=62011#primaryimage\"},\"thumbnailUrl\":\"https:\\\/\\\/akunq.net\\\/tr\\\/wp-content\\\/uploads\\\/sites\\\/6\\\/2021\\\/03\\\/Joseph-Borell.jpg\",\"datePublished\":\"2021-03-23T08:57:00+00:00\",\"author\":{\"@id\":\"https:\\\/\\\/akunq.net\\\/tr\\\/#\\\/schema\\\/person\\\/096f1d38a12cce57fb855b485ed24c9e\"},\"breadcrumb\":{\"@id\":\"https:\\\/\\\/akunq.net\\\/tr\\\/?p=62011#breadcrumb\"},\"inLanguage\":\"en-US\",\"potentialAction\":[{\"@type\":\"ReadAction\",\"target\":[\"https:\\\/\\\/akunq.net\\\/tr\\\/?p=62011\"]}]},{\"@type\":\"ImageObject\",\"inLanguage\":\"en-US\",\"@id\":\"https:\\\/\\\/akunq.net\\\/tr\\\/?p=62011#primaryimage\",\"url\":\"https:\\\/\\\/akunq.net\\\/tr\\\/wp-content\\\/uploads\\\/sites\\\/6\\\/2021\\\/03\\\/Joseph-Borell.jpg\",\"contentUrl\":\"https:\\\/\\\/akunq.net\\\/tr\\\/wp-content\\\/uploads\\\/sites\\\/6\\\/2021\\\/03\\\/Joseph-Borell.jpg\",\"width\":1200,\"height\":752},{\"@type\":\"BreadcrumbList\",\"@id\":\"https:\\\/\\\/akunq.net\\\/tr\\\/?p=62011#breadcrumb\",\"itemListElement\":[{\"@type\":\"ListItem\",\"position\":1,\"name\":\"Home\",\"item\":\"https:\\\/\\\/akunq.net\\\/tr\"},{\"@type\":\"ListItem\",\"position\":2,\"name\":\"AB Y\u00fcksek Temsilcisi Borrell: Yaza kadar T\u00fcrkiye&#8217;nin tutumunu yak\u0131ndan takip etmeyi s\u00fcrd\u00fcrece\u011fiz\"}]},{\"@type\":\"WebSite\",\"@id\":\"https:\\\/\\\/akunq.net\\\/tr\\\/#website\",\"url\":\"https:\\\/\\\/akunq.net\\\/tr\\\/\",\"name\":\"Bati Ermenistan Ve Bati Ermenileri Sorunlari Ara\u015ftirmalar Merkezi\",\"description\":\"\",\"potentialAction\":[{\"@type\":\"SearchAction\",\"target\":{\"@type\":\"EntryPoint\",\"urlTemplate\":\"https:\\\/\\\/akunq.net\\\/tr\\\/?s={search_term_string}\"},\"query-input\":{\"@type\":\"PropertyValueSpecification\",\"valueRequired\":true,\"valueName\":\"search_term_string\"}}],\"inLanguage\":\"en-US\"},{\"@type\":\"Person\",\"@id\":\"https:\\\/\\\/akunq.net\\\/tr\\\/#\\\/schema\\\/person\\\/096f1d38a12cce57fb855b485ed24c9e\",\"name\":\"admin\",\"url\":\"https:\\\/\\\/akunq.net\\\/tr\\\/?author=7\"}]}<\/script>\n<!-- \/ Yoast SEO plugin. -->","yoast_head_json":{"title":"AB Y\u00fcksek Temsilcisi Borrell: Yaza kadar T\u00fcrkiye'nin tutumunu yak\u0131ndan takip etmeyi s\u00fcrd\u00fcrece\u011fiz - Bati Ermenistan Ve Bati Ermenileri Sorunlari Ara\u015ftirmalar Merkezi","robots":{"index":"index","follow":"follow","max-snippet":"max-snippet:-1","max-image-preview":"max-image-preview:large","max-video-preview":"max-video-preview:-1"},"canonical":"https:\/\/akunq.net\/tr\/?p=62011","og_locale":"en_US","og_type":"article","og_title":"AB Y\u00fcksek Temsilcisi Borrell: Yaza kadar T\u00fcrkiye'nin tutumunu yak\u0131ndan takip etmeyi s\u00fcrd\u00fcrece\u011fiz - Bati Ermenistan Ve Bati Ermenileri Sorunlari Ara\u015ftirmalar Merkezi","og_description":"Avrupa Birli\u011fi (AB) D\u0131\u015f \u0130li\u015fkiler ve G\u00fcvenlik Politikas\u0131 Y\u00fcksek Temsilcisi\u00a0Josep Borrell, T\u00fcrkiye ile iyi ili\u015fkiler geli\u015ftirmek istediklerini belirterek, T\u00fcrkiye&#8217;yi yaza kadar takip edeceklerini bildirdi. \u00d6te yandan Borell, &#8220;Halklar\u0131n Demokratik Partisi&#8217;ni kapatma giri\u015fimi ba\u015fta olmak \u00fczere\u00a0\u0130stanbul S\u00f6zle\u015fmesi&#8217;nden \u00e7\u0131k\u0131lm\u0131\u015f olmas\u0131 kayg\u0131 verici. Buna ili\u015fkin hafta sonu boyunca gerekli a\u00e7\u0131klamalar\u0131 yapt\u0131k zaten. Bu t\u00fcr geli\u015fmeler T\u00fcrkiye&#8217;yi AB yolundan [&hellip;]","og_url":"https:\/\/akunq.net\/tr\/?p=62011","og_site_name":"Bati Ermenistan Ve Bati Ermenileri Sorunlari Ara\u015ftirmalar Merkezi","article_published_time":"2021-03-23T08:57:00+00:00","og_image":[{"width":1200,"height":752,"url":"https:\/\/akunq.net\/tr\/wp-content\/uploads\/sites\/6\/2021\/03\/Joseph-Borell.jpg","type":"image\/jpeg"}],"author":"admin","twitter_card":"summary_large_image","twitter_misc":{"Written by":"admin","Est. reading time":"3 minutes"},"schema":{"@context":"https:\/\/schema.org","@graph":[{"@type":"Article","@id":"https:\/\/akunq.net\/tr\/?p=62011#article","isPartOf":{"@id":"https:\/\/akunq.net\/tr\/?p=62011"},"author":{"name":"admin","@id":"https:\/\/akunq.net\/tr\/#\/schema\/person\/096f1d38a12cce57fb855b485ed24c9e"},"headline":"AB Y\u00fcksek Temsilcisi Borrell: Yaza kadar T\u00fcrkiye&#8217;nin tutumunu yak\u0131ndan takip etmeyi s\u00fcrd\u00fcrece\u011fiz","datePublished":"2021-03-23T08:57:00+00:00","mainEntityOfPage":{"@id":"https:\/\/akunq.net\/tr\/?p=62011"},"wordCount":632,"commentCount":0,"image":{"@id":"https:\/\/akunq.net\/tr\/?p=62011#primaryimage"},"thumbnailUrl":"https:\/\/akunq.net\/tr\/wp-content\/uploads\/sites\/6\/2021\/03\/Joseph-Borell.jpg","articleSection":["Haberler"],"inLanguage":"en-US","potentialAction":[{"@type":"CommentAction","name":"Comment","target":["https:\/\/akunq.net\/tr\/?p=62011#respond"]}]},{"@type":"WebPage","@id":"https:\/\/akunq.net\/tr\/?p=62011","url":"https:\/\/akunq.net\/tr\/?p=62011","name":"AB Y\u00fcksek Temsilcisi Borrell: Yaza kadar T\u00fcrkiye'nin tutumunu yak\u0131ndan takip etmeyi s\u00fcrd\u00fcrece\u011fiz - Bati Ermenistan Ve Bati Ermenileri Sorunlari Ara\u015ftirmalar Merkezi","isPartOf":{"@id":"https:\/\/akunq.net\/tr\/#website"},"primaryImageOfPage":{"@id":"https:\/\/akunq.net\/tr\/?p=62011#primaryimage"},"image":{"@id":"https:\/\/akunq.net\/tr\/?p=62011#primaryimage"},"thumbnailUrl":"https:\/\/akunq.net\/tr\/wp-content\/uploads\/sites\/6\/2021\/03\/Joseph-Borell.jpg","datePublished":"2021-03-23T08:57:00+00:00","author":{"@id":"https:\/\/akunq.net\/tr\/#\/schema\/person\/096f1d38a12cce57fb855b485ed24c9e"},"breadcrumb":{"@id":"https:\/\/akunq.net\/tr\/?p=62011#breadcrumb"},"inLanguage":"en-US","potentialAction":[{"@type":"ReadAction","target":["https:\/\/akunq.net\/tr\/?p=62011"]}]},{"@type":"ImageObject","inLanguage":"en-US","@id":"https:\/\/akunq.net\/tr\/?p=62011#primaryimage","url":"https:\/\/akunq.net\/tr\/wp-content\/uploads\/sites\/6\/2021\/03\/Joseph-Borell.jpg","contentUrl":"https:\/\/akunq.net\/tr\/wp-content\/uploads\/sites\/6\/2021\/03\/Joseph-Borell.jpg","width":1200,"height":752},{"@type":"BreadcrumbList","@id":"https:\/\/akunq.net\/tr\/?p=62011#breadcrumb","itemListElement":[{"@type":"ListItem","position":1,"name":"Home","item":"https:\/\/akunq.net\/tr"},{"@type":"ListItem","position":2,"name":"AB Y\u00fcksek Temsilcisi Borrell: Yaza kadar T\u00fcrkiye&#8217;nin tutumunu yak\u0131ndan takip etmeyi s\u00fcrd\u00fcrece\u011fiz"}]},{"@type":"WebSite","@id":"https:\/\/akunq.net\/tr\/#website","url":"https:\/\/akunq.net\/tr\/","name":"Bati Ermenistan Ve Bati Ermenileri Sorunlari Ara\u015ftirmalar Merkezi","description":"","potentialAction":[{"@type":"SearchAction","target":{"@type":"EntryPoint","urlTemplate":"https:\/\/akunq.net\/tr\/?s={search_term_string}"},"query-input":{"@type":"PropertyValueSpecification","valueRequired":true,"valueName":"search_term_string"}}],"inLanguage":"en-US"},{"@type":"Person","@id":"https:\/\/akunq.net\/tr\/#\/schema\/person\/096f1d38a12cce57fb855b485ed24c9e","name":"admin","url":"https:\/\/akunq.net\/tr\/?author=7"}]}},"_links":{"self":[{"href":"https:\/\/akunq.net\/tr\/index.php?rest_route=\/wp\/v2\/posts\/62011","targetHints":{"allow":["GET"]}}],"collection":[{"href":"https:\/\/akunq.net\/tr\/index.php?rest_route=\/wp\/v2\/posts"}],"about":[{"href":"https:\/\/akunq.net\/tr\/index.php?rest_route=\/wp\/v2\/types\/post"}],"author":[{"embeddable":true,"href":"https:\/\/akunq.net\/tr\/index.php?rest_route=\/wp\/v2\/users\/7"}],"replies":[{"embeddable":true,"href":"https:\/\/akunq.net\/tr\/index.php?rest_route=%2Fwp%2Fv2%2Fcomments&post=62011"}],"version-history":[{"count":1,"href":"https:\/\/akunq.net\/tr\/index.php?rest_route=\/wp\/v2\/posts\/62011\/revisions"}],"predecessor-version":[{"id":62013,"href":"https:\/\/akunq.net\/tr\/index.php?rest_route=\/wp\/v2\/posts\/62011\/revisions\/62013"}],"wp:featuredmedia":[{"embeddable":true,"href":"https:\/\/akunq.net\/tr\/index.php?rest_route=\/wp\/v2\/media\/62012"}],"wp:attachment":[{"href":"https:\/\/akunq.net\/tr\/index.php?rest_route=%2Fwp%2Fv2%2Fmedia&parent=62011"}],"wp:term":[{"taxonomy":"category","embeddable":true,"href":"https:\/\/akunq.net\/tr\/index.php?rest_route=%2Fwp%2Fv2%2Fcategories&post=62011"},{"taxonomy":"post_tag","embeddable":true,"href":"https:\/\/akunq.net\/tr\/index.php?rest_route=%2Fwp%2Fv2%2Ftags&post=62011"}],"curies":[{"name":"wp","href":"https:\/\/api.w.org\/{rel}","templated":true}]}}