{"id":62008,"date":"2021-03-23T02:53:23","date_gmt":"2021-03-23T07:53:23","guid":{"rendered":"https:\/\/akunq.net\/tr\/?p=62008"},"modified":"2021-03-23T02:53:23","modified_gmt":"2021-03-23T07:53:23","slug":"mimarlar-yahudi-mahallesi-yikim-tehdidi-altinda","status":"publish","type":"post","link":"https:\/\/akunq.net\/tr\/?p=62008","title":{"rendered":"Mimarlar: Yahudi Mahallesi y\u0131k\u0131m tehdidi alt\u0131nda"},"content":{"rendered":"<p><img loading=\"lazy\" decoding=\"async\" class=\"aligncenter size-medium wp-image-62009\" src=\"https:\/\/akunq.net\/tr\/wp-content\/uploads\/2021\/03\/Yahudi-Mahallesi-360x203.jpg\" alt=\"\" width=\"360\" height=\"203\" srcset=\"https:\/\/akunq.net\/tr\/wp-content\/uploads\/sites\/6\/2021\/03\/Yahudi-Mahallesi-360x203.jpg 360w, https:\/\/akunq.net\/tr\/wp-content\/uploads\/sites\/6\/2021\/03\/Yahudi-Mahallesi-768x432.jpg 768w, https:\/\/akunq.net\/tr\/wp-content\/uploads\/sites\/6\/2021\/03\/Yahudi-Mahallesi-560x315.jpg 560w, https:\/\/akunq.net\/tr\/wp-content\/uploads\/sites\/6\/2021\/03\/Yahudi-Mahallesi-260x146.jpg 260w, https:\/\/akunq.net\/tr\/wp-content\/uploads\/sites\/6\/2021\/03\/Yahudi-Mahallesi-160x90.jpg 160w, https:\/\/akunq.net\/tr\/wp-content\/uploads\/sites\/6\/2021\/03\/Yahudi-Mahallesi.jpg 1280w\" sizes=\"auto, (max-width: 360px) 100vw, 360px\" \/><\/p>\n<p><em><strong>Mimarlar Odas\u0131 Ankara \u015eubesi, \u00c7evre ve \u015eehircilik Bakanl\u0131\u011f\u0131 taraf\u0131ndan Ankara\u2019n\u0131n simge mekanlar\u0131n\u0131n yer ald\u0131\u011f\u0131 Yahudi Mahellesi\u2019nde kentsel d\u00f6n\u00fc\u015f\u00fcm s\u00fcreci ba\u015flat\u0131ld\u0131\u011f\u0131n\u0131 a\u00e7\u0131klad\u0131. Mahallenin tehdit alt\u0131nda oldu\u011funu belirten mimarlar, Ankara B\u00fcy\u00fck\u015fehir Belediyesi\u2019ne \u00e7a\u011fr\u0131 yapt\u0131.<\/strong><\/em><\/p>\n<p>ANKARA \u2013 Mimarlar Odas\u0131 Ankara \u015eubesi, Ankara\u2019n\u0131n \u00e7ok k\u00fclt\u00fcrl\u00fcl\u00fc\u011f\u00fcn\u00fcn simgesi olan tarihi Yahudi Mahallesi\u2019nin ve Ulus Tarihi Kent Merkezi\u2019nin y\u0131k\u0131m tehdidi alt\u0131nda oldu\u011funu duyurdu.<\/p>\n<p>Mimarlar Odas\u0131 Ankara \u015eube Ba\u015fkan\u0131 Tezcan Karaku\u015f Candan, \u00c7evre \u015eehircilik Bakanl\u0131\u011f\u0131 ve Alt\u0131nda\u011f Belediyesi\u2019nin Yahudi Mahallesi, Hac\u0131 Bayram Mahallesi, Kale Mahallesi ve Hergelen Meydan\u0131\u2019nda 4 etapl\u0131k kentsel d\u00f6n\u00fc\u015f\u00fcm projesi i\u00e7in yerinde incelemelerde bulunmas\u0131na dikkat \u00e7ekerek, s\u00fcrece Ankara B\u00fcy\u00fck\u015fehir Belediyesi\u2019nin m\u00fcdahil olmamas\u0131na tepki g\u00f6sterdi.<\/p>\n<p><strong>\u2018VARLIKLARIMIZIN YOK ED\u0130LMES\u0130 TEHD\u0130D\u0130\u2019<\/strong><\/p>\n<p>\u00c7evre ve \u015eehircilik Bakanl\u0131\u011f\u0131\u2019n\u0131n Ulus Tarihi Kent Merkezi\u2019nde tarihi ve k\u00fclt\u00fcrel varl\u0131klar\u0131 tehdit eden bir kentsel d\u00f6n\u00fc\u015f\u00fcm s\u00fcreci ba\u015flatt\u0131\u011f\u0131n\u0131 ifade eden Candan konuya ili\u015fkin yapt\u0131\u011f\u0131 a\u00e7\u0131klamada, \u201cAnkara B\u00fcy\u00fck\u015fehir Belediyesi\u2019nin sorumluluk alan\u0131nda olan yerlerde s\u00fcrece neden m\u00fcdahil olmuyor? Benzer bir durumu Cumhuriyet d\u00f6neminin ilk toplu konut alan\u0131 olan Sara\u00e7o\u011flu Mahallesi\u2019nde de g\u00f6rd\u00fck. B\u00fcy\u00fck\u015fehir Belediyesi kentin en de\u011ferli varl\u0131klar\u0131ndan ve sorumlulu\u011fu bulundu\u011fu kentsel alanlardan vaz m\u0131 ge\u00e7iyor?\u201d dedi.<\/p>\n<p>Bakanl\u0131\u011f\u0131n Yahudi Mahallesi\u2019ne ili\u015fkin d\u00f6n\u00fc\u015f\u00fcm \u00e7al\u0131\u015fmalar\u0131n\u0131n anlam\u0131na dair, \u201cRestorasyon ad\u0131 alt\u0131nda \u00f6zg\u00fcn de\u011ferlerinin bozulmas\u0131, insanlar\u0131n mallar\u0131n\u0131n gasp edilmesi ve k\u00fclt\u00fcr varl\u0131klar\u0131m\u0131z\u0131n yok edilmesi tehdidini beraberinde getiriyor\u201d diyen Candan \u015funlar\u0131 kaydetti:<\/p>\n<p>YAHUD\u0130 MAHALLES\u0130 TEHD\u0130T ALTINDA: Ku\u015fku uyand\u0131ran yang\u0131nlar\u0131n \u00e7\u0131kt\u0131\u011f\u0131 Yahudi Mahallesi\u2019nde bir kentsel d\u00f6n\u00fc\u015f\u00fcm haz\u0131rl\u0131\u011f\u0131n\u0131n ne anlama geldi\u011fi de \u00e7ok a\u00e7\u0131kt\u0131r. Yahudi Mahallesi\u2019nde ku\u015fku uyand\u0131ran yang\u0131nlar, Ulus, Kale ve Kayaba\u015f\u0131 b\u00f6lgesinde yap\u0131lmas\u0131 planlanan d\u00f6n\u00fc\u015f\u00fcmden ayr\u0131 de\u011fildir. Bizatihi kendisidir, Ankara\u2019n\u0131n \u00e7ok k\u00fclt\u00fcrl\u00fcl\u00fc\u011f\u00fcn\u00fcn k\u00fclt\u00fcrel varl\u0131klar\u0131n\u0131 bar\u0131nd\u0131ran Yahudi Mahallesi uzun s\u00fcredir, korumas\u0131z, bak\u0131ms\u0131z ve tehdit alt\u0131nda. Ulus\u2019ta \u0130ller Bankas\u0131\u2019n\u0131n y\u0131k\u0131lmas\u0131 ve Cumhuriyetin temsil aks\u0131 \u00fczerine ihtiya\u00e7 olmayan, alt\u0131 al\u0131\u015fveri\u015f merkezi olan devasa cami yap\u0131lmas\u0131 ile ba\u015flayan sonra b\u00f6lgede esnaf\u0131n t\u00fcm isyan\u0131na ra\u011fmen, yurt yapmak i\u00e7in riskli alan ve acele kamula\u015ft\u0131rma karar\u0131 ile devam edilen siyasal ve rantsal d\u00f6n\u00fc\u015f\u00fcm s\u00fcrecinin devam\u0131 niteli\u011findedir.<\/p>\n<p>TESC\u0130LE DE\u011eER YAPILAR VAR: Ulus Tarihi Kent Merkezi par\u00e7a par\u00e7a ele al\u0131namaz, koruma ama\u00e7l\u0131 imar plan\u0131n\u0131n yap\u0131lmas\u0131 elzemdir. Ankara B\u00fcy\u00fck\u015fehir Belediyesi, Koruma Ama\u00e7l\u0131 \u0130mar Plan\u0131 yapmad\u0131\u011f\u0131 i\u00e7in par\u00e7ac\u0131l tahripkar m\u00fcdahalelerle Ankara\u2019n\u0131n en de\u011ferli tarihsel varl\u0131klar\u0131ndan olan Ulus Tarihi Kent Merkezini g\u00f6zden \u00e7\u0131kartm\u0131\u015f oluyor. Ulus, Alt\u0131nda\u011f Belediyesi ve \u00c7evre \u015eehircilik Bakanl\u0131\u011f\u0131n\u0131n tahripkar m\u00fcdahalesine terk ediliyor. \u015eimdi par\u00e7alanma ve yok edilme s\u00fcreci Yahudi Mahallesine geldi. Bu alan i\u00e7erisinde tescilli k\u00fclt\u00fcr varl\u0131klar\u0131 ve tescile de\u011fer yap\u0131lar var.<\/p>\n<p>ANKARA B\u00dcY\u00dcK\u015eEH\u0130R M\u00dcDAH\u0130L OLMALI: \u00d6nce \u0130tfaiye meydan\u0131nda riskli alan ve acele kamula\u015ft\u0131rma, yerinden etme yakla\u015f\u0131m\u0131yla hareket ettiler. \u015eimdi Yahudi Mahallesi, Alt\u0131nda\u011f Belediye binas\u0131n\u0131n y\u0131k\u0131m\u0131 ve Kayaba\u015f\u0131na kadar uzanan bu s\u00fcrece, Ankara B\u00fcy\u00fck\u015fehir Belediyesi ve K\u00fclt\u00fcr Varl\u0131klar\u0131 Dairesi m\u00fcdahil olmal\u0131d\u0131r. Ankara B\u00fcy\u00fck\u015fehir Belediyesi Ulus Tarihi Kent Merkezi Koruma Ama\u00e7l\u0131 \u0130mar Plan\u0131n\u0131 kat\u0131l\u0131mc\u0131 bir y\u00f6ntemle yapmal\u0131d\u0131r. Ankara\u2019n\u0131n tarihi ve k\u00fclt\u00fcrel de\u011ferlerinin t\u0131pk\u0131 Hamam\u00f6n\u00fc\u2019nde ki gibi m\u00fclkiyetler gasp edilerek, el de\u011fi\u015ftirilerek ranta yol a\u00e7\u0131lmas\u0131n\u0131n \u00f6n\u00fc kesilmelidir. Hukuksal s\u00fcre\u00e7lerimiz devam ederken, Ulus Tarihi Kent Merkezi\u2019nin tarihsel dokusunun par\u00e7al\u0131 m\u00fcdahalelerle korunmamas\u0131, sessiz kal\u0131nmas\u0131 kabul edilemez. Ankara B\u00fcy\u00fck\u015fehir Belediyesini \u0130tfaiye Meydan\u0131nda, Yahudi Mahallesinde, Sara\u00e7o\u011flu Mahallesinde s\u00fcre giden m\u00fcdahalelere ili\u015fkin suskunlu\u011funu bozmaya davet ediyoruz. Aksi durumda Una Muno\u2019nun dedi\u011fi gibi \u201csusmak onaylamakt\u0131r.\u201d<\/p>\n<hr \/>\n<p><strong><em><a href=\"https:\/\/www.gazeteduvar.com.tr\/mimarlar-yahudi-mahallesi-yikim-tehdidi-altinda-haber-1516862\" target=\"_blank\" rel=\"noopener noreferrer\">Gazete Duvar<\/a><\/em><\/strong><\/p>\n","protected":false},"excerpt":{"rendered":"<p>Mimarlar Odas\u0131 Ankara \u015eubesi, \u00c7evre ve \u015eehircilik Bakanl\u0131\u011f\u0131 taraf\u0131ndan Ankara\u2019n\u0131n simge mekanlar\u0131n\u0131n yer ald\u0131\u011f\u0131 Yahudi Mahellesi\u2019nde kentsel d\u00f6n\u00fc\u015f\u00fcm s\u00fcreci ba\u015flat\u0131ld\u0131\u011f\u0131n\u0131 a\u00e7\u0131klad\u0131. Mahallenin tehdit alt\u0131nda oldu\u011funu belirten mimarlar, Ankara B\u00fcy\u00fck\u015fehir Belediyesi\u2019ne \u00e7a\u011fr\u0131 yapt\u0131. ANKARA \u2013 Mimarlar Odas\u0131 Ankara \u015eubesi, Ankara\u2019n\u0131n \u00e7ok k\u00fclt\u00fcrl\u00fcl\u00fc\u011f\u00fcn\u00fcn simgesi olan tarihi Yahudi Mahallesi\u2019nin ve Ulus Tarihi Kent Merkezi\u2019nin y\u0131k\u0131m tehdidi alt\u0131nda oldu\u011funu [&hellip;]<\/p>\n","protected":false},"author":7,"featured_media":62009,"comment_status":"open","ping_status":"open","sticky":false,"template":"","format":"standard","meta":{"footnotes":""},"categories":[1],"tags":[],"class_list":["post-62008","post","type-post","status-publish","format-standard","has-post-thumbnail","hentry","category-haberler"],"yoast_head":"<!-- This site is optimized with the Yoast SEO plugin v27.4 - https:\/\/yoast.com\/product\/yoast-seo-wordpress\/ -->\n<title>Mimarlar: Yahudi Mahallesi y\u0131k\u0131m tehdidi alt\u0131nda - Bati Ermenistan Ve Bati Ermenileri Sorunlari Ara\u015ftirmalar Merkezi<\/title>\n<meta name=\"robots\" content=\"index, follow, max-snippet:-1, max-image-preview:large, max-video-preview:-1\" \/>\n<link rel=\"canonical\" href=\"https:\/\/akunq.net\/tr\/?p=62008\" \/>\n<meta property=\"og:locale\" content=\"en_US\" \/>\n<meta property=\"og:type\" content=\"article\" \/>\n<meta property=\"og:title\" content=\"Mimarlar: Yahudi Mahallesi y\u0131k\u0131m tehdidi alt\u0131nda - Bati Ermenistan Ve Bati Ermenileri Sorunlari Ara\u015ftirmalar Merkezi\" \/>\n<meta property=\"og:description\" content=\"Mimarlar Odas\u0131 Ankara \u015eubesi, \u00c7evre ve \u015eehircilik Bakanl\u0131\u011f\u0131 taraf\u0131ndan Ankara\u2019n\u0131n simge mekanlar\u0131n\u0131n yer ald\u0131\u011f\u0131 Yahudi Mahellesi\u2019nde kentsel d\u00f6n\u00fc\u015f\u00fcm s\u00fcreci ba\u015flat\u0131ld\u0131\u011f\u0131n\u0131 a\u00e7\u0131klad\u0131. Mahallenin tehdit alt\u0131nda oldu\u011funu belirten mimarlar, Ankara B\u00fcy\u00fck\u015fehir Belediyesi\u2019ne \u00e7a\u011fr\u0131 yapt\u0131. ANKARA \u2013 Mimarlar Odas\u0131 Ankara \u015eubesi, Ankara\u2019n\u0131n \u00e7ok k\u00fclt\u00fcrl\u00fcl\u00fc\u011f\u00fcn\u00fcn simgesi olan tarihi Yahudi Mahallesi\u2019nin ve Ulus Tarihi Kent Merkezi\u2019nin y\u0131k\u0131m tehdidi alt\u0131nda oldu\u011funu [&hellip;]\" \/>\n<meta property=\"og:url\" content=\"https:\/\/akunq.net\/tr\/?p=62008\" \/>\n<meta property=\"og:site_name\" content=\"Bati Ermenistan Ve Bati Ermenileri Sorunlari Ara\u015ftirmalar Merkezi\" \/>\n<meta property=\"article:published_time\" content=\"2021-03-23T07:53:23+00:00\" \/>\n<meta property=\"og:image\" content=\"https:\/\/akunq.net\/tr\/wp-content\/uploads\/sites\/6\/2021\/03\/Yahudi-Mahallesi.jpg\" \/>\n\t<meta property=\"og:image:width\" content=\"1280\" \/>\n\t<meta property=\"og:image:height\" content=\"720\" \/>\n\t<meta property=\"og:image:type\" content=\"image\/jpeg\" \/>\n<meta name=\"author\" content=\"admin\" \/>\n<meta name=\"twitter:card\" content=\"summary_large_image\" \/>\n<meta name=\"twitter:label1\" content=\"Written by\" \/>\n\t<meta name=\"twitter:data1\" content=\"admin\" \/>\n\t<meta name=\"twitter:label2\" content=\"Est. reading time\" \/>\n\t<meta name=\"twitter:data2\" content=\"4 minutes\" \/>\n<script type=\"application\/ld+json\" class=\"yoast-schema-graph\">{\"@context\":\"https:\\\/\\\/schema.org\",\"@graph\":[{\"@type\":\"Article\",\"@id\":\"https:\\\/\\\/akunq.net\\\/tr\\\/?p=62008#article\",\"isPartOf\":{\"@id\":\"https:\\\/\\\/akunq.net\\\/tr\\\/?p=62008\"},\"author\":{\"name\":\"admin\",\"@id\":\"https:\\\/\\\/akunq.net\\\/tr\\\/#\\\/schema\\\/person\\\/096f1d38a12cce57fb855b485ed24c9e\"},\"headline\":\"Mimarlar: Yahudi Mahallesi y\u0131k\u0131m tehdidi alt\u0131nda\",\"datePublished\":\"2021-03-23T07:53:23+00:00\",\"mainEntityOfPage\":{\"@id\":\"https:\\\/\\\/akunq.net\\\/tr\\\/?p=62008\"},\"wordCount\":768,\"commentCount\":0,\"image\":{\"@id\":\"https:\\\/\\\/akunq.net\\\/tr\\\/?p=62008#primaryimage\"},\"thumbnailUrl\":\"https:\\\/\\\/akunq.net\\\/tr\\\/wp-content\\\/uploads\\\/sites\\\/6\\\/2021\\\/03\\\/Yahudi-Mahallesi.jpg\",\"articleSection\":[\"Haberler\"],\"inLanguage\":\"en-US\",\"potentialAction\":[{\"@type\":\"CommentAction\",\"name\":\"Comment\",\"target\":[\"https:\\\/\\\/akunq.net\\\/tr\\\/?p=62008#respond\"]}]},{\"@type\":\"WebPage\",\"@id\":\"https:\\\/\\\/akunq.net\\\/tr\\\/?p=62008\",\"url\":\"https:\\\/\\\/akunq.net\\\/tr\\\/?p=62008\",\"name\":\"Mimarlar: Yahudi Mahallesi y\u0131k\u0131m tehdidi alt\u0131nda - Bati Ermenistan Ve Bati Ermenileri Sorunlari Ara\u015ftirmalar Merkezi\",\"isPartOf\":{\"@id\":\"https:\\\/\\\/akunq.net\\\/tr\\\/#website\"},\"primaryImageOfPage\":{\"@id\":\"https:\\\/\\\/akunq.net\\\/tr\\\/?p=62008#primaryimage\"},\"image\":{\"@id\":\"https:\\\/\\\/akunq.net\\\/tr\\\/?p=62008#primaryimage\"},\"thumbnailUrl\":\"https:\\\/\\\/akunq.net\\\/tr\\\/wp-content\\\/uploads\\\/sites\\\/6\\\/2021\\\/03\\\/Yahudi-Mahallesi.jpg\",\"datePublished\":\"2021-03-23T07:53:23+00:00\",\"author\":{\"@id\":\"https:\\\/\\\/akunq.net\\\/tr\\\/#\\\/schema\\\/person\\\/096f1d38a12cce57fb855b485ed24c9e\"},\"breadcrumb\":{\"@id\":\"https:\\\/\\\/akunq.net\\\/tr\\\/?p=62008#breadcrumb\"},\"inLanguage\":\"en-US\",\"potentialAction\":[{\"@type\":\"ReadAction\",\"target\":[\"https:\\\/\\\/akunq.net\\\/tr\\\/?p=62008\"]}]},{\"@type\":\"ImageObject\",\"inLanguage\":\"en-US\",\"@id\":\"https:\\\/\\\/akunq.net\\\/tr\\\/?p=62008#primaryimage\",\"url\":\"https:\\\/\\\/akunq.net\\\/tr\\\/wp-content\\\/uploads\\\/sites\\\/6\\\/2021\\\/03\\\/Yahudi-Mahallesi.jpg\",\"contentUrl\":\"https:\\\/\\\/akunq.net\\\/tr\\\/wp-content\\\/uploads\\\/sites\\\/6\\\/2021\\\/03\\\/Yahudi-Mahallesi.jpg\",\"width\":1280,\"height\":720},{\"@type\":\"BreadcrumbList\",\"@id\":\"https:\\\/\\\/akunq.net\\\/tr\\\/?p=62008#breadcrumb\",\"itemListElement\":[{\"@type\":\"ListItem\",\"position\":1,\"name\":\"Home\",\"item\":\"https:\\\/\\\/akunq.net\\\/tr\"},{\"@type\":\"ListItem\",\"position\":2,\"name\":\"Mimarlar: Yahudi Mahallesi y\u0131k\u0131m tehdidi alt\u0131nda\"}]},{\"@type\":\"WebSite\",\"@id\":\"https:\\\/\\\/akunq.net\\\/tr\\\/#website\",\"url\":\"https:\\\/\\\/akunq.net\\\/tr\\\/\",\"name\":\"Bati Ermenistan Ve Bati Ermenileri Sorunlari Ara\u015ftirmalar Merkezi\",\"description\":\"\",\"potentialAction\":[{\"@type\":\"SearchAction\",\"target\":{\"@type\":\"EntryPoint\",\"urlTemplate\":\"https:\\\/\\\/akunq.net\\\/tr\\\/?s={search_term_string}\"},\"query-input\":{\"@type\":\"PropertyValueSpecification\",\"valueRequired\":true,\"valueName\":\"search_term_string\"}}],\"inLanguage\":\"en-US\"},{\"@type\":\"Person\",\"@id\":\"https:\\\/\\\/akunq.net\\\/tr\\\/#\\\/schema\\\/person\\\/096f1d38a12cce57fb855b485ed24c9e\",\"name\":\"admin\",\"url\":\"https:\\\/\\\/akunq.net\\\/tr\\\/?author=7\"}]}<\/script>\n<!-- \/ Yoast SEO plugin. -->","yoast_head_json":{"title":"Mimarlar: Yahudi Mahallesi y\u0131k\u0131m tehdidi alt\u0131nda - Bati Ermenistan Ve Bati Ermenileri Sorunlari Ara\u015ftirmalar Merkezi","robots":{"index":"index","follow":"follow","max-snippet":"max-snippet:-1","max-image-preview":"max-image-preview:large","max-video-preview":"max-video-preview:-1"},"canonical":"https:\/\/akunq.net\/tr\/?p=62008","og_locale":"en_US","og_type":"article","og_title":"Mimarlar: Yahudi Mahallesi y\u0131k\u0131m tehdidi alt\u0131nda - Bati Ermenistan Ve Bati Ermenileri Sorunlari Ara\u015ftirmalar Merkezi","og_description":"Mimarlar Odas\u0131 Ankara \u015eubesi, \u00c7evre ve \u015eehircilik Bakanl\u0131\u011f\u0131 taraf\u0131ndan Ankara\u2019n\u0131n simge mekanlar\u0131n\u0131n yer ald\u0131\u011f\u0131 Yahudi Mahellesi\u2019nde kentsel d\u00f6n\u00fc\u015f\u00fcm s\u00fcreci ba\u015flat\u0131ld\u0131\u011f\u0131n\u0131 a\u00e7\u0131klad\u0131. Mahallenin tehdit alt\u0131nda oldu\u011funu belirten mimarlar, Ankara B\u00fcy\u00fck\u015fehir Belediyesi\u2019ne \u00e7a\u011fr\u0131 yapt\u0131. ANKARA \u2013 Mimarlar Odas\u0131 Ankara \u015eubesi, Ankara\u2019n\u0131n \u00e7ok k\u00fclt\u00fcrl\u00fcl\u00fc\u011f\u00fcn\u00fcn simgesi olan tarihi Yahudi Mahallesi\u2019nin ve Ulus Tarihi Kent Merkezi\u2019nin y\u0131k\u0131m tehdidi alt\u0131nda oldu\u011funu [&hellip;]","og_url":"https:\/\/akunq.net\/tr\/?p=62008","og_site_name":"Bati Ermenistan Ve Bati Ermenileri Sorunlari Ara\u015ftirmalar Merkezi","article_published_time":"2021-03-23T07:53:23+00:00","og_image":[{"width":1280,"height":720,"url":"https:\/\/akunq.net\/tr\/wp-content\/uploads\/sites\/6\/2021\/03\/Yahudi-Mahallesi.jpg","type":"image\/jpeg"}],"author":"admin","twitter_card":"summary_large_image","twitter_misc":{"Written by":"admin","Est. reading time":"4 minutes"},"schema":{"@context":"https:\/\/schema.org","@graph":[{"@type":"Article","@id":"https:\/\/akunq.net\/tr\/?p=62008#article","isPartOf":{"@id":"https:\/\/akunq.net\/tr\/?p=62008"},"author":{"name":"admin","@id":"https:\/\/akunq.net\/tr\/#\/schema\/person\/096f1d38a12cce57fb855b485ed24c9e"},"headline":"Mimarlar: Yahudi Mahallesi y\u0131k\u0131m tehdidi alt\u0131nda","datePublished":"2021-03-23T07:53:23+00:00","mainEntityOfPage":{"@id":"https:\/\/akunq.net\/tr\/?p=62008"},"wordCount":768,"commentCount":0,"image":{"@id":"https:\/\/akunq.net\/tr\/?p=62008#primaryimage"},"thumbnailUrl":"https:\/\/akunq.net\/tr\/wp-content\/uploads\/sites\/6\/2021\/03\/Yahudi-Mahallesi.jpg","articleSection":["Haberler"],"inLanguage":"en-US","potentialAction":[{"@type":"CommentAction","name":"Comment","target":["https:\/\/akunq.net\/tr\/?p=62008#respond"]}]},{"@type":"WebPage","@id":"https:\/\/akunq.net\/tr\/?p=62008","url":"https:\/\/akunq.net\/tr\/?p=62008","name":"Mimarlar: Yahudi Mahallesi y\u0131k\u0131m tehdidi alt\u0131nda - Bati Ermenistan Ve Bati Ermenileri Sorunlari Ara\u015ftirmalar Merkezi","isPartOf":{"@id":"https:\/\/akunq.net\/tr\/#website"},"primaryImageOfPage":{"@id":"https:\/\/akunq.net\/tr\/?p=62008#primaryimage"},"image":{"@id":"https:\/\/akunq.net\/tr\/?p=62008#primaryimage"},"thumbnailUrl":"https:\/\/akunq.net\/tr\/wp-content\/uploads\/sites\/6\/2021\/03\/Yahudi-Mahallesi.jpg","datePublished":"2021-03-23T07:53:23+00:00","author":{"@id":"https:\/\/akunq.net\/tr\/#\/schema\/person\/096f1d38a12cce57fb855b485ed24c9e"},"breadcrumb":{"@id":"https:\/\/akunq.net\/tr\/?p=62008#breadcrumb"},"inLanguage":"en-US","potentialAction":[{"@type":"ReadAction","target":["https:\/\/akunq.net\/tr\/?p=62008"]}]},{"@type":"ImageObject","inLanguage":"en-US","@id":"https:\/\/akunq.net\/tr\/?p=62008#primaryimage","url":"https:\/\/akunq.net\/tr\/wp-content\/uploads\/sites\/6\/2021\/03\/Yahudi-Mahallesi.jpg","contentUrl":"https:\/\/akunq.net\/tr\/wp-content\/uploads\/sites\/6\/2021\/03\/Yahudi-Mahallesi.jpg","width":1280,"height":720},{"@type":"BreadcrumbList","@id":"https:\/\/akunq.net\/tr\/?p=62008#breadcrumb","itemListElement":[{"@type":"ListItem","position":1,"name":"Home","item":"https:\/\/akunq.net\/tr"},{"@type":"ListItem","position":2,"name":"Mimarlar: Yahudi Mahallesi y\u0131k\u0131m tehdidi alt\u0131nda"}]},{"@type":"WebSite","@id":"https:\/\/akunq.net\/tr\/#website","url":"https:\/\/akunq.net\/tr\/","name":"Bati Ermenistan Ve Bati Ermenileri Sorunlari Ara\u015ftirmalar Merkezi","description":"","potentialAction":[{"@type":"SearchAction","target":{"@type":"EntryPoint","urlTemplate":"https:\/\/akunq.net\/tr\/?s={search_term_string}"},"query-input":{"@type":"PropertyValueSpecification","valueRequired":true,"valueName":"search_term_string"}}],"inLanguage":"en-US"},{"@type":"Person","@id":"https:\/\/akunq.net\/tr\/#\/schema\/person\/096f1d38a12cce57fb855b485ed24c9e","name":"admin","url":"https:\/\/akunq.net\/tr\/?author=7"}]}},"_links":{"self":[{"href":"https:\/\/akunq.net\/tr\/index.php?rest_route=\/wp\/v2\/posts\/62008","targetHints":{"allow":["GET"]}}],"collection":[{"href":"https:\/\/akunq.net\/tr\/index.php?rest_route=\/wp\/v2\/posts"}],"about":[{"href":"https:\/\/akunq.net\/tr\/index.php?rest_route=\/wp\/v2\/types\/post"}],"author":[{"embeddable":true,"href":"https:\/\/akunq.net\/tr\/index.php?rest_route=\/wp\/v2\/users\/7"}],"replies":[{"embeddable":true,"href":"https:\/\/akunq.net\/tr\/index.php?rest_route=%2Fwp%2Fv2%2Fcomments&post=62008"}],"version-history":[{"count":1,"href":"https:\/\/akunq.net\/tr\/index.php?rest_route=\/wp\/v2\/posts\/62008\/revisions"}],"predecessor-version":[{"id":62010,"href":"https:\/\/akunq.net\/tr\/index.php?rest_route=\/wp\/v2\/posts\/62008\/revisions\/62010"}],"wp:featuredmedia":[{"embeddable":true,"href":"https:\/\/akunq.net\/tr\/index.php?rest_route=\/wp\/v2\/media\/62009"}],"wp:attachment":[{"href":"https:\/\/akunq.net\/tr\/index.php?rest_route=%2Fwp%2Fv2%2Fmedia&parent=62008"}],"wp:term":[{"taxonomy":"category","embeddable":true,"href":"https:\/\/akunq.net\/tr\/index.php?rest_route=%2Fwp%2Fv2%2Fcategories&post=62008"},{"taxonomy":"post_tag","embeddable":true,"href":"https:\/\/akunq.net\/tr\/index.php?rest_route=%2Fwp%2Fv2%2Ftags&post=62008"}],"curies":[{"name":"wp","href":"https:\/\/api.w.org\/{rel}","templated":true}]}}