{"id":62005,"date":"2021-03-23T02:45:04","date_gmt":"2021-03-23T07:45:04","guid":{"rendered":"https:\/\/akunq.net\/tr\/?p=62005"},"modified":"2021-03-23T02:45:04","modified_gmt":"2021-03-23T07:45:04","slug":"isfahan-ermenileri-muzik-muzesi","status":"publish","type":"post","link":"https:\/\/akunq.net\/tr\/?p=62005","title":{"rendered":"\u0130sfahan Ermenileri M\u00fczik M\u00fczesi"},"content":{"rendered":"<p><img loading=\"lazy\" decoding=\"async\" class=\"aligncenter size-medium wp-image-62006\" src=\"https:\/\/akunq.net\/tr\/wp-content\/uploads\/2021\/03\/\u0130sfahan-Ermenileri-M\u00fczik-M\u00fczesi-360x240.jpg\" alt=\"\" width=\"360\" height=\"240\" srcset=\"https:\/\/akunq.net\/tr\/wp-content\/uploads\/sites\/6\/2021\/03\/\u0130sfahan-Ermenileri-M\u00fczik-M\u00fczesi-360x240.jpg 360w, https:\/\/akunq.net\/tr\/wp-content\/uploads\/sites\/6\/2021\/03\/\u0130sfahan-Ermenileri-M\u00fczik-M\u00fczesi-768x512.jpg 768w, https:\/\/akunq.net\/tr\/wp-content\/uploads\/sites\/6\/2021\/03\/\u0130sfahan-Ermenileri-M\u00fczik-M\u00fczesi-560x373.jpg 560w, https:\/\/akunq.net\/tr\/wp-content\/uploads\/sites\/6\/2021\/03\/\u0130sfahan-Ermenileri-M\u00fczik-M\u00fczesi-260x173.jpg 260w, https:\/\/akunq.net\/tr\/wp-content\/uploads\/sites\/6\/2021\/03\/\u0130sfahan-Ermenileri-M\u00fczik-M\u00fczesi-160x107.jpg 160w, https:\/\/akunq.net\/tr\/wp-content\/uploads\/sites\/6\/2021\/03\/\u0130sfahan-Ermenileri-M\u00fczik-M\u00fczesi.jpg 1280w\" sizes=\"auto, (max-width: 360px) 100vw, 360px\" \/><\/p>\n<p>\u0130sfahan, IRNA- \u0130sfahan kentinin Culfa b\u00f6lgesinde yer alan Ermeni M\u00fczik M\u00fczesi iki katl\u0131 bir binada yer almaktad\u0131r. M\u00fczede Ermeni kilisesinde kullan\u0131lan m\u00fczik aletlerinin yan\u0131nda kilisede nota yaz\u0131m \u00f6rnekleri ve di\u011fer Ermeni k\u00fclt\u00fcr\u00fc ile ilgili e\u015fya sergilenmektedir.<\/p>\n<hr \/>\n<p><em><strong><a href=\"https:\/\/tr.irna.ir\/photo\/84272043\/%C4%B0sfahan-Ermenileri-M%C3%BCzik-M%C3%BCzesi\" target=\"_blank\" rel=\"noopener noreferrer\">IRNA<\/a><\/strong><\/em><\/p>\n","protected":false},"excerpt":{"rendered":"<p>\u0130sfahan, IRNA- \u0130sfahan kentinin Culfa b\u00f6lgesinde yer alan Ermeni M\u00fczik M\u00fczesi iki katl\u0131 bir binada yer almaktad\u0131r. M\u00fczede Ermeni kilisesinde kullan\u0131lan m\u00fczik aletlerinin yan\u0131nda kilisede nota yaz\u0131m \u00f6rnekleri ve di\u011fer Ermeni k\u00fclt\u00fcr\u00fc ile ilgili e\u015fya sergilenmektedir. IRNA<\/p>\n","protected":false},"author":7,"featured_media":62006,"comment_status":"open","ping_status":"open","sticky":false,"template":"","format":"standard","meta":{"footnotes":""},"categories":[1],"tags":[],"class_list":["post-62005","post","type-post","status-publish","format-standard","has-post-thumbnail","hentry","category-haberler"],"yoast_head":"<!-- This site is optimized with the Yoast SEO plugin v27.4 - https:\/\/yoast.com\/product\/yoast-seo-wordpress\/ -->\n<title>\u0130sfahan Ermenileri M\u00fczik M\u00fczesi - Bati Ermenistan Ve Bati Ermenileri Sorunlari Ara\u015ftirmalar Merkezi<\/title>\n<meta name=\"robots\" content=\"index, follow, max-snippet:-1, max-image-preview:large, max-video-preview:-1\" \/>\n<link rel=\"canonical\" href=\"https:\/\/akunq.net\/tr\/?p=62005\" \/>\n<meta property=\"og:locale\" content=\"en_US\" \/>\n<meta property=\"og:type\" content=\"article\" \/>\n<meta property=\"og:title\" content=\"\u0130sfahan Ermenileri M\u00fczik M\u00fczesi - Bati Ermenistan Ve Bati Ermenileri Sorunlari Ara\u015ftirmalar Merkezi\" \/>\n<meta property=\"og:description\" content=\"\u0130sfahan, IRNA- \u0130sfahan kentinin Culfa b\u00f6lgesinde yer alan Ermeni M\u00fczik M\u00fczesi iki katl\u0131 bir binada yer almaktad\u0131r. M\u00fczede Ermeni kilisesinde kullan\u0131lan m\u00fczik aletlerinin yan\u0131nda kilisede nota yaz\u0131m \u00f6rnekleri ve di\u011fer Ermeni k\u00fclt\u00fcr\u00fc ile ilgili e\u015fya sergilenmektedir. IRNA\" \/>\n<meta property=\"og:url\" content=\"https:\/\/akunq.net\/tr\/?p=62005\" \/>\n<meta property=\"og:site_name\" content=\"Bati Ermenistan Ve Bati Ermenileri Sorunlari Ara\u015ftirmalar Merkezi\" \/>\n<meta property=\"article:published_time\" content=\"2021-03-23T07:45:04+00:00\" \/>\n<meta property=\"og:image\" content=\"https:\/\/akunq.net\/tr\/wp-content\/uploads\/sites\/6\/2021\/03\/\u0130sfahan-Ermenileri-M\u00fczik-M\u00fczesi.jpg\" \/>\n\t<meta property=\"og:image:width\" content=\"1280\" \/>\n\t<meta property=\"og:image:height\" content=\"853\" \/>\n\t<meta property=\"og:image:type\" content=\"image\/jpeg\" \/>\n<meta name=\"author\" content=\"admin\" \/>\n<meta name=\"twitter:card\" content=\"summary_large_image\" \/>\n<meta name=\"twitter:label1\" content=\"Written by\" \/>\n\t<meta name=\"twitter:data1\" content=\"admin\" \/>\n<script type=\"application\/ld+json\" class=\"yoast-schema-graph\">{\"@context\":\"https:\\\/\\\/schema.org\",\"@graph\":[{\"@type\":\"Article\",\"@id\":\"https:\\\/\\\/akunq.net\\\/tr\\\/?p=62005#article\",\"isPartOf\":{\"@id\":\"https:\\\/\\\/akunq.net\\\/tr\\\/?p=62005\"},\"author\":{\"name\":\"admin\",\"@id\":\"https:\\\/\\\/akunq.net\\\/tr\\\/#\\\/schema\\\/person\\\/096f1d38a12cce57fb855b485ed24c9e\"},\"headline\":\"\u0130sfahan Ermenileri M\u00fczik M\u00fczesi\",\"datePublished\":\"2021-03-23T07:45:04+00:00\",\"mainEntityOfPage\":{\"@id\":\"https:\\\/\\\/akunq.net\\\/tr\\\/?p=62005\"},\"wordCount\":56,\"commentCount\":0,\"image\":{\"@id\":\"https:\\\/\\\/akunq.net\\\/tr\\\/?p=62005#primaryimage\"},\"thumbnailUrl\":\"https:\\\/\\\/akunq.net\\\/tr\\\/wp-content\\\/uploads\\\/sites\\\/6\\\/2021\\\/03\\\/\u0130sfahan-Ermenileri-M\u00fczik-M\u00fczesi.jpg\",\"articleSection\":[\"Haberler\"],\"inLanguage\":\"en-US\",\"potentialAction\":[{\"@type\":\"CommentAction\",\"name\":\"Comment\",\"target\":[\"https:\\\/\\\/akunq.net\\\/tr\\\/?p=62005#respond\"]}]},{\"@type\":\"WebPage\",\"@id\":\"https:\\\/\\\/akunq.net\\\/tr\\\/?p=62005\",\"url\":\"https:\\\/\\\/akunq.net\\\/tr\\\/?p=62005\",\"name\":\"\u0130sfahan Ermenileri M\u00fczik M\u00fczesi - Bati Ermenistan Ve Bati Ermenileri Sorunlari Ara\u015ftirmalar Merkezi\",\"isPartOf\":{\"@id\":\"https:\\\/\\\/akunq.net\\\/tr\\\/#website\"},\"primaryImageOfPage\":{\"@id\":\"https:\\\/\\\/akunq.net\\\/tr\\\/?p=62005#primaryimage\"},\"image\":{\"@id\":\"https:\\\/\\\/akunq.net\\\/tr\\\/?p=62005#primaryimage\"},\"thumbnailUrl\":\"https:\\\/\\\/akunq.net\\\/tr\\\/wp-content\\\/uploads\\\/sites\\\/6\\\/2021\\\/03\\\/\u0130sfahan-Ermenileri-M\u00fczik-M\u00fczesi.jpg\",\"datePublished\":\"2021-03-23T07:45:04+00:00\",\"author\":{\"@id\":\"https:\\\/\\\/akunq.net\\\/tr\\\/#\\\/schema\\\/person\\\/096f1d38a12cce57fb855b485ed24c9e\"},\"breadcrumb\":{\"@id\":\"https:\\\/\\\/akunq.net\\\/tr\\\/?p=62005#breadcrumb\"},\"inLanguage\":\"en-US\",\"potentialAction\":[{\"@type\":\"ReadAction\",\"target\":[\"https:\\\/\\\/akunq.net\\\/tr\\\/?p=62005\"]}]},{\"@type\":\"ImageObject\",\"inLanguage\":\"en-US\",\"@id\":\"https:\\\/\\\/akunq.net\\\/tr\\\/?p=62005#primaryimage\",\"url\":\"https:\\\/\\\/akunq.net\\\/tr\\\/wp-content\\\/uploads\\\/sites\\\/6\\\/2021\\\/03\\\/\u0130sfahan-Ermenileri-M\u00fczik-M\u00fczesi.jpg\",\"contentUrl\":\"https:\\\/\\\/akunq.net\\\/tr\\\/wp-content\\\/uploads\\\/sites\\\/6\\\/2021\\\/03\\\/\u0130sfahan-Ermenileri-M\u00fczik-M\u00fczesi.jpg\",\"width\":1280,\"height\":853},{\"@type\":\"BreadcrumbList\",\"@id\":\"https:\\\/\\\/akunq.net\\\/tr\\\/?p=62005#breadcrumb\",\"itemListElement\":[{\"@type\":\"ListItem\",\"position\":1,\"name\":\"Home\",\"item\":\"https:\\\/\\\/akunq.net\\\/tr\"},{\"@type\":\"ListItem\",\"position\":2,\"name\":\"\u0130sfahan Ermenileri M\u00fczik M\u00fczesi\"}]},{\"@type\":\"WebSite\",\"@id\":\"https:\\\/\\\/akunq.net\\\/tr\\\/#website\",\"url\":\"https:\\\/\\\/akunq.net\\\/tr\\\/\",\"name\":\"Bati Ermenistan Ve Bati Ermenileri Sorunlari Ara\u015ftirmalar Merkezi\",\"description\":\"\",\"potentialAction\":[{\"@type\":\"SearchAction\",\"target\":{\"@type\":\"EntryPoint\",\"urlTemplate\":\"https:\\\/\\\/akunq.net\\\/tr\\\/?s={search_term_string}\"},\"query-input\":{\"@type\":\"PropertyValueSpecification\",\"valueRequired\":true,\"valueName\":\"search_term_string\"}}],\"inLanguage\":\"en-US\"},{\"@type\":\"Person\",\"@id\":\"https:\\\/\\\/akunq.net\\\/tr\\\/#\\\/schema\\\/person\\\/096f1d38a12cce57fb855b485ed24c9e\",\"name\":\"admin\",\"url\":\"https:\\\/\\\/akunq.net\\\/tr\\\/?author=7\"}]}<\/script>\n<!-- \/ Yoast SEO plugin. -->","yoast_head_json":{"title":"\u0130sfahan Ermenileri M\u00fczik M\u00fczesi - Bati Ermenistan Ve Bati Ermenileri Sorunlari Ara\u015ftirmalar Merkezi","robots":{"index":"index","follow":"follow","max-snippet":"max-snippet:-1","max-image-preview":"max-image-preview:large","max-video-preview":"max-video-preview:-1"},"canonical":"https:\/\/akunq.net\/tr\/?p=62005","og_locale":"en_US","og_type":"article","og_title":"\u0130sfahan Ermenileri M\u00fczik M\u00fczesi - Bati Ermenistan Ve Bati Ermenileri Sorunlari Ara\u015ftirmalar Merkezi","og_description":"\u0130sfahan, IRNA- \u0130sfahan kentinin Culfa b\u00f6lgesinde yer alan Ermeni M\u00fczik M\u00fczesi iki katl\u0131 bir binada yer almaktad\u0131r. M\u00fczede Ermeni kilisesinde kullan\u0131lan m\u00fczik aletlerinin yan\u0131nda kilisede nota yaz\u0131m \u00f6rnekleri ve di\u011fer Ermeni k\u00fclt\u00fcr\u00fc ile ilgili e\u015fya sergilenmektedir. IRNA","og_url":"https:\/\/akunq.net\/tr\/?p=62005","og_site_name":"Bati Ermenistan Ve Bati Ermenileri Sorunlari Ara\u015ftirmalar Merkezi","article_published_time":"2021-03-23T07:45:04+00:00","og_image":[{"width":1280,"height":853,"url":"https:\/\/akunq.net\/tr\/wp-content\/uploads\/sites\/6\/2021\/03\/\u0130sfahan-Ermenileri-M\u00fczik-M\u00fczesi.jpg","type":"image\/jpeg"}],"author":"admin","twitter_card":"summary_large_image","twitter_misc":{"Written by":"admin"},"schema":{"@context":"https:\/\/schema.org","@graph":[{"@type":"Article","@id":"https:\/\/akunq.net\/tr\/?p=62005#article","isPartOf":{"@id":"https:\/\/akunq.net\/tr\/?p=62005"},"author":{"name":"admin","@id":"https:\/\/akunq.net\/tr\/#\/schema\/person\/096f1d38a12cce57fb855b485ed24c9e"},"headline":"\u0130sfahan Ermenileri M\u00fczik M\u00fczesi","datePublished":"2021-03-23T07:45:04+00:00","mainEntityOfPage":{"@id":"https:\/\/akunq.net\/tr\/?p=62005"},"wordCount":56,"commentCount":0,"image":{"@id":"https:\/\/akunq.net\/tr\/?p=62005#primaryimage"},"thumbnailUrl":"https:\/\/akunq.net\/tr\/wp-content\/uploads\/sites\/6\/2021\/03\/\u0130sfahan-Ermenileri-M\u00fczik-M\u00fczesi.jpg","articleSection":["Haberler"],"inLanguage":"en-US","potentialAction":[{"@type":"CommentAction","name":"Comment","target":["https:\/\/akunq.net\/tr\/?p=62005#respond"]}]},{"@type":"WebPage","@id":"https:\/\/akunq.net\/tr\/?p=62005","url":"https:\/\/akunq.net\/tr\/?p=62005","name":"\u0130sfahan Ermenileri M\u00fczik M\u00fczesi - Bati Ermenistan Ve Bati Ermenileri Sorunlari Ara\u015ftirmalar Merkezi","isPartOf":{"@id":"https:\/\/akunq.net\/tr\/#website"},"primaryImageOfPage":{"@id":"https:\/\/akunq.net\/tr\/?p=62005#primaryimage"},"image":{"@id":"https:\/\/akunq.net\/tr\/?p=62005#primaryimage"},"thumbnailUrl":"https:\/\/akunq.net\/tr\/wp-content\/uploads\/sites\/6\/2021\/03\/\u0130sfahan-Ermenileri-M\u00fczik-M\u00fczesi.jpg","datePublished":"2021-03-23T07:45:04+00:00","author":{"@id":"https:\/\/akunq.net\/tr\/#\/schema\/person\/096f1d38a12cce57fb855b485ed24c9e"},"breadcrumb":{"@id":"https:\/\/akunq.net\/tr\/?p=62005#breadcrumb"},"inLanguage":"en-US","potentialAction":[{"@type":"ReadAction","target":["https:\/\/akunq.net\/tr\/?p=62005"]}]},{"@type":"ImageObject","inLanguage":"en-US","@id":"https:\/\/akunq.net\/tr\/?p=62005#primaryimage","url":"https:\/\/akunq.net\/tr\/wp-content\/uploads\/sites\/6\/2021\/03\/\u0130sfahan-Ermenileri-M\u00fczik-M\u00fczesi.jpg","contentUrl":"https:\/\/akunq.net\/tr\/wp-content\/uploads\/sites\/6\/2021\/03\/\u0130sfahan-Ermenileri-M\u00fczik-M\u00fczesi.jpg","width":1280,"height":853},{"@type":"BreadcrumbList","@id":"https:\/\/akunq.net\/tr\/?p=62005#breadcrumb","itemListElement":[{"@type":"ListItem","position":1,"name":"Home","item":"https:\/\/akunq.net\/tr"},{"@type":"ListItem","position":2,"name":"\u0130sfahan Ermenileri M\u00fczik M\u00fczesi"}]},{"@type":"WebSite","@id":"https:\/\/akunq.net\/tr\/#website","url":"https:\/\/akunq.net\/tr\/","name":"Bati Ermenistan Ve Bati Ermenileri Sorunlari Ara\u015ftirmalar Merkezi","description":"","potentialAction":[{"@type":"SearchAction","target":{"@type":"EntryPoint","urlTemplate":"https:\/\/akunq.net\/tr\/?s={search_term_string}"},"query-input":{"@type":"PropertyValueSpecification","valueRequired":true,"valueName":"search_term_string"}}],"inLanguage":"en-US"},{"@type":"Person","@id":"https:\/\/akunq.net\/tr\/#\/schema\/person\/096f1d38a12cce57fb855b485ed24c9e","name":"admin","url":"https:\/\/akunq.net\/tr\/?author=7"}]}},"_links":{"self":[{"href":"https:\/\/akunq.net\/tr\/index.php?rest_route=\/wp\/v2\/posts\/62005","targetHints":{"allow":["GET"]}}],"collection":[{"href":"https:\/\/akunq.net\/tr\/index.php?rest_route=\/wp\/v2\/posts"}],"about":[{"href":"https:\/\/akunq.net\/tr\/index.php?rest_route=\/wp\/v2\/types\/post"}],"author":[{"embeddable":true,"href":"https:\/\/akunq.net\/tr\/index.php?rest_route=\/wp\/v2\/users\/7"}],"replies":[{"embeddable":true,"href":"https:\/\/akunq.net\/tr\/index.php?rest_route=%2Fwp%2Fv2%2Fcomments&post=62005"}],"version-history":[{"count":1,"href":"https:\/\/akunq.net\/tr\/index.php?rest_route=\/wp\/v2\/posts\/62005\/revisions"}],"predecessor-version":[{"id":62007,"href":"https:\/\/akunq.net\/tr\/index.php?rest_route=\/wp\/v2\/posts\/62005\/revisions\/62007"}],"wp:featuredmedia":[{"embeddable":true,"href":"https:\/\/akunq.net\/tr\/index.php?rest_route=\/wp\/v2\/media\/62006"}],"wp:attachment":[{"href":"https:\/\/akunq.net\/tr\/index.php?rest_route=%2Fwp%2Fv2%2Fmedia&parent=62005"}],"wp:term":[{"taxonomy":"category","embeddable":true,"href":"https:\/\/akunq.net\/tr\/index.php?rest_route=%2Fwp%2Fv2%2Fcategories&post=62005"},{"taxonomy":"post_tag","embeddable":true,"href":"https:\/\/akunq.net\/tr\/index.php?rest_route=%2Fwp%2Fv2%2Ftags&post=62005"}],"curies":[{"name":"wp","href":"https:\/\/api.w.org\/{rel}","templated":true}]}}