{"id":62002,"date":"2021-03-23T02:36:19","date_gmt":"2021-03-23T07:36:19","guid":{"rendered":"https:\/\/akunq.net\/tr\/?p=62002"},"modified":"2021-03-23T02:36:19","modified_gmt":"2021-03-23T07:36:19","slug":"selahattin-demirtasa-3-yil-6-ay-hapis-cezasi","status":"publish","type":"post","link":"https:\/\/akunq.net\/tr\/?p=62002","title":{"rendered":"Selahattin Demirta\u015f\u2019a 3 y\u0131l 6 ay hapis cezas\u0131"},"content":{"rendered":"<p><img loading=\"lazy\" decoding=\"async\" class=\"aligncenter size-medium wp-image-62003\" src=\"https:\/\/akunq.net\/tr\/wp-content\/uploads\/2021\/03\/Demirtas-360x238.jpg\" alt=\"\" width=\"360\" height=\"238\" srcset=\"https:\/\/akunq.net\/tr\/wp-content\/uploads\/sites\/6\/2021\/03\/Demirtas-360x238.jpg 360w, https:\/\/akunq.net\/tr\/wp-content\/uploads\/sites\/6\/2021\/03\/Demirtas-768x508.jpg 768w, https:\/\/akunq.net\/tr\/wp-content\/uploads\/sites\/6\/2021\/03\/Demirtas-560x370.jpg 560w, https:\/\/akunq.net\/tr\/wp-content\/uploads\/sites\/6\/2021\/03\/Demirtas-260x172.jpg 260w, https:\/\/akunq.net\/tr\/wp-content\/uploads\/sites\/6\/2021\/03\/Demirtas-160x106.jpg 160w, https:\/\/akunq.net\/tr\/wp-content\/uploads\/sites\/6\/2021\/03\/Demirtas.jpg 770w\" sizes=\"auto, (max-width: 360px) 100vw, 360px\" \/><\/p>\n<p class=\"detail-news-spot desktop-spot\"><em><strong>Eski HDP E\u015f Genel Ba\u015fkan\u0131 Selahattin Demirta\u015f&#8217;a, &#8216;Cumhurba\u015fkan\u0131na hakaret&#8217; su\u00e7undan yarg\u0131land\u0131\u011f\u0131 davada, 3 y\u0131l 6 ay hapis cezas\u0131 verildi.<\/strong><\/em><\/p>\n<p>Selahattin Demirta\u015f\u2019\u0131n, 2015 y\u0131l\u0131nda Atat\u00fcrk Havaliman\u0131\u2019nda yapt\u0131\u011f\u0131 a\u00e7\u0131klamada, Cumhurba\u015fkan\u0131 Recep Tayyip Erdo\u011fan ve d\u00f6nemin Ba\u015fbakan\u0131 Ahmet Davuto\u011flu\u2019na hakaret etti\u011fi iddias\u0131yla yarg\u0131land\u0131\u011f\u0131 davada savc\u0131 m\u00fctalaas\u0131n\u0131 a\u00e7\u0131klad\u0131.<\/p>\n<p>Savc\u0131, Demirta\u015f\u2019\u0131n \u2018Cumhurba\u015fkan\u0131na hakaret\u2019 su\u00e7undan 1 y\u0131l 2 aydan 4 y\u0131l 8 aya kadar hapis cezas\u0131na \u00e7arpt\u0131r\u0131lmas\u0131 istedi.<\/p>\n<p>Bak\u0131rk\u00f6y 46. Asliye Ceza Mahkemesi\u2019ndeki duru\u015fmaya Selahattin Demirta\u015f, Ses ve G\u00f6r\u00fcnt\u00fc Bili\u015fim Sistemi (SEGB\u0130S) ile kat\u0131l\u0131rken avukatlar\u0131 da duru\u015fma salonunda haz\u0131r bulundu.<\/p>\n<p><strong>\u201cCUMHURBA\u015eKANI VE BA\u015eBAKANI D\u0130REKT HEDEF ALMADIM\u201d<\/strong><\/p>\n<p>Duru\u015fmada Cumhurba\u015fkanl\u0131\u011f\u0131\u2019na 2 defa aday oldu\u011funu, y\u0131llard\u0131r siyaset yapt\u0131\u011f\u0131n\u0131 ifade eden san\u0131k Demirta\u015f, \u201cH\u00fck\u00fcmeti ele\u015ftirdim. Cumhurba\u015fkan\u0131 ve ba\u015fbakan\u0131 direkt hedef almad\u0131m\u201d dedi.<\/p>\n<p>Aran\u0131n ard\u0131ndan karar\u0131n\u0131 a\u00e7\u0131klayan mahkeme heyeti, Demirta\u015f\u2019\u0131n \u2018Cumhurba\u015fkan\u0131na hakaret\u2019 su\u00e7undan 3 y\u0131l 6 ay hapis cezas\u0131na \u00e7arpt\u0131r\u0131lmas\u0131na h\u00fckmetti.<\/p>\n<p><em><strong>https:\/\/www.sozcu.com.tr\/2021\/gundem\/selahattin-demirtasa-3-yil-6-ay-hapis-cezasi-6329032\/\u00a0<\/strong><\/em><\/p>\n","protected":false},"excerpt":{"rendered":"<p>Eski HDP E\u015f Genel Ba\u015fkan\u0131 Selahattin Demirta\u015f&#8217;a, &#8216;Cumhurba\u015fkan\u0131na hakaret&#8217; su\u00e7undan yarg\u0131land\u0131\u011f\u0131 davada, 3 y\u0131l 6 ay hapis cezas\u0131 verildi. Selahattin Demirta\u015f\u2019\u0131n, 2015 y\u0131l\u0131nda Atat\u00fcrk Havaliman\u0131\u2019nda yapt\u0131\u011f\u0131 a\u00e7\u0131klamada, Cumhurba\u015fkan\u0131 Recep Tayyip Erdo\u011fan ve d\u00f6nemin Ba\u015fbakan\u0131 Ahmet Davuto\u011flu\u2019na hakaret etti\u011fi iddias\u0131yla yarg\u0131land\u0131\u011f\u0131 davada savc\u0131 m\u00fctalaas\u0131n\u0131 a\u00e7\u0131klad\u0131. Savc\u0131, Demirta\u015f\u2019\u0131n \u2018Cumhurba\u015fkan\u0131na hakaret\u2019 su\u00e7undan 1 y\u0131l 2 aydan 4 y\u0131l [&hellip;]<\/p>\n","protected":false},"author":7,"featured_media":62003,"comment_status":"open","ping_status":"open","sticky":false,"template":"","format":"standard","meta":{"footnotes":""},"categories":[1],"tags":[],"class_list":["post-62002","post","type-post","status-publish","format-standard","has-post-thumbnail","hentry","category-haberler"],"yoast_head":"<!-- This site is optimized with the Yoast SEO plugin v27.4 - https:\/\/yoast.com\/product\/yoast-seo-wordpress\/ -->\n<title>Selahattin Demirta\u015f\u2019a 3 y\u0131l 6 ay hapis cezas\u0131 - Bati Ermenistan Ve Bati Ermenileri Sorunlari Ara\u015ftirmalar Merkezi<\/title>\n<meta name=\"robots\" content=\"index, follow, max-snippet:-1, max-image-preview:large, max-video-preview:-1\" \/>\n<link rel=\"canonical\" href=\"https:\/\/akunq.net\/tr\/?p=62002\" \/>\n<meta property=\"og:locale\" content=\"en_US\" \/>\n<meta property=\"og:type\" content=\"article\" \/>\n<meta property=\"og:title\" content=\"Selahattin Demirta\u015f\u2019a 3 y\u0131l 6 ay hapis cezas\u0131 - Bati Ermenistan Ve Bati Ermenileri Sorunlari Ara\u015ftirmalar Merkezi\" \/>\n<meta property=\"og:description\" content=\"Eski HDP E\u015f Genel Ba\u015fkan\u0131 Selahattin Demirta\u015f&#8217;a, &#8216;Cumhurba\u015fkan\u0131na hakaret&#8217; su\u00e7undan yarg\u0131land\u0131\u011f\u0131 davada, 3 y\u0131l 6 ay hapis cezas\u0131 verildi. Selahattin Demirta\u015f\u2019\u0131n, 2015 y\u0131l\u0131nda Atat\u00fcrk Havaliman\u0131\u2019nda yapt\u0131\u011f\u0131 a\u00e7\u0131klamada, Cumhurba\u015fkan\u0131 Recep Tayyip Erdo\u011fan ve d\u00f6nemin Ba\u015fbakan\u0131 Ahmet Davuto\u011flu\u2019na hakaret etti\u011fi iddias\u0131yla yarg\u0131land\u0131\u011f\u0131 davada savc\u0131 m\u00fctalaas\u0131n\u0131 a\u00e7\u0131klad\u0131. Savc\u0131, Demirta\u015f\u2019\u0131n \u2018Cumhurba\u015fkan\u0131na hakaret\u2019 su\u00e7undan 1 y\u0131l 2 aydan 4 y\u0131l [&hellip;]\" \/>\n<meta property=\"og:url\" content=\"https:\/\/akunq.net\/tr\/?p=62002\" \/>\n<meta property=\"og:site_name\" content=\"Bati Ermenistan Ve Bati Ermenileri Sorunlari Ara\u015ftirmalar Merkezi\" \/>\n<meta property=\"article:published_time\" content=\"2021-03-23T07:36:19+00:00\" \/>\n<meta property=\"og:image\" content=\"https:\/\/akunq.net\/tr\/wp-content\/uploads\/sites\/6\/2021\/03\/Demirtas.jpg\" \/>\n\t<meta property=\"og:image:width\" content=\"770\" \/>\n\t<meta property=\"og:image:height\" content=\"509\" \/>\n\t<meta property=\"og:image:type\" content=\"image\/jpeg\" \/>\n<meta name=\"author\" content=\"admin\" \/>\n<meta name=\"twitter:card\" content=\"summary_large_image\" \/>\n<meta name=\"twitter:label1\" content=\"Written by\" \/>\n\t<meta name=\"twitter:data1\" content=\"admin\" \/>\n\t<meta name=\"twitter:label2\" content=\"Est. reading time\" \/>\n\t<meta name=\"twitter:data2\" content=\"1 minute\" \/>\n<script type=\"application\/ld+json\" class=\"yoast-schema-graph\">{\"@context\":\"https:\\\/\\\/schema.org\",\"@graph\":[{\"@type\":\"Article\",\"@id\":\"https:\\\/\\\/akunq.net\\\/tr\\\/?p=62002#article\",\"isPartOf\":{\"@id\":\"https:\\\/\\\/akunq.net\\\/tr\\\/?p=62002\"},\"author\":{\"name\":\"admin\",\"@id\":\"https:\\\/\\\/akunq.net\\\/tr\\\/#\\\/schema\\\/person\\\/096f1d38a12cce57fb855b485ed24c9e\"},\"headline\":\"Selahattin Demirta\u015f\u2019a 3 y\u0131l 6 ay hapis cezas\u0131\",\"datePublished\":\"2021-03-23T07:36:19+00:00\",\"mainEntityOfPage\":{\"@id\":\"https:\\\/\\\/akunq.net\\\/tr\\\/?p=62002\"},\"wordCount\":213,\"commentCount\":0,\"image\":{\"@id\":\"https:\\\/\\\/akunq.net\\\/tr\\\/?p=62002#primaryimage\"},\"thumbnailUrl\":\"https:\\\/\\\/akunq.net\\\/tr\\\/wp-content\\\/uploads\\\/sites\\\/6\\\/2021\\\/03\\\/Demirtas.jpg\",\"articleSection\":[\"Haberler\"],\"inLanguage\":\"en-US\",\"potentialAction\":[{\"@type\":\"CommentAction\",\"name\":\"Comment\",\"target\":[\"https:\\\/\\\/akunq.net\\\/tr\\\/?p=62002#respond\"]}]},{\"@type\":\"WebPage\",\"@id\":\"https:\\\/\\\/akunq.net\\\/tr\\\/?p=62002\",\"url\":\"https:\\\/\\\/akunq.net\\\/tr\\\/?p=62002\",\"name\":\"Selahattin Demirta\u015f\u2019a 3 y\u0131l 6 ay hapis cezas\u0131 - Bati Ermenistan Ve Bati Ermenileri Sorunlari Ara\u015ftirmalar Merkezi\",\"isPartOf\":{\"@id\":\"https:\\\/\\\/akunq.net\\\/tr\\\/#website\"},\"primaryImageOfPage\":{\"@id\":\"https:\\\/\\\/akunq.net\\\/tr\\\/?p=62002#primaryimage\"},\"image\":{\"@id\":\"https:\\\/\\\/akunq.net\\\/tr\\\/?p=62002#primaryimage\"},\"thumbnailUrl\":\"https:\\\/\\\/akunq.net\\\/tr\\\/wp-content\\\/uploads\\\/sites\\\/6\\\/2021\\\/03\\\/Demirtas.jpg\",\"datePublished\":\"2021-03-23T07:36:19+00:00\",\"author\":{\"@id\":\"https:\\\/\\\/akunq.net\\\/tr\\\/#\\\/schema\\\/person\\\/096f1d38a12cce57fb855b485ed24c9e\"},\"breadcrumb\":{\"@id\":\"https:\\\/\\\/akunq.net\\\/tr\\\/?p=62002#breadcrumb\"},\"inLanguage\":\"en-US\",\"potentialAction\":[{\"@type\":\"ReadAction\",\"target\":[\"https:\\\/\\\/akunq.net\\\/tr\\\/?p=62002\"]}]},{\"@type\":\"ImageObject\",\"inLanguage\":\"en-US\",\"@id\":\"https:\\\/\\\/akunq.net\\\/tr\\\/?p=62002#primaryimage\",\"url\":\"https:\\\/\\\/akunq.net\\\/tr\\\/wp-content\\\/uploads\\\/sites\\\/6\\\/2021\\\/03\\\/Demirtas.jpg\",\"contentUrl\":\"https:\\\/\\\/akunq.net\\\/tr\\\/wp-content\\\/uploads\\\/sites\\\/6\\\/2021\\\/03\\\/Demirtas.jpg\",\"width\":770,\"height\":509},{\"@type\":\"BreadcrumbList\",\"@id\":\"https:\\\/\\\/akunq.net\\\/tr\\\/?p=62002#breadcrumb\",\"itemListElement\":[{\"@type\":\"ListItem\",\"position\":1,\"name\":\"Home\",\"item\":\"https:\\\/\\\/akunq.net\\\/tr\"},{\"@type\":\"ListItem\",\"position\":2,\"name\":\"Selahattin Demirta\u015f\u2019a 3 y\u0131l 6 ay hapis cezas\u0131\"}]},{\"@type\":\"WebSite\",\"@id\":\"https:\\\/\\\/akunq.net\\\/tr\\\/#website\",\"url\":\"https:\\\/\\\/akunq.net\\\/tr\\\/\",\"name\":\"Bati Ermenistan Ve Bati Ermenileri Sorunlari Ara\u015ftirmalar Merkezi\",\"description\":\"\",\"potentialAction\":[{\"@type\":\"SearchAction\",\"target\":{\"@type\":\"EntryPoint\",\"urlTemplate\":\"https:\\\/\\\/akunq.net\\\/tr\\\/?s={search_term_string}\"},\"query-input\":{\"@type\":\"PropertyValueSpecification\",\"valueRequired\":true,\"valueName\":\"search_term_string\"}}],\"inLanguage\":\"en-US\"},{\"@type\":\"Person\",\"@id\":\"https:\\\/\\\/akunq.net\\\/tr\\\/#\\\/schema\\\/person\\\/096f1d38a12cce57fb855b485ed24c9e\",\"name\":\"admin\",\"url\":\"https:\\\/\\\/akunq.net\\\/tr\\\/?author=7\"}]}<\/script>\n<!-- \/ Yoast SEO plugin. -->","yoast_head_json":{"title":"Selahattin Demirta\u015f\u2019a 3 y\u0131l 6 ay hapis cezas\u0131 - Bati Ermenistan Ve Bati Ermenileri Sorunlari Ara\u015ftirmalar Merkezi","robots":{"index":"index","follow":"follow","max-snippet":"max-snippet:-1","max-image-preview":"max-image-preview:large","max-video-preview":"max-video-preview:-1"},"canonical":"https:\/\/akunq.net\/tr\/?p=62002","og_locale":"en_US","og_type":"article","og_title":"Selahattin Demirta\u015f\u2019a 3 y\u0131l 6 ay hapis cezas\u0131 - Bati Ermenistan Ve Bati Ermenileri Sorunlari Ara\u015ftirmalar Merkezi","og_description":"Eski HDP E\u015f Genel Ba\u015fkan\u0131 Selahattin Demirta\u015f&#8217;a, &#8216;Cumhurba\u015fkan\u0131na hakaret&#8217; su\u00e7undan yarg\u0131land\u0131\u011f\u0131 davada, 3 y\u0131l 6 ay hapis cezas\u0131 verildi. Selahattin Demirta\u015f\u2019\u0131n, 2015 y\u0131l\u0131nda Atat\u00fcrk Havaliman\u0131\u2019nda yapt\u0131\u011f\u0131 a\u00e7\u0131klamada, Cumhurba\u015fkan\u0131 Recep Tayyip Erdo\u011fan ve d\u00f6nemin Ba\u015fbakan\u0131 Ahmet Davuto\u011flu\u2019na hakaret etti\u011fi iddias\u0131yla yarg\u0131land\u0131\u011f\u0131 davada savc\u0131 m\u00fctalaas\u0131n\u0131 a\u00e7\u0131klad\u0131. Savc\u0131, Demirta\u015f\u2019\u0131n \u2018Cumhurba\u015fkan\u0131na hakaret\u2019 su\u00e7undan 1 y\u0131l 2 aydan 4 y\u0131l [&hellip;]","og_url":"https:\/\/akunq.net\/tr\/?p=62002","og_site_name":"Bati Ermenistan Ve Bati Ermenileri Sorunlari Ara\u015ftirmalar Merkezi","article_published_time":"2021-03-23T07:36:19+00:00","og_image":[{"width":770,"height":509,"url":"https:\/\/akunq.net\/tr\/wp-content\/uploads\/sites\/6\/2021\/03\/Demirtas.jpg","type":"image\/jpeg"}],"author":"admin","twitter_card":"summary_large_image","twitter_misc":{"Written by":"admin","Est. reading time":"1 minute"},"schema":{"@context":"https:\/\/schema.org","@graph":[{"@type":"Article","@id":"https:\/\/akunq.net\/tr\/?p=62002#article","isPartOf":{"@id":"https:\/\/akunq.net\/tr\/?p=62002"},"author":{"name":"admin","@id":"https:\/\/akunq.net\/tr\/#\/schema\/person\/096f1d38a12cce57fb855b485ed24c9e"},"headline":"Selahattin Demirta\u015f\u2019a 3 y\u0131l 6 ay hapis cezas\u0131","datePublished":"2021-03-23T07:36:19+00:00","mainEntityOfPage":{"@id":"https:\/\/akunq.net\/tr\/?p=62002"},"wordCount":213,"commentCount":0,"image":{"@id":"https:\/\/akunq.net\/tr\/?p=62002#primaryimage"},"thumbnailUrl":"https:\/\/akunq.net\/tr\/wp-content\/uploads\/sites\/6\/2021\/03\/Demirtas.jpg","articleSection":["Haberler"],"inLanguage":"en-US","potentialAction":[{"@type":"CommentAction","name":"Comment","target":["https:\/\/akunq.net\/tr\/?p=62002#respond"]}]},{"@type":"WebPage","@id":"https:\/\/akunq.net\/tr\/?p=62002","url":"https:\/\/akunq.net\/tr\/?p=62002","name":"Selahattin Demirta\u015f\u2019a 3 y\u0131l 6 ay hapis cezas\u0131 - Bati Ermenistan Ve Bati Ermenileri Sorunlari Ara\u015ftirmalar Merkezi","isPartOf":{"@id":"https:\/\/akunq.net\/tr\/#website"},"primaryImageOfPage":{"@id":"https:\/\/akunq.net\/tr\/?p=62002#primaryimage"},"image":{"@id":"https:\/\/akunq.net\/tr\/?p=62002#primaryimage"},"thumbnailUrl":"https:\/\/akunq.net\/tr\/wp-content\/uploads\/sites\/6\/2021\/03\/Demirtas.jpg","datePublished":"2021-03-23T07:36:19+00:00","author":{"@id":"https:\/\/akunq.net\/tr\/#\/schema\/person\/096f1d38a12cce57fb855b485ed24c9e"},"breadcrumb":{"@id":"https:\/\/akunq.net\/tr\/?p=62002#breadcrumb"},"inLanguage":"en-US","potentialAction":[{"@type":"ReadAction","target":["https:\/\/akunq.net\/tr\/?p=62002"]}]},{"@type":"ImageObject","inLanguage":"en-US","@id":"https:\/\/akunq.net\/tr\/?p=62002#primaryimage","url":"https:\/\/akunq.net\/tr\/wp-content\/uploads\/sites\/6\/2021\/03\/Demirtas.jpg","contentUrl":"https:\/\/akunq.net\/tr\/wp-content\/uploads\/sites\/6\/2021\/03\/Demirtas.jpg","width":770,"height":509},{"@type":"BreadcrumbList","@id":"https:\/\/akunq.net\/tr\/?p=62002#breadcrumb","itemListElement":[{"@type":"ListItem","position":1,"name":"Home","item":"https:\/\/akunq.net\/tr"},{"@type":"ListItem","position":2,"name":"Selahattin Demirta\u015f\u2019a 3 y\u0131l 6 ay hapis cezas\u0131"}]},{"@type":"WebSite","@id":"https:\/\/akunq.net\/tr\/#website","url":"https:\/\/akunq.net\/tr\/","name":"Bati Ermenistan Ve Bati Ermenileri Sorunlari Ara\u015ftirmalar Merkezi","description":"","potentialAction":[{"@type":"SearchAction","target":{"@type":"EntryPoint","urlTemplate":"https:\/\/akunq.net\/tr\/?s={search_term_string}"},"query-input":{"@type":"PropertyValueSpecification","valueRequired":true,"valueName":"search_term_string"}}],"inLanguage":"en-US"},{"@type":"Person","@id":"https:\/\/akunq.net\/tr\/#\/schema\/person\/096f1d38a12cce57fb855b485ed24c9e","name":"admin","url":"https:\/\/akunq.net\/tr\/?author=7"}]}},"_links":{"self":[{"href":"https:\/\/akunq.net\/tr\/index.php?rest_route=\/wp\/v2\/posts\/62002","targetHints":{"allow":["GET"]}}],"collection":[{"href":"https:\/\/akunq.net\/tr\/index.php?rest_route=\/wp\/v2\/posts"}],"about":[{"href":"https:\/\/akunq.net\/tr\/index.php?rest_route=\/wp\/v2\/types\/post"}],"author":[{"embeddable":true,"href":"https:\/\/akunq.net\/tr\/index.php?rest_route=\/wp\/v2\/users\/7"}],"replies":[{"embeddable":true,"href":"https:\/\/akunq.net\/tr\/index.php?rest_route=%2Fwp%2Fv2%2Fcomments&post=62002"}],"version-history":[{"count":1,"href":"https:\/\/akunq.net\/tr\/index.php?rest_route=\/wp\/v2\/posts\/62002\/revisions"}],"predecessor-version":[{"id":62004,"href":"https:\/\/akunq.net\/tr\/index.php?rest_route=\/wp\/v2\/posts\/62002\/revisions\/62004"}],"wp:featuredmedia":[{"embeddable":true,"href":"https:\/\/akunq.net\/tr\/index.php?rest_route=\/wp\/v2\/media\/62003"}],"wp:attachment":[{"href":"https:\/\/akunq.net\/tr\/index.php?rest_route=%2Fwp%2Fv2%2Fmedia&parent=62002"}],"wp:term":[{"taxonomy":"category","embeddable":true,"href":"https:\/\/akunq.net\/tr\/index.php?rest_route=%2Fwp%2Fv2%2Fcategories&post=62002"},{"taxonomy":"post_tag","embeddable":true,"href":"https:\/\/akunq.net\/tr\/index.php?rest_route=%2Fwp%2Fv2%2Ftags&post=62002"}],"curies":[{"name":"wp","href":"https:\/\/api.w.org\/{rel}","templated":true}]}}