{"id":61999,"date":"2021-03-23T02:30:12","date_gmt":"2021-03-23T07:30:12","guid":{"rendered":"https:\/\/akunq.net\/tr\/?p=61999"},"modified":"2021-03-23T02:30:12","modified_gmt":"2021-03-23T07:30:12","slug":"vakif-secimlerini-iptal-eden-genelge-hukumsuz","status":"publish","type":"post","link":"https:\/\/akunq.net\/tr\/?p=61999","title":{"rendered":"Vak\u0131f se\u00e7imlerini iptal eden genelge h\u00fck\u00fcms\u00fcz"},"content":{"rendered":"<p><img loading=\"lazy\" decoding=\"async\" class=\"aligncenter size-medium wp-image-62000\" src=\"https:\/\/akunq.net\/tr\/wp-content\/uploads\/2021\/03\/Vak\u0131f-se\u00e7imleri-360x180.jpg\" alt=\"\" width=\"360\" height=\"180\" srcset=\"https:\/\/akunq.net\/tr\/wp-content\/uploads\/sites\/6\/2021\/03\/Vak\u0131f-se\u00e7imleri-360x180.jpg 360w, https:\/\/akunq.net\/tr\/wp-content\/uploads\/sites\/6\/2021\/03\/Vak\u0131f-se\u00e7imleri-560x280.jpg 560w, https:\/\/akunq.net\/tr\/wp-content\/uploads\/sites\/6\/2021\/03\/Vak\u0131f-se\u00e7imleri-260x130.jpg 260w, https:\/\/akunq.net\/tr\/wp-content\/uploads\/sites\/6\/2021\/03\/Vak\u0131f-se\u00e7imleri-160x80.jpg 160w, https:\/\/akunq.net\/tr\/wp-content\/uploads\/sites\/6\/2021\/03\/Vak\u0131f-se\u00e7imleri.jpg 660w\" sizes=\"auto, (max-width: 360px) 100vw, 360px\" \/><\/p>\n<p><em><strong>Ankara 7. \u0130dare Mahkemesi az\u0131nl\u0131k toplumlar\u0131n\u0131 ilgilendiren \u00e7ok \u00f6nemli bir karar ald\u0131. Mahkeme, az\u0131nl\u0131k vak\u0131flar\u0131n\u0131n se\u00e7im y\u00f6netmeli\u011fini iptal eden 2013 tarihli genelgeyi h\u00fck\u00fcms\u00fcz k\u0131ld\u0131.<\/strong><\/em><\/p>\n<p>Vak\u0131flar Genel M\u00fcd\u00fcrl\u00fc\u011f\u00fc 2013 y\u0131l\u0131nda az\u0131nl\u0131k vak\u0131flar\u0131n\u0131n y\u00f6netim kurullar\u0131n\u0131 se\u00e7im yoluyla olu\u015fturmalar\u0131na imkan veren y\u00f6netmeli\u011fi, daha iyisinin yap\u0131laca\u011f\u0131 gerek\u00e7esiyle iptal etmi\u015fti.<\/p>\n<p>Ancak aradan ge\u00e7en sekiz y\u0131ll\u0131k s\u00fcrede yeni y\u00f6netmelik yay\u0131nlanmad\u0131\u011f\u0131 i\u00e7in az\u0131nl\u0131k vak\u0131flar\u0131 y\u00f6netim kurullar\u0131n\u0131 se\u00e7emiyorlard\u0131. Olu\u015fan ma\u011fduriyet bir\u00e7ok defa h\u00fck\u00fcmet yetkililerine iletilmi\u015fti.<\/p>\n<p>VGM iki y\u0131l kadar \u00f6nce az\u0131nl\u0131k vak\u0131flar\u0131na \u00f6len ya da ayr\u0131lmak isteyen y\u00f6netim kurulu \u00fcyelerinin yerine atama yoluyla yeni \u00fcye getirme imkan\u0131 veren bir genelge de yay\u0131nlam\u0131\u015f, bu genelge de ele\u015ftirilere neden olmu\u015ftu.<\/p>\n<p>Her iki genelge i\u00e7in avukatlar Sebuh Aslangil ve Setrak Davuthan taraf\u0131ndan m\u00fcvekkilleri ad\u0131na Ankara&#8217;da iptal davas\u0131 a\u00e7\u0131lm\u0131\u015ft\u0131.<\/p>\n<p>Ankara 7. \u0130dare Mahkemesi \u00f6nemli bir\u00a0 karar ald\u0131 ve az\u0131nl\u0131k vak\u0131flar\u0131n\u0131n se\u00e7im y\u00f6netmeli\u011fini iptal eden genelgeyi h\u00fck\u00fcms\u00fcz k\u0131ld\u0131.<\/p>\n<p>Mahkeme ayr\u0131ca atama yoluyla y\u00f6netim kurulu \u00fcyesi belirleme imkan\u0131 veren genelgeyi de iptal etti. Geli\u015fmeye dair bilgi, davay\u0131 a\u00e7an avukatlar taraf\u0131ndan payla\u015f\u0131ld\u0131.<\/p>\n<p>VGM&#8217;nin bu karara kar\u015f\u0131 istinaf mahkemesine gitme hakk\u0131 bulunuyor. Hukuk\u00e7ulara g\u00f6re mahkemenin bu karar\u0131yla, az\u0131nl\u0131k vak\u0131flar\u0131na, iptal edilen\u00a0 h\u00fck\u00fcmler esas al\u0131narak\u00a0 yeni y\u00f6netim kurulu\u00a0 se\u00e7me yolu a\u00e7\u0131l\u0131yor.<\/p>\n<p><em><strong>http:\/\/www.agos.com.tr\/tr\/yazi\/25481\/vakif-secimlerini-iptal-eden-genelge-hukumsuz\u00a0<\/strong><\/em><\/p>\n<div class=\"cf\"><\/div>\n","protected":false},"excerpt":{"rendered":"<p>Ankara 7. \u0130dare Mahkemesi az\u0131nl\u0131k toplumlar\u0131n\u0131 ilgilendiren \u00e7ok \u00f6nemli bir karar ald\u0131. Mahkeme, az\u0131nl\u0131k vak\u0131flar\u0131n\u0131n se\u00e7im y\u00f6netmeli\u011fini iptal eden 2013 tarihli genelgeyi h\u00fck\u00fcms\u00fcz k\u0131ld\u0131. Vak\u0131flar Genel M\u00fcd\u00fcrl\u00fc\u011f\u00fc 2013 y\u0131l\u0131nda az\u0131nl\u0131k vak\u0131flar\u0131n\u0131n y\u00f6netim kurullar\u0131n\u0131 se\u00e7im yoluyla olu\u015fturmalar\u0131na imkan veren y\u00f6netmeli\u011fi, daha iyisinin yap\u0131laca\u011f\u0131 gerek\u00e7esiyle iptal etmi\u015fti. Ancak aradan ge\u00e7en sekiz y\u0131ll\u0131k s\u00fcrede yeni y\u00f6netmelik yay\u0131nlanmad\u0131\u011f\u0131 i\u00e7in [&hellip;]<\/p>\n","protected":false},"author":7,"featured_media":62000,"comment_status":"open","ping_status":"open","sticky":false,"template":"","format":"standard","meta":{"footnotes":""},"categories":[1,53],"tags":[],"class_list":["post-61999","post","type-post","status-publish","format-standard","has-post-thumbnail","hentry","category-haberler","category-turkiyede-azinliklar"],"yoast_head":"<!-- This site is optimized with the Yoast SEO plugin v27.4 - https:\/\/yoast.com\/product\/yoast-seo-wordpress\/ -->\n<title>Vak\u0131f se\u00e7imlerini iptal eden genelge h\u00fck\u00fcms\u00fcz - Bati Ermenistan Ve Bati Ermenileri Sorunlari Ara\u015ftirmalar Merkezi<\/title>\n<meta name=\"robots\" content=\"index, follow, max-snippet:-1, max-image-preview:large, max-video-preview:-1\" \/>\n<link rel=\"canonical\" href=\"https:\/\/akunq.net\/tr\/?p=61999\" \/>\n<meta property=\"og:locale\" content=\"en_US\" \/>\n<meta property=\"og:type\" content=\"article\" \/>\n<meta property=\"og:title\" content=\"Vak\u0131f se\u00e7imlerini iptal eden genelge h\u00fck\u00fcms\u00fcz - Bati Ermenistan Ve Bati Ermenileri Sorunlari Ara\u015ftirmalar Merkezi\" \/>\n<meta property=\"og:description\" content=\"Ankara 7. \u0130dare Mahkemesi az\u0131nl\u0131k toplumlar\u0131n\u0131 ilgilendiren \u00e7ok \u00f6nemli bir karar ald\u0131. Mahkeme, az\u0131nl\u0131k vak\u0131flar\u0131n\u0131n se\u00e7im y\u00f6netmeli\u011fini iptal eden 2013 tarihli genelgeyi h\u00fck\u00fcms\u00fcz k\u0131ld\u0131. Vak\u0131flar Genel M\u00fcd\u00fcrl\u00fc\u011f\u00fc 2013 y\u0131l\u0131nda az\u0131nl\u0131k vak\u0131flar\u0131n\u0131n y\u00f6netim kurullar\u0131n\u0131 se\u00e7im yoluyla olu\u015fturmalar\u0131na imkan veren y\u00f6netmeli\u011fi, daha iyisinin yap\u0131laca\u011f\u0131 gerek\u00e7esiyle iptal etmi\u015fti. Ancak aradan ge\u00e7en sekiz y\u0131ll\u0131k s\u00fcrede yeni y\u00f6netmelik yay\u0131nlanmad\u0131\u011f\u0131 i\u00e7in [&hellip;]\" \/>\n<meta property=\"og:url\" content=\"https:\/\/akunq.net\/tr\/?p=61999\" \/>\n<meta property=\"og:site_name\" content=\"Bati Ermenistan Ve Bati Ermenileri Sorunlari Ara\u015ftirmalar Merkezi\" \/>\n<meta property=\"article:published_time\" content=\"2021-03-23T07:30:12+00:00\" \/>\n<meta property=\"og:image\" content=\"https:\/\/akunq.net\/tr\/wp-content\/uploads\/sites\/6\/2021\/03\/Vak\u0131f-se\u00e7imleri.jpg\" \/>\n\t<meta property=\"og:image:width\" content=\"660\" \/>\n\t<meta property=\"og:image:height\" content=\"330\" \/>\n\t<meta property=\"og:image:type\" content=\"image\/jpeg\" \/>\n<meta name=\"author\" content=\"admin\" \/>\n<meta name=\"twitter:card\" content=\"summary_large_image\" \/>\n<meta name=\"twitter:label1\" content=\"Written by\" \/>\n\t<meta name=\"twitter:data1\" content=\"admin\" \/>\n\t<meta name=\"twitter:label2\" content=\"Est. reading time\" \/>\n\t<meta name=\"twitter:data2\" content=\"1 minute\" \/>\n<script type=\"application\/ld+json\" class=\"yoast-schema-graph\">{\"@context\":\"https:\\\/\\\/schema.org\",\"@graph\":[{\"@type\":\"Article\",\"@id\":\"https:\\\/\\\/akunq.net\\\/tr\\\/?p=61999#article\",\"isPartOf\":{\"@id\":\"https:\\\/\\\/akunq.net\\\/tr\\\/?p=61999\"},\"author\":{\"name\":\"admin\",\"@id\":\"https:\\\/\\\/akunq.net\\\/tr\\\/#\\\/schema\\\/person\\\/096f1d38a12cce57fb855b485ed24c9e\"},\"headline\":\"Vak\u0131f se\u00e7imlerini iptal eden genelge h\u00fck\u00fcms\u00fcz\",\"datePublished\":\"2021-03-23T07:30:12+00:00\",\"mainEntityOfPage\":{\"@id\":\"https:\\\/\\\/akunq.net\\\/tr\\\/?p=61999\"},\"wordCount\":301,\"commentCount\":0,\"image\":{\"@id\":\"https:\\\/\\\/akunq.net\\\/tr\\\/?p=61999#primaryimage\"},\"thumbnailUrl\":\"https:\\\/\\\/akunq.net\\\/tr\\\/wp-content\\\/uploads\\\/sites\\\/6\\\/2021\\\/03\\\/Vak\u0131f-se\u00e7imleri.jpg\",\"articleSection\":[\"Haberler\",\"T\u00fcrkiye\u2019de Az\u0131nl\u0131klar\"],\"inLanguage\":\"en-US\",\"potentialAction\":[{\"@type\":\"CommentAction\",\"name\":\"Comment\",\"target\":[\"https:\\\/\\\/akunq.net\\\/tr\\\/?p=61999#respond\"]}]},{\"@type\":\"WebPage\",\"@id\":\"https:\\\/\\\/akunq.net\\\/tr\\\/?p=61999\",\"url\":\"https:\\\/\\\/akunq.net\\\/tr\\\/?p=61999\",\"name\":\"Vak\u0131f se\u00e7imlerini iptal eden genelge h\u00fck\u00fcms\u00fcz - Bati Ermenistan Ve Bati Ermenileri Sorunlari Ara\u015ftirmalar Merkezi\",\"isPartOf\":{\"@id\":\"https:\\\/\\\/akunq.net\\\/tr\\\/#website\"},\"primaryImageOfPage\":{\"@id\":\"https:\\\/\\\/akunq.net\\\/tr\\\/?p=61999#primaryimage\"},\"image\":{\"@id\":\"https:\\\/\\\/akunq.net\\\/tr\\\/?p=61999#primaryimage\"},\"thumbnailUrl\":\"https:\\\/\\\/akunq.net\\\/tr\\\/wp-content\\\/uploads\\\/sites\\\/6\\\/2021\\\/03\\\/Vak\u0131f-se\u00e7imleri.jpg\",\"datePublished\":\"2021-03-23T07:30:12+00:00\",\"author\":{\"@id\":\"https:\\\/\\\/akunq.net\\\/tr\\\/#\\\/schema\\\/person\\\/096f1d38a12cce57fb855b485ed24c9e\"},\"breadcrumb\":{\"@id\":\"https:\\\/\\\/akunq.net\\\/tr\\\/?p=61999#breadcrumb\"},\"inLanguage\":\"en-US\",\"potentialAction\":[{\"@type\":\"ReadAction\",\"target\":[\"https:\\\/\\\/akunq.net\\\/tr\\\/?p=61999\"]}]},{\"@type\":\"ImageObject\",\"inLanguage\":\"en-US\",\"@id\":\"https:\\\/\\\/akunq.net\\\/tr\\\/?p=61999#primaryimage\",\"url\":\"https:\\\/\\\/akunq.net\\\/tr\\\/wp-content\\\/uploads\\\/sites\\\/6\\\/2021\\\/03\\\/Vak\u0131f-se\u00e7imleri.jpg\",\"contentUrl\":\"https:\\\/\\\/akunq.net\\\/tr\\\/wp-content\\\/uploads\\\/sites\\\/6\\\/2021\\\/03\\\/Vak\u0131f-se\u00e7imleri.jpg\",\"width\":660,\"height\":330},{\"@type\":\"BreadcrumbList\",\"@id\":\"https:\\\/\\\/akunq.net\\\/tr\\\/?p=61999#breadcrumb\",\"itemListElement\":[{\"@type\":\"ListItem\",\"position\":1,\"name\":\"Home\",\"item\":\"https:\\\/\\\/akunq.net\\\/tr\"},{\"@type\":\"ListItem\",\"position\":2,\"name\":\"Vak\u0131f se\u00e7imlerini iptal eden genelge h\u00fck\u00fcms\u00fcz\"}]},{\"@type\":\"WebSite\",\"@id\":\"https:\\\/\\\/akunq.net\\\/tr\\\/#website\",\"url\":\"https:\\\/\\\/akunq.net\\\/tr\\\/\",\"name\":\"Bati Ermenistan Ve Bati Ermenileri Sorunlari Ara\u015ftirmalar Merkezi\",\"description\":\"\",\"potentialAction\":[{\"@type\":\"SearchAction\",\"target\":{\"@type\":\"EntryPoint\",\"urlTemplate\":\"https:\\\/\\\/akunq.net\\\/tr\\\/?s={search_term_string}\"},\"query-input\":{\"@type\":\"PropertyValueSpecification\",\"valueRequired\":true,\"valueName\":\"search_term_string\"}}],\"inLanguage\":\"en-US\"},{\"@type\":\"Person\",\"@id\":\"https:\\\/\\\/akunq.net\\\/tr\\\/#\\\/schema\\\/person\\\/096f1d38a12cce57fb855b485ed24c9e\",\"name\":\"admin\",\"url\":\"https:\\\/\\\/akunq.net\\\/tr\\\/?author=7\"}]}<\/script>\n<!-- \/ Yoast SEO plugin. -->","yoast_head_json":{"title":"Vak\u0131f se\u00e7imlerini iptal eden genelge h\u00fck\u00fcms\u00fcz - Bati Ermenistan Ve Bati Ermenileri Sorunlari Ara\u015ftirmalar Merkezi","robots":{"index":"index","follow":"follow","max-snippet":"max-snippet:-1","max-image-preview":"max-image-preview:large","max-video-preview":"max-video-preview:-1"},"canonical":"https:\/\/akunq.net\/tr\/?p=61999","og_locale":"en_US","og_type":"article","og_title":"Vak\u0131f se\u00e7imlerini iptal eden genelge h\u00fck\u00fcms\u00fcz - Bati Ermenistan Ve Bati Ermenileri Sorunlari Ara\u015ftirmalar Merkezi","og_description":"Ankara 7. \u0130dare Mahkemesi az\u0131nl\u0131k toplumlar\u0131n\u0131 ilgilendiren \u00e7ok \u00f6nemli bir karar ald\u0131. Mahkeme, az\u0131nl\u0131k vak\u0131flar\u0131n\u0131n se\u00e7im y\u00f6netmeli\u011fini iptal eden 2013 tarihli genelgeyi h\u00fck\u00fcms\u00fcz k\u0131ld\u0131. Vak\u0131flar Genel M\u00fcd\u00fcrl\u00fc\u011f\u00fc 2013 y\u0131l\u0131nda az\u0131nl\u0131k vak\u0131flar\u0131n\u0131n y\u00f6netim kurullar\u0131n\u0131 se\u00e7im yoluyla olu\u015fturmalar\u0131na imkan veren y\u00f6netmeli\u011fi, daha iyisinin yap\u0131laca\u011f\u0131 gerek\u00e7esiyle iptal etmi\u015fti. Ancak aradan ge\u00e7en sekiz y\u0131ll\u0131k s\u00fcrede yeni y\u00f6netmelik yay\u0131nlanmad\u0131\u011f\u0131 i\u00e7in [&hellip;]","og_url":"https:\/\/akunq.net\/tr\/?p=61999","og_site_name":"Bati Ermenistan Ve Bati Ermenileri Sorunlari Ara\u015ftirmalar Merkezi","article_published_time":"2021-03-23T07:30:12+00:00","og_image":[{"width":660,"height":330,"url":"https:\/\/akunq.net\/tr\/wp-content\/uploads\/sites\/6\/2021\/03\/Vak\u0131f-se\u00e7imleri.jpg","type":"image\/jpeg"}],"author":"admin","twitter_card":"summary_large_image","twitter_misc":{"Written by":"admin","Est. reading time":"1 minute"},"schema":{"@context":"https:\/\/schema.org","@graph":[{"@type":"Article","@id":"https:\/\/akunq.net\/tr\/?p=61999#article","isPartOf":{"@id":"https:\/\/akunq.net\/tr\/?p=61999"},"author":{"name":"admin","@id":"https:\/\/akunq.net\/tr\/#\/schema\/person\/096f1d38a12cce57fb855b485ed24c9e"},"headline":"Vak\u0131f se\u00e7imlerini iptal eden genelge h\u00fck\u00fcms\u00fcz","datePublished":"2021-03-23T07:30:12+00:00","mainEntityOfPage":{"@id":"https:\/\/akunq.net\/tr\/?p=61999"},"wordCount":301,"commentCount":0,"image":{"@id":"https:\/\/akunq.net\/tr\/?p=61999#primaryimage"},"thumbnailUrl":"https:\/\/akunq.net\/tr\/wp-content\/uploads\/sites\/6\/2021\/03\/Vak\u0131f-se\u00e7imleri.jpg","articleSection":["Haberler","T\u00fcrkiye\u2019de Az\u0131nl\u0131klar"],"inLanguage":"en-US","potentialAction":[{"@type":"CommentAction","name":"Comment","target":["https:\/\/akunq.net\/tr\/?p=61999#respond"]}]},{"@type":"WebPage","@id":"https:\/\/akunq.net\/tr\/?p=61999","url":"https:\/\/akunq.net\/tr\/?p=61999","name":"Vak\u0131f se\u00e7imlerini iptal eden genelge h\u00fck\u00fcms\u00fcz - Bati Ermenistan Ve Bati Ermenileri Sorunlari Ara\u015ftirmalar Merkezi","isPartOf":{"@id":"https:\/\/akunq.net\/tr\/#website"},"primaryImageOfPage":{"@id":"https:\/\/akunq.net\/tr\/?p=61999#primaryimage"},"image":{"@id":"https:\/\/akunq.net\/tr\/?p=61999#primaryimage"},"thumbnailUrl":"https:\/\/akunq.net\/tr\/wp-content\/uploads\/sites\/6\/2021\/03\/Vak\u0131f-se\u00e7imleri.jpg","datePublished":"2021-03-23T07:30:12+00:00","author":{"@id":"https:\/\/akunq.net\/tr\/#\/schema\/person\/096f1d38a12cce57fb855b485ed24c9e"},"breadcrumb":{"@id":"https:\/\/akunq.net\/tr\/?p=61999#breadcrumb"},"inLanguage":"en-US","potentialAction":[{"@type":"ReadAction","target":["https:\/\/akunq.net\/tr\/?p=61999"]}]},{"@type":"ImageObject","inLanguage":"en-US","@id":"https:\/\/akunq.net\/tr\/?p=61999#primaryimage","url":"https:\/\/akunq.net\/tr\/wp-content\/uploads\/sites\/6\/2021\/03\/Vak\u0131f-se\u00e7imleri.jpg","contentUrl":"https:\/\/akunq.net\/tr\/wp-content\/uploads\/sites\/6\/2021\/03\/Vak\u0131f-se\u00e7imleri.jpg","width":660,"height":330},{"@type":"BreadcrumbList","@id":"https:\/\/akunq.net\/tr\/?p=61999#breadcrumb","itemListElement":[{"@type":"ListItem","position":1,"name":"Home","item":"https:\/\/akunq.net\/tr"},{"@type":"ListItem","position":2,"name":"Vak\u0131f se\u00e7imlerini iptal eden genelge h\u00fck\u00fcms\u00fcz"}]},{"@type":"WebSite","@id":"https:\/\/akunq.net\/tr\/#website","url":"https:\/\/akunq.net\/tr\/","name":"Bati Ermenistan Ve Bati Ermenileri Sorunlari Ara\u015ftirmalar Merkezi","description":"","potentialAction":[{"@type":"SearchAction","target":{"@type":"EntryPoint","urlTemplate":"https:\/\/akunq.net\/tr\/?s={search_term_string}"},"query-input":{"@type":"PropertyValueSpecification","valueRequired":true,"valueName":"search_term_string"}}],"inLanguage":"en-US"},{"@type":"Person","@id":"https:\/\/akunq.net\/tr\/#\/schema\/person\/096f1d38a12cce57fb855b485ed24c9e","name":"admin","url":"https:\/\/akunq.net\/tr\/?author=7"}]}},"_links":{"self":[{"href":"https:\/\/akunq.net\/tr\/index.php?rest_route=\/wp\/v2\/posts\/61999","targetHints":{"allow":["GET"]}}],"collection":[{"href":"https:\/\/akunq.net\/tr\/index.php?rest_route=\/wp\/v2\/posts"}],"about":[{"href":"https:\/\/akunq.net\/tr\/index.php?rest_route=\/wp\/v2\/types\/post"}],"author":[{"embeddable":true,"href":"https:\/\/akunq.net\/tr\/index.php?rest_route=\/wp\/v2\/users\/7"}],"replies":[{"embeddable":true,"href":"https:\/\/akunq.net\/tr\/index.php?rest_route=%2Fwp%2Fv2%2Fcomments&post=61999"}],"version-history":[{"count":1,"href":"https:\/\/akunq.net\/tr\/index.php?rest_route=\/wp\/v2\/posts\/61999\/revisions"}],"predecessor-version":[{"id":62001,"href":"https:\/\/akunq.net\/tr\/index.php?rest_route=\/wp\/v2\/posts\/61999\/revisions\/62001"}],"wp:featuredmedia":[{"embeddable":true,"href":"https:\/\/akunq.net\/tr\/index.php?rest_route=\/wp\/v2\/media\/62000"}],"wp:attachment":[{"href":"https:\/\/akunq.net\/tr\/index.php?rest_route=%2Fwp%2Fv2%2Fmedia&parent=61999"}],"wp:term":[{"taxonomy":"category","embeddable":true,"href":"https:\/\/akunq.net\/tr\/index.php?rest_route=%2Fwp%2Fv2%2Fcategories&post=61999"},{"taxonomy":"post_tag","embeddable":true,"href":"https:\/\/akunq.net\/tr\/index.php?rest_route=%2Fwp%2Fv2%2Ftags&post=61999"}],"curies":[{"name":"wp","href":"https:\/\/api.w.org\/{rel}","templated":true}]}}