{"id":61992,"date":"2021-03-22T04:45:26","date_gmt":"2021-03-22T09:45:26","guid":{"rendered":"https:\/\/akunq.net\/tr\/?p=61992"},"modified":"2021-03-22T04:45:37","modified_gmt":"2021-03-22T09:45:37","slug":"son-talat-gidene-kadar","status":"publish","type":"post","link":"https:\/\/akunq.net\/tr\/?p=61992","title":{"rendered":"Son Talat gidene kadar!"},"content":{"rendered":"<p><img loading=\"lazy\" decoding=\"async\" class=\"aligncenter size-medium wp-image-61993\" src=\"https:\/\/akunq.net\/tr\/wp-content\/uploads\/2021\/03\/Son-Talat-360x208.jpg\" alt=\"\" width=\"360\" height=\"208\" srcset=\"https:\/\/akunq.net\/tr\/wp-content\/uploads\/sites\/6\/2021\/03\/Son-Talat-360x208.jpg 360w, https:\/\/akunq.net\/tr\/wp-content\/uploads\/sites\/6\/2021\/03\/Son-Talat-768x444.jpg 768w, https:\/\/akunq.net\/tr\/wp-content\/uploads\/sites\/6\/2021\/03\/Son-Talat-560x324.jpg 560w, https:\/\/akunq.net\/tr\/wp-content\/uploads\/sites\/6\/2021\/03\/Son-Talat-260x150.jpg 260w, https:\/\/akunq.net\/tr\/wp-content\/uploads\/sites\/6\/2021\/03\/Son-Talat-160x93.jpg 160w, https:\/\/akunq.net\/tr\/wp-content\/uploads\/sites\/6\/2021\/03\/Son-Talat.jpg 800w\" sizes=\"auto, (max-width: 360px) 100vw, 360px\" \/><\/p>\n<p class=\"post-title\"><strong>Aris Nalc\u0131<\/strong><\/p>\n<p><em><strong>\u00dcnl\u00fc Ermeni kompozit\u00f6r Gomidas Osmanl\u0131 m\u00fczi\u011fini Almanya\u2019da temsil etmi\u015f \u00f6nemli bir isimdi. Bu memlekete emin olun \u00e7ok katk\u0131 sa\u011flam\u0131\u015ft\u0131. Ezan bile derledi gezdi\u011fi y\u00f6relerden\u2026<\/strong><\/em><\/p>\n<p>100 senedir de\u011fi\u015fmedi. D\u00f6n dola\u015f ayn\u0131 kuyunun dibinde buldu kendini T\u00fcrkiye.<\/p>\n<p>Asl\u0131nda o kuyudan hi\u00e7 \u00e7\u0131kmad\u0131 100 y\u0131ld\u0131r.<\/p>\n<p>2023\u2019te uzaya \u00e7\u0131kmaya, kendi silah\u0131n\u0131 yapmaya, denizleri fethetmeye haz\u0131rlan\u0131rken yine o \u00e7ukurdan sesleniyor\u2026<\/p>\n<p>Kuyunun dibindekiler \u00e7ekiyor T\u00fcrkiye\u2019yi i\u00e7eriye.<\/p>\n<p>Kuyu \u00e7ok derin.<\/p>\n<p>\u00dcnl\u00fc Ermeni kompozit\u00f6r Gomidas Osmanl\u0131 m\u00fczi\u011fini Almanya\u2019da temsil etmi\u015f \u00f6nemli bir isimdi. Bu memlekete emin olun kendisiyle d\u00f6nemda\u015f askerlerdeni generallerden daha \u00e7ok katk\u0131 sa\u011flam\u0131\u015ft\u0131.<\/p>\n<p>Ezan bile derledi gezdi\u011fi y\u00f6relerden. O da k\u00fclt\u00fcrd\u00fc \u00e7\u00fcnk\u00fc.<\/p>\n<p>K\u00fctahyal\u0131yd\u0131\u2026<\/p>\n<p>Hani ge\u00e7enlerde y\u0131kt\u0131klar\u0131 kiliseye giderdi. Mahallesini y\u0131kt\u0131lar 2021\u2019de.<\/p>\n<p>Kendisini de 1915\u2019te s\u00fcrg\u00fcn ettiler.<\/p>\n<p>Halide Edip\u2019in araya girmesiyle, gitti\u011fi soyk\u0131r\u0131m yolundan arkada\u015flar\u0131n\u0131 geride b\u0131rakarak \u0130stanbul\u2019a d\u00f6nd\u00fc\u011f\u00fc s\u00f6ylenir.<\/p>\n<p>Gomidas d\u00f6nd\u00fckten sonra bir daha eskisi gibi \u00fcretimde bulunamaz.<\/p>\n<p>\u0130stanbul\u2019da Elmada\u011f\u2019da bah\u00e7esinde bir kuyu olan evde kal\u0131rm\u0131\u015f s\u00fcrg\u00fcnden d\u00f6nd\u00fckten sonra.<\/p>\n<p>Kanada\u2019ya g\u00f6\u00e7 etmi\u015f bir kom\u015fusu anlat\u0131r. D\u00f6nd\u00fckten sonra s\u0131k s\u0131k geceleri bah\u00e7eye ko\u015far, kuyuya sarkar ve ba\u011f\u0131r\u0131rm\u0131\u015f.<\/p>\n<p>Tanyeeeeelll,<\/p>\n<p>Varujannn,<\/p>\n<p>Yeruhan.<\/p>\n<p>Onunla s\u00fcrg\u00fcne g\u00f6nderilen ama asla geri gelmeyen Ermeni entelekt\u00fceller bu isimler.<\/p>\n<p>Arkada\u015flar\u0131, dostlar\u0131, yolda\u015flar\u0131yd\u0131.<\/p>\n<p>\u0130\u015fte T\u00fcrkiye\u2019nin d\u00f6n\u00fcp dola\u015f\u0131p i\u00e7ine d\u00fc\u015ft\u00fc\u011f\u00fc kuyunun derinlerindeki Tanyelleri Varujanlar, Yeruhanlar\u0131n hayaletleri \u00e7ekiyor T\u00fcrkiye\u2019yi geri o kuyuya.<\/p>\n<p>Korku filmi gibi.<\/p>\n<p>Kuyu derin ve dibini g\u00f6remiyor iktidarlar bir t\u00fcrl\u00fc.<\/p>\n<p>Talat\u2019t\u0131, \u015fimdi Talatlar oldular\u2026<\/p>\n<p>Biri gitti 1000\u2019i gelecek deniyordu ya. \u0130\u015fte o 1000\u2019lerin bug\u00fcn v\u00fccut buldu\u011fu siyasi partiler, kurumlar, \u00fcniversitelere kar\u015f\u0131 m\u00fccadele s\u00fcr\u00fcyor bug\u00fcn de. \u00d6ld\u00fcr\u00fclmesinin 100. y\u0131l\u0131nda onu anan milletvekilleri ve askerleri bug\u00fcn T\u00fcrkiye\u2019yi kuyuya tekrar geri itiyor.<\/p>\n<p>O zaman Talat idi \u015fimdi Talatlar var etraf\u0131m\u0131zda.<\/p>\n<p>O zaman Ermenilerdi, \u015fimdi K\u00fcrtler.<\/p>\n<p>O zaman elleri kanl\u0131yd\u0131, \u015fimdi savc\u0131lar\u0131.<\/p>\n<p>Demokrasi\u2019nin karde\u015fli\u011fin, iyi olan ne varsa onun kar\u015f\u0131s\u0131nda duranlar, bug\u00fcn \u00d6mer Faruk Gergerlio\u011flu\u2019nun milletvekilli\u011fini d\u00fc\u015f\u00fcr\u00fcyor, HDP\u2019ye haz\u0131rda bekletilen kapatma davas\u0131n\u0131 a\u00e7\u0131yor.<\/p>\n<p>O zaman siyasete cesaret edip d\u00fc\u015f\u00fcnebilen milyonlar\u0131 katlediyorlard\u0131, \u015fimdi siyaset yapan partilerin \u00fcyelerini hapsediyorlar.<\/p>\n<p>Talat gitti Talatlar geldi.<\/p>\n<p>Do\u011frudur.<\/p>\n<p>100 y\u0131l \u00f6nce milyonlar\u0131 katledenler, ellerinde olsa HDP\u2019ye oy veren milyonlara da ayn\u0131 kaderi hak g\u00f6recekler.<\/p>\n<p>Ast\u0131n\u0131z bitmedi (Ermeni sosyalistler, Paramazlar\u2026)<\/p>\n<p>Kestiniz bitmedi (Soyk\u0131r\u0131m)<\/p>\n<p>S\u00f6m\u00fcrd\u00fcn\u00fcz bitmedi (Varl\u0131k vergisi)<\/p>\n<p>Ezdiniz bitmedi (Vatanda\u015f T\u00fcrk\u00e7e Konu\u015f ve daha niceleri)<\/p>\n<p>Bitiremediniz.<\/p>\n<p>Bitiremeyeceksiniz.<\/p>\n<p>Son Talat bitene kadar demokrasi m\u00fccadelesi devam edecek.<\/p>\n<hr \/>\n<p><em><strong><a href=\"https:\/\/artigercek.com\/yazarlar\/aris-nalci\/son-talat-gidene-kadar\" target=\"_blank\" rel=\"noopener noreferrer\">Art\u0131 Ger\u00e7ek<\/a><\/strong><\/em><\/p>\n","protected":false},"excerpt":{"rendered":"<p>Aris Nalc\u0131 \u00dcnl\u00fc Ermeni kompozit\u00f6r Gomidas Osmanl\u0131 m\u00fczi\u011fini Almanya\u2019da temsil etmi\u015f \u00f6nemli bir isimdi. Bu memlekete emin olun \u00e7ok katk\u0131 sa\u011flam\u0131\u015ft\u0131. Ezan bile derledi gezdi\u011fi y\u00f6relerden\u2026 100 senedir de\u011fi\u015fmedi. D\u00f6n dola\u015f ayn\u0131 kuyunun dibinde buldu kendini T\u00fcrkiye. Asl\u0131nda o kuyudan hi\u00e7 \u00e7\u0131kmad\u0131 100 y\u0131ld\u0131r. 2023\u2019te uzaya \u00e7\u0131kmaya, kendi silah\u0131n\u0131 yapmaya, denizleri fethetmeye haz\u0131rlan\u0131rken yine o [&hellip;]<\/p>\n","protected":false},"author":7,"featured_media":61993,"comment_status":"open","ping_status":"open","sticky":false,"template":"","format":"standard","meta":{"footnotes":""},"categories":[1,70],"tags":[],"class_list":["post-61992","post","type-post","status-publish","format-standard","has-post-thumbnail","hentry","category-haberler","category-makaleler"],"yoast_head":"<!-- This site is optimized with the Yoast SEO plugin v27.4 - https:\/\/yoast.com\/product\/yoast-seo-wordpress\/ -->\n<title>Son Talat gidene kadar! - Bati Ermenistan Ve Bati Ermenileri Sorunlari Ara\u015ftirmalar Merkezi<\/title>\n<meta name=\"robots\" content=\"index, follow, max-snippet:-1, max-image-preview:large, max-video-preview:-1\" \/>\n<link rel=\"canonical\" href=\"https:\/\/akunq.net\/tr\/?p=61992\" \/>\n<meta property=\"og:locale\" content=\"en_US\" \/>\n<meta property=\"og:type\" content=\"article\" \/>\n<meta property=\"og:title\" content=\"Son Talat gidene kadar! - Bati Ermenistan Ve Bati Ermenileri Sorunlari Ara\u015ftirmalar Merkezi\" \/>\n<meta property=\"og:description\" content=\"Aris Nalc\u0131 \u00dcnl\u00fc Ermeni kompozit\u00f6r Gomidas Osmanl\u0131 m\u00fczi\u011fini Almanya\u2019da temsil etmi\u015f \u00f6nemli bir isimdi. Bu memlekete emin olun \u00e7ok katk\u0131 sa\u011flam\u0131\u015ft\u0131. Ezan bile derledi gezdi\u011fi y\u00f6relerden\u2026 100 senedir de\u011fi\u015fmedi. D\u00f6n dola\u015f ayn\u0131 kuyunun dibinde buldu kendini T\u00fcrkiye. Asl\u0131nda o kuyudan hi\u00e7 \u00e7\u0131kmad\u0131 100 y\u0131ld\u0131r. 2023\u2019te uzaya \u00e7\u0131kmaya, kendi silah\u0131n\u0131 yapmaya, denizleri fethetmeye haz\u0131rlan\u0131rken yine o [&hellip;]\" \/>\n<meta property=\"og:url\" content=\"https:\/\/akunq.net\/tr\/?p=61992\" \/>\n<meta property=\"og:site_name\" content=\"Bati Ermenistan Ve Bati Ermenileri Sorunlari Ara\u015ftirmalar Merkezi\" \/>\n<meta property=\"article:published_time\" content=\"2021-03-22T09:45:26+00:00\" \/>\n<meta property=\"article:modified_time\" content=\"2021-03-22T09:45:37+00:00\" \/>\n<meta property=\"og:image\" content=\"https:\/\/akunq.net\/tr\/wp-content\/uploads\/sites\/6\/2021\/03\/Son-Talat.jpg\" \/>\n\t<meta property=\"og:image:width\" content=\"800\" \/>\n\t<meta property=\"og:image:height\" content=\"463\" \/>\n\t<meta property=\"og:image:type\" content=\"image\/jpeg\" \/>\n<meta name=\"author\" content=\"admin\" \/>\n<meta name=\"twitter:card\" content=\"summary_large_image\" \/>\n<meta name=\"twitter:label1\" content=\"Written by\" \/>\n\t<meta name=\"twitter:data1\" content=\"admin\" \/>\n\t<meta name=\"twitter:label2\" content=\"Est. reading time\" \/>\n\t<meta name=\"twitter:data2\" content=\"2 minutes\" \/>\n<script type=\"application\/ld+json\" class=\"yoast-schema-graph\">{\"@context\":\"https:\\\/\\\/schema.org\",\"@graph\":[{\"@type\":\"Article\",\"@id\":\"https:\\\/\\\/akunq.net\\\/tr\\\/?p=61992#article\",\"isPartOf\":{\"@id\":\"https:\\\/\\\/akunq.net\\\/tr\\\/?p=61992\"},\"author\":{\"name\":\"admin\",\"@id\":\"https:\\\/\\\/akunq.net\\\/tr\\\/#\\\/schema\\\/person\\\/096f1d38a12cce57fb855b485ed24c9e\"},\"headline\":\"Son Talat gidene kadar!\",\"datePublished\":\"2021-03-22T09:45:26+00:00\",\"dateModified\":\"2021-03-22T09:45:37+00:00\",\"mainEntityOfPage\":{\"@id\":\"https:\\\/\\\/akunq.net\\\/tr\\\/?p=61992\"},\"wordCount\":497,\"commentCount\":0,\"image\":{\"@id\":\"https:\\\/\\\/akunq.net\\\/tr\\\/?p=61992#primaryimage\"},\"thumbnailUrl\":\"https:\\\/\\\/akunq.net\\\/tr\\\/wp-content\\\/uploads\\\/sites\\\/6\\\/2021\\\/03\\\/Son-Talat.jpg\",\"articleSection\":[\"Haberler\",\"Makaleler\"],\"inLanguage\":\"en-US\",\"potentialAction\":[{\"@type\":\"CommentAction\",\"name\":\"Comment\",\"target\":[\"https:\\\/\\\/akunq.net\\\/tr\\\/?p=61992#respond\"]}]},{\"@type\":\"WebPage\",\"@id\":\"https:\\\/\\\/akunq.net\\\/tr\\\/?p=61992\",\"url\":\"https:\\\/\\\/akunq.net\\\/tr\\\/?p=61992\",\"name\":\"Son Talat gidene kadar! - Bati Ermenistan Ve Bati Ermenileri Sorunlari Ara\u015ftirmalar Merkezi\",\"isPartOf\":{\"@id\":\"https:\\\/\\\/akunq.net\\\/tr\\\/#website\"},\"primaryImageOfPage\":{\"@id\":\"https:\\\/\\\/akunq.net\\\/tr\\\/?p=61992#primaryimage\"},\"image\":{\"@id\":\"https:\\\/\\\/akunq.net\\\/tr\\\/?p=61992#primaryimage\"},\"thumbnailUrl\":\"https:\\\/\\\/akunq.net\\\/tr\\\/wp-content\\\/uploads\\\/sites\\\/6\\\/2021\\\/03\\\/Son-Talat.jpg\",\"datePublished\":\"2021-03-22T09:45:26+00:00\",\"dateModified\":\"2021-03-22T09:45:37+00:00\",\"author\":{\"@id\":\"https:\\\/\\\/akunq.net\\\/tr\\\/#\\\/schema\\\/person\\\/096f1d38a12cce57fb855b485ed24c9e\"},\"breadcrumb\":{\"@id\":\"https:\\\/\\\/akunq.net\\\/tr\\\/?p=61992#breadcrumb\"},\"inLanguage\":\"en-US\",\"potentialAction\":[{\"@type\":\"ReadAction\",\"target\":[\"https:\\\/\\\/akunq.net\\\/tr\\\/?p=61992\"]}]},{\"@type\":\"ImageObject\",\"inLanguage\":\"en-US\",\"@id\":\"https:\\\/\\\/akunq.net\\\/tr\\\/?p=61992#primaryimage\",\"url\":\"https:\\\/\\\/akunq.net\\\/tr\\\/wp-content\\\/uploads\\\/sites\\\/6\\\/2021\\\/03\\\/Son-Talat.jpg\",\"contentUrl\":\"https:\\\/\\\/akunq.net\\\/tr\\\/wp-content\\\/uploads\\\/sites\\\/6\\\/2021\\\/03\\\/Son-Talat.jpg\",\"width\":800,\"height\":463},{\"@type\":\"BreadcrumbList\",\"@id\":\"https:\\\/\\\/akunq.net\\\/tr\\\/?p=61992#breadcrumb\",\"itemListElement\":[{\"@type\":\"ListItem\",\"position\":1,\"name\":\"Home\",\"item\":\"https:\\\/\\\/akunq.net\\\/tr\"},{\"@type\":\"ListItem\",\"position\":2,\"name\":\"Son Talat gidene kadar!\"}]},{\"@type\":\"WebSite\",\"@id\":\"https:\\\/\\\/akunq.net\\\/tr\\\/#website\",\"url\":\"https:\\\/\\\/akunq.net\\\/tr\\\/\",\"name\":\"Bati Ermenistan Ve Bati Ermenileri Sorunlari Ara\u015ftirmalar Merkezi\",\"description\":\"\",\"potentialAction\":[{\"@type\":\"SearchAction\",\"target\":{\"@type\":\"EntryPoint\",\"urlTemplate\":\"https:\\\/\\\/akunq.net\\\/tr\\\/?s={search_term_string}\"},\"query-input\":{\"@type\":\"PropertyValueSpecification\",\"valueRequired\":true,\"valueName\":\"search_term_string\"}}],\"inLanguage\":\"en-US\"},{\"@type\":\"Person\",\"@id\":\"https:\\\/\\\/akunq.net\\\/tr\\\/#\\\/schema\\\/person\\\/096f1d38a12cce57fb855b485ed24c9e\",\"name\":\"admin\",\"url\":\"https:\\\/\\\/akunq.net\\\/tr\\\/?author=7\"}]}<\/script>\n<!-- \/ Yoast SEO plugin. -->","yoast_head_json":{"title":"Son Talat gidene kadar! - Bati Ermenistan Ve Bati Ermenileri Sorunlari Ara\u015ftirmalar Merkezi","robots":{"index":"index","follow":"follow","max-snippet":"max-snippet:-1","max-image-preview":"max-image-preview:large","max-video-preview":"max-video-preview:-1"},"canonical":"https:\/\/akunq.net\/tr\/?p=61992","og_locale":"en_US","og_type":"article","og_title":"Son Talat gidene kadar! - Bati Ermenistan Ve Bati Ermenileri Sorunlari Ara\u015ftirmalar Merkezi","og_description":"Aris Nalc\u0131 \u00dcnl\u00fc Ermeni kompozit\u00f6r Gomidas Osmanl\u0131 m\u00fczi\u011fini Almanya\u2019da temsil etmi\u015f \u00f6nemli bir isimdi. Bu memlekete emin olun \u00e7ok katk\u0131 sa\u011flam\u0131\u015ft\u0131. Ezan bile derledi gezdi\u011fi y\u00f6relerden\u2026 100 senedir de\u011fi\u015fmedi. D\u00f6n dola\u015f ayn\u0131 kuyunun dibinde buldu kendini T\u00fcrkiye. Asl\u0131nda o kuyudan hi\u00e7 \u00e7\u0131kmad\u0131 100 y\u0131ld\u0131r. 2023\u2019te uzaya \u00e7\u0131kmaya, kendi silah\u0131n\u0131 yapmaya, denizleri fethetmeye haz\u0131rlan\u0131rken yine o [&hellip;]","og_url":"https:\/\/akunq.net\/tr\/?p=61992","og_site_name":"Bati Ermenistan Ve Bati Ermenileri Sorunlari Ara\u015ftirmalar Merkezi","article_published_time":"2021-03-22T09:45:26+00:00","article_modified_time":"2021-03-22T09:45:37+00:00","og_image":[{"width":800,"height":463,"url":"https:\/\/akunq.net\/tr\/wp-content\/uploads\/sites\/6\/2021\/03\/Son-Talat.jpg","type":"image\/jpeg"}],"author":"admin","twitter_card":"summary_large_image","twitter_misc":{"Written by":"admin","Est. reading time":"2 minutes"},"schema":{"@context":"https:\/\/schema.org","@graph":[{"@type":"Article","@id":"https:\/\/akunq.net\/tr\/?p=61992#article","isPartOf":{"@id":"https:\/\/akunq.net\/tr\/?p=61992"},"author":{"name":"admin","@id":"https:\/\/akunq.net\/tr\/#\/schema\/person\/096f1d38a12cce57fb855b485ed24c9e"},"headline":"Son Talat gidene kadar!","datePublished":"2021-03-22T09:45:26+00:00","dateModified":"2021-03-22T09:45:37+00:00","mainEntityOfPage":{"@id":"https:\/\/akunq.net\/tr\/?p=61992"},"wordCount":497,"commentCount":0,"image":{"@id":"https:\/\/akunq.net\/tr\/?p=61992#primaryimage"},"thumbnailUrl":"https:\/\/akunq.net\/tr\/wp-content\/uploads\/sites\/6\/2021\/03\/Son-Talat.jpg","articleSection":["Haberler","Makaleler"],"inLanguage":"en-US","potentialAction":[{"@type":"CommentAction","name":"Comment","target":["https:\/\/akunq.net\/tr\/?p=61992#respond"]}]},{"@type":"WebPage","@id":"https:\/\/akunq.net\/tr\/?p=61992","url":"https:\/\/akunq.net\/tr\/?p=61992","name":"Son Talat gidene kadar! - Bati Ermenistan Ve Bati Ermenileri Sorunlari Ara\u015ftirmalar Merkezi","isPartOf":{"@id":"https:\/\/akunq.net\/tr\/#website"},"primaryImageOfPage":{"@id":"https:\/\/akunq.net\/tr\/?p=61992#primaryimage"},"image":{"@id":"https:\/\/akunq.net\/tr\/?p=61992#primaryimage"},"thumbnailUrl":"https:\/\/akunq.net\/tr\/wp-content\/uploads\/sites\/6\/2021\/03\/Son-Talat.jpg","datePublished":"2021-03-22T09:45:26+00:00","dateModified":"2021-03-22T09:45:37+00:00","author":{"@id":"https:\/\/akunq.net\/tr\/#\/schema\/person\/096f1d38a12cce57fb855b485ed24c9e"},"breadcrumb":{"@id":"https:\/\/akunq.net\/tr\/?p=61992#breadcrumb"},"inLanguage":"en-US","potentialAction":[{"@type":"ReadAction","target":["https:\/\/akunq.net\/tr\/?p=61992"]}]},{"@type":"ImageObject","inLanguage":"en-US","@id":"https:\/\/akunq.net\/tr\/?p=61992#primaryimage","url":"https:\/\/akunq.net\/tr\/wp-content\/uploads\/sites\/6\/2021\/03\/Son-Talat.jpg","contentUrl":"https:\/\/akunq.net\/tr\/wp-content\/uploads\/sites\/6\/2021\/03\/Son-Talat.jpg","width":800,"height":463},{"@type":"BreadcrumbList","@id":"https:\/\/akunq.net\/tr\/?p=61992#breadcrumb","itemListElement":[{"@type":"ListItem","position":1,"name":"Home","item":"https:\/\/akunq.net\/tr"},{"@type":"ListItem","position":2,"name":"Son Talat gidene kadar!"}]},{"@type":"WebSite","@id":"https:\/\/akunq.net\/tr\/#website","url":"https:\/\/akunq.net\/tr\/","name":"Bati Ermenistan Ve Bati Ermenileri Sorunlari Ara\u015ftirmalar Merkezi","description":"","potentialAction":[{"@type":"SearchAction","target":{"@type":"EntryPoint","urlTemplate":"https:\/\/akunq.net\/tr\/?s={search_term_string}"},"query-input":{"@type":"PropertyValueSpecification","valueRequired":true,"valueName":"search_term_string"}}],"inLanguage":"en-US"},{"@type":"Person","@id":"https:\/\/akunq.net\/tr\/#\/schema\/person\/096f1d38a12cce57fb855b485ed24c9e","name":"admin","url":"https:\/\/akunq.net\/tr\/?author=7"}]}},"_links":{"self":[{"href":"https:\/\/akunq.net\/tr\/index.php?rest_route=\/wp\/v2\/posts\/61992","targetHints":{"allow":["GET"]}}],"collection":[{"href":"https:\/\/akunq.net\/tr\/index.php?rest_route=\/wp\/v2\/posts"}],"about":[{"href":"https:\/\/akunq.net\/tr\/index.php?rest_route=\/wp\/v2\/types\/post"}],"author":[{"embeddable":true,"href":"https:\/\/akunq.net\/tr\/index.php?rest_route=\/wp\/v2\/users\/7"}],"replies":[{"embeddable":true,"href":"https:\/\/akunq.net\/tr\/index.php?rest_route=%2Fwp%2Fv2%2Fcomments&post=61992"}],"version-history":[{"count":1,"href":"https:\/\/akunq.net\/tr\/index.php?rest_route=\/wp\/v2\/posts\/61992\/revisions"}],"predecessor-version":[{"id":61994,"href":"https:\/\/akunq.net\/tr\/index.php?rest_route=\/wp\/v2\/posts\/61992\/revisions\/61994"}],"wp:featuredmedia":[{"embeddable":true,"href":"https:\/\/akunq.net\/tr\/index.php?rest_route=\/wp\/v2\/media\/61993"}],"wp:attachment":[{"href":"https:\/\/akunq.net\/tr\/index.php?rest_route=%2Fwp%2Fv2%2Fmedia&parent=61992"}],"wp:term":[{"taxonomy":"category","embeddable":true,"href":"https:\/\/akunq.net\/tr\/index.php?rest_route=%2Fwp%2Fv2%2Fcategories&post=61992"},{"taxonomy":"post_tag","embeddable":true,"href":"https:\/\/akunq.net\/tr\/index.php?rest_route=%2Fwp%2Fv2%2Ftags&post=61992"}],"curies":[{"name":"wp","href":"https:\/\/api.w.org\/{rel}","templated":true}]}}