{"id":61983,"date":"2021-03-22T04:10:23","date_gmt":"2021-03-22T09:10:23","guid":{"rendered":"https:\/\/akunq.net\/tr\/?p=61983"},"modified":"2021-03-22T04:10:23","modified_gmt":"2021-03-22T09:10:23","slug":"metruk-halde-bulunan-sinagogun-kapisi-yakilmaya-calisildi","status":"publish","type":"post","link":"https:\/\/akunq.net\/tr\/?p=61983","title":{"rendered":"Metruk halde bulunan sinagogun kap\u0131s\u0131 yak\u0131lmaya \u00e7al\u0131\u015f\u0131ld\u0131"},"content":{"rendered":"<p><img loading=\"lazy\" decoding=\"async\" class=\"aligncenter size-medium wp-image-61984\" src=\"https:\/\/akunq.net\/tr\/wp-content\/uploads\/2021\/03\/sinagogun-kap\u0131s\u0131-360x218.jpg\" alt=\"\" width=\"360\" height=\"218\" srcset=\"https:\/\/akunq.net\/tr\/wp-content\/uploads\/sites\/6\/2021\/03\/sinagogun-kap\u0131s\u0131-360x218.jpg 360w, https:\/\/akunq.net\/tr\/wp-content\/uploads\/sites\/6\/2021\/03\/sinagogun-kap\u0131s\u0131-768x466.jpg 768w, https:\/\/akunq.net\/tr\/wp-content\/uploads\/sites\/6\/2021\/03\/sinagogun-kap\u0131s\u0131-560x340.jpg 560w, https:\/\/akunq.net\/tr\/wp-content\/uploads\/sites\/6\/2021\/03\/sinagogun-kap\u0131s\u0131-260x158.jpg 260w, https:\/\/akunq.net\/tr\/wp-content\/uploads\/sites\/6\/2021\/03\/sinagogun-kap\u0131s\u0131-160x97.jpg 160w, https:\/\/akunq.net\/tr\/wp-content\/uploads\/sites\/6\/2021\/03\/sinagogun-kap\u0131s\u0131.jpg 865w\" sizes=\"auto, (max-width: 360px) 100vw, 360px\" \/><\/p>\n<p><strong><em>\u0130stanbul\u00b4un Ayvansaray mahallesinde bulunan tarihi Kasturya Sinagogu\u00b4nun kap\u0131s\u0131, kimli\u011fi belirsiz ki\u015filer taraf\u0131ndan ate\u015fe verildi. G\u00f6rg\u00fc tan\u0131\u011f\u0131 Serhat Ers\u00fcrel, ya\u015fananlar\u0131 anlatt\u0131.<\/em><\/strong><\/p>\n<p>1893\u2019de in\u015fa edilen ve 1937 y\u0131l\u0131nda b\u00fcy\u00fck \u00f6l\u00e7\u00fcde y\u0131k\u0131lan Kasturya Sinagogu\u2019nun g\u00fcn\u00fcm\u00fcze sadece tarihi kap\u0131s\u0131 ve baz\u0131 kal\u0131nt\u0131lar\u0131 ula\u015fm\u0131\u015ft\u0131. Snob Magazin\u2019den Arif H\u00fcr\u2019\u00fcn haberine g\u00f6re,d\u00fcn gece Kasturya Sinagogu\u2019nun kap\u0131s\u0131 ve baz\u0131 kal\u0131nt\u0131lar\u0131 kimli\u011fi belirsiz ki\u015filer taraf\u0131ndan ate\u015fe verildi.<\/p>\n<p>G\u00f6rg\u00fc tan\u0131\u011f\u0131 Serhat Ers\u00fcrel, \u201cYoldan ge\u00e7ti\u011fim esnada Kasturya Sinagogu\u2019nun kap\u0131s\u0131ndan dumanlar \u00e7\u0131kt\u0131\u011f\u0131n\u0131 g\u00f6rd\u00fcm. Arabamdan yang\u0131n t\u00fcp\u00fcn\u00fc al\u0131p ilk m\u00fcdahaleyi yapt\u0131m. Sonras\u0131nda itfaiye ekiplerine haber verdim. Onlar da yang\u0131n\u0131 s\u00f6nd\u00fcrd\u00fc. Ama sinagogun kap\u0131s\u0131nda tahribat olu\u015ftu\u201d dedi.<\/p>\n<p>Kasturya Sinagogu, ge\u00e7ti\u011fimiz y\u0131llarda Vak\u0131flar Genel M\u00fcd\u00fcrl\u00fc\u011f\u00fc\u2019ne devredilmi\u015fti. Eyl\u00fcl 2020\u2019de Kasturya Sinagogu\u2019nda restorasyon \u00e7al\u0131\u015fmalar\u0131na ba\u015flanm\u0131\u015ft\u0131. Kaz\u0131 \u00e7al\u0131\u015fmalar\u0131yla tarihi sinagog binas\u0131n\u0131n baz\u0131 temel kal\u0131nt\u0131lar\u0131 ile birlikte uzun y\u0131llar toprak alt\u0131nda kalm\u0131\u015f olan duvarlardan par\u00e7alar ortaya \u00e7\u0131kar\u0131lm\u0131\u015ft\u0131.<\/p>\n<p>S\u00f6z konusu \u00e7al\u0131\u015fmadan sonra arsay\u0131 \u00e7evreleyen duvardaki bo\u015fluk, tahta perdeyle kapat\u0131lm\u0131\u015f ve oradaki g\u00f6revli de bir s\u00fcre \u00f6nce ayr\u0131lm\u0131\u015ft\u0131.<\/p>\n<p>Daha sonra herhangi bir \u00e7al\u0131\u015fma yap\u0131lmad\u0131. Kal\u0131nt\u0131lar\u0131 korumak i\u00e7in kurulan ve ortas\u0131ndan kilitlenen tahta perdeler birka\u00e7 g\u00fcn \u00f6nce k\u0131r\u0131ld\u0131 ve i\u00e7eriye kimli\u011fi belirsiz ki\u015filer girmeye ba\u015flad\u0131.<\/p>\n<p>Tarihi Kasturya Sinagogu\u2019nun kap\u0131s\u0131n\u0131 kim veya kimlerin ate\u015fe verdi\u011fi, olayda kas\u0131t olup olmad\u0131\u011f\u0131 yap\u0131lan incelemeler sonras\u0131 ortaya \u00e7\u0131kacak.<\/p>\n<p>Hemen s\u00f6nd\u00fcr\u00fclen yang\u0131n\u0131n \u00e7evredeki tinerci \u00e7ocuklar taraf\u0131ndan \u00e7\u0131kar\u0131ld\u0131\u011f\u0131 iddia edildi.<\/p>\n<p>Kasturya Sinagogu, Yunanistan\u2019\u0131n Makedonya b\u00f6lgesindeki Kastoria kentinden gelen birka\u00e7 Sefarad as\u0131ll\u0131 Yahudi aile taraf\u0131ndan kurulmu\u015ftu. G\u00fcn\u00fcm\u00fcze yaln\u0131zca avlusunun giri\u015f kap\u0131s\u0131 ula\u015fm\u0131\u015ft\u0131.<\/p>\n<hr \/>\n<p><em><strong><a href=\"https:\/\/www.salom.com.tr\/haber-117915-metruk_halde_bulunan_sinagogun_kapisi_yakilmaya_calisildi.html\" target=\"_blank\" rel=\"noopener noreferrer\">\u015ealom Gazetesi<\/a><\/strong><\/em><\/p>\n","protected":false},"excerpt":{"rendered":"<p>\u0130stanbul\u00b4un Ayvansaray mahallesinde bulunan tarihi Kasturya Sinagogu\u00b4nun kap\u0131s\u0131, kimli\u011fi belirsiz ki\u015filer taraf\u0131ndan ate\u015fe verildi. G\u00f6rg\u00fc tan\u0131\u011f\u0131 Serhat Ers\u00fcrel, ya\u015fananlar\u0131 anlatt\u0131. 1893\u2019de in\u015fa edilen ve 1937 y\u0131l\u0131nda b\u00fcy\u00fck \u00f6l\u00e7\u00fcde y\u0131k\u0131lan Kasturya Sinagogu\u2019nun g\u00fcn\u00fcm\u00fcze sadece tarihi kap\u0131s\u0131 ve baz\u0131 kal\u0131nt\u0131lar\u0131 ula\u015fm\u0131\u015ft\u0131. Snob Magazin\u2019den Arif H\u00fcr\u2019\u00fcn haberine g\u00f6re,d\u00fcn gece Kasturya Sinagogu\u2019nun kap\u0131s\u0131 ve baz\u0131 kal\u0131nt\u0131lar\u0131 kimli\u011fi belirsiz ki\u015filer [&hellip;]<\/p>\n","protected":false},"author":7,"featured_media":61984,"comment_status":"open","ping_status":"open","sticky":false,"template":"","format":"standard","meta":{"footnotes":""},"categories":[1],"tags":[],"class_list":["post-61983","post","type-post","status-publish","format-standard","has-post-thumbnail","hentry","category-haberler"],"yoast_head":"<!-- This site is optimized with the Yoast SEO plugin v27.4 - https:\/\/yoast.com\/product\/yoast-seo-wordpress\/ -->\n<title>Metruk halde bulunan sinagogun kap\u0131s\u0131 yak\u0131lmaya \u00e7al\u0131\u015f\u0131ld\u0131 - Bati Ermenistan Ve Bati Ermenileri Sorunlari Ara\u015ftirmalar Merkezi<\/title>\n<meta name=\"robots\" content=\"index, follow, max-snippet:-1, max-image-preview:large, max-video-preview:-1\" \/>\n<link rel=\"canonical\" href=\"https:\/\/akunq.net\/tr\/?p=61983\" \/>\n<meta property=\"og:locale\" content=\"en_US\" \/>\n<meta property=\"og:type\" content=\"article\" \/>\n<meta property=\"og:title\" content=\"Metruk halde bulunan sinagogun kap\u0131s\u0131 yak\u0131lmaya \u00e7al\u0131\u015f\u0131ld\u0131 - Bati Ermenistan Ve Bati Ermenileri Sorunlari Ara\u015ftirmalar Merkezi\" \/>\n<meta property=\"og:description\" content=\"\u0130stanbul\u00b4un Ayvansaray mahallesinde bulunan tarihi Kasturya Sinagogu\u00b4nun kap\u0131s\u0131, kimli\u011fi belirsiz ki\u015filer taraf\u0131ndan ate\u015fe verildi. G\u00f6rg\u00fc tan\u0131\u011f\u0131 Serhat Ers\u00fcrel, ya\u015fananlar\u0131 anlatt\u0131. 1893\u2019de in\u015fa edilen ve 1937 y\u0131l\u0131nda b\u00fcy\u00fck \u00f6l\u00e7\u00fcde y\u0131k\u0131lan Kasturya Sinagogu\u2019nun g\u00fcn\u00fcm\u00fcze sadece tarihi kap\u0131s\u0131 ve baz\u0131 kal\u0131nt\u0131lar\u0131 ula\u015fm\u0131\u015ft\u0131. Snob Magazin\u2019den Arif H\u00fcr\u2019\u00fcn haberine g\u00f6re,d\u00fcn gece Kasturya Sinagogu\u2019nun kap\u0131s\u0131 ve baz\u0131 kal\u0131nt\u0131lar\u0131 kimli\u011fi belirsiz ki\u015filer [&hellip;]\" \/>\n<meta property=\"og:url\" content=\"https:\/\/akunq.net\/tr\/?p=61983\" \/>\n<meta property=\"og:site_name\" content=\"Bati Ermenistan Ve Bati Ermenileri Sorunlari Ara\u015ftirmalar Merkezi\" \/>\n<meta property=\"article:published_time\" content=\"2021-03-22T09:10:23+00:00\" \/>\n<meta property=\"og:image\" content=\"https:\/\/akunq.net\/tr\/wp-content\/uploads\/sites\/6\/2021\/03\/sinagogun-kap\u0131s\u0131.jpg\" \/>\n\t<meta property=\"og:image:width\" content=\"865\" \/>\n\t<meta property=\"og:image:height\" content=\"525\" \/>\n\t<meta property=\"og:image:type\" content=\"image\/jpeg\" \/>\n<meta name=\"author\" content=\"admin\" \/>\n<meta name=\"twitter:card\" content=\"summary_large_image\" \/>\n<meta name=\"twitter:label1\" content=\"Written by\" \/>\n\t<meta name=\"twitter:data1\" content=\"admin\" \/>\n\t<meta name=\"twitter:label2\" content=\"Est. reading time\" \/>\n\t<meta name=\"twitter:data2\" content=\"2 minutes\" \/>\n<script type=\"application\/ld+json\" class=\"yoast-schema-graph\">{\"@context\":\"https:\\\/\\\/schema.org\",\"@graph\":[{\"@type\":\"Article\",\"@id\":\"https:\\\/\\\/akunq.net\\\/tr\\\/?p=61983#article\",\"isPartOf\":{\"@id\":\"https:\\\/\\\/akunq.net\\\/tr\\\/?p=61983\"},\"author\":{\"name\":\"admin\",\"@id\":\"https:\\\/\\\/akunq.net\\\/tr\\\/#\\\/schema\\\/person\\\/096f1d38a12cce57fb855b485ed24c9e\"},\"headline\":\"Metruk halde bulunan sinagogun kap\u0131s\u0131 yak\u0131lmaya \u00e7al\u0131\u015f\u0131ld\u0131\",\"datePublished\":\"2021-03-22T09:10:23+00:00\",\"mainEntityOfPage\":{\"@id\":\"https:\\\/\\\/akunq.net\\\/tr\\\/?p=61983\"},\"wordCount\":369,\"commentCount\":0,\"image\":{\"@id\":\"https:\\\/\\\/akunq.net\\\/tr\\\/?p=61983#primaryimage\"},\"thumbnailUrl\":\"https:\\\/\\\/akunq.net\\\/tr\\\/wp-content\\\/uploads\\\/sites\\\/6\\\/2021\\\/03\\\/sinagogun-kap\u0131s\u0131.jpg\",\"articleSection\":[\"Haberler\"],\"inLanguage\":\"en-US\",\"potentialAction\":[{\"@type\":\"CommentAction\",\"name\":\"Comment\",\"target\":[\"https:\\\/\\\/akunq.net\\\/tr\\\/?p=61983#respond\"]}]},{\"@type\":\"WebPage\",\"@id\":\"https:\\\/\\\/akunq.net\\\/tr\\\/?p=61983\",\"url\":\"https:\\\/\\\/akunq.net\\\/tr\\\/?p=61983\",\"name\":\"Metruk halde bulunan sinagogun kap\u0131s\u0131 yak\u0131lmaya \u00e7al\u0131\u015f\u0131ld\u0131 - Bati Ermenistan Ve Bati Ermenileri Sorunlari Ara\u015ftirmalar Merkezi\",\"isPartOf\":{\"@id\":\"https:\\\/\\\/akunq.net\\\/tr\\\/#website\"},\"primaryImageOfPage\":{\"@id\":\"https:\\\/\\\/akunq.net\\\/tr\\\/?p=61983#primaryimage\"},\"image\":{\"@id\":\"https:\\\/\\\/akunq.net\\\/tr\\\/?p=61983#primaryimage\"},\"thumbnailUrl\":\"https:\\\/\\\/akunq.net\\\/tr\\\/wp-content\\\/uploads\\\/sites\\\/6\\\/2021\\\/03\\\/sinagogun-kap\u0131s\u0131.jpg\",\"datePublished\":\"2021-03-22T09:10:23+00:00\",\"author\":{\"@id\":\"https:\\\/\\\/akunq.net\\\/tr\\\/#\\\/schema\\\/person\\\/096f1d38a12cce57fb855b485ed24c9e\"},\"breadcrumb\":{\"@id\":\"https:\\\/\\\/akunq.net\\\/tr\\\/?p=61983#breadcrumb\"},\"inLanguage\":\"en-US\",\"potentialAction\":[{\"@type\":\"ReadAction\",\"target\":[\"https:\\\/\\\/akunq.net\\\/tr\\\/?p=61983\"]}]},{\"@type\":\"ImageObject\",\"inLanguage\":\"en-US\",\"@id\":\"https:\\\/\\\/akunq.net\\\/tr\\\/?p=61983#primaryimage\",\"url\":\"https:\\\/\\\/akunq.net\\\/tr\\\/wp-content\\\/uploads\\\/sites\\\/6\\\/2021\\\/03\\\/sinagogun-kap\u0131s\u0131.jpg\",\"contentUrl\":\"https:\\\/\\\/akunq.net\\\/tr\\\/wp-content\\\/uploads\\\/sites\\\/6\\\/2021\\\/03\\\/sinagogun-kap\u0131s\u0131.jpg\",\"width\":865,\"height\":525},{\"@type\":\"BreadcrumbList\",\"@id\":\"https:\\\/\\\/akunq.net\\\/tr\\\/?p=61983#breadcrumb\",\"itemListElement\":[{\"@type\":\"ListItem\",\"position\":1,\"name\":\"Home\",\"item\":\"https:\\\/\\\/akunq.net\\\/tr\"},{\"@type\":\"ListItem\",\"position\":2,\"name\":\"Metruk halde bulunan sinagogun kap\u0131s\u0131 yak\u0131lmaya \u00e7al\u0131\u015f\u0131ld\u0131\"}]},{\"@type\":\"WebSite\",\"@id\":\"https:\\\/\\\/akunq.net\\\/tr\\\/#website\",\"url\":\"https:\\\/\\\/akunq.net\\\/tr\\\/\",\"name\":\"Bati Ermenistan Ve Bati Ermenileri Sorunlari Ara\u015ftirmalar Merkezi\",\"description\":\"\",\"potentialAction\":[{\"@type\":\"SearchAction\",\"target\":{\"@type\":\"EntryPoint\",\"urlTemplate\":\"https:\\\/\\\/akunq.net\\\/tr\\\/?s={search_term_string}\"},\"query-input\":{\"@type\":\"PropertyValueSpecification\",\"valueRequired\":true,\"valueName\":\"search_term_string\"}}],\"inLanguage\":\"en-US\"},{\"@type\":\"Person\",\"@id\":\"https:\\\/\\\/akunq.net\\\/tr\\\/#\\\/schema\\\/person\\\/096f1d38a12cce57fb855b485ed24c9e\",\"name\":\"admin\",\"url\":\"https:\\\/\\\/akunq.net\\\/tr\\\/?author=7\"}]}<\/script>\n<!-- \/ Yoast SEO plugin. -->","yoast_head_json":{"title":"Metruk halde bulunan sinagogun kap\u0131s\u0131 yak\u0131lmaya \u00e7al\u0131\u015f\u0131ld\u0131 - Bati Ermenistan Ve Bati Ermenileri Sorunlari Ara\u015ftirmalar Merkezi","robots":{"index":"index","follow":"follow","max-snippet":"max-snippet:-1","max-image-preview":"max-image-preview:large","max-video-preview":"max-video-preview:-1"},"canonical":"https:\/\/akunq.net\/tr\/?p=61983","og_locale":"en_US","og_type":"article","og_title":"Metruk halde bulunan sinagogun kap\u0131s\u0131 yak\u0131lmaya \u00e7al\u0131\u015f\u0131ld\u0131 - Bati Ermenistan Ve Bati Ermenileri Sorunlari Ara\u015ftirmalar Merkezi","og_description":"\u0130stanbul\u00b4un Ayvansaray mahallesinde bulunan tarihi Kasturya Sinagogu\u00b4nun kap\u0131s\u0131, kimli\u011fi belirsiz ki\u015filer taraf\u0131ndan ate\u015fe verildi. G\u00f6rg\u00fc tan\u0131\u011f\u0131 Serhat Ers\u00fcrel, ya\u015fananlar\u0131 anlatt\u0131. 1893\u2019de in\u015fa edilen ve 1937 y\u0131l\u0131nda b\u00fcy\u00fck \u00f6l\u00e7\u00fcde y\u0131k\u0131lan Kasturya Sinagogu\u2019nun g\u00fcn\u00fcm\u00fcze sadece tarihi kap\u0131s\u0131 ve baz\u0131 kal\u0131nt\u0131lar\u0131 ula\u015fm\u0131\u015ft\u0131. Snob Magazin\u2019den Arif H\u00fcr\u2019\u00fcn haberine g\u00f6re,d\u00fcn gece Kasturya Sinagogu\u2019nun kap\u0131s\u0131 ve baz\u0131 kal\u0131nt\u0131lar\u0131 kimli\u011fi belirsiz ki\u015filer [&hellip;]","og_url":"https:\/\/akunq.net\/tr\/?p=61983","og_site_name":"Bati Ermenistan Ve Bati Ermenileri Sorunlari Ara\u015ftirmalar Merkezi","article_published_time":"2021-03-22T09:10:23+00:00","og_image":[{"width":865,"height":525,"url":"https:\/\/akunq.net\/tr\/wp-content\/uploads\/sites\/6\/2021\/03\/sinagogun-kap\u0131s\u0131.jpg","type":"image\/jpeg"}],"author":"admin","twitter_card":"summary_large_image","twitter_misc":{"Written by":"admin","Est. reading time":"2 minutes"},"schema":{"@context":"https:\/\/schema.org","@graph":[{"@type":"Article","@id":"https:\/\/akunq.net\/tr\/?p=61983#article","isPartOf":{"@id":"https:\/\/akunq.net\/tr\/?p=61983"},"author":{"name":"admin","@id":"https:\/\/akunq.net\/tr\/#\/schema\/person\/096f1d38a12cce57fb855b485ed24c9e"},"headline":"Metruk halde bulunan sinagogun kap\u0131s\u0131 yak\u0131lmaya \u00e7al\u0131\u015f\u0131ld\u0131","datePublished":"2021-03-22T09:10:23+00:00","mainEntityOfPage":{"@id":"https:\/\/akunq.net\/tr\/?p=61983"},"wordCount":369,"commentCount":0,"image":{"@id":"https:\/\/akunq.net\/tr\/?p=61983#primaryimage"},"thumbnailUrl":"https:\/\/akunq.net\/tr\/wp-content\/uploads\/sites\/6\/2021\/03\/sinagogun-kap\u0131s\u0131.jpg","articleSection":["Haberler"],"inLanguage":"en-US","potentialAction":[{"@type":"CommentAction","name":"Comment","target":["https:\/\/akunq.net\/tr\/?p=61983#respond"]}]},{"@type":"WebPage","@id":"https:\/\/akunq.net\/tr\/?p=61983","url":"https:\/\/akunq.net\/tr\/?p=61983","name":"Metruk halde bulunan sinagogun kap\u0131s\u0131 yak\u0131lmaya \u00e7al\u0131\u015f\u0131ld\u0131 - Bati Ermenistan Ve Bati Ermenileri Sorunlari Ara\u015ftirmalar Merkezi","isPartOf":{"@id":"https:\/\/akunq.net\/tr\/#website"},"primaryImageOfPage":{"@id":"https:\/\/akunq.net\/tr\/?p=61983#primaryimage"},"image":{"@id":"https:\/\/akunq.net\/tr\/?p=61983#primaryimage"},"thumbnailUrl":"https:\/\/akunq.net\/tr\/wp-content\/uploads\/sites\/6\/2021\/03\/sinagogun-kap\u0131s\u0131.jpg","datePublished":"2021-03-22T09:10:23+00:00","author":{"@id":"https:\/\/akunq.net\/tr\/#\/schema\/person\/096f1d38a12cce57fb855b485ed24c9e"},"breadcrumb":{"@id":"https:\/\/akunq.net\/tr\/?p=61983#breadcrumb"},"inLanguage":"en-US","potentialAction":[{"@type":"ReadAction","target":["https:\/\/akunq.net\/tr\/?p=61983"]}]},{"@type":"ImageObject","inLanguage":"en-US","@id":"https:\/\/akunq.net\/tr\/?p=61983#primaryimage","url":"https:\/\/akunq.net\/tr\/wp-content\/uploads\/sites\/6\/2021\/03\/sinagogun-kap\u0131s\u0131.jpg","contentUrl":"https:\/\/akunq.net\/tr\/wp-content\/uploads\/sites\/6\/2021\/03\/sinagogun-kap\u0131s\u0131.jpg","width":865,"height":525},{"@type":"BreadcrumbList","@id":"https:\/\/akunq.net\/tr\/?p=61983#breadcrumb","itemListElement":[{"@type":"ListItem","position":1,"name":"Home","item":"https:\/\/akunq.net\/tr"},{"@type":"ListItem","position":2,"name":"Metruk halde bulunan sinagogun kap\u0131s\u0131 yak\u0131lmaya \u00e7al\u0131\u015f\u0131ld\u0131"}]},{"@type":"WebSite","@id":"https:\/\/akunq.net\/tr\/#website","url":"https:\/\/akunq.net\/tr\/","name":"Bati Ermenistan Ve Bati Ermenileri Sorunlari Ara\u015ftirmalar Merkezi","description":"","potentialAction":[{"@type":"SearchAction","target":{"@type":"EntryPoint","urlTemplate":"https:\/\/akunq.net\/tr\/?s={search_term_string}"},"query-input":{"@type":"PropertyValueSpecification","valueRequired":true,"valueName":"search_term_string"}}],"inLanguage":"en-US"},{"@type":"Person","@id":"https:\/\/akunq.net\/tr\/#\/schema\/person\/096f1d38a12cce57fb855b485ed24c9e","name":"admin","url":"https:\/\/akunq.net\/tr\/?author=7"}]}},"_links":{"self":[{"href":"https:\/\/akunq.net\/tr\/index.php?rest_route=\/wp\/v2\/posts\/61983","targetHints":{"allow":["GET"]}}],"collection":[{"href":"https:\/\/akunq.net\/tr\/index.php?rest_route=\/wp\/v2\/posts"}],"about":[{"href":"https:\/\/akunq.net\/tr\/index.php?rest_route=\/wp\/v2\/types\/post"}],"author":[{"embeddable":true,"href":"https:\/\/akunq.net\/tr\/index.php?rest_route=\/wp\/v2\/users\/7"}],"replies":[{"embeddable":true,"href":"https:\/\/akunq.net\/tr\/index.php?rest_route=%2Fwp%2Fv2%2Fcomments&post=61983"}],"version-history":[{"count":1,"href":"https:\/\/akunq.net\/tr\/index.php?rest_route=\/wp\/v2\/posts\/61983\/revisions"}],"predecessor-version":[{"id":61985,"href":"https:\/\/akunq.net\/tr\/index.php?rest_route=\/wp\/v2\/posts\/61983\/revisions\/61985"}],"wp:featuredmedia":[{"embeddable":true,"href":"https:\/\/akunq.net\/tr\/index.php?rest_route=\/wp\/v2\/media\/61984"}],"wp:attachment":[{"href":"https:\/\/akunq.net\/tr\/index.php?rest_route=%2Fwp%2Fv2%2Fmedia&parent=61983"}],"wp:term":[{"taxonomy":"category","embeddable":true,"href":"https:\/\/akunq.net\/tr\/index.php?rest_route=%2Fwp%2Fv2%2Fcategories&post=61983"},{"taxonomy":"post_tag","embeddable":true,"href":"https:\/\/akunq.net\/tr\/index.php?rest_route=%2Fwp%2Fv2%2Ftags&post=61983"}],"curies":[{"name":"wp","href":"https:\/\/api.w.org\/{rel}","templated":true}]}}