{"id":61977,"date":"2021-03-22T02:55:49","date_gmt":"2021-03-22T07:55:49","guid":{"rendered":"https:\/\/akunq.net\/tr\/?p=61977"},"modified":"2021-03-22T02:55:49","modified_gmt":"2021-03-22T07:55:49","slug":"dunyanin-ters-kosesi-neresi","status":"publish","type":"post","link":"https:\/\/akunq.net\/tr\/?p=61977","title":{"rendered":"D\u00fcnyan\u0131n ters k\u00f6\u015fesi neresi?"},"content":{"rendered":"<p><img loading=\"lazy\" decoding=\"async\" class=\"aligncenter size-medium wp-image-61978\" src=\"https:\/\/akunq.net\/tr\/wp-content\/uploads\/2021\/03\/Rag\u0131p-Zarakolu-1-360x208.jpg\" alt=\"\" width=\"360\" height=\"208\" srcset=\"https:\/\/akunq.net\/tr\/wp-content\/uploads\/sites\/6\/2021\/03\/Rag\u0131p-Zarakolu-1-360x208.jpg 360w, https:\/\/akunq.net\/tr\/wp-content\/uploads\/sites\/6\/2021\/03\/Rag\u0131p-Zarakolu-1-768x444.jpg 768w, https:\/\/akunq.net\/tr\/wp-content\/uploads\/sites\/6\/2021\/03\/Rag\u0131p-Zarakolu-1-560x324.jpg 560w, https:\/\/akunq.net\/tr\/wp-content\/uploads\/sites\/6\/2021\/03\/Rag\u0131p-Zarakolu-1-260x150.jpg 260w, https:\/\/akunq.net\/tr\/wp-content\/uploads\/sites\/6\/2021\/03\/Rag\u0131p-Zarakolu-1-160x93.jpg 160w, https:\/\/akunq.net\/tr\/wp-content\/uploads\/sites\/6\/2021\/03\/Rag\u0131p-Zarakolu-1.jpg 800w\" sizes=\"auto, (max-width: 360px) 100vw, 360px\" \/><\/p>\n<p class=\"post-title\"><strong>Rag\u0131p Zarakolu<\/strong><\/p>\n<p><em><strong>1960\u2019larda T\u0130P\u2019in \u00c7etin Altan\u2019\u0131n varl\u0131\u011f\u0131na tahamm\u00fcl edemeyen, onu lin\u00e7 etmeye kalkan zihniyet Doktor \u00d6mer Faruk Gergerlio\u011flu\u2019na m\u0131 tahamm\u00fcl edecek.<\/strong><\/em><\/p>\n<p>Stockholm. 2010 y\u0131l\u0131nda Brezilya\u2019da Sao Paola \u00dcniversitesinde d\u00fczenlenen Uluslararas\u0131 Ermeni Soyk\u0131r\u0131m\u0131 Konferans\u0131nda Vahakn. N Dadrian ile son kez bulu\u015facakt\u0131k.<\/p>\n<p>\u0130lk kitab\u0131n\u0131 1994 y\u0131l\u0131nda bir anlamda savunma ama\u00e7l\u0131 olarak yay\u0131nlam\u0131\u015ft\u0131k. Orijinali Yale \u00dcniversitesi taraf\u0131ndan yay\u0131nlanm\u0131\u015ft\u0131, \u201cUluslarararas\u0131 ve Ulusal Hukuk Sorunu Olarak Jenosid\/1915 Ermeni Olay\u0131 ve Hukuki Sonu\u00e7lar\u0131\u201d (Belge Yay\u0131nlar\u0131 1994).<\/p>\n<p>\u00c7\u00fcnk\u00fc hakikate ili\u015fkin ilk kitab\u0131, Yves Tenon\u2019un \u201cErmeni Tabusu\u201dnu 1993 y\u0131l\u0131nda yay\u0131nlam\u0131\u015ft\u0131k ve yasaklanm\u0131\u015ft\u0131. (*)<\/p>\n<p>12 Eyl\u00fcl\u2019\u00fcn efsanevi avukatlar\u0131ndan biri olan Kemal Kele\u015fo\u011flu savunuyordu bizi.<\/p>\n<p>Ama Dadrian\u2019\u0131n kitab\u0131 da yasakland\u0131. Savunmam\u0131zda, Dadrian\u2019\u0131n 1990 y\u0131l\u0131nda T\u00fcrk Tarih Kurumu konferans\u0131na resmi davetini kulland\u0131k savunmada. Gelmemi\u015f olsa da. Elbette \u00d6zal liberalizminin \u00fcr\u00fcn\u00fc idi bu davet. K\u00fcrt sorununa da yans\u0131m\u0131\u015ft\u0131 bu liberal tav\u0131r. Ama bir yerde \u00f6l\u00fcm\u00fcne neden oldu.<\/p>\n<p>Bir daha hi\u00e7bir soyk\u0131r\u0131m ara\u015ft\u0131rmac\u0131s\u0131 davet olunmad\u0131 s\u00f6zde akademik inkarc\u0131 konferanslara.<\/p>\n<p>Ermeni soyk\u0131r\u0131m\u0131 temas\u0131n\u0131 Ecevit\/Bah\u00e7eli ikilisi bir \u201cmilli g\u00fcvenlik\u201d temas\u0131 haline getirip alarm zillerini \u00e7ald\u0131lar.<\/p>\n<p>Asl\u0131nda koalisyon h\u00fck\u00fcmeti idi ama, ger\u00e7ekte MHP\u2019nin d\u00fcd\u00fc\u011f\u00fc \u00f6t\u00fcyordu. Bunun bir sonucu da 19 Aral\u0131k cezaevi k\u0131y\u0131m\u0131 olacakt\u0131.<\/p>\n<p>2014 Nisan, Sao Paola \u00dcniversitesinde Ermeni Soyk\u0131r\u0131m\u0131 Konferans\u0131<\/p>\n<p>\u015eimdi MHP bir h\u00fck\u00fcmet orta\u011f\u0131 bile de\u011fil ama onun d\u00fcd\u00fc\u011f\u00fc \u00f6t\u00fcyor.<\/p>\n<p>Bu d\u0131\u015f siyasete de yans\u0131yor. Ama b\u00fct\u00fcn ya\u015fananlar\u0131n faturas\u0131 AKP\u2019ye yaz\u0131l\u0131yor.<\/p>\n<p>Zaten AKP\u2019nin kurucu \u00fcyelerinden ka\u00e7\u0131 AKP\u2019de ki.<\/p>\n<p>Oysa AKP, K\u00fcrt illerinde \u201cana muhalefet\u201d partisi idi. \u015eimdi z\u0131rn\u0131k oy \u00e7\u0131kaca\u011f\u0131n\u0131 sanm\u0131yorum.<\/p>\n<p>Ermeni sorunu da, K\u00fcrt sorunu da cicim balay\u0131 aylar\u0131nda binilmesi gereken liberal otob\u00fcs\u00fcn yak\u0131tlar\u0131ndan olacakt\u0131. Hatta liberal Alevi kimli\u011fi konferanslar\u0131 da d\u00fczenlenecekti.<\/p>\n<p>Ama otob\u00fcs\u00fc alan \u00dcsk\u00fcdar\u2019a ge\u00e7tikten sonra liberal otob\u00fcsten inildi.<\/p>\n<p>Zaten 1908 Anayasa devriminden bu yana ka\u00e7 defa otob\u00fcsten inildi say\u0131s\u0131n\u0131 biz de \u015fa\u015f\u0131rd\u0131k.<\/p>\n<p>Al i\u015fte yine tarihin tekrar\u0131. Tarih yine hortlad\u0131 TBMM\u2019de. Yine mebus av\u0131 var salonlar\u0131nda.<\/p>\n<p>1960\u2019larda T\u0130P\u2019in \u00c7etin Altan\u2019\u0131n varl\u0131\u011f\u0131na tahamm\u00fcl edemeyen, onu lin\u00e7 etmeye kalkan zihniyet Doktor \u00d6mer Faruk Gergerlio\u011flu\u2019na m\u0131 tahamm\u00fcl edecek.<\/p>\n<p>1994\u2019te Leyla Zana\u2019lar\u0131, Orhan Do\u011fan\u2019lar\u0131 yaka pa\u00e7a tutuklayan, DEP\u2019i Anayasa Mahkemesinde kapatt\u0131ran kafa yine faaliyette.<\/p>\n<p>Medrese\u2019de en zor ders Bin\u2019a idi. IQ\u2019su d\u00fc\u015f\u00fck olanlar zorlan\u0131rd\u0131.<\/p>\n<p>Aynen \u015fimdi de \u201cbizim o\u011flan bin\u2019a okur, d\u00f6ner d\u00f6ner yine okur!\u201d<\/p>\n<p>2010 y\u0131l\u0131nda Sao Paolo\u2019daki konferansta, Milli G\u00fcvenlik Devleti ile soyk\u0131r\u0131m inkar\u0131 aras\u0131ndaki ba\u011fa de\u011finmi\u015ftim. Ermeniler 95 y\u0131ld\u0131r katledildiklerini ispata, K\u00fcrtler de varolduklar\u0131n\u0131 ispata \u00e7al\u0131\u015f\u0131yor\u201d demi\u015ftim.<\/p>\n<p>1980 12 Eyl\u00fcl darbesinden sonra, cuntan\u0131n \u201cErmenistan\u201d s\u00f6z\u00fcn\u00fc ansiklopedilerden bile silmeye \u00e7al\u0131\u015ft\u0131\u011f\u0131na de\u011finmi\u015ftim.<\/p>\n<p>1965 Montevideo, 50. Y\u0131l\u0131nda Ermeni soyk\u0131r\u0131m\u0131n\u0131n t\u00fcm d\u00fcnyada ilk kitlesel anmalar\u0131ndan biri<\/p>\n<p>Latin Amerika\u2019da uygulanan, Pentagon k\u00f6kenli condor plan\u0131n\u0131n T\u00fcrkiye\u2019deki yans\u0131mas\u0131n\u0131n 12 Eyl\u00fcl darbesi oldu\u011funu belirtince, Brezilyal\u0131 hocalardan biri \u201csizde de mi diye\u201d soracakt\u0131.<\/p>\n<p>12 Eyl\u00fcl darbesi oldu\u011funda, Carter \u201ckim yapt\u0131\u201d diye sorunca, \u201cbizim \u00e7ocuklar\u201d yapt\u0131 yan\u0131t\u0131n\u0131 alacakt\u0131.<\/p>\n<p>Bizde ise \u201c\u00e7ocuklar kontrolden \u00e7\u0131kt\u0131 Mr. Biden!\u201d<\/p>\n<p>Latin Amerika geli\u015fmeleri \u00fczerine bir\u00e7ok derleme haz\u0131rlad\u0131m, seminer verdim. Latin Amerika geli\u015fmeleri \u00fczerine onlarca kitap yay\u0131nlad\u0131m. Yeni \u00e7\u0131kan \u201cD\u00fcnyan\u0131n Ters K\u00f6\u015fesi \/ Latin Amerika: Tarih, Toplum, K\u00fclt\u00fcr\u201d adl\u0131 derleme beni \u00e7ok sevindirdi. \u00c7ok say\u0131da gen\u00e7 ara\u015ft\u0131rmac\u0131n\u0131n Latin Amerika olgusu \u00fczerinde yo\u011funlamas\u0131 \u00e7ok olumlu. Ayn\u0131 soyk\u0131r\u0131m ara\u015ft\u0131rmac\u0131l\u0131\u011f\u0131nda, K\u00fcrdoloji ara\u015ft\u0131rmac\u0131l\u0131\u011f\u0131nda, kimlikler konusunda gen\u00e7 ara\u015ft\u0131rmac\u0131lar ku\u015fa\u011f\u0131n\u0131n y\u00fckselmesi gibi.<\/p>\n<p>Condor plan\u0131n\u0131n Latin Amerika\u2019daki zincirini ilk k\u0131ran Brezilya olmu\u015ftu. Eski darbelerden farkl\u0131 olarak, topluma yeniden bi\u00e7im verme, askeri ekonomiye ortak etme olay\u0131 ilk orada ba\u015flad\u0131. \u015eili bunu General Pinochet alt\u0131nda en a\u011f\u0131r bi\u00e7imde ya\u015fad\u0131. Uruguay, Arjantin \u00e7ocuklar\u0131n\u0131n helikopterden at\u0131lmas\u0131na tan\u0131k oldu.<\/p>\n<p>Ama bu zincir k\u0131r\u0131ld\u0131\u011f\u0131 gibi, Latin Amerika solunun iktidar olmas\u0131na da tan\u0131k olundu. Bu s\u00fcreci ba\u015flatan Sao Paula forumu olmu\u015ftu, 80\u2019li y\u0131llar\u0131n ikinci yar\u0131s\u0131nda ba\u015flayan. 1992 y\u0131l\u0131nda Tam \u00d6zg\u00fcr G\u00fcndem gazetesinin ilk g\u00fcnlerde, \u0130zmir\u2019de bir konferansa tarihi Ankara gemisi ile giderken tam biz yemekteyken \u00e7\u0131kan yang\u0131n \u00e7\u0131kmas\u0131 sonucu, Sao Paula Forumu ve Latin Amerika \u00fczerine haz\u0131rlamakta oldu\u011fum ikinci derleme \u00e7antam ve bilgisayar\u0131mla birlikte kamerada k\u00fcl olup gidecekti.<\/p>\n<p>Lula ilk sol ba\u015fkan oldu Brezilya\u2019da. Yard\u0131mc\u0131s\u0131 Dilma Vana Rousseff ondan sonra se\u00e7ildi ama Ba\u015fkanl\u0131\u011f\u0131 beceremedi. Venezuela\u2019da Chavez\u2019in yard\u0131mc\u0131s\u0131, bizimkinin ahbab\u0131 Nicol\u00e1s Maduro Moros gibi.<\/p>\n<p>Uruguay\u2019da Tupamaros\u2019dan sevgili Jose Mujica devlet ba\u015fkan\u0131 se\u00e7ildi. Ondan sonra efsanevi gerilla lideri Raul Sendic\u2019in o\u011flu Ra\u00fal Fernando Sendic Rodr\u00edguez ise 2015-17 y\u0131llar\u0131 aras\u0131nda Ba\u015fkan yard\u0131mc\u0131s\u0131 olacakt\u0131.<\/p>\n<p>Ama Lula hapisten \u00e7\u0131kt\u0131\u011f\u0131, Y\u00fcksek Mahkeme taraf\u0131ndan akland\u0131\u011f\u0131 gibi \u015fu g\u00fcnlerde, \u00f6n\u00fcm\u00fczdeki se\u00e7imde yeniden ba\u015fkanl\u0131\u011fa aday.<\/p>\n<p>Hadi, Anayasa Mahkemesi top sende \u015fimdi. Demokrasimizin d\u00fczeyini Latin Amerika d\u00fczeyine \u00e7\u0131karma.<\/p>\n<p>G\u00fcney Kore bile becerdi demokrasi olmay\u0131. Son umut Anayasa Mahkemesi. Kapatmay\u0131 reddet, mebus atmay\u0131 iptal et diyece\u011fim!<\/p>\n<p>Adliyeyi etkilemeye \u00e7al\u0131\u015fmaktan hakk\u0131mda dava a\u00e7\u0131lsa bile!<\/p>\n<p>Yoksa \u201cas\u0131l ters k\u00f6\u015fe biziz\u201d diyece\u011fim.<\/p>\n<p>(*) Bu dava dosyas\u0131 i\u00e7in bak: Rag\u0131p Zarakolu (derl.), Bir Soyk\u0131r\u0131m Tarihi\/ 20 Y\u0131l Sonra \u201cErmeni Tabusu\u201d Davas\u0131, Belge Yay\u0131nlar\u0131 2012.<\/p>\n<p>(**) Esra Akgemici\/Kaz\u0131m Ate\u015f (derl.), D\u00fcnyan\u0131n Ters K\u00f6\u015fesi \/ Latin Amerika: Tarih, Toplum, K\u00fclt\u00fcr, \u0130leti\u015fim Yay\u0131nlar\u0131 2020. 12 Eyl\u00fcl cuntas\u0131n\u0131n s\u00f6zde sivil rejime ge\u00e7ilmesinden sonra, Latin Amerika derlemeleri ile yeni geli\u015fmeleri aktarmaya \u00e7al\u0131\u015ft\u0131k. Bak: Rag\u0131p Zarakolu (derl.) Latin Amerika\u2019da Militarizm, Devlet ve Demokrasi, D\u00fcnya Sorunlar\u0131 Dizisi 2, Alan Yay\u0131nc\u0131l\u0131k 1985; Alain Rouquie, Latin Amerika\u2019da Askeri Devlet, Bask\u0131ya haz\u0131rlayan \u015eirin Tekeli, Alan Yay\u0131nc\u0131l\u0131k 1986 gerilla hareketlerinin legal siyasete ge\u00e7i\u015fine ili\u015fkin olarak bak: Gaby Weber, Gerilla Blan\u00e7o \u00c7\u0131kar\u0131yor, T\u00fcrk\u00e7esi: Gazi \u00c7a\u011flar, Belge Yay\u0131nlar\u0131 1991; Brezilya deneyimine ili\u015fkin erken bir de\u011ferlendirme i\u00e7in bak: Ergun Ayd\u0131no\u011flu, Brezilya \u0130\u015f\u00e7i Partisi, Belge Yay\u0131nlar\u0131 1991. 80\u2019ler sonu Latin Amerika\u2019s\u0131ndan izlenimler i\u00e7in bak: Osman Balc\u0131gil, Latin Amerika\u2019n\u0131n Atar Damarlar\u0131, Belge Yay\u0131nlar\u0131 1990.<\/p>\n<p>Yaz\u0131 g\u00f6rseli: Arjantin\u2019de Ermenilerin ne i\u015fi var?<\/p>\n<hr \/>\n<p><em><strong><a href=\"https:\/\/artigercek.com\/yazarlar\/ragipzarakolu\/dunyanin-ters-kosesi-neresi\" target=\"_blank\" rel=\"noopener noreferrer\">Art\u0131 Ger\u00e7ek<\/a><\/strong><\/em><\/p>\n","protected":false},"excerpt":{"rendered":"<p>Rag\u0131p Zarakolu 1960\u2019larda T\u0130P\u2019in \u00c7etin Altan\u2019\u0131n varl\u0131\u011f\u0131na tahamm\u00fcl edemeyen, onu lin\u00e7 etmeye kalkan zihniyet Doktor \u00d6mer Faruk Gergerlio\u011flu\u2019na m\u0131 tahamm\u00fcl edecek. Stockholm. 2010 y\u0131l\u0131nda Brezilya\u2019da Sao Paola \u00dcniversitesinde d\u00fczenlenen Uluslararas\u0131 Ermeni Soyk\u0131r\u0131m\u0131 Konferans\u0131nda Vahakn. N Dadrian ile son kez bulu\u015facakt\u0131k. \u0130lk kitab\u0131n\u0131 1994 y\u0131l\u0131nda bir anlamda savunma ama\u00e7l\u0131 olarak yay\u0131nlam\u0131\u015ft\u0131k. Orijinali Yale \u00dcniversitesi taraf\u0131ndan yay\u0131nlanm\u0131\u015ft\u0131, [&hellip;]<\/p>\n","protected":false},"author":7,"featured_media":61978,"comment_status":"open","ping_status":"open","sticky":false,"template":"","format":"standard","meta":{"footnotes":""},"categories":[1,70],"tags":[],"class_list":["post-61977","post","type-post","status-publish","format-standard","has-post-thumbnail","hentry","category-haberler","category-makaleler"],"yoast_head":"<!-- This site is optimized with the Yoast SEO plugin v27.4 - https:\/\/yoast.com\/product\/yoast-seo-wordpress\/ -->\n<title>D\u00fcnyan\u0131n ters k\u00f6\u015fesi neresi? - Bati Ermenistan Ve Bati Ermenileri Sorunlari Ara\u015ftirmalar Merkezi<\/title>\n<meta name=\"robots\" content=\"index, follow, max-snippet:-1, max-image-preview:large, max-video-preview:-1\" \/>\n<link rel=\"canonical\" href=\"https:\/\/akunq.net\/tr\/?p=61977\" \/>\n<meta property=\"og:locale\" content=\"en_US\" \/>\n<meta property=\"og:type\" content=\"article\" \/>\n<meta property=\"og:title\" content=\"D\u00fcnyan\u0131n ters k\u00f6\u015fesi neresi? - Bati Ermenistan Ve Bati Ermenileri Sorunlari Ara\u015ftirmalar Merkezi\" \/>\n<meta property=\"og:description\" content=\"Rag\u0131p Zarakolu 1960\u2019larda T\u0130P\u2019in \u00c7etin Altan\u2019\u0131n varl\u0131\u011f\u0131na tahamm\u00fcl edemeyen, onu lin\u00e7 etmeye kalkan zihniyet Doktor \u00d6mer Faruk Gergerlio\u011flu\u2019na m\u0131 tahamm\u00fcl edecek. Stockholm. 2010 y\u0131l\u0131nda Brezilya\u2019da Sao Paola \u00dcniversitesinde d\u00fczenlenen Uluslararas\u0131 Ermeni Soyk\u0131r\u0131m\u0131 Konferans\u0131nda Vahakn. N Dadrian ile son kez bulu\u015facakt\u0131k. \u0130lk kitab\u0131n\u0131 1994 y\u0131l\u0131nda bir anlamda savunma ama\u00e7l\u0131 olarak yay\u0131nlam\u0131\u015ft\u0131k. Orijinali Yale \u00dcniversitesi taraf\u0131ndan yay\u0131nlanm\u0131\u015ft\u0131, [&hellip;]\" \/>\n<meta property=\"og:url\" content=\"https:\/\/akunq.net\/tr\/?p=61977\" \/>\n<meta property=\"og:site_name\" content=\"Bati Ermenistan Ve Bati Ermenileri Sorunlari Ara\u015ftirmalar Merkezi\" \/>\n<meta property=\"article:published_time\" content=\"2021-03-22T07:55:49+00:00\" \/>\n<meta property=\"og:image\" content=\"https:\/\/akunq.net\/tr\/wp-content\/uploads\/sites\/6\/2021\/03\/Rag\u0131p-Zarakolu-1.jpg\" \/>\n\t<meta property=\"og:image:width\" content=\"800\" \/>\n\t<meta property=\"og:image:height\" content=\"463\" \/>\n\t<meta property=\"og:image:type\" content=\"image\/jpeg\" \/>\n<meta name=\"author\" content=\"admin\" \/>\n<meta name=\"twitter:card\" content=\"summary_large_image\" \/>\n<meta name=\"twitter:label1\" content=\"Written by\" \/>\n\t<meta name=\"twitter:data1\" content=\"admin\" \/>\n\t<meta name=\"twitter:label2\" content=\"Est. reading time\" \/>\n\t<meta name=\"twitter:data2\" content=\"6 minutes\" \/>\n<script type=\"application\/ld+json\" class=\"yoast-schema-graph\">{\"@context\":\"https:\\\/\\\/schema.org\",\"@graph\":[{\"@type\":\"Article\",\"@id\":\"https:\\\/\\\/akunq.net\\\/tr\\\/?p=61977#article\",\"isPartOf\":{\"@id\":\"https:\\\/\\\/akunq.net\\\/tr\\\/?p=61977\"},\"author\":{\"name\":\"admin\",\"@id\":\"https:\\\/\\\/akunq.net\\\/tr\\\/#\\\/schema\\\/person\\\/096f1d38a12cce57fb855b485ed24c9e\"},\"headline\":\"D\u00fcnyan\u0131n ters k\u00f6\u015fesi neresi?\",\"datePublished\":\"2021-03-22T07:55:49+00:00\",\"mainEntityOfPage\":{\"@id\":\"https:\\\/\\\/akunq.net\\\/tr\\\/?p=61977\"},\"wordCount\":1201,\"commentCount\":0,\"image\":{\"@id\":\"https:\\\/\\\/akunq.net\\\/tr\\\/?p=61977#primaryimage\"},\"thumbnailUrl\":\"https:\\\/\\\/akunq.net\\\/tr\\\/wp-content\\\/uploads\\\/sites\\\/6\\\/2021\\\/03\\\/Rag\u0131p-Zarakolu-1.jpg\",\"articleSection\":[\"Haberler\",\"Makaleler\"],\"inLanguage\":\"en-US\",\"potentialAction\":[{\"@type\":\"CommentAction\",\"name\":\"Comment\",\"target\":[\"https:\\\/\\\/akunq.net\\\/tr\\\/?p=61977#respond\"]}]},{\"@type\":\"WebPage\",\"@id\":\"https:\\\/\\\/akunq.net\\\/tr\\\/?p=61977\",\"url\":\"https:\\\/\\\/akunq.net\\\/tr\\\/?p=61977\",\"name\":\"D\u00fcnyan\u0131n ters k\u00f6\u015fesi neresi? - Bati Ermenistan Ve Bati Ermenileri Sorunlari Ara\u015ftirmalar Merkezi\",\"isPartOf\":{\"@id\":\"https:\\\/\\\/akunq.net\\\/tr\\\/#website\"},\"primaryImageOfPage\":{\"@id\":\"https:\\\/\\\/akunq.net\\\/tr\\\/?p=61977#primaryimage\"},\"image\":{\"@id\":\"https:\\\/\\\/akunq.net\\\/tr\\\/?p=61977#primaryimage\"},\"thumbnailUrl\":\"https:\\\/\\\/akunq.net\\\/tr\\\/wp-content\\\/uploads\\\/sites\\\/6\\\/2021\\\/03\\\/Rag\u0131p-Zarakolu-1.jpg\",\"datePublished\":\"2021-03-22T07:55:49+00:00\",\"author\":{\"@id\":\"https:\\\/\\\/akunq.net\\\/tr\\\/#\\\/schema\\\/person\\\/096f1d38a12cce57fb855b485ed24c9e\"},\"breadcrumb\":{\"@id\":\"https:\\\/\\\/akunq.net\\\/tr\\\/?p=61977#breadcrumb\"},\"inLanguage\":\"en-US\",\"potentialAction\":[{\"@type\":\"ReadAction\",\"target\":[\"https:\\\/\\\/akunq.net\\\/tr\\\/?p=61977\"]}]},{\"@type\":\"ImageObject\",\"inLanguage\":\"en-US\",\"@id\":\"https:\\\/\\\/akunq.net\\\/tr\\\/?p=61977#primaryimage\",\"url\":\"https:\\\/\\\/akunq.net\\\/tr\\\/wp-content\\\/uploads\\\/sites\\\/6\\\/2021\\\/03\\\/Rag\u0131p-Zarakolu-1.jpg\",\"contentUrl\":\"https:\\\/\\\/akunq.net\\\/tr\\\/wp-content\\\/uploads\\\/sites\\\/6\\\/2021\\\/03\\\/Rag\u0131p-Zarakolu-1.jpg\",\"width\":800,\"height\":463},{\"@type\":\"BreadcrumbList\",\"@id\":\"https:\\\/\\\/akunq.net\\\/tr\\\/?p=61977#breadcrumb\",\"itemListElement\":[{\"@type\":\"ListItem\",\"position\":1,\"name\":\"Home\",\"item\":\"https:\\\/\\\/akunq.net\\\/tr\"},{\"@type\":\"ListItem\",\"position\":2,\"name\":\"D\u00fcnyan\u0131n ters k\u00f6\u015fesi neresi?\"}]},{\"@type\":\"WebSite\",\"@id\":\"https:\\\/\\\/akunq.net\\\/tr\\\/#website\",\"url\":\"https:\\\/\\\/akunq.net\\\/tr\\\/\",\"name\":\"Bati Ermenistan Ve Bati Ermenileri Sorunlari Ara\u015ftirmalar Merkezi\",\"description\":\"\",\"potentialAction\":[{\"@type\":\"SearchAction\",\"target\":{\"@type\":\"EntryPoint\",\"urlTemplate\":\"https:\\\/\\\/akunq.net\\\/tr\\\/?s={search_term_string}\"},\"query-input\":{\"@type\":\"PropertyValueSpecification\",\"valueRequired\":true,\"valueName\":\"search_term_string\"}}],\"inLanguage\":\"en-US\"},{\"@type\":\"Person\",\"@id\":\"https:\\\/\\\/akunq.net\\\/tr\\\/#\\\/schema\\\/person\\\/096f1d38a12cce57fb855b485ed24c9e\",\"name\":\"admin\",\"url\":\"https:\\\/\\\/akunq.net\\\/tr\\\/?author=7\"}]}<\/script>\n<!-- \/ Yoast SEO plugin. -->","yoast_head_json":{"title":"D\u00fcnyan\u0131n ters k\u00f6\u015fesi neresi? - Bati Ermenistan Ve Bati Ermenileri Sorunlari Ara\u015ftirmalar Merkezi","robots":{"index":"index","follow":"follow","max-snippet":"max-snippet:-1","max-image-preview":"max-image-preview:large","max-video-preview":"max-video-preview:-1"},"canonical":"https:\/\/akunq.net\/tr\/?p=61977","og_locale":"en_US","og_type":"article","og_title":"D\u00fcnyan\u0131n ters k\u00f6\u015fesi neresi? - Bati Ermenistan Ve Bati Ermenileri Sorunlari Ara\u015ftirmalar Merkezi","og_description":"Rag\u0131p Zarakolu 1960\u2019larda T\u0130P\u2019in \u00c7etin Altan\u2019\u0131n varl\u0131\u011f\u0131na tahamm\u00fcl edemeyen, onu lin\u00e7 etmeye kalkan zihniyet Doktor \u00d6mer Faruk Gergerlio\u011flu\u2019na m\u0131 tahamm\u00fcl edecek. Stockholm. 2010 y\u0131l\u0131nda Brezilya\u2019da Sao Paola \u00dcniversitesinde d\u00fczenlenen Uluslararas\u0131 Ermeni Soyk\u0131r\u0131m\u0131 Konferans\u0131nda Vahakn. N Dadrian ile son kez bulu\u015facakt\u0131k. \u0130lk kitab\u0131n\u0131 1994 y\u0131l\u0131nda bir anlamda savunma ama\u00e7l\u0131 olarak yay\u0131nlam\u0131\u015ft\u0131k. Orijinali Yale \u00dcniversitesi taraf\u0131ndan yay\u0131nlanm\u0131\u015ft\u0131, [&hellip;]","og_url":"https:\/\/akunq.net\/tr\/?p=61977","og_site_name":"Bati Ermenistan Ve Bati Ermenileri Sorunlari Ara\u015ftirmalar Merkezi","article_published_time":"2021-03-22T07:55:49+00:00","og_image":[{"width":800,"height":463,"url":"https:\/\/akunq.net\/tr\/wp-content\/uploads\/sites\/6\/2021\/03\/Rag\u0131p-Zarakolu-1.jpg","type":"image\/jpeg"}],"author":"admin","twitter_card":"summary_large_image","twitter_misc":{"Written by":"admin","Est. reading time":"6 minutes"},"schema":{"@context":"https:\/\/schema.org","@graph":[{"@type":"Article","@id":"https:\/\/akunq.net\/tr\/?p=61977#article","isPartOf":{"@id":"https:\/\/akunq.net\/tr\/?p=61977"},"author":{"name":"admin","@id":"https:\/\/akunq.net\/tr\/#\/schema\/person\/096f1d38a12cce57fb855b485ed24c9e"},"headline":"D\u00fcnyan\u0131n ters k\u00f6\u015fesi neresi?","datePublished":"2021-03-22T07:55:49+00:00","mainEntityOfPage":{"@id":"https:\/\/akunq.net\/tr\/?p=61977"},"wordCount":1201,"commentCount":0,"image":{"@id":"https:\/\/akunq.net\/tr\/?p=61977#primaryimage"},"thumbnailUrl":"https:\/\/akunq.net\/tr\/wp-content\/uploads\/sites\/6\/2021\/03\/Rag\u0131p-Zarakolu-1.jpg","articleSection":["Haberler","Makaleler"],"inLanguage":"en-US","potentialAction":[{"@type":"CommentAction","name":"Comment","target":["https:\/\/akunq.net\/tr\/?p=61977#respond"]}]},{"@type":"WebPage","@id":"https:\/\/akunq.net\/tr\/?p=61977","url":"https:\/\/akunq.net\/tr\/?p=61977","name":"D\u00fcnyan\u0131n ters k\u00f6\u015fesi neresi? - Bati Ermenistan Ve Bati Ermenileri Sorunlari Ara\u015ftirmalar Merkezi","isPartOf":{"@id":"https:\/\/akunq.net\/tr\/#website"},"primaryImageOfPage":{"@id":"https:\/\/akunq.net\/tr\/?p=61977#primaryimage"},"image":{"@id":"https:\/\/akunq.net\/tr\/?p=61977#primaryimage"},"thumbnailUrl":"https:\/\/akunq.net\/tr\/wp-content\/uploads\/sites\/6\/2021\/03\/Rag\u0131p-Zarakolu-1.jpg","datePublished":"2021-03-22T07:55:49+00:00","author":{"@id":"https:\/\/akunq.net\/tr\/#\/schema\/person\/096f1d38a12cce57fb855b485ed24c9e"},"breadcrumb":{"@id":"https:\/\/akunq.net\/tr\/?p=61977#breadcrumb"},"inLanguage":"en-US","potentialAction":[{"@type":"ReadAction","target":["https:\/\/akunq.net\/tr\/?p=61977"]}]},{"@type":"ImageObject","inLanguage":"en-US","@id":"https:\/\/akunq.net\/tr\/?p=61977#primaryimage","url":"https:\/\/akunq.net\/tr\/wp-content\/uploads\/sites\/6\/2021\/03\/Rag\u0131p-Zarakolu-1.jpg","contentUrl":"https:\/\/akunq.net\/tr\/wp-content\/uploads\/sites\/6\/2021\/03\/Rag\u0131p-Zarakolu-1.jpg","width":800,"height":463},{"@type":"BreadcrumbList","@id":"https:\/\/akunq.net\/tr\/?p=61977#breadcrumb","itemListElement":[{"@type":"ListItem","position":1,"name":"Home","item":"https:\/\/akunq.net\/tr"},{"@type":"ListItem","position":2,"name":"D\u00fcnyan\u0131n ters k\u00f6\u015fesi neresi?"}]},{"@type":"WebSite","@id":"https:\/\/akunq.net\/tr\/#website","url":"https:\/\/akunq.net\/tr\/","name":"Bati Ermenistan Ve Bati Ermenileri Sorunlari Ara\u015ftirmalar Merkezi","description":"","potentialAction":[{"@type":"SearchAction","target":{"@type":"EntryPoint","urlTemplate":"https:\/\/akunq.net\/tr\/?s={search_term_string}"},"query-input":{"@type":"PropertyValueSpecification","valueRequired":true,"valueName":"search_term_string"}}],"inLanguage":"en-US"},{"@type":"Person","@id":"https:\/\/akunq.net\/tr\/#\/schema\/person\/096f1d38a12cce57fb855b485ed24c9e","name":"admin","url":"https:\/\/akunq.net\/tr\/?author=7"}]}},"_links":{"self":[{"href":"https:\/\/akunq.net\/tr\/index.php?rest_route=\/wp\/v2\/posts\/61977","targetHints":{"allow":["GET"]}}],"collection":[{"href":"https:\/\/akunq.net\/tr\/index.php?rest_route=\/wp\/v2\/posts"}],"about":[{"href":"https:\/\/akunq.net\/tr\/index.php?rest_route=\/wp\/v2\/types\/post"}],"author":[{"embeddable":true,"href":"https:\/\/akunq.net\/tr\/index.php?rest_route=\/wp\/v2\/users\/7"}],"replies":[{"embeddable":true,"href":"https:\/\/akunq.net\/tr\/index.php?rest_route=%2Fwp%2Fv2%2Fcomments&post=61977"}],"version-history":[{"count":1,"href":"https:\/\/akunq.net\/tr\/index.php?rest_route=\/wp\/v2\/posts\/61977\/revisions"}],"predecessor-version":[{"id":61979,"href":"https:\/\/akunq.net\/tr\/index.php?rest_route=\/wp\/v2\/posts\/61977\/revisions\/61979"}],"wp:featuredmedia":[{"embeddable":true,"href":"https:\/\/akunq.net\/tr\/index.php?rest_route=\/wp\/v2\/media\/61978"}],"wp:attachment":[{"href":"https:\/\/akunq.net\/tr\/index.php?rest_route=%2Fwp%2Fv2%2Fmedia&parent=61977"}],"wp:term":[{"taxonomy":"category","embeddable":true,"href":"https:\/\/akunq.net\/tr\/index.php?rest_route=%2Fwp%2Fv2%2Fcategories&post=61977"},{"taxonomy":"post_tag","embeddable":true,"href":"https:\/\/akunq.net\/tr\/index.php?rest_route=%2Fwp%2Fv2%2Ftags&post=61977"}],"curies":[{"name":"wp","href":"https:\/\/api.w.org\/{rel}","templated":true}]}}