{"id":61973,"date":"2021-03-22T02:38:34","date_gmt":"2021-03-22T07:38:34","guid":{"rendered":"https:\/\/akunq.net\/tr\/?p=61973"},"modified":"2021-03-22T02:38:34","modified_gmt":"2021-03-22T07:38:34","slug":"gergerlioglu-serbest-birakildi","status":"publish","type":"post","link":"https:\/\/akunq.net\/tr\/?p=61973","title":{"rendered":"Gergerlio\u011flu serbest b\u0131rak\u0131ld\u0131"},"content":{"rendered":"<p><img loading=\"lazy\" decoding=\"async\" class=\"aligncenter size-medium wp-image-61974\" src=\"https:\/\/akunq.net\/tr\/wp-content\/uploads\/2021\/03\/Gergerlio\u011flu-360x233.jpg\" alt=\"\" width=\"360\" height=\"233\" srcset=\"https:\/\/akunq.net\/tr\/wp-content\/uploads\/sites\/6\/2021\/03\/Gergerlio\u011flu-360x233.jpg 360w, https:\/\/akunq.net\/tr\/wp-content\/uploads\/sites\/6\/2021\/03\/Gergerlio\u011flu-260x168.jpg 260w, https:\/\/akunq.net\/tr\/wp-content\/uploads\/sites\/6\/2021\/03\/Gergerlio\u011flu-160x104.jpg 160w, https:\/\/akunq.net\/tr\/wp-content\/uploads\/sites\/6\/2021\/03\/Gergerlio\u011flu.jpg 510w\" sizes=\"auto, (max-width: 360px) 100vw, 360px\" \/><\/p>\n<p><em><strong>Vekilli\u011fi d\u00fc\u015f\u00fcr\u00fclen sonra Meclis&#8217;te &#8220;Adalet N\u00f6beti&#8221;ni s\u00fcrd\u00fcr\u00fcrken bu sabah g\u00f6zalt\u0131na al\u0131nan \u00d6mer Faruk Gergerlio\u011flu, \u00f6\u011fle saatlerinde serbest b\u0131rak\u0131ld\u0131.<\/strong><\/em><\/p>\n<p>Ankara Cumhuriyet Ba\u015fsavc\u0131l\u0131\u011f\u0131 konuya dair \u015fu a\u00e7\u0131klamay\u0131 yapt\u0131:<\/p>\n<p>&#8220;T\u00fcrk Ceza Kanununun 262\/1, 116\/2-4 ve 3713 say\u0131l\u0131 Kanunun 7\/2. maddeleri kapsam\u0131nda ba\u015flat\u0131lan soru\u015fturmada, Cumhuriyet Ba\u015fsavc\u0131l\u0131g\u0131m\u0131zca Ankara Emniyet M\u00fcd\u00fcrl\u00fc\u011f\u00fcne verilen talimat\u00a0 ile\u00a0 \u015f\u00fcpheli \u00d6mer Faruk GERGERL\u0130O\u011eLU\u2019nun ifadesinin al\u0131nmas\u0131 sa\u011flanm\u0131\u015f,\u00a0 ifadesi ikmal edildikten sora \u015fah\u0131s serbest b\u0131rak\u0131lm\u0131\u015ft\u0131r.\u201d<\/p>\n<p>Kavakl\u0131dere Polis Karakolu\u2019na g\u00f6t\u00fcr\u00fclen Gergerlio\u011flu\u2019nun ifadesinde, polislerce zor kullan\u0131larak g\u00f6zalt\u0131na al\u0131nd\u0131\u011f\u0131 y\u00f6n\u00fcndeki beyanlar\u0131 tutana\u011fa ge\u00e7ilmedi.<\/p>\n<p>Daha sonra isterse \u015fikayette bulanabilece\u011fi iletilen Gergerlio\u011flu\u2019nun avukatlar\u0131, yaz\u0131l\u0131 olarak bu duruma \u015ferh d\u00fc\u015ft\u00fc.<\/p>\n<p>Mezopotamya Ajans\u0131, y\u00fczlerce polisin geldi\u011fi Meclis\u2019ten zorla \u00e7\u0131kar\u0131larak g\u00f6zalt\u0131na al\u0131nan Gergerlio\u011flu\u2019nun g\u00f6zalt\u0131na al\u0131nmas\u0131n\u0131n nedeninin Ankara Cumhuriyet Ba\u015fsavc\u0131l\u0131\u011f\u0131 taraf\u0131ndan ba\u015flat\u0131lan yeni bir soru\u015fturma kapsam\u0131nda oldu\u011funu duyurdu.<\/p>\n<p>HDP Merkez Y\u00fcr\u00fctme Kurulu geli\u015fmeler \u00fczerine yaz\u0131l\u0131 bir a\u00e7\u0131klama yapt\u0131. A\u00e7\u0131klamada \u015fu ifadelere yer verildi:<\/p>\n<p>&#8220;Kocaeli Milletvekilimiz \u00d6mer Faruk Gergerlio\u011flu, bu sabah y\u00fczlerce ki\u015fiden olu\u015fan bir polis ordusu taraf\u0131ndan TBMM\u2019de yaka pa\u00e7a zorla g\u00f6zalt\u0131na al\u0131nm\u0131\u015ft\u0131r. MHP Genel Ba\u015fkan\u0131 Devlet Bah\u00e7eli\u2019nin bir g\u00fcn \u00f6nce att\u0131\u011f\u0131 twitleri kendisine talimat olarak g\u00f6ren savc\u0131l\u0131\u011f\u0131n harekete ge\u00e7mesi, T\u00fcrkiye\u2019de yarg\u0131n\u0131n geldi\u011fi noktay\u0131 a\u00e7\u0131k\u00e7a g\u00f6stermektedir. Yarg\u0131, talimatla hareket eden emir erine d\u00f6n\u00fc\u015fm\u00fc\u015ft\u00fcr. Talimatla hareket eden savc\u0131lar, talimatla hareket eden hakimler ve bu talimatlar\u0131 veren siyasilerle beraber bu \u00fclkeye en b\u00fcy\u00fck k\u00f6t\u00fcl\u00fc\u011f\u00fc yapm\u0131\u015flard\u0131r. Bizim a\u00e7\u0131m\u0131zdan tablo olduk\u00e7a a\u00e7\u0131kt\u0131r.&#8221;<\/p>\n<p>&#8220;Meclis\u2019te devam eden adalet eyleminden birinci derecede sorumlu Meclis Ba\u015fkan\u0131\u2019d\u0131r. Say\u0131n Gergerlio\u011flu\u2019nun yaka pa\u00e7a g\u00f6zalt\u0131na al\u0131nmas\u0131na onay veren \u015eentop, bir siyasi partinin genel ba\u015fkan\u0131n\u0131n talimat\u0131n\u0131 aradan 24 saat ge\u00e7meden yerine getirmi\u015ftir. 83 milyonu temsil eden Meclis\u2019in Ba\u015fkan\u0131n\u0131n bu tutumu\u00a0 \u00fclke demokrasi ad\u0131na utan\u00e7 vericidir. &#8221;<\/p>\n<p>&#8220;Savc\u0131l\u0131k sabah saatlerinde yap\u0131lan bu darbenin \u00fczerini \u00f6rtmek i\u00e7in ger\u00e7ekle\u015fmemi\u015f olaylar\u0131, ger\u00e7ekmi\u015f gibi g\u00f6stererek iktidar\u0131n kara propagandas\u0131na hizmet etmi\u015ftir. Gergerlio\u011flu\u2019nun vekilli\u011finin d\u00fc\u015f\u00fcr\u00fcld\u00fc\u011f\u00fc g\u00fcn Genel Kurul\u2019dan Meclis\u2019te bulunan grubumuza gidi\u015fimizin her an\u0131 g\u00f6r\u00fcnt\u00fclerle sabittir. Bu g\u00f6r\u00fcnt\u00fclere en kolay \u015fekilde ula\u015facak olan Meclis Ba\u015fkan\u0131 Mustafa \u015eentop olmas\u0131na ra\u011fmen o da bu kara propagandan\u0131n bir par\u00e7as\u0131 olma yolunu se\u00e7en bir a\u00e7\u0131klama yay\u0131nlam\u0131\u015f ve bizim i\u00e7in tarafs\u0131zl\u0131\u011f\u0131n\u0131 tamamen yitirmi\u015ftir.&#8221;<\/p>\n<p>&#8220;Bu yap\u0131lan pervas\u0131zl\u0131k kar\u015f\u0131s\u0131nda Meclis\u2019teki ve d\u0131\u015far\u0131daki muhalefet partilerinin alaca\u011f\u0131 tutum \u00e7ok b\u00fcy\u00fck bir \u00f6nem kazanm\u0131\u015ft\u0131r. A\u00e7\u0131k bir \u015fekilde bu darbeyi k\u0131namak, bunun kar\u015f\u0131s\u0131nda cesurca durmak, ayn\u0131 zamanda siyasi partilerin varolu\u015f sebebidir. T\u00fcm muhalefet bu konuda taraf\u0131n\u0131 belli etmelidir. Bu tarihsel sorumluluktan hi\u00e7 kimse ka\u00e7amaz. Yoksa bug\u00fcn HDP\u2019ye olanlar yar\u0131n t\u00fcm muhalefetin ba\u015f\u0131na gelecektir. Buna hi\u00e7 \u015f\u00fcpheniz olmas\u0131n. O zaman itiraz edecek kimseleri bulamayabilirsiniz.&#8221;<\/p>\n<p><em><strong>http:\/\/www.agos.com.tr\/tr\/yazi\/25476\/gergerlioglu-serbest-birakildi\u00a0<\/strong><\/em><\/p>\n","protected":false},"excerpt":{"rendered":"<p>Vekilli\u011fi d\u00fc\u015f\u00fcr\u00fclen sonra Meclis&#8217;te &#8220;Adalet N\u00f6beti&#8221;ni s\u00fcrd\u00fcr\u00fcrken bu sabah g\u00f6zalt\u0131na al\u0131nan \u00d6mer Faruk Gergerlio\u011flu, \u00f6\u011fle saatlerinde serbest b\u0131rak\u0131ld\u0131. Ankara Cumhuriyet Ba\u015fsavc\u0131l\u0131\u011f\u0131 konuya dair \u015fu a\u00e7\u0131klamay\u0131 yapt\u0131: &#8220;T\u00fcrk Ceza Kanununun 262\/1, 116\/2-4 ve 3713 say\u0131l\u0131 Kanunun 7\/2. maddeleri kapsam\u0131nda ba\u015flat\u0131lan soru\u015fturmada, Cumhuriyet Ba\u015fsavc\u0131l\u0131g\u0131m\u0131zca Ankara Emniyet M\u00fcd\u00fcrl\u00fc\u011f\u00fcne verilen talimat\u00a0 ile\u00a0 \u015f\u00fcpheli \u00d6mer Faruk GERGERL\u0130O\u011eLU\u2019nun ifadesinin al\u0131nmas\u0131 sa\u011flanm\u0131\u015f,\u00a0 [&hellip;]<\/p>\n","protected":false},"author":7,"featured_media":61974,"comment_status":"open","ping_status":"open","sticky":false,"template":"","format":"standard","meta":{"footnotes":""},"categories":[1],"tags":[],"class_list":["post-61973","post","type-post","status-publish","format-standard","has-post-thumbnail","hentry","category-haberler"],"yoast_head":"<!-- This site is optimized with the Yoast SEO plugin v27.4 - https:\/\/yoast.com\/product\/yoast-seo-wordpress\/ -->\n<title>Gergerlio\u011flu serbest b\u0131rak\u0131ld\u0131 - Bati Ermenistan Ve Bati Ermenileri Sorunlari Ara\u015ftirmalar Merkezi<\/title>\n<meta name=\"robots\" content=\"index, follow, max-snippet:-1, max-image-preview:large, max-video-preview:-1\" \/>\n<link rel=\"canonical\" href=\"https:\/\/akunq.net\/tr\/?p=61973\" \/>\n<meta property=\"og:locale\" content=\"en_US\" \/>\n<meta property=\"og:type\" content=\"article\" \/>\n<meta property=\"og:title\" content=\"Gergerlio\u011flu serbest b\u0131rak\u0131ld\u0131 - Bati Ermenistan Ve Bati Ermenileri Sorunlari Ara\u015ftirmalar Merkezi\" \/>\n<meta property=\"og:description\" content=\"Vekilli\u011fi d\u00fc\u015f\u00fcr\u00fclen sonra Meclis&#8217;te &#8220;Adalet N\u00f6beti&#8221;ni s\u00fcrd\u00fcr\u00fcrken bu sabah g\u00f6zalt\u0131na al\u0131nan \u00d6mer Faruk Gergerlio\u011flu, \u00f6\u011fle saatlerinde serbest b\u0131rak\u0131ld\u0131. Ankara Cumhuriyet Ba\u015fsavc\u0131l\u0131\u011f\u0131 konuya dair \u015fu a\u00e7\u0131klamay\u0131 yapt\u0131: &#8220;T\u00fcrk Ceza Kanununun 262\/1, 116\/2-4 ve 3713 say\u0131l\u0131 Kanunun 7\/2. maddeleri kapsam\u0131nda ba\u015flat\u0131lan soru\u015fturmada, Cumhuriyet Ba\u015fsavc\u0131l\u0131g\u0131m\u0131zca Ankara Emniyet M\u00fcd\u00fcrl\u00fc\u011f\u00fcne verilen talimat\u00a0 ile\u00a0 \u015f\u00fcpheli \u00d6mer Faruk GERGERL\u0130O\u011eLU\u2019nun ifadesinin al\u0131nmas\u0131 sa\u011flanm\u0131\u015f,\u00a0 [&hellip;]\" \/>\n<meta property=\"og:url\" content=\"https:\/\/akunq.net\/tr\/?p=61973\" \/>\n<meta property=\"og:site_name\" content=\"Bati Ermenistan Ve Bati Ermenileri Sorunlari Ara\u015ftirmalar Merkezi\" \/>\n<meta property=\"article:published_time\" content=\"2021-03-22T07:38:34+00:00\" \/>\n<meta property=\"og:image\" content=\"https:\/\/akunq.net\/tr\/wp-content\/uploads\/sites\/6\/2021\/03\/Gergerlio\u011flu.jpg\" \/>\n\t<meta property=\"og:image:width\" content=\"510\" \/>\n\t<meta property=\"og:image:height\" content=\"330\" \/>\n\t<meta property=\"og:image:type\" content=\"image\/jpeg\" \/>\n<meta name=\"author\" content=\"admin\" \/>\n<meta name=\"twitter:card\" content=\"summary_large_image\" \/>\n<meta name=\"twitter:label1\" content=\"Written by\" \/>\n\t<meta name=\"twitter:data1\" content=\"admin\" \/>\n\t<meta name=\"twitter:label2\" content=\"Est. reading time\" \/>\n\t<meta name=\"twitter:data2\" content=\"3 minutes\" \/>\n<script type=\"application\/ld+json\" class=\"yoast-schema-graph\">{\"@context\":\"https:\\\/\\\/schema.org\",\"@graph\":[{\"@type\":\"Article\",\"@id\":\"https:\\\/\\\/akunq.net\\\/tr\\\/?p=61973#article\",\"isPartOf\":{\"@id\":\"https:\\\/\\\/akunq.net\\\/tr\\\/?p=61973\"},\"author\":{\"name\":\"admin\",\"@id\":\"https:\\\/\\\/akunq.net\\\/tr\\\/#\\\/schema\\\/person\\\/096f1d38a12cce57fb855b485ed24c9e\"},\"headline\":\"Gergerlio\u011flu serbest b\u0131rak\u0131ld\u0131\",\"datePublished\":\"2021-03-22T07:38:34+00:00\",\"mainEntityOfPage\":{\"@id\":\"https:\\\/\\\/akunq.net\\\/tr\\\/?p=61973\"},\"wordCount\":608,\"commentCount\":0,\"image\":{\"@id\":\"https:\\\/\\\/akunq.net\\\/tr\\\/?p=61973#primaryimage\"},\"thumbnailUrl\":\"https:\\\/\\\/akunq.net\\\/tr\\\/wp-content\\\/uploads\\\/sites\\\/6\\\/2021\\\/03\\\/Gergerlio\u011flu.jpg\",\"articleSection\":[\"Haberler\"],\"inLanguage\":\"en-US\",\"potentialAction\":[{\"@type\":\"CommentAction\",\"name\":\"Comment\",\"target\":[\"https:\\\/\\\/akunq.net\\\/tr\\\/?p=61973#respond\"]}]},{\"@type\":\"WebPage\",\"@id\":\"https:\\\/\\\/akunq.net\\\/tr\\\/?p=61973\",\"url\":\"https:\\\/\\\/akunq.net\\\/tr\\\/?p=61973\",\"name\":\"Gergerlio\u011flu serbest b\u0131rak\u0131ld\u0131 - Bati Ermenistan Ve Bati Ermenileri Sorunlari Ara\u015ftirmalar Merkezi\",\"isPartOf\":{\"@id\":\"https:\\\/\\\/akunq.net\\\/tr\\\/#website\"},\"primaryImageOfPage\":{\"@id\":\"https:\\\/\\\/akunq.net\\\/tr\\\/?p=61973#primaryimage\"},\"image\":{\"@id\":\"https:\\\/\\\/akunq.net\\\/tr\\\/?p=61973#primaryimage\"},\"thumbnailUrl\":\"https:\\\/\\\/akunq.net\\\/tr\\\/wp-content\\\/uploads\\\/sites\\\/6\\\/2021\\\/03\\\/Gergerlio\u011flu.jpg\",\"datePublished\":\"2021-03-22T07:38:34+00:00\",\"author\":{\"@id\":\"https:\\\/\\\/akunq.net\\\/tr\\\/#\\\/schema\\\/person\\\/096f1d38a12cce57fb855b485ed24c9e\"},\"breadcrumb\":{\"@id\":\"https:\\\/\\\/akunq.net\\\/tr\\\/?p=61973#breadcrumb\"},\"inLanguage\":\"en-US\",\"potentialAction\":[{\"@type\":\"ReadAction\",\"target\":[\"https:\\\/\\\/akunq.net\\\/tr\\\/?p=61973\"]}]},{\"@type\":\"ImageObject\",\"inLanguage\":\"en-US\",\"@id\":\"https:\\\/\\\/akunq.net\\\/tr\\\/?p=61973#primaryimage\",\"url\":\"https:\\\/\\\/akunq.net\\\/tr\\\/wp-content\\\/uploads\\\/sites\\\/6\\\/2021\\\/03\\\/Gergerlio\u011flu.jpg\",\"contentUrl\":\"https:\\\/\\\/akunq.net\\\/tr\\\/wp-content\\\/uploads\\\/sites\\\/6\\\/2021\\\/03\\\/Gergerlio\u011flu.jpg\",\"width\":510,\"height\":330},{\"@type\":\"BreadcrumbList\",\"@id\":\"https:\\\/\\\/akunq.net\\\/tr\\\/?p=61973#breadcrumb\",\"itemListElement\":[{\"@type\":\"ListItem\",\"position\":1,\"name\":\"Home\",\"item\":\"https:\\\/\\\/akunq.net\\\/tr\"},{\"@type\":\"ListItem\",\"position\":2,\"name\":\"Gergerlio\u011flu serbest b\u0131rak\u0131ld\u0131\"}]},{\"@type\":\"WebSite\",\"@id\":\"https:\\\/\\\/akunq.net\\\/tr\\\/#website\",\"url\":\"https:\\\/\\\/akunq.net\\\/tr\\\/\",\"name\":\"Bati Ermenistan Ve Bati Ermenileri Sorunlari Ara\u015ftirmalar Merkezi\",\"description\":\"\",\"potentialAction\":[{\"@type\":\"SearchAction\",\"target\":{\"@type\":\"EntryPoint\",\"urlTemplate\":\"https:\\\/\\\/akunq.net\\\/tr\\\/?s={search_term_string}\"},\"query-input\":{\"@type\":\"PropertyValueSpecification\",\"valueRequired\":true,\"valueName\":\"search_term_string\"}}],\"inLanguage\":\"en-US\"},{\"@type\":\"Person\",\"@id\":\"https:\\\/\\\/akunq.net\\\/tr\\\/#\\\/schema\\\/person\\\/096f1d38a12cce57fb855b485ed24c9e\",\"name\":\"admin\",\"url\":\"https:\\\/\\\/akunq.net\\\/tr\\\/?author=7\"}]}<\/script>\n<!-- \/ Yoast SEO plugin. -->","yoast_head_json":{"title":"Gergerlio\u011flu serbest b\u0131rak\u0131ld\u0131 - Bati Ermenistan Ve Bati Ermenileri Sorunlari Ara\u015ftirmalar Merkezi","robots":{"index":"index","follow":"follow","max-snippet":"max-snippet:-1","max-image-preview":"max-image-preview:large","max-video-preview":"max-video-preview:-1"},"canonical":"https:\/\/akunq.net\/tr\/?p=61973","og_locale":"en_US","og_type":"article","og_title":"Gergerlio\u011flu serbest b\u0131rak\u0131ld\u0131 - Bati Ermenistan Ve Bati Ermenileri Sorunlari Ara\u015ftirmalar Merkezi","og_description":"Vekilli\u011fi d\u00fc\u015f\u00fcr\u00fclen sonra Meclis&#8217;te &#8220;Adalet N\u00f6beti&#8221;ni s\u00fcrd\u00fcr\u00fcrken bu sabah g\u00f6zalt\u0131na al\u0131nan \u00d6mer Faruk Gergerlio\u011flu, \u00f6\u011fle saatlerinde serbest b\u0131rak\u0131ld\u0131. Ankara Cumhuriyet Ba\u015fsavc\u0131l\u0131\u011f\u0131 konuya dair \u015fu a\u00e7\u0131klamay\u0131 yapt\u0131: &#8220;T\u00fcrk Ceza Kanununun 262\/1, 116\/2-4 ve 3713 say\u0131l\u0131 Kanunun 7\/2. maddeleri kapsam\u0131nda ba\u015flat\u0131lan soru\u015fturmada, Cumhuriyet Ba\u015fsavc\u0131l\u0131g\u0131m\u0131zca Ankara Emniyet M\u00fcd\u00fcrl\u00fc\u011f\u00fcne verilen talimat\u00a0 ile\u00a0 \u015f\u00fcpheli \u00d6mer Faruk GERGERL\u0130O\u011eLU\u2019nun ifadesinin al\u0131nmas\u0131 sa\u011flanm\u0131\u015f,\u00a0 [&hellip;]","og_url":"https:\/\/akunq.net\/tr\/?p=61973","og_site_name":"Bati Ermenistan Ve Bati Ermenileri Sorunlari Ara\u015ftirmalar Merkezi","article_published_time":"2021-03-22T07:38:34+00:00","og_image":[{"width":510,"height":330,"url":"https:\/\/akunq.net\/tr\/wp-content\/uploads\/sites\/6\/2021\/03\/Gergerlio\u011flu.jpg","type":"image\/jpeg"}],"author":"admin","twitter_card":"summary_large_image","twitter_misc":{"Written by":"admin","Est. reading time":"3 minutes"},"schema":{"@context":"https:\/\/schema.org","@graph":[{"@type":"Article","@id":"https:\/\/akunq.net\/tr\/?p=61973#article","isPartOf":{"@id":"https:\/\/akunq.net\/tr\/?p=61973"},"author":{"name":"admin","@id":"https:\/\/akunq.net\/tr\/#\/schema\/person\/096f1d38a12cce57fb855b485ed24c9e"},"headline":"Gergerlio\u011flu serbest b\u0131rak\u0131ld\u0131","datePublished":"2021-03-22T07:38:34+00:00","mainEntityOfPage":{"@id":"https:\/\/akunq.net\/tr\/?p=61973"},"wordCount":608,"commentCount":0,"image":{"@id":"https:\/\/akunq.net\/tr\/?p=61973#primaryimage"},"thumbnailUrl":"https:\/\/akunq.net\/tr\/wp-content\/uploads\/sites\/6\/2021\/03\/Gergerlio\u011flu.jpg","articleSection":["Haberler"],"inLanguage":"en-US","potentialAction":[{"@type":"CommentAction","name":"Comment","target":["https:\/\/akunq.net\/tr\/?p=61973#respond"]}]},{"@type":"WebPage","@id":"https:\/\/akunq.net\/tr\/?p=61973","url":"https:\/\/akunq.net\/tr\/?p=61973","name":"Gergerlio\u011flu serbest b\u0131rak\u0131ld\u0131 - Bati Ermenistan Ve Bati Ermenileri Sorunlari Ara\u015ftirmalar Merkezi","isPartOf":{"@id":"https:\/\/akunq.net\/tr\/#website"},"primaryImageOfPage":{"@id":"https:\/\/akunq.net\/tr\/?p=61973#primaryimage"},"image":{"@id":"https:\/\/akunq.net\/tr\/?p=61973#primaryimage"},"thumbnailUrl":"https:\/\/akunq.net\/tr\/wp-content\/uploads\/sites\/6\/2021\/03\/Gergerlio\u011flu.jpg","datePublished":"2021-03-22T07:38:34+00:00","author":{"@id":"https:\/\/akunq.net\/tr\/#\/schema\/person\/096f1d38a12cce57fb855b485ed24c9e"},"breadcrumb":{"@id":"https:\/\/akunq.net\/tr\/?p=61973#breadcrumb"},"inLanguage":"en-US","potentialAction":[{"@type":"ReadAction","target":["https:\/\/akunq.net\/tr\/?p=61973"]}]},{"@type":"ImageObject","inLanguage":"en-US","@id":"https:\/\/akunq.net\/tr\/?p=61973#primaryimage","url":"https:\/\/akunq.net\/tr\/wp-content\/uploads\/sites\/6\/2021\/03\/Gergerlio\u011flu.jpg","contentUrl":"https:\/\/akunq.net\/tr\/wp-content\/uploads\/sites\/6\/2021\/03\/Gergerlio\u011flu.jpg","width":510,"height":330},{"@type":"BreadcrumbList","@id":"https:\/\/akunq.net\/tr\/?p=61973#breadcrumb","itemListElement":[{"@type":"ListItem","position":1,"name":"Home","item":"https:\/\/akunq.net\/tr"},{"@type":"ListItem","position":2,"name":"Gergerlio\u011flu serbest b\u0131rak\u0131ld\u0131"}]},{"@type":"WebSite","@id":"https:\/\/akunq.net\/tr\/#website","url":"https:\/\/akunq.net\/tr\/","name":"Bati Ermenistan Ve Bati Ermenileri Sorunlari Ara\u015ftirmalar Merkezi","description":"","potentialAction":[{"@type":"SearchAction","target":{"@type":"EntryPoint","urlTemplate":"https:\/\/akunq.net\/tr\/?s={search_term_string}"},"query-input":{"@type":"PropertyValueSpecification","valueRequired":true,"valueName":"search_term_string"}}],"inLanguage":"en-US"},{"@type":"Person","@id":"https:\/\/akunq.net\/tr\/#\/schema\/person\/096f1d38a12cce57fb855b485ed24c9e","name":"admin","url":"https:\/\/akunq.net\/tr\/?author=7"}]}},"_links":{"self":[{"href":"https:\/\/akunq.net\/tr\/index.php?rest_route=\/wp\/v2\/posts\/61973","targetHints":{"allow":["GET"]}}],"collection":[{"href":"https:\/\/akunq.net\/tr\/index.php?rest_route=\/wp\/v2\/posts"}],"about":[{"href":"https:\/\/akunq.net\/tr\/index.php?rest_route=\/wp\/v2\/types\/post"}],"author":[{"embeddable":true,"href":"https:\/\/akunq.net\/tr\/index.php?rest_route=\/wp\/v2\/users\/7"}],"replies":[{"embeddable":true,"href":"https:\/\/akunq.net\/tr\/index.php?rest_route=%2Fwp%2Fv2%2Fcomments&post=61973"}],"version-history":[{"count":1,"href":"https:\/\/akunq.net\/tr\/index.php?rest_route=\/wp\/v2\/posts\/61973\/revisions"}],"predecessor-version":[{"id":61975,"href":"https:\/\/akunq.net\/tr\/index.php?rest_route=\/wp\/v2\/posts\/61973\/revisions\/61975"}],"wp:featuredmedia":[{"embeddable":true,"href":"https:\/\/akunq.net\/tr\/index.php?rest_route=\/wp\/v2\/media\/61974"}],"wp:attachment":[{"href":"https:\/\/akunq.net\/tr\/index.php?rest_route=%2Fwp%2Fv2%2Fmedia&parent=61973"}],"wp:term":[{"taxonomy":"category","embeddable":true,"href":"https:\/\/akunq.net\/tr\/index.php?rest_route=%2Fwp%2Fv2%2Fcategories&post=61973"},{"taxonomy":"post_tag","embeddable":true,"href":"https:\/\/akunq.net\/tr\/index.php?rest_route=%2Fwp%2Fv2%2Ftags&post=61973"}],"curies":[{"name":"wp","href":"https:\/\/api.w.org\/{rel}","templated":true}]}}