{"id":61970,"date":"2021-03-22T02:29:26","date_gmt":"2021-03-22T07:29:26","guid":{"rendered":"https:\/\/akunq.net\/tr\/?p=61970"},"modified":"2021-03-22T02:29:26","modified_gmt":"2021-03-22T07:29:26","slug":"abdli-senatorlerden-bidena-ermeni-soykirimi-cagrisi","status":"publish","type":"post","link":"https:\/\/akunq.net\/tr\/?p=61970","title":{"rendered":"ABD&#8217;li senat\u00f6rlerden Biden&#8217;a Ermeni Soyk\u0131r\u0131m\u0131 \u00e7a\u011fr\u0131s\u0131"},"content":{"rendered":"<p><img loading=\"lazy\" decoding=\"async\" class=\"aligncenter size-medium wp-image-61971\" src=\"https:\/\/akunq.net\/tr\/wp-content\/uploads\/2021\/03\/ABD-1-360x213.jpg\" alt=\"\" width=\"360\" height=\"213\" srcset=\"https:\/\/akunq.net\/tr\/wp-content\/uploads\/sites\/6\/2021\/03\/ABD-1-360x213.jpg 360w, https:\/\/akunq.net\/tr\/wp-content\/uploads\/sites\/6\/2021\/03\/ABD-1-560x332.jpg 560w, https:\/\/akunq.net\/tr\/wp-content\/uploads\/sites\/6\/2021\/03\/ABD-1-260x154.jpg 260w, https:\/\/akunq.net\/tr\/wp-content\/uploads\/sites\/6\/2021\/03\/ABD-1-160x95.jpg 160w, https:\/\/akunq.net\/tr\/wp-content\/uploads\/sites\/6\/2021\/03\/ABD-1.jpg 760w\" sizes=\"auto, (max-width: 360px) 100vw, 360px\" \/><\/p>\n<p><em><strong>ABD&#8217;li bir grup senat\u00f6r, Ba\u015fkan Joe Biden&#8217;a, 1915 Ermeni\u00a0Soyk\u0131r\u0131m\u0131\u00a0soyk\u0131r\u0131m olarak tan\u0131ma \u00e7a\u011fr\u0131s\u0131 yapan bir mektup g\u00f6nderdi.<\/strong><\/em><\/p>\n<p>\u00d6nc\u00fcl\u00fc\u011f\u00fcn\u00fc Demokrat Senat\u00f6r Bob Menendez ile Cumhuriyet\u00e7i Senat\u00f6r John Cornyn&#8217;in yapt\u0131\u011f\u0131 ve 38 senat\u00f6r\u00fcn imza att\u0131\u011f\u0131 mektup, Senato D\u0131\u015f \u0130li\u015fkiler Komitesi taraf\u0131ndan duyuruldu.<\/p>\n<p>Her iki partiden de senat\u00f6rlerin isimlerinin yer ald\u0131\u011f\u0131 mektupta, Biden&#8217;\u0131n ge\u00e7en y\u0131l yapt\u0131\u011f\u0131 bir konu\u015fma hat\u0131rlat\u0131larak, &#8221; Ermeni Soyk\u0131r\u0131m\u0131 ger\u00e7e\u011fini resmen tan\u0131ma \u00e7a\u011fr\u0131s\u0131n\u0131 g\u00fc\u00e7l\u00fc \u015fekilde yapmak \u00fczere size yaz\u0131yoruz. Ge\u00e7mi\u015fte Ermeni soyk\u0131r\u0131m\u0131n\u0131 soyk\u0131r\u0131m olarak tan\u0131m\u0131\u015ft\u0131n\u0131z, \u015fimdi Ba\u015fkan olarak yine ayn\u0131 \u015feyi yapmaya \u00e7a\u011f\u0131r\u0131yoruz.&#8221; ifadeleri kullan\u0131ld\u0131.<\/p>\n<p>2019 y\u0131l\u0131nda ABD Kongresinin her iki kanad\u0131nda da kabul edilen 1915 Ermeni\u00a0Soyk\u0131r\u0131m\u0131\u00a0soyk\u0131r\u0131m olarak tan\u0131nmas\u0131 y\u00f6n\u00fcndeki karar tasar\u0131lar\u0131na at\u0131f yap\u0131lan mektupta, Biden y\u00f6netiminin\u00a0Ermeni\u00a0Soyk\u0131r\u0131m\u0131n\u0131\u00a0soyk\u0131r\u0131m\u00a0olarak resmen tan\u0131yarak Kongreye kat\u0131lmas\u0131 gerekti\u011fi savunuldu.<\/p>\n<p>Daha \u00f6nceki y\u00f6netimlerin bu y\u00f6nde resmi bir ad\u0131m atmay\u0131p sessiz kald\u0131klar\u0131na dikkat \u00e7ekilen mektupta, Biden y\u00f6netimine bu sessizli\u011fi bozmas\u0131 \u00e7a\u011fr\u0131s\u0131 yap\u0131ld\u0131.<\/p>\n<p>ABD Ba\u015fkan\u0131 Biden, ge\u00e7en y\u0131l ba\u015fkan aday\u0131 iken yapt\u0131\u011f\u0131 1915 Ermeni Soyk\u0131r\u0131m\u0131\u00a0ilgili a\u00e7\u0131klamas\u0131nda, 1915&#8217;i\u00a0soyk\u0131r\u0131m olarak tan\u0131mlam\u0131\u015f ve ba\u015fkan se\u00e7ilmesi halinde bu y\u00f6ndeki bir Kongre tasar\u0131s\u0131na destek verece\u011fini ifade etmi\u015fti.<\/p>\n<p><em><strong>https:\/\/www.ermenihaber.am\/tr\/news\/2021\/03\/22\/ABD-Biden-Ermeni-Soyk%C4%B1r%C4%B1m\/204585<\/strong><\/em><\/p>\n","protected":false},"excerpt":{"rendered":"<p>ABD&#8217;li bir grup senat\u00f6r, Ba\u015fkan Joe Biden&#8217;a, 1915 Ermeni\u00a0Soyk\u0131r\u0131m\u0131\u00a0soyk\u0131r\u0131m olarak tan\u0131ma \u00e7a\u011fr\u0131s\u0131 yapan bir mektup g\u00f6nderdi. \u00d6nc\u00fcl\u00fc\u011f\u00fcn\u00fc Demokrat Senat\u00f6r Bob Menendez ile Cumhuriyet\u00e7i Senat\u00f6r John Cornyn&#8217;in yapt\u0131\u011f\u0131 ve 38 senat\u00f6r\u00fcn imza att\u0131\u011f\u0131 mektup, Senato D\u0131\u015f \u0130li\u015fkiler Komitesi taraf\u0131ndan duyuruldu. Her iki partiden de senat\u00f6rlerin isimlerinin yer ald\u0131\u011f\u0131 mektupta, Biden&#8217;\u0131n ge\u00e7en y\u0131l yapt\u0131\u011f\u0131 bir konu\u015fma hat\u0131rlat\u0131larak, [&hellip;]<\/p>\n","protected":false},"author":7,"featured_media":61971,"comment_status":"open","ping_status":"open","sticky":false,"template":"","format":"standard","meta":{"footnotes":""},"categories":[44,1],"tags":[],"class_list":["post-61970","post","type-post","status-publish","format-standard","has-post-thumbnail","hentry","category-ermeni-soykirimi","category-haberler"],"yoast_head":"<!-- This site is optimized with the Yoast SEO plugin v27.4 - https:\/\/yoast.com\/product\/yoast-seo-wordpress\/ -->\n<title>ABD&#039;li senat\u00f6rlerden Biden&#039;a Ermeni Soyk\u0131r\u0131m\u0131 \u00e7a\u011fr\u0131s\u0131 - Bati Ermenistan Ve Bati Ermenileri Sorunlari Ara\u015ftirmalar Merkezi<\/title>\n<meta name=\"robots\" content=\"index, follow, max-snippet:-1, max-image-preview:large, max-video-preview:-1\" \/>\n<link rel=\"canonical\" href=\"https:\/\/akunq.net\/tr\/?p=61970\" \/>\n<meta property=\"og:locale\" content=\"en_US\" \/>\n<meta property=\"og:type\" content=\"article\" \/>\n<meta property=\"og:title\" content=\"ABD&#039;li senat\u00f6rlerden Biden&#039;a Ermeni Soyk\u0131r\u0131m\u0131 \u00e7a\u011fr\u0131s\u0131 - Bati Ermenistan Ve Bati Ermenileri Sorunlari Ara\u015ftirmalar Merkezi\" \/>\n<meta property=\"og:description\" content=\"ABD&#8217;li bir grup senat\u00f6r, Ba\u015fkan Joe Biden&#8217;a, 1915 Ermeni\u00a0Soyk\u0131r\u0131m\u0131\u00a0soyk\u0131r\u0131m olarak tan\u0131ma \u00e7a\u011fr\u0131s\u0131 yapan bir mektup g\u00f6nderdi. \u00d6nc\u00fcl\u00fc\u011f\u00fcn\u00fc Demokrat Senat\u00f6r Bob Menendez ile Cumhuriyet\u00e7i Senat\u00f6r John Cornyn&#8217;in yapt\u0131\u011f\u0131 ve 38 senat\u00f6r\u00fcn imza att\u0131\u011f\u0131 mektup, Senato D\u0131\u015f \u0130li\u015fkiler Komitesi taraf\u0131ndan duyuruldu. Her iki partiden de senat\u00f6rlerin isimlerinin yer ald\u0131\u011f\u0131 mektupta, Biden&#8217;\u0131n ge\u00e7en y\u0131l yapt\u0131\u011f\u0131 bir konu\u015fma hat\u0131rlat\u0131larak, [&hellip;]\" \/>\n<meta property=\"og:url\" content=\"https:\/\/akunq.net\/tr\/?p=61970\" \/>\n<meta property=\"og:site_name\" content=\"Bati Ermenistan Ve Bati Ermenileri Sorunlari Ara\u015ftirmalar Merkezi\" \/>\n<meta property=\"article:published_time\" content=\"2021-03-22T07:29:26+00:00\" \/>\n<meta property=\"og:image\" content=\"https:\/\/akunq.net\/tr\/wp-content\/uploads\/sites\/6\/2021\/03\/ABD-1.jpg\" \/>\n\t<meta property=\"og:image:width\" content=\"760\" \/>\n\t<meta property=\"og:image:height\" content=\"450\" \/>\n\t<meta property=\"og:image:type\" content=\"image\/jpeg\" \/>\n<meta name=\"author\" content=\"admin\" \/>\n<meta name=\"twitter:card\" content=\"summary_large_image\" \/>\n<meta name=\"twitter:label1\" content=\"Written by\" \/>\n\t<meta name=\"twitter:data1\" content=\"admin\" \/>\n\t<meta name=\"twitter:label2\" content=\"Est. reading time\" \/>\n\t<meta name=\"twitter:data2\" content=\"1 minute\" \/>\n<script type=\"application\/ld+json\" class=\"yoast-schema-graph\">{\"@context\":\"https:\\\/\\\/schema.org\",\"@graph\":[{\"@type\":\"Article\",\"@id\":\"https:\\\/\\\/akunq.net\\\/tr\\\/?p=61970#article\",\"isPartOf\":{\"@id\":\"https:\\\/\\\/akunq.net\\\/tr\\\/?p=61970\"},\"author\":{\"name\":\"admin\",\"@id\":\"https:\\\/\\\/akunq.net\\\/tr\\\/#\\\/schema\\\/person\\\/096f1d38a12cce57fb855b485ed24c9e\"},\"headline\":\"ABD&#8217;li senat\u00f6rlerden Biden&#8217;a Ermeni Soyk\u0131r\u0131m\u0131 \u00e7a\u011fr\u0131s\u0131\",\"datePublished\":\"2021-03-22T07:29:26+00:00\",\"mainEntityOfPage\":{\"@id\":\"https:\\\/\\\/akunq.net\\\/tr\\\/?p=61970\"},\"wordCount\":294,\"commentCount\":0,\"image\":{\"@id\":\"https:\\\/\\\/akunq.net\\\/tr\\\/?p=61970#primaryimage\"},\"thumbnailUrl\":\"https:\\\/\\\/akunq.net\\\/tr\\\/wp-content\\\/uploads\\\/sites\\\/6\\\/2021\\\/03\\\/ABD-1.jpg\",\"articleSection\":[\"Ermeni Soyk\u0131r\u0131m\u0131\",\"Haberler\"],\"inLanguage\":\"en-US\",\"potentialAction\":[{\"@type\":\"CommentAction\",\"name\":\"Comment\",\"target\":[\"https:\\\/\\\/akunq.net\\\/tr\\\/?p=61970#respond\"]}]},{\"@type\":\"WebPage\",\"@id\":\"https:\\\/\\\/akunq.net\\\/tr\\\/?p=61970\",\"url\":\"https:\\\/\\\/akunq.net\\\/tr\\\/?p=61970\",\"name\":\"ABD'li senat\u00f6rlerden Biden'a Ermeni Soyk\u0131r\u0131m\u0131 \u00e7a\u011fr\u0131s\u0131 - Bati Ermenistan Ve Bati Ermenileri Sorunlari Ara\u015ftirmalar Merkezi\",\"isPartOf\":{\"@id\":\"https:\\\/\\\/akunq.net\\\/tr\\\/#website\"},\"primaryImageOfPage\":{\"@id\":\"https:\\\/\\\/akunq.net\\\/tr\\\/?p=61970#primaryimage\"},\"image\":{\"@id\":\"https:\\\/\\\/akunq.net\\\/tr\\\/?p=61970#primaryimage\"},\"thumbnailUrl\":\"https:\\\/\\\/akunq.net\\\/tr\\\/wp-content\\\/uploads\\\/sites\\\/6\\\/2021\\\/03\\\/ABD-1.jpg\",\"datePublished\":\"2021-03-22T07:29:26+00:00\",\"author\":{\"@id\":\"https:\\\/\\\/akunq.net\\\/tr\\\/#\\\/schema\\\/person\\\/096f1d38a12cce57fb855b485ed24c9e\"},\"breadcrumb\":{\"@id\":\"https:\\\/\\\/akunq.net\\\/tr\\\/?p=61970#breadcrumb\"},\"inLanguage\":\"en-US\",\"potentialAction\":[{\"@type\":\"ReadAction\",\"target\":[\"https:\\\/\\\/akunq.net\\\/tr\\\/?p=61970\"]}]},{\"@type\":\"ImageObject\",\"inLanguage\":\"en-US\",\"@id\":\"https:\\\/\\\/akunq.net\\\/tr\\\/?p=61970#primaryimage\",\"url\":\"https:\\\/\\\/akunq.net\\\/tr\\\/wp-content\\\/uploads\\\/sites\\\/6\\\/2021\\\/03\\\/ABD-1.jpg\",\"contentUrl\":\"https:\\\/\\\/akunq.net\\\/tr\\\/wp-content\\\/uploads\\\/sites\\\/6\\\/2021\\\/03\\\/ABD-1.jpg\",\"width\":760,\"height\":450},{\"@type\":\"BreadcrumbList\",\"@id\":\"https:\\\/\\\/akunq.net\\\/tr\\\/?p=61970#breadcrumb\",\"itemListElement\":[{\"@type\":\"ListItem\",\"position\":1,\"name\":\"Home\",\"item\":\"https:\\\/\\\/akunq.net\\\/tr\"},{\"@type\":\"ListItem\",\"position\":2,\"name\":\"ABD&#8217;li senat\u00f6rlerden Biden&#8217;a Ermeni Soyk\u0131r\u0131m\u0131 \u00e7a\u011fr\u0131s\u0131\"}]},{\"@type\":\"WebSite\",\"@id\":\"https:\\\/\\\/akunq.net\\\/tr\\\/#website\",\"url\":\"https:\\\/\\\/akunq.net\\\/tr\\\/\",\"name\":\"Bati Ermenistan Ve Bati Ermenileri Sorunlari Ara\u015ftirmalar Merkezi\",\"description\":\"\",\"potentialAction\":[{\"@type\":\"SearchAction\",\"target\":{\"@type\":\"EntryPoint\",\"urlTemplate\":\"https:\\\/\\\/akunq.net\\\/tr\\\/?s={search_term_string}\"},\"query-input\":{\"@type\":\"PropertyValueSpecification\",\"valueRequired\":true,\"valueName\":\"search_term_string\"}}],\"inLanguage\":\"en-US\"},{\"@type\":\"Person\",\"@id\":\"https:\\\/\\\/akunq.net\\\/tr\\\/#\\\/schema\\\/person\\\/096f1d38a12cce57fb855b485ed24c9e\",\"name\":\"admin\",\"url\":\"https:\\\/\\\/akunq.net\\\/tr\\\/?author=7\"}]}<\/script>\n<!-- \/ Yoast SEO plugin. -->","yoast_head_json":{"title":"ABD'li senat\u00f6rlerden Biden'a Ermeni Soyk\u0131r\u0131m\u0131 \u00e7a\u011fr\u0131s\u0131 - Bati Ermenistan Ve Bati Ermenileri Sorunlari Ara\u015ftirmalar Merkezi","robots":{"index":"index","follow":"follow","max-snippet":"max-snippet:-1","max-image-preview":"max-image-preview:large","max-video-preview":"max-video-preview:-1"},"canonical":"https:\/\/akunq.net\/tr\/?p=61970","og_locale":"en_US","og_type":"article","og_title":"ABD'li senat\u00f6rlerden Biden'a Ermeni Soyk\u0131r\u0131m\u0131 \u00e7a\u011fr\u0131s\u0131 - Bati Ermenistan Ve Bati Ermenileri Sorunlari Ara\u015ftirmalar Merkezi","og_description":"ABD&#8217;li bir grup senat\u00f6r, Ba\u015fkan Joe Biden&#8217;a, 1915 Ermeni\u00a0Soyk\u0131r\u0131m\u0131\u00a0soyk\u0131r\u0131m olarak tan\u0131ma \u00e7a\u011fr\u0131s\u0131 yapan bir mektup g\u00f6nderdi. \u00d6nc\u00fcl\u00fc\u011f\u00fcn\u00fc Demokrat Senat\u00f6r Bob Menendez ile Cumhuriyet\u00e7i Senat\u00f6r John Cornyn&#8217;in yapt\u0131\u011f\u0131 ve 38 senat\u00f6r\u00fcn imza att\u0131\u011f\u0131 mektup, Senato D\u0131\u015f \u0130li\u015fkiler Komitesi taraf\u0131ndan duyuruldu. Her iki partiden de senat\u00f6rlerin isimlerinin yer ald\u0131\u011f\u0131 mektupta, Biden&#8217;\u0131n ge\u00e7en y\u0131l yapt\u0131\u011f\u0131 bir konu\u015fma hat\u0131rlat\u0131larak, [&hellip;]","og_url":"https:\/\/akunq.net\/tr\/?p=61970","og_site_name":"Bati Ermenistan Ve Bati Ermenileri Sorunlari Ara\u015ftirmalar Merkezi","article_published_time":"2021-03-22T07:29:26+00:00","og_image":[{"width":760,"height":450,"url":"https:\/\/akunq.net\/tr\/wp-content\/uploads\/sites\/6\/2021\/03\/ABD-1.jpg","type":"image\/jpeg"}],"author":"admin","twitter_card":"summary_large_image","twitter_misc":{"Written by":"admin","Est. reading time":"1 minute"},"schema":{"@context":"https:\/\/schema.org","@graph":[{"@type":"Article","@id":"https:\/\/akunq.net\/tr\/?p=61970#article","isPartOf":{"@id":"https:\/\/akunq.net\/tr\/?p=61970"},"author":{"name":"admin","@id":"https:\/\/akunq.net\/tr\/#\/schema\/person\/096f1d38a12cce57fb855b485ed24c9e"},"headline":"ABD&#8217;li senat\u00f6rlerden Biden&#8217;a Ermeni Soyk\u0131r\u0131m\u0131 \u00e7a\u011fr\u0131s\u0131","datePublished":"2021-03-22T07:29:26+00:00","mainEntityOfPage":{"@id":"https:\/\/akunq.net\/tr\/?p=61970"},"wordCount":294,"commentCount":0,"image":{"@id":"https:\/\/akunq.net\/tr\/?p=61970#primaryimage"},"thumbnailUrl":"https:\/\/akunq.net\/tr\/wp-content\/uploads\/sites\/6\/2021\/03\/ABD-1.jpg","articleSection":["Ermeni Soyk\u0131r\u0131m\u0131","Haberler"],"inLanguage":"en-US","potentialAction":[{"@type":"CommentAction","name":"Comment","target":["https:\/\/akunq.net\/tr\/?p=61970#respond"]}]},{"@type":"WebPage","@id":"https:\/\/akunq.net\/tr\/?p=61970","url":"https:\/\/akunq.net\/tr\/?p=61970","name":"ABD'li senat\u00f6rlerden Biden'a Ermeni Soyk\u0131r\u0131m\u0131 \u00e7a\u011fr\u0131s\u0131 - Bati Ermenistan Ve Bati Ermenileri Sorunlari Ara\u015ftirmalar Merkezi","isPartOf":{"@id":"https:\/\/akunq.net\/tr\/#website"},"primaryImageOfPage":{"@id":"https:\/\/akunq.net\/tr\/?p=61970#primaryimage"},"image":{"@id":"https:\/\/akunq.net\/tr\/?p=61970#primaryimage"},"thumbnailUrl":"https:\/\/akunq.net\/tr\/wp-content\/uploads\/sites\/6\/2021\/03\/ABD-1.jpg","datePublished":"2021-03-22T07:29:26+00:00","author":{"@id":"https:\/\/akunq.net\/tr\/#\/schema\/person\/096f1d38a12cce57fb855b485ed24c9e"},"breadcrumb":{"@id":"https:\/\/akunq.net\/tr\/?p=61970#breadcrumb"},"inLanguage":"en-US","potentialAction":[{"@type":"ReadAction","target":["https:\/\/akunq.net\/tr\/?p=61970"]}]},{"@type":"ImageObject","inLanguage":"en-US","@id":"https:\/\/akunq.net\/tr\/?p=61970#primaryimage","url":"https:\/\/akunq.net\/tr\/wp-content\/uploads\/sites\/6\/2021\/03\/ABD-1.jpg","contentUrl":"https:\/\/akunq.net\/tr\/wp-content\/uploads\/sites\/6\/2021\/03\/ABD-1.jpg","width":760,"height":450},{"@type":"BreadcrumbList","@id":"https:\/\/akunq.net\/tr\/?p=61970#breadcrumb","itemListElement":[{"@type":"ListItem","position":1,"name":"Home","item":"https:\/\/akunq.net\/tr"},{"@type":"ListItem","position":2,"name":"ABD&#8217;li senat\u00f6rlerden Biden&#8217;a Ermeni Soyk\u0131r\u0131m\u0131 \u00e7a\u011fr\u0131s\u0131"}]},{"@type":"WebSite","@id":"https:\/\/akunq.net\/tr\/#website","url":"https:\/\/akunq.net\/tr\/","name":"Bati Ermenistan Ve Bati Ermenileri Sorunlari Ara\u015ftirmalar Merkezi","description":"","potentialAction":[{"@type":"SearchAction","target":{"@type":"EntryPoint","urlTemplate":"https:\/\/akunq.net\/tr\/?s={search_term_string}"},"query-input":{"@type":"PropertyValueSpecification","valueRequired":true,"valueName":"search_term_string"}}],"inLanguage":"en-US"},{"@type":"Person","@id":"https:\/\/akunq.net\/tr\/#\/schema\/person\/096f1d38a12cce57fb855b485ed24c9e","name":"admin","url":"https:\/\/akunq.net\/tr\/?author=7"}]}},"_links":{"self":[{"href":"https:\/\/akunq.net\/tr\/index.php?rest_route=\/wp\/v2\/posts\/61970","targetHints":{"allow":["GET"]}}],"collection":[{"href":"https:\/\/akunq.net\/tr\/index.php?rest_route=\/wp\/v2\/posts"}],"about":[{"href":"https:\/\/akunq.net\/tr\/index.php?rest_route=\/wp\/v2\/types\/post"}],"author":[{"embeddable":true,"href":"https:\/\/akunq.net\/tr\/index.php?rest_route=\/wp\/v2\/users\/7"}],"replies":[{"embeddable":true,"href":"https:\/\/akunq.net\/tr\/index.php?rest_route=%2Fwp%2Fv2%2Fcomments&post=61970"}],"version-history":[{"count":1,"href":"https:\/\/akunq.net\/tr\/index.php?rest_route=\/wp\/v2\/posts\/61970\/revisions"}],"predecessor-version":[{"id":61972,"href":"https:\/\/akunq.net\/tr\/index.php?rest_route=\/wp\/v2\/posts\/61970\/revisions\/61972"}],"wp:featuredmedia":[{"embeddable":true,"href":"https:\/\/akunq.net\/tr\/index.php?rest_route=\/wp\/v2\/media\/61971"}],"wp:attachment":[{"href":"https:\/\/akunq.net\/tr\/index.php?rest_route=%2Fwp%2Fv2%2Fmedia&parent=61970"}],"wp:term":[{"taxonomy":"category","embeddable":true,"href":"https:\/\/akunq.net\/tr\/index.php?rest_route=%2Fwp%2Fv2%2Fcategories&post=61970"},{"taxonomy":"post_tag","embeddable":true,"href":"https:\/\/akunq.net\/tr\/index.php?rest_route=%2Fwp%2Fv2%2Ftags&post=61970"}],"curies":[{"name":"wp","href":"https:\/\/api.w.org\/{rel}","templated":true}]}}