{"id":61963,"date":"2021-03-19T03:19:33","date_gmt":"2021-03-19T08:19:33","guid":{"rendered":"https:\/\/akunq.net\/tr\/?p=61963"},"modified":"2021-03-19T03:19:33","modified_gmt":"2021-03-19T08:19:33","slug":"avrupa-konseyinden-turkiyeye-parti-kapatma-uyarisi","status":"publish","type":"post","link":"https:\/\/akunq.net\/tr\/?p=61963","title":{"rendered":"Avrupa Konseyi&#8217;nden T\u00fcrkiye&#8217;ye parti kapatma uyar\u0131s\u0131"},"content":{"rendered":"<p><img loading=\"lazy\" decoding=\"async\" class=\"aligncenter size-medium wp-image-61964\" src=\"https:\/\/akunq.net\/tr\/wp-content\/uploads\/2021\/03\/Yarg\u0131tay-360x213.jpg\" alt=\"\" width=\"360\" height=\"213\" srcset=\"https:\/\/akunq.net\/tr\/wp-content\/uploads\/sites\/6\/2021\/03\/Yarg\u0131tay-360x213.jpg 360w, https:\/\/akunq.net\/tr\/wp-content\/uploads\/sites\/6\/2021\/03\/Yarg\u0131tay-560x332.jpg 560w, https:\/\/akunq.net\/tr\/wp-content\/uploads\/sites\/6\/2021\/03\/Yarg\u0131tay-260x154.jpg 260w, https:\/\/akunq.net\/tr\/wp-content\/uploads\/sites\/6\/2021\/03\/Yarg\u0131tay-160x95.jpg 160w, https:\/\/akunq.net\/tr\/wp-content\/uploads\/sites\/6\/2021\/03\/Yarg\u0131tay.jpg 760w\" sizes=\"auto, (max-width: 360px) 100vw, 360px\" \/><\/p>\n<p><em><strong>Avrupa Konseyi Genel Sekreteri Marija Pejcinovic Buric, Alman Die Welt gazetesine yapt\u0131\u011f\u0131 a\u00e7\u0131klamada HDP&#8217;nin yasaklanmas\u0131n\u0131n &#8220;son derece sorunlu&#8221; bir durum yarataca\u011f\u0131n\u0131 s\u00f6yledi.<\/strong><\/em><\/p>\n<p>Pejcinovic Buric, siyasi partilerin toplanma ve \u00f6rg\u00fctlenme \u00f6zg\u00fcrl\u00fc\u011f\u00fcn\u00fc de g\u00fcvence alt\u0131na alan Avrupa \u0130nsan Haklar\u0131 Mahkemesi&#8217;nin korumas\u0131 alt\u0131nda oldu\u011funu s\u00f6yledi.<\/p>\n<p>&#8220;A\u0130HM siyasi partilerin bir demokrasi i\u00e7inde oynad\u0131\u011f\u0131 temel rol\u00fcn alt\u0131n\u0131 a\u00e7\u0131k\u00e7a \u00e7iziyor&#8221; diyen Pejcinovic Buric &#8220;Mahkeme, bir partinin feshedilmesini ya da yasaklanmas\u0131n\u0131 sadece son derece ola\u011fan\u00fcst\u00fc \u015fartlar alt\u0131nda en son \u00e7\u0131k\u0131\u015f yolu olarak hakl\u0131 olabilecek, a\u015f\u0131r\u0131 bir tedbir olarak g\u00f6r\u00fcyor&#8221; diye konu\u015ftu.<\/p>\n<p>Pejcinovic Buric &#8220;Siyasi bir partinin yasaklanmas\u0131 A\u0130HM hukuku uyar\u0131nca bu partinin halk\u0131n bir b\u00f6l\u00fcm\u00fcn\u00fcn i\u00e7inde bulundu\u011fu durumu, kamuoyunda tart\u0131\u015fma \u00e7abas\u0131 gibi basit bir olguyla gerek\u00e7elendirilemez. (T\u00fcrkiye&#8217;de) H\u00fck\u00fcmetin hayata ge\u00e7irdi\u011fi ter\u00f6rle m\u00fccadele tedbirlerinin y\u00f6ntem ve usullerini ele\u015ftirmek de bir muhalefet partisinin yasaklanmas\u0131 i\u00e7in gerek\u00e7e olu\u015fturamaz&#8221; diye konu\u015ftu.<\/p>\n<p>T\u00fcrkiye&#8217;de daha \u00f6nce de siyasi partilerin kapat\u0131ld\u0131\u011f\u0131n\u0131 ve bunlar\u0131n A\u0130HM&#8217;nin g\u00fcndemine geldi\u011fini hat\u0131rlatan Pejcinovic Buric, yedi vakadan alt\u0131s\u0131nda A\u0130HM&#8217;in T\u00fcrkiye aleyhinde karar ald\u0131\u011f\u0131n\u0131 s\u00f6yledi.<\/p>\n<p>Mahkemenin alt\u0131 davada T\u00fcrkiye&#8217;nin Avrupa \u0130nsan Haklar\u0131 S\u00f6zle\u015fmesi&#8217;ni ihlal etti\u011fine h\u00fckmetti\u011fini belirten Pejcinovic Buric HDP&#8217;nin yasaklanmas\u0131 halinde de benzer bir sonucun ortaya \u00e7\u0131kabilece\u011fini s\u00f6yledi.<\/p>\n<p><strong><em>(Deutsche Welle)<\/em><\/strong><\/p>\n<p><em><strong>http:\/\/www.agos.com.tr\/tr\/yazi\/25468\/avrupa-konseyi-nden-turkiye-ye-parti-kapatma-uyarisi\u00a0<\/strong><\/em><\/p>\n<div class=\"cf\"><\/div>\n<div class=\"tagcloud\">\n<h4><\/h4>\n<\/div>\n","protected":false},"excerpt":{"rendered":"<p>Avrupa Konseyi Genel Sekreteri Marija Pejcinovic Buric, Alman Die Welt gazetesine yapt\u0131\u011f\u0131 a\u00e7\u0131klamada HDP&#8217;nin yasaklanmas\u0131n\u0131n &#8220;son derece sorunlu&#8221; bir durum yarataca\u011f\u0131n\u0131 s\u00f6yledi. Pejcinovic Buric, siyasi partilerin toplanma ve \u00f6rg\u00fctlenme \u00f6zg\u00fcrl\u00fc\u011f\u00fcn\u00fc de g\u00fcvence alt\u0131na alan Avrupa \u0130nsan Haklar\u0131 Mahkemesi&#8217;nin korumas\u0131 alt\u0131nda oldu\u011funu s\u00f6yledi. &#8220;A\u0130HM siyasi partilerin bir demokrasi i\u00e7inde oynad\u0131\u011f\u0131 temel rol\u00fcn alt\u0131n\u0131 a\u00e7\u0131k\u00e7a \u00e7iziyor&#8221; diyen [&hellip;]<\/p>\n","protected":false},"author":7,"featured_media":61964,"comment_status":"open","ping_status":"open","sticky":false,"template":"","format":"standard","meta":{"footnotes":""},"categories":[1],"tags":[],"class_list":["post-61963","post","type-post","status-publish","format-standard","has-post-thumbnail","hentry","category-haberler"],"yoast_head":"<!-- This site is optimized with the Yoast SEO plugin v27.4 - https:\/\/yoast.com\/product\/yoast-seo-wordpress\/ -->\n<title>Avrupa Konseyi&#039;nden T\u00fcrkiye&#039;ye parti kapatma uyar\u0131s\u0131 - Bati Ermenistan Ve Bati Ermenileri Sorunlari Ara\u015ftirmalar Merkezi<\/title>\n<meta name=\"robots\" content=\"index, follow, max-snippet:-1, max-image-preview:large, max-video-preview:-1\" \/>\n<link rel=\"canonical\" href=\"https:\/\/akunq.net\/tr\/?p=61963\" \/>\n<meta property=\"og:locale\" content=\"en_US\" \/>\n<meta property=\"og:type\" content=\"article\" \/>\n<meta property=\"og:title\" content=\"Avrupa Konseyi&#039;nden T\u00fcrkiye&#039;ye parti kapatma uyar\u0131s\u0131 - Bati Ermenistan Ve Bati Ermenileri Sorunlari Ara\u015ftirmalar Merkezi\" \/>\n<meta property=\"og:description\" content=\"Avrupa Konseyi Genel Sekreteri Marija Pejcinovic Buric, Alman Die Welt gazetesine yapt\u0131\u011f\u0131 a\u00e7\u0131klamada HDP&#8217;nin yasaklanmas\u0131n\u0131n &#8220;son derece sorunlu&#8221; bir durum yarataca\u011f\u0131n\u0131 s\u00f6yledi. Pejcinovic Buric, siyasi partilerin toplanma ve \u00f6rg\u00fctlenme \u00f6zg\u00fcrl\u00fc\u011f\u00fcn\u00fc de g\u00fcvence alt\u0131na alan Avrupa \u0130nsan Haklar\u0131 Mahkemesi&#8217;nin korumas\u0131 alt\u0131nda oldu\u011funu s\u00f6yledi. &#8220;A\u0130HM siyasi partilerin bir demokrasi i\u00e7inde oynad\u0131\u011f\u0131 temel rol\u00fcn alt\u0131n\u0131 a\u00e7\u0131k\u00e7a \u00e7iziyor&#8221; diyen [&hellip;]\" \/>\n<meta property=\"og:url\" content=\"https:\/\/akunq.net\/tr\/?p=61963\" \/>\n<meta property=\"og:site_name\" content=\"Bati Ermenistan Ve Bati Ermenileri Sorunlari Ara\u015ftirmalar Merkezi\" \/>\n<meta property=\"article:published_time\" content=\"2021-03-19T08:19:33+00:00\" \/>\n<meta property=\"og:image\" content=\"https:\/\/akunq.net\/tr\/wp-content\/uploads\/sites\/6\/2021\/03\/Yarg\u0131tay.jpg\" \/>\n\t<meta property=\"og:image:width\" content=\"760\" \/>\n\t<meta property=\"og:image:height\" content=\"450\" \/>\n\t<meta property=\"og:image:type\" content=\"image\/jpeg\" \/>\n<meta name=\"author\" content=\"admin\" \/>\n<meta name=\"twitter:card\" content=\"summary_large_image\" \/>\n<meta name=\"twitter:label1\" content=\"Written by\" \/>\n\t<meta name=\"twitter:data1\" content=\"admin\" \/>\n\t<meta name=\"twitter:label2\" content=\"Est. reading time\" \/>\n\t<meta name=\"twitter:data2\" content=\"1 minute\" \/>\n<script type=\"application\/ld+json\" class=\"yoast-schema-graph\">{\"@context\":\"https:\\\/\\\/schema.org\",\"@graph\":[{\"@type\":\"Article\",\"@id\":\"https:\\\/\\\/akunq.net\\\/tr\\\/?p=61963#article\",\"isPartOf\":{\"@id\":\"https:\\\/\\\/akunq.net\\\/tr\\\/?p=61963\"},\"author\":{\"name\":\"admin\",\"@id\":\"https:\\\/\\\/akunq.net\\\/tr\\\/#\\\/schema\\\/person\\\/096f1d38a12cce57fb855b485ed24c9e\"},\"headline\":\"Avrupa Konseyi&#8217;nden T\u00fcrkiye&#8217;ye parti kapatma uyar\u0131s\u0131\",\"datePublished\":\"2021-03-19T08:19:33+00:00\",\"mainEntityOfPage\":{\"@id\":\"https:\\\/\\\/akunq.net\\\/tr\\\/?p=61963\"},\"wordCount\":269,\"commentCount\":0,\"image\":{\"@id\":\"https:\\\/\\\/akunq.net\\\/tr\\\/?p=61963#primaryimage\"},\"thumbnailUrl\":\"https:\\\/\\\/akunq.net\\\/tr\\\/wp-content\\\/uploads\\\/sites\\\/6\\\/2021\\\/03\\\/Yarg\u0131tay.jpg\",\"articleSection\":[\"Haberler\"],\"inLanguage\":\"en-US\",\"potentialAction\":[{\"@type\":\"CommentAction\",\"name\":\"Comment\",\"target\":[\"https:\\\/\\\/akunq.net\\\/tr\\\/?p=61963#respond\"]}]},{\"@type\":\"WebPage\",\"@id\":\"https:\\\/\\\/akunq.net\\\/tr\\\/?p=61963\",\"url\":\"https:\\\/\\\/akunq.net\\\/tr\\\/?p=61963\",\"name\":\"Avrupa Konseyi'nden T\u00fcrkiye'ye parti kapatma uyar\u0131s\u0131 - Bati Ermenistan Ve Bati Ermenileri Sorunlari Ara\u015ftirmalar Merkezi\",\"isPartOf\":{\"@id\":\"https:\\\/\\\/akunq.net\\\/tr\\\/#website\"},\"primaryImageOfPage\":{\"@id\":\"https:\\\/\\\/akunq.net\\\/tr\\\/?p=61963#primaryimage\"},\"image\":{\"@id\":\"https:\\\/\\\/akunq.net\\\/tr\\\/?p=61963#primaryimage\"},\"thumbnailUrl\":\"https:\\\/\\\/akunq.net\\\/tr\\\/wp-content\\\/uploads\\\/sites\\\/6\\\/2021\\\/03\\\/Yarg\u0131tay.jpg\",\"datePublished\":\"2021-03-19T08:19:33+00:00\",\"author\":{\"@id\":\"https:\\\/\\\/akunq.net\\\/tr\\\/#\\\/schema\\\/person\\\/096f1d38a12cce57fb855b485ed24c9e\"},\"breadcrumb\":{\"@id\":\"https:\\\/\\\/akunq.net\\\/tr\\\/?p=61963#breadcrumb\"},\"inLanguage\":\"en-US\",\"potentialAction\":[{\"@type\":\"ReadAction\",\"target\":[\"https:\\\/\\\/akunq.net\\\/tr\\\/?p=61963\"]}]},{\"@type\":\"ImageObject\",\"inLanguage\":\"en-US\",\"@id\":\"https:\\\/\\\/akunq.net\\\/tr\\\/?p=61963#primaryimage\",\"url\":\"https:\\\/\\\/akunq.net\\\/tr\\\/wp-content\\\/uploads\\\/sites\\\/6\\\/2021\\\/03\\\/Yarg\u0131tay.jpg\",\"contentUrl\":\"https:\\\/\\\/akunq.net\\\/tr\\\/wp-content\\\/uploads\\\/sites\\\/6\\\/2021\\\/03\\\/Yarg\u0131tay.jpg\",\"width\":760,\"height\":450},{\"@type\":\"BreadcrumbList\",\"@id\":\"https:\\\/\\\/akunq.net\\\/tr\\\/?p=61963#breadcrumb\",\"itemListElement\":[{\"@type\":\"ListItem\",\"position\":1,\"name\":\"Home\",\"item\":\"https:\\\/\\\/akunq.net\\\/tr\"},{\"@type\":\"ListItem\",\"position\":2,\"name\":\"Avrupa Konseyi&#8217;nden T\u00fcrkiye&#8217;ye parti kapatma uyar\u0131s\u0131\"}]},{\"@type\":\"WebSite\",\"@id\":\"https:\\\/\\\/akunq.net\\\/tr\\\/#website\",\"url\":\"https:\\\/\\\/akunq.net\\\/tr\\\/\",\"name\":\"Bati Ermenistan Ve Bati Ermenileri Sorunlari Ara\u015ftirmalar Merkezi\",\"description\":\"\",\"potentialAction\":[{\"@type\":\"SearchAction\",\"target\":{\"@type\":\"EntryPoint\",\"urlTemplate\":\"https:\\\/\\\/akunq.net\\\/tr\\\/?s={search_term_string}\"},\"query-input\":{\"@type\":\"PropertyValueSpecification\",\"valueRequired\":true,\"valueName\":\"search_term_string\"}}],\"inLanguage\":\"en-US\"},{\"@type\":\"Person\",\"@id\":\"https:\\\/\\\/akunq.net\\\/tr\\\/#\\\/schema\\\/person\\\/096f1d38a12cce57fb855b485ed24c9e\",\"name\":\"admin\",\"url\":\"https:\\\/\\\/akunq.net\\\/tr\\\/?author=7\"}]}<\/script>\n<!-- \/ Yoast SEO plugin. -->","yoast_head_json":{"title":"Avrupa Konseyi'nden T\u00fcrkiye'ye parti kapatma uyar\u0131s\u0131 - Bati Ermenistan Ve Bati Ermenileri Sorunlari Ara\u015ftirmalar Merkezi","robots":{"index":"index","follow":"follow","max-snippet":"max-snippet:-1","max-image-preview":"max-image-preview:large","max-video-preview":"max-video-preview:-1"},"canonical":"https:\/\/akunq.net\/tr\/?p=61963","og_locale":"en_US","og_type":"article","og_title":"Avrupa Konseyi'nden T\u00fcrkiye'ye parti kapatma uyar\u0131s\u0131 - Bati Ermenistan Ve Bati Ermenileri Sorunlari Ara\u015ftirmalar Merkezi","og_description":"Avrupa Konseyi Genel Sekreteri Marija Pejcinovic Buric, Alman Die Welt gazetesine yapt\u0131\u011f\u0131 a\u00e7\u0131klamada HDP&#8217;nin yasaklanmas\u0131n\u0131n &#8220;son derece sorunlu&#8221; bir durum yarataca\u011f\u0131n\u0131 s\u00f6yledi. Pejcinovic Buric, siyasi partilerin toplanma ve \u00f6rg\u00fctlenme \u00f6zg\u00fcrl\u00fc\u011f\u00fcn\u00fc de g\u00fcvence alt\u0131na alan Avrupa \u0130nsan Haklar\u0131 Mahkemesi&#8217;nin korumas\u0131 alt\u0131nda oldu\u011funu s\u00f6yledi. &#8220;A\u0130HM siyasi partilerin bir demokrasi i\u00e7inde oynad\u0131\u011f\u0131 temel rol\u00fcn alt\u0131n\u0131 a\u00e7\u0131k\u00e7a \u00e7iziyor&#8221; diyen [&hellip;]","og_url":"https:\/\/akunq.net\/tr\/?p=61963","og_site_name":"Bati Ermenistan Ve Bati Ermenileri Sorunlari Ara\u015ftirmalar Merkezi","article_published_time":"2021-03-19T08:19:33+00:00","og_image":[{"width":760,"height":450,"url":"https:\/\/akunq.net\/tr\/wp-content\/uploads\/sites\/6\/2021\/03\/Yarg\u0131tay.jpg","type":"image\/jpeg"}],"author":"admin","twitter_card":"summary_large_image","twitter_misc":{"Written by":"admin","Est. reading time":"1 minute"},"schema":{"@context":"https:\/\/schema.org","@graph":[{"@type":"Article","@id":"https:\/\/akunq.net\/tr\/?p=61963#article","isPartOf":{"@id":"https:\/\/akunq.net\/tr\/?p=61963"},"author":{"name":"admin","@id":"https:\/\/akunq.net\/tr\/#\/schema\/person\/096f1d38a12cce57fb855b485ed24c9e"},"headline":"Avrupa Konseyi&#8217;nden T\u00fcrkiye&#8217;ye parti kapatma uyar\u0131s\u0131","datePublished":"2021-03-19T08:19:33+00:00","mainEntityOfPage":{"@id":"https:\/\/akunq.net\/tr\/?p=61963"},"wordCount":269,"commentCount":0,"image":{"@id":"https:\/\/akunq.net\/tr\/?p=61963#primaryimage"},"thumbnailUrl":"https:\/\/akunq.net\/tr\/wp-content\/uploads\/sites\/6\/2021\/03\/Yarg\u0131tay.jpg","articleSection":["Haberler"],"inLanguage":"en-US","potentialAction":[{"@type":"CommentAction","name":"Comment","target":["https:\/\/akunq.net\/tr\/?p=61963#respond"]}]},{"@type":"WebPage","@id":"https:\/\/akunq.net\/tr\/?p=61963","url":"https:\/\/akunq.net\/tr\/?p=61963","name":"Avrupa Konseyi'nden T\u00fcrkiye'ye parti kapatma uyar\u0131s\u0131 - Bati Ermenistan Ve Bati Ermenileri Sorunlari Ara\u015ftirmalar Merkezi","isPartOf":{"@id":"https:\/\/akunq.net\/tr\/#website"},"primaryImageOfPage":{"@id":"https:\/\/akunq.net\/tr\/?p=61963#primaryimage"},"image":{"@id":"https:\/\/akunq.net\/tr\/?p=61963#primaryimage"},"thumbnailUrl":"https:\/\/akunq.net\/tr\/wp-content\/uploads\/sites\/6\/2021\/03\/Yarg\u0131tay.jpg","datePublished":"2021-03-19T08:19:33+00:00","author":{"@id":"https:\/\/akunq.net\/tr\/#\/schema\/person\/096f1d38a12cce57fb855b485ed24c9e"},"breadcrumb":{"@id":"https:\/\/akunq.net\/tr\/?p=61963#breadcrumb"},"inLanguage":"en-US","potentialAction":[{"@type":"ReadAction","target":["https:\/\/akunq.net\/tr\/?p=61963"]}]},{"@type":"ImageObject","inLanguage":"en-US","@id":"https:\/\/akunq.net\/tr\/?p=61963#primaryimage","url":"https:\/\/akunq.net\/tr\/wp-content\/uploads\/sites\/6\/2021\/03\/Yarg\u0131tay.jpg","contentUrl":"https:\/\/akunq.net\/tr\/wp-content\/uploads\/sites\/6\/2021\/03\/Yarg\u0131tay.jpg","width":760,"height":450},{"@type":"BreadcrumbList","@id":"https:\/\/akunq.net\/tr\/?p=61963#breadcrumb","itemListElement":[{"@type":"ListItem","position":1,"name":"Home","item":"https:\/\/akunq.net\/tr"},{"@type":"ListItem","position":2,"name":"Avrupa Konseyi&#8217;nden T\u00fcrkiye&#8217;ye parti kapatma uyar\u0131s\u0131"}]},{"@type":"WebSite","@id":"https:\/\/akunq.net\/tr\/#website","url":"https:\/\/akunq.net\/tr\/","name":"Bati Ermenistan Ve Bati Ermenileri Sorunlari Ara\u015ftirmalar Merkezi","description":"","potentialAction":[{"@type":"SearchAction","target":{"@type":"EntryPoint","urlTemplate":"https:\/\/akunq.net\/tr\/?s={search_term_string}"},"query-input":{"@type":"PropertyValueSpecification","valueRequired":true,"valueName":"search_term_string"}}],"inLanguage":"en-US"},{"@type":"Person","@id":"https:\/\/akunq.net\/tr\/#\/schema\/person\/096f1d38a12cce57fb855b485ed24c9e","name":"admin","url":"https:\/\/akunq.net\/tr\/?author=7"}]}},"_links":{"self":[{"href":"https:\/\/akunq.net\/tr\/index.php?rest_route=\/wp\/v2\/posts\/61963","targetHints":{"allow":["GET"]}}],"collection":[{"href":"https:\/\/akunq.net\/tr\/index.php?rest_route=\/wp\/v2\/posts"}],"about":[{"href":"https:\/\/akunq.net\/tr\/index.php?rest_route=\/wp\/v2\/types\/post"}],"author":[{"embeddable":true,"href":"https:\/\/akunq.net\/tr\/index.php?rest_route=\/wp\/v2\/users\/7"}],"replies":[{"embeddable":true,"href":"https:\/\/akunq.net\/tr\/index.php?rest_route=%2Fwp%2Fv2%2Fcomments&post=61963"}],"version-history":[{"count":1,"href":"https:\/\/akunq.net\/tr\/index.php?rest_route=\/wp\/v2\/posts\/61963\/revisions"}],"predecessor-version":[{"id":61965,"href":"https:\/\/akunq.net\/tr\/index.php?rest_route=\/wp\/v2\/posts\/61963\/revisions\/61965"}],"wp:featuredmedia":[{"embeddable":true,"href":"https:\/\/akunq.net\/tr\/index.php?rest_route=\/wp\/v2\/media\/61964"}],"wp:attachment":[{"href":"https:\/\/akunq.net\/tr\/index.php?rest_route=%2Fwp%2Fv2%2Fmedia&parent=61963"}],"wp:term":[{"taxonomy":"category","embeddable":true,"href":"https:\/\/akunq.net\/tr\/index.php?rest_route=%2Fwp%2Fv2%2Fcategories&post=61963"},{"taxonomy":"post_tag","embeddable":true,"href":"https:\/\/akunq.net\/tr\/index.php?rest_route=%2Fwp%2Fv2%2Ftags&post=61963"}],"curies":[{"name":"wp","href":"https:\/\/api.w.org\/{rel}","templated":true}]}}