{"id":61954,"date":"2021-03-19T02:12:56","date_gmt":"2021-03-19T07:12:56","guid":{"rendered":"https:\/\/akunq.net\/tr\/?p=61954"},"modified":"2021-03-19T02:12:56","modified_gmt":"2021-03-19T07:12:56","slug":"muglanin-kultur-turizmiyle-de-on-plana-cikmasi-amaclaniyor","status":"publish","type":"post","link":"https:\/\/akunq.net\/tr\/?p=61954","title":{"rendered":"Mu\u011fla\u2019n\u0131n k\u00fclt\u00fcr turizmiyle de \u00f6n plana \u00e7\u0131kmas\u0131 ama\u00e7lan\u0131yor"},"content":{"rendered":"<p><img loading=\"lazy\" decoding=\"async\" class=\"aligncenter size-medium wp-image-61955\" src=\"https:\/\/akunq.net\/tr\/wp-content\/uploads\/2021\/03\/Mu\u011fla-360x203.jpg\" alt=\"\" width=\"360\" height=\"203\" srcset=\"https:\/\/akunq.net\/tr\/wp-content\/uploads\/sites\/6\/2021\/03\/Mu\u011fla-360x203.jpg 360w, https:\/\/akunq.net\/tr\/wp-content\/uploads\/sites\/6\/2021\/03\/Mu\u011fla-768x432.jpg 768w, https:\/\/akunq.net\/tr\/wp-content\/uploads\/sites\/6\/2021\/03\/Mu\u011fla-560x315.jpg 560w, https:\/\/akunq.net\/tr\/wp-content\/uploads\/sites\/6\/2021\/03\/Mu\u011fla-260x146.jpg 260w, https:\/\/akunq.net\/tr\/wp-content\/uploads\/sites\/6\/2021\/03\/Mu\u011fla-160x90.jpg 160w, https:\/\/akunq.net\/tr\/wp-content\/uploads\/sites\/6\/2021\/03\/Mu\u011fla.jpg 864w\" sizes=\"auto, (max-width: 360px) 100vw, 360px\" \/><\/p>\n<p><em><strong>Mu\u011fla\u2019n\u0131n merkez il\u00e7esi Mente\u015fe\u2019de geleneksel mimariyle yap\u0131lan bah\u00e7eli m\u00fcstakil Mu\u011fla evleri, tasar\u0131mlar\u0131, ah\u015fap i\u015f\u00e7ilikleri, tavan i\u015flemeleri ve \u015fehrin sembol\u00fc haline gelen bacalar\u0131yla geleneksel T\u00fcrk mimarisinde \u00f6zg\u00fc bir model olu\u015fturuyor.<\/strong><\/em><br \/>\nSon y\u0131llarda tarihi doku i\u00e7inde kalan yap\u0131lar haz\u0131rlanan projelerle valilik ve belediye taraf\u0131ndan restore edilerek k\u00fclt\u00fcr turizmine kazand\u0131r\u0131ld\u0131. Kentin otantik yap\u0131s\u0131, dizi ve sinema yap\u0131mc\u0131lar\u0131n\u0131n da ilgisini \u00e7ekiyor.<\/p>\n<p>Mu\u011fla B\u00fcy\u00fck\u015fehir Belediye Ba\u015fkan\u0131 Osman G\u00fcr\u00fcn, AA muhabirine, belediye ve Mu\u011fla Valili\u011fi taraf\u0131ndan haz\u0131rlanan projeyle \u00f6nceki y\u0131llarda Mu\u011fla\u2019n\u0131n kent kimli\u011finde \u00f6nemli bir yeri bulunan Mu\u011fla Arastas\u0131\u2019nda yenileme \u00e7al\u0131\u015fmalar\u0131 yapt\u0131klar\u0131n\u0131, ayn\u0131 b\u00f6lgedeki Mu\u011fla kent ge\u00e7mi\u015finin bir par\u00e7as\u0131 olan Eski Zahire Pazar\u0131\u2019n\u0131 da restore ederek k\u00fclt\u00fcr turizmine kazand\u0131rd\u0131klar\u0131n\u0131 hat\u0131rlatt\u0131.<\/p>\n<p>D\u00f6nemin en \u00f6nemli ticaret ve al\u0131\u015fveri\u015f b\u00f6lgesi olan geleneksel zanaatlar\u0131n ya\u015fad\u0131\u011f\u0131 arastan\u0131n k\u00fclt\u00fcr turizmi ve g\u00fcn\u00fcbirlik turlar\u0131n cazibe merkezi haline geldi\u011fini vurgulayan G\u00fcr\u00fcn, Mente\u015fe\u2019nin k\u00fclt\u00fcr turizminde \u00f6nemli bir yere sahip oldu\u011funu dile getirdi.<\/p>\n<p><strong>\u201cYa\u015fat\u0131lan k\u00fclt\u00fcr varl\u0131klar\u0131 var\u201d<\/strong><br \/>\nG\u00fcr\u00fcn, Mu\u011fla\u2019n\u0131n kent tarihi ve tarihi kimli\u011finin korunmas\u0131na \u00e7ok \u00f6nem verdiklerini belirterek, \u015f\u00f6yle konu\u015ftu:<\/p>\n<p>\u201cBizim ayn\u0131 zamanda k\u00fclt\u00fcr turizmine a\u011f\u0131rl\u0131k vermemiz ve gelece\u011fin turizm alan\u0131 olarak k\u00fclt\u00fcr turizmini \u00f6ne \u00e7\u0131karmam\u0131z gerekiyor. Mu\u011fla\u2019da n\u00fcfusun y\u00fczde 50\u2019si k\u0131rsalda ya\u015f\u0131yor. \u00d6zellikle Y\u00f6r\u00fckler \u00f6rf, adet ve geleneklerini devam ettiriyor. Dolay\u0131s\u0131yla Mu\u011fla\u2019n\u0131n deniz, kum, g\u00fcne\u015f ve muhte\u015fem k\u0131y\u0131lar\u0131n\u0131n yan\u0131 s\u0131ra halen ya\u015fat\u0131lan k\u00fclt\u00fcrel varl\u0131klar\u0131 var. Bunlar\u0131 \u00f6ne \u00e7\u0131kararak Mu\u011fla\u2019y\u0131 gelece\u011fe hem k\u0131y\u0131lar\u0131yla hem de k\u00fclt\u00fcrel varl\u0131klar\u0131yla ta\u015f\u0131mal\u0131y\u0131z. Kentte Karya, Likya, Mente\u015fe, Roma, Bizans ve bir\u00e7ok medeniyetin izleri bulunuyor.\u201d<\/p>\n<p><strong>Tarihi dokuya hayran kalan yerle\u015fiyor<\/strong><\/p>\n<p>Mente\u015fe Belediye Ba\u015fkan\u0131 Bahattin G\u00fcm\u00fc\u015f ise Mu\u011fla\u2019n\u0131n tarihi dokusu, sivil mimari \u00f6zelliklerini yans\u0131tan yap\u0131lar\u0131yla \u00f6nemli bir yer oldu\u011funu s\u00f6yledi.<\/p>\n<p>Mente\u015fe\u2019nin m\u00fcbadelede d\u00f6nemine kadar T\u00fcrkler ile Rumlar\u0131n ortak \u00e7al\u0131\u015ft\u0131\u011f\u0131, birlikte ya\u015fad\u0131\u011f\u0131, tarihi ge\u00e7mi\u015fi olan bir kent oldu\u011funa i\u015faret eden G\u00fcm\u00fc\u015f, \u201cMente\u015fe tarihi han ve hamamlar\u0131 ile koruma alt\u0131ndaki Mu\u011fla evleri ve Mu\u011fla bacas\u0131 ile \u00fclkede ge\u00e7mi\u015fini koruyarak gelece\u011fe ta\u015f\u0131yan en iyi kentler aras\u0131nda yer al\u0131yor. Kente ziyarete geldikten sonra Mente\u015fe\u2019nin tarihi dokusuna hayran kalan ve yerle\u015fen \u00e7ok say\u0131da yabanc\u0131 bulunuyor.\u201d ifadesini kulland\u0131.<\/p>\n<p>G\u00fcm\u00fc\u015f, yaz tatilini Mu\u011fla ve il\u00e7elerinde ge\u00e7iren yerli ve yabanc\u0131 misafirleri tarihi dokuyu hissetmek i\u00e7in il\u00e7eye davet ettiklerini kaydetti.<\/p>\n<p>K\u00fclt\u00fcr turizmiyle b\u00f6lgeye t\u00fcm y\u0131l turist \u00e7ekilecek<br \/>\nK\u00fclt\u00fcr Turizm M\u00fcd\u00fcr\u00fc Zekeriya Bing\u00f6l ise kentin deniz, k\u00fclt\u00fcr ve g\u00fcne\u015f turizmiyle bir marka oldu\u011funu bildirdi.<\/p>\n<p>Kentte g\u00fcn y\u00fcz\u00fcne \u00e7\u0131kmam\u0131\u015f antik kent, tarihi yap\u0131 ve y\u00fcr\u00fcy\u00fc\u015f yollar\u0131 bulundu\u011funa dikkati \u00e7eken Bing\u00f6l, \u201cKentte turizmi 12 aya yaymak i\u00e7in k\u00fclt\u00fcr turizmini bu d\u00f6nemde daha da canland\u0131raca\u011f\u0131z. Karia, Likya, Leleg yollar\u0131n\u0131 da turizme kazand\u0131rarak y\u00fcr\u00fcy\u00fc\u015f ve bisiklet gruplar\u0131n\u0131 buraya \u00e7ekmek istiyoruz. Tarihi yap\u0131lar\u0131 aya\u011fa kald\u0131rarak ziyaret\u00e7i say\u0131s\u0131n\u0131 art\u0131raca\u011f\u0131z.\u201d diye konu\u015ftu.<\/p>\n<hr \/>\n<p><em><strong><a href=\"https:\/\/www.aa.com.tr\/tr\/yasam\/muglanin-kultur-turizmiyle-de-on-plana-cikmasi-amaclaniyor\/2180053\" target=\"_blank\" rel=\"noopener noreferrer\">AA<\/a><\/strong><\/em><\/p>\n","protected":false},"excerpt":{"rendered":"<p>Mu\u011fla\u2019n\u0131n merkez il\u00e7esi Mente\u015fe\u2019de geleneksel mimariyle yap\u0131lan bah\u00e7eli m\u00fcstakil Mu\u011fla evleri, tasar\u0131mlar\u0131, ah\u015fap i\u015f\u00e7ilikleri, tavan i\u015flemeleri ve \u015fehrin sembol\u00fc haline gelen bacalar\u0131yla geleneksel T\u00fcrk mimarisinde \u00f6zg\u00fc bir model olu\u015fturuyor. Son y\u0131llarda tarihi doku i\u00e7inde kalan yap\u0131lar haz\u0131rlanan projelerle valilik ve belediye taraf\u0131ndan restore edilerek k\u00fclt\u00fcr turizmine kazand\u0131r\u0131ld\u0131. Kentin otantik yap\u0131s\u0131, dizi ve sinema yap\u0131mc\u0131lar\u0131n\u0131n da [&hellip;]<\/p>\n","protected":false},"author":7,"featured_media":61955,"comment_status":"open","ping_status":"open","sticky":false,"template":"","format":"standard","meta":{"footnotes":""},"categories":[1],"tags":[],"class_list":["post-61954","post","type-post","status-publish","format-standard","has-post-thumbnail","hentry","category-haberler"],"yoast_head":"<!-- This site is optimized with the Yoast SEO plugin v27.4 - https:\/\/yoast.com\/product\/yoast-seo-wordpress\/ -->\n<title>Mu\u011fla\u2019n\u0131n k\u00fclt\u00fcr turizmiyle de \u00f6n plana \u00e7\u0131kmas\u0131 ama\u00e7lan\u0131yor - Bati Ermenistan Ve Bati Ermenileri Sorunlari Ara\u015ftirmalar Merkezi<\/title>\n<meta name=\"robots\" content=\"index, follow, max-snippet:-1, max-image-preview:large, max-video-preview:-1\" \/>\n<link rel=\"canonical\" href=\"https:\/\/akunq.net\/tr\/?p=61954\" \/>\n<meta property=\"og:locale\" content=\"en_US\" \/>\n<meta property=\"og:type\" content=\"article\" \/>\n<meta property=\"og:title\" content=\"Mu\u011fla\u2019n\u0131n k\u00fclt\u00fcr turizmiyle de \u00f6n plana \u00e7\u0131kmas\u0131 ama\u00e7lan\u0131yor - Bati Ermenistan Ve Bati Ermenileri Sorunlari Ara\u015ftirmalar Merkezi\" \/>\n<meta property=\"og:description\" content=\"Mu\u011fla\u2019n\u0131n merkez il\u00e7esi Mente\u015fe\u2019de geleneksel mimariyle yap\u0131lan bah\u00e7eli m\u00fcstakil Mu\u011fla evleri, tasar\u0131mlar\u0131, ah\u015fap i\u015f\u00e7ilikleri, tavan i\u015flemeleri ve \u015fehrin sembol\u00fc haline gelen bacalar\u0131yla geleneksel T\u00fcrk mimarisinde \u00f6zg\u00fc bir model olu\u015fturuyor. Son y\u0131llarda tarihi doku i\u00e7inde kalan yap\u0131lar haz\u0131rlanan projelerle valilik ve belediye taraf\u0131ndan restore edilerek k\u00fclt\u00fcr turizmine kazand\u0131r\u0131ld\u0131. Kentin otantik yap\u0131s\u0131, dizi ve sinema yap\u0131mc\u0131lar\u0131n\u0131n da [&hellip;]\" \/>\n<meta property=\"og:url\" content=\"https:\/\/akunq.net\/tr\/?p=61954\" \/>\n<meta property=\"og:site_name\" content=\"Bati Ermenistan Ve Bati Ermenileri Sorunlari Ara\u015ftirmalar Merkezi\" \/>\n<meta property=\"article:published_time\" content=\"2021-03-19T07:12:56+00:00\" \/>\n<meta property=\"og:image\" content=\"https:\/\/akunq.net\/tr\/wp-content\/uploads\/sites\/6\/2021\/03\/Mu\u011fla.jpg\" \/>\n\t<meta property=\"og:image:width\" content=\"864\" \/>\n\t<meta property=\"og:image:height\" content=\"486\" \/>\n\t<meta property=\"og:image:type\" content=\"image\/jpeg\" \/>\n<meta name=\"author\" content=\"admin\" \/>\n<meta name=\"twitter:card\" content=\"summary_large_image\" \/>\n<meta name=\"twitter:label1\" content=\"Written by\" \/>\n\t<meta name=\"twitter:data1\" content=\"admin\" \/>\n\t<meta name=\"twitter:label2\" content=\"Est. reading time\" \/>\n\t<meta name=\"twitter:data2\" content=\"3 minutes\" \/>\n<script type=\"application\/ld+json\" class=\"yoast-schema-graph\">{\"@context\":\"https:\\\/\\\/schema.org\",\"@graph\":[{\"@type\":\"Article\",\"@id\":\"https:\\\/\\\/akunq.net\\\/tr\\\/?p=61954#article\",\"isPartOf\":{\"@id\":\"https:\\\/\\\/akunq.net\\\/tr\\\/?p=61954\"},\"author\":{\"name\":\"admin\",\"@id\":\"https:\\\/\\\/akunq.net\\\/tr\\\/#\\\/schema\\\/person\\\/096f1d38a12cce57fb855b485ed24c9e\"},\"headline\":\"Mu\u011fla\u2019n\u0131n k\u00fclt\u00fcr turizmiyle de \u00f6n plana \u00e7\u0131kmas\u0131 ama\u00e7lan\u0131yor\",\"datePublished\":\"2021-03-19T07:12:56+00:00\",\"mainEntityOfPage\":{\"@id\":\"https:\\\/\\\/akunq.net\\\/tr\\\/?p=61954\"},\"wordCount\":648,\"commentCount\":0,\"image\":{\"@id\":\"https:\\\/\\\/akunq.net\\\/tr\\\/?p=61954#primaryimage\"},\"thumbnailUrl\":\"https:\\\/\\\/akunq.net\\\/tr\\\/wp-content\\\/uploads\\\/sites\\\/6\\\/2021\\\/03\\\/Mu\u011fla.jpg\",\"articleSection\":[\"Haberler\"],\"inLanguage\":\"en-US\",\"potentialAction\":[{\"@type\":\"CommentAction\",\"name\":\"Comment\",\"target\":[\"https:\\\/\\\/akunq.net\\\/tr\\\/?p=61954#respond\"]}]},{\"@type\":\"WebPage\",\"@id\":\"https:\\\/\\\/akunq.net\\\/tr\\\/?p=61954\",\"url\":\"https:\\\/\\\/akunq.net\\\/tr\\\/?p=61954\",\"name\":\"Mu\u011fla\u2019n\u0131n k\u00fclt\u00fcr turizmiyle de \u00f6n plana \u00e7\u0131kmas\u0131 ama\u00e7lan\u0131yor - Bati Ermenistan Ve Bati Ermenileri Sorunlari Ara\u015ftirmalar Merkezi\",\"isPartOf\":{\"@id\":\"https:\\\/\\\/akunq.net\\\/tr\\\/#website\"},\"primaryImageOfPage\":{\"@id\":\"https:\\\/\\\/akunq.net\\\/tr\\\/?p=61954#primaryimage\"},\"image\":{\"@id\":\"https:\\\/\\\/akunq.net\\\/tr\\\/?p=61954#primaryimage\"},\"thumbnailUrl\":\"https:\\\/\\\/akunq.net\\\/tr\\\/wp-content\\\/uploads\\\/sites\\\/6\\\/2021\\\/03\\\/Mu\u011fla.jpg\",\"datePublished\":\"2021-03-19T07:12:56+00:00\",\"author\":{\"@id\":\"https:\\\/\\\/akunq.net\\\/tr\\\/#\\\/schema\\\/person\\\/096f1d38a12cce57fb855b485ed24c9e\"},\"breadcrumb\":{\"@id\":\"https:\\\/\\\/akunq.net\\\/tr\\\/?p=61954#breadcrumb\"},\"inLanguage\":\"en-US\",\"potentialAction\":[{\"@type\":\"ReadAction\",\"target\":[\"https:\\\/\\\/akunq.net\\\/tr\\\/?p=61954\"]}]},{\"@type\":\"ImageObject\",\"inLanguage\":\"en-US\",\"@id\":\"https:\\\/\\\/akunq.net\\\/tr\\\/?p=61954#primaryimage\",\"url\":\"https:\\\/\\\/akunq.net\\\/tr\\\/wp-content\\\/uploads\\\/sites\\\/6\\\/2021\\\/03\\\/Mu\u011fla.jpg\",\"contentUrl\":\"https:\\\/\\\/akunq.net\\\/tr\\\/wp-content\\\/uploads\\\/sites\\\/6\\\/2021\\\/03\\\/Mu\u011fla.jpg\",\"width\":864,\"height\":486},{\"@type\":\"BreadcrumbList\",\"@id\":\"https:\\\/\\\/akunq.net\\\/tr\\\/?p=61954#breadcrumb\",\"itemListElement\":[{\"@type\":\"ListItem\",\"position\":1,\"name\":\"Home\",\"item\":\"https:\\\/\\\/akunq.net\\\/tr\"},{\"@type\":\"ListItem\",\"position\":2,\"name\":\"Mu\u011fla\u2019n\u0131n k\u00fclt\u00fcr turizmiyle de \u00f6n plana \u00e7\u0131kmas\u0131 ama\u00e7lan\u0131yor\"}]},{\"@type\":\"WebSite\",\"@id\":\"https:\\\/\\\/akunq.net\\\/tr\\\/#website\",\"url\":\"https:\\\/\\\/akunq.net\\\/tr\\\/\",\"name\":\"Bati Ermenistan Ve Bati Ermenileri Sorunlari Ara\u015ftirmalar Merkezi\",\"description\":\"\",\"potentialAction\":[{\"@type\":\"SearchAction\",\"target\":{\"@type\":\"EntryPoint\",\"urlTemplate\":\"https:\\\/\\\/akunq.net\\\/tr\\\/?s={search_term_string}\"},\"query-input\":{\"@type\":\"PropertyValueSpecification\",\"valueRequired\":true,\"valueName\":\"search_term_string\"}}],\"inLanguage\":\"en-US\"},{\"@type\":\"Person\",\"@id\":\"https:\\\/\\\/akunq.net\\\/tr\\\/#\\\/schema\\\/person\\\/096f1d38a12cce57fb855b485ed24c9e\",\"name\":\"admin\",\"url\":\"https:\\\/\\\/akunq.net\\\/tr\\\/?author=7\"}]}<\/script>\n<!-- \/ Yoast SEO plugin. -->","yoast_head_json":{"title":"Mu\u011fla\u2019n\u0131n k\u00fclt\u00fcr turizmiyle de \u00f6n plana \u00e7\u0131kmas\u0131 ama\u00e7lan\u0131yor - Bati Ermenistan Ve Bati Ermenileri Sorunlari Ara\u015ftirmalar Merkezi","robots":{"index":"index","follow":"follow","max-snippet":"max-snippet:-1","max-image-preview":"max-image-preview:large","max-video-preview":"max-video-preview:-1"},"canonical":"https:\/\/akunq.net\/tr\/?p=61954","og_locale":"en_US","og_type":"article","og_title":"Mu\u011fla\u2019n\u0131n k\u00fclt\u00fcr turizmiyle de \u00f6n plana \u00e7\u0131kmas\u0131 ama\u00e7lan\u0131yor - Bati Ermenistan Ve Bati Ermenileri Sorunlari Ara\u015ftirmalar Merkezi","og_description":"Mu\u011fla\u2019n\u0131n merkez il\u00e7esi Mente\u015fe\u2019de geleneksel mimariyle yap\u0131lan bah\u00e7eli m\u00fcstakil Mu\u011fla evleri, tasar\u0131mlar\u0131, ah\u015fap i\u015f\u00e7ilikleri, tavan i\u015flemeleri ve \u015fehrin sembol\u00fc haline gelen bacalar\u0131yla geleneksel T\u00fcrk mimarisinde \u00f6zg\u00fc bir model olu\u015fturuyor. Son y\u0131llarda tarihi doku i\u00e7inde kalan yap\u0131lar haz\u0131rlanan projelerle valilik ve belediye taraf\u0131ndan restore edilerek k\u00fclt\u00fcr turizmine kazand\u0131r\u0131ld\u0131. Kentin otantik yap\u0131s\u0131, dizi ve sinema yap\u0131mc\u0131lar\u0131n\u0131n da [&hellip;]","og_url":"https:\/\/akunq.net\/tr\/?p=61954","og_site_name":"Bati Ermenistan Ve Bati Ermenileri Sorunlari Ara\u015ftirmalar Merkezi","article_published_time":"2021-03-19T07:12:56+00:00","og_image":[{"width":864,"height":486,"url":"https:\/\/akunq.net\/tr\/wp-content\/uploads\/sites\/6\/2021\/03\/Mu\u011fla.jpg","type":"image\/jpeg"}],"author":"admin","twitter_card":"summary_large_image","twitter_misc":{"Written by":"admin","Est. reading time":"3 minutes"},"schema":{"@context":"https:\/\/schema.org","@graph":[{"@type":"Article","@id":"https:\/\/akunq.net\/tr\/?p=61954#article","isPartOf":{"@id":"https:\/\/akunq.net\/tr\/?p=61954"},"author":{"name":"admin","@id":"https:\/\/akunq.net\/tr\/#\/schema\/person\/096f1d38a12cce57fb855b485ed24c9e"},"headline":"Mu\u011fla\u2019n\u0131n k\u00fclt\u00fcr turizmiyle de \u00f6n plana \u00e7\u0131kmas\u0131 ama\u00e7lan\u0131yor","datePublished":"2021-03-19T07:12:56+00:00","mainEntityOfPage":{"@id":"https:\/\/akunq.net\/tr\/?p=61954"},"wordCount":648,"commentCount":0,"image":{"@id":"https:\/\/akunq.net\/tr\/?p=61954#primaryimage"},"thumbnailUrl":"https:\/\/akunq.net\/tr\/wp-content\/uploads\/sites\/6\/2021\/03\/Mu\u011fla.jpg","articleSection":["Haberler"],"inLanguage":"en-US","potentialAction":[{"@type":"CommentAction","name":"Comment","target":["https:\/\/akunq.net\/tr\/?p=61954#respond"]}]},{"@type":"WebPage","@id":"https:\/\/akunq.net\/tr\/?p=61954","url":"https:\/\/akunq.net\/tr\/?p=61954","name":"Mu\u011fla\u2019n\u0131n k\u00fclt\u00fcr turizmiyle de \u00f6n plana \u00e7\u0131kmas\u0131 ama\u00e7lan\u0131yor - Bati Ermenistan Ve Bati Ermenileri Sorunlari Ara\u015ftirmalar Merkezi","isPartOf":{"@id":"https:\/\/akunq.net\/tr\/#website"},"primaryImageOfPage":{"@id":"https:\/\/akunq.net\/tr\/?p=61954#primaryimage"},"image":{"@id":"https:\/\/akunq.net\/tr\/?p=61954#primaryimage"},"thumbnailUrl":"https:\/\/akunq.net\/tr\/wp-content\/uploads\/sites\/6\/2021\/03\/Mu\u011fla.jpg","datePublished":"2021-03-19T07:12:56+00:00","author":{"@id":"https:\/\/akunq.net\/tr\/#\/schema\/person\/096f1d38a12cce57fb855b485ed24c9e"},"breadcrumb":{"@id":"https:\/\/akunq.net\/tr\/?p=61954#breadcrumb"},"inLanguage":"en-US","potentialAction":[{"@type":"ReadAction","target":["https:\/\/akunq.net\/tr\/?p=61954"]}]},{"@type":"ImageObject","inLanguage":"en-US","@id":"https:\/\/akunq.net\/tr\/?p=61954#primaryimage","url":"https:\/\/akunq.net\/tr\/wp-content\/uploads\/sites\/6\/2021\/03\/Mu\u011fla.jpg","contentUrl":"https:\/\/akunq.net\/tr\/wp-content\/uploads\/sites\/6\/2021\/03\/Mu\u011fla.jpg","width":864,"height":486},{"@type":"BreadcrumbList","@id":"https:\/\/akunq.net\/tr\/?p=61954#breadcrumb","itemListElement":[{"@type":"ListItem","position":1,"name":"Home","item":"https:\/\/akunq.net\/tr"},{"@type":"ListItem","position":2,"name":"Mu\u011fla\u2019n\u0131n k\u00fclt\u00fcr turizmiyle de \u00f6n plana \u00e7\u0131kmas\u0131 ama\u00e7lan\u0131yor"}]},{"@type":"WebSite","@id":"https:\/\/akunq.net\/tr\/#website","url":"https:\/\/akunq.net\/tr\/","name":"Bati Ermenistan Ve Bati Ermenileri Sorunlari Ara\u015ftirmalar Merkezi","description":"","potentialAction":[{"@type":"SearchAction","target":{"@type":"EntryPoint","urlTemplate":"https:\/\/akunq.net\/tr\/?s={search_term_string}"},"query-input":{"@type":"PropertyValueSpecification","valueRequired":true,"valueName":"search_term_string"}}],"inLanguage":"en-US"},{"@type":"Person","@id":"https:\/\/akunq.net\/tr\/#\/schema\/person\/096f1d38a12cce57fb855b485ed24c9e","name":"admin","url":"https:\/\/akunq.net\/tr\/?author=7"}]}},"_links":{"self":[{"href":"https:\/\/akunq.net\/tr\/index.php?rest_route=\/wp\/v2\/posts\/61954","targetHints":{"allow":["GET"]}}],"collection":[{"href":"https:\/\/akunq.net\/tr\/index.php?rest_route=\/wp\/v2\/posts"}],"about":[{"href":"https:\/\/akunq.net\/tr\/index.php?rest_route=\/wp\/v2\/types\/post"}],"author":[{"embeddable":true,"href":"https:\/\/akunq.net\/tr\/index.php?rest_route=\/wp\/v2\/users\/7"}],"replies":[{"embeddable":true,"href":"https:\/\/akunq.net\/tr\/index.php?rest_route=%2Fwp%2Fv2%2Fcomments&post=61954"}],"version-history":[{"count":1,"href":"https:\/\/akunq.net\/tr\/index.php?rest_route=\/wp\/v2\/posts\/61954\/revisions"}],"predecessor-version":[{"id":61956,"href":"https:\/\/akunq.net\/tr\/index.php?rest_route=\/wp\/v2\/posts\/61954\/revisions\/61956"}],"wp:featuredmedia":[{"embeddable":true,"href":"https:\/\/akunq.net\/tr\/index.php?rest_route=\/wp\/v2\/media\/61955"}],"wp:attachment":[{"href":"https:\/\/akunq.net\/tr\/index.php?rest_route=%2Fwp%2Fv2%2Fmedia&parent=61954"}],"wp:term":[{"taxonomy":"category","embeddable":true,"href":"https:\/\/akunq.net\/tr\/index.php?rest_route=%2Fwp%2Fv2%2Fcategories&post=61954"},{"taxonomy":"post_tag","embeddable":true,"href":"https:\/\/akunq.net\/tr\/index.php?rest_route=%2Fwp%2Fv2%2Ftags&post=61954"}],"curies":[{"name":"wp","href":"https:\/\/api.w.org\/{rel}","templated":true}]}}