{"id":61951,"date":"2021-03-19T01:56:20","date_gmt":"2021-03-19T06:56:20","guid":{"rendered":"https:\/\/akunq.net\/tr\/?p=61951"},"modified":"2021-03-19T01:56:20","modified_gmt":"2021-03-19T06:56:20","slug":"turkiye-ermenistan-sinirindaki-akhuryan-su-barajiyla-ilgili-sorunlar-cikariyor","status":"publish","type":"post","link":"https:\/\/akunq.net\/tr\/?p=61951","title":{"rendered":"T\u00fcrkiye Ermenistan s\u0131n\u0131r\u0131ndaki Akhuryan su baraj\u0131yla ilgili sorunlar \u00e7\u0131kar\u0131yor"},"content":{"rendered":"<p><img loading=\"lazy\" decoding=\"async\" class=\"aligncenter size-medium wp-image-61952\" src=\"https:\/\/akunq.net\/tr\/wp-content\/uploads\/2021\/03\/su-baraj\u0131-360x238.jpg\" alt=\"\" width=\"360\" height=\"238\" srcset=\"https:\/\/akunq.net\/tr\/wp-content\/uploads\/sites\/6\/2021\/03\/su-baraj\u0131-360x238.jpg 360w, https:\/\/akunq.net\/tr\/wp-content\/uploads\/sites\/6\/2021\/03\/su-baraj\u0131-260x172.jpg 260w, https:\/\/akunq.net\/tr\/wp-content\/uploads\/sites\/6\/2021\/03\/su-baraj\u0131-160x106.jpg 160w, https:\/\/akunq.net\/tr\/wp-content\/uploads\/sites\/6\/2021\/03\/su-baraj\u0131.jpg 545w\" sizes=\"auto, (max-width: 360px) 100vw, 360px\" \/><\/p>\n<p><em><strong>Ermenistan B\u00f6lge \u0130daresi ve Altyap\u0131 Bakan\u0131 Suren Papikyan \u00fclkedeki sulama sorunlar\u0131yla ilgili a\u00e7\u0131klamalarda bulunarak H\u00fck\u00fcmet oturumunda \u015fu an barajlarda biriken su seviyesinin yeterli oldu\u011funu ifade etti.<\/strong><\/em><\/p>\n<p>Papikyan\u2019\u0131n s\u00f6zlerine g\u00f6re tek sorun T\u00fcrkiye ile Ermenistan\u2019\u0131n devlet s\u0131n\u0131r\u0131nda yer alan Akhuryan (Arpa\u00e7ay) baraj\u0131ndad\u0131r. Bu da kom\u015fu \u00fclkede yeni barajlar\u0131n in\u015faat\u0131ndan ve su kullan\u0131m\u0131 miktar\u0131ndan kaynaklan\u0131yor.<\/p>\n<p>B\u00f6lge \u0130daresi ve Altyap\u0131 Bakan\u0131 kar erimesi asl\u0131nda daha olmad\u0131\u011f\u0131n\u0131 ve kar do\u011fal su kaynaklar\u0131n\u0131n olduk\u00e7a b\u00fcy\u00fck oldu\u011funu belirterek tahminlere g\u00f6re su eksikli\u011fi ya\u015fanmayaca\u011f\u0131n\u0131 vurgulad\u0131.<\/p>\n<p><em><strong>https:\/\/www.ermenihaber.am\/tr\/news\/2021\/03\/18\/T%C3%BCrkiye-Ermenistan-s%C4%B1n%C4%B1r%C4%B1ndaki-Akhuryan-su-baraj%C4%B1\/204470\u00a0<\/strong><\/em><\/p>\n","protected":false},"excerpt":{"rendered":"<p>Ermenistan B\u00f6lge \u0130daresi ve Altyap\u0131 Bakan\u0131 Suren Papikyan \u00fclkedeki sulama sorunlar\u0131yla ilgili a\u00e7\u0131klamalarda bulunarak H\u00fck\u00fcmet oturumunda \u015fu an barajlarda biriken su seviyesinin yeterli oldu\u011funu ifade etti. Papikyan\u2019\u0131n s\u00f6zlerine g\u00f6re tek sorun T\u00fcrkiye ile Ermenistan\u2019\u0131n devlet s\u0131n\u0131r\u0131nda yer alan Akhuryan (Arpa\u00e7ay) baraj\u0131ndad\u0131r. Bu da kom\u015fu \u00fclkede yeni barajlar\u0131n in\u015faat\u0131ndan ve su kullan\u0131m\u0131 miktar\u0131ndan kaynaklan\u0131yor. B\u00f6lge \u0130daresi [&hellip;]<\/p>\n","protected":false},"author":7,"featured_media":61952,"comment_status":"open","ping_status":"open","sticky":false,"template":"","format":"standard","meta":{"footnotes":""},"categories":[1],"tags":[],"class_list":["post-61951","post","type-post","status-publish","format-standard","has-post-thumbnail","hentry","category-haberler"],"yoast_head":"<!-- This site is optimized with the Yoast SEO plugin v27.4 - https:\/\/yoast.com\/product\/yoast-seo-wordpress\/ -->\n<title>T\u00fcrkiye Ermenistan s\u0131n\u0131r\u0131ndaki Akhuryan su baraj\u0131yla ilgili sorunlar \u00e7\u0131kar\u0131yor - Bati Ermenistan Ve Bati Ermenileri Sorunlari Ara\u015ftirmalar Merkezi<\/title>\n<meta name=\"robots\" content=\"index, follow, max-snippet:-1, max-image-preview:large, max-video-preview:-1\" \/>\n<link rel=\"canonical\" href=\"https:\/\/akunq.net\/tr\/?p=61951\" \/>\n<meta property=\"og:locale\" content=\"en_US\" \/>\n<meta property=\"og:type\" content=\"article\" \/>\n<meta property=\"og:title\" content=\"T\u00fcrkiye Ermenistan s\u0131n\u0131r\u0131ndaki Akhuryan su baraj\u0131yla ilgili sorunlar \u00e7\u0131kar\u0131yor - Bati Ermenistan Ve Bati Ermenileri Sorunlari Ara\u015ftirmalar Merkezi\" \/>\n<meta property=\"og:description\" content=\"Ermenistan B\u00f6lge \u0130daresi ve Altyap\u0131 Bakan\u0131 Suren Papikyan \u00fclkedeki sulama sorunlar\u0131yla ilgili a\u00e7\u0131klamalarda bulunarak H\u00fck\u00fcmet oturumunda \u015fu an barajlarda biriken su seviyesinin yeterli oldu\u011funu ifade etti. Papikyan\u2019\u0131n s\u00f6zlerine g\u00f6re tek sorun T\u00fcrkiye ile Ermenistan\u2019\u0131n devlet s\u0131n\u0131r\u0131nda yer alan Akhuryan (Arpa\u00e7ay) baraj\u0131ndad\u0131r. Bu da kom\u015fu \u00fclkede yeni barajlar\u0131n in\u015faat\u0131ndan ve su kullan\u0131m\u0131 miktar\u0131ndan kaynaklan\u0131yor. B\u00f6lge \u0130daresi [&hellip;]\" \/>\n<meta property=\"og:url\" content=\"https:\/\/akunq.net\/tr\/?p=61951\" \/>\n<meta property=\"og:site_name\" content=\"Bati Ermenistan Ve Bati Ermenileri Sorunlari Ara\u015ftirmalar Merkezi\" \/>\n<meta property=\"article:published_time\" content=\"2021-03-19T06:56:20+00:00\" \/>\n<meta property=\"og:image\" content=\"https:\/\/akunq.net\/tr\/wp-content\/uploads\/sites\/6\/2021\/03\/su-baraj\u0131.jpg\" \/>\n\t<meta property=\"og:image:width\" content=\"545\" \/>\n\t<meta property=\"og:image:height\" content=\"361\" \/>\n\t<meta property=\"og:image:type\" content=\"image\/jpeg\" \/>\n<meta name=\"author\" content=\"admin\" \/>\n<meta name=\"twitter:card\" content=\"summary_large_image\" \/>\n<meta name=\"twitter:label1\" content=\"Written by\" \/>\n\t<meta name=\"twitter:data1\" content=\"admin\" \/>\n\t<meta name=\"twitter:label2\" content=\"Est. reading time\" \/>\n\t<meta name=\"twitter:data2\" content=\"1 minute\" \/>\n<script type=\"application\/ld+json\" class=\"yoast-schema-graph\">{\"@context\":\"https:\\\/\\\/schema.org\",\"@graph\":[{\"@type\":\"Article\",\"@id\":\"https:\\\/\\\/akunq.net\\\/tr\\\/?p=61951#article\",\"isPartOf\":{\"@id\":\"https:\\\/\\\/akunq.net\\\/tr\\\/?p=61951\"},\"author\":{\"name\":\"admin\",\"@id\":\"https:\\\/\\\/akunq.net\\\/tr\\\/#\\\/schema\\\/person\\\/096f1d38a12cce57fb855b485ed24c9e\"},\"headline\":\"T\u00fcrkiye Ermenistan s\u0131n\u0131r\u0131ndaki Akhuryan su baraj\u0131yla ilgili sorunlar \u00e7\u0131kar\u0131yor\",\"datePublished\":\"2021-03-19T06:56:20+00:00\",\"mainEntityOfPage\":{\"@id\":\"https:\\\/\\\/akunq.net\\\/tr\\\/?p=61951\"},\"wordCount\":151,\"commentCount\":0,\"image\":{\"@id\":\"https:\\\/\\\/akunq.net\\\/tr\\\/?p=61951#primaryimage\"},\"thumbnailUrl\":\"https:\\\/\\\/akunq.net\\\/tr\\\/wp-content\\\/uploads\\\/sites\\\/6\\\/2021\\\/03\\\/su-baraj\u0131.jpg\",\"articleSection\":[\"Haberler\"],\"inLanguage\":\"en-US\",\"potentialAction\":[{\"@type\":\"CommentAction\",\"name\":\"Comment\",\"target\":[\"https:\\\/\\\/akunq.net\\\/tr\\\/?p=61951#respond\"]}]},{\"@type\":\"WebPage\",\"@id\":\"https:\\\/\\\/akunq.net\\\/tr\\\/?p=61951\",\"url\":\"https:\\\/\\\/akunq.net\\\/tr\\\/?p=61951\",\"name\":\"T\u00fcrkiye Ermenistan s\u0131n\u0131r\u0131ndaki Akhuryan su baraj\u0131yla ilgili sorunlar \u00e7\u0131kar\u0131yor - Bati Ermenistan Ve Bati Ermenileri Sorunlari Ara\u015ftirmalar Merkezi\",\"isPartOf\":{\"@id\":\"https:\\\/\\\/akunq.net\\\/tr\\\/#website\"},\"primaryImageOfPage\":{\"@id\":\"https:\\\/\\\/akunq.net\\\/tr\\\/?p=61951#primaryimage\"},\"image\":{\"@id\":\"https:\\\/\\\/akunq.net\\\/tr\\\/?p=61951#primaryimage\"},\"thumbnailUrl\":\"https:\\\/\\\/akunq.net\\\/tr\\\/wp-content\\\/uploads\\\/sites\\\/6\\\/2021\\\/03\\\/su-baraj\u0131.jpg\",\"datePublished\":\"2021-03-19T06:56:20+00:00\",\"author\":{\"@id\":\"https:\\\/\\\/akunq.net\\\/tr\\\/#\\\/schema\\\/person\\\/096f1d38a12cce57fb855b485ed24c9e\"},\"breadcrumb\":{\"@id\":\"https:\\\/\\\/akunq.net\\\/tr\\\/?p=61951#breadcrumb\"},\"inLanguage\":\"en-US\",\"potentialAction\":[{\"@type\":\"ReadAction\",\"target\":[\"https:\\\/\\\/akunq.net\\\/tr\\\/?p=61951\"]}]},{\"@type\":\"ImageObject\",\"inLanguage\":\"en-US\",\"@id\":\"https:\\\/\\\/akunq.net\\\/tr\\\/?p=61951#primaryimage\",\"url\":\"https:\\\/\\\/akunq.net\\\/tr\\\/wp-content\\\/uploads\\\/sites\\\/6\\\/2021\\\/03\\\/su-baraj\u0131.jpg\",\"contentUrl\":\"https:\\\/\\\/akunq.net\\\/tr\\\/wp-content\\\/uploads\\\/sites\\\/6\\\/2021\\\/03\\\/su-baraj\u0131.jpg\",\"width\":545,\"height\":361},{\"@type\":\"BreadcrumbList\",\"@id\":\"https:\\\/\\\/akunq.net\\\/tr\\\/?p=61951#breadcrumb\",\"itemListElement\":[{\"@type\":\"ListItem\",\"position\":1,\"name\":\"Home\",\"item\":\"https:\\\/\\\/akunq.net\\\/tr\"},{\"@type\":\"ListItem\",\"position\":2,\"name\":\"T\u00fcrkiye Ermenistan s\u0131n\u0131r\u0131ndaki Akhuryan su baraj\u0131yla ilgili sorunlar \u00e7\u0131kar\u0131yor\"}]},{\"@type\":\"WebSite\",\"@id\":\"https:\\\/\\\/akunq.net\\\/tr\\\/#website\",\"url\":\"https:\\\/\\\/akunq.net\\\/tr\\\/\",\"name\":\"Bati Ermenistan Ve Bati Ermenileri Sorunlari Ara\u015ftirmalar Merkezi\",\"description\":\"\",\"potentialAction\":[{\"@type\":\"SearchAction\",\"target\":{\"@type\":\"EntryPoint\",\"urlTemplate\":\"https:\\\/\\\/akunq.net\\\/tr\\\/?s={search_term_string}\"},\"query-input\":{\"@type\":\"PropertyValueSpecification\",\"valueRequired\":true,\"valueName\":\"search_term_string\"}}],\"inLanguage\":\"en-US\"},{\"@type\":\"Person\",\"@id\":\"https:\\\/\\\/akunq.net\\\/tr\\\/#\\\/schema\\\/person\\\/096f1d38a12cce57fb855b485ed24c9e\",\"name\":\"admin\",\"url\":\"https:\\\/\\\/akunq.net\\\/tr\\\/?author=7\"}]}<\/script>\n<!-- \/ Yoast SEO plugin. -->","yoast_head_json":{"title":"T\u00fcrkiye Ermenistan s\u0131n\u0131r\u0131ndaki Akhuryan su baraj\u0131yla ilgili sorunlar \u00e7\u0131kar\u0131yor - Bati Ermenistan Ve Bati Ermenileri Sorunlari Ara\u015ftirmalar Merkezi","robots":{"index":"index","follow":"follow","max-snippet":"max-snippet:-1","max-image-preview":"max-image-preview:large","max-video-preview":"max-video-preview:-1"},"canonical":"https:\/\/akunq.net\/tr\/?p=61951","og_locale":"en_US","og_type":"article","og_title":"T\u00fcrkiye Ermenistan s\u0131n\u0131r\u0131ndaki Akhuryan su baraj\u0131yla ilgili sorunlar \u00e7\u0131kar\u0131yor - Bati Ermenistan Ve Bati Ermenileri Sorunlari Ara\u015ftirmalar Merkezi","og_description":"Ermenistan B\u00f6lge \u0130daresi ve Altyap\u0131 Bakan\u0131 Suren Papikyan \u00fclkedeki sulama sorunlar\u0131yla ilgili a\u00e7\u0131klamalarda bulunarak H\u00fck\u00fcmet oturumunda \u015fu an barajlarda biriken su seviyesinin yeterli oldu\u011funu ifade etti. Papikyan\u2019\u0131n s\u00f6zlerine g\u00f6re tek sorun T\u00fcrkiye ile Ermenistan\u2019\u0131n devlet s\u0131n\u0131r\u0131nda yer alan Akhuryan (Arpa\u00e7ay) baraj\u0131ndad\u0131r. Bu da kom\u015fu \u00fclkede yeni barajlar\u0131n in\u015faat\u0131ndan ve su kullan\u0131m\u0131 miktar\u0131ndan kaynaklan\u0131yor. B\u00f6lge \u0130daresi [&hellip;]","og_url":"https:\/\/akunq.net\/tr\/?p=61951","og_site_name":"Bati Ermenistan Ve Bati Ermenileri Sorunlari Ara\u015ftirmalar Merkezi","article_published_time":"2021-03-19T06:56:20+00:00","og_image":[{"width":545,"height":361,"url":"https:\/\/akunq.net\/tr\/wp-content\/uploads\/sites\/6\/2021\/03\/su-baraj\u0131.jpg","type":"image\/jpeg"}],"author":"admin","twitter_card":"summary_large_image","twitter_misc":{"Written by":"admin","Est. reading time":"1 minute"},"schema":{"@context":"https:\/\/schema.org","@graph":[{"@type":"Article","@id":"https:\/\/akunq.net\/tr\/?p=61951#article","isPartOf":{"@id":"https:\/\/akunq.net\/tr\/?p=61951"},"author":{"name":"admin","@id":"https:\/\/akunq.net\/tr\/#\/schema\/person\/096f1d38a12cce57fb855b485ed24c9e"},"headline":"T\u00fcrkiye Ermenistan s\u0131n\u0131r\u0131ndaki Akhuryan su baraj\u0131yla ilgili sorunlar \u00e7\u0131kar\u0131yor","datePublished":"2021-03-19T06:56:20+00:00","mainEntityOfPage":{"@id":"https:\/\/akunq.net\/tr\/?p=61951"},"wordCount":151,"commentCount":0,"image":{"@id":"https:\/\/akunq.net\/tr\/?p=61951#primaryimage"},"thumbnailUrl":"https:\/\/akunq.net\/tr\/wp-content\/uploads\/sites\/6\/2021\/03\/su-baraj\u0131.jpg","articleSection":["Haberler"],"inLanguage":"en-US","potentialAction":[{"@type":"CommentAction","name":"Comment","target":["https:\/\/akunq.net\/tr\/?p=61951#respond"]}]},{"@type":"WebPage","@id":"https:\/\/akunq.net\/tr\/?p=61951","url":"https:\/\/akunq.net\/tr\/?p=61951","name":"T\u00fcrkiye Ermenistan s\u0131n\u0131r\u0131ndaki Akhuryan su baraj\u0131yla ilgili sorunlar \u00e7\u0131kar\u0131yor - Bati Ermenistan Ve Bati Ermenileri Sorunlari Ara\u015ftirmalar Merkezi","isPartOf":{"@id":"https:\/\/akunq.net\/tr\/#website"},"primaryImageOfPage":{"@id":"https:\/\/akunq.net\/tr\/?p=61951#primaryimage"},"image":{"@id":"https:\/\/akunq.net\/tr\/?p=61951#primaryimage"},"thumbnailUrl":"https:\/\/akunq.net\/tr\/wp-content\/uploads\/sites\/6\/2021\/03\/su-baraj\u0131.jpg","datePublished":"2021-03-19T06:56:20+00:00","author":{"@id":"https:\/\/akunq.net\/tr\/#\/schema\/person\/096f1d38a12cce57fb855b485ed24c9e"},"breadcrumb":{"@id":"https:\/\/akunq.net\/tr\/?p=61951#breadcrumb"},"inLanguage":"en-US","potentialAction":[{"@type":"ReadAction","target":["https:\/\/akunq.net\/tr\/?p=61951"]}]},{"@type":"ImageObject","inLanguage":"en-US","@id":"https:\/\/akunq.net\/tr\/?p=61951#primaryimage","url":"https:\/\/akunq.net\/tr\/wp-content\/uploads\/sites\/6\/2021\/03\/su-baraj\u0131.jpg","contentUrl":"https:\/\/akunq.net\/tr\/wp-content\/uploads\/sites\/6\/2021\/03\/su-baraj\u0131.jpg","width":545,"height":361},{"@type":"BreadcrumbList","@id":"https:\/\/akunq.net\/tr\/?p=61951#breadcrumb","itemListElement":[{"@type":"ListItem","position":1,"name":"Home","item":"https:\/\/akunq.net\/tr"},{"@type":"ListItem","position":2,"name":"T\u00fcrkiye Ermenistan s\u0131n\u0131r\u0131ndaki Akhuryan su baraj\u0131yla ilgili sorunlar \u00e7\u0131kar\u0131yor"}]},{"@type":"WebSite","@id":"https:\/\/akunq.net\/tr\/#website","url":"https:\/\/akunq.net\/tr\/","name":"Bati Ermenistan Ve Bati Ermenileri Sorunlari Ara\u015ftirmalar Merkezi","description":"","potentialAction":[{"@type":"SearchAction","target":{"@type":"EntryPoint","urlTemplate":"https:\/\/akunq.net\/tr\/?s={search_term_string}"},"query-input":{"@type":"PropertyValueSpecification","valueRequired":true,"valueName":"search_term_string"}}],"inLanguage":"en-US"},{"@type":"Person","@id":"https:\/\/akunq.net\/tr\/#\/schema\/person\/096f1d38a12cce57fb855b485ed24c9e","name":"admin","url":"https:\/\/akunq.net\/tr\/?author=7"}]}},"_links":{"self":[{"href":"https:\/\/akunq.net\/tr\/index.php?rest_route=\/wp\/v2\/posts\/61951","targetHints":{"allow":["GET"]}}],"collection":[{"href":"https:\/\/akunq.net\/tr\/index.php?rest_route=\/wp\/v2\/posts"}],"about":[{"href":"https:\/\/akunq.net\/tr\/index.php?rest_route=\/wp\/v2\/types\/post"}],"author":[{"embeddable":true,"href":"https:\/\/akunq.net\/tr\/index.php?rest_route=\/wp\/v2\/users\/7"}],"replies":[{"embeddable":true,"href":"https:\/\/akunq.net\/tr\/index.php?rest_route=%2Fwp%2Fv2%2Fcomments&post=61951"}],"version-history":[{"count":1,"href":"https:\/\/akunq.net\/tr\/index.php?rest_route=\/wp\/v2\/posts\/61951\/revisions"}],"predecessor-version":[{"id":61953,"href":"https:\/\/akunq.net\/tr\/index.php?rest_route=\/wp\/v2\/posts\/61951\/revisions\/61953"}],"wp:featuredmedia":[{"embeddable":true,"href":"https:\/\/akunq.net\/tr\/index.php?rest_route=\/wp\/v2\/media\/61952"}],"wp:attachment":[{"href":"https:\/\/akunq.net\/tr\/index.php?rest_route=%2Fwp%2Fv2%2Fmedia&parent=61951"}],"wp:term":[{"taxonomy":"category","embeddable":true,"href":"https:\/\/akunq.net\/tr\/index.php?rest_route=%2Fwp%2Fv2%2Fcategories&post=61951"},{"taxonomy":"post_tag","embeddable":true,"href":"https:\/\/akunq.net\/tr\/index.php?rest_route=%2Fwp%2Fv2%2Ftags&post=61951"}],"curies":[{"name":"wp","href":"https:\/\/api.w.org\/{rel}","templated":true}]}}