{"id":61947,"date":"2021-03-18T05:43:21","date_gmt":"2021-03-18T10:43:21","guid":{"rendered":"https:\/\/akunq.net\/tr\/?p=61947"},"modified":"2021-03-18T05:43:21","modified_gmt":"2021-03-18T10:43:21","slug":"ilham-aliyev-12-asirda-insa-edilen-ermeni-kilisesinin-alban-mirasi-oldugu-iddiasini-tekrarladi","status":"publish","type":"post","link":"https:\/\/akunq.net\/tr\/?p=61947","title":{"rendered":"\u0130lham Aliyev, 12. as\u0131rda in\u015fa edilen Ermeni kilisesinin \u201cAlban miras\u0131\u201d oldu\u011fu iddias\u0131n\u0131 tekrarlad\u0131"},"content":{"rendered":"<p><img loading=\"lazy\" decoding=\"async\" class=\"aligncenter size-medium wp-image-61948\" src=\"https:\/\/akunq.net\/tr\/wp-content\/uploads\/2021\/03\/Tsakuri-k\u00f6y\u00fcndeki-Surb-Astvatsatsin-Ermeni-Kilisesi-360x239.jpeg\" alt=\"\" width=\"360\" height=\"239\" srcset=\"https:\/\/akunq.net\/tr\/wp-content\/uploads\/sites\/6\/2021\/03\/Tsakuri-k\u00f6y\u00fcndeki-Surb-Astvatsatsin-Ermeni-Kilisesi-360x239.jpeg 360w, https:\/\/akunq.net\/tr\/wp-content\/uploads\/sites\/6\/2021\/03\/Tsakuri-k\u00f6y\u00fcndeki-Surb-Astvatsatsin-Ermeni-Kilisesi-560x371.jpeg 560w, https:\/\/akunq.net\/tr\/wp-content\/uploads\/sites\/6\/2021\/03\/Tsakuri-k\u00f6y\u00fcndeki-Surb-Astvatsatsin-Ermeni-Kilisesi-260x172.jpeg 260w, https:\/\/akunq.net\/tr\/wp-content\/uploads\/sites\/6\/2021\/03\/Tsakuri-k\u00f6y\u00fcndeki-Surb-Astvatsatsin-Ermeni-Kilisesi-160x106.jpeg 160w, https:\/\/akunq.net\/tr\/wp-content\/uploads\/sites\/6\/2021\/03\/Tsakuri-k\u00f6y\u00fcndeki-Surb-Astvatsatsin-Ermeni-Kilisesi.jpeg 600w\" sizes=\"auto, (max-width: 360px) 100vw, 360px\" \/><\/p>\n<p><em><strong>Azerbaycan Cumhurba\u015fkan\u0131 \u0130lham Aliyev, i\u015fgal etti\u011fi Hadrut\u2019taki Tsakuri k\u00f6y\u00fcndeki Surb Astvatsatsin Ermeni Kilisesi\u2019ne gitti. Ermenilerin yaz\u0131lar b\u0131rakarak kendilerine ait olmayan k\u00fclt\u00fcr miras\u0131n\u0131 \u201cErmenile\u015ftirmeye\u201d \u00e7al\u0131\u015ft\u0131\u011f\u0131n\u0131 iddia eden Aliyev, 12. as\u0131rda in\u015fa edildi\u011fi\u00a0 bilinen\u00a0 Ermeni kilisenin duvarlar\u0131ndaki yaz\u0131lar\u0131 silmekle tehdiit etti.<\/strong><\/em><\/p>\n<p>Orta\u00e7a\u011fa ait bu kilisenin Ermeniler taraf\u0131ndan \u201c\u00e7\u00f6pl\u00fck\u201d haline getirildi\u011fini ileri s\u00fcren Azerbaycan diktat\u00f6r\u00fc, kilisenin \u201cAlbanlara\u201d ait oldu\u011funu iddia etmekten \u00e7ekinmeden \u201crestore edece\u011fini\u201d s\u00f6yledi.<\/p>\n<p>Hat\u0131rlanaca\u011f\u0131 \u00fczere,\u00a0Hadrut\u2019in Tsakuri k\u00f6yundeki Tsakhkavank manast\u0131r\u0131ndan bug\u00fcn sadece Surb Astvatsatsin kilisesi ayakta kald\u0131. En eski ha\u00e7kar\u0131n, 1198 tarihinde yap\u0131ld\u0131\u011f\u0131 biliniyor. Karaba\u011f\u0131n (Artsakh) k\u00fclt\u00fcrel ba\u015fyap\u0131t\u0131 olan kilise, Artsakh\u2019\u0131n tarihi ve k\u00fclt\u00fcrel miras\u0131 hakk\u0131ndaki \u015e. Mkrt\u00e7yan\u2019\u0131n ansiklopedisinde yer ald\u0131. Ancak Azerbaycan, i\u015fgal etti\u011fi topraklarda Ermenlerin izini silmek i\u00e7in t\u00fcm Ermeni k\u00fclt\u00fcr miras\u0131n\u0131 \u201cAlban k\u00fclt\u00fcr\u00fc\u201d ilan etme politikas\u0131n\u0131 y\u00fcr\u00fct\u00fcyor.<\/p>\n<p><em><strong>https:\/\/www.ermenihaber.am\/tr\/news\/2021\/03\/18\/Hadrut-Surb-Astvatsatsin-Aliyev\/204443\u00a0<\/strong><\/em><\/p>\n","protected":false},"excerpt":{"rendered":"<p>Azerbaycan Cumhurba\u015fkan\u0131 \u0130lham Aliyev, i\u015fgal etti\u011fi Hadrut\u2019taki Tsakuri k\u00f6y\u00fcndeki Surb Astvatsatsin Ermeni Kilisesi\u2019ne gitti. Ermenilerin yaz\u0131lar b\u0131rakarak kendilerine ait olmayan k\u00fclt\u00fcr miras\u0131n\u0131 \u201cErmenile\u015ftirmeye\u201d \u00e7al\u0131\u015ft\u0131\u011f\u0131n\u0131 iddia eden Aliyev, 12. as\u0131rda in\u015fa edildi\u011fi\u00a0 bilinen\u00a0 Ermeni kilisenin duvarlar\u0131ndaki yaz\u0131lar\u0131 silmekle tehdiit etti. Orta\u00e7a\u011fa ait bu kilisenin Ermeniler taraf\u0131ndan \u201c\u00e7\u00f6pl\u00fck\u201d haline getirildi\u011fini ileri s\u00fcren Azerbaycan diktat\u00f6r\u00fc, kilisenin \u201cAlbanlara\u201d ait [&hellip;]<\/p>\n","protected":false},"author":7,"featured_media":61948,"comment_status":"open","ping_status":"open","sticky":false,"template":"","format":"standard","meta":{"footnotes":""},"categories":[1],"tags":[],"class_list":["post-61947","post","type-post","status-publish","format-standard","has-post-thumbnail","hentry","category-haberler"],"yoast_head":"<!-- This site is optimized with the Yoast SEO plugin v27.4 - https:\/\/yoast.com\/product\/yoast-seo-wordpress\/ -->\n<title>\u0130lham Aliyev, 12. as\u0131rda in\u015fa edilen Ermeni kilisesinin \u201cAlban miras\u0131\u201d oldu\u011fu iddias\u0131n\u0131 tekrarlad\u0131 - Bati Ermenistan Ve Bati Ermenileri Sorunlari Ara\u015ftirmalar Merkezi<\/title>\n<meta name=\"robots\" content=\"index, follow, max-snippet:-1, max-image-preview:large, max-video-preview:-1\" \/>\n<link rel=\"canonical\" href=\"https:\/\/akunq.net\/tr\/?p=61947\" \/>\n<meta property=\"og:locale\" content=\"en_US\" \/>\n<meta property=\"og:type\" content=\"article\" \/>\n<meta property=\"og:title\" content=\"\u0130lham Aliyev, 12. as\u0131rda in\u015fa edilen Ermeni kilisesinin \u201cAlban miras\u0131\u201d oldu\u011fu iddias\u0131n\u0131 tekrarlad\u0131 - Bati Ermenistan Ve Bati Ermenileri Sorunlari Ara\u015ftirmalar Merkezi\" \/>\n<meta property=\"og:description\" content=\"Azerbaycan Cumhurba\u015fkan\u0131 \u0130lham Aliyev, i\u015fgal etti\u011fi Hadrut\u2019taki Tsakuri k\u00f6y\u00fcndeki Surb Astvatsatsin Ermeni Kilisesi\u2019ne gitti. Ermenilerin yaz\u0131lar b\u0131rakarak kendilerine ait olmayan k\u00fclt\u00fcr miras\u0131n\u0131 \u201cErmenile\u015ftirmeye\u201d \u00e7al\u0131\u015ft\u0131\u011f\u0131n\u0131 iddia eden Aliyev, 12. as\u0131rda in\u015fa edildi\u011fi\u00a0 bilinen\u00a0 Ermeni kilisenin duvarlar\u0131ndaki yaz\u0131lar\u0131 silmekle tehdiit etti. Orta\u00e7a\u011fa ait bu kilisenin Ermeniler taraf\u0131ndan \u201c\u00e7\u00f6pl\u00fck\u201d haline getirildi\u011fini ileri s\u00fcren Azerbaycan diktat\u00f6r\u00fc, kilisenin \u201cAlbanlara\u201d ait [&hellip;]\" \/>\n<meta property=\"og:url\" content=\"https:\/\/akunq.net\/tr\/?p=61947\" \/>\n<meta property=\"og:site_name\" content=\"Bati Ermenistan Ve Bati Ermenileri Sorunlari Ara\u015ftirmalar Merkezi\" \/>\n<meta property=\"article:published_time\" content=\"2021-03-18T10:43:21+00:00\" \/>\n<meta property=\"og:image\" content=\"https:\/\/akunq.net\/tr\/wp-content\/uploads\/sites\/6\/2021\/03\/Tsakuri-k\u00f6y\u00fcndeki-Surb-Astvatsatsin-Ermeni-Kilisesi.jpeg\" \/>\n\t<meta property=\"og:image:width\" content=\"600\" \/>\n\t<meta property=\"og:image:height\" content=\"398\" \/>\n\t<meta property=\"og:image:type\" content=\"image\/jpeg\" \/>\n<meta name=\"author\" content=\"admin\" \/>\n<meta name=\"twitter:card\" content=\"summary_large_image\" \/>\n<meta name=\"twitter:label1\" content=\"Written by\" \/>\n\t<meta name=\"twitter:data1\" content=\"admin\" \/>\n\t<meta name=\"twitter:label2\" content=\"Est. reading time\" \/>\n\t<meta name=\"twitter:data2\" content=\"1 minute\" \/>\n<script type=\"application\/ld+json\" class=\"yoast-schema-graph\">{\"@context\":\"https:\\\/\\\/schema.org\",\"@graph\":[{\"@type\":\"Article\",\"@id\":\"https:\\\/\\\/akunq.net\\\/tr\\\/?p=61947#article\",\"isPartOf\":{\"@id\":\"https:\\\/\\\/akunq.net\\\/tr\\\/?p=61947\"},\"author\":{\"name\":\"admin\",\"@id\":\"https:\\\/\\\/akunq.net\\\/tr\\\/#\\\/schema\\\/person\\\/096f1d38a12cce57fb855b485ed24c9e\"},\"headline\":\"\u0130lham Aliyev, 12. as\u0131rda in\u015fa edilen Ermeni kilisesinin \u201cAlban miras\u0131\u201d oldu\u011fu iddias\u0131n\u0131 tekrarlad\u0131\",\"datePublished\":\"2021-03-18T10:43:21+00:00\",\"mainEntityOfPage\":{\"@id\":\"https:\\\/\\\/akunq.net\\\/tr\\\/?p=61947\"},\"wordCount\":202,\"commentCount\":0,\"image\":{\"@id\":\"https:\\\/\\\/akunq.net\\\/tr\\\/?p=61947#primaryimage\"},\"thumbnailUrl\":\"https:\\\/\\\/akunq.net\\\/tr\\\/wp-content\\\/uploads\\\/sites\\\/6\\\/2021\\\/03\\\/Tsakuri-k\u00f6y\u00fcndeki-Surb-Astvatsatsin-Ermeni-Kilisesi.jpeg\",\"articleSection\":[\"Haberler\"],\"inLanguage\":\"en-US\",\"potentialAction\":[{\"@type\":\"CommentAction\",\"name\":\"Comment\",\"target\":[\"https:\\\/\\\/akunq.net\\\/tr\\\/?p=61947#respond\"]}]},{\"@type\":\"WebPage\",\"@id\":\"https:\\\/\\\/akunq.net\\\/tr\\\/?p=61947\",\"url\":\"https:\\\/\\\/akunq.net\\\/tr\\\/?p=61947\",\"name\":\"\u0130lham Aliyev, 12. as\u0131rda in\u015fa edilen Ermeni kilisesinin \u201cAlban miras\u0131\u201d oldu\u011fu iddias\u0131n\u0131 tekrarlad\u0131 - Bati Ermenistan Ve Bati Ermenileri Sorunlari Ara\u015ftirmalar Merkezi\",\"isPartOf\":{\"@id\":\"https:\\\/\\\/akunq.net\\\/tr\\\/#website\"},\"primaryImageOfPage\":{\"@id\":\"https:\\\/\\\/akunq.net\\\/tr\\\/?p=61947#primaryimage\"},\"image\":{\"@id\":\"https:\\\/\\\/akunq.net\\\/tr\\\/?p=61947#primaryimage\"},\"thumbnailUrl\":\"https:\\\/\\\/akunq.net\\\/tr\\\/wp-content\\\/uploads\\\/sites\\\/6\\\/2021\\\/03\\\/Tsakuri-k\u00f6y\u00fcndeki-Surb-Astvatsatsin-Ermeni-Kilisesi.jpeg\",\"datePublished\":\"2021-03-18T10:43:21+00:00\",\"author\":{\"@id\":\"https:\\\/\\\/akunq.net\\\/tr\\\/#\\\/schema\\\/person\\\/096f1d38a12cce57fb855b485ed24c9e\"},\"breadcrumb\":{\"@id\":\"https:\\\/\\\/akunq.net\\\/tr\\\/?p=61947#breadcrumb\"},\"inLanguage\":\"en-US\",\"potentialAction\":[{\"@type\":\"ReadAction\",\"target\":[\"https:\\\/\\\/akunq.net\\\/tr\\\/?p=61947\"]}]},{\"@type\":\"ImageObject\",\"inLanguage\":\"en-US\",\"@id\":\"https:\\\/\\\/akunq.net\\\/tr\\\/?p=61947#primaryimage\",\"url\":\"https:\\\/\\\/akunq.net\\\/tr\\\/wp-content\\\/uploads\\\/sites\\\/6\\\/2021\\\/03\\\/Tsakuri-k\u00f6y\u00fcndeki-Surb-Astvatsatsin-Ermeni-Kilisesi.jpeg\",\"contentUrl\":\"https:\\\/\\\/akunq.net\\\/tr\\\/wp-content\\\/uploads\\\/sites\\\/6\\\/2021\\\/03\\\/Tsakuri-k\u00f6y\u00fcndeki-Surb-Astvatsatsin-Ermeni-Kilisesi.jpeg\",\"width\":600,\"height\":398},{\"@type\":\"BreadcrumbList\",\"@id\":\"https:\\\/\\\/akunq.net\\\/tr\\\/?p=61947#breadcrumb\",\"itemListElement\":[{\"@type\":\"ListItem\",\"position\":1,\"name\":\"Home\",\"item\":\"https:\\\/\\\/akunq.net\\\/tr\"},{\"@type\":\"ListItem\",\"position\":2,\"name\":\"\u0130lham Aliyev, 12. as\u0131rda in\u015fa edilen Ermeni kilisesinin \u201cAlban miras\u0131\u201d oldu\u011fu iddias\u0131n\u0131 tekrarlad\u0131\"}]},{\"@type\":\"WebSite\",\"@id\":\"https:\\\/\\\/akunq.net\\\/tr\\\/#website\",\"url\":\"https:\\\/\\\/akunq.net\\\/tr\\\/\",\"name\":\"Bati Ermenistan Ve Bati Ermenileri Sorunlari Ara\u015ftirmalar Merkezi\",\"description\":\"\",\"potentialAction\":[{\"@type\":\"SearchAction\",\"target\":{\"@type\":\"EntryPoint\",\"urlTemplate\":\"https:\\\/\\\/akunq.net\\\/tr\\\/?s={search_term_string}\"},\"query-input\":{\"@type\":\"PropertyValueSpecification\",\"valueRequired\":true,\"valueName\":\"search_term_string\"}}],\"inLanguage\":\"en-US\"},{\"@type\":\"Person\",\"@id\":\"https:\\\/\\\/akunq.net\\\/tr\\\/#\\\/schema\\\/person\\\/096f1d38a12cce57fb855b485ed24c9e\",\"name\":\"admin\",\"url\":\"https:\\\/\\\/akunq.net\\\/tr\\\/?author=7\"}]}<\/script>\n<!-- \/ Yoast SEO plugin. -->","yoast_head_json":{"title":"\u0130lham Aliyev, 12. as\u0131rda in\u015fa edilen Ermeni kilisesinin \u201cAlban miras\u0131\u201d oldu\u011fu iddias\u0131n\u0131 tekrarlad\u0131 - Bati Ermenistan Ve Bati Ermenileri Sorunlari Ara\u015ftirmalar Merkezi","robots":{"index":"index","follow":"follow","max-snippet":"max-snippet:-1","max-image-preview":"max-image-preview:large","max-video-preview":"max-video-preview:-1"},"canonical":"https:\/\/akunq.net\/tr\/?p=61947","og_locale":"en_US","og_type":"article","og_title":"\u0130lham Aliyev, 12. as\u0131rda in\u015fa edilen Ermeni kilisesinin \u201cAlban miras\u0131\u201d oldu\u011fu iddias\u0131n\u0131 tekrarlad\u0131 - Bati Ermenistan Ve Bati Ermenileri Sorunlari Ara\u015ftirmalar Merkezi","og_description":"Azerbaycan Cumhurba\u015fkan\u0131 \u0130lham Aliyev, i\u015fgal etti\u011fi Hadrut\u2019taki Tsakuri k\u00f6y\u00fcndeki Surb Astvatsatsin Ermeni Kilisesi\u2019ne gitti. Ermenilerin yaz\u0131lar b\u0131rakarak kendilerine ait olmayan k\u00fclt\u00fcr miras\u0131n\u0131 \u201cErmenile\u015ftirmeye\u201d \u00e7al\u0131\u015ft\u0131\u011f\u0131n\u0131 iddia eden Aliyev, 12. as\u0131rda in\u015fa edildi\u011fi\u00a0 bilinen\u00a0 Ermeni kilisenin duvarlar\u0131ndaki yaz\u0131lar\u0131 silmekle tehdiit etti. Orta\u00e7a\u011fa ait bu kilisenin Ermeniler taraf\u0131ndan \u201c\u00e7\u00f6pl\u00fck\u201d haline getirildi\u011fini ileri s\u00fcren Azerbaycan diktat\u00f6r\u00fc, kilisenin \u201cAlbanlara\u201d ait [&hellip;]","og_url":"https:\/\/akunq.net\/tr\/?p=61947","og_site_name":"Bati Ermenistan Ve Bati Ermenileri Sorunlari Ara\u015ftirmalar Merkezi","article_published_time":"2021-03-18T10:43:21+00:00","og_image":[{"width":600,"height":398,"url":"https:\/\/akunq.net\/tr\/wp-content\/uploads\/sites\/6\/2021\/03\/Tsakuri-k\u00f6y\u00fcndeki-Surb-Astvatsatsin-Ermeni-Kilisesi.jpeg","type":"image\/jpeg"}],"author":"admin","twitter_card":"summary_large_image","twitter_misc":{"Written by":"admin","Est. reading time":"1 minute"},"schema":{"@context":"https:\/\/schema.org","@graph":[{"@type":"Article","@id":"https:\/\/akunq.net\/tr\/?p=61947#article","isPartOf":{"@id":"https:\/\/akunq.net\/tr\/?p=61947"},"author":{"name":"admin","@id":"https:\/\/akunq.net\/tr\/#\/schema\/person\/096f1d38a12cce57fb855b485ed24c9e"},"headline":"\u0130lham Aliyev, 12. as\u0131rda in\u015fa edilen Ermeni kilisesinin \u201cAlban miras\u0131\u201d oldu\u011fu iddias\u0131n\u0131 tekrarlad\u0131","datePublished":"2021-03-18T10:43:21+00:00","mainEntityOfPage":{"@id":"https:\/\/akunq.net\/tr\/?p=61947"},"wordCount":202,"commentCount":0,"image":{"@id":"https:\/\/akunq.net\/tr\/?p=61947#primaryimage"},"thumbnailUrl":"https:\/\/akunq.net\/tr\/wp-content\/uploads\/sites\/6\/2021\/03\/Tsakuri-k\u00f6y\u00fcndeki-Surb-Astvatsatsin-Ermeni-Kilisesi.jpeg","articleSection":["Haberler"],"inLanguage":"en-US","potentialAction":[{"@type":"CommentAction","name":"Comment","target":["https:\/\/akunq.net\/tr\/?p=61947#respond"]}]},{"@type":"WebPage","@id":"https:\/\/akunq.net\/tr\/?p=61947","url":"https:\/\/akunq.net\/tr\/?p=61947","name":"\u0130lham Aliyev, 12. as\u0131rda in\u015fa edilen Ermeni kilisesinin \u201cAlban miras\u0131\u201d oldu\u011fu iddias\u0131n\u0131 tekrarlad\u0131 - Bati Ermenistan Ve Bati Ermenileri Sorunlari Ara\u015ftirmalar Merkezi","isPartOf":{"@id":"https:\/\/akunq.net\/tr\/#website"},"primaryImageOfPage":{"@id":"https:\/\/akunq.net\/tr\/?p=61947#primaryimage"},"image":{"@id":"https:\/\/akunq.net\/tr\/?p=61947#primaryimage"},"thumbnailUrl":"https:\/\/akunq.net\/tr\/wp-content\/uploads\/sites\/6\/2021\/03\/Tsakuri-k\u00f6y\u00fcndeki-Surb-Astvatsatsin-Ermeni-Kilisesi.jpeg","datePublished":"2021-03-18T10:43:21+00:00","author":{"@id":"https:\/\/akunq.net\/tr\/#\/schema\/person\/096f1d38a12cce57fb855b485ed24c9e"},"breadcrumb":{"@id":"https:\/\/akunq.net\/tr\/?p=61947#breadcrumb"},"inLanguage":"en-US","potentialAction":[{"@type":"ReadAction","target":["https:\/\/akunq.net\/tr\/?p=61947"]}]},{"@type":"ImageObject","inLanguage":"en-US","@id":"https:\/\/akunq.net\/tr\/?p=61947#primaryimage","url":"https:\/\/akunq.net\/tr\/wp-content\/uploads\/sites\/6\/2021\/03\/Tsakuri-k\u00f6y\u00fcndeki-Surb-Astvatsatsin-Ermeni-Kilisesi.jpeg","contentUrl":"https:\/\/akunq.net\/tr\/wp-content\/uploads\/sites\/6\/2021\/03\/Tsakuri-k\u00f6y\u00fcndeki-Surb-Astvatsatsin-Ermeni-Kilisesi.jpeg","width":600,"height":398},{"@type":"BreadcrumbList","@id":"https:\/\/akunq.net\/tr\/?p=61947#breadcrumb","itemListElement":[{"@type":"ListItem","position":1,"name":"Home","item":"https:\/\/akunq.net\/tr"},{"@type":"ListItem","position":2,"name":"\u0130lham Aliyev, 12. as\u0131rda in\u015fa edilen Ermeni kilisesinin \u201cAlban miras\u0131\u201d oldu\u011fu iddias\u0131n\u0131 tekrarlad\u0131"}]},{"@type":"WebSite","@id":"https:\/\/akunq.net\/tr\/#website","url":"https:\/\/akunq.net\/tr\/","name":"Bati Ermenistan Ve Bati Ermenileri Sorunlari Ara\u015ftirmalar Merkezi","description":"","potentialAction":[{"@type":"SearchAction","target":{"@type":"EntryPoint","urlTemplate":"https:\/\/akunq.net\/tr\/?s={search_term_string}"},"query-input":{"@type":"PropertyValueSpecification","valueRequired":true,"valueName":"search_term_string"}}],"inLanguage":"en-US"},{"@type":"Person","@id":"https:\/\/akunq.net\/tr\/#\/schema\/person\/096f1d38a12cce57fb855b485ed24c9e","name":"admin","url":"https:\/\/akunq.net\/tr\/?author=7"}]}},"_links":{"self":[{"href":"https:\/\/akunq.net\/tr\/index.php?rest_route=\/wp\/v2\/posts\/61947","targetHints":{"allow":["GET"]}}],"collection":[{"href":"https:\/\/akunq.net\/tr\/index.php?rest_route=\/wp\/v2\/posts"}],"about":[{"href":"https:\/\/akunq.net\/tr\/index.php?rest_route=\/wp\/v2\/types\/post"}],"author":[{"embeddable":true,"href":"https:\/\/akunq.net\/tr\/index.php?rest_route=\/wp\/v2\/users\/7"}],"replies":[{"embeddable":true,"href":"https:\/\/akunq.net\/tr\/index.php?rest_route=%2Fwp%2Fv2%2Fcomments&post=61947"}],"version-history":[{"count":1,"href":"https:\/\/akunq.net\/tr\/index.php?rest_route=\/wp\/v2\/posts\/61947\/revisions"}],"predecessor-version":[{"id":61949,"href":"https:\/\/akunq.net\/tr\/index.php?rest_route=\/wp\/v2\/posts\/61947\/revisions\/61949"}],"wp:featuredmedia":[{"embeddable":true,"href":"https:\/\/akunq.net\/tr\/index.php?rest_route=\/wp\/v2\/media\/61948"}],"wp:attachment":[{"href":"https:\/\/akunq.net\/tr\/index.php?rest_route=%2Fwp%2Fv2%2Fmedia&parent=61947"}],"wp:term":[{"taxonomy":"category","embeddable":true,"href":"https:\/\/akunq.net\/tr\/index.php?rest_route=%2Fwp%2Fv2%2Fcategories&post=61947"},{"taxonomy":"post_tag","embeddable":true,"href":"https:\/\/akunq.net\/tr\/index.php?rest_route=%2Fwp%2Fv2%2Ftags&post=61947"}],"curies":[{"name":"wp","href":"https:\/\/api.w.org\/{rel}","templated":true}]}}