{"id":61927,"date":"2021-03-18T03:49:18","date_gmt":"2021-03-18T08:49:18","guid":{"rendered":"https:\/\/akunq.net\/tr\/?p=61927"},"modified":"2021-03-18T03:49:18","modified_gmt":"2021-03-18T08:49:18","slug":"abdden-hdpnin-kapatilmasi-girisimine-tepki","status":"publish","type":"post","link":"https:\/\/akunq.net\/tr\/?p=61927","title":{"rendered":"ABD&#8217;den HDP&#8217;nin kapat\u0131lmas\u0131 giri\u015fimine tepki"},"content":{"rendered":"<p><img loading=\"lazy\" decoding=\"async\" class=\"aligncenter size-medium wp-image-61928\" src=\"https:\/\/akunq.net\/tr\/wp-content\/uploads\/2021\/03\/\u0531\u0544\u0546-\u057a\u0565\u057f\u0564\u0565\u057a-360x239.jpg\" alt=\"\" width=\"360\" height=\"239\" srcset=\"https:\/\/akunq.net\/tr\/wp-content\/uploads\/sites\/6\/2021\/03\/\u0531\u0544\u0546-\u057a\u0565\u057f\u0564\u0565\u057a-360x239.jpg 360w, https:\/\/akunq.net\/tr\/wp-content\/uploads\/sites\/6\/2021\/03\/\u0531\u0544\u0546-\u057a\u0565\u057f\u0564\u0565\u057a-560x371.jpg 560w, https:\/\/akunq.net\/tr\/wp-content\/uploads\/sites\/6\/2021\/03\/\u0531\u0544\u0546-\u057a\u0565\u057f\u0564\u0565\u057a-260x172.jpg 260w, https:\/\/akunq.net\/tr\/wp-content\/uploads\/sites\/6\/2021\/03\/\u0531\u0544\u0546-\u057a\u0565\u057f\u0564\u0565\u057a-160x106.jpg 160w, https:\/\/akunq.net\/tr\/wp-content\/uploads\/sites\/6\/2021\/03\/\u0531\u0544\u0546-\u057a\u0565\u057f\u0564\u0565\u057a.jpg 769w\" sizes=\"auto, (max-width: 360px) 100vw, 360px\" \/><\/p>\n<p><em><strong>HDP\u2019nin kapat\u0131lmas\u0131 istemiyle Anayasa Mahkemesi\u2019nde dava a\u00e7\u0131lmas\u0131na ABD\u2019den tepki geldi.<\/strong><\/em><\/p>\n<p>ABD D\u0131\u015fi\u015fleri Bakanl\u0131\u011f\u0131 S\u00f6zc\u00fcs\u00fc Ned Price taraf\u0131ndan yap\u0131lan a\u00e7\u0131klamada &#8220;Halklar\u0131n Demokratik Partisi&#8217;ni kapatma \u00e7abalar\u0131n\u0131n ba\u015flat\u0131ld\u0131\u011f\u0131n\u0131 g\u00f6zlemliyoruz. Bu karar, T\u00fcrk se\u00e7menlerin iradesini haks\u0131z yere bozacak, T\u00fcrkiye&#8217;deki demokrasinin alt\u0131n\u0131 daha da oyacak ve milyonlarca T\u00fcrk vatanda\u015f\u0131n\u0131n se\u00e7ilmi\u015f temsiliyetini inkar etmek anlam\u0131na gelecektir&#8221; dedi.<\/p>\n<p>Price ayr\u0131ca &#8220;T\u00fcrkiye h\u00fck\u00fcmetine, T\u00fcrk Anayasas\u0131&#8217;ndaki koruma h\u00fck\u00fcmleri ve T\u00fcrkiye&#8217;nin uluslararas\u0131 y\u00fck\u00fcml\u00fcl\u00fckleri uyar\u0131nca ifade \u00f6zg\u00fcrl\u00fc\u011f\u00fcne sayg\u0131 g\u00f6sterme \u00e7a\u011fr\u0131s\u0131nda bulunuyoruz&#8221; dedi.<\/p>\n<div class=\"picBox full\">\n<div id=\"twtr-1372347008007213057\" class=\"group embeddedTweet\">\n<div class=\"twitter-tweet twitter-tweet-rendered\"><iframe id=\"twitter-widget-0\" class=\"\" title=\"Twitter Tweet\" src=\"https:\/\/platform.twitter.com\/embed\/Tweet.html?dnt=false&amp;embedId=twitter-widget-0&amp;frame=false&amp;hideCard=false&amp;hideThread=false&amp;id=1372347008007213057&amp;lang=en&amp;origin=https%3A%2F%2Fwww.dw.com%2Ftr%2Fabdden-hdpnin-kapat%25C4%25B1lmas%25C4%25B1-giri%25C5%259Fimine-tepki%2Fa-56909946&amp;siteScreenName=dw_turkce&amp;theme=light&amp;widgetsVersion=e1ffbdb%3A1614796141937&amp;width=550px\" frameborder=\"0\" scrolling=\"no\" allowfullscreen=\"allowfullscreen\" data-tweet-id=\"1372347008007213057\" data-mce-fragment=\"1\"><\/iframe><\/div>\n<\/div>\n<\/div>\n<p>Yarg\u0131tay Cumhuriyet Ba\u015fsavc\u0131s\u0131 Bekir \u015eahin, d\u00fcn HDP&#8217;nin kapat\u0131lmas\u0131 istemiyle Anayasa Mahkemesi&#8217;nde dava a\u00e7m\u0131\u015ft\u0131. \u0130lgili iddianamede, HDP \u00fcyelerinin beyan ve eylemleriyle devletin milletiyle b\u00f6l\u00fcnmez b\u00fct\u00fcnl\u00fc\u011f\u00fcn\u00fc bozmay\u0131 ve ortadan kald\u0131rmay\u0131 ama\u00e7lad\u0131klar\u0131 \u00f6ne s\u00fcr\u00fcl\u00fcyor.<\/p>\n<p>HDP 24 Haziran 2018 tarihinde yap\u0131lan genel se\u00e7imlerde yakla\u015f\u0131k 5 milyon 600 bin oy alarak y\u00fczde 11 oy oran\u0131 ile T\u00fcrkiye B\u00fcy\u00fck Millet Meclisi&#8217;ndeki \u00fc\u00e7\u00fcnc\u00fc parti olmu\u015ftu.<\/p>\n<p><em>AFP \/ EC, TY<\/em><\/p>\n<p><em>\u00a9 Deutsche Welle T\u00fcrk\u00e7e<\/em><\/p>\n<p><em><strong>https:\/\/www.dw.com\/tr\/abdden-hdpnin-kapat%C4%B1lmas%C4%B1-giri%C5%9Fimine-tepki\/a-56909946\u00a0<\/strong><\/em><\/p>\n","protected":false},"excerpt":{"rendered":"<p>HDP\u2019nin kapat\u0131lmas\u0131 istemiyle Anayasa Mahkemesi\u2019nde dava a\u00e7\u0131lmas\u0131na ABD\u2019den tepki geldi. ABD D\u0131\u015fi\u015fleri Bakanl\u0131\u011f\u0131 S\u00f6zc\u00fcs\u00fc Ned Price taraf\u0131ndan yap\u0131lan a\u00e7\u0131klamada &#8220;Halklar\u0131n Demokratik Partisi&#8217;ni kapatma \u00e7abalar\u0131n\u0131n ba\u015flat\u0131ld\u0131\u011f\u0131n\u0131 g\u00f6zlemliyoruz. Bu karar, T\u00fcrk se\u00e7menlerin iradesini haks\u0131z yere bozacak, T\u00fcrkiye&#8217;deki demokrasinin alt\u0131n\u0131 daha da oyacak ve milyonlarca T\u00fcrk vatanda\u015f\u0131n\u0131n se\u00e7ilmi\u015f temsiliyetini inkar etmek anlam\u0131na gelecektir&#8221; dedi. Price ayr\u0131ca &#8220;T\u00fcrkiye h\u00fck\u00fcmetine, [&hellip;]<\/p>\n","protected":false},"author":7,"featured_media":61928,"comment_status":"open","ping_status":"open","sticky":false,"template":"","format":"standard","meta":{"footnotes":""},"categories":[1],"tags":[],"class_list":["post-61927","post","type-post","status-publish","format-standard","has-post-thumbnail","hentry","category-haberler"],"yoast_head":"<!-- This site is optimized with the Yoast SEO plugin v27.4 - https:\/\/yoast.com\/product\/yoast-seo-wordpress\/ -->\n<title>ABD&#039;den HDP&#039;nin kapat\u0131lmas\u0131 giri\u015fimine tepki - Bati Ermenistan Ve Bati Ermenileri Sorunlari Ara\u015ftirmalar Merkezi<\/title>\n<meta name=\"robots\" content=\"index, follow, max-snippet:-1, max-image-preview:large, max-video-preview:-1\" \/>\n<link rel=\"canonical\" href=\"https:\/\/akunq.net\/tr\/?p=61927\" \/>\n<meta property=\"og:locale\" content=\"en_US\" \/>\n<meta property=\"og:type\" content=\"article\" \/>\n<meta property=\"og:title\" content=\"ABD&#039;den HDP&#039;nin kapat\u0131lmas\u0131 giri\u015fimine tepki - Bati Ermenistan Ve Bati Ermenileri Sorunlari Ara\u015ftirmalar Merkezi\" \/>\n<meta property=\"og:description\" content=\"HDP\u2019nin kapat\u0131lmas\u0131 istemiyle Anayasa Mahkemesi\u2019nde dava a\u00e7\u0131lmas\u0131na ABD\u2019den tepki geldi. ABD D\u0131\u015fi\u015fleri Bakanl\u0131\u011f\u0131 S\u00f6zc\u00fcs\u00fc Ned Price taraf\u0131ndan yap\u0131lan a\u00e7\u0131klamada &#8220;Halklar\u0131n Demokratik Partisi&#8217;ni kapatma \u00e7abalar\u0131n\u0131n ba\u015flat\u0131ld\u0131\u011f\u0131n\u0131 g\u00f6zlemliyoruz. Bu karar, T\u00fcrk se\u00e7menlerin iradesini haks\u0131z yere bozacak, T\u00fcrkiye&#8217;deki demokrasinin alt\u0131n\u0131 daha da oyacak ve milyonlarca T\u00fcrk vatanda\u015f\u0131n\u0131n se\u00e7ilmi\u015f temsiliyetini inkar etmek anlam\u0131na gelecektir&#8221; dedi. Price ayr\u0131ca &#8220;T\u00fcrkiye h\u00fck\u00fcmetine, [&hellip;]\" \/>\n<meta property=\"og:url\" content=\"https:\/\/akunq.net\/tr\/?p=61927\" \/>\n<meta property=\"og:site_name\" content=\"Bati Ermenistan Ve Bati Ermenileri Sorunlari Ara\u015ftirmalar Merkezi\" \/>\n<meta property=\"article:published_time\" content=\"2021-03-18T08:49:18+00:00\" \/>\n<meta property=\"og:image\" content=\"https:\/\/akunq.net\/tr\/wp-content\/uploads\/sites\/6\/2021\/03\/\u0531\u0544\u0546-\u057a\u0565\u057f\u0564\u0565\u057a.jpg\" \/>\n\t<meta property=\"og:image:width\" content=\"769\" \/>\n\t<meta property=\"og:image:height\" content=\"510\" \/>\n\t<meta property=\"og:image:type\" content=\"image\/jpeg\" \/>\n<meta name=\"author\" content=\"admin\" \/>\n<meta name=\"twitter:card\" content=\"summary_large_image\" \/>\n<meta name=\"twitter:label1\" content=\"Written by\" \/>\n\t<meta name=\"twitter:data1\" content=\"admin\" \/>\n\t<meta name=\"twitter:label2\" content=\"Est. reading time\" \/>\n\t<meta name=\"twitter:data2\" content=\"1 minute\" \/>\n<script type=\"application\/ld+json\" class=\"yoast-schema-graph\">{\"@context\":\"https:\\\/\\\/schema.org\",\"@graph\":[{\"@type\":\"Article\",\"@id\":\"https:\\\/\\\/akunq.net\\\/tr\\\/?p=61927#article\",\"isPartOf\":{\"@id\":\"https:\\\/\\\/akunq.net\\\/tr\\\/?p=61927\"},\"author\":{\"name\":\"admin\",\"@id\":\"https:\\\/\\\/akunq.net\\\/tr\\\/#\\\/schema\\\/person\\\/096f1d38a12cce57fb855b485ed24c9e\"},\"headline\":\"ABD&#8217;den HDP&#8217;nin kapat\u0131lmas\u0131 giri\u015fimine tepki\",\"datePublished\":\"2021-03-18T08:49:18+00:00\",\"mainEntityOfPage\":{\"@id\":\"https:\\\/\\\/akunq.net\\\/tr\\\/?p=61927\"},\"wordCount\":230,\"commentCount\":0,\"image\":{\"@id\":\"https:\\\/\\\/akunq.net\\\/tr\\\/?p=61927#primaryimage\"},\"thumbnailUrl\":\"https:\\\/\\\/akunq.net\\\/tr\\\/wp-content\\\/uploads\\\/sites\\\/6\\\/2021\\\/03\\\/\u0531\u0544\u0546-\u057a\u0565\u057f\u0564\u0565\u057a.jpg\",\"articleSection\":[\"Haberler\"],\"inLanguage\":\"en-US\",\"potentialAction\":[{\"@type\":\"CommentAction\",\"name\":\"Comment\",\"target\":[\"https:\\\/\\\/akunq.net\\\/tr\\\/?p=61927#respond\"]}]},{\"@type\":\"WebPage\",\"@id\":\"https:\\\/\\\/akunq.net\\\/tr\\\/?p=61927\",\"url\":\"https:\\\/\\\/akunq.net\\\/tr\\\/?p=61927\",\"name\":\"ABD'den HDP'nin kapat\u0131lmas\u0131 giri\u015fimine tepki - Bati Ermenistan Ve Bati Ermenileri Sorunlari Ara\u015ftirmalar Merkezi\",\"isPartOf\":{\"@id\":\"https:\\\/\\\/akunq.net\\\/tr\\\/#website\"},\"primaryImageOfPage\":{\"@id\":\"https:\\\/\\\/akunq.net\\\/tr\\\/?p=61927#primaryimage\"},\"image\":{\"@id\":\"https:\\\/\\\/akunq.net\\\/tr\\\/?p=61927#primaryimage\"},\"thumbnailUrl\":\"https:\\\/\\\/akunq.net\\\/tr\\\/wp-content\\\/uploads\\\/sites\\\/6\\\/2021\\\/03\\\/\u0531\u0544\u0546-\u057a\u0565\u057f\u0564\u0565\u057a.jpg\",\"datePublished\":\"2021-03-18T08:49:18+00:00\",\"author\":{\"@id\":\"https:\\\/\\\/akunq.net\\\/tr\\\/#\\\/schema\\\/person\\\/096f1d38a12cce57fb855b485ed24c9e\"},\"breadcrumb\":{\"@id\":\"https:\\\/\\\/akunq.net\\\/tr\\\/?p=61927#breadcrumb\"},\"inLanguage\":\"en-US\",\"potentialAction\":[{\"@type\":\"ReadAction\",\"target\":[\"https:\\\/\\\/akunq.net\\\/tr\\\/?p=61927\"]}]},{\"@type\":\"ImageObject\",\"inLanguage\":\"en-US\",\"@id\":\"https:\\\/\\\/akunq.net\\\/tr\\\/?p=61927#primaryimage\",\"url\":\"https:\\\/\\\/akunq.net\\\/tr\\\/wp-content\\\/uploads\\\/sites\\\/6\\\/2021\\\/03\\\/\u0531\u0544\u0546-\u057a\u0565\u057f\u0564\u0565\u057a.jpg\",\"contentUrl\":\"https:\\\/\\\/akunq.net\\\/tr\\\/wp-content\\\/uploads\\\/sites\\\/6\\\/2021\\\/03\\\/\u0531\u0544\u0546-\u057a\u0565\u057f\u0564\u0565\u057a.jpg\",\"width\":769,\"height\":510},{\"@type\":\"BreadcrumbList\",\"@id\":\"https:\\\/\\\/akunq.net\\\/tr\\\/?p=61927#breadcrumb\",\"itemListElement\":[{\"@type\":\"ListItem\",\"position\":1,\"name\":\"Home\",\"item\":\"https:\\\/\\\/akunq.net\\\/tr\"},{\"@type\":\"ListItem\",\"position\":2,\"name\":\"ABD&#8217;den HDP&#8217;nin kapat\u0131lmas\u0131 giri\u015fimine tepki\"}]},{\"@type\":\"WebSite\",\"@id\":\"https:\\\/\\\/akunq.net\\\/tr\\\/#website\",\"url\":\"https:\\\/\\\/akunq.net\\\/tr\\\/\",\"name\":\"Bati Ermenistan Ve Bati Ermenileri Sorunlari Ara\u015ftirmalar Merkezi\",\"description\":\"\",\"potentialAction\":[{\"@type\":\"SearchAction\",\"target\":{\"@type\":\"EntryPoint\",\"urlTemplate\":\"https:\\\/\\\/akunq.net\\\/tr\\\/?s={search_term_string}\"},\"query-input\":{\"@type\":\"PropertyValueSpecification\",\"valueRequired\":true,\"valueName\":\"search_term_string\"}}],\"inLanguage\":\"en-US\"},{\"@type\":\"Person\",\"@id\":\"https:\\\/\\\/akunq.net\\\/tr\\\/#\\\/schema\\\/person\\\/096f1d38a12cce57fb855b485ed24c9e\",\"name\":\"admin\",\"url\":\"https:\\\/\\\/akunq.net\\\/tr\\\/?author=7\"}]}<\/script>\n<!-- \/ Yoast SEO plugin. -->","yoast_head_json":{"title":"ABD'den HDP'nin kapat\u0131lmas\u0131 giri\u015fimine tepki - Bati Ermenistan Ve Bati Ermenileri Sorunlari Ara\u015ftirmalar Merkezi","robots":{"index":"index","follow":"follow","max-snippet":"max-snippet:-1","max-image-preview":"max-image-preview:large","max-video-preview":"max-video-preview:-1"},"canonical":"https:\/\/akunq.net\/tr\/?p=61927","og_locale":"en_US","og_type":"article","og_title":"ABD'den HDP'nin kapat\u0131lmas\u0131 giri\u015fimine tepki - Bati Ermenistan Ve Bati Ermenileri Sorunlari Ara\u015ftirmalar Merkezi","og_description":"HDP\u2019nin kapat\u0131lmas\u0131 istemiyle Anayasa Mahkemesi\u2019nde dava a\u00e7\u0131lmas\u0131na ABD\u2019den tepki geldi. ABD D\u0131\u015fi\u015fleri Bakanl\u0131\u011f\u0131 S\u00f6zc\u00fcs\u00fc Ned Price taraf\u0131ndan yap\u0131lan a\u00e7\u0131klamada &#8220;Halklar\u0131n Demokratik Partisi&#8217;ni kapatma \u00e7abalar\u0131n\u0131n ba\u015flat\u0131ld\u0131\u011f\u0131n\u0131 g\u00f6zlemliyoruz. Bu karar, T\u00fcrk se\u00e7menlerin iradesini haks\u0131z yere bozacak, T\u00fcrkiye&#8217;deki demokrasinin alt\u0131n\u0131 daha da oyacak ve milyonlarca T\u00fcrk vatanda\u015f\u0131n\u0131n se\u00e7ilmi\u015f temsiliyetini inkar etmek anlam\u0131na gelecektir&#8221; dedi. Price ayr\u0131ca &#8220;T\u00fcrkiye h\u00fck\u00fcmetine, [&hellip;]","og_url":"https:\/\/akunq.net\/tr\/?p=61927","og_site_name":"Bati Ermenistan Ve Bati Ermenileri Sorunlari Ara\u015ftirmalar Merkezi","article_published_time":"2021-03-18T08:49:18+00:00","og_image":[{"width":769,"height":510,"url":"https:\/\/akunq.net\/tr\/wp-content\/uploads\/sites\/6\/2021\/03\/\u0531\u0544\u0546-\u057a\u0565\u057f\u0564\u0565\u057a.jpg","type":"image\/jpeg"}],"author":"admin","twitter_card":"summary_large_image","twitter_misc":{"Written by":"admin","Est. reading time":"1 minute"},"schema":{"@context":"https:\/\/schema.org","@graph":[{"@type":"Article","@id":"https:\/\/akunq.net\/tr\/?p=61927#article","isPartOf":{"@id":"https:\/\/akunq.net\/tr\/?p=61927"},"author":{"name":"admin","@id":"https:\/\/akunq.net\/tr\/#\/schema\/person\/096f1d38a12cce57fb855b485ed24c9e"},"headline":"ABD&#8217;den HDP&#8217;nin kapat\u0131lmas\u0131 giri\u015fimine tepki","datePublished":"2021-03-18T08:49:18+00:00","mainEntityOfPage":{"@id":"https:\/\/akunq.net\/tr\/?p=61927"},"wordCount":230,"commentCount":0,"image":{"@id":"https:\/\/akunq.net\/tr\/?p=61927#primaryimage"},"thumbnailUrl":"https:\/\/akunq.net\/tr\/wp-content\/uploads\/sites\/6\/2021\/03\/\u0531\u0544\u0546-\u057a\u0565\u057f\u0564\u0565\u057a.jpg","articleSection":["Haberler"],"inLanguage":"en-US","potentialAction":[{"@type":"CommentAction","name":"Comment","target":["https:\/\/akunq.net\/tr\/?p=61927#respond"]}]},{"@type":"WebPage","@id":"https:\/\/akunq.net\/tr\/?p=61927","url":"https:\/\/akunq.net\/tr\/?p=61927","name":"ABD'den HDP'nin kapat\u0131lmas\u0131 giri\u015fimine tepki - Bati Ermenistan Ve Bati Ermenileri Sorunlari Ara\u015ftirmalar Merkezi","isPartOf":{"@id":"https:\/\/akunq.net\/tr\/#website"},"primaryImageOfPage":{"@id":"https:\/\/akunq.net\/tr\/?p=61927#primaryimage"},"image":{"@id":"https:\/\/akunq.net\/tr\/?p=61927#primaryimage"},"thumbnailUrl":"https:\/\/akunq.net\/tr\/wp-content\/uploads\/sites\/6\/2021\/03\/\u0531\u0544\u0546-\u057a\u0565\u057f\u0564\u0565\u057a.jpg","datePublished":"2021-03-18T08:49:18+00:00","author":{"@id":"https:\/\/akunq.net\/tr\/#\/schema\/person\/096f1d38a12cce57fb855b485ed24c9e"},"breadcrumb":{"@id":"https:\/\/akunq.net\/tr\/?p=61927#breadcrumb"},"inLanguage":"en-US","potentialAction":[{"@type":"ReadAction","target":["https:\/\/akunq.net\/tr\/?p=61927"]}]},{"@type":"ImageObject","inLanguage":"en-US","@id":"https:\/\/akunq.net\/tr\/?p=61927#primaryimage","url":"https:\/\/akunq.net\/tr\/wp-content\/uploads\/sites\/6\/2021\/03\/\u0531\u0544\u0546-\u057a\u0565\u057f\u0564\u0565\u057a.jpg","contentUrl":"https:\/\/akunq.net\/tr\/wp-content\/uploads\/sites\/6\/2021\/03\/\u0531\u0544\u0546-\u057a\u0565\u057f\u0564\u0565\u057a.jpg","width":769,"height":510},{"@type":"BreadcrumbList","@id":"https:\/\/akunq.net\/tr\/?p=61927#breadcrumb","itemListElement":[{"@type":"ListItem","position":1,"name":"Home","item":"https:\/\/akunq.net\/tr"},{"@type":"ListItem","position":2,"name":"ABD&#8217;den HDP&#8217;nin kapat\u0131lmas\u0131 giri\u015fimine tepki"}]},{"@type":"WebSite","@id":"https:\/\/akunq.net\/tr\/#website","url":"https:\/\/akunq.net\/tr\/","name":"Bati Ermenistan Ve Bati Ermenileri Sorunlari Ara\u015ftirmalar Merkezi","description":"","potentialAction":[{"@type":"SearchAction","target":{"@type":"EntryPoint","urlTemplate":"https:\/\/akunq.net\/tr\/?s={search_term_string}"},"query-input":{"@type":"PropertyValueSpecification","valueRequired":true,"valueName":"search_term_string"}}],"inLanguage":"en-US"},{"@type":"Person","@id":"https:\/\/akunq.net\/tr\/#\/schema\/person\/096f1d38a12cce57fb855b485ed24c9e","name":"admin","url":"https:\/\/akunq.net\/tr\/?author=7"}]}},"_links":{"self":[{"href":"https:\/\/akunq.net\/tr\/index.php?rest_route=\/wp\/v2\/posts\/61927","targetHints":{"allow":["GET"]}}],"collection":[{"href":"https:\/\/akunq.net\/tr\/index.php?rest_route=\/wp\/v2\/posts"}],"about":[{"href":"https:\/\/akunq.net\/tr\/index.php?rest_route=\/wp\/v2\/types\/post"}],"author":[{"embeddable":true,"href":"https:\/\/akunq.net\/tr\/index.php?rest_route=\/wp\/v2\/users\/7"}],"replies":[{"embeddable":true,"href":"https:\/\/akunq.net\/tr\/index.php?rest_route=%2Fwp%2Fv2%2Fcomments&post=61927"}],"version-history":[{"count":1,"href":"https:\/\/akunq.net\/tr\/index.php?rest_route=\/wp\/v2\/posts\/61927\/revisions"}],"predecessor-version":[{"id":61929,"href":"https:\/\/akunq.net\/tr\/index.php?rest_route=\/wp\/v2\/posts\/61927\/revisions\/61929"}],"wp:featuredmedia":[{"embeddable":true,"href":"https:\/\/akunq.net\/tr\/index.php?rest_route=\/wp\/v2\/media\/61928"}],"wp:attachment":[{"href":"https:\/\/akunq.net\/tr\/index.php?rest_route=%2Fwp%2Fv2%2Fmedia&parent=61927"}],"wp:term":[{"taxonomy":"category","embeddable":true,"href":"https:\/\/akunq.net\/tr\/index.php?rest_route=%2Fwp%2Fv2%2Fcategories&post=61927"},{"taxonomy":"post_tag","embeddable":true,"href":"https:\/\/akunq.net\/tr\/index.php?rest_route=%2Fwp%2Fv2%2Ftags&post=61927"}],"curies":[{"name":"wp","href":"https:\/\/api.w.org\/{rel}","templated":true}]}}