{"id":61923,"date":"2021-03-18T03:26:10","date_gmt":"2021-03-18T08:26:10","guid":{"rendered":"https:\/\/akunq.net\/tr\/?p=61923"},"modified":"2021-03-18T03:26:10","modified_gmt":"2021-03-18T08:26:10","slug":"gergerlioglunun-milletvekilligi-dusuruldu","status":"publish","type":"post","link":"https:\/\/akunq.net\/tr\/?p=61923","title":{"rendered":"Gergerlio\u011flu&#8217;nun milletvekilli\u011fi d\u00fc\u015f\u00fcr\u00fcld\u00fc"},"content":{"rendered":"<p><img loading=\"lazy\" decoding=\"async\" class=\"aligncenter size-medium wp-image-61924\" src=\"https:\/\/akunq.net\/tr\/wp-content\/uploads\/2021\/03\/Gergerlio\u011flunun-milletvekilli\u011fi-360x203.jpeg\" alt=\"\" width=\"360\" height=\"203\" srcset=\"https:\/\/akunq.net\/tr\/wp-content\/uploads\/sites\/6\/2021\/03\/Gergerlio\u011flunun-milletvekilli\u011fi-360x203.jpeg 360w, https:\/\/akunq.net\/tr\/wp-content\/uploads\/sites\/6\/2021\/03\/Gergerlio\u011flunun-milletvekilli\u011fi-768x432.jpeg 768w, https:\/\/akunq.net\/tr\/wp-content\/uploads\/sites\/6\/2021\/03\/Gergerlio\u011flunun-milletvekilli\u011fi-1536x864.jpeg 1536w, https:\/\/akunq.net\/tr\/wp-content\/uploads\/sites\/6\/2021\/03\/Gergerlio\u011flunun-milletvekilli\u011fi-560x315.jpeg 560w, https:\/\/akunq.net\/tr\/wp-content\/uploads\/sites\/6\/2021\/03\/Gergerlio\u011flunun-milletvekilli\u011fi-260x146.jpeg 260w, https:\/\/akunq.net\/tr\/wp-content\/uploads\/sites\/6\/2021\/03\/Gergerlio\u011flunun-milletvekilli\u011fi-160x90.jpeg 160w, https:\/\/akunq.net\/tr\/wp-content\/uploads\/sites\/6\/2021\/03\/Gergerlio\u011flunun-milletvekilli\u011fi.jpeg 2048w\" sizes=\"auto, (max-width: 360px) 100vw, 360px\" \/><\/p>\n<p><em><strong>HDP milletvekili \u00d6mer Faruk Gergerlio\u011flu hakk\u0131nda verilen hapis cezas\u0131 bug\u00fcn Meclis Genel Kurulu\u2019nda okundu. Bunun sonucunda Gergerlio\u011flu\u2019nun vekilli\u011fi d\u00fc\u015fm\u00fc\u015f oldu.<\/strong><\/em><\/p>\n<p>Kararla, HDP\u2019nin Meclis\u2019teki sandalye say\u0131s\u0131 55\u2019e indi.<\/p>\n<p>HDP\u2019nin karara ilk tepkisi \u201c\u00d6mer Faruk Gergerlio\u011flu\u2019nun vekilli\u011finin d\u00fc\u015f\u00fcr\u00fclmesini, halk iradesinin gasp\u0131n\u0131 kabul etmiyoruz\u201d oldu.<\/p>\n<p>Gergerlio\u011flu ise Twitter hesab\u0131nda \u015funlar\u0131 yazd\u0131: \u201cTBMM\u2019ye darbeye kar\u015f\u0131 direnece\u011fim, milletin iradesi ayaklar alt\u0131na al\u0131namaz. Bar\u0131\u015f istemek su\u00e7 de\u011fildir. Bu karar\u0131 ne MHP ne AK Parti savunamad\u0131! Meclis\u2019i terk ettiler! Biz milletin iradesine sonuna kadar sahip \u00e7\u0131kaca\u011f\u0131z!\u201d<\/p>\n<p>Karar\u0131n ard\u0131ndan Gergerlio\u011flu, daha \u00f6nce s\u00f6yledi\u011fi gibi Meclis\u2019i terk etmedi. HDP\u2019liler de siyaset\u00e7iye destek vermek i\u00e7in genel kurulda oturma eylemine ba\u015flad\u0131. HDP\u2019li vekiller, \u00f6nceden haz\u0131rlanan d\u00f6vizleri a\u00e7arak slogan att\u0131. Eylem, partinin Twitter hesab\u0131ndan da payla\u015f\u0131ld\u0131.<\/p>\n<p>Karardan \u00f6nce bas\u0131n kurulu\u015flar\u0131na a\u00e7\u0131klama yapan Gergerlio\u011flu evdekilerle vedala\u015ft\u0131\u011f\u0131n\u0131, Meclis\u2019ten ayr\u0131lmayaca\u011f\u0131n\u0131 s\u00f6ylemi\u015fti.<\/p>\n<p>Gergerlio\u011flu, \u015f\u00f6yle konu\u015fmu\u015ftu: \u201cBu karar okunursa, ben karar\u0131 tan\u0131mayaca\u011f\u0131m, Genel Kurul\u2019da oturmaya devam edece\u011fim. \u0130sterlerse beni zorla \u00e7\u0131kars\u0131nlar ama buradan da grup toplant\u0131 salonunda devam edece\u011fim, ka\u00e7 g\u00fcn olur bilemiyorum. Ama milletin kalbinde, ba\u011fr\u0131nda bekleyece\u011fim.\u201d<\/p>\n<p>Geli\u015fmeden sonra Meclis&#8217;te \u00d6mer Faruk Gergerlio\u011flu ile bir a\u00e7\u0131klama yapan HDP e\u015f Genel Ba\u015fkan\u0131 Mithat Sancar, \u015funlar\u0131 s\u00f6yledi:<\/p>\n<p>&#8220;\u00d6mer Faruk Gergerlio\u011flu arkada\u015f\u0131m\u0131z\u0131n vekilli\u011finin d\u00fc\u015f\u00fcr\u00fclmesini hukuk ile a\u00e7\u0131klamak ve\u00a0 hukuk \u00fczerinden konu\u015fmak sa\u00e7mal\u0131kt\u0131r. Bu apa\u00e7\u0131k siyasi bir operasyondur. Bu demokrasiye darbe operasyonunun yeni bir ad\u0131m\u0131d\u0131r. Bu halk\u0131n iradesine sald\u0131r\u0131d\u0131r. Bu, Meclis\u2019e yeni bir darbedir. O nedenle burada hukuku kullanarak tart\u0131\u015fmay\u0131 y\u00fcr\u00fctmeye \u00e7al\u0131\u015fmak bu zul\u00fcm d\u00fczenine hizmet etmekten ba\u015fka bir anlam ta\u015f\u0131maz.&#8221;<\/p>\n<p>&#8220;Hukuk yok, anayasa yok. Darbe operasyonu var ama direnen HDP\u2019dir. Direnen halk\u0131n vekilleri var. \u00d6mer Faruk Gergerlio\u011flu gibi boyun e\u011fmeyen temsilcileri var. Bu sald\u0131r\u0131lara kar\u015f\u0131 dimdik durmaya devam edece\u011fimizden hi\u00e7 kimsenin ku\u015fkusu yoktur, olmamas\u0131 gerekti\u011fini bir kez daha ilan ediyoruz. Asla boyun e\u011fmeyece\u011fiz. Demokratik siyasette \u0131srar\u0131m\u0131z\u0131 koruyaca\u011f\u0131z. Bu \u0131srar\u0131 kararl\u0131l\u0131kla s\u00fcrd\u00fcrece\u011fiz. Demokratik m\u00fccadelenin her alan\u0131nda varl\u0131\u011f\u0131m\u0131z\u0131 s\u00fcrd\u00fcrece\u011fiz. Yolumuza devam edece\u011fiz. Bu zul\u00fcm d\u00fczenini bu haks\u0131zl\u0131k adaletsizlik d\u00fczenini ancak bu kararl\u0131 y\u00fcr\u00fcy\u00fc\u015f sona erdirebilir ve bu kararl\u0131 y\u00fcr\u00fcy\u00fc\u015f\u00fcn b\u00fcy\u00fcmesi gerekiyor.&#8221;<\/p>\n<p>Bu arada TBMM Genel Kurulu&#8217;nda, grup ba\u015fkanvekillerinin konu\u015fmalar\u0131 s\u0131ras\u0131nda, bas\u0131n locas\u0131nda oturan AK Parti 22. D\u00f6nem Milletvekili Abdurrahim Aksoy, aya\u011fa kalkarak &#8220;Ya\u015fas\u0131n \u00f6zg\u00fcrl\u00fck\u00e7\u00fc demokrasi. Ya\u015fas\u0131n demokratik T\u00fcrkiye. Kahrolsun otokrasi&#8221; sloganlar\u0131 att\u0131.<\/p>\n<p>Aksoy, AK Parti \u00fcyesi olmad\u0131\u011f\u0131n\u0131, DEVA Partisi Kurucular Kurulu \u00fcyesi oldu\u011funu s\u00f6yledi.<\/p>\n<p>TBMM Ba\u015fkanvekili Celal Adan, birle\u015fime ara verdi. Daha sonra bas\u0131n locas\u0131na gelen TBMM Koruma Daire Ba\u015fkan\u0131 Ahmet Birtan Erol, Aksoy&#8217;u, &#8220;Genel Kurul kurallar\u0131 gere\u011fi burada durman\u0131z m\u00fcmk\u00fcn de\u011fil&#8221; diye uyararak kendisini Genel Kurul Salonu d\u0131\u015f\u0131na davet etti.<\/p>\n<p>Kocaeli 2\u2019nci A\u011f\u0131r Ceza Mahkemesi, Gergerlio\u011flu\u2019nun milletvekili olmad\u0131\u011f\u0131 d\u00f6nemdeki Twitter payla\u015f\u0131m\u0131 nedeniyle, 2018\u2019deki karar\u0131nda \u2018PKK propagandas\u0131\u2019 su\u00e7undan iki y\u0131l alt\u0131 ay hapis cezas\u0131 vermi\u015fti.<\/p>\n<p>\u0130stinaf\u0131n karar\u0131 hukuka uygun bulmas\u0131n\u0131n ard\u0131ndan dosyay\u0131 de\u011ferlendiren Yarg\u0131tay 16\u2019nc\u0131 Ceza Dairesi, 19 \u015eubat\u2019ta cezay\u0131 onam\u0131\u015ft\u0131. Bunun \u00fczerine, dokunulmazl\u0131\u011f\u0131 bulunan Gergerlio\u011flu i\u00e7in haz\u0131rlanan fezleke 11 Mart\u2019ta Meclis Ba\u015fkanl\u0131\u011f\u0131\u2019na g\u00f6nderilmi\u015fti.<\/p>\n<p><em><strong>(Ajanslar)<\/strong><\/em><\/p>\n<p><em><strong>http:\/\/www.agos.com.tr\/tr\/yazi\/25451\/gergerlioglu-nun-milletvekilligi-dusuruldu\u00a0<\/strong><\/em><\/p>\n","protected":false},"excerpt":{"rendered":"<p>HDP milletvekili \u00d6mer Faruk Gergerlio\u011flu hakk\u0131nda verilen hapis cezas\u0131 bug\u00fcn Meclis Genel Kurulu\u2019nda okundu. Bunun sonucunda Gergerlio\u011flu\u2019nun vekilli\u011fi d\u00fc\u015fm\u00fc\u015f oldu. Kararla, HDP\u2019nin Meclis\u2019teki sandalye say\u0131s\u0131 55\u2019e indi. HDP\u2019nin karara ilk tepkisi \u201c\u00d6mer Faruk Gergerlio\u011flu\u2019nun vekilli\u011finin d\u00fc\u015f\u00fcr\u00fclmesini, halk iradesinin gasp\u0131n\u0131 kabul etmiyoruz\u201d oldu. Gergerlio\u011flu ise Twitter hesab\u0131nda \u015funlar\u0131 yazd\u0131: \u201cTBMM\u2019ye darbeye kar\u015f\u0131 direnece\u011fim, milletin iradesi ayaklar [&hellip;]<\/p>\n","protected":false},"author":7,"featured_media":61924,"comment_status":"open","ping_status":"open","sticky":false,"template":"","format":"standard","meta":{"footnotes":""},"categories":[1],"tags":[],"class_list":["post-61923","post","type-post","status-publish","format-standard","has-post-thumbnail","hentry","category-haberler"],"yoast_head":"<!-- This site is optimized with the Yoast SEO plugin v27.4 - https:\/\/yoast.com\/product\/yoast-seo-wordpress\/ -->\n<title>Gergerlio\u011flu&#039;nun milletvekilli\u011fi d\u00fc\u015f\u00fcr\u00fcld\u00fc - Bati Ermenistan Ve Bati Ermenileri Sorunlari Ara\u015ftirmalar Merkezi<\/title>\n<meta name=\"robots\" content=\"index, follow, max-snippet:-1, max-image-preview:large, max-video-preview:-1\" \/>\n<link rel=\"canonical\" href=\"https:\/\/akunq.net\/tr\/?p=61923\" \/>\n<meta property=\"og:locale\" content=\"en_US\" \/>\n<meta property=\"og:type\" content=\"article\" \/>\n<meta property=\"og:title\" content=\"Gergerlio\u011flu&#039;nun milletvekilli\u011fi d\u00fc\u015f\u00fcr\u00fcld\u00fc - Bati Ermenistan Ve Bati Ermenileri Sorunlari Ara\u015ftirmalar Merkezi\" \/>\n<meta property=\"og:description\" content=\"HDP milletvekili \u00d6mer Faruk Gergerlio\u011flu hakk\u0131nda verilen hapis cezas\u0131 bug\u00fcn Meclis Genel Kurulu\u2019nda okundu. Bunun sonucunda Gergerlio\u011flu\u2019nun vekilli\u011fi d\u00fc\u015fm\u00fc\u015f oldu. Kararla, HDP\u2019nin Meclis\u2019teki sandalye say\u0131s\u0131 55\u2019e indi. HDP\u2019nin karara ilk tepkisi \u201c\u00d6mer Faruk Gergerlio\u011flu\u2019nun vekilli\u011finin d\u00fc\u015f\u00fcr\u00fclmesini, halk iradesinin gasp\u0131n\u0131 kabul etmiyoruz\u201d oldu. Gergerlio\u011flu ise Twitter hesab\u0131nda \u015funlar\u0131 yazd\u0131: \u201cTBMM\u2019ye darbeye kar\u015f\u0131 direnece\u011fim, milletin iradesi ayaklar [&hellip;]\" \/>\n<meta property=\"og:url\" content=\"https:\/\/akunq.net\/tr\/?p=61923\" \/>\n<meta property=\"og:site_name\" content=\"Bati Ermenistan Ve Bati Ermenileri Sorunlari Ara\u015ftirmalar Merkezi\" \/>\n<meta property=\"article:published_time\" content=\"2021-03-18T08:26:10+00:00\" \/>\n<meta property=\"og:image\" content=\"https:\/\/akunq.net\/tr\/wp-content\/uploads\/sites\/6\/2021\/03\/Gergerlio\u011flunun-milletvekilli\u011fi.jpeg\" \/>\n\t<meta property=\"og:image:width\" content=\"2048\" \/>\n\t<meta property=\"og:image:height\" content=\"1152\" \/>\n\t<meta property=\"og:image:type\" content=\"image\/jpeg\" \/>\n<meta name=\"author\" content=\"admin\" \/>\n<meta name=\"twitter:card\" content=\"summary_large_image\" \/>\n<meta name=\"twitter:label1\" content=\"Written by\" \/>\n\t<meta name=\"twitter:data1\" content=\"admin\" \/>\n\t<meta name=\"twitter:label2\" content=\"Est. reading time\" \/>\n\t<meta name=\"twitter:data2\" content=\"3 minutes\" \/>\n<script type=\"application\/ld+json\" class=\"yoast-schema-graph\">{\"@context\":\"https:\\\/\\\/schema.org\",\"@graph\":[{\"@type\":\"Article\",\"@id\":\"https:\\\/\\\/akunq.net\\\/tr\\\/?p=61923#article\",\"isPartOf\":{\"@id\":\"https:\\\/\\\/akunq.net\\\/tr\\\/?p=61923\"},\"author\":{\"name\":\"admin\",\"@id\":\"https:\\\/\\\/akunq.net\\\/tr\\\/#\\\/schema\\\/person\\\/096f1d38a12cce57fb855b485ed24c9e\"},\"headline\":\"Gergerlio\u011flu&#8217;nun milletvekilli\u011fi d\u00fc\u015f\u00fcr\u00fcld\u00fc\",\"datePublished\":\"2021-03-18T08:26:10+00:00\",\"mainEntityOfPage\":{\"@id\":\"https:\\\/\\\/akunq.net\\\/tr\\\/?p=61923\"},\"wordCount\":651,\"commentCount\":0,\"image\":{\"@id\":\"https:\\\/\\\/akunq.net\\\/tr\\\/?p=61923#primaryimage\"},\"thumbnailUrl\":\"https:\\\/\\\/akunq.net\\\/tr\\\/wp-content\\\/uploads\\\/sites\\\/6\\\/2021\\\/03\\\/Gergerlio\u011flunun-milletvekilli\u011fi.jpeg\",\"articleSection\":[\"Haberler\"],\"inLanguage\":\"en-US\",\"potentialAction\":[{\"@type\":\"CommentAction\",\"name\":\"Comment\",\"target\":[\"https:\\\/\\\/akunq.net\\\/tr\\\/?p=61923#respond\"]}]},{\"@type\":\"WebPage\",\"@id\":\"https:\\\/\\\/akunq.net\\\/tr\\\/?p=61923\",\"url\":\"https:\\\/\\\/akunq.net\\\/tr\\\/?p=61923\",\"name\":\"Gergerlio\u011flu'nun milletvekilli\u011fi d\u00fc\u015f\u00fcr\u00fcld\u00fc - Bati Ermenistan Ve Bati Ermenileri Sorunlari Ara\u015ftirmalar Merkezi\",\"isPartOf\":{\"@id\":\"https:\\\/\\\/akunq.net\\\/tr\\\/#website\"},\"primaryImageOfPage\":{\"@id\":\"https:\\\/\\\/akunq.net\\\/tr\\\/?p=61923#primaryimage\"},\"image\":{\"@id\":\"https:\\\/\\\/akunq.net\\\/tr\\\/?p=61923#primaryimage\"},\"thumbnailUrl\":\"https:\\\/\\\/akunq.net\\\/tr\\\/wp-content\\\/uploads\\\/sites\\\/6\\\/2021\\\/03\\\/Gergerlio\u011flunun-milletvekilli\u011fi.jpeg\",\"datePublished\":\"2021-03-18T08:26:10+00:00\",\"author\":{\"@id\":\"https:\\\/\\\/akunq.net\\\/tr\\\/#\\\/schema\\\/person\\\/096f1d38a12cce57fb855b485ed24c9e\"},\"breadcrumb\":{\"@id\":\"https:\\\/\\\/akunq.net\\\/tr\\\/?p=61923#breadcrumb\"},\"inLanguage\":\"en-US\",\"potentialAction\":[{\"@type\":\"ReadAction\",\"target\":[\"https:\\\/\\\/akunq.net\\\/tr\\\/?p=61923\"]}]},{\"@type\":\"ImageObject\",\"inLanguage\":\"en-US\",\"@id\":\"https:\\\/\\\/akunq.net\\\/tr\\\/?p=61923#primaryimage\",\"url\":\"https:\\\/\\\/akunq.net\\\/tr\\\/wp-content\\\/uploads\\\/sites\\\/6\\\/2021\\\/03\\\/Gergerlio\u011flunun-milletvekilli\u011fi.jpeg\",\"contentUrl\":\"https:\\\/\\\/akunq.net\\\/tr\\\/wp-content\\\/uploads\\\/sites\\\/6\\\/2021\\\/03\\\/Gergerlio\u011flunun-milletvekilli\u011fi.jpeg\",\"width\":2048,\"height\":1152},{\"@type\":\"BreadcrumbList\",\"@id\":\"https:\\\/\\\/akunq.net\\\/tr\\\/?p=61923#breadcrumb\",\"itemListElement\":[{\"@type\":\"ListItem\",\"position\":1,\"name\":\"Home\",\"item\":\"https:\\\/\\\/akunq.net\\\/tr\"},{\"@type\":\"ListItem\",\"position\":2,\"name\":\"Gergerlio\u011flu&#8217;nun milletvekilli\u011fi d\u00fc\u015f\u00fcr\u00fcld\u00fc\"}]},{\"@type\":\"WebSite\",\"@id\":\"https:\\\/\\\/akunq.net\\\/tr\\\/#website\",\"url\":\"https:\\\/\\\/akunq.net\\\/tr\\\/\",\"name\":\"Bati Ermenistan Ve Bati Ermenileri Sorunlari Ara\u015ftirmalar Merkezi\",\"description\":\"\",\"potentialAction\":[{\"@type\":\"SearchAction\",\"target\":{\"@type\":\"EntryPoint\",\"urlTemplate\":\"https:\\\/\\\/akunq.net\\\/tr\\\/?s={search_term_string}\"},\"query-input\":{\"@type\":\"PropertyValueSpecification\",\"valueRequired\":true,\"valueName\":\"search_term_string\"}}],\"inLanguage\":\"en-US\"},{\"@type\":\"Person\",\"@id\":\"https:\\\/\\\/akunq.net\\\/tr\\\/#\\\/schema\\\/person\\\/096f1d38a12cce57fb855b485ed24c9e\",\"name\":\"admin\",\"url\":\"https:\\\/\\\/akunq.net\\\/tr\\\/?author=7\"}]}<\/script>\n<!-- \/ Yoast SEO plugin. -->","yoast_head_json":{"title":"Gergerlio\u011flu'nun milletvekilli\u011fi d\u00fc\u015f\u00fcr\u00fcld\u00fc - Bati Ermenistan Ve Bati Ermenileri Sorunlari Ara\u015ftirmalar Merkezi","robots":{"index":"index","follow":"follow","max-snippet":"max-snippet:-1","max-image-preview":"max-image-preview:large","max-video-preview":"max-video-preview:-1"},"canonical":"https:\/\/akunq.net\/tr\/?p=61923","og_locale":"en_US","og_type":"article","og_title":"Gergerlio\u011flu'nun milletvekilli\u011fi d\u00fc\u015f\u00fcr\u00fcld\u00fc - Bati Ermenistan Ve Bati Ermenileri Sorunlari Ara\u015ftirmalar Merkezi","og_description":"HDP milletvekili \u00d6mer Faruk Gergerlio\u011flu hakk\u0131nda verilen hapis cezas\u0131 bug\u00fcn Meclis Genel Kurulu\u2019nda okundu. Bunun sonucunda Gergerlio\u011flu\u2019nun vekilli\u011fi d\u00fc\u015fm\u00fc\u015f oldu. Kararla, HDP\u2019nin Meclis\u2019teki sandalye say\u0131s\u0131 55\u2019e indi. HDP\u2019nin karara ilk tepkisi \u201c\u00d6mer Faruk Gergerlio\u011flu\u2019nun vekilli\u011finin d\u00fc\u015f\u00fcr\u00fclmesini, halk iradesinin gasp\u0131n\u0131 kabul etmiyoruz\u201d oldu. Gergerlio\u011flu ise Twitter hesab\u0131nda \u015funlar\u0131 yazd\u0131: \u201cTBMM\u2019ye darbeye kar\u015f\u0131 direnece\u011fim, milletin iradesi ayaklar [&hellip;]","og_url":"https:\/\/akunq.net\/tr\/?p=61923","og_site_name":"Bati Ermenistan Ve Bati Ermenileri Sorunlari Ara\u015ftirmalar Merkezi","article_published_time":"2021-03-18T08:26:10+00:00","og_image":[{"width":2048,"height":1152,"url":"https:\/\/akunq.net\/tr\/wp-content\/uploads\/sites\/6\/2021\/03\/Gergerlio\u011flunun-milletvekilli\u011fi.jpeg","type":"image\/jpeg"}],"author":"admin","twitter_card":"summary_large_image","twitter_misc":{"Written by":"admin","Est. reading time":"3 minutes"},"schema":{"@context":"https:\/\/schema.org","@graph":[{"@type":"Article","@id":"https:\/\/akunq.net\/tr\/?p=61923#article","isPartOf":{"@id":"https:\/\/akunq.net\/tr\/?p=61923"},"author":{"name":"admin","@id":"https:\/\/akunq.net\/tr\/#\/schema\/person\/096f1d38a12cce57fb855b485ed24c9e"},"headline":"Gergerlio\u011flu&#8217;nun milletvekilli\u011fi d\u00fc\u015f\u00fcr\u00fcld\u00fc","datePublished":"2021-03-18T08:26:10+00:00","mainEntityOfPage":{"@id":"https:\/\/akunq.net\/tr\/?p=61923"},"wordCount":651,"commentCount":0,"image":{"@id":"https:\/\/akunq.net\/tr\/?p=61923#primaryimage"},"thumbnailUrl":"https:\/\/akunq.net\/tr\/wp-content\/uploads\/sites\/6\/2021\/03\/Gergerlio\u011flunun-milletvekilli\u011fi.jpeg","articleSection":["Haberler"],"inLanguage":"en-US","potentialAction":[{"@type":"CommentAction","name":"Comment","target":["https:\/\/akunq.net\/tr\/?p=61923#respond"]}]},{"@type":"WebPage","@id":"https:\/\/akunq.net\/tr\/?p=61923","url":"https:\/\/akunq.net\/tr\/?p=61923","name":"Gergerlio\u011flu'nun milletvekilli\u011fi d\u00fc\u015f\u00fcr\u00fcld\u00fc - Bati Ermenistan Ve Bati Ermenileri Sorunlari Ara\u015ftirmalar Merkezi","isPartOf":{"@id":"https:\/\/akunq.net\/tr\/#website"},"primaryImageOfPage":{"@id":"https:\/\/akunq.net\/tr\/?p=61923#primaryimage"},"image":{"@id":"https:\/\/akunq.net\/tr\/?p=61923#primaryimage"},"thumbnailUrl":"https:\/\/akunq.net\/tr\/wp-content\/uploads\/sites\/6\/2021\/03\/Gergerlio\u011flunun-milletvekilli\u011fi.jpeg","datePublished":"2021-03-18T08:26:10+00:00","author":{"@id":"https:\/\/akunq.net\/tr\/#\/schema\/person\/096f1d38a12cce57fb855b485ed24c9e"},"breadcrumb":{"@id":"https:\/\/akunq.net\/tr\/?p=61923#breadcrumb"},"inLanguage":"en-US","potentialAction":[{"@type":"ReadAction","target":["https:\/\/akunq.net\/tr\/?p=61923"]}]},{"@type":"ImageObject","inLanguage":"en-US","@id":"https:\/\/akunq.net\/tr\/?p=61923#primaryimage","url":"https:\/\/akunq.net\/tr\/wp-content\/uploads\/sites\/6\/2021\/03\/Gergerlio\u011flunun-milletvekilli\u011fi.jpeg","contentUrl":"https:\/\/akunq.net\/tr\/wp-content\/uploads\/sites\/6\/2021\/03\/Gergerlio\u011flunun-milletvekilli\u011fi.jpeg","width":2048,"height":1152},{"@type":"BreadcrumbList","@id":"https:\/\/akunq.net\/tr\/?p=61923#breadcrumb","itemListElement":[{"@type":"ListItem","position":1,"name":"Home","item":"https:\/\/akunq.net\/tr"},{"@type":"ListItem","position":2,"name":"Gergerlio\u011flu&#8217;nun milletvekilli\u011fi d\u00fc\u015f\u00fcr\u00fcld\u00fc"}]},{"@type":"WebSite","@id":"https:\/\/akunq.net\/tr\/#website","url":"https:\/\/akunq.net\/tr\/","name":"Bati Ermenistan Ve Bati Ermenileri Sorunlari Ara\u015ftirmalar Merkezi","description":"","potentialAction":[{"@type":"SearchAction","target":{"@type":"EntryPoint","urlTemplate":"https:\/\/akunq.net\/tr\/?s={search_term_string}"},"query-input":{"@type":"PropertyValueSpecification","valueRequired":true,"valueName":"search_term_string"}}],"inLanguage":"en-US"},{"@type":"Person","@id":"https:\/\/akunq.net\/tr\/#\/schema\/person\/096f1d38a12cce57fb855b485ed24c9e","name":"admin","url":"https:\/\/akunq.net\/tr\/?author=7"}]}},"_links":{"self":[{"href":"https:\/\/akunq.net\/tr\/index.php?rest_route=\/wp\/v2\/posts\/61923","targetHints":{"allow":["GET"]}}],"collection":[{"href":"https:\/\/akunq.net\/tr\/index.php?rest_route=\/wp\/v2\/posts"}],"about":[{"href":"https:\/\/akunq.net\/tr\/index.php?rest_route=\/wp\/v2\/types\/post"}],"author":[{"embeddable":true,"href":"https:\/\/akunq.net\/tr\/index.php?rest_route=\/wp\/v2\/users\/7"}],"replies":[{"embeddable":true,"href":"https:\/\/akunq.net\/tr\/index.php?rest_route=%2Fwp%2Fv2%2Fcomments&post=61923"}],"version-history":[{"count":1,"href":"https:\/\/akunq.net\/tr\/index.php?rest_route=\/wp\/v2\/posts\/61923\/revisions"}],"predecessor-version":[{"id":61925,"href":"https:\/\/akunq.net\/tr\/index.php?rest_route=\/wp\/v2\/posts\/61923\/revisions\/61925"}],"wp:featuredmedia":[{"embeddable":true,"href":"https:\/\/akunq.net\/tr\/index.php?rest_route=\/wp\/v2\/media\/61924"}],"wp:attachment":[{"href":"https:\/\/akunq.net\/tr\/index.php?rest_route=%2Fwp%2Fv2%2Fmedia&parent=61923"}],"wp:term":[{"taxonomy":"category","embeddable":true,"href":"https:\/\/akunq.net\/tr\/index.php?rest_route=%2Fwp%2Fv2%2Fcategories&post=61923"},{"taxonomy":"post_tag","embeddable":true,"href":"https:\/\/akunq.net\/tr\/index.php?rest_route=%2Fwp%2Fv2%2Ftags&post=61923"}],"curies":[{"name":"wp","href":"https:\/\/api.w.org\/{rel}","templated":true}]}}