{"id":61905,"date":"2021-03-17T01:54:50","date_gmt":"2021-03-17T06:54:50","guid":{"rendered":"https:\/\/akunq.net\/tr\/?p=61905"},"modified":"2021-03-17T01:54:50","modified_gmt":"2021-03-17T06:54:50","slug":"bizans-doneminden-kalma-tarihi-kiliseli-tuccar-handa-restorasyon","status":"publish","type":"post","link":"https:\/\/akunq.net\/tr\/?p=61905","title":{"rendered":"Bizans d\u00f6neminden kalma tarihi Kiliseli T\u00fcccar Han\u2019da restorasyon"},"content":{"rendered":"<p><img loading=\"lazy\" decoding=\"async\" class=\"aligncenter size-medium wp-image-61906\" src=\"https:\/\/akunq.net\/tr\/wp-content\/uploads\/2021\/03\/Kiliseli-T\u00fcccar-Han-360x203.jpg\" alt=\"\" width=\"360\" height=\"203\" srcset=\"https:\/\/akunq.net\/tr\/wp-content\/uploads\/sites\/6\/2021\/03\/Kiliseli-T\u00fcccar-Han-360x203.jpg 360w, https:\/\/akunq.net\/tr\/wp-content\/uploads\/sites\/6\/2021\/03\/Kiliseli-T\u00fcccar-Han-560x315.jpg 560w, https:\/\/akunq.net\/tr\/wp-content\/uploads\/sites\/6\/2021\/03\/Kiliseli-T\u00fcccar-Han-260x146.jpg 260w, https:\/\/akunq.net\/tr\/wp-content\/uploads\/sites\/6\/2021\/03\/Kiliseli-T\u00fcccar-Han-160x90.jpg 160w, https:\/\/akunq.net\/tr\/wp-content\/uploads\/sites\/6\/2021\/03\/Kiliseli-T\u00fcccar-Han.jpg 750w\" sizes=\"auto, (max-width: 360px) 100vw, 360px\" \/><\/p>\n<p><em><strong>Bolu\u2019nun Gerede il\u00e7esinde Bizans d\u00f6nemine ait ilk ticaret merkezi olan tarihi Kiliseli T\u00fcccar Han, zaman\u0131n mimarisinin birle\u015fimiyle harmanlanarak restore edilmeye ba\u015fland\u0131. Tarihi han, duvar\u0131ndaki Arap\u00e7a Allah yaz\u0131s\u0131 ve ha\u00e7 i\u015faretiyle dikkat \u00e7ekiyor. Bu y\u0131l i\u00e7erisinde hizmete girecek tarihi han i\u00e7erisinde 25 odal\u0131 butik otel de yer alacak.<\/strong><\/em><\/p>\n<p>Gerede il\u00e7e merkezindeki, \u00e7\u00f6kme noktas\u0131na gelen Bizans d\u00f6neminden kalma Kiliseli T\u00fcccar Han\u2019\u0131n eski g\u00f6r\u00fcn\u00fcm\u00fcne kavu\u015fmas\u0131 i\u00e7in \u00e7al\u0131\u015fma ba\u015flat\u0131ld\u0131. Y\u0131llar s\u00fcren proje ve onay s\u00fcre\u00e7lerinin ard\u0131ndan, tarihi handa restorasyon \u00e7al\u0131\u015fmas\u0131 ba\u015flat\u0131ld\u0131. Yap\u0131lan \u00e7al\u0131\u015fmalar kapsam\u0131nda, 1970\u2019lerde binan\u0131n d\u0131\u015f\u0131na yap\u0131lan badana \u00f6zenle kald\u0131r\u0131larak orijinal ta\u015flar ortaya \u00e7\u0131kart\u0131ld\u0131. Restorasyon \u00e7al\u0131\u015fmalar\u0131n\u0131n yan\u0131 s\u0131ra, han\u0131n i\u00e7erisine a\u00e7\u0131l\u0131r kapan\u0131r cam tavan konuldu. Tarihi dokusu bozulmadan yap\u0131lan restorasyonun ard\u0131ndan han\u0131n i\u00e7erisinde 25 odal\u0131 butik otel hizmet verecek. Tarihi han tamamland\u0131\u011f\u0131nda \u00fcst katlar\u0131 butik otel, alt katlar\u0131 ise lokanta, kafeterya ve y\u00f6resel \u00fcr\u00fcn ticaret merkezi olacak. D\u0131\u015f duvar\u0131nda Arap\u00e7a Allah yaz\u0131s\u0131n\u0131n yan\u0131 s\u0131ra ha\u00e7 i\u015fareti bulunan handaki \u00e7al\u0131\u015fmalar bu y\u0131l i\u00e7erisinde tamamlanacak.<\/p>\n<hr \/>\n<p><em><strong>Murat K\u00dc\u00c7\u00dcK\/GEREDE\u00a0 \u00a0<\/strong><\/em><\/p>\n<p><em><strong><a href=\"https:\/\/www.hurriyet.com.tr\/gundem\/bizans-doneminden-kalma-tarihi-kiliseli-tuccar-handa-restorasyon-41764208\" target=\"_blank\" rel=\"noopener noreferrer\">H\u00fcrriyet Gazetesi<\/a><\/strong><\/em><\/p>\n","protected":false},"excerpt":{"rendered":"<p>Bolu\u2019nun Gerede il\u00e7esinde Bizans d\u00f6nemine ait ilk ticaret merkezi olan tarihi Kiliseli T\u00fcccar Han, zaman\u0131n mimarisinin birle\u015fimiyle harmanlanarak restore edilmeye ba\u015fland\u0131. Tarihi han, duvar\u0131ndaki Arap\u00e7a Allah yaz\u0131s\u0131 ve ha\u00e7 i\u015faretiyle dikkat \u00e7ekiyor. Bu y\u0131l i\u00e7erisinde hizmete girecek tarihi han i\u00e7erisinde 25 odal\u0131 butik otel de yer alacak. Gerede il\u00e7e merkezindeki, \u00e7\u00f6kme noktas\u0131na gelen Bizans d\u00f6neminden [&hellip;]<\/p>\n","protected":false},"author":7,"featured_media":61906,"comment_status":"open","ping_status":"open","sticky":false,"template":"","format":"standard","meta":{"footnotes":""},"categories":[1],"tags":[],"class_list":["post-61905","post","type-post","status-publish","format-standard","has-post-thumbnail","hentry","category-haberler"],"yoast_head":"<!-- This site is optimized with the Yoast SEO plugin v27.4 - https:\/\/yoast.com\/product\/yoast-seo-wordpress\/ -->\n<title>Bizans d\u00f6neminden kalma tarihi Kiliseli T\u00fcccar Han\u2019da restorasyon - Bati Ermenistan Ve Bati Ermenileri Sorunlari Ara\u015ftirmalar Merkezi<\/title>\n<meta name=\"robots\" content=\"index, follow, max-snippet:-1, max-image-preview:large, max-video-preview:-1\" \/>\n<link rel=\"canonical\" href=\"https:\/\/akunq.net\/tr\/?p=61905\" \/>\n<meta property=\"og:locale\" content=\"en_US\" \/>\n<meta property=\"og:type\" content=\"article\" \/>\n<meta property=\"og:title\" content=\"Bizans d\u00f6neminden kalma tarihi Kiliseli T\u00fcccar Han\u2019da restorasyon - Bati Ermenistan Ve Bati Ermenileri Sorunlari Ara\u015ftirmalar Merkezi\" \/>\n<meta property=\"og:description\" content=\"Bolu\u2019nun Gerede il\u00e7esinde Bizans d\u00f6nemine ait ilk ticaret merkezi olan tarihi Kiliseli T\u00fcccar Han, zaman\u0131n mimarisinin birle\u015fimiyle harmanlanarak restore edilmeye ba\u015fland\u0131. Tarihi han, duvar\u0131ndaki Arap\u00e7a Allah yaz\u0131s\u0131 ve ha\u00e7 i\u015faretiyle dikkat \u00e7ekiyor. Bu y\u0131l i\u00e7erisinde hizmete girecek tarihi han i\u00e7erisinde 25 odal\u0131 butik otel de yer alacak. Gerede il\u00e7e merkezindeki, \u00e7\u00f6kme noktas\u0131na gelen Bizans d\u00f6neminden [&hellip;]\" \/>\n<meta property=\"og:url\" content=\"https:\/\/akunq.net\/tr\/?p=61905\" \/>\n<meta property=\"og:site_name\" content=\"Bati Ermenistan Ve Bati Ermenileri Sorunlari Ara\u015ftirmalar Merkezi\" \/>\n<meta property=\"article:published_time\" content=\"2021-03-17T06:54:50+00:00\" \/>\n<meta property=\"og:image\" content=\"https:\/\/akunq.net\/tr\/wp-content\/uploads\/sites\/6\/2021\/03\/Kiliseli-T\u00fcccar-Han.jpg\" \/>\n\t<meta property=\"og:image:width\" content=\"750\" \/>\n\t<meta property=\"og:image:height\" content=\"422\" \/>\n\t<meta property=\"og:image:type\" content=\"image\/jpeg\" \/>\n<meta name=\"author\" content=\"admin\" \/>\n<meta name=\"twitter:card\" content=\"summary_large_image\" \/>\n<meta name=\"twitter:label1\" content=\"Written by\" \/>\n\t<meta name=\"twitter:data1\" content=\"admin\" \/>\n\t<meta name=\"twitter:label2\" content=\"Est. reading time\" \/>\n\t<meta name=\"twitter:data2\" content=\"1 minute\" \/>\n<script type=\"application\/ld+json\" class=\"yoast-schema-graph\">{\"@context\":\"https:\\\/\\\/schema.org\",\"@graph\":[{\"@type\":\"Article\",\"@id\":\"https:\\\/\\\/akunq.net\\\/tr\\\/?p=61905#article\",\"isPartOf\":{\"@id\":\"https:\\\/\\\/akunq.net\\\/tr\\\/?p=61905\"},\"author\":{\"name\":\"admin\",\"@id\":\"https:\\\/\\\/akunq.net\\\/tr\\\/#\\\/schema\\\/person\\\/096f1d38a12cce57fb855b485ed24c9e\"},\"headline\":\"Bizans d\u00f6neminden kalma tarihi Kiliseli T\u00fcccar Han\u2019da restorasyon\",\"datePublished\":\"2021-03-17T06:54:50+00:00\",\"mainEntityOfPage\":{\"@id\":\"https:\\\/\\\/akunq.net\\\/tr\\\/?p=61905\"},\"wordCount\":238,\"commentCount\":0,\"image\":{\"@id\":\"https:\\\/\\\/akunq.net\\\/tr\\\/?p=61905#primaryimage\"},\"thumbnailUrl\":\"https:\\\/\\\/akunq.net\\\/tr\\\/wp-content\\\/uploads\\\/sites\\\/6\\\/2021\\\/03\\\/Kiliseli-T\u00fcccar-Han.jpg\",\"articleSection\":[\"Haberler\"],\"inLanguage\":\"en-US\",\"potentialAction\":[{\"@type\":\"CommentAction\",\"name\":\"Comment\",\"target\":[\"https:\\\/\\\/akunq.net\\\/tr\\\/?p=61905#respond\"]}]},{\"@type\":\"WebPage\",\"@id\":\"https:\\\/\\\/akunq.net\\\/tr\\\/?p=61905\",\"url\":\"https:\\\/\\\/akunq.net\\\/tr\\\/?p=61905\",\"name\":\"Bizans d\u00f6neminden kalma tarihi Kiliseli T\u00fcccar Han\u2019da restorasyon - Bati Ermenistan Ve Bati Ermenileri Sorunlari Ara\u015ftirmalar Merkezi\",\"isPartOf\":{\"@id\":\"https:\\\/\\\/akunq.net\\\/tr\\\/#website\"},\"primaryImageOfPage\":{\"@id\":\"https:\\\/\\\/akunq.net\\\/tr\\\/?p=61905#primaryimage\"},\"image\":{\"@id\":\"https:\\\/\\\/akunq.net\\\/tr\\\/?p=61905#primaryimage\"},\"thumbnailUrl\":\"https:\\\/\\\/akunq.net\\\/tr\\\/wp-content\\\/uploads\\\/sites\\\/6\\\/2021\\\/03\\\/Kiliseli-T\u00fcccar-Han.jpg\",\"datePublished\":\"2021-03-17T06:54:50+00:00\",\"author\":{\"@id\":\"https:\\\/\\\/akunq.net\\\/tr\\\/#\\\/schema\\\/person\\\/096f1d38a12cce57fb855b485ed24c9e\"},\"breadcrumb\":{\"@id\":\"https:\\\/\\\/akunq.net\\\/tr\\\/?p=61905#breadcrumb\"},\"inLanguage\":\"en-US\",\"potentialAction\":[{\"@type\":\"ReadAction\",\"target\":[\"https:\\\/\\\/akunq.net\\\/tr\\\/?p=61905\"]}]},{\"@type\":\"ImageObject\",\"inLanguage\":\"en-US\",\"@id\":\"https:\\\/\\\/akunq.net\\\/tr\\\/?p=61905#primaryimage\",\"url\":\"https:\\\/\\\/akunq.net\\\/tr\\\/wp-content\\\/uploads\\\/sites\\\/6\\\/2021\\\/03\\\/Kiliseli-T\u00fcccar-Han.jpg\",\"contentUrl\":\"https:\\\/\\\/akunq.net\\\/tr\\\/wp-content\\\/uploads\\\/sites\\\/6\\\/2021\\\/03\\\/Kiliseli-T\u00fcccar-Han.jpg\",\"width\":750,\"height\":422},{\"@type\":\"BreadcrumbList\",\"@id\":\"https:\\\/\\\/akunq.net\\\/tr\\\/?p=61905#breadcrumb\",\"itemListElement\":[{\"@type\":\"ListItem\",\"position\":1,\"name\":\"Home\",\"item\":\"https:\\\/\\\/akunq.net\\\/tr\"},{\"@type\":\"ListItem\",\"position\":2,\"name\":\"Bizans d\u00f6neminden kalma tarihi Kiliseli T\u00fcccar Han\u2019da restorasyon\"}]},{\"@type\":\"WebSite\",\"@id\":\"https:\\\/\\\/akunq.net\\\/tr\\\/#website\",\"url\":\"https:\\\/\\\/akunq.net\\\/tr\\\/\",\"name\":\"Bati Ermenistan Ve Bati Ermenileri Sorunlari Ara\u015ftirmalar Merkezi\",\"description\":\"\",\"potentialAction\":[{\"@type\":\"SearchAction\",\"target\":{\"@type\":\"EntryPoint\",\"urlTemplate\":\"https:\\\/\\\/akunq.net\\\/tr\\\/?s={search_term_string}\"},\"query-input\":{\"@type\":\"PropertyValueSpecification\",\"valueRequired\":true,\"valueName\":\"search_term_string\"}}],\"inLanguage\":\"en-US\"},{\"@type\":\"Person\",\"@id\":\"https:\\\/\\\/akunq.net\\\/tr\\\/#\\\/schema\\\/person\\\/096f1d38a12cce57fb855b485ed24c9e\",\"name\":\"admin\",\"url\":\"https:\\\/\\\/akunq.net\\\/tr\\\/?author=7\"}]}<\/script>\n<!-- \/ Yoast SEO plugin. -->","yoast_head_json":{"title":"Bizans d\u00f6neminden kalma tarihi Kiliseli T\u00fcccar Han\u2019da restorasyon - Bati Ermenistan Ve Bati Ermenileri Sorunlari Ara\u015ftirmalar Merkezi","robots":{"index":"index","follow":"follow","max-snippet":"max-snippet:-1","max-image-preview":"max-image-preview:large","max-video-preview":"max-video-preview:-1"},"canonical":"https:\/\/akunq.net\/tr\/?p=61905","og_locale":"en_US","og_type":"article","og_title":"Bizans d\u00f6neminden kalma tarihi Kiliseli T\u00fcccar Han\u2019da restorasyon - Bati Ermenistan Ve Bati Ermenileri Sorunlari Ara\u015ftirmalar Merkezi","og_description":"Bolu\u2019nun Gerede il\u00e7esinde Bizans d\u00f6nemine ait ilk ticaret merkezi olan tarihi Kiliseli T\u00fcccar Han, zaman\u0131n mimarisinin birle\u015fimiyle harmanlanarak restore edilmeye ba\u015fland\u0131. Tarihi han, duvar\u0131ndaki Arap\u00e7a Allah yaz\u0131s\u0131 ve ha\u00e7 i\u015faretiyle dikkat \u00e7ekiyor. Bu y\u0131l i\u00e7erisinde hizmete girecek tarihi han i\u00e7erisinde 25 odal\u0131 butik otel de yer alacak. Gerede il\u00e7e merkezindeki, \u00e7\u00f6kme noktas\u0131na gelen Bizans d\u00f6neminden [&hellip;]","og_url":"https:\/\/akunq.net\/tr\/?p=61905","og_site_name":"Bati Ermenistan Ve Bati Ermenileri Sorunlari Ara\u015ftirmalar Merkezi","article_published_time":"2021-03-17T06:54:50+00:00","og_image":[{"width":750,"height":422,"url":"https:\/\/akunq.net\/tr\/wp-content\/uploads\/sites\/6\/2021\/03\/Kiliseli-T\u00fcccar-Han.jpg","type":"image\/jpeg"}],"author":"admin","twitter_card":"summary_large_image","twitter_misc":{"Written by":"admin","Est. reading time":"1 minute"},"schema":{"@context":"https:\/\/schema.org","@graph":[{"@type":"Article","@id":"https:\/\/akunq.net\/tr\/?p=61905#article","isPartOf":{"@id":"https:\/\/akunq.net\/tr\/?p=61905"},"author":{"name":"admin","@id":"https:\/\/akunq.net\/tr\/#\/schema\/person\/096f1d38a12cce57fb855b485ed24c9e"},"headline":"Bizans d\u00f6neminden kalma tarihi Kiliseli T\u00fcccar Han\u2019da restorasyon","datePublished":"2021-03-17T06:54:50+00:00","mainEntityOfPage":{"@id":"https:\/\/akunq.net\/tr\/?p=61905"},"wordCount":238,"commentCount":0,"image":{"@id":"https:\/\/akunq.net\/tr\/?p=61905#primaryimage"},"thumbnailUrl":"https:\/\/akunq.net\/tr\/wp-content\/uploads\/sites\/6\/2021\/03\/Kiliseli-T\u00fcccar-Han.jpg","articleSection":["Haberler"],"inLanguage":"en-US","potentialAction":[{"@type":"CommentAction","name":"Comment","target":["https:\/\/akunq.net\/tr\/?p=61905#respond"]}]},{"@type":"WebPage","@id":"https:\/\/akunq.net\/tr\/?p=61905","url":"https:\/\/akunq.net\/tr\/?p=61905","name":"Bizans d\u00f6neminden kalma tarihi Kiliseli T\u00fcccar Han\u2019da restorasyon - Bati Ermenistan Ve Bati Ermenileri Sorunlari Ara\u015ftirmalar Merkezi","isPartOf":{"@id":"https:\/\/akunq.net\/tr\/#website"},"primaryImageOfPage":{"@id":"https:\/\/akunq.net\/tr\/?p=61905#primaryimage"},"image":{"@id":"https:\/\/akunq.net\/tr\/?p=61905#primaryimage"},"thumbnailUrl":"https:\/\/akunq.net\/tr\/wp-content\/uploads\/sites\/6\/2021\/03\/Kiliseli-T\u00fcccar-Han.jpg","datePublished":"2021-03-17T06:54:50+00:00","author":{"@id":"https:\/\/akunq.net\/tr\/#\/schema\/person\/096f1d38a12cce57fb855b485ed24c9e"},"breadcrumb":{"@id":"https:\/\/akunq.net\/tr\/?p=61905#breadcrumb"},"inLanguage":"en-US","potentialAction":[{"@type":"ReadAction","target":["https:\/\/akunq.net\/tr\/?p=61905"]}]},{"@type":"ImageObject","inLanguage":"en-US","@id":"https:\/\/akunq.net\/tr\/?p=61905#primaryimage","url":"https:\/\/akunq.net\/tr\/wp-content\/uploads\/sites\/6\/2021\/03\/Kiliseli-T\u00fcccar-Han.jpg","contentUrl":"https:\/\/akunq.net\/tr\/wp-content\/uploads\/sites\/6\/2021\/03\/Kiliseli-T\u00fcccar-Han.jpg","width":750,"height":422},{"@type":"BreadcrumbList","@id":"https:\/\/akunq.net\/tr\/?p=61905#breadcrumb","itemListElement":[{"@type":"ListItem","position":1,"name":"Home","item":"https:\/\/akunq.net\/tr"},{"@type":"ListItem","position":2,"name":"Bizans d\u00f6neminden kalma tarihi Kiliseli T\u00fcccar Han\u2019da restorasyon"}]},{"@type":"WebSite","@id":"https:\/\/akunq.net\/tr\/#website","url":"https:\/\/akunq.net\/tr\/","name":"Bati Ermenistan Ve Bati Ermenileri Sorunlari Ara\u015ftirmalar Merkezi","description":"","potentialAction":[{"@type":"SearchAction","target":{"@type":"EntryPoint","urlTemplate":"https:\/\/akunq.net\/tr\/?s={search_term_string}"},"query-input":{"@type":"PropertyValueSpecification","valueRequired":true,"valueName":"search_term_string"}}],"inLanguage":"en-US"},{"@type":"Person","@id":"https:\/\/akunq.net\/tr\/#\/schema\/person\/096f1d38a12cce57fb855b485ed24c9e","name":"admin","url":"https:\/\/akunq.net\/tr\/?author=7"}]}},"_links":{"self":[{"href":"https:\/\/akunq.net\/tr\/index.php?rest_route=\/wp\/v2\/posts\/61905","targetHints":{"allow":["GET"]}}],"collection":[{"href":"https:\/\/akunq.net\/tr\/index.php?rest_route=\/wp\/v2\/posts"}],"about":[{"href":"https:\/\/akunq.net\/tr\/index.php?rest_route=\/wp\/v2\/types\/post"}],"author":[{"embeddable":true,"href":"https:\/\/akunq.net\/tr\/index.php?rest_route=\/wp\/v2\/users\/7"}],"replies":[{"embeddable":true,"href":"https:\/\/akunq.net\/tr\/index.php?rest_route=%2Fwp%2Fv2%2Fcomments&post=61905"}],"version-history":[{"count":1,"href":"https:\/\/akunq.net\/tr\/index.php?rest_route=\/wp\/v2\/posts\/61905\/revisions"}],"predecessor-version":[{"id":61907,"href":"https:\/\/akunq.net\/tr\/index.php?rest_route=\/wp\/v2\/posts\/61905\/revisions\/61907"}],"wp:featuredmedia":[{"embeddable":true,"href":"https:\/\/akunq.net\/tr\/index.php?rest_route=\/wp\/v2\/media\/61906"}],"wp:attachment":[{"href":"https:\/\/akunq.net\/tr\/index.php?rest_route=%2Fwp%2Fv2%2Fmedia&parent=61905"}],"wp:term":[{"taxonomy":"category","embeddable":true,"href":"https:\/\/akunq.net\/tr\/index.php?rest_route=%2Fwp%2Fv2%2Fcategories&post=61905"},{"taxonomy":"post_tag","embeddable":true,"href":"https:\/\/akunq.net\/tr\/index.php?rest_route=%2Fwp%2Fv2%2Ftags&post=61905"}],"curies":[{"name":"wp","href":"https:\/\/api.w.org\/{rel}","templated":true}]}}