{"id":61902,"date":"2021-03-17T01:46:48","date_gmt":"2021-03-17T06:46:48","guid":{"rendered":"https:\/\/akunq.net\/tr\/?p=61902"},"modified":"2021-03-17T01:46:48","modified_gmt":"2021-03-17T06:46:48","slug":"andimiz-ve-benim-turklugum","status":"publish","type":"post","link":"https:\/\/akunq.net\/tr\/?p=61902","title":{"rendered":"And\u0131m\u0131z ve benim T\u00fcrkl\u00fc\u011f\u00fcm"},"content":{"rendered":"<p><img loading=\"lazy\" decoding=\"async\" class=\"aligncenter size-medium wp-image-61903\" src=\"https:\/\/akunq.net\/tr\/wp-content\/uploads\/2021\/03\/Eser-Karaka\u015f-360x208.jpg\" alt=\"\" width=\"360\" height=\"208\" srcset=\"https:\/\/akunq.net\/tr\/wp-content\/uploads\/sites\/6\/2021\/03\/Eser-Karaka\u015f-360x208.jpg 360w, https:\/\/akunq.net\/tr\/wp-content\/uploads\/sites\/6\/2021\/03\/Eser-Karaka\u015f-768x444.jpg 768w, https:\/\/akunq.net\/tr\/wp-content\/uploads\/sites\/6\/2021\/03\/Eser-Karaka\u015f-560x324.jpg 560w, https:\/\/akunq.net\/tr\/wp-content\/uploads\/sites\/6\/2021\/03\/Eser-Karaka\u015f-260x150.jpg 260w, https:\/\/akunq.net\/tr\/wp-content\/uploads\/sites\/6\/2021\/03\/Eser-Karaka\u015f-160x93.jpg 160w, https:\/\/akunq.net\/tr\/wp-content\/uploads\/sites\/6\/2021\/03\/Eser-Karaka\u015f.jpg 800w\" sizes=\"auto, (max-width: 360px) 100vw, 360px\" \/><\/p>\n<p class=\"post-title\"><strong>Eser Karaka\u015f<\/strong><\/p>\n<p><em><strong>T\u00fcrkl\u00fck, K\u00fcrtl\u00fck, Ermenilik, Rumluk vs. \u00f6nemli konulard\u0131r ama kamu hukukunun alan\u0131na girmemelidir. Vatanda\u015fl\u0131\u011f\u0131 sadece ve sadece hukuk \u00fczerinden tan\u0131mlamak bu kadar m\u0131 zordur?<\/strong><\/em><\/p>\n<p>T\u00fcrkiye\u2019de Dan\u0131\u015ftay Daireler Genel Kurulu ba\u011flay\u0131c\u0131 karar\u0131 sonras\u0131 ya\u015fanan \u201cAnd\u0131m\u0131z\u201d tart\u0131\u015fmas\u0131n\u0131 b\u00fcy\u00fck bir \u00fcz\u00fcnt\u00fc ile izliyorum.<\/p>\n<p>\u00dcz\u00fcnt\u00fcm\u00fcn iki temel nedeni var.<\/p>\n<p>Birincisi do\u011fup b\u00fcy\u00fcd\u00fc\u011f\u00fcm, \u00e7ok sevdi\u011fim T\u00fcrkiye\u2019nin seneler ge\u00e7mesine ra\u011fmen en temel konularda bile bir arpa boyu yol almakta zorlanmas\u0131.<\/p>\n<p>Her \u00fclkenin sorunlar\u0131 vard\u0131r ama baz\u0131 \u00fclkeler bu sorunlar\u0131 tek tek zor da olsa \u00e7\u00f6z\u00fcme kavu\u015fturarak ilerlerler, baz\u0131 \u00fclkeler ise en temel sorunlar\u0131 bile geride b\u0131rakamazlar ve adeta o sorunlarla beraber ya\u015famay\u0131 \u00f6\u011frenirler ama sorunlarla beraber ya\u015fama durumu \u00e7ok y\u0131prat\u0131c\u0131, fakirle\u015ftirici, \u00f6zg\u00fcrl\u00fckler kar\u015f\u0131t\u0131 bir durum.<\/p>\n<p>\u00dcz\u00fcnt\u00fcm\u00fcn ikinci nedeni de, yine bu \u201cAnd\u0131m\u0131z\u201d meselesinin tamamen hukuk d\u0131\u015f\u0131 bir mecrada tart\u0131\u015f\u0131lmas\u0131.<\/p>\n<p>Ben de \u201cAnd\u0131m\u0131z\u201d ile b\u00fcy\u00fcm\u00fc\u015f bir ku\u015fa\u011f\u0131n \u00fcyesiyim.<\/p>\n<p>And\u0131m\u0131z konusunu hukuk, anayasal vatanda\u015fl\u0131k a\u00e7\u0131lar\u0131ndan ve biraz da do\u011frudan kendim \u00fczerinden tart\u0131\u015fmak istiyorum.<\/p>\n<p>\u201cAnd\u0131m\u0131zda\u201d \u201cVarl\u0131\u011f\u0131m T\u00fcrk varl\u0131\u011f\u0131na arma\u011fan olsun\u201d diye \u00e7ok me\u015fhur bir ibare var.<\/p>\n<p>Tart\u0131\u015fma da zaten bu T\u00fcrk kelimesinin anlam\u0131 \u00fczerinden y\u00fcr\u00fcyor.<\/p>\n<p>Anayasam\u0131z\u0131n 66. Maddesinde \u201cT\u00fcrk devletine vatanda\u015fl\u0131k ba\u011f\u0131 ile ba\u011fl\u0131 olan herkes T\u00fcrkt\u00fcr\u201d diye bir ifade var ve bu maddeyi ve ideolojisini benimseyenler burada kullan\u0131lan T\u00fcrk kelimesinin etnik bir anlam\u0131 olmad\u0131\u011f\u0131n\u0131, T\u00fcrkiye devleti vatanda\u015f\u0131 anlam\u0131na geldi\u011fini savunuyorlar.<\/p>\n<p>Bu g\u00f6r\u00fc\u015fe destek olarak da Atat\u00fcrk\u2019\u00fcn \u00fcnl\u00fc \u201cT\u00fcrkiye Cumhuriyetini kuran T\u00fcrkiye halk\u0131na T\u00fcrk milleti denir\u201d ifadesini \u00f6ne \u00e7\u0131kar\u0131yorlar.<\/p>\n<p>Sayg\u0131 duyulmas\u0131 gereken bir yakla\u015f\u0131m.<\/p>\n<p>Ancak, ba\u015fka yakla\u015f\u0131mlar da e\u015fit \u00f6l\u00e7\u00fcde sayg\u0131nd\u0131rlar.<\/p>\n<p>Ben kendimi etno-k\u00fclt\u00fcrel aidiyet olarak T\u00fcrk g\u00f6renlerdenim ve bunun temel nedeni de anadilimin T\u00fcrk\u00e7e olmas\u0131 ve do\u011fup b\u00fcy\u00fcd\u00fc\u011f\u00fcm aile ortam\u0131nda da ana dilin hep T\u00fcrk\u00e7e olmas\u0131.<\/p>\n<p>Ana diliniz T\u00fcrk\u00e7e ise, anneniz size T\u00fcrk\u00e7e ninni s\u00f6ylemi\u015f ise, DNA, kafatas\u0131 analizleri sa\u00e7mad\u0131r, T\u00fcrks\u00fcn\u00fczd\u00fcr.<\/p>\n<p>Ben de anadilim T\u00fcrk\u00e7e oldu\u011fu i\u00e7in T\u00fcrk\u00fcm ama \u00e7ok net s\u00f6yl\u00fcyorum benim T\u00fcrkl\u00fc\u011f\u00fcm\u00fcn kamu hukuku ile bir ili\u015fkisi olamaz<\/p>\n<p>Ana diliniz K\u00fcrt\u00e7e ise de K\u00fcrts\u00fcn\u00fcz, ana diliniz Ermenice ise de Ermenisiniz, Arap\u00e7a ise Araps\u0131n\u0131z, Rumca ise de Rumsunuz.<\/p>\n<p>K\u00fcrtl\u00fc\u011f\u00fcn, Ermenili\u011fin, Rumlu\u011fun, Arapl\u0131\u011f\u0131n da kamu hukuku ile, anayasa ile, vatanda\u015fl\u0131k hukuk ile ili\u015fkisi olamaz; farkl\u0131 etno-k\u00fclt\u00fcrel aidiyetlerin anadillerinde \u00f6\u011fretim g\u00f6rme hakk\u0131 ise sakl\u0131d\u0131r.<\/p>\n<p>Kamu hukukunu, anayasay\u0131, vatanda\u015fl\u0131k hukukunu ilgilendiren yeg\u00e2ne konu anayasal anlamda vatanda\u015fl\u0131\u011f\u0131n\u0131zd\u0131r ve bu vatanda\u015fl\u0131\u011f\u0131n bir etno-k\u00fclt\u00fcrel aidiyete g\u00f6nderme yapan bir s\u0131fat\u0131 (T\u00fcrk ya da K\u00fcrt) olamaz.<\/p>\n<p>Ba\u015fka bir ifade ile de vatanda\u015f\u0131n vatanda\u015fl\u0131k s\u0131fat\u0131 asla bir kimli\u011fe g\u00f6nderme yapamaz.<\/p>\n<p>Bunun en ba\u015far\u0131l\u0131 \u00f6rne\u011fi B\u00fcy\u00fck Krall\u0131kt\u0131r, adada \u0130ngilizler, \u0130sko\u00e7lar, \u0130rlandal\u0131lar, Galliler vard\u0131r ama bu insanlar\u0131n pasaportunda \u0130ngiliz pasaportu yazmaz, \u201cBritish Passport\u201d yazar \u00e7\u00fcnk\u00fc \u201cBritish\u201d diye bir kimlik yoktur, British hukuki bir anlamd\u0131r adada.<\/p>\n<p>T\u00fcrkiye\u2019de ya\u015fanan B\u00fcy\u00fck Krall\u0131k\u2019ta ya\u015fansa pasaportun \u00fczerinde muhtemelen \u0130ngiliz pasaportu yazacakt\u0131.<\/p>\n<p>Kendim \u00fczerimden \u00f6rnek verece\u011fim demi\u015ftim yaz\u0131m\u0131n ba\u015f\u0131nda.<\/p>\n<p>Ben etno-k\u00fclt\u00fcrel aidiyet olarak T\u00fcrk\u00fcm ama Anayasan\u0131n 66. Maddesinde de vatanda\u015fl\u0131k anlam\u0131nda da T\u00fcrk\u00fcm.<\/p>\n<p>Ba\u015fka bir ifade ile de iki kez T\u00fcrk\u00fcm.<\/p>\n<p>Rahmetli Hrant ise etno-k\u00fclt\u00fcrel anlamda ermeni idi \u00e7\u00fcnk\u00fc anadili Ermenice idi ve Anayasan\u0131n 66. Maddesine g\u00f6re o da T\u00fcrkt\u00fc yani Ermeni T\u00fcrkt\u00fc; bu \u00fclkede milyonlarca bu \u015fekliyle K\u00fcrt T\u00fcrk de var.<\/p>\n<p>Bu \u00fclkede \u00e7ok can s\u0131k\u0131c\u0131 bir ifade vard\u0131r \u201cBu memleketin bir sahibi var\u201d diye.<\/p>\n<p>Peki, kimdir bu sahip?<\/p>\n<p>Mesela benim gibiler yani iki kez T\u00fcrk olanlar.<\/p>\n<p>Bu ifademe k\u0131zanlar bana b\u00fcrokraside, mesela vali olarak, kaymakam olarak, subay olarak anayasal olarak T\u00fcrk olmakla birlikte T\u00fcrkl\u00fck d\u0131\u015f\u0131nda bir etno-k\u00fclt\u00fcrel aidiyet sahibi olarak K\u00fcrt, Rum, Ermeni kimli\u011fini koruyan ve kendini b\u00f6yle tan\u0131mlayan bir ki\u015fi g\u00f6sterebilir misiniz?<\/p>\n<p>Ama, kendini T\u00fcrk olarak tan\u0131mlamak ise adeta bir ayr\u0131cal\u0131k b\u00fcrokraside, \u00f6yle de\u011fil mi?<\/p>\n<p>And\u0131m\u0131z\u0131 savunanlara \u015fu soruyu sormak laz\u0131m: Avrupa\u2019da mesela Almanya\u2019da Alman vatanda\u015fl\u0131\u011f\u0131 alm\u0131\u015f milyonlarca T\u00fcrkiye vatanda\u015f\u0131 T\u00fcrk ve K\u00fcrt var, bu insanlar\u0131n \u00e7ocuklar\u0131 var, o \u00e7ocuklara gittikleri alman mekteplerinde sabahlar\u0131 \u201cVarl\u0131\u011f\u0131m Alman varl\u0131\u011f\u0131na arma\u011fan olsun\u201d diye bir Alman and\u0131 okutsalar ve Alman yetkili de buradaki Alman kelimesi hukuksal bir konudur derse ne yapacaks\u0131n\u0131z?<\/p>\n<p>T\u00fcrkl\u00fck, K\u00fcrtl\u00fck, Ermenilik, Rumluk vs. \u00f6nemli konulard\u0131r ama kamu hukukunun alan\u0131na girmez, girmemelidir bu konular.<\/p>\n<p>Vatanda\u015fl\u0131\u011f\u0131 sadece ve sadece hukuk \u00fczerinden tan\u0131mlamak bu kadar m\u0131 zordur?<\/p>\n<hr \/>\n<p><em><strong><a href=\"https:\/\/artigercek.com\/yazarlar\/eserkarakas\/andimiz-ve-benim-turklugum\" target=\"_blank\" rel=\"noopener noreferrer\">Art\u0131 Ger\u00e7ek<\/a>\u00a0<\/strong><\/em><\/p>\n","protected":false},"excerpt":{"rendered":"<p>Eser Karaka\u015f T\u00fcrkl\u00fck, K\u00fcrtl\u00fck, Ermenilik, Rumluk vs. \u00f6nemli konulard\u0131r ama kamu hukukunun alan\u0131na girmemelidir. Vatanda\u015fl\u0131\u011f\u0131 sadece ve sadece hukuk \u00fczerinden tan\u0131mlamak bu kadar m\u0131 zordur? T\u00fcrkiye\u2019de Dan\u0131\u015ftay Daireler Genel Kurulu ba\u011flay\u0131c\u0131 karar\u0131 sonras\u0131 ya\u015fanan \u201cAnd\u0131m\u0131z\u201d tart\u0131\u015fmas\u0131n\u0131 b\u00fcy\u00fck bir \u00fcz\u00fcnt\u00fc ile izliyorum. \u00dcz\u00fcnt\u00fcm\u00fcn iki temel nedeni var. Birincisi do\u011fup b\u00fcy\u00fcd\u00fc\u011f\u00fcm, \u00e7ok sevdi\u011fim T\u00fcrkiye\u2019nin seneler ge\u00e7mesine ra\u011fmen [&hellip;]<\/p>\n","protected":false},"author":7,"featured_media":61903,"comment_status":"open","ping_status":"open","sticky":false,"template":"","format":"standard","meta":{"footnotes":""},"categories":[1,70,53],"tags":[],"class_list":["post-61902","post","type-post","status-publish","format-standard","has-post-thumbnail","hentry","category-haberler","category-makaleler","category-turkiyede-azinliklar"],"yoast_head":"<!-- This site is optimized with the Yoast SEO plugin v27.4 - https:\/\/yoast.com\/product\/yoast-seo-wordpress\/ -->\n<title>And\u0131m\u0131z ve benim T\u00fcrkl\u00fc\u011f\u00fcm - Bati Ermenistan Ve Bati Ermenileri Sorunlari Ara\u015ftirmalar Merkezi<\/title>\n<meta name=\"robots\" content=\"index, follow, max-snippet:-1, max-image-preview:large, max-video-preview:-1\" \/>\n<link rel=\"canonical\" href=\"https:\/\/akunq.net\/tr\/?p=61902\" \/>\n<meta property=\"og:locale\" content=\"en_US\" \/>\n<meta property=\"og:type\" content=\"article\" \/>\n<meta property=\"og:title\" content=\"And\u0131m\u0131z ve benim T\u00fcrkl\u00fc\u011f\u00fcm - Bati Ermenistan Ve Bati Ermenileri Sorunlari Ara\u015ftirmalar Merkezi\" \/>\n<meta property=\"og:description\" content=\"Eser Karaka\u015f T\u00fcrkl\u00fck, K\u00fcrtl\u00fck, Ermenilik, Rumluk vs. \u00f6nemli konulard\u0131r ama kamu hukukunun alan\u0131na girmemelidir. Vatanda\u015fl\u0131\u011f\u0131 sadece ve sadece hukuk \u00fczerinden tan\u0131mlamak bu kadar m\u0131 zordur? T\u00fcrkiye\u2019de Dan\u0131\u015ftay Daireler Genel Kurulu ba\u011flay\u0131c\u0131 karar\u0131 sonras\u0131 ya\u015fanan \u201cAnd\u0131m\u0131z\u201d tart\u0131\u015fmas\u0131n\u0131 b\u00fcy\u00fck bir \u00fcz\u00fcnt\u00fc ile izliyorum. \u00dcz\u00fcnt\u00fcm\u00fcn iki temel nedeni var. Birincisi do\u011fup b\u00fcy\u00fcd\u00fc\u011f\u00fcm, \u00e7ok sevdi\u011fim T\u00fcrkiye\u2019nin seneler ge\u00e7mesine ra\u011fmen [&hellip;]\" \/>\n<meta property=\"og:url\" content=\"https:\/\/akunq.net\/tr\/?p=61902\" \/>\n<meta property=\"og:site_name\" content=\"Bati Ermenistan Ve Bati Ermenileri Sorunlari Ara\u015ftirmalar Merkezi\" \/>\n<meta property=\"article:published_time\" content=\"2021-03-17T06:46:48+00:00\" \/>\n<meta property=\"og:image\" content=\"https:\/\/akunq.net\/tr\/wp-content\/uploads\/sites\/6\/2021\/03\/Eser-Karaka\u015f.jpg\" \/>\n\t<meta property=\"og:image:width\" content=\"800\" \/>\n\t<meta property=\"og:image:height\" content=\"463\" \/>\n\t<meta property=\"og:image:type\" content=\"image\/jpeg\" \/>\n<meta name=\"author\" content=\"admin\" \/>\n<meta name=\"twitter:card\" content=\"summary_large_image\" \/>\n<meta name=\"twitter:label1\" content=\"Written by\" \/>\n\t<meta name=\"twitter:data1\" content=\"admin\" \/>\n\t<meta name=\"twitter:label2\" content=\"Est. reading time\" \/>\n\t<meta name=\"twitter:data2\" content=\"5 minutes\" \/>\n<script type=\"application\/ld+json\" class=\"yoast-schema-graph\">{\"@context\":\"https:\\\/\\\/schema.org\",\"@graph\":[{\"@type\":\"Article\",\"@id\":\"https:\\\/\\\/akunq.net\\\/tr\\\/?p=61902#article\",\"isPartOf\":{\"@id\":\"https:\\\/\\\/akunq.net\\\/tr\\\/?p=61902\"},\"author\":{\"name\":\"admin\",\"@id\":\"https:\\\/\\\/akunq.net\\\/tr\\\/#\\\/schema\\\/person\\\/096f1d38a12cce57fb855b485ed24c9e\"},\"headline\":\"And\u0131m\u0131z ve benim T\u00fcrkl\u00fc\u011f\u00fcm\",\"datePublished\":\"2021-03-17T06:46:48+00:00\",\"mainEntityOfPage\":{\"@id\":\"https:\\\/\\\/akunq.net\\\/tr\\\/?p=61902\"},\"wordCount\":919,\"commentCount\":0,\"image\":{\"@id\":\"https:\\\/\\\/akunq.net\\\/tr\\\/?p=61902#primaryimage\"},\"thumbnailUrl\":\"https:\\\/\\\/akunq.net\\\/tr\\\/wp-content\\\/uploads\\\/sites\\\/6\\\/2021\\\/03\\\/Eser-Karaka\u015f.jpg\",\"articleSection\":[\"Haberler\",\"Makaleler\",\"T\u00fcrkiye\u2019de Az\u0131nl\u0131klar\"],\"inLanguage\":\"en-US\",\"potentialAction\":[{\"@type\":\"CommentAction\",\"name\":\"Comment\",\"target\":[\"https:\\\/\\\/akunq.net\\\/tr\\\/?p=61902#respond\"]}]},{\"@type\":\"WebPage\",\"@id\":\"https:\\\/\\\/akunq.net\\\/tr\\\/?p=61902\",\"url\":\"https:\\\/\\\/akunq.net\\\/tr\\\/?p=61902\",\"name\":\"And\u0131m\u0131z ve benim T\u00fcrkl\u00fc\u011f\u00fcm - Bati Ermenistan Ve Bati Ermenileri Sorunlari Ara\u015ftirmalar Merkezi\",\"isPartOf\":{\"@id\":\"https:\\\/\\\/akunq.net\\\/tr\\\/#website\"},\"primaryImageOfPage\":{\"@id\":\"https:\\\/\\\/akunq.net\\\/tr\\\/?p=61902#primaryimage\"},\"image\":{\"@id\":\"https:\\\/\\\/akunq.net\\\/tr\\\/?p=61902#primaryimage\"},\"thumbnailUrl\":\"https:\\\/\\\/akunq.net\\\/tr\\\/wp-content\\\/uploads\\\/sites\\\/6\\\/2021\\\/03\\\/Eser-Karaka\u015f.jpg\",\"datePublished\":\"2021-03-17T06:46:48+00:00\",\"author\":{\"@id\":\"https:\\\/\\\/akunq.net\\\/tr\\\/#\\\/schema\\\/person\\\/096f1d38a12cce57fb855b485ed24c9e\"},\"breadcrumb\":{\"@id\":\"https:\\\/\\\/akunq.net\\\/tr\\\/?p=61902#breadcrumb\"},\"inLanguage\":\"en-US\",\"potentialAction\":[{\"@type\":\"ReadAction\",\"target\":[\"https:\\\/\\\/akunq.net\\\/tr\\\/?p=61902\"]}]},{\"@type\":\"ImageObject\",\"inLanguage\":\"en-US\",\"@id\":\"https:\\\/\\\/akunq.net\\\/tr\\\/?p=61902#primaryimage\",\"url\":\"https:\\\/\\\/akunq.net\\\/tr\\\/wp-content\\\/uploads\\\/sites\\\/6\\\/2021\\\/03\\\/Eser-Karaka\u015f.jpg\",\"contentUrl\":\"https:\\\/\\\/akunq.net\\\/tr\\\/wp-content\\\/uploads\\\/sites\\\/6\\\/2021\\\/03\\\/Eser-Karaka\u015f.jpg\",\"width\":800,\"height\":463},{\"@type\":\"BreadcrumbList\",\"@id\":\"https:\\\/\\\/akunq.net\\\/tr\\\/?p=61902#breadcrumb\",\"itemListElement\":[{\"@type\":\"ListItem\",\"position\":1,\"name\":\"Home\",\"item\":\"https:\\\/\\\/akunq.net\\\/tr\"},{\"@type\":\"ListItem\",\"position\":2,\"name\":\"And\u0131m\u0131z ve benim T\u00fcrkl\u00fc\u011f\u00fcm\"}]},{\"@type\":\"WebSite\",\"@id\":\"https:\\\/\\\/akunq.net\\\/tr\\\/#website\",\"url\":\"https:\\\/\\\/akunq.net\\\/tr\\\/\",\"name\":\"Bati Ermenistan Ve Bati Ermenileri Sorunlari Ara\u015ftirmalar Merkezi\",\"description\":\"\",\"potentialAction\":[{\"@type\":\"SearchAction\",\"target\":{\"@type\":\"EntryPoint\",\"urlTemplate\":\"https:\\\/\\\/akunq.net\\\/tr\\\/?s={search_term_string}\"},\"query-input\":{\"@type\":\"PropertyValueSpecification\",\"valueRequired\":true,\"valueName\":\"search_term_string\"}}],\"inLanguage\":\"en-US\"},{\"@type\":\"Person\",\"@id\":\"https:\\\/\\\/akunq.net\\\/tr\\\/#\\\/schema\\\/person\\\/096f1d38a12cce57fb855b485ed24c9e\",\"name\":\"admin\",\"url\":\"https:\\\/\\\/akunq.net\\\/tr\\\/?author=7\"}]}<\/script>\n<!-- \/ Yoast SEO plugin. -->","yoast_head_json":{"title":"And\u0131m\u0131z ve benim T\u00fcrkl\u00fc\u011f\u00fcm - Bati Ermenistan Ve Bati Ermenileri Sorunlari Ara\u015ftirmalar Merkezi","robots":{"index":"index","follow":"follow","max-snippet":"max-snippet:-1","max-image-preview":"max-image-preview:large","max-video-preview":"max-video-preview:-1"},"canonical":"https:\/\/akunq.net\/tr\/?p=61902","og_locale":"en_US","og_type":"article","og_title":"And\u0131m\u0131z ve benim T\u00fcrkl\u00fc\u011f\u00fcm - Bati Ermenistan Ve Bati Ermenileri Sorunlari Ara\u015ftirmalar Merkezi","og_description":"Eser Karaka\u015f T\u00fcrkl\u00fck, K\u00fcrtl\u00fck, Ermenilik, Rumluk vs. \u00f6nemli konulard\u0131r ama kamu hukukunun alan\u0131na girmemelidir. Vatanda\u015fl\u0131\u011f\u0131 sadece ve sadece hukuk \u00fczerinden tan\u0131mlamak bu kadar m\u0131 zordur? T\u00fcrkiye\u2019de Dan\u0131\u015ftay Daireler Genel Kurulu ba\u011flay\u0131c\u0131 karar\u0131 sonras\u0131 ya\u015fanan \u201cAnd\u0131m\u0131z\u201d tart\u0131\u015fmas\u0131n\u0131 b\u00fcy\u00fck bir \u00fcz\u00fcnt\u00fc ile izliyorum. \u00dcz\u00fcnt\u00fcm\u00fcn iki temel nedeni var. Birincisi do\u011fup b\u00fcy\u00fcd\u00fc\u011f\u00fcm, \u00e7ok sevdi\u011fim T\u00fcrkiye\u2019nin seneler ge\u00e7mesine ra\u011fmen [&hellip;]","og_url":"https:\/\/akunq.net\/tr\/?p=61902","og_site_name":"Bati Ermenistan Ve Bati Ermenileri Sorunlari Ara\u015ftirmalar Merkezi","article_published_time":"2021-03-17T06:46:48+00:00","og_image":[{"width":800,"height":463,"url":"https:\/\/akunq.net\/tr\/wp-content\/uploads\/sites\/6\/2021\/03\/Eser-Karaka\u015f.jpg","type":"image\/jpeg"}],"author":"admin","twitter_card":"summary_large_image","twitter_misc":{"Written by":"admin","Est. reading time":"5 minutes"},"schema":{"@context":"https:\/\/schema.org","@graph":[{"@type":"Article","@id":"https:\/\/akunq.net\/tr\/?p=61902#article","isPartOf":{"@id":"https:\/\/akunq.net\/tr\/?p=61902"},"author":{"name":"admin","@id":"https:\/\/akunq.net\/tr\/#\/schema\/person\/096f1d38a12cce57fb855b485ed24c9e"},"headline":"And\u0131m\u0131z ve benim T\u00fcrkl\u00fc\u011f\u00fcm","datePublished":"2021-03-17T06:46:48+00:00","mainEntityOfPage":{"@id":"https:\/\/akunq.net\/tr\/?p=61902"},"wordCount":919,"commentCount":0,"image":{"@id":"https:\/\/akunq.net\/tr\/?p=61902#primaryimage"},"thumbnailUrl":"https:\/\/akunq.net\/tr\/wp-content\/uploads\/sites\/6\/2021\/03\/Eser-Karaka\u015f.jpg","articleSection":["Haberler","Makaleler","T\u00fcrkiye\u2019de Az\u0131nl\u0131klar"],"inLanguage":"en-US","potentialAction":[{"@type":"CommentAction","name":"Comment","target":["https:\/\/akunq.net\/tr\/?p=61902#respond"]}]},{"@type":"WebPage","@id":"https:\/\/akunq.net\/tr\/?p=61902","url":"https:\/\/akunq.net\/tr\/?p=61902","name":"And\u0131m\u0131z ve benim T\u00fcrkl\u00fc\u011f\u00fcm - Bati Ermenistan Ve Bati Ermenileri Sorunlari Ara\u015ftirmalar Merkezi","isPartOf":{"@id":"https:\/\/akunq.net\/tr\/#website"},"primaryImageOfPage":{"@id":"https:\/\/akunq.net\/tr\/?p=61902#primaryimage"},"image":{"@id":"https:\/\/akunq.net\/tr\/?p=61902#primaryimage"},"thumbnailUrl":"https:\/\/akunq.net\/tr\/wp-content\/uploads\/sites\/6\/2021\/03\/Eser-Karaka\u015f.jpg","datePublished":"2021-03-17T06:46:48+00:00","author":{"@id":"https:\/\/akunq.net\/tr\/#\/schema\/person\/096f1d38a12cce57fb855b485ed24c9e"},"breadcrumb":{"@id":"https:\/\/akunq.net\/tr\/?p=61902#breadcrumb"},"inLanguage":"en-US","potentialAction":[{"@type":"ReadAction","target":["https:\/\/akunq.net\/tr\/?p=61902"]}]},{"@type":"ImageObject","inLanguage":"en-US","@id":"https:\/\/akunq.net\/tr\/?p=61902#primaryimage","url":"https:\/\/akunq.net\/tr\/wp-content\/uploads\/sites\/6\/2021\/03\/Eser-Karaka\u015f.jpg","contentUrl":"https:\/\/akunq.net\/tr\/wp-content\/uploads\/sites\/6\/2021\/03\/Eser-Karaka\u015f.jpg","width":800,"height":463},{"@type":"BreadcrumbList","@id":"https:\/\/akunq.net\/tr\/?p=61902#breadcrumb","itemListElement":[{"@type":"ListItem","position":1,"name":"Home","item":"https:\/\/akunq.net\/tr"},{"@type":"ListItem","position":2,"name":"And\u0131m\u0131z ve benim T\u00fcrkl\u00fc\u011f\u00fcm"}]},{"@type":"WebSite","@id":"https:\/\/akunq.net\/tr\/#website","url":"https:\/\/akunq.net\/tr\/","name":"Bati Ermenistan Ve Bati Ermenileri Sorunlari Ara\u015ftirmalar Merkezi","description":"","potentialAction":[{"@type":"SearchAction","target":{"@type":"EntryPoint","urlTemplate":"https:\/\/akunq.net\/tr\/?s={search_term_string}"},"query-input":{"@type":"PropertyValueSpecification","valueRequired":true,"valueName":"search_term_string"}}],"inLanguage":"en-US"},{"@type":"Person","@id":"https:\/\/akunq.net\/tr\/#\/schema\/person\/096f1d38a12cce57fb855b485ed24c9e","name":"admin","url":"https:\/\/akunq.net\/tr\/?author=7"}]}},"_links":{"self":[{"href":"https:\/\/akunq.net\/tr\/index.php?rest_route=\/wp\/v2\/posts\/61902","targetHints":{"allow":["GET"]}}],"collection":[{"href":"https:\/\/akunq.net\/tr\/index.php?rest_route=\/wp\/v2\/posts"}],"about":[{"href":"https:\/\/akunq.net\/tr\/index.php?rest_route=\/wp\/v2\/types\/post"}],"author":[{"embeddable":true,"href":"https:\/\/akunq.net\/tr\/index.php?rest_route=\/wp\/v2\/users\/7"}],"replies":[{"embeddable":true,"href":"https:\/\/akunq.net\/tr\/index.php?rest_route=%2Fwp%2Fv2%2Fcomments&post=61902"}],"version-history":[{"count":1,"href":"https:\/\/akunq.net\/tr\/index.php?rest_route=\/wp\/v2\/posts\/61902\/revisions"}],"predecessor-version":[{"id":61904,"href":"https:\/\/akunq.net\/tr\/index.php?rest_route=\/wp\/v2\/posts\/61902\/revisions\/61904"}],"wp:featuredmedia":[{"embeddable":true,"href":"https:\/\/akunq.net\/tr\/index.php?rest_route=\/wp\/v2\/media\/61903"}],"wp:attachment":[{"href":"https:\/\/akunq.net\/tr\/index.php?rest_route=%2Fwp%2Fv2%2Fmedia&parent=61902"}],"wp:term":[{"taxonomy":"category","embeddable":true,"href":"https:\/\/akunq.net\/tr\/index.php?rest_route=%2Fwp%2Fv2%2Fcategories&post=61902"},{"taxonomy":"post_tag","embeddable":true,"href":"https:\/\/akunq.net\/tr\/index.php?rest_route=%2Fwp%2Fv2%2Ftags&post=61902"}],"curies":[{"name":"wp","href":"https:\/\/api.w.org\/{rel}","templated":true}]}}