{"id":61892,"date":"2021-03-16T03:25:07","date_gmt":"2021-03-16T08:25:07","guid":{"rendered":"https:\/\/akunq.net\/tr\/?p=61892"},"modified":"2021-03-16T03:25:07","modified_gmt":"2021-03-16T08:25:07","slug":"hdp-cerkes-dili-ve-yazim-gununu-kutladi","status":"publish","type":"post","link":"https:\/\/akunq.net\/tr\/?p=61892","title":{"rendered":"HDP, \u00c7erkes Dili ve Yaz\u0131m G\u00fcn\u00fc\u2019n\u00fc kutlad\u0131"},"content":{"rendered":"<p><img loading=\"lazy\" decoding=\"async\" class=\"aligncenter size-medium wp-image-61893\" src=\"https:\/\/akunq.net\/tr\/wp-content\/uploads\/2021\/03\/HDP-360x203.jpg\" alt=\"\" width=\"360\" height=\"203\" srcset=\"https:\/\/akunq.net\/tr\/wp-content\/uploads\/sites\/6\/2021\/03\/HDP-360x203.jpg 360w, https:\/\/akunq.net\/tr\/wp-content\/uploads\/sites\/6\/2021\/03\/HDP-768x432.jpg 768w, https:\/\/akunq.net\/tr\/wp-content\/uploads\/sites\/6\/2021\/03\/HDP-560x315.jpg 560w, https:\/\/akunq.net\/tr\/wp-content\/uploads\/sites\/6\/2021\/03\/HDP-260x146.jpg 260w, https:\/\/akunq.net\/tr\/wp-content\/uploads\/sites\/6\/2021\/03\/HDP-160x90.jpg 160w, https:\/\/akunq.net\/tr\/wp-content\/uploads\/sites\/6\/2021\/03\/HDP.jpg 1280w\" sizes=\"auto, (max-width: 360px) 100vw, 360px\" \/><\/p>\n<p><em><strong>HDP, D\u00fcnya \u00c7erkes Birli\u011fi taraf\u0131ndan 2003 y\u0131l\u0131ndan beri kutlanan \u201814 Mart \u00c7erkes Dili ve Yaz\u0131m G\u00fcn\u00fc\u2019 dolay\u0131s\u0131yla yaz\u0131l\u0131 a\u00e7\u0131klama yapt\u0131: \u00c7erkesya halklar\u0131n\u0131n anadili, k\u00fclt\u00fcr\u00fc ve inanc\u0131yla \u00f6zg\u00fcr, e\u015fit ve demokratik ya\u015fam m\u00fccadelesini m\u00fccadelemiz kabul ediyoruz.<\/strong><\/em><\/p>\n<p>DUVAR \u2013 Halklar\u0131n Demokratik Partisi (HDP) Halklar ve \u0130nan\u00e7lar Komisyonu\u2019ndan Sorumlu E\u015f Genel Ba\u015fkan Yard\u0131mc\u0131s\u0131 T\u00fclay Hatimo\u011fullar\u0131, 14 Mart \u00c7erkes (Ad\u0131ge) Dili ve Yaz\u0131m G\u00fcn\u00fc\u2019n\u00fc kutlad\u0131. Hatimo\u011flullar\u0131, yapt\u0131\u011f\u0131 yaz\u0131l\u0131 a\u00e7\u0131klamayla, \u201cBug\u00fcn AKP iktidar\u0131, \u00c7erkesler \u00fczerindeki \u00e7ok y\u00f6nl\u00fc ve kuvvetli asimilasyon politikas\u0131n\u0131 s\u00fcrd\u00fcrmekte ve \u00c7erkeslerin hak taleplerini g\u00f6rmezden gelmektedir\u201d dedi.<\/p>\n<p>\u201c14 Mart \u00c7erkes (Ad\u0131ge) Dili ve Yaz\u0131m G\u00fcn\u00fc kutlu olsun\u201d ba\u015fl\u0131kl\u0131 a\u00e7\u0131klama \u015f\u00f6yle: \u201c\u0130lk \u00c7erkes\u00e7e kitap \u2018\u00c7erkes\u00e7e S\u00f6zl\u00fck\u2019\u00fcn Bersey Wumar taraf\u0131ndan 14 Mart 1853 tarihinde yaz\u0131lmas\u0131 nedeni ile 2000 y\u0131l\u0131ndan beri 14 Mart Ad\u0131gey Cumhuriyeti\u2019nde dil g\u00fcn\u00fc olarak kutlanmaktad\u0131r. 2003 y\u0131l\u0131ndan beri ise D\u00fcnya \u00c7erkes Birli\u011fi taraf\u0131ndan al\u0131nan kararla \u201814 Mart \u00c7erkes Dili ve Yaz\u0131m G\u00fcn\u00fc\u2019 olarak kabul edilmi\u015ftir.<\/p>\n<p><strong>\u2018\u00c7ERKESLER\u0130N EN B\u00dcY\u00dcK B\u00d6L\u00dcM\u00dc T\u00dcRK\u0130YE\u2019DE YA\u015eIYOR\u2019<\/strong><\/p>\n<p>\u00c7arl\u0131k Rusya\u2019n\u0131n i\u015fgali sonucu 21 May\u0131s 1864\u2019te anayurtlar\u0131ndan s\u00fcrg\u00fcn edilen ve soyk\u0131r\u0131ma tabi tutulan \u00c7erkeslerin b\u00fcy\u00fck ac\u0131s\u0131n\u0131 payla\u015f\u0131yoruz. S\u00f6m\u00fcrgecili\u011fe kar\u015f\u0131 ba\u011f\u0131ms\u0131zl\u0131k i\u00e7in direnen \u00c7erkesler d\u00fcnyan\u0131n d\u00f6rt bir yan\u0131na da\u011f\u0131t\u0131ld\u0131lar. Bu tarifsiz ac\u0131y\u0131 daima y\u00fcreklerinde ta\u015f\u0131d\u0131lar ve a\u011f\u0131tlar\u0131n\u0131 ku\u015faktan ku\u015fa\u011fa aktard\u0131lar. \u00c7erkesler bug\u00fcn d\u00fcnyan\u0131n 40 civar\u0131ndaki \u00fclkesinde ya\u015famlar\u0131n\u0131 s\u00fcrd\u00fcr\u00fcyor ve \u00c7erkeslerin en b\u00fcy\u00fck b\u00f6l\u00fcm\u00fc T\u00fcrkiye\u2019de ya\u015f\u0131yor.<\/p>\n<p>Bug\u00fcn AKP iktidar\u0131, \u00c7erkesler \u00fczerindeki \u00e7ok y\u00f6nl\u00fc ve kuvvetli asimilasyon politikas\u0131n\u0131 s\u00fcrd\u00fcrmekte ve \u00c7erkeslerin hak taleplerini g\u00f6rmezden gelmektedir. Biz, \u00c7erkesya halklar\u0131n\u0131n anadili, k\u00fclt\u00fcr\u00fc ve inanc\u0131yla \u00f6zg\u00fcr, e\u015fit ve demokratik ya\u015fam m\u00fccadelesini m\u00fccadelemiz kabul ediyoruz.<\/p>\n<p><strong>\u2018\u00c7OCUK HAKLARI S\u00d6ZLE\u015eMES\u0130\u2019N\u0130N ANAD\u0130L MADDELER\u0130NDEK\u0130 \u00c7EK\u0130NCE KALDIRILSIN\u2019<\/strong><\/p>\n<p>Anadilinin sadece dil de\u011fil topluluk bilinci, haf\u0131za ve halk\u0131n tarihi oldu\u011fu unutulmamal\u0131d\u0131r. Kendi dilini k\u00fclt\u00fcr\u00fcn\u00fc \u00f6zg\u00fcrce ya\u015fayamayan b\u00fct\u00fcn halklar\u0131n anadillerinde oldu\u011fu gibi: \u00c7erkes \u2018Anadilinin \u00f6\u011frenilmesi ve kamusal alanda kullan\u0131m\u0131 i\u00e7in daha \u00f6zg\u00fcrl\u00fck\u00e7\u00fc hukuki ve idari d\u00fczenlemeler yap\u0131lmal\u0131; yok olma tehdidi alt\u0131ndaki dillerin koruma alt\u0131na al\u0131nmas\u0131 i\u00e7in somut ad\u0131mlar at\u0131lmal\u0131; \u00fclkede kullan\u0131lan farkl\u0131 anadillerine ili\u015fkin \u00fcniversitelerde kurulan birimler yayg\u0131nla\u015ft\u0131r\u0131lmal\u0131; Birle\u015fmi\u015f Milletler Genel Kurulu taraf\u0131ndan 2 Eyl\u00fcl 1990\u2019da y\u00fcr\u00fcrl\u00fc\u011fe giren ve T\u00fcrkiye taraf\u0131ndan 2 Ekim 1995\u2019te onaylanan \u00c7ocuk Haklar\u0131 S\u00f6zle\u015fmesi\u2019nin anadiline ili\u015fkin \u00fc\u00e7 maddesine T\u00fcrkiye taraf\u0131ndan konulan \u00e7ekinceler kald\u0131r\u0131lmal\u0131d\u0131r. (MA)<\/p>\n<hr \/>\n<p><em><strong><a href=\"https:\/\/www.gazeteduvar.com.tr\/hdp-cerkes-dili-ve-yazim-gununu-kutladi-haber-1516029\" target=\"_blank\" rel=\"noopener noreferrer\">Gazete Duvar<\/a><\/strong><\/em><\/p>\n","protected":false},"excerpt":{"rendered":"<p>HDP, D\u00fcnya \u00c7erkes Birli\u011fi taraf\u0131ndan 2003 y\u0131l\u0131ndan beri kutlanan \u201814 Mart \u00c7erkes Dili ve Yaz\u0131m G\u00fcn\u00fc\u2019 dolay\u0131s\u0131yla yaz\u0131l\u0131 a\u00e7\u0131klama yapt\u0131: \u00c7erkesya halklar\u0131n\u0131n anadili, k\u00fclt\u00fcr\u00fc ve inanc\u0131yla \u00f6zg\u00fcr, e\u015fit ve demokratik ya\u015fam m\u00fccadelesini m\u00fccadelemiz kabul ediyoruz. DUVAR \u2013 Halklar\u0131n Demokratik Partisi (HDP) Halklar ve \u0130nan\u00e7lar Komisyonu\u2019ndan Sorumlu E\u015f Genel Ba\u015fkan Yard\u0131mc\u0131s\u0131 T\u00fclay Hatimo\u011fullar\u0131, 14 Mart \u00c7erkes [&hellip;]<\/p>\n","protected":false},"author":7,"featured_media":61893,"comment_status":"open","ping_status":"open","sticky":false,"template":"","format":"standard","meta":{"footnotes":""},"categories":[1,53],"tags":[],"class_list":["post-61892","post","type-post","status-publish","format-standard","has-post-thumbnail","hentry","category-haberler","category-turkiyede-azinliklar"],"yoast_head":"<!-- This site is optimized with the Yoast SEO plugin v27.4 - https:\/\/yoast.com\/product\/yoast-seo-wordpress\/ -->\n<title>HDP, \u00c7erkes Dili ve Yaz\u0131m G\u00fcn\u00fc\u2019n\u00fc kutlad\u0131 - Bati Ermenistan Ve Bati Ermenileri Sorunlari Ara\u015ftirmalar Merkezi<\/title>\n<meta name=\"robots\" content=\"index, follow, max-snippet:-1, max-image-preview:large, max-video-preview:-1\" \/>\n<link rel=\"canonical\" href=\"https:\/\/akunq.net\/tr\/?p=61892\" \/>\n<meta property=\"og:locale\" content=\"en_US\" \/>\n<meta property=\"og:type\" content=\"article\" \/>\n<meta property=\"og:title\" content=\"HDP, \u00c7erkes Dili ve Yaz\u0131m G\u00fcn\u00fc\u2019n\u00fc kutlad\u0131 - Bati Ermenistan Ve Bati Ermenileri Sorunlari Ara\u015ftirmalar Merkezi\" \/>\n<meta property=\"og:description\" content=\"HDP, D\u00fcnya \u00c7erkes Birli\u011fi taraf\u0131ndan 2003 y\u0131l\u0131ndan beri kutlanan \u201814 Mart \u00c7erkes Dili ve Yaz\u0131m G\u00fcn\u00fc\u2019 dolay\u0131s\u0131yla yaz\u0131l\u0131 a\u00e7\u0131klama yapt\u0131: \u00c7erkesya halklar\u0131n\u0131n anadili, k\u00fclt\u00fcr\u00fc ve inanc\u0131yla \u00f6zg\u00fcr, e\u015fit ve demokratik ya\u015fam m\u00fccadelesini m\u00fccadelemiz kabul ediyoruz. DUVAR \u2013 Halklar\u0131n Demokratik Partisi (HDP) Halklar ve \u0130nan\u00e7lar Komisyonu\u2019ndan Sorumlu E\u015f Genel Ba\u015fkan Yard\u0131mc\u0131s\u0131 T\u00fclay Hatimo\u011fullar\u0131, 14 Mart \u00c7erkes [&hellip;]\" \/>\n<meta property=\"og:url\" content=\"https:\/\/akunq.net\/tr\/?p=61892\" \/>\n<meta property=\"og:site_name\" content=\"Bati Ermenistan Ve Bati Ermenileri Sorunlari Ara\u015ftirmalar Merkezi\" \/>\n<meta property=\"article:published_time\" content=\"2021-03-16T08:25:07+00:00\" \/>\n<meta property=\"og:image\" content=\"https:\/\/akunq.net\/tr\/wp-content\/uploads\/sites\/6\/2021\/03\/HDP.jpg\" \/>\n\t<meta property=\"og:image:width\" content=\"1280\" \/>\n\t<meta property=\"og:image:height\" content=\"720\" \/>\n\t<meta property=\"og:image:type\" content=\"image\/jpeg\" \/>\n<meta name=\"author\" content=\"admin\" \/>\n<meta name=\"twitter:card\" content=\"summary_large_image\" \/>\n<meta name=\"twitter:label1\" content=\"Written by\" \/>\n\t<meta name=\"twitter:data1\" content=\"admin\" \/>\n\t<meta name=\"twitter:label2\" content=\"Est. reading time\" \/>\n\t<meta name=\"twitter:data2\" content=\"3 minutes\" \/>\n<script type=\"application\/ld+json\" class=\"yoast-schema-graph\">{\"@context\":\"https:\\\/\\\/schema.org\",\"@graph\":[{\"@type\":\"Article\",\"@id\":\"https:\\\/\\\/akunq.net\\\/tr\\\/?p=61892#article\",\"isPartOf\":{\"@id\":\"https:\\\/\\\/akunq.net\\\/tr\\\/?p=61892\"},\"author\":{\"name\":\"admin\",\"@id\":\"https:\\\/\\\/akunq.net\\\/tr\\\/#\\\/schema\\\/person\\\/096f1d38a12cce57fb855b485ed24c9e\"},\"headline\":\"HDP, \u00c7erkes Dili ve Yaz\u0131m G\u00fcn\u00fc\u2019n\u00fc kutlad\u0131\",\"datePublished\":\"2021-03-16T08:25:07+00:00\",\"mainEntityOfPage\":{\"@id\":\"https:\\\/\\\/akunq.net\\\/tr\\\/?p=61892\"},\"wordCount\":537,\"commentCount\":0,\"image\":{\"@id\":\"https:\\\/\\\/akunq.net\\\/tr\\\/?p=61892#primaryimage\"},\"thumbnailUrl\":\"https:\\\/\\\/akunq.net\\\/tr\\\/wp-content\\\/uploads\\\/sites\\\/6\\\/2021\\\/03\\\/HDP.jpg\",\"articleSection\":[\"Haberler\",\"T\u00fcrkiye\u2019de Az\u0131nl\u0131klar\"],\"inLanguage\":\"en-US\",\"potentialAction\":[{\"@type\":\"CommentAction\",\"name\":\"Comment\",\"target\":[\"https:\\\/\\\/akunq.net\\\/tr\\\/?p=61892#respond\"]}]},{\"@type\":\"WebPage\",\"@id\":\"https:\\\/\\\/akunq.net\\\/tr\\\/?p=61892\",\"url\":\"https:\\\/\\\/akunq.net\\\/tr\\\/?p=61892\",\"name\":\"HDP, \u00c7erkes Dili ve Yaz\u0131m G\u00fcn\u00fc\u2019n\u00fc kutlad\u0131 - Bati Ermenistan Ve Bati Ermenileri Sorunlari Ara\u015ftirmalar Merkezi\",\"isPartOf\":{\"@id\":\"https:\\\/\\\/akunq.net\\\/tr\\\/#website\"},\"primaryImageOfPage\":{\"@id\":\"https:\\\/\\\/akunq.net\\\/tr\\\/?p=61892#primaryimage\"},\"image\":{\"@id\":\"https:\\\/\\\/akunq.net\\\/tr\\\/?p=61892#primaryimage\"},\"thumbnailUrl\":\"https:\\\/\\\/akunq.net\\\/tr\\\/wp-content\\\/uploads\\\/sites\\\/6\\\/2021\\\/03\\\/HDP.jpg\",\"datePublished\":\"2021-03-16T08:25:07+00:00\",\"author\":{\"@id\":\"https:\\\/\\\/akunq.net\\\/tr\\\/#\\\/schema\\\/person\\\/096f1d38a12cce57fb855b485ed24c9e\"},\"breadcrumb\":{\"@id\":\"https:\\\/\\\/akunq.net\\\/tr\\\/?p=61892#breadcrumb\"},\"inLanguage\":\"en-US\",\"potentialAction\":[{\"@type\":\"ReadAction\",\"target\":[\"https:\\\/\\\/akunq.net\\\/tr\\\/?p=61892\"]}]},{\"@type\":\"ImageObject\",\"inLanguage\":\"en-US\",\"@id\":\"https:\\\/\\\/akunq.net\\\/tr\\\/?p=61892#primaryimage\",\"url\":\"https:\\\/\\\/akunq.net\\\/tr\\\/wp-content\\\/uploads\\\/sites\\\/6\\\/2021\\\/03\\\/HDP.jpg\",\"contentUrl\":\"https:\\\/\\\/akunq.net\\\/tr\\\/wp-content\\\/uploads\\\/sites\\\/6\\\/2021\\\/03\\\/HDP.jpg\",\"width\":1280,\"height\":720},{\"@type\":\"BreadcrumbList\",\"@id\":\"https:\\\/\\\/akunq.net\\\/tr\\\/?p=61892#breadcrumb\",\"itemListElement\":[{\"@type\":\"ListItem\",\"position\":1,\"name\":\"Home\",\"item\":\"https:\\\/\\\/akunq.net\\\/tr\"},{\"@type\":\"ListItem\",\"position\":2,\"name\":\"HDP, \u00c7erkes Dili ve Yaz\u0131m G\u00fcn\u00fc\u2019n\u00fc kutlad\u0131\"}]},{\"@type\":\"WebSite\",\"@id\":\"https:\\\/\\\/akunq.net\\\/tr\\\/#website\",\"url\":\"https:\\\/\\\/akunq.net\\\/tr\\\/\",\"name\":\"Bati Ermenistan Ve Bati Ermenileri Sorunlari Ara\u015ftirmalar Merkezi\",\"description\":\"\",\"potentialAction\":[{\"@type\":\"SearchAction\",\"target\":{\"@type\":\"EntryPoint\",\"urlTemplate\":\"https:\\\/\\\/akunq.net\\\/tr\\\/?s={search_term_string}\"},\"query-input\":{\"@type\":\"PropertyValueSpecification\",\"valueRequired\":true,\"valueName\":\"search_term_string\"}}],\"inLanguage\":\"en-US\"},{\"@type\":\"Person\",\"@id\":\"https:\\\/\\\/akunq.net\\\/tr\\\/#\\\/schema\\\/person\\\/096f1d38a12cce57fb855b485ed24c9e\",\"name\":\"admin\",\"url\":\"https:\\\/\\\/akunq.net\\\/tr\\\/?author=7\"}]}<\/script>\n<!-- \/ Yoast SEO plugin. -->","yoast_head_json":{"title":"HDP, \u00c7erkes Dili ve Yaz\u0131m G\u00fcn\u00fc\u2019n\u00fc kutlad\u0131 - Bati Ermenistan Ve Bati Ermenileri Sorunlari Ara\u015ftirmalar Merkezi","robots":{"index":"index","follow":"follow","max-snippet":"max-snippet:-1","max-image-preview":"max-image-preview:large","max-video-preview":"max-video-preview:-1"},"canonical":"https:\/\/akunq.net\/tr\/?p=61892","og_locale":"en_US","og_type":"article","og_title":"HDP, \u00c7erkes Dili ve Yaz\u0131m G\u00fcn\u00fc\u2019n\u00fc kutlad\u0131 - Bati Ermenistan Ve Bati Ermenileri Sorunlari Ara\u015ftirmalar Merkezi","og_description":"HDP, D\u00fcnya \u00c7erkes Birli\u011fi taraf\u0131ndan 2003 y\u0131l\u0131ndan beri kutlanan \u201814 Mart \u00c7erkes Dili ve Yaz\u0131m G\u00fcn\u00fc\u2019 dolay\u0131s\u0131yla yaz\u0131l\u0131 a\u00e7\u0131klama yapt\u0131: \u00c7erkesya halklar\u0131n\u0131n anadili, k\u00fclt\u00fcr\u00fc ve inanc\u0131yla \u00f6zg\u00fcr, e\u015fit ve demokratik ya\u015fam m\u00fccadelesini m\u00fccadelemiz kabul ediyoruz. DUVAR \u2013 Halklar\u0131n Demokratik Partisi (HDP) Halklar ve \u0130nan\u00e7lar Komisyonu\u2019ndan Sorumlu E\u015f Genel Ba\u015fkan Yard\u0131mc\u0131s\u0131 T\u00fclay Hatimo\u011fullar\u0131, 14 Mart \u00c7erkes [&hellip;]","og_url":"https:\/\/akunq.net\/tr\/?p=61892","og_site_name":"Bati Ermenistan Ve Bati Ermenileri Sorunlari Ara\u015ftirmalar Merkezi","article_published_time":"2021-03-16T08:25:07+00:00","og_image":[{"width":1280,"height":720,"url":"https:\/\/akunq.net\/tr\/wp-content\/uploads\/sites\/6\/2021\/03\/HDP.jpg","type":"image\/jpeg"}],"author":"admin","twitter_card":"summary_large_image","twitter_misc":{"Written by":"admin","Est. reading time":"3 minutes"},"schema":{"@context":"https:\/\/schema.org","@graph":[{"@type":"Article","@id":"https:\/\/akunq.net\/tr\/?p=61892#article","isPartOf":{"@id":"https:\/\/akunq.net\/tr\/?p=61892"},"author":{"name":"admin","@id":"https:\/\/akunq.net\/tr\/#\/schema\/person\/096f1d38a12cce57fb855b485ed24c9e"},"headline":"HDP, \u00c7erkes Dili ve Yaz\u0131m G\u00fcn\u00fc\u2019n\u00fc kutlad\u0131","datePublished":"2021-03-16T08:25:07+00:00","mainEntityOfPage":{"@id":"https:\/\/akunq.net\/tr\/?p=61892"},"wordCount":537,"commentCount":0,"image":{"@id":"https:\/\/akunq.net\/tr\/?p=61892#primaryimage"},"thumbnailUrl":"https:\/\/akunq.net\/tr\/wp-content\/uploads\/sites\/6\/2021\/03\/HDP.jpg","articleSection":["Haberler","T\u00fcrkiye\u2019de Az\u0131nl\u0131klar"],"inLanguage":"en-US","potentialAction":[{"@type":"CommentAction","name":"Comment","target":["https:\/\/akunq.net\/tr\/?p=61892#respond"]}]},{"@type":"WebPage","@id":"https:\/\/akunq.net\/tr\/?p=61892","url":"https:\/\/akunq.net\/tr\/?p=61892","name":"HDP, \u00c7erkes Dili ve Yaz\u0131m G\u00fcn\u00fc\u2019n\u00fc kutlad\u0131 - Bati Ermenistan Ve Bati Ermenileri Sorunlari Ara\u015ftirmalar Merkezi","isPartOf":{"@id":"https:\/\/akunq.net\/tr\/#website"},"primaryImageOfPage":{"@id":"https:\/\/akunq.net\/tr\/?p=61892#primaryimage"},"image":{"@id":"https:\/\/akunq.net\/tr\/?p=61892#primaryimage"},"thumbnailUrl":"https:\/\/akunq.net\/tr\/wp-content\/uploads\/sites\/6\/2021\/03\/HDP.jpg","datePublished":"2021-03-16T08:25:07+00:00","author":{"@id":"https:\/\/akunq.net\/tr\/#\/schema\/person\/096f1d38a12cce57fb855b485ed24c9e"},"breadcrumb":{"@id":"https:\/\/akunq.net\/tr\/?p=61892#breadcrumb"},"inLanguage":"en-US","potentialAction":[{"@type":"ReadAction","target":["https:\/\/akunq.net\/tr\/?p=61892"]}]},{"@type":"ImageObject","inLanguage":"en-US","@id":"https:\/\/akunq.net\/tr\/?p=61892#primaryimage","url":"https:\/\/akunq.net\/tr\/wp-content\/uploads\/sites\/6\/2021\/03\/HDP.jpg","contentUrl":"https:\/\/akunq.net\/tr\/wp-content\/uploads\/sites\/6\/2021\/03\/HDP.jpg","width":1280,"height":720},{"@type":"BreadcrumbList","@id":"https:\/\/akunq.net\/tr\/?p=61892#breadcrumb","itemListElement":[{"@type":"ListItem","position":1,"name":"Home","item":"https:\/\/akunq.net\/tr"},{"@type":"ListItem","position":2,"name":"HDP, \u00c7erkes Dili ve Yaz\u0131m G\u00fcn\u00fc\u2019n\u00fc kutlad\u0131"}]},{"@type":"WebSite","@id":"https:\/\/akunq.net\/tr\/#website","url":"https:\/\/akunq.net\/tr\/","name":"Bati Ermenistan Ve Bati Ermenileri Sorunlari Ara\u015ftirmalar Merkezi","description":"","potentialAction":[{"@type":"SearchAction","target":{"@type":"EntryPoint","urlTemplate":"https:\/\/akunq.net\/tr\/?s={search_term_string}"},"query-input":{"@type":"PropertyValueSpecification","valueRequired":true,"valueName":"search_term_string"}}],"inLanguage":"en-US"},{"@type":"Person","@id":"https:\/\/akunq.net\/tr\/#\/schema\/person\/096f1d38a12cce57fb855b485ed24c9e","name":"admin","url":"https:\/\/akunq.net\/tr\/?author=7"}]}},"_links":{"self":[{"href":"https:\/\/akunq.net\/tr\/index.php?rest_route=\/wp\/v2\/posts\/61892","targetHints":{"allow":["GET"]}}],"collection":[{"href":"https:\/\/akunq.net\/tr\/index.php?rest_route=\/wp\/v2\/posts"}],"about":[{"href":"https:\/\/akunq.net\/tr\/index.php?rest_route=\/wp\/v2\/types\/post"}],"author":[{"embeddable":true,"href":"https:\/\/akunq.net\/tr\/index.php?rest_route=\/wp\/v2\/users\/7"}],"replies":[{"embeddable":true,"href":"https:\/\/akunq.net\/tr\/index.php?rest_route=%2Fwp%2Fv2%2Fcomments&post=61892"}],"version-history":[{"count":1,"href":"https:\/\/akunq.net\/tr\/index.php?rest_route=\/wp\/v2\/posts\/61892\/revisions"}],"predecessor-version":[{"id":61894,"href":"https:\/\/akunq.net\/tr\/index.php?rest_route=\/wp\/v2\/posts\/61892\/revisions\/61894"}],"wp:featuredmedia":[{"embeddable":true,"href":"https:\/\/akunq.net\/tr\/index.php?rest_route=\/wp\/v2\/media\/61893"}],"wp:attachment":[{"href":"https:\/\/akunq.net\/tr\/index.php?rest_route=%2Fwp%2Fv2%2Fmedia&parent=61892"}],"wp:term":[{"taxonomy":"category","embeddable":true,"href":"https:\/\/akunq.net\/tr\/index.php?rest_route=%2Fwp%2Fv2%2Fcategories&post=61892"},{"taxonomy":"post_tag","embeddable":true,"href":"https:\/\/akunq.net\/tr\/index.php?rest_route=%2Fwp%2Fv2%2Ftags&post=61892"}],"curies":[{"name":"wp","href":"https:\/\/api.w.org\/{rel}","templated":true}]}}