{"id":61883,"date":"2021-03-16T02:40:23","date_gmt":"2021-03-16T07:40:23","guid":{"rendered":"https:\/\/akunq.net\/tr\/?p=61883"},"modified":"2021-03-16T02:40:23","modified_gmt":"2021-03-16T07:40:23","slug":"stoltenberg-s-400-ve-dogu-akdeniz-turkiye-ile-nato-arasinda-ciddi-gorus-ayriliklari-var","status":"publish","type":"post","link":"https:\/\/akunq.net\/tr\/?p=61883","title":{"rendered":"Stoltenberg: S-400 ve Do\u011fu Akdeniz, T\u00fcrkiye ile NATO aras\u0131nda ciddi g\u00f6r\u00fc\u015f ayr\u0131l\u0131klar\u0131 var"},"content":{"rendered":"<p><img loading=\"lazy\" decoding=\"async\" class=\"aligncenter size-medium wp-image-61884\" src=\"https:\/\/akunq.net\/tr\/wp-content\/uploads\/2021\/03\/\u0535\u0576\u057d-\u054d\u0569\u0578\u056c\u0569\u0565\u0576\u0562\u0565\u0580\u0563-360x217.jpg\" alt=\"\" width=\"360\" height=\"217\" srcset=\"https:\/\/akunq.net\/tr\/wp-content\/uploads\/sites\/6\/2021\/03\/\u0535\u0576\u057d-\u054d\u0569\u0578\u056c\u0569\u0565\u0576\u0562\u0565\u0580\u0563-360x217.jpg 360w, https:\/\/akunq.net\/tr\/wp-content\/uploads\/sites\/6\/2021\/03\/\u0535\u0576\u057d-\u054d\u0569\u0578\u056c\u0569\u0565\u0576\u0562\u0565\u0580\u0563-560x338.jpg 560w, https:\/\/akunq.net\/tr\/wp-content\/uploads\/sites\/6\/2021\/03\/\u0535\u0576\u057d-\u054d\u0569\u0578\u056c\u0569\u0565\u0576\u0562\u0565\u0580\u0563-260x157.jpg 260w, https:\/\/akunq.net\/tr\/wp-content\/uploads\/sites\/6\/2021\/03\/\u0535\u0576\u057d-\u054d\u0569\u0578\u056c\u0569\u0565\u0576\u0562\u0565\u0580\u0563-160x97.jpg 160w, https:\/\/akunq.net\/tr\/wp-content\/uploads\/sites\/6\/2021\/03\/\u0535\u0576\u057d-\u054d\u0569\u0578\u056c\u0569\u0565\u0576\u0562\u0565\u0580\u0563.jpg 620w\" sizes=\"auto, (max-width: 360px) 100vw, 360px\" \/><\/p>\n<p><em><strong>NATO Genel Sekreteri Jens Stoltenberg, T\u00fcrkiye ile NATO aras\u0131nda Do\u011fu Akdeniz, S-400&#8217;ler ve demokratik haklar gibi konularda &#8216;ciddi g\u00f6r\u00fc\u015f ayr\u0131l\u0131klar\u0131&#8217; oldu\u011funu s\u00f6yledi.<\/strong><\/em><\/p>\n<p>NATO Genel Sekreteri Jens Stoltenberg, Avrupa Parlamentosu&#8217;nun G\u00fcvenlik ve Savunma Alt Komitesi&#8217;nin toplant\u0131s\u0131na kat\u0131larak milletvekillerinin NATO-Avrupa Birli\u011fi (AB) ili\u015fkileri hakk\u0131ndaki sorular\u0131n\u0131 yan\u0131tlad\u0131.<\/p>\n<p>T\u00fcrkiye&#8217;nin eylemleri nedeniyle &#8216;ciddi endi\u015feleri&#8217; oldu\u011funu s\u00f6yleyen Genel Sekreter Stoltenberg, &#8220;<a href=\"https:\/\/tr.euronews.com\/2021\/03\/11\/abd-d-sisleri-bakan-blinken-turkiye-nin-dogu-akdeniz-deki-eylemlerinden-kayg-duyuyoruz\">Do\u011fu Akdeniz<\/a>, T\u00fcrkiye&#8217;nin Rusya&#8217;dan S<a href=\"https:\/\/tr.euronews.com\/2021\/02\/24\/pentagon-turkiye-ye-s-400-leri-elde-tutmama-cagr-s-n-tekrarlad\"><strong>-400 savunma sistemlerini<\/strong><\/a> alma karar\u0131 ve demokratik haklara ili\u015fkin ciddi g\u00f6r\u00fc\u015f ayr\u0131l\u0131klar\u0131m\u0131z ve baz\u0131 sorunlar var&#8221; dedi. 30 NATO m\u00fcttefiki aras\u0131nda farkl\u0131l\u0131klar, anla\u015fmazl\u0131klar olabilece\u011fini vurgulayan Stoltenberg, &#8220;NATO bunlar\u0131n tart\u0131\u015f\u0131lmas\u0131 i\u00e7in \u00f6nemli bir platform imkan\u0131 sunmaktad\u0131r.&#8221; dedi.<\/p>\n<p>Stoltenberg, T\u00fcrkiye ile Yunanistan aras\u0131nda gerginli\u011fi azaltmak amac\u0131yla NATO&#8217;da ayr\u0131\u015ft\u0131rma usulleri mekanizmas\u0131 kuruldu\u011funu, iki \u00fclkenin ayr\u0131ca isti\u015fari g\u00f6r\u00fc\u015fmelere de ba\u015flad\u0131\u011f\u0131n\u0131 belirtti.<\/p>\n<p>Stoltenberg, &#8220;Sorunlar\u0131n \u00e7\u00f6z\u00fcld\u00fc\u011f\u00fcn\u00fc s\u00f6ylemiyorum ama \u00f6nemli konularda anla\u015fmazl\u0131klar\u0131m\u0131z oldu\u011funda bunlar\u0131n ele al\u0131nmas\u0131nda platform sunmak, do\u011fru yolda ilerleyebilmek i\u00e7in uluslararas\u0131 kurumlara ihtiyac\u0131m\u0131z var. Bizim yapt\u0131\u011f\u0131m\u0131z da bu.&#8221; diye konu\u015ftu.<\/p>\n<h2>Rusya ve \u00c7in&#8217;e kar\u015f\u0131 birliktelik vurgusu<\/h2>\n<p>Konu\u015fmas\u0131nda \u00c7in ve Rusya&#8217;ya a\u011f\u0131rl\u0131k veren Stoltenberg, \u00c7in&#8217;i bir has\u0131m olarak g\u00f6rmediklerini, bu \u00fclkenin ekonomilerin geli\u015fmesine katk\u0131da bulundu\u011funu ancak \u00c7in&#8217;in otoriter bir \u00fclke olarak Avrupa de\u011ferlerini payla\u015fmad\u0131\u011f\u0131n\u0131 vurgulad\u0131.<\/p>\n<p>Stoltenberg, \u00c7in&#8217;in ikinci b\u00fcy\u00fck savunma b\u00fct\u00e7esine sahip \u00fclke olarak modern askeri imkanlara yat\u0131r\u0131m yapt\u0131\u011f\u0131n\u0131 hat\u0131rlatt\u0131 ve \u00c7in&#8217;in y\u00fckseli\u015finin k\u00fcresel g\u00fc\u00e7 dengesine getirdi\u011fi de\u011fi\u015fime kar\u015f\u0131 Avrupa ile Kuzey Amerika&#8217;n\u0131n birlikte durmas\u0131 gerekti\u011fini s\u00f6yledi.<\/p>\n<p>Stoltenberg, &#8220;Avrupa da Kuzey Amerika da tek ba\u015f\u0131na yeterince b\u00fcy\u00fck de\u011filler ama birlikte d\u00fcnyan\u0131n gayrisafi milli has\u0131lalar\u0131n\u0131n ve askeri g\u00fcc\u00fcn\u00fcn y\u00fczde 50&#8217;sine sahipler. \u00c7in&#8217;in y\u00fckseli\u015fi s\u00f6z konusu oldu\u011funda birlikte durman\u0131n \u00f6nemi g\u00f6r\u00fcl\u00fcyor.&#8221; diye konu\u015ftu.<\/p>\n<p>\u00c7in&#8217;in son y\u0131llarda uzun menzilli f\u00fczelere yat\u0131r\u0131m yapt\u0131\u011f\u0131n\u0131 belirten Stoltenberg, bu \u00fclkeyi gelecekte silahlar\u0131n kontrol\u00fc anla\u015fmas\u0131na dahil etmek istediklerini bildirdi.<\/p>\n<p>NATO \u00fclkelerine do\u011frudan bir tehdit g\u00f6r\u00fcp g\u00f6rmedi\u011fi sorulan Stoltenberg, &#8220;Herhangi bir NATO \u00fclkesine yak\u0131n zamanda bir askeri sald\u0131r\u0131 tehdidi g\u00f6rm\u00fcyorum ama bunun bir nedeni var o da NATO&#8217;nun varl\u0131\u011f\u0131.&#8221; ifadesini kulland\u0131.<\/p>\n<p>Stoltenberg, Rusya \u00f6rne\u011fini verdi ve bu \u00fclkenin bat\u0131s\u0131ndaki NATO \u00fcyesi kom\u015fular\u0131na de\u011fil Ukrayna, G\u00fcrcistan gibi NATO \u00fcyesi olmayan kom\u015fular\u0131na kar\u015f\u0131 askeri g\u00fc\u00e7 kulland\u0131\u011f\u0131n\u0131 ifade etti.<\/p>\n<p><em><strong>https:\/\/tr.euronews.com\/2021\/03\/15\/stoltenberg-s-400-ve-dogu-akdeniz-turkiye-ile-nato-aras-nda-ciddi-gorus-ayr-l-klar-var\u00a0<\/strong><\/em><\/p>\n","protected":false},"excerpt":{"rendered":"<p>NATO Genel Sekreteri Jens Stoltenberg, T\u00fcrkiye ile NATO aras\u0131nda Do\u011fu Akdeniz, S-400&#8217;ler ve demokratik haklar gibi konularda &#8216;ciddi g\u00f6r\u00fc\u015f ayr\u0131l\u0131klar\u0131&#8217; oldu\u011funu s\u00f6yledi. NATO Genel Sekreteri Jens Stoltenberg, Avrupa Parlamentosu&#8217;nun G\u00fcvenlik ve Savunma Alt Komitesi&#8217;nin toplant\u0131s\u0131na kat\u0131larak milletvekillerinin NATO-Avrupa Birli\u011fi (AB) ili\u015fkileri hakk\u0131ndaki sorular\u0131n\u0131 yan\u0131tlad\u0131. T\u00fcrkiye&#8217;nin eylemleri nedeniyle &#8216;ciddi endi\u015feleri&#8217; oldu\u011funu s\u00f6yleyen Genel Sekreter Stoltenberg, &#8220;Do\u011fu [&hellip;]<\/p>\n","protected":false},"author":7,"featured_media":61884,"comment_status":"open","ping_status":"open","sticky":false,"template":"","format":"standard","meta":{"footnotes":""},"categories":[1],"tags":[],"class_list":["post-61883","post","type-post","status-publish","format-standard","has-post-thumbnail","hentry","category-haberler"],"yoast_head":"<!-- This site is optimized with the Yoast SEO plugin v27.4 - https:\/\/yoast.com\/product\/yoast-seo-wordpress\/ -->\n<title>Stoltenberg: S-400 ve Do\u011fu Akdeniz, T\u00fcrkiye ile NATO aras\u0131nda ciddi g\u00f6r\u00fc\u015f ayr\u0131l\u0131klar\u0131 var - Bati Ermenistan Ve Bati Ermenileri Sorunlari Ara\u015ftirmalar Merkezi<\/title>\n<meta name=\"robots\" content=\"index, follow, max-snippet:-1, max-image-preview:large, max-video-preview:-1\" \/>\n<link rel=\"canonical\" href=\"https:\/\/akunq.net\/tr\/?p=61883\" \/>\n<meta property=\"og:locale\" content=\"en_US\" \/>\n<meta property=\"og:type\" content=\"article\" \/>\n<meta property=\"og:title\" content=\"Stoltenberg: S-400 ve Do\u011fu Akdeniz, T\u00fcrkiye ile NATO aras\u0131nda ciddi g\u00f6r\u00fc\u015f ayr\u0131l\u0131klar\u0131 var - Bati Ermenistan Ve Bati Ermenileri Sorunlari Ara\u015ftirmalar Merkezi\" \/>\n<meta property=\"og:description\" content=\"NATO Genel Sekreteri Jens Stoltenberg, T\u00fcrkiye ile NATO aras\u0131nda Do\u011fu Akdeniz, S-400&#8217;ler ve demokratik haklar gibi konularda &#8216;ciddi g\u00f6r\u00fc\u015f ayr\u0131l\u0131klar\u0131&#8217; oldu\u011funu s\u00f6yledi. NATO Genel Sekreteri Jens Stoltenberg, Avrupa Parlamentosu&#8217;nun G\u00fcvenlik ve Savunma Alt Komitesi&#8217;nin toplant\u0131s\u0131na kat\u0131larak milletvekillerinin NATO-Avrupa Birli\u011fi (AB) ili\u015fkileri hakk\u0131ndaki sorular\u0131n\u0131 yan\u0131tlad\u0131. T\u00fcrkiye&#8217;nin eylemleri nedeniyle &#8216;ciddi endi\u015feleri&#8217; oldu\u011funu s\u00f6yleyen Genel Sekreter Stoltenberg, &#8220;Do\u011fu [&hellip;]\" \/>\n<meta property=\"og:url\" content=\"https:\/\/akunq.net\/tr\/?p=61883\" \/>\n<meta property=\"og:site_name\" content=\"Bati Ermenistan Ve Bati Ermenileri Sorunlari Ara\u015ftirmalar Merkezi\" \/>\n<meta property=\"article:published_time\" content=\"2021-03-16T07:40:23+00:00\" \/>\n<meta property=\"og:image\" content=\"https:\/\/akunq.net\/tr\/wp-content\/uploads\/sites\/6\/2021\/03\/\u0535\u0576\u057d-\u054d\u0569\u0578\u056c\u0569\u0565\u0576\u0562\u0565\u0580\u0563.jpg\" \/>\n\t<meta property=\"og:image:width\" content=\"620\" \/>\n\t<meta property=\"og:image:height\" content=\"374\" \/>\n\t<meta property=\"og:image:type\" content=\"image\/jpeg\" \/>\n<meta name=\"author\" content=\"admin\" \/>\n<meta name=\"twitter:card\" content=\"summary_large_image\" \/>\n<meta name=\"twitter:label1\" content=\"Written by\" \/>\n\t<meta name=\"twitter:data1\" content=\"admin\" \/>\n\t<meta name=\"twitter:label2\" content=\"Est. reading time\" \/>\n\t<meta name=\"twitter:data2\" content=\"2 minutes\" \/>\n<script type=\"application\/ld+json\" class=\"yoast-schema-graph\">{\"@context\":\"https:\\\/\\\/schema.org\",\"@graph\":[{\"@type\":\"Article\",\"@id\":\"https:\\\/\\\/akunq.net\\\/tr\\\/?p=61883#article\",\"isPartOf\":{\"@id\":\"https:\\\/\\\/akunq.net\\\/tr\\\/?p=61883\"},\"author\":{\"name\":\"admin\",\"@id\":\"https:\\\/\\\/akunq.net\\\/tr\\\/#\\\/schema\\\/person\\\/096f1d38a12cce57fb855b485ed24c9e\"},\"headline\":\"Stoltenberg: S-400 ve Do\u011fu Akdeniz, T\u00fcrkiye ile NATO aras\u0131nda ciddi g\u00f6r\u00fc\u015f ayr\u0131l\u0131klar\u0131 var\",\"datePublished\":\"2021-03-16T07:40:23+00:00\",\"mainEntityOfPage\":{\"@id\":\"https:\\\/\\\/akunq.net\\\/tr\\\/?p=61883\"},\"wordCount\":496,\"commentCount\":0,\"image\":{\"@id\":\"https:\\\/\\\/akunq.net\\\/tr\\\/?p=61883#primaryimage\"},\"thumbnailUrl\":\"https:\\\/\\\/akunq.net\\\/tr\\\/wp-content\\\/uploads\\\/sites\\\/6\\\/2021\\\/03\\\/\u0535\u0576\u057d-\u054d\u0569\u0578\u056c\u0569\u0565\u0576\u0562\u0565\u0580\u0563.jpg\",\"articleSection\":[\"Haberler\"],\"inLanguage\":\"en-US\",\"potentialAction\":[{\"@type\":\"CommentAction\",\"name\":\"Comment\",\"target\":[\"https:\\\/\\\/akunq.net\\\/tr\\\/?p=61883#respond\"]}]},{\"@type\":\"WebPage\",\"@id\":\"https:\\\/\\\/akunq.net\\\/tr\\\/?p=61883\",\"url\":\"https:\\\/\\\/akunq.net\\\/tr\\\/?p=61883\",\"name\":\"Stoltenberg: S-400 ve Do\u011fu Akdeniz, T\u00fcrkiye ile NATO aras\u0131nda ciddi g\u00f6r\u00fc\u015f ayr\u0131l\u0131klar\u0131 var - Bati Ermenistan Ve Bati Ermenileri Sorunlari Ara\u015ftirmalar Merkezi\",\"isPartOf\":{\"@id\":\"https:\\\/\\\/akunq.net\\\/tr\\\/#website\"},\"primaryImageOfPage\":{\"@id\":\"https:\\\/\\\/akunq.net\\\/tr\\\/?p=61883#primaryimage\"},\"image\":{\"@id\":\"https:\\\/\\\/akunq.net\\\/tr\\\/?p=61883#primaryimage\"},\"thumbnailUrl\":\"https:\\\/\\\/akunq.net\\\/tr\\\/wp-content\\\/uploads\\\/sites\\\/6\\\/2021\\\/03\\\/\u0535\u0576\u057d-\u054d\u0569\u0578\u056c\u0569\u0565\u0576\u0562\u0565\u0580\u0563.jpg\",\"datePublished\":\"2021-03-16T07:40:23+00:00\",\"author\":{\"@id\":\"https:\\\/\\\/akunq.net\\\/tr\\\/#\\\/schema\\\/person\\\/096f1d38a12cce57fb855b485ed24c9e\"},\"breadcrumb\":{\"@id\":\"https:\\\/\\\/akunq.net\\\/tr\\\/?p=61883#breadcrumb\"},\"inLanguage\":\"en-US\",\"potentialAction\":[{\"@type\":\"ReadAction\",\"target\":[\"https:\\\/\\\/akunq.net\\\/tr\\\/?p=61883\"]}]},{\"@type\":\"ImageObject\",\"inLanguage\":\"en-US\",\"@id\":\"https:\\\/\\\/akunq.net\\\/tr\\\/?p=61883#primaryimage\",\"url\":\"https:\\\/\\\/akunq.net\\\/tr\\\/wp-content\\\/uploads\\\/sites\\\/6\\\/2021\\\/03\\\/\u0535\u0576\u057d-\u054d\u0569\u0578\u056c\u0569\u0565\u0576\u0562\u0565\u0580\u0563.jpg\",\"contentUrl\":\"https:\\\/\\\/akunq.net\\\/tr\\\/wp-content\\\/uploads\\\/sites\\\/6\\\/2021\\\/03\\\/\u0535\u0576\u057d-\u054d\u0569\u0578\u056c\u0569\u0565\u0576\u0562\u0565\u0580\u0563.jpg\",\"width\":620,\"height\":374},{\"@type\":\"BreadcrumbList\",\"@id\":\"https:\\\/\\\/akunq.net\\\/tr\\\/?p=61883#breadcrumb\",\"itemListElement\":[{\"@type\":\"ListItem\",\"position\":1,\"name\":\"Home\",\"item\":\"https:\\\/\\\/akunq.net\\\/tr\"},{\"@type\":\"ListItem\",\"position\":2,\"name\":\"Stoltenberg: S-400 ve Do\u011fu Akdeniz, T\u00fcrkiye ile NATO aras\u0131nda ciddi g\u00f6r\u00fc\u015f ayr\u0131l\u0131klar\u0131 var\"}]},{\"@type\":\"WebSite\",\"@id\":\"https:\\\/\\\/akunq.net\\\/tr\\\/#website\",\"url\":\"https:\\\/\\\/akunq.net\\\/tr\\\/\",\"name\":\"Bati Ermenistan Ve Bati Ermenileri Sorunlari Ara\u015ftirmalar Merkezi\",\"description\":\"\",\"potentialAction\":[{\"@type\":\"SearchAction\",\"target\":{\"@type\":\"EntryPoint\",\"urlTemplate\":\"https:\\\/\\\/akunq.net\\\/tr\\\/?s={search_term_string}\"},\"query-input\":{\"@type\":\"PropertyValueSpecification\",\"valueRequired\":true,\"valueName\":\"search_term_string\"}}],\"inLanguage\":\"en-US\"},{\"@type\":\"Person\",\"@id\":\"https:\\\/\\\/akunq.net\\\/tr\\\/#\\\/schema\\\/person\\\/096f1d38a12cce57fb855b485ed24c9e\",\"name\":\"admin\",\"url\":\"https:\\\/\\\/akunq.net\\\/tr\\\/?author=7\"}]}<\/script>\n<!-- \/ Yoast SEO plugin. -->","yoast_head_json":{"title":"Stoltenberg: S-400 ve Do\u011fu Akdeniz, T\u00fcrkiye ile NATO aras\u0131nda ciddi g\u00f6r\u00fc\u015f ayr\u0131l\u0131klar\u0131 var - Bati Ermenistan Ve Bati Ermenileri Sorunlari Ara\u015ftirmalar Merkezi","robots":{"index":"index","follow":"follow","max-snippet":"max-snippet:-1","max-image-preview":"max-image-preview:large","max-video-preview":"max-video-preview:-1"},"canonical":"https:\/\/akunq.net\/tr\/?p=61883","og_locale":"en_US","og_type":"article","og_title":"Stoltenberg: S-400 ve Do\u011fu Akdeniz, T\u00fcrkiye ile NATO aras\u0131nda ciddi g\u00f6r\u00fc\u015f ayr\u0131l\u0131klar\u0131 var - Bati Ermenistan Ve Bati Ermenileri Sorunlari Ara\u015ftirmalar Merkezi","og_description":"NATO Genel Sekreteri Jens Stoltenberg, T\u00fcrkiye ile NATO aras\u0131nda Do\u011fu Akdeniz, S-400&#8217;ler ve demokratik haklar gibi konularda &#8216;ciddi g\u00f6r\u00fc\u015f ayr\u0131l\u0131klar\u0131&#8217; oldu\u011funu s\u00f6yledi. NATO Genel Sekreteri Jens Stoltenberg, Avrupa Parlamentosu&#8217;nun G\u00fcvenlik ve Savunma Alt Komitesi&#8217;nin toplant\u0131s\u0131na kat\u0131larak milletvekillerinin NATO-Avrupa Birli\u011fi (AB) ili\u015fkileri hakk\u0131ndaki sorular\u0131n\u0131 yan\u0131tlad\u0131. T\u00fcrkiye&#8217;nin eylemleri nedeniyle &#8216;ciddi endi\u015feleri&#8217; oldu\u011funu s\u00f6yleyen Genel Sekreter Stoltenberg, &#8220;Do\u011fu [&hellip;]","og_url":"https:\/\/akunq.net\/tr\/?p=61883","og_site_name":"Bati Ermenistan Ve Bati Ermenileri Sorunlari Ara\u015ftirmalar Merkezi","article_published_time":"2021-03-16T07:40:23+00:00","og_image":[{"width":620,"height":374,"url":"https:\/\/akunq.net\/tr\/wp-content\/uploads\/sites\/6\/2021\/03\/\u0535\u0576\u057d-\u054d\u0569\u0578\u056c\u0569\u0565\u0576\u0562\u0565\u0580\u0563.jpg","type":"image\/jpeg"}],"author":"admin","twitter_card":"summary_large_image","twitter_misc":{"Written by":"admin","Est. reading time":"2 minutes"},"schema":{"@context":"https:\/\/schema.org","@graph":[{"@type":"Article","@id":"https:\/\/akunq.net\/tr\/?p=61883#article","isPartOf":{"@id":"https:\/\/akunq.net\/tr\/?p=61883"},"author":{"name":"admin","@id":"https:\/\/akunq.net\/tr\/#\/schema\/person\/096f1d38a12cce57fb855b485ed24c9e"},"headline":"Stoltenberg: S-400 ve Do\u011fu Akdeniz, T\u00fcrkiye ile NATO aras\u0131nda ciddi g\u00f6r\u00fc\u015f ayr\u0131l\u0131klar\u0131 var","datePublished":"2021-03-16T07:40:23+00:00","mainEntityOfPage":{"@id":"https:\/\/akunq.net\/tr\/?p=61883"},"wordCount":496,"commentCount":0,"image":{"@id":"https:\/\/akunq.net\/tr\/?p=61883#primaryimage"},"thumbnailUrl":"https:\/\/akunq.net\/tr\/wp-content\/uploads\/sites\/6\/2021\/03\/\u0535\u0576\u057d-\u054d\u0569\u0578\u056c\u0569\u0565\u0576\u0562\u0565\u0580\u0563.jpg","articleSection":["Haberler"],"inLanguage":"en-US","potentialAction":[{"@type":"CommentAction","name":"Comment","target":["https:\/\/akunq.net\/tr\/?p=61883#respond"]}]},{"@type":"WebPage","@id":"https:\/\/akunq.net\/tr\/?p=61883","url":"https:\/\/akunq.net\/tr\/?p=61883","name":"Stoltenberg: S-400 ve Do\u011fu Akdeniz, T\u00fcrkiye ile NATO aras\u0131nda ciddi g\u00f6r\u00fc\u015f ayr\u0131l\u0131klar\u0131 var - Bati Ermenistan Ve Bati Ermenileri Sorunlari Ara\u015ftirmalar Merkezi","isPartOf":{"@id":"https:\/\/akunq.net\/tr\/#website"},"primaryImageOfPage":{"@id":"https:\/\/akunq.net\/tr\/?p=61883#primaryimage"},"image":{"@id":"https:\/\/akunq.net\/tr\/?p=61883#primaryimage"},"thumbnailUrl":"https:\/\/akunq.net\/tr\/wp-content\/uploads\/sites\/6\/2021\/03\/\u0535\u0576\u057d-\u054d\u0569\u0578\u056c\u0569\u0565\u0576\u0562\u0565\u0580\u0563.jpg","datePublished":"2021-03-16T07:40:23+00:00","author":{"@id":"https:\/\/akunq.net\/tr\/#\/schema\/person\/096f1d38a12cce57fb855b485ed24c9e"},"breadcrumb":{"@id":"https:\/\/akunq.net\/tr\/?p=61883#breadcrumb"},"inLanguage":"en-US","potentialAction":[{"@type":"ReadAction","target":["https:\/\/akunq.net\/tr\/?p=61883"]}]},{"@type":"ImageObject","inLanguage":"en-US","@id":"https:\/\/akunq.net\/tr\/?p=61883#primaryimage","url":"https:\/\/akunq.net\/tr\/wp-content\/uploads\/sites\/6\/2021\/03\/\u0535\u0576\u057d-\u054d\u0569\u0578\u056c\u0569\u0565\u0576\u0562\u0565\u0580\u0563.jpg","contentUrl":"https:\/\/akunq.net\/tr\/wp-content\/uploads\/sites\/6\/2021\/03\/\u0535\u0576\u057d-\u054d\u0569\u0578\u056c\u0569\u0565\u0576\u0562\u0565\u0580\u0563.jpg","width":620,"height":374},{"@type":"BreadcrumbList","@id":"https:\/\/akunq.net\/tr\/?p=61883#breadcrumb","itemListElement":[{"@type":"ListItem","position":1,"name":"Home","item":"https:\/\/akunq.net\/tr"},{"@type":"ListItem","position":2,"name":"Stoltenberg: S-400 ve Do\u011fu Akdeniz, T\u00fcrkiye ile NATO aras\u0131nda ciddi g\u00f6r\u00fc\u015f ayr\u0131l\u0131klar\u0131 var"}]},{"@type":"WebSite","@id":"https:\/\/akunq.net\/tr\/#website","url":"https:\/\/akunq.net\/tr\/","name":"Bati Ermenistan Ve Bati Ermenileri Sorunlari Ara\u015ftirmalar Merkezi","description":"","potentialAction":[{"@type":"SearchAction","target":{"@type":"EntryPoint","urlTemplate":"https:\/\/akunq.net\/tr\/?s={search_term_string}"},"query-input":{"@type":"PropertyValueSpecification","valueRequired":true,"valueName":"search_term_string"}}],"inLanguage":"en-US"},{"@type":"Person","@id":"https:\/\/akunq.net\/tr\/#\/schema\/person\/096f1d38a12cce57fb855b485ed24c9e","name":"admin","url":"https:\/\/akunq.net\/tr\/?author=7"}]}},"_links":{"self":[{"href":"https:\/\/akunq.net\/tr\/index.php?rest_route=\/wp\/v2\/posts\/61883","targetHints":{"allow":["GET"]}}],"collection":[{"href":"https:\/\/akunq.net\/tr\/index.php?rest_route=\/wp\/v2\/posts"}],"about":[{"href":"https:\/\/akunq.net\/tr\/index.php?rest_route=\/wp\/v2\/types\/post"}],"author":[{"embeddable":true,"href":"https:\/\/akunq.net\/tr\/index.php?rest_route=\/wp\/v2\/users\/7"}],"replies":[{"embeddable":true,"href":"https:\/\/akunq.net\/tr\/index.php?rest_route=%2Fwp%2Fv2%2Fcomments&post=61883"}],"version-history":[{"count":1,"href":"https:\/\/akunq.net\/tr\/index.php?rest_route=\/wp\/v2\/posts\/61883\/revisions"}],"predecessor-version":[{"id":61885,"href":"https:\/\/akunq.net\/tr\/index.php?rest_route=\/wp\/v2\/posts\/61883\/revisions\/61885"}],"wp:featuredmedia":[{"embeddable":true,"href":"https:\/\/akunq.net\/tr\/index.php?rest_route=\/wp\/v2\/media\/61884"}],"wp:attachment":[{"href":"https:\/\/akunq.net\/tr\/index.php?rest_route=%2Fwp%2Fv2%2Fmedia&parent=61883"}],"wp:term":[{"taxonomy":"category","embeddable":true,"href":"https:\/\/akunq.net\/tr\/index.php?rest_route=%2Fwp%2Fv2%2Fcategories&post=61883"},{"taxonomy":"post_tag","embeddable":true,"href":"https:\/\/akunq.net\/tr\/index.php?rest_route=%2Fwp%2Fv2%2Ftags&post=61883"}],"curies":[{"name":"wp","href":"https:\/\/api.w.org\/{rel}","templated":true}]}}