{"id":61861,"date":"2021-03-15T02:27:43","date_gmt":"2021-03-15T07:27:43","guid":{"rendered":"https:\/\/akunq.net\/tr\/?p=61861"},"modified":"2021-03-15T02:27:43","modified_gmt":"2021-03-15T07:27:43","slug":"heyecanlandiran-gelisme-tesadufen-kesfedildi-3-bin-yillik","status":"publish","type":"post","link":"https:\/\/akunq.net\/tr\/?p=61861","title":{"rendered":"Heyecanland\u0131ran geli\u015fme! Tesad\u00fcfen ke\u015ffedildi, 3 bin y\u0131ll\u0131k\u2026"},"content":{"rendered":"<p><img loading=\"lazy\" decoding=\"async\" class=\"aligncenter size-medium wp-image-61862\" src=\"https:\/\/akunq.net\/tr\/wp-content\/uploads\/2021\/03\/Ayd\u0131ntepe-yer-alt\u0131-\u015fehri-360x203.jpg\" alt=\"\" width=\"360\" height=\"203\" srcset=\"https:\/\/akunq.net\/tr\/wp-content\/uploads\/sites\/6\/2021\/03\/Ayd\u0131ntepe-yer-alt\u0131-\u015fehri-360x203.jpg 360w, https:\/\/akunq.net\/tr\/wp-content\/uploads\/sites\/6\/2021\/03\/Ayd\u0131ntepe-yer-alt\u0131-\u015fehri-560x315.jpg 560w, https:\/\/akunq.net\/tr\/wp-content\/uploads\/sites\/6\/2021\/03\/Ayd\u0131ntepe-yer-alt\u0131-\u015fehri-260x146.jpg 260w, https:\/\/akunq.net\/tr\/wp-content\/uploads\/sites\/6\/2021\/03\/Ayd\u0131ntepe-yer-alt\u0131-\u015fehri-160x90.jpg 160w, https:\/\/akunq.net\/tr\/wp-content\/uploads\/sites\/6\/2021\/03\/Ayd\u0131ntepe-yer-alt\u0131-\u015fehri.jpg 750w\" sizes=\"auto, (max-width: 360px) 100vw, 360px\" \/><\/p>\n<p><strong>Murat S\u00d6YLEMEZ\/BAYBURT (DHA)<\/strong><\/p>\n<p><em><strong>Bayburt\u2019ta (Baberd-&#8216;Akunq&#8217; web sitesi) bir in\u015faat kaz\u0131s\u0131 s\u0131ras\u0131nda tesad\u00fcfen ke\u015ffedilen ve yerin 5 metre alt\u0131ndaki 3 bin y\u0131ll\u0131k Ayd\u0131ntepe yer alt\u0131 \u015fehrinin 1200 metre uzunlu\u011fundaki 22 odadan olu\u015fan koridorlar\u0131 ortaya \u00e7\u0131kar\u0131ld\u0131. Yer alt\u0131 \u015fehrinin bir ucunun Bayburt Kalesi, di\u011fer ucunun ise 7,5 kilometre mesafedeki bir k\u00f6ye kadar uzand\u0131\u011f\u0131 tahmin ediliyor. Yer alt\u0131 \u015fehrinin kalan k\u0131s\u0131mlar\u0131n\u0131n da ortaya \u00e7\u0131kar\u0131lmas\u0131 i\u00e7in \u00e7al\u0131\u015fma y\u00fcr\u00fct\u00fclecek. \u0130l\u00e7e Kaymakam\u0131 Mustafa Babacan, \u201dRivayete g\u00f6re eskiden bu b\u00f6lgede ya\u015fayan insanlar, sava\u015ftan ka\u00e7mak i\u00e7in buray\u0131 s\u0131\u011f\u0131nak olarak kullanm\u0131\u015f. Bir di\u011fer rivayete g\u00f6re ise Hristiyanl\u0131\u011f\u0131n ilk zamanlar\u0131nda ilk Hristiyanlar\u0131n yerle\u015fim b\u00f6lgelerinden birisi oldu\u011fu, Roma zulm\u00fcnden ka\u00e7mak i\u00e7in bu t\u00fcnelleri kulland\u0131klar\u0131 d\u00fc\u015f\u00fcn\u00fcl\u00fcyor\u201d dedi.<\/strong><\/em><\/p>\n<p>\u0130l\u00e7ede 1996 y\u0131l\u0131nda bir in\u015faat kaz\u0131s\u0131 s\u0131ras\u0131nda tesad\u00fcfen bulunan ve hi\u00e7bir yap\u0131 malzemesi kullan\u0131lmadan kayalar\u0131n oyulmas\u0131 ile yerin 5 metre alt\u0131nda, 2 metre y\u00fcksekli\u011finde 22 odas\u0131 oldu\u011fu tespit edilen yer alt\u0131 \u015fehri i\u00e7in proje haz\u0131rland\u0131. 3 bin y\u0131ll\u0131k tarihi ge\u00e7mi\u015fe sahip Ayd\u0131ntepe yer alt\u0131 \u015fehrinin tamam\u0131n\u0131n g\u00fcn y\u00fcz\u00fcne \u00e7\u0131kar\u0131lmas\u0131 i\u00e7in \u00e7al\u0131\u015fma y\u00fcr\u00fct\u00fclecek.<\/p>\n<p>Ge\u00e7mi\u015fte s\u0131\u011f\u0131nak olarak kullan\u0131ld\u0131\u011f\u0131 san\u0131lan yer alt\u0131 \u015fehrinin bir ucunun Bayburt Kalesi, di\u011fer ucunun ise 7,5 kilometre mesafedeki K\u0131rz\u0131 K\u00f6y\u00fc\u2019ne kadar uzand\u0131\u011f\u0131 tahmin ediliyor. \u015eu ana kadar 1200 metre uzunlu\u011fundaki koridorlar\u0131 ke\u015ffedilen Ayd\u0131ntepe yer alt\u0131 \u015fehrini, pandemi d\u00f6neminde 30 bin ki\u015fi ziyaret etti.<\/p>\n<p><strong>\u2018KALAN KISIMLARININ DA ORTAYA \u00c7IKARILMASI PLANLANIYOR\u2019<\/strong><\/p>\n<p>Ayd\u0131ntepe yer alt\u0131 \u015fehrinin, 1996 y\u0131l\u0131nda yap\u0131lan bir in\u015faat kaz\u0131s\u0131 s\u0131ras\u0131nda ke\u015ffedildi\u011fini ifade eden \u0130l\u00e7e Kaymakam\u0131 Mustafa Babacan, \u201cYakla\u015f\u0131k uzunlu\u011fu 1200 metre civar\u0131ndad\u0131r, hi\u00e7bir yap\u0131 malzemesi kullan\u0131lmadan ana kayaya oyularak yap\u0131lm\u0131\u015f bir t\u00fcnel ve \u015fu anda i\u00e7inde 22 tane odas\u0131 mevcut. Ayd\u0131ntepe yer alt\u0131 \u015fehrinin, bir ucunun Bayburt Kalesi, di\u011fer ucunun ise 7,5 kilometre mesafedeki K\u0131rz\u0131 K\u00f6y\u00fc\u2019ne kadar uzand\u0131\u011f\u0131 tahmin ediliyor. Bununla ilgili gerekli \u00e7al\u0131\u015fmalar devam ediyor, yer alt\u0131 \u015fehrinin kalan k\u0131s\u0131mlar\u0131n\u0131n da ortaya \u00e7\u0131kar\u0131lmas\u0131 planlan\u0131yor. 3 binli y\u0131llara dayanan bu yer alt\u0131 \u015fehriyle ilgili rivayete g\u00f6re eskiden bu b\u00f6lgede ya\u015fayan insanlar, sava\u015ftan ka\u00e7mak i\u00e7in buray\u0131 s\u0131\u011f\u0131nak olarak kullanm\u0131\u015f. Bir di\u011fer rivayete g\u00f6re ise Hristiyanl\u0131\u011f\u0131n ilk zamanlar\u0131nda ilk Hristiyanlar\u0131n yerle\u015fim b\u00f6lgelerinden birisi oldu\u011fu, Roma zulm\u00fcnden ka\u00e7mak i\u00e7in bu t\u00fcnelleri kulland\u0131klar\u0131 d\u00fc\u015f\u00fcn\u00fcl\u00fcyor. Yer alt\u0131 \u015fehrimizi normalde 40 bin ki\u015fi ziyaret ederdi, ancak pandemi d\u00f6neminde 30 bin ki\u015fiyi a\u011f\u0131rlad\u0131k. Ziyaret\u00e7i kapasitemizi art\u0131rma gayreti i\u00e7indeyiz\u201d dedi.<\/p>\n<p><strong>\u2018FARKLI B\u0130R D\u00dcNYAYA KAPILARI A\u00c7IYOR\u2019<\/strong><\/p>\n<p>Yer alt\u0131 \u015fehrini ziyarete gelen Selma Aydeniz, \u201cYer alt\u0131 \u015fehri, bir cazibe merkezi haline gelmi\u015f. Ger\u00e7ekten \u00e7ok g\u00fczel bir yer. Herkese tavsiye ederim\u201d diye konu\u015ftu.<\/p>\n<p>Yer alt\u0131 \u015fehrine ilk defa geldi\u011fini s\u00f6yleyen Hasan T\u00fcrko\u011flu ise, \u201cBurayla ilgili \u2018yaz\u0131n serin, k\u0131\u015f\u0131n ise s\u0131cak olur\u2019 diye bir s\u00f6ylenti vard\u0131. \u0130\u00e7eri montla girdim ama \u00e7ok terledim. \u0130lerledik\u00e7e s\u0131cak bast\u0131. Herkesin gelip g\u00f6rmesi gerekiyor, farkl\u0131 d\u00fcnyalara kap\u0131lar\u0131 a\u00e7\u0131yor\u201d ifadelerini kulland\u0131.<\/p>\n<hr \/>\n<p><em><strong><a href=\"https:\/\/www.hurriyet.com.tr\/gundem\/heyecanlandiran-gelisme-tesadufen-kesfedildi-3-bin-yillik-41762927\" target=\"_blank\" rel=\"noopener noreferrer\">H\u00fcrriyet Gazetesi<\/a><\/strong><\/em><\/p>\n","protected":false},"excerpt":{"rendered":"<p>Murat S\u00d6YLEMEZ\/BAYBURT (DHA) Bayburt\u2019ta (Baberd-&#8216;Akunq&#8217; web sitesi) bir in\u015faat kaz\u0131s\u0131 s\u0131ras\u0131nda tesad\u00fcfen ke\u015ffedilen ve yerin 5 metre alt\u0131ndaki 3 bin y\u0131ll\u0131k Ayd\u0131ntepe yer alt\u0131 \u015fehrinin 1200 metre uzunlu\u011fundaki 22 odadan olu\u015fan koridorlar\u0131 ortaya \u00e7\u0131kar\u0131ld\u0131. Yer alt\u0131 \u015fehrinin bir ucunun Bayburt Kalesi, di\u011fer ucunun ise 7,5 kilometre mesafedeki bir k\u00f6ye kadar uzand\u0131\u011f\u0131 tahmin ediliyor. Yer alt\u0131 [&hellip;]<\/p>\n","protected":false},"author":7,"featured_media":61862,"comment_status":"open","ping_status":"open","sticky":false,"template":"","format":"standard","meta":{"footnotes":""},"categories":[1],"tags":[],"class_list":["post-61861","post","type-post","status-publish","format-standard","has-post-thumbnail","hentry","category-haberler"],"yoast_head":"<!-- This site is optimized with the Yoast SEO plugin v27.4 - https:\/\/yoast.com\/product\/yoast-seo-wordpress\/ -->\n<title>Heyecanland\u0131ran geli\u015fme! Tesad\u00fcfen ke\u015ffedildi, 3 bin y\u0131ll\u0131k\u2026 - Bati Ermenistan Ve Bati Ermenileri Sorunlari Ara\u015ftirmalar Merkezi<\/title>\n<meta name=\"robots\" content=\"index, follow, max-snippet:-1, max-image-preview:large, max-video-preview:-1\" \/>\n<link rel=\"canonical\" href=\"https:\/\/akunq.net\/tr\/?p=61861\" \/>\n<meta property=\"og:locale\" content=\"en_US\" \/>\n<meta property=\"og:type\" content=\"article\" \/>\n<meta property=\"og:title\" content=\"Heyecanland\u0131ran geli\u015fme! Tesad\u00fcfen ke\u015ffedildi, 3 bin y\u0131ll\u0131k\u2026 - Bati Ermenistan Ve Bati Ermenileri Sorunlari Ara\u015ftirmalar Merkezi\" \/>\n<meta property=\"og:description\" content=\"Murat S\u00d6YLEMEZ\/BAYBURT (DHA) Bayburt\u2019ta (Baberd-&#8216;Akunq&#8217; web sitesi) bir in\u015faat kaz\u0131s\u0131 s\u0131ras\u0131nda tesad\u00fcfen ke\u015ffedilen ve yerin 5 metre alt\u0131ndaki 3 bin y\u0131ll\u0131k Ayd\u0131ntepe yer alt\u0131 \u015fehrinin 1200 metre uzunlu\u011fundaki 22 odadan olu\u015fan koridorlar\u0131 ortaya \u00e7\u0131kar\u0131ld\u0131. Yer alt\u0131 \u015fehrinin bir ucunun Bayburt Kalesi, di\u011fer ucunun ise 7,5 kilometre mesafedeki bir k\u00f6ye kadar uzand\u0131\u011f\u0131 tahmin ediliyor. Yer alt\u0131 [&hellip;]\" \/>\n<meta property=\"og:url\" content=\"https:\/\/akunq.net\/tr\/?p=61861\" \/>\n<meta property=\"og:site_name\" content=\"Bati Ermenistan Ve Bati Ermenileri Sorunlari Ara\u015ftirmalar Merkezi\" \/>\n<meta property=\"article:published_time\" content=\"2021-03-15T07:27:43+00:00\" \/>\n<meta property=\"og:image\" content=\"https:\/\/akunq.net\/tr\/wp-content\/uploads\/sites\/6\/2021\/03\/Ayd\u0131ntepe-yer-alt\u0131-\u015fehri.jpg\" \/>\n\t<meta property=\"og:image:width\" content=\"750\" \/>\n\t<meta property=\"og:image:height\" content=\"422\" \/>\n\t<meta property=\"og:image:type\" content=\"image\/jpeg\" \/>\n<meta name=\"author\" content=\"admin\" \/>\n<meta name=\"twitter:card\" content=\"summary_large_image\" \/>\n<meta name=\"twitter:label1\" content=\"Written by\" \/>\n\t<meta name=\"twitter:data1\" content=\"admin\" \/>\n\t<meta name=\"twitter:label2\" content=\"Est. reading time\" \/>\n\t<meta name=\"twitter:data2\" content=\"3 minutes\" \/>\n<script type=\"application\/ld+json\" class=\"yoast-schema-graph\">{\"@context\":\"https:\\\/\\\/schema.org\",\"@graph\":[{\"@type\":\"Article\",\"@id\":\"https:\\\/\\\/akunq.net\\\/tr\\\/?p=61861#article\",\"isPartOf\":{\"@id\":\"https:\\\/\\\/akunq.net\\\/tr\\\/?p=61861\"},\"author\":{\"name\":\"admin\",\"@id\":\"https:\\\/\\\/akunq.net\\\/tr\\\/#\\\/schema\\\/person\\\/096f1d38a12cce57fb855b485ed24c9e\"},\"headline\":\"Heyecanland\u0131ran geli\u015fme! Tesad\u00fcfen ke\u015ffedildi, 3 bin y\u0131ll\u0131k\u2026\",\"datePublished\":\"2021-03-15T07:27:43+00:00\",\"mainEntityOfPage\":{\"@id\":\"https:\\\/\\\/akunq.net\\\/tr\\\/?p=61861\"},\"wordCount\":598,\"commentCount\":0,\"image\":{\"@id\":\"https:\\\/\\\/akunq.net\\\/tr\\\/?p=61861#primaryimage\"},\"thumbnailUrl\":\"https:\\\/\\\/akunq.net\\\/tr\\\/wp-content\\\/uploads\\\/sites\\\/6\\\/2021\\\/03\\\/Ayd\u0131ntepe-yer-alt\u0131-\u015fehri.jpg\",\"articleSection\":[\"Haberler\"],\"inLanguage\":\"en-US\",\"potentialAction\":[{\"@type\":\"CommentAction\",\"name\":\"Comment\",\"target\":[\"https:\\\/\\\/akunq.net\\\/tr\\\/?p=61861#respond\"]}]},{\"@type\":\"WebPage\",\"@id\":\"https:\\\/\\\/akunq.net\\\/tr\\\/?p=61861\",\"url\":\"https:\\\/\\\/akunq.net\\\/tr\\\/?p=61861\",\"name\":\"Heyecanland\u0131ran geli\u015fme! Tesad\u00fcfen ke\u015ffedildi, 3 bin y\u0131ll\u0131k\u2026 - Bati Ermenistan Ve Bati Ermenileri Sorunlari Ara\u015ftirmalar Merkezi\",\"isPartOf\":{\"@id\":\"https:\\\/\\\/akunq.net\\\/tr\\\/#website\"},\"primaryImageOfPage\":{\"@id\":\"https:\\\/\\\/akunq.net\\\/tr\\\/?p=61861#primaryimage\"},\"image\":{\"@id\":\"https:\\\/\\\/akunq.net\\\/tr\\\/?p=61861#primaryimage\"},\"thumbnailUrl\":\"https:\\\/\\\/akunq.net\\\/tr\\\/wp-content\\\/uploads\\\/sites\\\/6\\\/2021\\\/03\\\/Ayd\u0131ntepe-yer-alt\u0131-\u015fehri.jpg\",\"datePublished\":\"2021-03-15T07:27:43+00:00\",\"author\":{\"@id\":\"https:\\\/\\\/akunq.net\\\/tr\\\/#\\\/schema\\\/person\\\/096f1d38a12cce57fb855b485ed24c9e\"},\"breadcrumb\":{\"@id\":\"https:\\\/\\\/akunq.net\\\/tr\\\/?p=61861#breadcrumb\"},\"inLanguage\":\"en-US\",\"potentialAction\":[{\"@type\":\"ReadAction\",\"target\":[\"https:\\\/\\\/akunq.net\\\/tr\\\/?p=61861\"]}]},{\"@type\":\"ImageObject\",\"inLanguage\":\"en-US\",\"@id\":\"https:\\\/\\\/akunq.net\\\/tr\\\/?p=61861#primaryimage\",\"url\":\"https:\\\/\\\/akunq.net\\\/tr\\\/wp-content\\\/uploads\\\/sites\\\/6\\\/2021\\\/03\\\/Ayd\u0131ntepe-yer-alt\u0131-\u015fehri.jpg\",\"contentUrl\":\"https:\\\/\\\/akunq.net\\\/tr\\\/wp-content\\\/uploads\\\/sites\\\/6\\\/2021\\\/03\\\/Ayd\u0131ntepe-yer-alt\u0131-\u015fehri.jpg\",\"width\":750,\"height\":422},{\"@type\":\"BreadcrumbList\",\"@id\":\"https:\\\/\\\/akunq.net\\\/tr\\\/?p=61861#breadcrumb\",\"itemListElement\":[{\"@type\":\"ListItem\",\"position\":1,\"name\":\"Home\",\"item\":\"https:\\\/\\\/akunq.net\\\/tr\"},{\"@type\":\"ListItem\",\"position\":2,\"name\":\"Heyecanland\u0131ran geli\u015fme! Tesad\u00fcfen ke\u015ffedildi, 3 bin y\u0131ll\u0131k\u2026\"}]},{\"@type\":\"WebSite\",\"@id\":\"https:\\\/\\\/akunq.net\\\/tr\\\/#website\",\"url\":\"https:\\\/\\\/akunq.net\\\/tr\\\/\",\"name\":\"Bati Ermenistan Ve Bati Ermenileri Sorunlari Ara\u015ftirmalar Merkezi\",\"description\":\"\",\"potentialAction\":[{\"@type\":\"SearchAction\",\"target\":{\"@type\":\"EntryPoint\",\"urlTemplate\":\"https:\\\/\\\/akunq.net\\\/tr\\\/?s={search_term_string}\"},\"query-input\":{\"@type\":\"PropertyValueSpecification\",\"valueRequired\":true,\"valueName\":\"search_term_string\"}}],\"inLanguage\":\"en-US\"},{\"@type\":\"Person\",\"@id\":\"https:\\\/\\\/akunq.net\\\/tr\\\/#\\\/schema\\\/person\\\/096f1d38a12cce57fb855b485ed24c9e\",\"name\":\"admin\",\"url\":\"https:\\\/\\\/akunq.net\\\/tr\\\/?author=7\"}]}<\/script>\n<!-- \/ Yoast SEO plugin. -->","yoast_head_json":{"title":"Heyecanland\u0131ran geli\u015fme! Tesad\u00fcfen ke\u015ffedildi, 3 bin y\u0131ll\u0131k\u2026 - Bati Ermenistan Ve Bati Ermenileri Sorunlari Ara\u015ftirmalar Merkezi","robots":{"index":"index","follow":"follow","max-snippet":"max-snippet:-1","max-image-preview":"max-image-preview:large","max-video-preview":"max-video-preview:-1"},"canonical":"https:\/\/akunq.net\/tr\/?p=61861","og_locale":"en_US","og_type":"article","og_title":"Heyecanland\u0131ran geli\u015fme! Tesad\u00fcfen ke\u015ffedildi, 3 bin y\u0131ll\u0131k\u2026 - Bati Ermenistan Ve Bati Ermenileri Sorunlari Ara\u015ftirmalar Merkezi","og_description":"Murat S\u00d6YLEMEZ\/BAYBURT (DHA) Bayburt\u2019ta (Baberd-&#8216;Akunq&#8217; web sitesi) bir in\u015faat kaz\u0131s\u0131 s\u0131ras\u0131nda tesad\u00fcfen ke\u015ffedilen ve yerin 5 metre alt\u0131ndaki 3 bin y\u0131ll\u0131k Ayd\u0131ntepe yer alt\u0131 \u015fehrinin 1200 metre uzunlu\u011fundaki 22 odadan olu\u015fan koridorlar\u0131 ortaya \u00e7\u0131kar\u0131ld\u0131. Yer alt\u0131 \u015fehrinin bir ucunun Bayburt Kalesi, di\u011fer ucunun ise 7,5 kilometre mesafedeki bir k\u00f6ye kadar uzand\u0131\u011f\u0131 tahmin ediliyor. Yer alt\u0131 [&hellip;]","og_url":"https:\/\/akunq.net\/tr\/?p=61861","og_site_name":"Bati Ermenistan Ve Bati Ermenileri Sorunlari Ara\u015ftirmalar Merkezi","article_published_time":"2021-03-15T07:27:43+00:00","og_image":[{"width":750,"height":422,"url":"https:\/\/akunq.net\/tr\/wp-content\/uploads\/sites\/6\/2021\/03\/Ayd\u0131ntepe-yer-alt\u0131-\u015fehri.jpg","type":"image\/jpeg"}],"author":"admin","twitter_card":"summary_large_image","twitter_misc":{"Written by":"admin","Est. reading time":"3 minutes"},"schema":{"@context":"https:\/\/schema.org","@graph":[{"@type":"Article","@id":"https:\/\/akunq.net\/tr\/?p=61861#article","isPartOf":{"@id":"https:\/\/akunq.net\/tr\/?p=61861"},"author":{"name":"admin","@id":"https:\/\/akunq.net\/tr\/#\/schema\/person\/096f1d38a12cce57fb855b485ed24c9e"},"headline":"Heyecanland\u0131ran geli\u015fme! Tesad\u00fcfen ke\u015ffedildi, 3 bin y\u0131ll\u0131k\u2026","datePublished":"2021-03-15T07:27:43+00:00","mainEntityOfPage":{"@id":"https:\/\/akunq.net\/tr\/?p=61861"},"wordCount":598,"commentCount":0,"image":{"@id":"https:\/\/akunq.net\/tr\/?p=61861#primaryimage"},"thumbnailUrl":"https:\/\/akunq.net\/tr\/wp-content\/uploads\/sites\/6\/2021\/03\/Ayd\u0131ntepe-yer-alt\u0131-\u015fehri.jpg","articleSection":["Haberler"],"inLanguage":"en-US","potentialAction":[{"@type":"CommentAction","name":"Comment","target":["https:\/\/akunq.net\/tr\/?p=61861#respond"]}]},{"@type":"WebPage","@id":"https:\/\/akunq.net\/tr\/?p=61861","url":"https:\/\/akunq.net\/tr\/?p=61861","name":"Heyecanland\u0131ran geli\u015fme! Tesad\u00fcfen ke\u015ffedildi, 3 bin y\u0131ll\u0131k\u2026 - Bati Ermenistan Ve Bati Ermenileri Sorunlari Ara\u015ftirmalar Merkezi","isPartOf":{"@id":"https:\/\/akunq.net\/tr\/#website"},"primaryImageOfPage":{"@id":"https:\/\/akunq.net\/tr\/?p=61861#primaryimage"},"image":{"@id":"https:\/\/akunq.net\/tr\/?p=61861#primaryimage"},"thumbnailUrl":"https:\/\/akunq.net\/tr\/wp-content\/uploads\/sites\/6\/2021\/03\/Ayd\u0131ntepe-yer-alt\u0131-\u015fehri.jpg","datePublished":"2021-03-15T07:27:43+00:00","author":{"@id":"https:\/\/akunq.net\/tr\/#\/schema\/person\/096f1d38a12cce57fb855b485ed24c9e"},"breadcrumb":{"@id":"https:\/\/akunq.net\/tr\/?p=61861#breadcrumb"},"inLanguage":"en-US","potentialAction":[{"@type":"ReadAction","target":["https:\/\/akunq.net\/tr\/?p=61861"]}]},{"@type":"ImageObject","inLanguage":"en-US","@id":"https:\/\/akunq.net\/tr\/?p=61861#primaryimage","url":"https:\/\/akunq.net\/tr\/wp-content\/uploads\/sites\/6\/2021\/03\/Ayd\u0131ntepe-yer-alt\u0131-\u015fehri.jpg","contentUrl":"https:\/\/akunq.net\/tr\/wp-content\/uploads\/sites\/6\/2021\/03\/Ayd\u0131ntepe-yer-alt\u0131-\u015fehri.jpg","width":750,"height":422},{"@type":"BreadcrumbList","@id":"https:\/\/akunq.net\/tr\/?p=61861#breadcrumb","itemListElement":[{"@type":"ListItem","position":1,"name":"Home","item":"https:\/\/akunq.net\/tr"},{"@type":"ListItem","position":2,"name":"Heyecanland\u0131ran geli\u015fme! Tesad\u00fcfen ke\u015ffedildi, 3 bin y\u0131ll\u0131k\u2026"}]},{"@type":"WebSite","@id":"https:\/\/akunq.net\/tr\/#website","url":"https:\/\/akunq.net\/tr\/","name":"Bati Ermenistan Ve Bati Ermenileri Sorunlari Ara\u015ftirmalar Merkezi","description":"","potentialAction":[{"@type":"SearchAction","target":{"@type":"EntryPoint","urlTemplate":"https:\/\/akunq.net\/tr\/?s={search_term_string}"},"query-input":{"@type":"PropertyValueSpecification","valueRequired":true,"valueName":"search_term_string"}}],"inLanguage":"en-US"},{"@type":"Person","@id":"https:\/\/akunq.net\/tr\/#\/schema\/person\/096f1d38a12cce57fb855b485ed24c9e","name":"admin","url":"https:\/\/akunq.net\/tr\/?author=7"}]}},"_links":{"self":[{"href":"https:\/\/akunq.net\/tr\/index.php?rest_route=\/wp\/v2\/posts\/61861","targetHints":{"allow":["GET"]}}],"collection":[{"href":"https:\/\/akunq.net\/tr\/index.php?rest_route=\/wp\/v2\/posts"}],"about":[{"href":"https:\/\/akunq.net\/tr\/index.php?rest_route=\/wp\/v2\/types\/post"}],"author":[{"embeddable":true,"href":"https:\/\/akunq.net\/tr\/index.php?rest_route=\/wp\/v2\/users\/7"}],"replies":[{"embeddable":true,"href":"https:\/\/akunq.net\/tr\/index.php?rest_route=%2Fwp%2Fv2%2Fcomments&post=61861"}],"version-history":[{"count":1,"href":"https:\/\/akunq.net\/tr\/index.php?rest_route=\/wp\/v2\/posts\/61861\/revisions"}],"predecessor-version":[{"id":61863,"href":"https:\/\/akunq.net\/tr\/index.php?rest_route=\/wp\/v2\/posts\/61861\/revisions\/61863"}],"wp:featuredmedia":[{"embeddable":true,"href":"https:\/\/akunq.net\/tr\/index.php?rest_route=\/wp\/v2\/media\/61862"}],"wp:attachment":[{"href":"https:\/\/akunq.net\/tr\/index.php?rest_route=%2Fwp%2Fv2%2Fmedia&parent=61861"}],"wp:term":[{"taxonomy":"category","embeddable":true,"href":"https:\/\/akunq.net\/tr\/index.php?rest_route=%2Fwp%2Fv2%2Fcategories&post=61861"},{"taxonomy":"post_tag","embeddable":true,"href":"https:\/\/akunq.net\/tr\/index.php?rest_route=%2Fwp%2Fv2%2Ftags&post=61861"}],"curies":[{"name":"wp","href":"https:\/\/api.w.org\/{rel}","templated":true}]}}