{"id":61855,"date":"2021-03-15T02:09:56","date_gmt":"2021-03-15T07:09:56","guid":{"rendered":"https:\/\/akunq.net\/tr\/?p=61855"},"modified":"2021-03-15T02:09:56","modified_gmt":"2021-03-15T07:09:56","slug":"define-avcilarina-hrant-dinkin-define-tarifiyle-cagri-yer-ustundeki-ermeni-definesinin-ne-kadar-farkindalar","status":"publish","type":"post","link":"https:\/\/akunq.net\/tr\/?p=61855","title":{"rendered":"\u2018Define avc\u0131lar\u0131\u2019na Hrant Dink\u2019in define tarifiyle \u00e7a\u011fr\u0131: Yer \u00fcst\u00fcndeki Ermeni definesinin ne kadar fark\u0131ndalar?"},"content":{"rendered":"<p><img loading=\"lazy\" decoding=\"async\" class=\"aligncenter size-medium wp-image-61856\" src=\"https:\/\/akunq.net\/tr\/wp-content\/uploads\/2021\/03\/Hrant-Dink-2-360x203.jpg\" alt=\"\" width=\"360\" height=\"203\" srcset=\"https:\/\/akunq.net\/tr\/wp-content\/uploads\/sites\/6\/2021\/03\/Hrant-Dink-2-360x203.jpg 360w, https:\/\/akunq.net\/tr\/wp-content\/uploads\/sites\/6\/2021\/03\/Hrant-Dink-2-768x432.jpg 768w, https:\/\/akunq.net\/tr\/wp-content\/uploads\/sites\/6\/2021\/03\/Hrant-Dink-2-560x315.jpg 560w, https:\/\/akunq.net\/tr\/wp-content\/uploads\/sites\/6\/2021\/03\/Hrant-Dink-2-260x146.jpg 260w, https:\/\/akunq.net\/tr\/wp-content\/uploads\/sites\/6\/2021\/03\/Hrant-Dink-2-160x90.jpg 160w, https:\/\/akunq.net\/tr\/wp-content\/uploads\/sites\/6\/2021\/03\/Hrant-Dink-2.jpg 1280w\" sizes=\"auto, (max-width: 360px) 100vw, 360px\" \/><\/p>\n<p><em><strong>Hrant Dink Vakf\u0131, \u201cT\u00fcrkiye K\u00fclt\u00fcr Varl\u0131klar\u0131\u201d haritas\u0131yla ka\u00e7ak kaz\u0131lar yap\u0131ld\u0131\u011f\u0131 bilgisi \u00fczerine yaz\u0131l\u0131 a\u00e7\u0131klama yapt\u0131. \u201cKazd\u0131\u011f\u0131n\u0131z yerlerde eme\u011finizin bo\u015fa gitmemesi i\u00e7in en az\u0131ndan tohum ekip, b\u00f6lgeyi sulaman\u0131z\u0131 \u00f6neririz\u201d denilen a\u00e7\u0131klamada, Dink\u2019in \u201cDefine tarifi\u201d ba\u015fl\u0131kl\u0131 yaz\u0131s\u0131na da yer verildi: \u201cYerin alt\u0131nda Ermeni definesi arayanlar, yer \u00fcst\u00fcndeki Ermeni definesinin ne kadar fark\u0131nda oldular?\u201d<\/strong><\/em><\/p>\n<p>DUVAR \u2013 Hrant Dink Vakf\u0131, gayrim\u00fcslimlere ait yap\u0131lar\u0131n listelendi\u011fi \u201cT\u00fcrkiye K\u00fclt\u00fcr Varl\u0131klar\u0131\u201d haritas\u0131n\u0131n kullan\u0131larak \u201cdefine avc\u0131l\u0131\u011f\u0131\u201d yap\u0131ld\u0131\u011f\u0131na dair bir bilgiye ula\u015ft\u0131klar\u0131n\u0131 a\u00e7\u0131klad\u0131.<\/p>\n<p>Haritada kilise, sinagog, manast\u0131r ve okul gibi 9 binden fazla yap\u0131n\u0131n listeledi\u011fi hat\u0131rlat\u0131lan a\u00e7\u0131klamada, \u201c\u00d6ncelikle hala ayakta olan yap\u0131lar\u0131n tarihi eser kapsam\u0131nda korunmas\u0131n\u0131n devletin g\u00f6revi oldu\u011funu ve bu yap\u0131lara zarar vermenin su\u00e7 oldu\u011funu buradan hat\u0131rlatmak isteriz\u201d ifadelerine yer verildi.<\/p>\n<p>Ayakta olmayan yap\u0131lar\u0131n koordinatlar\u0131n\u0131n define arayanlar\u0131n sand\u0131\u011f\u0131n\u0131 yerler olmad\u0131\u011f\u0131 belirtilen a\u00e7\u0131klamada, ka\u00e7ak kaz\u0131 yapanlara kazd\u0131klar\u0131 yerlere tohum ekmeleri \u00f6nerildi:<\/p>\n<p>\u201cAyaktaki yap\u0131y\u0131 bulmak i\u00e7in define haritas\u0131na ihtiya\u00e7 olmad\u0131\u011f\u0131na dair k\u00fc\u00e7\u00fck bir hat\u0131rlatmadan sonra, haritada belirtilen, art\u0131k izi dahi kalmam\u0131\u015f yap\u0131lar\u0131n koordinatlar\u0131n\u0131n elbette ki sand\u0131\u011f\u0131n\u0131z koordinatlar olmad\u0131\u011f\u0131n\u0131 ve ne yaz\u0131k ki k\u00f6y\u00fcn tamam\u0131n\u0131n kaz\u0131lmas\u0131 gerekti\u011fini define avc\u0131lar\u0131na \u00fcz\u00fclerek bildiririz. Kazd\u0131\u011f\u0131n\u0131z yerlerde eme\u011finizin bo\u015fa gitmemesi i\u00e7in en az\u0131ndan tohum ekip, b\u00f6lgeyi sulaman\u0131z\u0131 \u00f6neririz.\u201d<\/p>\n<div class=\"twitter-tweet twitter-tweet-rendered\"><iframe id=\"twitter-widget-0\" class=\"\" title=\"Twitter Tweet\" src=\"https:\/\/platform.twitter.com\/embed\/Tweet.html?creatorScreenName=HyeTert&amp;dnt=true&amp;embedId=twitter-widget-0&amp;frame=false&amp;hideCard=false&amp;hideThread=false&amp;id=1370377803506548741&amp;lang=tr&amp;origin=https%3A%2F%2Fhyetert.org%2F2021%2F03%2F13%2Fdefine-avcilarina-hrant-dinkin-define-tarifiyle-cagri-yer-ustundeki-ermeni-definesinin-ne-kadar-farkindalar%2F&amp;siteScreenName=HyeTert&amp;theme=light&amp;widgetsVersion=e1ffbdb%3A1614796141937&amp;width=500px\" frameborder=\"0\" scrolling=\"no\" allowfullscreen=\"allowfullscreen\" data-tweet-id=\"1370377803506548741\" data-mce-fragment=\"1\"><\/iframe><\/div>\n<p>\u201cBu vesileyle Hrant Dink\u2019in \u2018Define tarifi\u2019 yaz\u0131s\u0131n\u0131 payla\u015fmadan ge\u00e7emedik\u2026 Ger\u00e7ek bir define haritas\u0131d\u0131r\u201d notuyla, Dink\u2019in 18 \u015eubat 2000\u2019de Agos\u2019ta yay\u0131mlanan yaz\u0131s\u0131na da yer verildi.<\/p>\n<p>Dink\u2019in \u201cYerin alt\u0131nda Ermeni definesi arayanlar, yer \u00fcst\u00fcndeki Ermeni definesinin ne kadar fark\u0131nda oldular? Ya\u015fanm\u0131\u015fl\u0131klar hi\u00e7 de fark\u0131nda olmad\u0131klar\u0131n\u0131 g\u00f6steriyor. Yerin \u00fcst\u00fcndeki definenin ger\u00e7ek kayna\u011f\u0131, g\u00f6\u00e7\u00fcr\u00fclmekten kurtulan ve kendi topraklar\u0131nda kalabilen insanlard\u0131 elbet\u201d dedi\u011fi yaz\u0131s\u0131 \u015f\u00f6yle:<\/p>\n<p>Define tarifi (Hrant Dink, Agos, 18 \u015eubat 2000)<\/p>\n<p>\u201cSahte define haritas\u0131 satarken yakaland\u0131\u201d ya da \u201cParas\u0131n\u0131 sahte definecilere kapt\u0131rd\u0131\u201d \u015feklinde haberler s\u0131k s\u0131k \u00e7\u0131kar gazetelerde.<\/p>\n<p>Bir kez AGOS\u2019ta da yer alm\u0131\u015ft\u0131, \u201cErmeni k\u00f6kenli ki\u015filer sahte define haritas\u0131 sat\u0131yor\u201d diye bir haberdi. \u0130ddiay\u0131 ortaya atan Erzurum M\u00fcze M\u00fcd\u00fcr\u00fc\u2019n\u00fc bulmu\u015f, i\u015fin asl\u0131n\u0131 \u00f6\u011frenmi\u015f, siz okurlar\u0131m\u0131za da iletmi\u015ftik.<\/p>\n<p>M\u00fcze m\u00fcd\u00fcr\u00fc \u201cYapanlar Ermeni\u201d dememi\u015f me\u011fer. \u201cKendini Ermeni olarak tan\u0131tan ki\u015filer ortaya \u00e7\u0131k\u0131yor, dedesinin g\u00f6\u00e7erken alt\u0131nlar\u0131n\u0131 g\u00f6md\u00fc\u011f\u00fcn\u00fc, elinde definenin yerini g\u00f6steren harita oldu\u011funu s\u00f6yl\u00fcyor ve insanlar\u0131 aldat\u0131yorlar\u201d demi\u015f.<\/p>\n<p>O \u00f6yle demi\u015f onlar da \u00f6yle anlam\u0131\u015f. Her neyse\u2026 Konu da zaten \u201cO ne demi\u015f, bu ne demi\u015f?\u201d de\u011fil.<\/p>\n<hr \/>\n<p>Bilenler bilir, Anadolu\u2019da pek ra\u011fbet g\u00f6ren bir zanaatt\u0131r define aray\u0131c\u0131l\u0131\u011f\u0131. Hayat\u0131n\u0131 bu yola vakfetmi\u015f \u201cdefine manyaklar\u0131\u201d vard\u0131r. \u0130stanbul Aksaray\u2019da \u00f6zel defineciler kahvesi oldu\u011fu bile s\u00f6ylenir.<\/p>\n<p>Bu tipler ellerinde ne yazd\u0131\u011f\u0131n\u0131 anlamad\u0131klar\u0131, \u00e7izilmi\u015f eski k\u00e2\u011f\u0131t par\u00e7alar\u0131yla az m\u0131 \u00e7ald\u0131 AGOS\u2019un kap\u0131s\u0131n\u0131?<\/p>\n<p>Sanki kap\u0131p ka\u00e7acakm\u0131\u015fs\u0131n\u0131z gibi de, aman\u0131n bir de \u00fcrkerek uzat\u0131rlar ki haritay\u0131, demeyin gitsin\u2026<\/p>\n<p>Her neyse as\u0131l konumuz o haritalar da de\u011fil.<\/p>\n<hr \/>\n<p>Yerin alt\u0131nda Ermeni definesi arayanlar, yer \u00fcst\u00fcndeki Ermeni definesinin ne kadar fark\u0131nda oldular?<\/p>\n<p>Ya\u015fanm\u0131\u015fl\u0131klar hi\u00e7 de fark\u0131nda olmad\u0131klar\u0131n\u0131 g\u00f6steriyor.<\/p>\n<p>Yerin \u00fcst\u00fcndeki definenin ger\u00e7ek kayna\u011f\u0131, g\u00f6\u00e7\u00fcr\u00fclmekten kurtulan ve kendi topraklar\u0131nda kalabilen insanlard\u0131 elbet. Kalanlar ve onlar\u0131n \u00e7ocuklar\u0131, dayanabildikleri kadar\u0131yla Anadolu\u2019da ya\u015famlar\u0131n\u0131 s\u00fcrd\u00fcrd\u00fcler. Ama ne yaz\u0131k ki bunlar\u0131n da de\u011feri bilinmedi. Okullar\u0131, kiliseleri ellerinden al\u0131nd\u0131. Zamanla, \u00f6nce \u0130stanbul\u2019a ard\u0131ndan da t\u00fcm yery\u00fcz\u00fcne akt\u0131lar. Bug\u00fcn art\u0131k Anadolu\u2019da o denli tek t\u00fckler ki, ya varlar ya yoklar.<\/p>\n<hr \/>\n<p>Onlar\u0131n \u00fcretip de topra\u011f\u0131n \u00fczerine ektikleriydi as\u0131l define. AGOS\u2019un ikinci sayfas\u0131n\u0131n tiryakileri ge\u00e7en hafta sona eren \u201cBir zamanlar\u201d k\u00f6\u015fesinde hangi k\u00f6yde hangi okulun, hangi kilisenin, hangi hastanenin b\u0131rak\u0131ld\u0131\u011f\u0131n\u0131 i\u00e7 \u00e7ekerek izlemi\u015f olmal\u0131lar. \u00dc\u00e7 bini a\u015fk\u0131n kilise ile iki bini a\u015fk\u0131n okulun yan\u0131 s\u0131ra say\u0131s\u0131z konut, i\u015fyeri, hastane vs. ard\u0131m\u0131zda b\u0131rakt\u0131klar\u0131m\u0131z.<\/p>\n<p>Peki, insan\u0131n de\u011feri bilinmedi de, b\u0131rakt\u0131klar\u0131n\u0131n de\u011feri bilindi mi?<\/p>\n<p>Nerdee?<\/p>\n<hr \/>\n<p>Anadolu Ermenileri \u015fimdi t\u00fcm d\u00fcnyay\u0131 kapsayan ve Diaspora diye adland\u0131r\u0131lan bir alan i\u00e7inde h\u00e2l\u00e2 Anadolu\u2019yu ya\u015f\u0131yorlar.<\/p>\n<p>Diaspora\u2019ya \u201cAnadolu\u2019nun d\u00fcnya hali\u201d de diyebiliriz rahatl\u0131kla. Tarihi iyi okuyanlar t\u00fcm bu yay\u0131lmalar\u0131n merkezinin Anadolu oldu\u011funu g\u00f6rebilir. \u00d6yle ki bug\u00fcn Ermenistan\u2019da bile ad\u0131 Nor (Yeni) Malatya, Nor Arapgir, Nor P\u00fctanya (\u0130zmit), Nor Sepasdiya (Sivas) Nor Gesaria (Kayseri) adl\u0131 yerle\u015fim b\u00f6lgeleri mevcut. Ardlar\u0131nda b\u0131rakt\u0131klar\u0131n\u0131n bir benzerini, bu kez oralarda kurmu\u015f, Anadolulu kimlikleriyle oralarda ya\u015f\u0131yorlar.<\/p>\n<hr \/>\n<p>Son birka\u00e7 g\u00fcn i\u00e7inde Virginia\u2019da, Hollanda\u2019da yeni \u201cSoyk\u0131r\u0131m An\u0131tlar\u0131\u201d dikilmesi ya da \u201cSoyk\u0131r\u0131m\u0131n tan\u0131nmas\u0131\u201dna ili\u015fkin yasa tasar\u0131lar\u0131 kabul edilmi\u015f. Haftaya da Frans\u0131z takiyecileri, Frans\u0131z Senatosu\u2019nda \u015fu me\u015fhur \u201cSoyk\u0131r\u0131m yasas\u0131\u201dn\u0131 tekrar g\u00f6r\u00fc\u015feceklermi\u015f.<\/p>\n<p>Bizde ise bilinen tekrarlanacak, yine Ermeni lobilerinin marifetlerinden bahsedilecek ve bu film y\u0131llard\u0131r devam etti\u011fi gibi bu kez de aynen tekrarlanacak.<\/p>\n<p>Oysa bu tuzaktan kurtulman\u0131n bir yolu var.<\/p>\n<p>San\u0131r\u0131m ger\u00e7ek define de o yolun sonunda gizli.<\/p>\n<hr \/>\n<p>Kullan\u0131c\u0131lar\u0131n elinden bu kozu alman\u0131n ve i\u015flerine geldi\u011fi zaman kullanmalar\u0131na f\u0131rsat tan\u0131maman\u0131n en ge\u00e7erli yolu kaybetti\u011fimiz bu insanlarla do\u011frudan diyalog yolunun bulunmas\u0131d\u0131r.<\/p>\n<p>Bunun i\u00e7in ba\u015fta gelen, T\u00fcrkiye-Ermenistan ili\u015fkilerini desteklemektir.<\/p>\n<p>T\u00fcrkiye Ermenileri\u2019nin sorunlar\u0131n\u0131 herhangi bir d\u0131\u015f dayatmaya, uyar\u0131ya gerek b\u0131rakmadan halletmek ikincisidir.<\/p>\n<p>\u00dc\u00e7\u00fcnc\u00fc ve en \u00f6nemlisi de Diaspora Anadolusu\u2019nu tekrar kazanmakt\u0131r.<\/p>\n<hr \/>\n<p>\u0130nan\u0131n bir \u00fctopyadan, bir ger\u00e7ekle\u015femezden s\u00f6z etmiyorum.<\/p>\n<p>Ya\u015fam, basit ad\u0131mlar ve ufak giri\u015fimlerin ne denli b\u00fcy\u00fck sonu\u00e7lar yaratt\u0131\u011f\u0131na tan\u0131kt\u0131r.<\/p>\n<p>\u201cPara kazanaca\u011f\u0131z, \u0130nan\u00e7 Turizmi yapal\u0131m\u201d yerine, insanlar\u0131m\u0131z\u0131 samimi bir arzuyla tekrar kazanmal\u0131y\u0131z anlay\u0131\u015f\u0131n\u0131 ortaya koyabilmeliyiz. \u015eu binan\u0131n \u00fczerine minnac\u0131k bile olsa \u201cBu cami Ermeniler\u2019den kalan Surp Krikor Lusavori\u00e7 Kilisesi\u2019nden d\u00f6n\u00fc\u015ft\u00fcr\u00fclm\u00fc\u015ft\u00fcr\u201d diye bir ibare \u00e7ivilemek bile, \u201cSen \u015f\u00f6yle yapt\u0131n da ben de b\u00f6yle yapt\u0131m\u201d didi\u015fmesinden elbette daha yarat\u0131c\u0131, daha g\u00f6n\u00fcl al\u0131c\u0131d\u0131r.<\/p>\n<hr \/>\n<p>Benim define tarifim budur.<\/p>\n<hr \/>\n<p><em><strong><a href=\"https:\/\/www.gazeteduvar.com.tr\/define-avcilarina-hrant-dinkin-define-tarifiyle-cagri-yer-ustundeki-ermeni-definesinin-ne-kadar-farkindalar-haber-1515935\" target=\"_blank\" rel=\"noopener noreferrer\">Gazete Duvar<\/a><\/strong><\/em><\/p>\n","protected":false},"excerpt":{"rendered":"<p>Hrant Dink Vakf\u0131, \u201cT\u00fcrkiye K\u00fclt\u00fcr Varl\u0131klar\u0131\u201d haritas\u0131yla ka\u00e7ak kaz\u0131lar yap\u0131ld\u0131\u011f\u0131 bilgisi \u00fczerine yaz\u0131l\u0131 a\u00e7\u0131klama yapt\u0131. \u201cKazd\u0131\u011f\u0131n\u0131z yerlerde eme\u011finizin bo\u015fa gitmemesi i\u00e7in en az\u0131ndan tohum ekip, b\u00f6lgeyi sulaman\u0131z\u0131 \u00f6neririz\u201d denilen a\u00e7\u0131klamada, Dink\u2019in \u201cDefine tarifi\u201d ba\u015fl\u0131kl\u0131 yaz\u0131s\u0131na da yer verildi: \u201cYerin alt\u0131nda Ermeni definesi arayanlar, yer \u00fcst\u00fcndeki Ermeni definesinin ne kadar fark\u0131nda oldular?\u201d DUVAR \u2013 Hrant Dink [&hellip;]<\/p>\n","protected":false},"author":7,"featured_media":61856,"comment_status":"open","ping_status":"open","sticky":false,"template":"","format":"standard","meta":{"footnotes":""},"categories":[1],"tags":[],"class_list":["post-61855","post","type-post","status-publish","format-standard","has-post-thumbnail","hentry","category-haberler"],"yoast_head":"<!-- This site is optimized with the Yoast SEO plugin v27.4 - https:\/\/yoast.com\/product\/yoast-seo-wordpress\/ -->\n<title>\u2018Define avc\u0131lar\u0131\u2019na Hrant Dink\u2019in define tarifiyle \u00e7a\u011fr\u0131: Yer \u00fcst\u00fcndeki Ermeni definesinin ne kadar fark\u0131ndalar? - Bati Ermenistan Ve Bati Ermenileri Sorunlari Ara\u015ftirmalar Merkezi<\/title>\n<meta name=\"robots\" content=\"index, follow, max-snippet:-1, max-image-preview:large, max-video-preview:-1\" \/>\n<link rel=\"canonical\" href=\"https:\/\/akunq.net\/tr\/?p=61855\" \/>\n<meta property=\"og:locale\" content=\"en_US\" \/>\n<meta property=\"og:type\" content=\"article\" \/>\n<meta property=\"og:title\" content=\"\u2018Define avc\u0131lar\u0131\u2019na Hrant Dink\u2019in define tarifiyle \u00e7a\u011fr\u0131: Yer \u00fcst\u00fcndeki Ermeni definesinin ne kadar fark\u0131ndalar? - Bati Ermenistan Ve Bati Ermenileri Sorunlari Ara\u015ftirmalar Merkezi\" \/>\n<meta property=\"og:description\" content=\"Hrant Dink Vakf\u0131, \u201cT\u00fcrkiye K\u00fclt\u00fcr Varl\u0131klar\u0131\u201d haritas\u0131yla ka\u00e7ak kaz\u0131lar yap\u0131ld\u0131\u011f\u0131 bilgisi \u00fczerine yaz\u0131l\u0131 a\u00e7\u0131klama yapt\u0131. \u201cKazd\u0131\u011f\u0131n\u0131z yerlerde eme\u011finizin bo\u015fa gitmemesi i\u00e7in en az\u0131ndan tohum ekip, b\u00f6lgeyi sulaman\u0131z\u0131 \u00f6neririz\u201d denilen a\u00e7\u0131klamada, Dink\u2019in \u201cDefine tarifi\u201d ba\u015fl\u0131kl\u0131 yaz\u0131s\u0131na da yer verildi: \u201cYerin alt\u0131nda Ermeni definesi arayanlar, yer \u00fcst\u00fcndeki Ermeni definesinin ne kadar fark\u0131nda oldular?\u201d DUVAR \u2013 Hrant Dink [&hellip;]\" \/>\n<meta property=\"og:url\" content=\"https:\/\/akunq.net\/tr\/?p=61855\" \/>\n<meta property=\"og:site_name\" content=\"Bati Ermenistan Ve Bati Ermenileri Sorunlari Ara\u015ftirmalar Merkezi\" \/>\n<meta property=\"article:published_time\" content=\"2021-03-15T07:09:56+00:00\" \/>\n<meta property=\"og:image\" content=\"https:\/\/akunq.net\/tr\/wp-content\/uploads\/sites\/6\/2021\/03\/Hrant-Dink-2.jpg\" \/>\n\t<meta property=\"og:image:width\" content=\"1280\" \/>\n\t<meta property=\"og:image:height\" content=\"720\" \/>\n\t<meta property=\"og:image:type\" content=\"image\/jpeg\" \/>\n<meta name=\"author\" content=\"admin\" \/>\n<meta name=\"twitter:card\" content=\"summary_large_image\" \/>\n<meta name=\"twitter:label1\" content=\"Written by\" \/>\n\t<meta name=\"twitter:data1\" content=\"admin\" \/>\n\t<meta name=\"twitter:label2\" content=\"Est. reading time\" \/>\n\t<meta name=\"twitter:data2\" content=\"6 minutes\" \/>\n<script type=\"application\/ld+json\" class=\"yoast-schema-graph\">{\"@context\":\"https:\\\/\\\/schema.org\",\"@graph\":[{\"@type\":\"Article\",\"@id\":\"https:\\\/\\\/akunq.net\\\/tr\\\/?p=61855#article\",\"isPartOf\":{\"@id\":\"https:\\\/\\\/akunq.net\\\/tr\\\/?p=61855\"},\"author\":{\"name\":\"admin\",\"@id\":\"https:\\\/\\\/akunq.net\\\/tr\\\/#\\\/schema\\\/person\\\/096f1d38a12cce57fb855b485ed24c9e\"},\"headline\":\"\u2018Define avc\u0131lar\u0131\u2019na Hrant Dink\u2019in define tarifiyle \u00e7a\u011fr\u0131: Yer \u00fcst\u00fcndeki Ermeni definesinin ne kadar fark\u0131ndalar?\",\"datePublished\":\"2021-03-15T07:09:56+00:00\",\"mainEntityOfPage\":{\"@id\":\"https:\\\/\\\/akunq.net\\\/tr\\\/?p=61855\"},\"wordCount\":1207,\"commentCount\":0,\"image\":{\"@id\":\"https:\\\/\\\/akunq.net\\\/tr\\\/?p=61855#primaryimage\"},\"thumbnailUrl\":\"https:\\\/\\\/akunq.net\\\/tr\\\/wp-content\\\/uploads\\\/sites\\\/6\\\/2021\\\/03\\\/Hrant-Dink-2.jpg\",\"articleSection\":[\"Haberler\"],\"inLanguage\":\"en-US\",\"potentialAction\":[{\"@type\":\"CommentAction\",\"name\":\"Comment\",\"target\":[\"https:\\\/\\\/akunq.net\\\/tr\\\/?p=61855#respond\"]}]},{\"@type\":\"WebPage\",\"@id\":\"https:\\\/\\\/akunq.net\\\/tr\\\/?p=61855\",\"url\":\"https:\\\/\\\/akunq.net\\\/tr\\\/?p=61855\",\"name\":\"\u2018Define avc\u0131lar\u0131\u2019na Hrant Dink\u2019in define tarifiyle \u00e7a\u011fr\u0131: Yer \u00fcst\u00fcndeki Ermeni definesinin ne kadar fark\u0131ndalar? - Bati Ermenistan Ve Bati Ermenileri Sorunlari Ara\u015ftirmalar Merkezi\",\"isPartOf\":{\"@id\":\"https:\\\/\\\/akunq.net\\\/tr\\\/#website\"},\"primaryImageOfPage\":{\"@id\":\"https:\\\/\\\/akunq.net\\\/tr\\\/?p=61855#primaryimage\"},\"image\":{\"@id\":\"https:\\\/\\\/akunq.net\\\/tr\\\/?p=61855#primaryimage\"},\"thumbnailUrl\":\"https:\\\/\\\/akunq.net\\\/tr\\\/wp-content\\\/uploads\\\/sites\\\/6\\\/2021\\\/03\\\/Hrant-Dink-2.jpg\",\"datePublished\":\"2021-03-15T07:09:56+00:00\",\"author\":{\"@id\":\"https:\\\/\\\/akunq.net\\\/tr\\\/#\\\/schema\\\/person\\\/096f1d38a12cce57fb855b485ed24c9e\"},\"breadcrumb\":{\"@id\":\"https:\\\/\\\/akunq.net\\\/tr\\\/?p=61855#breadcrumb\"},\"inLanguage\":\"en-US\",\"potentialAction\":[{\"@type\":\"ReadAction\",\"target\":[\"https:\\\/\\\/akunq.net\\\/tr\\\/?p=61855\"]}]},{\"@type\":\"ImageObject\",\"inLanguage\":\"en-US\",\"@id\":\"https:\\\/\\\/akunq.net\\\/tr\\\/?p=61855#primaryimage\",\"url\":\"https:\\\/\\\/akunq.net\\\/tr\\\/wp-content\\\/uploads\\\/sites\\\/6\\\/2021\\\/03\\\/Hrant-Dink-2.jpg\",\"contentUrl\":\"https:\\\/\\\/akunq.net\\\/tr\\\/wp-content\\\/uploads\\\/sites\\\/6\\\/2021\\\/03\\\/Hrant-Dink-2.jpg\",\"width\":1280,\"height\":720},{\"@type\":\"BreadcrumbList\",\"@id\":\"https:\\\/\\\/akunq.net\\\/tr\\\/?p=61855#breadcrumb\",\"itemListElement\":[{\"@type\":\"ListItem\",\"position\":1,\"name\":\"Home\",\"item\":\"https:\\\/\\\/akunq.net\\\/tr\"},{\"@type\":\"ListItem\",\"position\":2,\"name\":\"\u2018Define avc\u0131lar\u0131\u2019na Hrant Dink\u2019in define tarifiyle \u00e7a\u011fr\u0131: Yer \u00fcst\u00fcndeki Ermeni definesinin ne kadar fark\u0131ndalar?\"}]},{\"@type\":\"WebSite\",\"@id\":\"https:\\\/\\\/akunq.net\\\/tr\\\/#website\",\"url\":\"https:\\\/\\\/akunq.net\\\/tr\\\/\",\"name\":\"Bati Ermenistan Ve Bati Ermenileri Sorunlari Ara\u015ftirmalar Merkezi\",\"description\":\"\",\"potentialAction\":[{\"@type\":\"SearchAction\",\"target\":{\"@type\":\"EntryPoint\",\"urlTemplate\":\"https:\\\/\\\/akunq.net\\\/tr\\\/?s={search_term_string}\"},\"query-input\":{\"@type\":\"PropertyValueSpecification\",\"valueRequired\":true,\"valueName\":\"search_term_string\"}}],\"inLanguage\":\"en-US\"},{\"@type\":\"Person\",\"@id\":\"https:\\\/\\\/akunq.net\\\/tr\\\/#\\\/schema\\\/person\\\/096f1d38a12cce57fb855b485ed24c9e\",\"name\":\"admin\",\"url\":\"https:\\\/\\\/akunq.net\\\/tr\\\/?author=7\"}]}<\/script>\n<!-- \/ Yoast SEO plugin. -->","yoast_head_json":{"title":"\u2018Define avc\u0131lar\u0131\u2019na Hrant Dink\u2019in define tarifiyle \u00e7a\u011fr\u0131: Yer \u00fcst\u00fcndeki Ermeni definesinin ne kadar fark\u0131ndalar? - Bati Ermenistan Ve Bati Ermenileri Sorunlari Ara\u015ftirmalar Merkezi","robots":{"index":"index","follow":"follow","max-snippet":"max-snippet:-1","max-image-preview":"max-image-preview:large","max-video-preview":"max-video-preview:-1"},"canonical":"https:\/\/akunq.net\/tr\/?p=61855","og_locale":"en_US","og_type":"article","og_title":"\u2018Define avc\u0131lar\u0131\u2019na Hrant Dink\u2019in define tarifiyle \u00e7a\u011fr\u0131: Yer \u00fcst\u00fcndeki Ermeni definesinin ne kadar fark\u0131ndalar? - Bati Ermenistan Ve Bati Ermenileri Sorunlari Ara\u015ftirmalar Merkezi","og_description":"Hrant Dink Vakf\u0131, \u201cT\u00fcrkiye K\u00fclt\u00fcr Varl\u0131klar\u0131\u201d haritas\u0131yla ka\u00e7ak kaz\u0131lar yap\u0131ld\u0131\u011f\u0131 bilgisi \u00fczerine yaz\u0131l\u0131 a\u00e7\u0131klama yapt\u0131. \u201cKazd\u0131\u011f\u0131n\u0131z yerlerde eme\u011finizin bo\u015fa gitmemesi i\u00e7in en az\u0131ndan tohum ekip, b\u00f6lgeyi sulaman\u0131z\u0131 \u00f6neririz\u201d denilen a\u00e7\u0131klamada, Dink\u2019in \u201cDefine tarifi\u201d ba\u015fl\u0131kl\u0131 yaz\u0131s\u0131na da yer verildi: \u201cYerin alt\u0131nda Ermeni definesi arayanlar, yer \u00fcst\u00fcndeki Ermeni definesinin ne kadar fark\u0131nda oldular?\u201d DUVAR \u2013 Hrant Dink [&hellip;]","og_url":"https:\/\/akunq.net\/tr\/?p=61855","og_site_name":"Bati Ermenistan Ve Bati Ermenileri Sorunlari Ara\u015ftirmalar Merkezi","article_published_time":"2021-03-15T07:09:56+00:00","og_image":[{"width":1280,"height":720,"url":"https:\/\/akunq.net\/tr\/wp-content\/uploads\/sites\/6\/2021\/03\/Hrant-Dink-2.jpg","type":"image\/jpeg"}],"author":"admin","twitter_card":"summary_large_image","twitter_misc":{"Written by":"admin","Est. reading time":"6 minutes"},"schema":{"@context":"https:\/\/schema.org","@graph":[{"@type":"Article","@id":"https:\/\/akunq.net\/tr\/?p=61855#article","isPartOf":{"@id":"https:\/\/akunq.net\/tr\/?p=61855"},"author":{"name":"admin","@id":"https:\/\/akunq.net\/tr\/#\/schema\/person\/096f1d38a12cce57fb855b485ed24c9e"},"headline":"\u2018Define avc\u0131lar\u0131\u2019na Hrant Dink\u2019in define tarifiyle \u00e7a\u011fr\u0131: Yer \u00fcst\u00fcndeki Ermeni definesinin ne kadar fark\u0131ndalar?","datePublished":"2021-03-15T07:09:56+00:00","mainEntityOfPage":{"@id":"https:\/\/akunq.net\/tr\/?p=61855"},"wordCount":1207,"commentCount":0,"image":{"@id":"https:\/\/akunq.net\/tr\/?p=61855#primaryimage"},"thumbnailUrl":"https:\/\/akunq.net\/tr\/wp-content\/uploads\/sites\/6\/2021\/03\/Hrant-Dink-2.jpg","articleSection":["Haberler"],"inLanguage":"en-US","potentialAction":[{"@type":"CommentAction","name":"Comment","target":["https:\/\/akunq.net\/tr\/?p=61855#respond"]}]},{"@type":"WebPage","@id":"https:\/\/akunq.net\/tr\/?p=61855","url":"https:\/\/akunq.net\/tr\/?p=61855","name":"\u2018Define avc\u0131lar\u0131\u2019na Hrant Dink\u2019in define tarifiyle \u00e7a\u011fr\u0131: Yer \u00fcst\u00fcndeki Ermeni definesinin ne kadar fark\u0131ndalar? - Bati Ermenistan Ve Bati Ermenileri Sorunlari Ara\u015ftirmalar Merkezi","isPartOf":{"@id":"https:\/\/akunq.net\/tr\/#website"},"primaryImageOfPage":{"@id":"https:\/\/akunq.net\/tr\/?p=61855#primaryimage"},"image":{"@id":"https:\/\/akunq.net\/tr\/?p=61855#primaryimage"},"thumbnailUrl":"https:\/\/akunq.net\/tr\/wp-content\/uploads\/sites\/6\/2021\/03\/Hrant-Dink-2.jpg","datePublished":"2021-03-15T07:09:56+00:00","author":{"@id":"https:\/\/akunq.net\/tr\/#\/schema\/person\/096f1d38a12cce57fb855b485ed24c9e"},"breadcrumb":{"@id":"https:\/\/akunq.net\/tr\/?p=61855#breadcrumb"},"inLanguage":"en-US","potentialAction":[{"@type":"ReadAction","target":["https:\/\/akunq.net\/tr\/?p=61855"]}]},{"@type":"ImageObject","inLanguage":"en-US","@id":"https:\/\/akunq.net\/tr\/?p=61855#primaryimage","url":"https:\/\/akunq.net\/tr\/wp-content\/uploads\/sites\/6\/2021\/03\/Hrant-Dink-2.jpg","contentUrl":"https:\/\/akunq.net\/tr\/wp-content\/uploads\/sites\/6\/2021\/03\/Hrant-Dink-2.jpg","width":1280,"height":720},{"@type":"BreadcrumbList","@id":"https:\/\/akunq.net\/tr\/?p=61855#breadcrumb","itemListElement":[{"@type":"ListItem","position":1,"name":"Home","item":"https:\/\/akunq.net\/tr"},{"@type":"ListItem","position":2,"name":"\u2018Define avc\u0131lar\u0131\u2019na Hrant Dink\u2019in define tarifiyle \u00e7a\u011fr\u0131: Yer \u00fcst\u00fcndeki Ermeni definesinin ne kadar fark\u0131ndalar?"}]},{"@type":"WebSite","@id":"https:\/\/akunq.net\/tr\/#website","url":"https:\/\/akunq.net\/tr\/","name":"Bati Ermenistan Ve Bati Ermenileri Sorunlari Ara\u015ftirmalar Merkezi","description":"","potentialAction":[{"@type":"SearchAction","target":{"@type":"EntryPoint","urlTemplate":"https:\/\/akunq.net\/tr\/?s={search_term_string}"},"query-input":{"@type":"PropertyValueSpecification","valueRequired":true,"valueName":"search_term_string"}}],"inLanguage":"en-US"},{"@type":"Person","@id":"https:\/\/akunq.net\/tr\/#\/schema\/person\/096f1d38a12cce57fb855b485ed24c9e","name":"admin","url":"https:\/\/akunq.net\/tr\/?author=7"}]}},"_links":{"self":[{"href":"https:\/\/akunq.net\/tr\/index.php?rest_route=\/wp\/v2\/posts\/61855","targetHints":{"allow":["GET"]}}],"collection":[{"href":"https:\/\/akunq.net\/tr\/index.php?rest_route=\/wp\/v2\/posts"}],"about":[{"href":"https:\/\/akunq.net\/tr\/index.php?rest_route=\/wp\/v2\/types\/post"}],"author":[{"embeddable":true,"href":"https:\/\/akunq.net\/tr\/index.php?rest_route=\/wp\/v2\/users\/7"}],"replies":[{"embeddable":true,"href":"https:\/\/akunq.net\/tr\/index.php?rest_route=%2Fwp%2Fv2%2Fcomments&post=61855"}],"version-history":[{"count":1,"href":"https:\/\/akunq.net\/tr\/index.php?rest_route=\/wp\/v2\/posts\/61855\/revisions"}],"predecessor-version":[{"id":61857,"href":"https:\/\/akunq.net\/tr\/index.php?rest_route=\/wp\/v2\/posts\/61855\/revisions\/61857"}],"wp:featuredmedia":[{"embeddable":true,"href":"https:\/\/akunq.net\/tr\/index.php?rest_route=\/wp\/v2\/media\/61856"}],"wp:attachment":[{"href":"https:\/\/akunq.net\/tr\/index.php?rest_route=%2Fwp%2Fv2%2Fmedia&parent=61855"}],"wp:term":[{"taxonomy":"category","embeddable":true,"href":"https:\/\/akunq.net\/tr\/index.php?rest_route=%2Fwp%2Fv2%2Fcategories&post=61855"},{"taxonomy":"post_tag","embeddable":true,"href":"https:\/\/akunq.net\/tr\/index.php?rest_route=%2Fwp%2Fv2%2Ftags&post=61855"}],"curies":[{"name":"wp","href":"https:\/\/api.w.org\/{rel}","templated":true}]}}