{"id":61843,"date":"2021-03-12T09:17:01","date_gmt":"2021-03-12T14:17:01","guid":{"rendered":"https:\/\/akunq.net\/tr\/?p=61843"},"modified":"2021-03-12T09:17:01","modified_gmt":"2021-03-12T14:17:01","slug":"azinlik-basini-yine-pas-gecildi","status":"publish","type":"post","link":"https:\/\/akunq.net\/tr\/?p=61843","title":{"rendered":"Az\u0131nl\u0131k bas\u0131n\u0131 yine &#8216;pas&#8217; ge\u00e7ildi"},"content":{"rendered":"<p><img loading=\"lazy\" decoding=\"async\" class=\"aligncenter size-medium wp-image-61844\" src=\"https:\/\/akunq.net\/tr\/wp-content\/uploads\/2021\/03\/Az\u0131nl\u0131k-bas\u0131n\u0131-360x180.jpg\" alt=\"\" width=\"360\" height=\"180\" srcset=\"https:\/\/akunq.net\/tr\/wp-content\/uploads\/sites\/6\/2021\/03\/Az\u0131nl\u0131k-bas\u0131n\u0131-360x180.jpg 360w, https:\/\/akunq.net\/tr\/wp-content\/uploads\/sites\/6\/2021\/03\/Az\u0131nl\u0131k-bas\u0131n\u0131-560x280.jpg 560w, https:\/\/akunq.net\/tr\/wp-content\/uploads\/sites\/6\/2021\/03\/Az\u0131nl\u0131k-bas\u0131n\u0131-260x130.jpg 260w, https:\/\/akunq.net\/tr\/wp-content\/uploads\/sites\/6\/2021\/03\/Az\u0131nl\u0131k-bas\u0131n\u0131-160x80.jpg 160w, https:\/\/akunq.net\/tr\/wp-content\/uploads\/sites\/6\/2021\/03\/Az\u0131nl\u0131k-bas\u0131n\u0131.jpg 625w\" sizes=\"auto, (max-width: 360px) 100vw, 360px\" \/><\/p>\n<p><em><strong>Bas\u0131n \u0130lan Kurumu az\u0131nl\u0131k bas\u0131n\u0131na 2020 y\u0131l\u0131nda katk\u0131da bulunmam\u0131\u015ft\u0131. Bas\u0131nda \u00e7\u0131kan haberler \u00fczerine 2021\u2019in \u015eubat ay\u0131 i\u015faret edilmi\u015fti. Ancak \u015eubat ay\u0131ndaki Bas\u0131n \u0130lan Kurumu Genel Kurulu\u2019nda bu y\u00f6nde bir karar \u00e7\u0131kmad\u0131.<\/strong><\/em><\/p>\n<p>Gazetelere resmi ilan da\u011f\u0131t\u0131m\u0131nda yetkili devlet kurumu olan Bas\u0131n \u0130lan Kurumu, az\u0131nl\u0131k bas\u0131n\u0131na resmi ilan vermemesine kar\u015f\u0131l\u0131k olarak,\u00a0 2011 y\u0131l\u0131ndan bu yana maddi yard\u0131mda bulunuyordu. Bu yard\u0131m karar\u0131 Bas\u0131n \u0130lan Kurumu\u2019nun genel kurullar\u0131nda\u00a0 karara ba\u011flan\u0131yor.<\/p>\n<p>Kurum genel olarak y\u0131l\u0131n son genel kurulunda bu y\u00f6nde bir karar al\u0131yor. Ancak kurum 18 Kas\u0131m 2020\u2019de d\u00fczenlenen\u00a0 y\u0131l\u0131n son genel kurulunda bu y\u00f6nde bir karar almad\u0131. Geli\u015fmenin bas\u0131na yans\u0131mas\u0131 \u00fczerine o g\u00fcnlerde\u00a0 bas\u0131na bilgi veren Bas\u0131n \u0130lan Kurumu Koordinasyon \u0130dare M\u00fcd\u00fcr\u00fc Mehmet \u00c7elik, karar\u0131n nihai olmad\u0131\u011f\u0131, Genel Kurul&#8217;un 2021 \u015eubat ay\u0131ndaki\u00a0 toplant\u0131s\u0131nda konuyu ele alabilece\u011fi s\u00f6yledi.<\/p>\n<p>Ancak \u015eubat ay\u0131 genel kurulunda da bu y\u00f6nde bir karar \u00e7\u0131kmad\u0131.<\/p>\n<p>Pandemi d\u00f6neminde daha da zor ko\u015fullarda yay\u0131n yapmaya \u00e7al\u0131\u015fan az\u0131nl\u0131k gazeteleri ge\u00e7ti\u011fimiz y\u0131l\u00a0 Bas\u0131n \u0130lan Kurumu\u2019na \u00e7a\u011fr\u0131da bulunarak her y\u0131l yap\u0131lan yard\u0131m\u0131n \u00f6ne \u00e7ekilmesini de talep etmi\u015flerdi.<\/p>\n<p>Kurum son olarak 28 Kas\u0131m 2019 tarihinde yap\u0131lan\u00a0 genel kurulda \u201cLozan Bar\u0131\u015f Antla\u015fmas\u0131 kapsam\u0131nda az\u0131nl\u0131k stat\u00fcs\u00fcnde say\u0131lan Ermeni, Rum ve Yahudi topluluklar\u0131 taraf\u0131ndan \u00fclkemizde yay\u0131nlanan gazetelere destek verilecek\u201d karar\u0131 alm\u0131\u015ft\u0131.<br \/>\nB\u0130K, s\u00f6z konusu deste\u011fi Lozan Anla\u015fmas\u0131 ile tan\u0131mlanan az\u0131nl\u0131k topluluklar\u0131n\u0131 k\u0131stas alarak, s\u00f6z konusu topluluklar\u0131n \u00e7\u0131kard\u0131klar\u0131 g\u00fcnl\u00fck, haftal\u0131k, ayl\u0131k gazete ve dergilere veriyor.<\/p>\n<p><em><strong>http:\/\/www.agos.com.tr\/tr\/yazi\/25428\/azinlik-basini-yine-pas-gecildi\u00a0<\/strong><\/em><\/p>\n","protected":false},"excerpt":{"rendered":"<p>Bas\u0131n \u0130lan Kurumu az\u0131nl\u0131k bas\u0131n\u0131na 2020 y\u0131l\u0131nda katk\u0131da bulunmam\u0131\u015ft\u0131. Bas\u0131nda \u00e7\u0131kan haberler \u00fczerine 2021\u2019in \u015eubat ay\u0131 i\u015faret edilmi\u015fti. Ancak \u015eubat ay\u0131ndaki Bas\u0131n \u0130lan Kurumu Genel Kurulu\u2019nda bu y\u00f6nde bir karar \u00e7\u0131kmad\u0131. Gazetelere resmi ilan da\u011f\u0131t\u0131m\u0131nda yetkili devlet kurumu olan Bas\u0131n \u0130lan Kurumu, az\u0131nl\u0131k bas\u0131n\u0131na resmi ilan vermemesine kar\u015f\u0131l\u0131k olarak,\u00a0 2011 y\u0131l\u0131ndan bu yana maddi yard\u0131mda [&hellip;]<\/p>\n","protected":false},"author":7,"featured_media":61844,"comment_status":"open","ping_status":"open","sticky":false,"template":"","format":"standard","meta":{"footnotes":""},"categories":[1,53],"tags":[],"class_list":["post-61843","post","type-post","status-publish","format-standard","has-post-thumbnail","hentry","category-haberler","category-turkiyede-azinliklar"],"yoast_head":"<!-- This site is optimized with the Yoast SEO plugin v27.4 - https:\/\/yoast.com\/product\/yoast-seo-wordpress\/ -->\n<title>Az\u0131nl\u0131k bas\u0131n\u0131 yine &#039;pas&#039; ge\u00e7ildi - Bati Ermenistan Ve Bati Ermenileri Sorunlari Ara\u015ftirmalar Merkezi<\/title>\n<meta name=\"robots\" content=\"index, follow, max-snippet:-1, max-image-preview:large, max-video-preview:-1\" \/>\n<link rel=\"canonical\" href=\"https:\/\/akunq.net\/tr\/?p=61843\" \/>\n<meta property=\"og:locale\" content=\"en_US\" \/>\n<meta property=\"og:type\" content=\"article\" \/>\n<meta property=\"og:title\" content=\"Az\u0131nl\u0131k bas\u0131n\u0131 yine &#039;pas&#039; ge\u00e7ildi - Bati Ermenistan Ve Bati Ermenileri Sorunlari Ara\u015ftirmalar Merkezi\" \/>\n<meta property=\"og:description\" content=\"Bas\u0131n \u0130lan Kurumu az\u0131nl\u0131k bas\u0131n\u0131na 2020 y\u0131l\u0131nda katk\u0131da bulunmam\u0131\u015ft\u0131. Bas\u0131nda \u00e7\u0131kan haberler \u00fczerine 2021\u2019in \u015eubat ay\u0131 i\u015faret edilmi\u015fti. Ancak \u015eubat ay\u0131ndaki Bas\u0131n \u0130lan Kurumu Genel Kurulu\u2019nda bu y\u00f6nde bir karar \u00e7\u0131kmad\u0131. Gazetelere resmi ilan da\u011f\u0131t\u0131m\u0131nda yetkili devlet kurumu olan Bas\u0131n \u0130lan Kurumu, az\u0131nl\u0131k bas\u0131n\u0131na resmi ilan vermemesine kar\u015f\u0131l\u0131k olarak,\u00a0 2011 y\u0131l\u0131ndan bu yana maddi yard\u0131mda [&hellip;]\" \/>\n<meta property=\"og:url\" content=\"https:\/\/akunq.net\/tr\/?p=61843\" \/>\n<meta property=\"og:site_name\" content=\"Bati Ermenistan Ve Bati Ermenileri Sorunlari Ara\u015ftirmalar Merkezi\" \/>\n<meta property=\"article:published_time\" content=\"2021-03-12T14:17:01+00:00\" \/>\n<meta property=\"og:image\" content=\"https:\/\/akunq.net\/tr\/wp-content\/uploads\/sites\/6\/2021\/03\/Az\u0131nl\u0131k-bas\u0131n\u0131.jpg\" \/>\n\t<meta property=\"og:image:width\" content=\"625\" \/>\n\t<meta property=\"og:image:height\" content=\"313\" \/>\n\t<meta property=\"og:image:type\" content=\"image\/jpeg\" \/>\n<meta name=\"author\" content=\"admin\" \/>\n<meta name=\"twitter:card\" content=\"summary_large_image\" \/>\n<meta name=\"twitter:label1\" content=\"Written by\" \/>\n\t<meta name=\"twitter:data1\" content=\"admin\" \/>\n\t<meta name=\"twitter:label2\" content=\"Est. reading time\" \/>\n\t<meta name=\"twitter:data2\" content=\"2 minutes\" \/>\n<script type=\"application\/ld+json\" class=\"yoast-schema-graph\">{\"@context\":\"https:\\\/\\\/schema.org\",\"@graph\":[{\"@type\":\"Article\",\"@id\":\"https:\\\/\\\/akunq.net\\\/tr\\\/?p=61843#article\",\"isPartOf\":{\"@id\":\"https:\\\/\\\/akunq.net\\\/tr\\\/?p=61843\"},\"author\":{\"name\":\"admin\",\"@id\":\"https:\\\/\\\/akunq.net\\\/tr\\\/#\\\/schema\\\/person\\\/096f1d38a12cce57fb855b485ed24c9e\"},\"headline\":\"Az\u0131nl\u0131k bas\u0131n\u0131 yine &#8216;pas&#8217; ge\u00e7ildi\",\"datePublished\":\"2021-03-12T14:17:01+00:00\",\"mainEntityOfPage\":{\"@id\":\"https:\\\/\\\/akunq.net\\\/tr\\\/?p=61843\"},\"wordCount\":330,\"commentCount\":0,\"image\":{\"@id\":\"https:\\\/\\\/akunq.net\\\/tr\\\/?p=61843#primaryimage\"},\"thumbnailUrl\":\"https:\\\/\\\/akunq.net\\\/tr\\\/wp-content\\\/uploads\\\/sites\\\/6\\\/2021\\\/03\\\/Az\u0131nl\u0131k-bas\u0131n\u0131.jpg\",\"articleSection\":[\"Haberler\",\"T\u00fcrkiye\u2019de Az\u0131nl\u0131klar\"],\"inLanguage\":\"en-US\",\"potentialAction\":[{\"@type\":\"CommentAction\",\"name\":\"Comment\",\"target\":[\"https:\\\/\\\/akunq.net\\\/tr\\\/?p=61843#respond\"]}]},{\"@type\":\"WebPage\",\"@id\":\"https:\\\/\\\/akunq.net\\\/tr\\\/?p=61843\",\"url\":\"https:\\\/\\\/akunq.net\\\/tr\\\/?p=61843\",\"name\":\"Az\u0131nl\u0131k bas\u0131n\u0131 yine 'pas' ge\u00e7ildi - Bati Ermenistan Ve Bati Ermenileri Sorunlari Ara\u015ftirmalar Merkezi\",\"isPartOf\":{\"@id\":\"https:\\\/\\\/akunq.net\\\/tr\\\/#website\"},\"primaryImageOfPage\":{\"@id\":\"https:\\\/\\\/akunq.net\\\/tr\\\/?p=61843#primaryimage\"},\"image\":{\"@id\":\"https:\\\/\\\/akunq.net\\\/tr\\\/?p=61843#primaryimage\"},\"thumbnailUrl\":\"https:\\\/\\\/akunq.net\\\/tr\\\/wp-content\\\/uploads\\\/sites\\\/6\\\/2021\\\/03\\\/Az\u0131nl\u0131k-bas\u0131n\u0131.jpg\",\"datePublished\":\"2021-03-12T14:17:01+00:00\",\"author\":{\"@id\":\"https:\\\/\\\/akunq.net\\\/tr\\\/#\\\/schema\\\/person\\\/096f1d38a12cce57fb855b485ed24c9e\"},\"breadcrumb\":{\"@id\":\"https:\\\/\\\/akunq.net\\\/tr\\\/?p=61843#breadcrumb\"},\"inLanguage\":\"en-US\",\"potentialAction\":[{\"@type\":\"ReadAction\",\"target\":[\"https:\\\/\\\/akunq.net\\\/tr\\\/?p=61843\"]}]},{\"@type\":\"ImageObject\",\"inLanguage\":\"en-US\",\"@id\":\"https:\\\/\\\/akunq.net\\\/tr\\\/?p=61843#primaryimage\",\"url\":\"https:\\\/\\\/akunq.net\\\/tr\\\/wp-content\\\/uploads\\\/sites\\\/6\\\/2021\\\/03\\\/Az\u0131nl\u0131k-bas\u0131n\u0131.jpg\",\"contentUrl\":\"https:\\\/\\\/akunq.net\\\/tr\\\/wp-content\\\/uploads\\\/sites\\\/6\\\/2021\\\/03\\\/Az\u0131nl\u0131k-bas\u0131n\u0131.jpg\",\"width\":625,\"height\":313},{\"@type\":\"BreadcrumbList\",\"@id\":\"https:\\\/\\\/akunq.net\\\/tr\\\/?p=61843#breadcrumb\",\"itemListElement\":[{\"@type\":\"ListItem\",\"position\":1,\"name\":\"Home\",\"item\":\"https:\\\/\\\/akunq.net\\\/tr\"},{\"@type\":\"ListItem\",\"position\":2,\"name\":\"Az\u0131nl\u0131k bas\u0131n\u0131 yine &#8216;pas&#8217; ge\u00e7ildi\"}]},{\"@type\":\"WebSite\",\"@id\":\"https:\\\/\\\/akunq.net\\\/tr\\\/#website\",\"url\":\"https:\\\/\\\/akunq.net\\\/tr\\\/\",\"name\":\"Bati Ermenistan Ve Bati Ermenileri Sorunlari Ara\u015ftirmalar Merkezi\",\"description\":\"\",\"potentialAction\":[{\"@type\":\"SearchAction\",\"target\":{\"@type\":\"EntryPoint\",\"urlTemplate\":\"https:\\\/\\\/akunq.net\\\/tr\\\/?s={search_term_string}\"},\"query-input\":{\"@type\":\"PropertyValueSpecification\",\"valueRequired\":true,\"valueName\":\"search_term_string\"}}],\"inLanguage\":\"en-US\"},{\"@type\":\"Person\",\"@id\":\"https:\\\/\\\/akunq.net\\\/tr\\\/#\\\/schema\\\/person\\\/096f1d38a12cce57fb855b485ed24c9e\",\"name\":\"admin\",\"url\":\"https:\\\/\\\/akunq.net\\\/tr\\\/?author=7\"}]}<\/script>\n<!-- \/ Yoast SEO plugin. -->","yoast_head_json":{"title":"Az\u0131nl\u0131k bas\u0131n\u0131 yine 'pas' ge\u00e7ildi - Bati Ermenistan Ve Bati Ermenileri Sorunlari Ara\u015ftirmalar Merkezi","robots":{"index":"index","follow":"follow","max-snippet":"max-snippet:-1","max-image-preview":"max-image-preview:large","max-video-preview":"max-video-preview:-1"},"canonical":"https:\/\/akunq.net\/tr\/?p=61843","og_locale":"en_US","og_type":"article","og_title":"Az\u0131nl\u0131k bas\u0131n\u0131 yine 'pas' ge\u00e7ildi - Bati Ermenistan Ve Bati Ermenileri Sorunlari Ara\u015ftirmalar Merkezi","og_description":"Bas\u0131n \u0130lan Kurumu az\u0131nl\u0131k bas\u0131n\u0131na 2020 y\u0131l\u0131nda katk\u0131da bulunmam\u0131\u015ft\u0131. Bas\u0131nda \u00e7\u0131kan haberler \u00fczerine 2021\u2019in \u015eubat ay\u0131 i\u015faret edilmi\u015fti. Ancak \u015eubat ay\u0131ndaki Bas\u0131n \u0130lan Kurumu Genel Kurulu\u2019nda bu y\u00f6nde bir karar \u00e7\u0131kmad\u0131. Gazetelere resmi ilan da\u011f\u0131t\u0131m\u0131nda yetkili devlet kurumu olan Bas\u0131n \u0130lan Kurumu, az\u0131nl\u0131k bas\u0131n\u0131na resmi ilan vermemesine kar\u015f\u0131l\u0131k olarak,\u00a0 2011 y\u0131l\u0131ndan bu yana maddi yard\u0131mda [&hellip;]","og_url":"https:\/\/akunq.net\/tr\/?p=61843","og_site_name":"Bati Ermenistan Ve Bati Ermenileri Sorunlari Ara\u015ftirmalar Merkezi","article_published_time":"2021-03-12T14:17:01+00:00","og_image":[{"width":625,"height":313,"url":"https:\/\/akunq.net\/tr\/wp-content\/uploads\/sites\/6\/2021\/03\/Az\u0131nl\u0131k-bas\u0131n\u0131.jpg","type":"image\/jpeg"}],"author":"admin","twitter_card":"summary_large_image","twitter_misc":{"Written by":"admin","Est. reading time":"2 minutes"},"schema":{"@context":"https:\/\/schema.org","@graph":[{"@type":"Article","@id":"https:\/\/akunq.net\/tr\/?p=61843#article","isPartOf":{"@id":"https:\/\/akunq.net\/tr\/?p=61843"},"author":{"name":"admin","@id":"https:\/\/akunq.net\/tr\/#\/schema\/person\/096f1d38a12cce57fb855b485ed24c9e"},"headline":"Az\u0131nl\u0131k bas\u0131n\u0131 yine &#8216;pas&#8217; ge\u00e7ildi","datePublished":"2021-03-12T14:17:01+00:00","mainEntityOfPage":{"@id":"https:\/\/akunq.net\/tr\/?p=61843"},"wordCount":330,"commentCount":0,"image":{"@id":"https:\/\/akunq.net\/tr\/?p=61843#primaryimage"},"thumbnailUrl":"https:\/\/akunq.net\/tr\/wp-content\/uploads\/sites\/6\/2021\/03\/Az\u0131nl\u0131k-bas\u0131n\u0131.jpg","articleSection":["Haberler","T\u00fcrkiye\u2019de Az\u0131nl\u0131klar"],"inLanguage":"en-US","potentialAction":[{"@type":"CommentAction","name":"Comment","target":["https:\/\/akunq.net\/tr\/?p=61843#respond"]}]},{"@type":"WebPage","@id":"https:\/\/akunq.net\/tr\/?p=61843","url":"https:\/\/akunq.net\/tr\/?p=61843","name":"Az\u0131nl\u0131k bas\u0131n\u0131 yine 'pas' ge\u00e7ildi - Bati Ermenistan Ve Bati Ermenileri Sorunlari Ara\u015ftirmalar Merkezi","isPartOf":{"@id":"https:\/\/akunq.net\/tr\/#website"},"primaryImageOfPage":{"@id":"https:\/\/akunq.net\/tr\/?p=61843#primaryimage"},"image":{"@id":"https:\/\/akunq.net\/tr\/?p=61843#primaryimage"},"thumbnailUrl":"https:\/\/akunq.net\/tr\/wp-content\/uploads\/sites\/6\/2021\/03\/Az\u0131nl\u0131k-bas\u0131n\u0131.jpg","datePublished":"2021-03-12T14:17:01+00:00","author":{"@id":"https:\/\/akunq.net\/tr\/#\/schema\/person\/096f1d38a12cce57fb855b485ed24c9e"},"breadcrumb":{"@id":"https:\/\/akunq.net\/tr\/?p=61843#breadcrumb"},"inLanguage":"en-US","potentialAction":[{"@type":"ReadAction","target":["https:\/\/akunq.net\/tr\/?p=61843"]}]},{"@type":"ImageObject","inLanguage":"en-US","@id":"https:\/\/akunq.net\/tr\/?p=61843#primaryimage","url":"https:\/\/akunq.net\/tr\/wp-content\/uploads\/sites\/6\/2021\/03\/Az\u0131nl\u0131k-bas\u0131n\u0131.jpg","contentUrl":"https:\/\/akunq.net\/tr\/wp-content\/uploads\/sites\/6\/2021\/03\/Az\u0131nl\u0131k-bas\u0131n\u0131.jpg","width":625,"height":313},{"@type":"BreadcrumbList","@id":"https:\/\/akunq.net\/tr\/?p=61843#breadcrumb","itemListElement":[{"@type":"ListItem","position":1,"name":"Home","item":"https:\/\/akunq.net\/tr"},{"@type":"ListItem","position":2,"name":"Az\u0131nl\u0131k bas\u0131n\u0131 yine &#8216;pas&#8217; ge\u00e7ildi"}]},{"@type":"WebSite","@id":"https:\/\/akunq.net\/tr\/#website","url":"https:\/\/akunq.net\/tr\/","name":"Bati Ermenistan Ve Bati Ermenileri Sorunlari Ara\u015ftirmalar Merkezi","description":"","potentialAction":[{"@type":"SearchAction","target":{"@type":"EntryPoint","urlTemplate":"https:\/\/akunq.net\/tr\/?s={search_term_string}"},"query-input":{"@type":"PropertyValueSpecification","valueRequired":true,"valueName":"search_term_string"}}],"inLanguage":"en-US"},{"@type":"Person","@id":"https:\/\/akunq.net\/tr\/#\/schema\/person\/096f1d38a12cce57fb855b485ed24c9e","name":"admin","url":"https:\/\/akunq.net\/tr\/?author=7"}]}},"_links":{"self":[{"href":"https:\/\/akunq.net\/tr\/index.php?rest_route=\/wp\/v2\/posts\/61843","targetHints":{"allow":["GET"]}}],"collection":[{"href":"https:\/\/akunq.net\/tr\/index.php?rest_route=\/wp\/v2\/posts"}],"about":[{"href":"https:\/\/akunq.net\/tr\/index.php?rest_route=\/wp\/v2\/types\/post"}],"author":[{"embeddable":true,"href":"https:\/\/akunq.net\/tr\/index.php?rest_route=\/wp\/v2\/users\/7"}],"replies":[{"embeddable":true,"href":"https:\/\/akunq.net\/tr\/index.php?rest_route=%2Fwp%2Fv2%2Fcomments&post=61843"}],"version-history":[{"count":1,"href":"https:\/\/akunq.net\/tr\/index.php?rest_route=\/wp\/v2\/posts\/61843\/revisions"}],"predecessor-version":[{"id":61845,"href":"https:\/\/akunq.net\/tr\/index.php?rest_route=\/wp\/v2\/posts\/61843\/revisions\/61845"}],"wp:featuredmedia":[{"embeddable":true,"href":"https:\/\/akunq.net\/tr\/index.php?rest_route=\/wp\/v2\/media\/61844"}],"wp:attachment":[{"href":"https:\/\/akunq.net\/tr\/index.php?rest_route=%2Fwp%2Fv2%2Fmedia&parent=61843"}],"wp:term":[{"taxonomy":"category","embeddable":true,"href":"https:\/\/akunq.net\/tr\/index.php?rest_route=%2Fwp%2Fv2%2Fcategories&post=61843"},{"taxonomy":"post_tag","embeddable":true,"href":"https:\/\/akunq.net\/tr\/index.php?rest_route=%2Fwp%2Fv2%2Ftags&post=61843"}],"curies":[{"name":"wp","href":"https:\/\/api.w.org\/{rel}","templated":true}]}}