{"id":61836,"date":"2021-03-12T02:29:53","date_gmt":"2021-03-12T07:29:53","guid":{"rendered":"https:\/\/akunq.net\/tr\/?p=61836"},"modified":"2021-03-12T02:29:53","modified_gmt":"2021-03-12T07:29:53","slug":"kusadasinda-su-cekildi-tarih-ortaya-cikti","status":"publish","type":"post","link":"https:\/\/akunq.net\/tr\/?p=61836","title":{"rendered":"Ku\u015fadas\u0131\u2019nda su \u00e7ekildi; tarih ortaya \u00e7\u0131kt\u0131"},"content":{"rendered":"<p><img loading=\"lazy\" decoding=\"async\" class=\"aligncenter size-medium wp-image-61837\" src=\"https:\/\/akunq.net\/tr\/wp-content\/uploads\/2021\/03\/Ku\u015fadas\u0131-360x203.jpg\" alt=\"\" width=\"360\" height=\"203\" srcset=\"https:\/\/akunq.net\/tr\/wp-content\/uploads\/sites\/6\/2021\/03\/Ku\u015fadas\u0131-360x203.jpg 360w, https:\/\/akunq.net\/tr\/wp-content\/uploads\/sites\/6\/2021\/03\/Ku\u015fadas\u0131-260x146.jpg 260w, https:\/\/akunq.net\/tr\/wp-content\/uploads\/sites\/6\/2021\/03\/Ku\u015fadas\u0131-160x90.jpg 160w, https:\/\/akunq.net\/tr\/wp-content\/uploads\/sites\/6\/2021\/03\/Ku\u015fadas\u0131.jpg 512w\" sizes=\"auto, (max-width: 360px) 100vw, 360px\" \/><\/p>\n<p><em><strong>Kad\u0131 Kalesi\u2019nin yakla\u015f\u0131k 300 metre ilerisindeki k\u0131y\u0131 \u015feridinde suyun \u00e7ekilmesiyle birlikte kumsal\u0131n \u00fczerinde tarihi yap\u0131lar ortaya \u00e7\u0131kt\u0131.<\/strong><\/em><\/p>\n<p>T\u00fcrk turizminin \u00f6nemli merkezlerinden Ku\u015fadas\u0131\u2019nda suyun \u00e7ekilmesiyle birlikte kumsalda kilise oldu\u011fu tahmin edilen tarihi yap\u0131lar belirmeye ba\u015flad\u0131.<\/p>\n<p>Ba\u015fta Dilek Yar\u0131madas\u0131 Milli Park\u0131 olmak \u00fczere, biyolojik \u00e7e\u015fitlilik a\u00e7\u0131s\u0131ndan zengin do\u011fal varl\u0131klara sahip olan Ku\u015fadas\u0131, ayn\u0131 zamanda ge\u00e7mi\u015f uygarl\u0131klardan kalan tarihi mekanlara da ev sahipli\u011fi yapmaya devam etti\u011fini ifade eden Ku\u015fadas\u0131 Ekosistemi Koruma ve Do\u011fa Sevenler Derne\u011fi (EKODOSD) Ba\u015fkan\u0131 Bahattin S\u00fcr\u00fcc\u00fc, \u201cEn ilgin\u00e7 tarihi yap\u0131lardan baz\u0131lar\u0131 da, Ku\u015fadas\u0131 plajlar\u0131nda sular \u00e7ekildi\u011finde a\u00e7\u0131\u011fa \u00e7\u0131kan tarihi yap\u0131lard\u0131r. Ku\u015fadas\u0131\u2019n\u0131n en \u00f6nemli tarihi yap\u0131lar\u0131ndan biri olan, \u0130lk yerle\u015fimi 8 bin y\u0131l \u00f6ncesine giden bir h\u00f6y\u00fck ve onun \u00fczerinde yer alan 13.yy. Bizans Kalesinin g\u00f6r\u00fcld\u00fc\u011f\u00fc Anaia Kad\u0131 Kalesi\u2019nin hemen alt\u0131ndaki k\u0131y\u0131 kesiminde, sular\u0131n \u00e7ekilmesiyle birlikte tarihi yap\u0131lar\u0131n ortaya \u00e7\u0131kt\u0131\u011f\u0131 g\u00f6r\u00fclmektedir\u201d dedi.<\/p>\n<p>Ortaya \u00e7\u0131kan yap\u0131n\u0131n kilise oldu\u011funun tahmin edildi\u011fini kaydeden EKODOSD Ba\u015fkan\u0131 Bahattin S\u00fcr\u00fcc\u00fc, \u201cKilise oldu\u011fu tahmin edilen yap\u0131lar\u0131n tarihlendirilmesi ve ne olduklar\u0131n\u0131n a\u00e7\u0131\u011fa \u00e7\u0131kmas\u0131 i\u00e7in bilimsel bir kaz\u0131n\u0131n yap\u0131lmas\u0131 gerekmektedir. At\u0131l \u015fekilde duran yap\u0131lar\u0131n\u0131n her ge\u00e7en y\u0131l ta\u015flar\u0131 tahrip olmakta, suyun \u00e7ekilmesiyle birlikte ortaya \u00e7\u0131kan baz\u0131 ta\u015f\u0131nabilir buluntular da kaybolmaktad\u0131r. T\u00fcrkiye\u2019nin en \u00f6nemli turizm kentlerinden biri olan Ku\u015fadas\u0131, her y\u0131l yurt d\u0131\u015f\u0131ndan ve i\u00e7inden binlerce konu\u011fu a\u011f\u0131rlamaktad\u0131r. Her iki plajda bulunan yap\u0131lar\u0131n kaz\u0131 \u00e7al\u0131\u015fmalar\u0131n\u0131n yap\u0131larak ortaya \u00e7\u0131kar\u0131lmas\u0131 halinde, Ayd\u0131n ve Ku\u015fadas\u0131 turizmine b\u00fcy\u00fck de\u011fer katacakt\u0131r. Ku\u015fadas\u0131\u2019n\u0131n k\u00fclt\u00fcrel zenginli\u011fine ve turizmine \u00f6nemli katk\u0131s\u0131 olacak bu yap\u0131lar i\u00e7in mutlaka kurtarma kaz\u0131lar\u0131 yap\u0131lmal\u0131d\u0131r\u201d diye konu\u015ftu.<\/p>\n<p><em><strong>Kaynak: \u0130HA<\/strong><\/em><\/p>\n<hr \/>\n<p><em><strong><a href=\"https:\/\/t24.com.tr\/video\/kusadasi-nda-su-cekildi-tarih-ortaya-cikti,37038\" target=\"_blank\" rel=\"noopener noreferrer\">T24<\/a><\/strong><\/em><\/p>\n","protected":false},"excerpt":{"rendered":"<p>Kad\u0131 Kalesi\u2019nin yakla\u015f\u0131k 300 metre ilerisindeki k\u0131y\u0131 \u015feridinde suyun \u00e7ekilmesiyle birlikte kumsal\u0131n \u00fczerinde tarihi yap\u0131lar ortaya \u00e7\u0131kt\u0131. T\u00fcrk turizminin \u00f6nemli merkezlerinden Ku\u015fadas\u0131\u2019nda suyun \u00e7ekilmesiyle birlikte kumsalda kilise oldu\u011fu tahmin edilen tarihi yap\u0131lar belirmeye ba\u015flad\u0131. Ba\u015fta Dilek Yar\u0131madas\u0131 Milli Park\u0131 olmak \u00fczere, biyolojik \u00e7e\u015fitlilik a\u00e7\u0131s\u0131ndan zengin do\u011fal varl\u0131klara sahip olan Ku\u015fadas\u0131, ayn\u0131 zamanda ge\u00e7mi\u015f uygarl\u0131klardan kalan [&hellip;]<\/p>\n","protected":false},"author":7,"featured_media":61837,"comment_status":"open","ping_status":"open","sticky":false,"template":"","format":"standard","meta":{"footnotes":""},"categories":[1],"tags":[],"class_list":["post-61836","post","type-post","status-publish","format-standard","has-post-thumbnail","hentry","category-haberler"],"yoast_head":"<!-- This site is optimized with the Yoast SEO plugin v27.4 - https:\/\/yoast.com\/product\/yoast-seo-wordpress\/ -->\n<title>Ku\u015fadas\u0131\u2019nda su \u00e7ekildi; tarih ortaya \u00e7\u0131kt\u0131 - Bati Ermenistan Ve Bati Ermenileri Sorunlari Ara\u015ftirmalar Merkezi<\/title>\n<meta name=\"robots\" content=\"index, follow, max-snippet:-1, max-image-preview:large, max-video-preview:-1\" \/>\n<link rel=\"canonical\" href=\"https:\/\/akunq.net\/tr\/?p=61836\" \/>\n<meta property=\"og:locale\" content=\"en_US\" \/>\n<meta property=\"og:type\" content=\"article\" \/>\n<meta property=\"og:title\" content=\"Ku\u015fadas\u0131\u2019nda su \u00e7ekildi; tarih ortaya \u00e7\u0131kt\u0131 - Bati Ermenistan Ve Bati Ermenileri Sorunlari Ara\u015ftirmalar Merkezi\" \/>\n<meta property=\"og:description\" content=\"Kad\u0131 Kalesi\u2019nin yakla\u015f\u0131k 300 metre ilerisindeki k\u0131y\u0131 \u015feridinde suyun \u00e7ekilmesiyle birlikte kumsal\u0131n \u00fczerinde tarihi yap\u0131lar ortaya \u00e7\u0131kt\u0131. T\u00fcrk turizminin \u00f6nemli merkezlerinden Ku\u015fadas\u0131\u2019nda suyun \u00e7ekilmesiyle birlikte kumsalda kilise oldu\u011fu tahmin edilen tarihi yap\u0131lar belirmeye ba\u015flad\u0131. Ba\u015fta Dilek Yar\u0131madas\u0131 Milli Park\u0131 olmak \u00fczere, biyolojik \u00e7e\u015fitlilik a\u00e7\u0131s\u0131ndan zengin do\u011fal varl\u0131klara sahip olan Ku\u015fadas\u0131, ayn\u0131 zamanda ge\u00e7mi\u015f uygarl\u0131klardan kalan [&hellip;]\" \/>\n<meta property=\"og:url\" content=\"https:\/\/akunq.net\/tr\/?p=61836\" \/>\n<meta property=\"og:site_name\" content=\"Bati Ermenistan Ve Bati Ermenileri Sorunlari Ara\u015ftirmalar Merkezi\" \/>\n<meta property=\"article:published_time\" content=\"2021-03-12T07:29:53+00:00\" \/>\n<meta property=\"og:image\" content=\"https:\/\/akunq.net\/tr\/wp-content\/uploads\/sites\/6\/2021\/03\/Ku\u015fadas\u0131.jpg\" \/>\n\t<meta property=\"og:image:width\" content=\"512\" \/>\n\t<meta property=\"og:image:height\" content=\"288\" \/>\n\t<meta property=\"og:image:type\" content=\"image\/jpeg\" \/>\n<meta name=\"author\" content=\"admin\" \/>\n<meta name=\"twitter:card\" content=\"summary_large_image\" \/>\n<meta name=\"twitter:label1\" content=\"Written by\" \/>\n\t<meta name=\"twitter:data1\" content=\"admin\" \/>\n\t<meta name=\"twitter:label2\" content=\"Est. reading time\" \/>\n\t<meta name=\"twitter:data2\" content=\"2 minutes\" \/>\n<script type=\"application\/ld+json\" class=\"yoast-schema-graph\">{\"@context\":\"https:\\\/\\\/schema.org\",\"@graph\":[{\"@type\":\"Article\",\"@id\":\"https:\\\/\\\/akunq.net\\\/tr\\\/?p=61836#article\",\"isPartOf\":{\"@id\":\"https:\\\/\\\/akunq.net\\\/tr\\\/?p=61836\"},\"author\":{\"name\":\"admin\",\"@id\":\"https:\\\/\\\/akunq.net\\\/tr\\\/#\\\/schema\\\/person\\\/096f1d38a12cce57fb855b485ed24c9e\"},\"headline\":\"Ku\u015fadas\u0131\u2019nda su \u00e7ekildi; tarih ortaya \u00e7\u0131kt\u0131\",\"datePublished\":\"2021-03-12T07:29:53+00:00\",\"mainEntityOfPage\":{\"@id\":\"https:\\\/\\\/akunq.net\\\/tr\\\/?p=61836\"},\"wordCount\":359,\"commentCount\":0,\"image\":{\"@id\":\"https:\\\/\\\/akunq.net\\\/tr\\\/?p=61836#primaryimage\"},\"thumbnailUrl\":\"https:\\\/\\\/akunq.net\\\/tr\\\/wp-content\\\/uploads\\\/sites\\\/6\\\/2021\\\/03\\\/Ku\u015fadas\u0131.jpg\",\"articleSection\":[\"Haberler\"],\"inLanguage\":\"en-US\",\"potentialAction\":[{\"@type\":\"CommentAction\",\"name\":\"Comment\",\"target\":[\"https:\\\/\\\/akunq.net\\\/tr\\\/?p=61836#respond\"]}]},{\"@type\":\"WebPage\",\"@id\":\"https:\\\/\\\/akunq.net\\\/tr\\\/?p=61836\",\"url\":\"https:\\\/\\\/akunq.net\\\/tr\\\/?p=61836\",\"name\":\"Ku\u015fadas\u0131\u2019nda su \u00e7ekildi; tarih ortaya \u00e7\u0131kt\u0131 - Bati Ermenistan Ve Bati Ermenileri Sorunlari Ara\u015ftirmalar Merkezi\",\"isPartOf\":{\"@id\":\"https:\\\/\\\/akunq.net\\\/tr\\\/#website\"},\"primaryImageOfPage\":{\"@id\":\"https:\\\/\\\/akunq.net\\\/tr\\\/?p=61836#primaryimage\"},\"image\":{\"@id\":\"https:\\\/\\\/akunq.net\\\/tr\\\/?p=61836#primaryimage\"},\"thumbnailUrl\":\"https:\\\/\\\/akunq.net\\\/tr\\\/wp-content\\\/uploads\\\/sites\\\/6\\\/2021\\\/03\\\/Ku\u015fadas\u0131.jpg\",\"datePublished\":\"2021-03-12T07:29:53+00:00\",\"author\":{\"@id\":\"https:\\\/\\\/akunq.net\\\/tr\\\/#\\\/schema\\\/person\\\/096f1d38a12cce57fb855b485ed24c9e\"},\"breadcrumb\":{\"@id\":\"https:\\\/\\\/akunq.net\\\/tr\\\/?p=61836#breadcrumb\"},\"inLanguage\":\"en-US\",\"potentialAction\":[{\"@type\":\"ReadAction\",\"target\":[\"https:\\\/\\\/akunq.net\\\/tr\\\/?p=61836\"]}]},{\"@type\":\"ImageObject\",\"inLanguage\":\"en-US\",\"@id\":\"https:\\\/\\\/akunq.net\\\/tr\\\/?p=61836#primaryimage\",\"url\":\"https:\\\/\\\/akunq.net\\\/tr\\\/wp-content\\\/uploads\\\/sites\\\/6\\\/2021\\\/03\\\/Ku\u015fadas\u0131.jpg\",\"contentUrl\":\"https:\\\/\\\/akunq.net\\\/tr\\\/wp-content\\\/uploads\\\/sites\\\/6\\\/2021\\\/03\\\/Ku\u015fadas\u0131.jpg\",\"width\":512,\"height\":288},{\"@type\":\"BreadcrumbList\",\"@id\":\"https:\\\/\\\/akunq.net\\\/tr\\\/?p=61836#breadcrumb\",\"itemListElement\":[{\"@type\":\"ListItem\",\"position\":1,\"name\":\"Home\",\"item\":\"https:\\\/\\\/akunq.net\\\/tr\"},{\"@type\":\"ListItem\",\"position\":2,\"name\":\"Ku\u015fadas\u0131\u2019nda su \u00e7ekildi; tarih ortaya \u00e7\u0131kt\u0131\"}]},{\"@type\":\"WebSite\",\"@id\":\"https:\\\/\\\/akunq.net\\\/tr\\\/#website\",\"url\":\"https:\\\/\\\/akunq.net\\\/tr\\\/\",\"name\":\"Bati Ermenistan Ve Bati Ermenileri Sorunlari Ara\u015ftirmalar Merkezi\",\"description\":\"\",\"potentialAction\":[{\"@type\":\"SearchAction\",\"target\":{\"@type\":\"EntryPoint\",\"urlTemplate\":\"https:\\\/\\\/akunq.net\\\/tr\\\/?s={search_term_string}\"},\"query-input\":{\"@type\":\"PropertyValueSpecification\",\"valueRequired\":true,\"valueName\":\"search_term_string\"}}],\"inLanguage\":\"en-US\"},{\"@type\":\"Person\",\"@id\":\"https:\\\/\\\/akunq.net\\\/tr\\\/#\\\/schema\\\/person\\\/096f1d38a12cce57fb855b485ed24c9e\",\"name\":\"admin\",\"url\":\"https:\\\/\\\/akunq.net\\\/tr\\\/?author=7\"}]}<\/script>\n<!-- \/ Yoast SEO plugin. -->","yoast_head_json":{"title":"Ku\u015fadas\u0131\u2019nda su \u00e7ekildi; tarih ortaya \u00e7\u0131kt\u0131 - Bati Ermenistan Ve Bati Ermenileri Sorunlari Ara\u015ftirmalar Merkezi","robots":{"index":"index","follow":"follow","max-snippet":"max-snippet:-1","max-image-preview":"max-image-preview:large","max-video-preview":"max-video-preview:-1"},"canonical":"https:\/\/akunq.net\/tr\/?p=61836","og_locale":"en_US","og_type":"article","og_title":"Ku\u015fadas\u0131\u2019nda su \u00e7ekildi; tarih ortaya \u00e7\u0131kt\u0131 - Bati Ermenistan Ve Bati Ermenileri Sorunlari Ara\u015ftirmalar Merkezi","og_description":"Kad\u0131 Kalesi\u2019nin yakla\u015f\u0131k 300 metre ilerisindeki k\u0131y\u0131 \u015feridinde suyun \u00e7ekilmesiyle birlikte kumsal\u0131n \u00fczerinde tarihi yap\u0131lar ortaya \u00e7\u0131kt\u0131. T\u00fcrk turizminin \u00f6nemli merkezlerinden Ku\u015fadas\u0131\u2019nda suyun \u00e7ekilmesiyle birlikte kumsalda kilise oldu\u011fu tahmin edilen tarihi yap\u0131lar belirmeye ba\u015flad\u0131. Ba\u015fta Dilek Yar\u0131madas\u0131 Milli Park\u0131 olmak \u00fczere, biyolojik \u00e7e\u015fitlilik a\u00e7\u0131s\u0131ndan zengin do\u011fal varl\u0131klara sahip olan Ku\u015fadas\u0131, ayn\u0131 zamanda ge\u00e7mi\u015f uygarl\u0131klardan kalan [&hellip;]","og_url":"https:\/\/akunq.net\/tr\/?p=61836","og_site_name":"Bati Ermenistan Ve Bati Ermenileri Sorunlari Ara\u015ftirmalar Merkezi","article_published_time":"2021-03-12T07:29:53+00:00","og_image":[{"width":512,"height":288,"url":"https:\/\/akunq.net\/tr\/wp-content\/uploads\/sites\/6\/2021\/03\/Ku\u015fadas\u0131.jpg","type":"image\/jpeg"}],"author":"admin","twitter_card":"summary_large_image","twitter_misc":{"Written by":"admin","Est. reading time":"2 minutes"},"schema":{"@context":"https:\/\/schema.org","@graph":[{"@type":"Article","@id":"https:\/\/akunq.net\/tr\/?p=61836#article","isPartOf":{"@id":"https:\/\/akunq.net\/tr\/?p=61836"},"author":{"name":"admin","@id":"https:\/\/akunq.net\/tr\/#\/schema\/person\/096f1d38a12cce57fb855b485ed24c9e"},"headline":"Ku\u015fadas\u0131\u2019nda su \u00e7ekildi; tarih ortaya \u00e7\u0131kt\u0131","datePublished":"2021-03-12T07:29:53+00:00","mainEntityOfPage":{"@id":"https:\/\/akunq.net\/tr\/?p=61836"},"wordCount":359,"commentCount":0,"image":{"@id":"https:\/\/akunq.net\/tr\/?p=61836#primaryimage"},"thumbnailUrl":"https:\/\/akunq.net\/tr\/wp-content\/uploads\/sites\/6\/2021\/03\/Ku\u015fadas\u0131.jpg","articleSection":["Haberler"],"inLanguage":"en-US","potentialAction":[{"@type":"CommentAction","name":"Comment","target":["https:\/\/akunq.net\/tr\/?p=61836#respond"]}]},{"@type":"WebPage","@id":"https:\/\/akunq.net\/tr\/?p=61836","url":"https:\/\/akunq.net\/tr\/?p=61836","name":"Ku\u015fadas\u0131\u2019nda su \u00e7ekildi; tarih ortaya \u00e7\u0131kt\u0131 - Bati Ermenistan Ve Bati Ermenileri Sorunlari Ara\u015ftirmalar Merkezi","isPartOf":{"@id":"https:\/\/akunq.net\/tr\/#website"},"primaryImageOfPage":{"@id":"https:\/\/akunq.net\/tr\/?p=61836#primaryimage"},"image":{"@id":"https:\/\/akunq.net\/tr\/?p=61836#primaryimage"},"thumbnailUrl":"https:\/\/akunq.net\/tr\/wp-content\/uploads\/sites\/6\/2021\/03\/Ku\u015fadas\u0131.jpg","datePublished":"2021-03-12T07:29:53+00:00","author":{"@id":"https:\/\/akunq.net\/tr\/#\/schema\/person\/096f1d38a12cce57fb855b485ed24c9e"},"breadcrumb":{"@id":"https:\/\/akunq.net\/tr\/?p=61836#breadcrumb"},"inLanguage":"en-US","potentialAction":[{"@type":"ReadAction","target":["https:\/\/akunq.net\/tr\/?p=61836"]}]},{"@type":"ImageObject","inLanguage":"en-US","@id":"https:\/\/akunq.net\/tr\/?p=61836#primaryimage","url":"https:\/\/akunq.net\/tr\/wp-content\/uploads\/sites\/6\/2021\/03\/Ku\u015fadas\u0131.jpg","contentUrl":"https:\/\/akunq.net\/tr\/wp-content\/uploads\/sites\/6\/2021\/03\/Ku\u015fadas\u0131.jpg","width":512,"height":288},{"@type":"BreadcrumbList","@id":"https:\/\/akunq.net\/tr\/?p=61836#breadcrumb","itemListElement":[{"@type":"ListItem","position":1,"name":"Home","item":"https:\/\/akunq.net\/tr"},{"@type":"ListItem","position":2,"name":"Ku\u015fadas\u0131\u2019nda su \u00e7ekildi; tarih ortaya \u00e7\u0131kt\u0131"}]},{"@type":"WebSite","@id":"https:\/\/akunq.net\/tr\/#website","url":"https:\/\/akunq.net\/tr\/","name":"Bati Ermenistan Ve Bati Ermenileri Sorunlari Ara\u015ftirmalar Merkezi","description":"","potentialAction":[{"@type":"SearchAction","target":{"@type":"EntryPoint","urlTemplate":"https:\/\/akunq.net\/tr\/?s={search_term_string}"},"query-input":{"@type":"PropertyValueSpecification","valueRequired":true,"valueName":"search_term_string"}}],"inLanguage":"en-US"},{"@type":"Person","@id":"https:\/\/akunq.net\/tr\/#\/schema\/person\/096f1d38a12cce57fb855b485ed24c9e","name":"admin","url":"https:\/\/akunq.net\/tr\/?author=7"}]}},"_links":{"self":[{"href":"https:\/\/akunq.net\/tr\/index.php?rest_route=\/wp\/v2\/posts\/61836","targetHints":{"allow":["GET"]}}],"collection":[{"href":"https:\/\/akunq.net\/tr\/index.php?rest_route=\/wp\/v2\/posts"}],"about":[{"href":"https:\/\/akunq.net\/tr\/index.php?rest_route=\/wp\/v2\/types\/post"}],"author":[{"embeddable":true,"href":"https:\/\/akunq.net\/tr\/index.php?rest_route=\/wp\/v2\/users\/7"}],"replies":[{"embeddable":true,"href":"https:\/\/akunq.net\/tr\/index.php?rest_route=%2Fwp%2Fv2%2Fcomments&post=61836"}],"version-history":[{"count":1,"href":"https:\/\/akunq.net\/tr\/index.php?rest_route=\/wp\/v2\/posts\/61836\/revisions"}],"predecessor-version":[{"id":61838,"href":"https:\/\/akunq.net\/tr\/index.php?rest_route=\/wp\/v2\/posts\/61836\/revisions\/61838"}],"wp:featuredmedia":[{"embeddable":true,"href":"https:\/\/akunq.net\/tr\/index.php?rest_route=\/wp\/v2\/media\/61837"}],"wp:attachment":[{"href":"https:\/\/akunq.net\/tr\/index.php?rest_route=%2Fwp%2Fv2%2Fmedia&parent=61836"}],"wp:term":[{"taxonomy":"category","embeddable":true,"href":"https:\/\/akunq.net\/tr\/index.php?rest_route=%2Fwp%2Fv2%2Fcategories&post=61836"},{"taxonomy":"post_tag","embeddable":true,"href":"https:\/\/akunq.net\/tr\/index.php?rest_route=%2Fwp%2Fv2%2Ftags&post=61836"}],"curies":[{"name":"wp","href":"https:\/\/api.w.org\/{rel}","templated":true}]}}