{"id":61833,"date":"2021-03-12T02:23:16","date_gmt":"2021-03-12T07:23:16","guid":{"rendered":"https:\/\/akunq.net\/tr\/?p=61833"},"modified":"2021-03-12T02:23:16","modified_gmt":"2021-03-12T07:23:16","slug":"tarih-tesadufleri-severyuzerken-bulunan-2500-yillik-heykeller-doga-yurusunde-kesfedilen-5300-yasindaki-otzi-metro-kazisinda-cikan-bizans-limani","status":"publish","type":"post","link":"https:\/\/akunq.net\/tr\/?p=61833","title":{"rendered":"Tarih tesad\u00fcfleri sever\u2026Y\u00fczerken bulunan 2500 y\u0131ll\u0131k heykeller, do\u011fa y\u00fcr\u00fc\u015f\u00fcnde ke\u015ffedilen 5300 ya\u015f\u0131ndaki Otzi, metro kaz\u0131s\u0131nda \u00e7\u0131kan Bizans liman\u0131"},"content":{"rendered":"<p><img loading=\"lazy\" decoding=\"async\" class=\"aligncenter size-medium wp-image-61834\" src=\"https:\/\/akunq.net\/tr\/wp-content\/uploads\/2021\/03\/Bizans-liman\u0131-360x189.jpg\" alt=\"\" width=\"360\" height=\"189\" srcset=\"https:\/\/akunq.net\/tr\/wp-content\/uploads\/sites\/6\/2021\/03\/Bizans-liman\u0131-360x189.jpg 360w, https:\/\/akunq.net\/tr\/wp-content\/uploads\/sites\/6\/2021\/03\/Bizans-liman\u0131-768x403.jpg 768w, https:\/\/akunq.net\/tr\/wp-content\/uploads\/sites\/6\/2021\/03\/Bizans-liman\u0131-560x294.jpg 560w, https:\/\/akunq.net\/tr\/wp-content\/uploads\/sites\/6\/2021\/03\/Bizans-liman\u0131-260x137.jpg 260w, https:\/\/akunq.net\/tr\/wp-content\/uploads\/sites\/6\/2021\/03\/Bizans-liman\u0131-160x84.jpg 160w, https:\/\/akunq.net\/tr\/wp-content\/uploads\/sites\/6\/2021\/03\/Bizans-liman\u0131.jpg 1200w\" sizes=\"auto, (max-width: 360px) 100vw, 360px\" \/><\/p>\n<p><strong><em>Arkeolojik ke\u015fiflerin bir k\u0131sm\u0131 titiz \u00e7al\u0131\u015fmalar\u0131n sonucu bir k\u0131sm\u0131 da tesad\u00fcfen bulunuyor. Tesad\u00fcfen bulanan eserler tarihi ayd\u0131nlat\u0131yor. Bug\u00fcn bilinen bir\u00e7ok \u00f6nemli arkeolojik ke\u015fifte bazen bir in\u015faat kaz\u0131s\u0131 bazen de bir anl\u0131k dikkat etkili oldu.<\/em><\/strong><\/p>\n<p><strong>Ali Kemal Erdem<\/strong><\/p>\n<p>Birle\u015fik Krall\u0131k\u2019a ba\u011fl\u0131 Galler\u2019de ge\u00e7ti\u011fimiz g\u00fcnlerde elektrik teknisyenlerinden olu\u015fan bir ekip, bir dizi yeralt\u0131 kablosunun yerini de\u011fi\u015ftirmek i\u00e7in yapt\u0131klar\u0131 rutin kaz\u0131da gizli bir orta\u00e7a\u011f t\u00fcneline rastlad\u0131.<\/p>\n<p>Yakla\u015f\u0131k 1,22 metre y\u00fcksekli\u011findeki tu\u011fla t\u00fcnelin a\u015fa\u011f\u0131-yukar\u0131 900 y\u0131l \u00f6ncesinden kalma oldu\u011fu d\u00fc\u015f\u00fcn\u00fcl\u00fcyor.<\/p>\n<p>Britanya\u2019daki bu tesad\u00fcfi ke\u015ffin ard\u0131ndan bir haberde T\u00fcrkiye\u2019den geldi.<\/p>\n<p>Bursa\u2019n\u0131n \u0130znik il\u00e7esinin Derbent Mahallesi\u2019nde zeytin a\u011fa\u00e7lar\u0131n\u0131 sulayan gen\u00e7 bir kad\u0131n, yerde bir cisim fark etti.<\/p>\n<p>Gen\u00e7 kad\u0131n, eski d\u00f6neme ait oldu\u011funu anlad\u0131\u011f\u0131 cismi m\u00fczeye teslim etti.<\/p>\n<p>Uzmanlarca incelenen cismin \u00fczerinde kabartmal\u0131 Hazreti \u0130sa ve \u00e7i\u00e7ek fig\u00fcrleri bulunan 1500 y\u0131l \u00f6ncesine ait bir Bizans sikkesi yani paras\u0131 oldu\u011fu anla\u015f\u0131ld\u0131.<\/p>\n<p><strong>\u201cEn \u00e7ok yol \u00e7al\u0131\u015fmalar\u0131 ve in\u015faatlarda tarihi eserler bulunuyor\u201d<\/strong><\/p>\n<p>Bu ve benzeri haberleri s\u0131k s\u0131k g\u00f6rmek m\u00fcmk\u00fcn. Tesad\u00fcfler veya yanl\u0131\u015fl\u0131kla yap\u0131lan ke\u015fifler olmasayd\u0131 g\u00fcn\u00fcm\u00fczdeki pek \u00e7ok tarihi esere ula\u015fmak m\u00fcmk\u00fcn olmazd\u0131 demek abart\u0131 say\u0131lmaz.<\/p>\n<p>Arkeolog Can Ciner, tesad\u00fcfi ke\u015fiflerin \u00e7ok \u00f6nemli oldu\u011funu belirterek, arkeologlar\u0131n her yeri ara\u015ft\u0131rmas\u0131n\u0131n m\u00fcmk\u00fcn olmad\u0131\u011f\u0131n\u0131 s\u00f6yledi.<\/p>\n<p>Tesad\u00fcflerin tarihin ayd\u0131nlanmas\u0131nda \u00e7ok faydal\u0131 bir rol\u00fc oldu\u011funu aktaran Ciner, \u201c\u00d6zellikle yol \u00e7al\u0131\u015fmalar\u0131nda, in\u015faat kaz\u0131lar\u0131nda s\u0131kl\u0131kla tarihi buluntularla kar\u015f\u0131la\u015f\u0131l\u0131yor\u201d dedi.<\/p>\n<p>Dalg\u0131\u00e7 y\u00fczerken 2500 y\u0131ll\u0131k Yunan heykellerini buldu<\/p>\n<p>\u201c\u0130talya\u2019n\u0131n Riace \u015fehri yak\u0131nlar\u0131nda 1972\u2019de denize dalan dalg\u0131\u00e7 Stefano Mariotti, su alt\u0131nda iki heykelin varl\u0131\u011f\u0131n\u0131 fark etti\u201d diyen Ciner, \u015fu bilgileri payla\u015ft\u0131:<\/p>\n<p>Durumu haber vermesiyle \u00e7\u0131kar\u0131lan insan boyundaki iki bronz heykelin 2500 y\u0131l \u00f6ncesinden antik Yunanl\u0131lara ait oldu\u011fu ve iki sava\u015f\u00e7\u0131y\u0131 tasvir etti\u011fi anla\u015f\u0131ld\u0131. M\u00fczeye kald\u0131r\u0131lan \u201cRiace Sava\u015f\u00e7\u0131lar\u0131\u201d olarak an\u0131lan bu heykeller, her y\u0131l onbinlerce ziyaret\u00e7i taraf\u0131ndan ziyaret ediliyor.<\/p>\n<p><strong>Babas\u0131yla dola\u015fan d\u00f6rt ya\u015f\u0131ndaki \u00e7ocuk dinozor izini fark etti<\/strong><\/p>\n<p>Yine 2021 y\u0131l\u0131 i\u00e7erisinde Birle\u015fik Krall\u0131k\u2019a ba\u011fl\u0131 Galler b\u00f6lgesindeki Vale of Glamorgan\u2019da Bendricks Bay sahilinde babas\u0131yla y\u00fcr\u00fcy\u00fc\u015fe \u00e7\u0131kan d\u00f6rt ya\u015f\u0131ndaki Lily Wilder\u2019in dikkati b\u00fcy\u00fck bir ke\u015ffe neden oldu.<\/p>\n<p>Wilder, y\u00fcr\u00fcrken eliyle i\u015faret ederek, \u201cBaba bak\u201d demesi \u00fczerine babas\u0131 yerdeki izin foto\u011fraf\u0131n\u0131 \u00e7ekti.<\/p>\n<p>Foto\u011fraf\u0131 g\u00f6ren annesinin durumu arkeologlara haber vermesiyle incelenen izin 220 milyon y\u0131l \u00f6nce ya\u015fam\u0131\u015f bir dinozora ait oldu\u011fu anla\u015f\u0131ld\u0131.<\/p>\n<p><strong>Marmarisli bal\u0131k\u00e7\u0131lar\u0131n a\u011flar\u0131na 300 kiloluk bronz kad\u0131n heykeli tak\u0131ld\u0131<\/strong><\/p>\n<p>2020\u2019de tesad\u00fcf denebilecek bir ke\u015fif, Marmaris\u2019te bal\u0131k\u00e7\u0131lar\u0131n a\u011f\u0131na tak\u0131ld\u0131.<\/p>\n<p>Bal\u0131k\u00e7\u0131larca su alt\u0131ndan g\u00fc\u00e7 bela \u00e7\u0131kar\u0131lan 2 metre uzunlu\u011funda 300 kilogram a\u011f\u0131rl\u0131\u011f\u0131nda bronz bir kad\u0131n heykeli yetkililere teslim edildi.<\/p>\n<p>Heykel incelenmek \u00fczere Marmaris M\u00fcze M\u00fcd\u00fcrl\u00fc\u011f\u00fc\u2019ne g\u00f6t\u00fcr\u00fcld\u00fc.<\/p>\n<p><strong>Havadan \u00e7ekilen foto\u011fraf bat\u0131k bazilikan\u0131n bulunmas\u0131n\u0131 sa\u011flad\u0131<\/strong><\/p>\n<p>Bursa\u2019n\u0131n \u0130znik il\u00e7esinde 2014\u2019te i\u00e7erisinde yap\u0131lan havadan foto\u011fraflamalarda kurakl\u0131k etkisiyle su seviyesi d\u00fc\u015fen g\u00f6l\u00fcn i\u00e7inde k\u0131y\u0131ya yak\u0131n noktalarda baz\u0131 yap\u0131lar fark edildi.<\/p>\n<p>Yap\u0131lan incelemede yap\u0131lar\u0131n neredeyse 2 bin y\u0131l \u00f6nce yap\u0131lan ve Hristiyanl\u0131\u011f\u0131n ilk d\u00f6nemlerinde kilise olarak da kullan\u0131lan bir Bazilika yani toplanma alan\u0131 oldu\u011fu anla\u015f\u0131ld\u0131.<\/p>\n<p>Bazilikan\u0131n sonraki \u00e7a\u011flarda depremler nedeniyle sulara g\u00f6m\u00fcld\u00fc\u011f\u00fc anla\u015f\u0131ld\u0131.<\/p>\n<p>Bu olay arkeoloji \u00e7evrelerinde 2014 y\u0131l\u0131n\u0131n en \u00f6nemli ke\u015fifleri aras\u0131nda say\u0131ld\u0131.<\/p>\n<p><strong>Do\u011fa y\u00fcr\u00fcy\u00fc\u015f\u00fcnde 5300 y\u0131l \u00f6ncesi \u00f6len adam\u0131n cesedini buldular<\/strong><\/p>\n<p>Avusturya-\u0130talya s\u0131n\u0131r\u0131ndaki Alp Da\u011flar\u0131\u2019nda 1991\u2019de y\u00fcr\u00fcy\u00fc\u015fe \u00e7\u0131kan iki Alman turistin, zirveye \u00e7\u0131kt\u0131ktan sonra \u201cdaha kestirme olur\u201d diyerek farkl\u0131 bir yoldan inmeye \u00e7al\u0131\u015fmalar\u0131 tarihi bir ke\u015ffe neden oldu.<\/p>\n<p>Buz halindeki bir dere yata\u011f\u0131n\u0131n erimekte olan k\u0131sm\u0131nda siyah bir lekeyi fark eden turistler, bunun bir ceset oldu\u011funu anlay\u0131nca hemen polise haber verdi.<\/p>\n<p>Polisler ilk incelemede bunun kaybolmu\u015f bir da\u011fc\u0131ya ya da I. D\u00fcnya Sava\u015f\u0131\u2019nda Alp Da\u011flar\u0131\u2019ndaki \u00e7at\u0131\u015fmalarda \u00f6len bir askere ait oldu\u011funu sand\u0131.<\/p>\n<p>Ancak ceset \u00fczerinde inceleme yap\u0131l\u0131nca beklenmedik bir sonu\u00e7 \u00e7\u0131kt\u0131. 5300 y\u0131l \u00f6ncesinde ya\u015fam\u0131\u015f olan \u201cBuz Adam Otzi\u201d ad\u0131 verilen ceset, arkeoloji d\u00fcnyas\u0131nda yank\u0131 uyand\u0131rd\u0131.<\/p>\n<p>Tam s\u0131n\u0131rda kalmas\u0131ndan dolay\u0131 \u0130talya ve Avusturya aras\u0131nda \u201cKim sahip olacak?\u201d diye soruna neden olan Otzi, birka\u00e7 metre mesafe ile \u0130talya\u2019n\u0131n oldu.<\/p>\n<p>Otzi\u2019nin bedeninde ve beraberindeki aletler \u00fczerinde yap\u0131lan incelemeler binlerce y\u0131l \u00f6nceki ya\u015fama ve hastal\u0131klara dair \u00f6nemli bilgiler elde edildi.<\/p>\n<p><strong>\u0130\u015f makinelerinin \u00e7al\u0131\u015fmas\u0131n\u0131 izlerken Roma mezar stelini ke\u015ffetti<\/strong><\/p>\n<p>\u0130nsanlar\u0131n \u00e7o\u011funun i\u015f makinelerinin \u00e7al\u0131\u015fmas\u0131n\u0131 izleme merak\u0131 oldu\u011fu bilinir.<\/p>\n<p>Bu merak 2021 y\u0131l\u0131 i\u00e7erisinde Bursa\u2019n\u0131n Nil\u00fcfer il\u00e7esinde bir ke\u015ffe neden oldu.<\/p>\n<p>Kurtulu\u015f Mahallesi\u2019ndeki bir in\u015faat alan\u0131nda kaz\u0131 \u00e7al\u0131\u015fmas\u0131 yapan i\u015f makinelerinin \u00e7al\u0131\u015fmas\u0131n\u0131 balkonundan izleyen Erdo\u011fan Tunaboylu, kep\u00e7enin topraktan d\u00fcz bir par\u00e7a \u00e7\u0131kard\u0131\u011f\u0131n\u0131 fark etti.<\/p>\n<p>Alana giden Tunaboylu, molozlar\u0131n aras\u0131ndan \u00e7\u0131kard\u0131\u011f\u0131 par\u00e7an\u0131n tarihi eser olabilece\u011fini d\u00fc\u015f\u00fcnerek polise haber verdi.<\/p>\n<p>Polisin de bilgi verdi\u011fi uzmanlar\u0131n da incelemesiyle \u00e7\u0131kan par\u00e7an\u0131n iki bin y\u0131l \u00f6ncesine ait bir Roma mezar steli oldu\u011fu anla\u015f\u0131ld\u0131.<\/p>\n<p><strong>Uydu foto\u011fraflar\u0131na bakan \u00e7ocuk kay\u0131p Maya kentini buldu<\/strong><\/p>\n<p>Kanada\u2019n\u0131n Quebec \u015fehrinde ya\u015fayan 15 ya\u015f\u0131ndaki William Gadoury adl\u0131 \u00e7ocu\u011fun ge\u00e7mi\u015fte Orta Amerika\u2019da ya\u015fayan Maya uygarl\u0131\u011f\u0131na y\u00f6nelik sempatisi vard\u0131.<\/p>\n<p>Mayalar\u0131n ya\u015fad\u0131\u011f\u0131 b\u00f6lgelerin uydu foto\u011fraflar\u0131n\u0131 Google Earth\u2019tan faydalanarak inceleyen Gadoury, 2016 y\u0131l\u0131nda Meksika\u2019n\u0131n Yucatan b\u00f6lgesindeki ya\u011fmur ormanlar\u0131nda bitki \u00f6rt\u00fcs\u00fcn\u00fcn alt\u0131nda insan yap\u0131m\u0131 yap\u0131lar fark etti.<\/p>\n<p>Gadoury\u2019in haber vermesiyle incelenen g\u00f6r\u00fcnt\u00fclerin kay\u0131p bir Maya \u015fehrine ait oldu\u011fu anla\u015f\u0131ld\u0131.<\/p>\n<p>\u015eehre \u201cK\u2019aak Chi\u201d, yani \u201cAte\u015fin A\u011fz\u0131\u201d (ya da Ate\u015ften A\u011f\u0131z) ad\u0131 verildi.<\/p>\n<p><strong>B\u00fcy\u00fck \u0130skender\u2019in \u201cAnne\u201d dedi\u011fi Karya Krali\u00e7esi Ada, temel kaz\u0131s\u0131nda bulundu<\/strong><\/p>\n<p>Arkeolog Altan T\u00fcre de Independent T\u00fcrk\u00e7e\u2019ye yapt\u0131\u011f\u0131 de\u011ferlendirmede tesad\u00fcfen bulunan \u00e7ok say\u0131da arkeolojik eser oldu\u011funu s\u00f6yleyerek bunlardan ikisine \u015fu \u00f6rne\u011fi verdi:<\/p>\n<p>Bir zamanlar Mu\u011fla ve civar\u0131na hakim olan Karya Krall\u0131\u011f\u0131\u2019n\u0131n krali\u00e7esi Ada, M.\u00d6.4\u2019\u00fcnc\u00fc y\u00fczy\u0131lda ya\u015fam\u0131\u015f B\u00fcy\u00fck \u0130skender\u2019in \u00e7a\u011fda\u015f\u0131yd\u0131.<\/p>\n<p>\u0130ddialara g\u00f6re B\u00fcy\u00fck \u0130skender, hakimiyetini kabul eden Ada\u2019y\u0131 manevi annesi olarak da kabul etmi\u015fti.<\/p>\n<p>Ada\u2019n\u0131n mezar\u0131 \u00f6l\u00fcm\u00fcnden tam 2400 y\u0131l sonra Bodrum\u2019da bir in\u015faat i\u00e7in yap\u0131lan temel kaz\u0131s\u0131nda ortaya \u00e7\u0131kar\u0131ld\u0131.<\/p>\n<p>\u0130yi korunmu\u015f haldeki kafatas\u0131 \u0130ngiltere\u2019de etlendirme yap\u0131larak sa\u011fl\u0131\u011f\u0131ndaki g\u00f6r\u00fcn\u00fcm\u00fc yans\u0131t\u0131lmaya \u00e7al\u0131\u015f\u0131ld\u0131.<\/p>\n<p>Krali\u00e7e Ada, g\u00fcn\u00fcm\u00fczde bulundu\u011fu boyutta ve y\u00fcz \u015fekli ile Bodrum M\u00fczesi\u2019nde sergileniyor.<\/p>\n<p><strong>Metro in\u015faat\u0131 Bizans liman\u0131n\u0131 ortaya \u00e7\u0131kard\u0131<\/strong><\/p>\n<p>T\u00fcp ge\u00e7it \u00e7al\u0131\u015fmalar\u0131 kapsam\u0131nda 2004 y\u0131l\u0131nda Yenikap\u0131\u2019da ba\u015flat\u0131lan metro \u00e7al\u0131\u015fmalar\u0131nda Gar Gazinosu\u2019nun arkas\u0131nda a\u00e7\u0131lan \u00e7ukurun 8 metre alt\u0131nda ah\u015fap bir tekneyle kar\u015f\u0131la\u015f\u0131ld\u0131.<\/p>\n<p>\u00c7ukur biraz daha kaz\u0131ld\u0131\u011f\u0131nda ikinci bir gemi daha tespit edildi. Durumun arkeoloji m\u00fczesine haber verilmesiyle ba\u015flayan incelemede buluntular\u0131n kaynaklarda ad\u0131 ge\u00e7en ama bulunamayan 1000 y\u0131l \u00f6ncesine ait Bizans liman\u0131na ait oldu\u011fu anla\u015f\u0131ld\u0131.<\/p>\n<p>Metro \u00e7al\u0131\u015fmalar\u0131na ara verilerek T\u00fcrkiye\u2019nin en b\u00fcy\u00fck arkeolojik kaz\u0131lar\u0131ndan birine ba\u015fland\u0131.<\/p>\n<p>Yap\u0131lan kaz\u0131larda bug\u00fcne kadar aralar\u0131nda gemi kal\u0131nt\u0131lar\u0131n\u0131n da oldu\u011fu binlerce eser bulundu.<\/p>\n<hr \/>\n<p><em><strong><a href=\"https:\/\/www.indyturk.com\/node\/327961\/tarih-tesad%C3%BCfleri-severy%C3%BCzerken-bulunan-2500-y%C4%B1ll%C4%B1k-heykeller-do%C4%9Fa-y%C3%BCr%C3%BC%C5%9F%C3%BCnde-ke%C5%9Ffedilen\" target=\"_blank\" rel=\"noopener noreferrer\">Independent Turkce<\/a><\/strong><\/em><\/p>\n","protected":false},"excerpt":{"rendered":"<p>Arkeolojik ke\u015fiflerin bir k\u0131sm\u0131 titiz \u00e7al\u0131\u015fmalar\u0131n sonucu bir k\u0131sm\u0131 da tesad\u00fcfen bulunuyor. Tesad\u00fcfen bulanan eserler tarihi ayd\u0131nlat\u0131yor. Bug\u00fcn bilinen bir\u00e7ok \u00f6nemli arkeolojik ke\u015fifte bazen bir in\u015faat kaz\u0131s\u0131 bazen de bir anl\u0131k dikkat etkili oldu. Ali Kemal Erdem Birle\u015fik Krall\u0131k\u2019a ba\u011fl\u0131 Galler\u2019de ge\u00e7ti\u011fimiz g\u00fcnlerde elektrik teknisyenlerinden olu\u015fan bir ekip, bir dizi yeralt\u0131 kablosunun yerini de\u011fi\u015ftirmek i\u00e7in [&hellip;]<\/p>\n","protected":false},"author":7,"featured_media":61834,"comment_status":"open","ping_status":"open","sticky":false,"template":"","format":"standard","meta":{"footnotes":""},"categories":[1],"tags":[],"class_list":["post-61833","post","type-post","status-publish","format-standard","has-post-thumbnail","hentry","category-haberler"],"yoast_head":"<!-- This site is optimized with the Yoast SEO plugin v27.4 - https:\/\/yoast.com\/product\/yoast-seo-wordpress\/ -->\n<title>Tarih tesad\u00fcfleri sever\u2026Y\u00fczerken bulunan 2500 y\u0131ll\u0131k heykeller, do\u011fa y\u00fcr\u00fc\u015f\u00fcnde ke\u015ffedilen 5300 ya\u015f\u0131ndaki Otzi, metro kaz\u0131s\u0131nda \u00e7\u0131kan Bizans liman\u0131 - Bati Ermenistan Ve Bati Ermenileri Sorunlari Ara\u015ftirmalar Merkezi<\/title>\n<meta name=\"robots\" content=\"index, follow, max-snippet:-1, max-image-preview:large, max-video-preview:-1\" \/>\n<link rel=\"canonical\" href=\"https:\/\/akunq.net\/tr\/?p=61833\" \/>\n<meta property=\"og:locale\" content=\"en_US\" \/>\n<meta property=\"og:type\" content=\"article\" \/>\n<meta property=\"og:title\" content=\"Tarih tesad\u00fcfleri sever\u2026Y\u00fczerken bulunan 2500 y\u0131ll\u0131k heykeller, do\u011fa y\u00fcr\u00fc\u015f\u00fcnde ke\u015ffedilen 5300 ya\u015f\u0131ndaki Otzi, metro kaz\u0131s\u0131nda \u00e7\u0131kan Bizans liman\u0131 - Bati Ermenistan Ve Bati Ermenileri Sorunlari Ara\u015ftirmalar Merkezi\" \/>\n<meta property=\"og:description\" content=\"Arkeolojik ke\u015fiflerin bir k\u0131sm\u0131 titiz \u00e7al\u0131\u015fmalar\u0131n sonucu bir k\u0131sm\u0131 da tesad\u00fcfen bulunuyor. Tesad\u00fcfen bulanan eserler tarihi ayd\u0131nlat\u0131yor. Bug\u00fcn bilinen bir\u00e7ok \u00f6nemli arkeolojik ke\u015fifte bazen bir in\u015faat kaz\u0131s\u0131 bazen de bir anl\u0131k dikkat etkili oldu. Ali Kemal Erdem Birle\u015fik Krall\u0131k\u2019a ba\u011fl\u0131 Galler\u2019de ge\u00e7ti\u011fimiz g\u00fcnlerde elektrik teknisyenlerinden olu\u015fan bir ekip, bir dizi yeralt\u0131 kablosunun yerini de\u011fi\u015ftirmek i\u00e7in [&hellip;]\" \/>\n<meta property=\"og:url\" content=\"https:\/\/akunq.net\/tr\/?p=61833\" \/>\n<meta property=\"og:site_name\" content=\"Bati Ermenistan Ve Bati Ermenileri Sorunlari Ara\u015ftirmalar Merkezi\" \/>\n<meta property=\"article:published_time\" content=\"2021-03-12T07:23:16+00:00\" \/>\n<meta property=\"og:image\" content=\"https:\/\/akunq.net\/tr\/wp-content\/uploads\/sites\/6\/2021\/03\/Bizans-liman\u0131.jpg\" \/>\n\t<meta property=\"og:image:width\" content=\"1200\" \/>\n\t<meta property=\"og:image:height\" content=\"630\" \/>\n\t<meta property=\"og:image:type\" content=\"image\/jpeg\" \/>\n<meta name=\"author\" content=\"admin\" \/>\n<meta name=\"twitter:card\" content=\"summary_large_image\" \/>\n<meta name=\"twitter:label1\" content=\"Written by\" \/>\n\t<meta name=\"twitter:data1\" content=\"admin\" \/>\n\t<meta name=\"twitter:label2\" content=\"Est. reading time\" \/>\n\t<meta name=\"twitter:data2\" content=\"7 minutes\" \/>\n<script type=\"application\/ld+json\" class=\"yoast-schema-graph\">{\"@context\":\"https:\\\/\\\/schema.org\",\"@graph\":[{\"@type\":\"Article\",\"@id\":\"https:\\\/\\\/akunq.net\\\/tr\\\/?p=61833#article\",\"isPartOf\":{\"@id\":\"https:\\\/\\\/akunq.net\\\/tr\\\/?p=61833\"},\"author\":{\"name\":\"admin\",\"@id\":\"https:\\\/\\\/akunq.net\\\/tr\\\/#\\\/schema\\\/person\\\/096f1d38a12cce57fb855b485ed24c9e\"},\"headline\":\"Tarih tesad\u00fcfleri sever\u2026Y\u00fczerken bulunan 2500 y\u0131ll\u0131k heykeller, do\u011fa y\u00fcr\u00fc\u015f\u00fcnde ke\u015ffedilen 5300 ya\u015f\u0131ndaki Otzi, metro kaz\u0131s\u0131nda \u00e7\u0131kan Bizans liman\u0131\",\"datePublished\":\"2021-03-12T07:23:16+00:00\",\"mainEntityOfPage\":{\"@id\":\"https:\\\/\\\/akunq.net\\\/tr\\\/?p=61833\"},\"wordCount\":1443,\"commentCount\":0,\"image\":{\"@id\":\"https:\\\/\\\/akunq.net\\\/tr\\\/?p=61833#primaryimage\"},\"thumbnailUrl\":\"https:\\\/\\\/akunq.net\\\/tr\\\/wp-content\\\/uploads\\\/sites\\\/6\\\/2021\\\/03\\\/Bizans-liman\u0131.jpg\",\"articleSection\":[\"Haberler\"],\"inLanguage\":\"en-US\",\"potentialAction\":[{\"@type\":\"CommentAction\",\"name\":\"Comment\",\"target\":[\"https:\\\/\\\/akunq.net\\\/tr\\\/?p=61833#respond\"]}]},{\"@type\":\"WebPage\",\"@id\":\"https:\\\/\\\/akunq.net\\\/tr\\\/?p=61833\",\"url\":\"https:\\\/\\\/akunq.net\\\/tr\\\/?p=61833\",\"name\":\"Tarih tesad\u00fcfleri sever\u2026Y\u00fczerken bulunan 2500 y\u0131ll\u0131k heykeller, do\u011fa y\u00fcr\u00fc\u015f\u00fcnde ke\u015ffedilen 5300 ya\u015f\u0131ndaki Otzi, metro kaz\u0131s\u0131nda \u00e7\u0131kan Bizans liman\u0131 - Bati Ermenistan Ve Bati Ermenileri Sorunlari Ara\u015ftirmalar Merkezi\",\"isPartOf\":{\"@id\":\"https:\\\/\\\/akunq.net\\\/tr\\\/#website\"},\"primaryImageOfPage\":{\"@id\":\"https:\\\/\\\/akunq.net\\\/tr\\\/?p=61833#primaryimage\"},\"image\":{\"@id\":\"https:\\\/\\\/akunq.net\\\/tr\\\/?p=61833#primaryimage\"},\"thumbnailUrl\":\"https:\\\/\\\/akunq.net\\\/tr\\\/wp-content\\\/uploads\\\/sites\\\/6\\\/2021\\\/03\\\/Bizans-liman\u0131.jpg\",\"datePublished\":\"2021-03-12T07:23:16+00:00\",\"author\":{\"@id\":\"https:\\\/\\\/akunq.net\\\/tr\\\/#\\\/schema\\\/person\\\/096f1d38a12cce57fb855b485ed24c9e\"},\"breadcrumb\":{\"@id\":\"https:\\\/\\\/akunq.net\\\/tr\\\/?p=61833#breadcrumb\"},\"inLanguage\":\"en-US\",\"potentialAction\":[{\"@type\":\"ReadAction\",\"target\":[\"https:\\\/\\\/akunq.net\\\/tr\\\/?p=61833\"]}]},{\"@type\":\"ImageObject\",\"inLanguage\":\"en-US\",\"@id\":\"https:\\\/\\\/akunq.net\\\/tr\\\/?p=61833#primaryimage\",\"url\":\"https:\\\/\\\/akunq.net\\\/tr\\\/wp-content\\\/uploads\\\/sites\\\/6\\\/2021\\\/03\\\/Bizans-liman\u0131.jpg\",\"contentUrl\":\"https:\\\/\\\/akunq.net\\\/tr\\\/wp-content\\\/uploads\\\/sites\\\/6\\\/2021\\\/03\\\/Bizans-liman\u0131.jpg\",\"width\":1200,\"height\":630},{\"@type\":\"BreadcrumbList\",\"@id\":\"https:\\\/\\\/akunq.net\\\/tr\\\/?p=61833#breadcrumb\",\"itemListElement\":[{\"@type\":\"ListItem\",\"position\":1,\"name\":\"Home\",\"item\":\"https:\\\/\\\/akunq.net\\\/tr\"},{\"@type\":\"ListItem\",\"position\":2,\"name\":\"Tarih tesad\u00fcfleri sever\u2026Y\u00fczerken bulunan 2500 y\u0131ll\u0131k heykeller, do\u011fa y\u00fcr\u00fc\u015f\u00fcnde ke\u015ffedilen 5300 ya\u015f\u0131ndaki Otzi, metro kaz\u0131s\u0131nda \u00e7\u0131kan Bizans liman\u0131\"}]},{\"@type\":\"WebSite\",\"@id\":\"https:\\\/\\\/akunq.net\\\/tr\\\/#website\",\"url\":\"https:\\\/\\\/akunq.net\\\/tr\\\/\",\"name\":\"Bati Ermenistan Ve Bati Ermenileri Sorunlari Ara\u015ftirmalar Merkezi\",\"description\":\"\",\"potentialAction\":[{\"@type\":\"SearchAction\",\"target\":{\"@type\":\"EntryPoint\",\"urlTemplate\":\"https:\\\/\\\/akunq.net\\\/tr\\\/?s={search_term_string}\"},\"query-input\":{\"@type\":\"PropertyValueSpecification\",\"valueRequired\":true,\"valueName\":\"search_term_string\"}}],\"inLanguage\":\"en-US\"},{\"@type\":\"Person\",\"@id\":\"https:\\\/\\\/akunq.net\\\/tr\\\/#\\\/schema\\\/person\\\/096f1d38a12cce57fb855b485ed24c9e\",\"name\":\"admin\",\"url\":\"https:\\\/\\\/akunq.net\\\/tr\\\/?author=7\"}]}<\/script>\n<!-- \/ Yoast SEO plugin. -->","yoast_head_json":{"title":"Tarih tesad\u00fcfleri sever\u2026Y\u00fczerken bulunan 2500 y\u0131ll\u0131k heykeller, do\u011fa y\u00fcr\u00fc\u015f\u00fcnde ke\u015ffedilen 5300 ya\u015f\u0131ndaki Otzi, metro kaz\u0131s\u0131nda \u00e7\u0131kan Bizans liman\u0131 - Bati Ermenistan Ve Bati Ermenileri Sorunlari Ara\u015ftirmalar Merkezi","robots":{"index":"index","follow":"follow","max-snippet":"max-snippet:-1","max-image-preview":"max-image-preview:large","max-video-preview":"max-video-preview:-1"},"canonical":"https:\/\/akunq.net\/tr\/?p=61833","og_locale":"en_US","og_type":"article","og_title":"Tarih tesad\u00fcfleri sever\u2026Y\u00fczerken bulunan 2500 y\u0131ll\u0131k heykeller, do\u011fa y\u00fcr\u00fc\u015f\u00fcnde ke\u015ffedilen 5300 ya\u015f\u0131ndaki Otzi, metro kaz\u0131s\u0131nda \u00e7\u0131kan Bizans liman\u0131 - Bati Ermenistan Ve Bati Ermenileri Sorunlari Ara\u015ftirmalar Merkezi","og_description":"Arkeolojik ke\u015fiflerin bir k\u0131sm\u0131 titiz \u00e7al\u0131\u015fmalar\u0131n sonucu bir k\u0131sm\u0131 da tesad\u00fcfen bulunuyor. Tesad\u00fcfen bulanan eserler tarihi ayd\u0131nlat\u0131yor. Bug\u00fcn bilinen bir\u00e7ok \u00f6nemli arkeolojik ke\u015fifte bazen bir in\u015faat kaz\u0131s\u0131 bazen de bir anl\u0131k dikkat etkili oldu. Ali Kemal Erdem Birle\u015fik Krall\u0131k\u2019a ba\u011fl\u0131 Galler\u2019de ge\u00e7ti\u011fimiz g\u00fcnlerde elektrik teknisyenlerinden olu\u015fan bir ekip, bir dizi yeralt\u0131 kablosunun yerini de\u011fi\u015ftirmek i\u00e7in [&hellip;]","og_url":"https:\/\/akunq.net\/tr\/?p=61833","og_site_name":"Bati Ermenistan Ve Bati Ermenileri Sorunlari Ara\u015ftirmalar Merkezi","article_published_time":"2021-03-12T07:23:16+00:00","og_image":[{"width":1200,"height":630,"url":"https:\/\/akunq.net\/tr\/wp-content\/uploads\/sites\/6\/2021\/03\/Bizans-liman\u0131.jpg","type":"image\/jpeg"}],"author":"admin","twitter_card":"summary_large_image","twitter_misc":{"Written by":"admin","Est. reading time":"7 minutes"},"schema":{"@context":"https:\/\/schema.org","@graph":[{"@type":"Article","@id":"https:\/\/akunq.net\/tr\/?p=61833#article","isPartOf":{"@id":"https:\/\/akunq.net\/tr\/?p=61833"},"author":{"name":"admin","@id":"https:\/\/akunq.net\/tr\/#\/schema\/person\/096f1d38a12cce57fb855b485ed24c9e"},"headline":"Tarih tesad\u00fcfleri sever\u2026Y\u00fczerken bulunan 2500 y\u0131ll\u0131k heykeller, do\u011fa y\u00fcr\u00fc\u015f\u00fcnde ke\u015ffedilen 5300 ya\u015f\u0131ndaki Otzi, metro kaz\u0131s\u0131nda \u00e7\u0131kan Bizans liman\u0131","datePublished":"2021-03-12T07:23:16+00:00","mainEntityOfPage":{"@id":"https:\/\/akunq.net\/tr\/?p=61833"},"wordCount":1443,"commentCount":0,"image":{"@id":"https:\/\/akunq.net\/tr\/?p=61833#primaryimage"},"thumbnailUrl":"https:\/\/akunq.net\/tr\/wp-content\/uploads\/sites\/6\/2021\/03\/Bizans-liman\u0131.jpg","articleSection":["Haberler"],"inLanguage":"en-US","potentialAction":[{"@type":"CommentAction","name":"Comment","target":["https:\/\/akunq.net\/tr\/?p=61833#respond"]}]},{"@type":"WebPage","@id":"https:\/\/akunq.net\/tr\/?p=61833","url":"https:\/\/akunq.net\/tr\/?p=61833","name":"Tarih tesad\u00fcfleri sever\u2026Y\u00fczerken bulunan 2500 y\u0131ll\u0131k heykeller, do\u011fa y\u00fcr\u00fc\u015f\u00fcnde ke\u015ffedilen 5300 ya\u015f\u0131ndaki Otzi, metro kaz\u0131s\u0131nda \u00e7\u0131kan Bizans liman\u0131 - Bati Ermenistan Ve Bati Ermenileri Sorunlari Ara\u015ftirmalar Merkezi","isPartOf":{"@id":"https:\/\/akunq.net\/tr\/#website"},"primaryImageOfPage":{"@id":"https:\/\/akunq.net\/tr\/?p=61833#primaryimage"},"image":{"@id":"https:\/\/akunq.net\/tr\/?p=61833#primaryimage"},"thumbnailUrl":"https:\/\/akunq.net\/tr\/wp-content\/uploads\/sites\/6\/2021\/03\/Bizans-liman\u0131.jpg","datePublished":"2021-03-12T07:23:16+00:00","author":{"@id":"https:\/\/akunq.net\/tr\/#\/schema\/person\/096f1d38a12cce57fb855b485ed24c9e"},"breadcrumb":{"@id":"https:\/\/akunq.net\/tr\/?p=61833#breadcrumb"},"inLanguage":"en-US","potentialAction":[{"@type":"ReadAction","target":["https:\/\/akunq.net\/tr\/?p=61833"]}]},{"@type":"ImageObject","inLanguage":"en-US","@id":"https:\/\/akunq.net\/tr\/?p=61833#primaryimage","url":"https:\/\/akunq.net\/tr\/wp-content\/uploads\/sites\/6\/2021\/03\/Bizans-liman\u0131.jpg","contentUrl":"https:\/\/akunq.net\/tr\/wp-content\/uploads\/sites\/6\/2021\/03\/Bizans-liman\u0131.jpg","width":1200,"height":630},{"@type":"BreadcrumbList","@id":"https:\/\/akunq.net\/tr\/?p=61833#breadcrumb","itemListElement":[{"@type":"ListItem","position":1,"name":"Home","item":"https:\/\/akunq.net\/tr"},{"@type":"ListItem","position":2,"name":"Tarih tesad\u00fcfleri sever\u2026Y\u00fczerken bulunan 2500 y\u0131ll\u0131k heykeller, do\u011fa y\u00fcr\u00fc\u015f\u00fcnde ke\u015ffedilen 5300 ya\u015f\u0131ndaki Otzi, metro kaz\u0131s\u0131nda \u00e7\u0131kan Bizans liman\u0131"}]},{"@type":"WebSite","@id":"https:\/\/akunq.net\/tr\/#website","url":"https:\/\/akunq.net\/tr\/","name":"Bati Ermenistan Ve Bati Ermenileri Sorunlari Ara\u015ftirmalar Merkezi","description":"","potentialAction":[{"@type":"SearchAction","target":{"@type":"EntryPoint","urlTemplate":"https:\/\/akunq.net\/tr\/?s={search_term_string}"},"query-input":{"@type":"PropertyValueSpecification","valueRequired":true,"valueName":"search_term_string"}}],"inLanguage":"en-US"},{"@type":"Person","@id":"https:\/\/akunq.net\/tr\/#\/schema\/person\/096f1d38a12cce57fb855b485ed24c9e","name":"admin","url":"https:\/\/akunq.net\/tr\/?author=7"}]}},"_links":{"self":[{"href":"https:\/\/akunq.net\/tr\/index.php?rest_route=\/wp\/v2\/posts\/61833","targetHints":{"allow":["GET"]}}],"collection":[{"href":"https:\/\/akunq.net\/tr\/index.php?rest_route=\/wp\/v2\/posts"}],"about":[{"href":"https:\/\/akunq.net\/tr\/index.php?rest_route=\/wp\/v2\/types\/post"}],"author":[{"embeddable":true,"href":"https:\/\/akunq.net\/tr\/index.php?rest_route=\/wp\/v2\/users\/7"}],"replies":[{"embeddable":true,"href":"https:\/\/akunq.net\/tr\/index.php?rest_route=%2Fwp%2Fv2%2Fcomments&post=61833"}],"version-history":[{"count":1,"href":"https:\/\/akunq.net\/tr\/index.php?rest_route=\/wp\/v2\/posts\/61833\/revisions"}],"predecessor-version":[{"id":61835,"href":"https:\/\/akunq.net\/tr\/index.php?rest_route=\/wp\/v2\/posts\/61833\/revisions\/61835"}],"wp:featuredmedia":[{"embeddable":true,"href":"https:\/\/akunq.net\/tr\/index.php?rest_route=\/wp\/v2\/media\/61834"}],"wp:attachment":[{"href":"https:\/\/akunq.net\/tr\/index.php?rest_route=%2Fwp%2Fv2%2Fmedia&parent=61833"}],"wp:term":[{"taxonomy":"category","embeddable":true,"href":"https:\/\/akunq.net\/tr\/index.php?rest_route=%2Fwp%2Fv2%2Fcategories&post=61833"},{"taxonomy":"post_tag","embeddable":true,"href":"https:\/\/akunq.net\/tr\/index.php?rest_route=%2Fwp%2Fv2%2Ftags&post=61833"}],"curies":[{"name":"wp","href":"https:\/\/api.w.org\/{rel}","templated":true}]}}