{"id":61814,"date":"2021-03-09T02:28:03","date_gmt":"2021-03-09T07:28:03","guid":{"rendered":"https:\/\/akunq.net\/tr\/?p=61814"},"modified":"2021-03-09T02:28:03","modified_gmt":"2021-03-09T07:28:03","slug":"insan-haklari-eylem-plani-meselesi-1","status":"publish","type":"post","link":"https:\/\/akunq.net\/tr\/?p=61814","title":{"rendered":"\u0130nsan Haklar\u0131 Eylem Plan\u0131\u2019 meselesi (1)"},"content":{"rendered":"<p><img loading=\"lazy\" decoding=\"async\" class=\"aligncenter size-medium wp-image-61815\" src=\"https:\/\/akunq.net\/tr\/wp-content\/uploads\/2021\/03\/M\u0131g\u0131rdi\u00e7-Margosyan-360x188.jpg\" alt=\"\" width=\"360\" height=\"188\" srcset=\"https:\/\/akunq.net\/tr\/wp-content\/uploads\/sites\/6\/2021\/03\/M\u0131g\u0131rdi\u00e7-Margosyan-360x188.jpg 360w, https:\/\/akunq.net\/tr\/wp-content\/uploads\/sites\/6\/2021\/03\/M\u0131g\u0131rdi\u00e7-Margosyan-768x402.jpg 768w, https:\/\/akunq.net\/tr\/wp-content\/uploads\/sites\/6\/2021\/03\/M\u0131g\u0131rdi\u00e7-Margosyan-560x293.jpg 560w, https:\/\/akunq.net\/tr\/wp-content\/uploads\/sites\/6\/2021\/03\/M\u0131g\u0131rdi\u00e7-Margosyan-260x136.jpg 260w, https:\/\/akunq.net\/tr\/wp-content\/uploads\/sites\/6\/2021\/03\/M\u0131g\u0131rdi\u00e7-Margosyan-160x84.jpg 160w, https:\/\/akunq.net\/tr\/wp-content\/uploads\/sites\/6\/2021\/03\/M\u0131g\u0131rdi\u00e7-Margosyan.jpg 1200w\" sizes=\"auto, (max-width: 360px) 100vw, 360px\" \/><\/p>\n<p><strong>M\u0131g\u0131rdi\u00e7 Margosyan<\/strong><\/p>\n<p><em>Kirvem,<\/em><\/p>\n<p><em><strong>D\u00f6ne d\u00f6ne, ite kaka, arada bir eksik gedik k\u0131sm\u0131n\u0131 allay\u0131p pullay\u0131p, y\u0131kay\u0131p ya\u011flay\u0131p, yama \u00fcst\u00fcne yeni yamalarla donatt\u0131\u011f\u0131m\u0131z gelmi\u015f ge\u00e7mi\u015f bilumum anayasalar\u0131m\u0131z\u0131n ard\u0131ndan, \u00fclkemizin bir t\u00fcrl\u00fc ray\u0131na oturmayan meselelerinin g\u00fcn\u00fcn birinde in\u015fallah \u00e7\u00f6z\u00fcl\u00fcp dolay\u0131s\u0131yla yerle yeksan olaca\u011f\u0131n\u0131 millet\u00e7e umut ettik ama, bu arada k\u00f6pr\u00fclerin alt\u0131ndan ak\u0131p giden sularla birlikte hayallerimizin ger\u00e7ekle\u015fmedi\u011fini g\u00f6rd\u00fck\u00e7e, bu kez de hep birlikte \u201cAh anayasa, vah anayasa\u201d nakarat\u0131yla oynan\u0131p durduk, duruyoruz\u2026<\/strong><\/em><\/p>\n<p>\u00dclke sath\u0131nda \u015fu veya bu nedenlerle bozulan, amiyane deyimiyle tad\u0131ndan yenmez boyutlara ula\u015fan maddi manevi, dahili harici meselelerimizi demokratik yollarla, hukuk kurallar\u0131 do\u011frultusunda \u00e7\u00f6zmeyi beceremeyince; i\u015fin kolay\u0131na ka\u00e7\u0131p, dolay\u0131s\u0131yla yasalar\u0131m\u0131z\u0131n anas\u0131 olan anayasalar\u0131m\u0131z\u0131 bazen postallar\u0131m\u0131zla \u00e7i\u011fneyerek, palaskalar\u0131m\u0131zla evirip \u00e7evirip d\u00f6verek veya bir m\u00fcddet i\u00e7in derin donduruculara, tozlu raflara kald\u0131r\u0131p b\u00f6ylece \u201csen sa\u011f ben selamet\u201d yakla\u015f\u0131m\u0131yla sorunlar\u0131m\u0131z\u0131 s\u00f6zde \u00e7\u00f6zmeye kalk\u0131\u015ft\u0131k lakin olmad\u0131, bu maya tutmad\u0131\u2026<\/p>\n<p>Asl\u0131nda bu t\u00fcr afaki \u00e7abalar\u0131m\u0131z\u0131n eninde sonunda i\u015fe yaramad\u0131\u011f\u0131 gibi, ayr\u0131ca zaman\u0131 bo\u015fa harcad\u0131\u011f\u0131m\u0131z\u0131, \u00fcstelik istesek de istemesek de sar\u0131\u011f\u0131m\u0131z\u0131n d\u00fc\u015f\u00fcp kelimizin bilmem ka\u00e7 mumluk ampul gibi t\u00fcm ha\u015fmetiyle parlad\u0131\u011f\u0131n\u0131 ge\u00e7 de olsa fark edince nedense celallenmeyi huy edindik\u2026<\/p>\n<p>Nitekim bir vakitler i\u00e7ine saplan\u0131p kald\u0131\u011f\u0131m\u0131z kimi meselelerimizin k\u00f6k\u00fcne kibrit suyu, za\u00e7 ya\u011f\u0131, tuz ruhu d\u00f6kerek kurutmay\u0131; \u201ca\u00e7\u0131l\u0131mlar, paketler, reformlar\u201d ad\u0131 alt\u0131nda pazarlay\u0131p, bunun inceden inceye koordinatlar\u0131n\u0131 planlarken, tam aksine sorunlar\u0131m\u0131z\u0131n giderek bir nevi k\u00f6rd\u00fc\u011f\u00fcme d\u00f6n\u00fc\u015f\u00fcp, i\u00e7inden \u00e7\u0131k\u0131lmaz boyutlara ula\u015fmas\u0131n\u0131n ard\u0131ndan, geldi\u011fimiz noktada g\u00f6r\u00fcnen o ki maalesef yine \u00e7uvallad\u0131k!<\/p>\n<p>\u00c7uvallad\u0131k\u2026 \u00c7\u00fcnk\u00fc daha d\u00fcne kadar alayla valayla birbirinin pe\u015fi s\u0131ra dizdi\u011fimiz paketler dolusu m\u00fcjdelerin fos \u00e7\u0131kt\u0131\u011f\u0131n\u0131, dolay\u0131s\u0131yla \u015fimdilerde, \u015fu g\u00fcnlerde hani deyim yerindeyse \u201cbayram, seyran\u201d de\u011filken birdenbire, sanki g\u00f6kten zembille inercesine yeni bir \u201cm\u00fcjde\u201dyi bu sefer de, \u201c\u0130nsan Haklar\u0131 Eylem Plan\u0131\u201d lakab\u0131yla sazl\u0131, s\u00f6zl\u00fc bir nakarat e\u015fli\u011finde dillendirmek belki kimi kulaklara ho\u015f gelebilir ama, \u00f6te taraftan da bundan kellim art\u0131k \u201cgavurlara, gavur\u201d veya birilerine, \u201caffedersin Ermeni\u201d denmeyecekse, daha do\u011frusu diyemeyeceksek, eh o zaman bu \u201ceylem plan\u0131\u201dn\u0131 acaba ka\u011f\u0131t top misali \u00e7\u00f6p sepetine mi boylamam\u0131z m\u0131 gerekir, bunu da istersen haftaya konu\u015fal\u0131m Kirvem!<\/p>\n<hr \/>\n<p><em><strong><a href=\"https:\/\/www.evrensel.net\/yazi\/88292\/insan-haklari-eylem-plani-meselesi-1\" target=\"_blank\" rel=\"noopener noreferrer\">Evrensel Gazetesi<\/a><\/strong><\/em><\/p>\n","protected":false},"excerpt":{"rendered":"<p>M\u0131g\u0131rdi\u00e7 Margosyan Kirvem, D\u00f6ne d\u00f6ne, ite kaka, arada bir eksik gedik k\u0131sm\u0131n\u0131 allay\u0131p pullay\u0131p, y\u0131kay\u0131p ya\u011flay\u0131p, yama \u00fcst\u00fcne yeni yamalarla donatt\u0131\u011f\u0131m\u0131z gelmi\u015f ge\u00e7mi\u015f bilumum anayasalar\u0131m\u0131z\u0131n ard\u0131ndan, \u00fclkemizin bir t\u00fcrl\u00fc ray\u0131na oturmayan meselelerinin g\u00fcn\u00fcn birinde in\u015fallah \u00e7\u00f6z\u00fcl\u00fcp dolay\u0131s\u0131yla yerle yeksan olaca\u011f\u0131n\u0131 millet\u00e7e umut ettik ama, bu arada k\u00f6pr\u00fclerin alt\u0131ndan ak\u0131p giden sularla birlikte hayallerimizin ger\u00e7ekle\u015fmedi\u011fini g\u00f6rd\u00fck\u00e7e, [&hellip;]<\/p>\n","protected":false},"author":7,"featured_media":61815,"comment_status":"open","ping_status":"open","sticky":false,"template":"","format":"standard","meta":{"footnotes":""},"categories":[1,70],"tags":[],"class_list":["post-61814","post","type-post","status-publish","format-standard","has-post-thumbnail","hentry","category-haberler","category-makaleler"],"yoast_head":"<!-- This site is optimized with the Yoast SEO plugin v27.4 - https:\/\/yoast.com\/product\/yoast-seo-wordpress\/ -->\n<title>\u0130nsan Haklar\u0131 Eylem Plan\u0131\u2019 meselesi (1) - Bati Ermenistan Ve Bati Ermenileri Sorunlari Ara\u015ftirmalar Merkezi<\/title>\n<meta name=\"robots\" content=\"index, follow, max-snippet:-1, max-image-preview:large, max-video-preview:-1\" \/>\n<link rel=\"canonical\" href=\"https:\/\/akunq.net\/tr\/?p=61814\" \/>\n<meta property=\"og:locale\" content=\"en_US\" \/>\n<meta property=\"og:type\" content=\"article\" \/>\n<meta property=\"og:title\" content=\"\u0130nsan Haklar\u0131 Eylem Plan\u0131\u2019 meselesi (1) - Bati Ermenistan Ve Bati Ermenileri Sorunlari Ara\u015ftirmalar Merkezi\" \/>\n<meta property=\"og:description\" content=\"M\u0131g\u0131rdi\u00e7 Margosyan Kirvem, D\u00f6ne d\u00f6ne, ite kaka, arada bir eksik gedik k\u0131sm\u0131n\u0131 allay\u0131p pullay\u0131p, y\u0131kay\u0131p ya\u011flay\u0131p, yama \u00fcst\u00fcne yeni yamalarla donatt\u0131\u011f\u0131m\u0131z gelmi\u015f ge\u00e7mi\u015f bilumum anayasalar\u0131m\u0131z\u0131n ard\u0131ndan, \u00fclkemizin bir t\u00fcrl\u00fc ray\u0131na oturmayan meselelerinin g\u00fcn\u00fcn birinde in\u015fallah \u00e7\u00f6z\u00fcl\u00fcp dolay\u0131s\u0131yla yerle yeksan olaca\u011f\u0131n\u0131 millet\u00e7e umut ettik ama, bu arada k\u00f6pr\u00fclerin alt\u0131ndan ak\u0131p giden sularla birlikte hayallerimizin ger\u00e7ekle\u015fmedi\u011fini g\u00f6rd\u00fck\u00e7e, [&hellip;]\" \/>\n<meta property=\"og:url\" content=\"https:\/\/akunq.net\/tr\/?p=61814\" \/>\n<meta property=\"og:site_name\" content=\"Bati Ermenistan Ve Bati Ermenileri Sorunlari Ara\u015ftirmalar Merkezi\" \/>\n<meta property=\"article:published_time\" content=\"2021-03-09T07:28:03+00:00\" \/>\n<meta property=\"og:image\" content=\"https:\/\/akunq.net\/tr\/wp-content\/uploads\/sites\/6\/2021\/03\/M\u0131g\u0131rdi\u00e7-Margosyan.jpg\" \/>\n\t<meta property=\"og:image:width\" content=\"1200\" \/>\n\t<meta property=\"og:image:height\" content=\"628\" \/>\n\t<meta property=\"og:image:type\" content=\"image\/jpeg\" \/>\n<meta name=\"author\" content=\"admin\" \/>\n<meta name=\"twitter:card\" content=\"summary_large_image\" \/>\n<meta name=\"twitter:label1\" content=\"Written by\" \/>\n\t<meta name=\"twitter:data1\" content=\"admin\" \/>\n\t<meta name=\"twitter:label2\" content=\"Est. reading time\" \/>\n\t<meta name=\"twitter:data2\" content=\"2 minutes\" \/>\n<script type=\"application\/ld+json\" class=\"yoast-schema-graph\">{\"@context\":\"https:\\\/\\\/schema.org\",\"@graph\":[{\"@type\":\"Article\",\"@id\":\"https:\\\/\\\/akunq.net\\\/tr\\\/?p=61814#article\",\"isPartOf\":{\"@id\":\"https:\\\/\\\/akunq.net\\\/tr\\\/?p=61814\"},\"author\":{\"name\":\"admin\",\"@id\":\"https:\\\/\\\/akunq.net\\\/tr\\\/#\\\/schema\\\/person\\\/096f1d38a12cce57fb855b485ed24c9e\"},\"headline\":\"\u0130nsan Haklar\u0131 Eylem Plan\u0131\u2019 meselesi (1)\",\"datePublished\":\"2021-03-09T07:28:03+00:00\",\"mainEntityOfPage\":{\"@id\":\"https:\\\/\\\/akunq.net\\\/tr\\\/?p=61814\"},\"wordCount\":465,\"commentCount\":0,\"image\":{\"@id\":\"https:\\\/\\\/akunq.net\\\/tr\\\/?p=61814#primaryimage\"},\"thumbnailUrl\":\"https:\\\/\\\/akunq.net\\\/tr\\\/wp-content\\\/uploads\\\/sites\\\/6\\\/2021\\\/03\\\/M\u0131g\u0131rdi\u00e7-Margosyan.jpg\",\"articleSection\":[\"Haberler\",\"Makaleler\"],\"inLanguage\":\"en-US\",\"potentialAction\":[{\"@type\":\"CommentAction\",\"name\":\"Comment\",\"target\":[\"https:\\\/\\\/akunq.net\\\/tr\\\/?p=61814#respond\"]}]},{\"@type\":\"WebPage\",\"@id\":\"https:\\\/\\\/akunq.net\\\/tr\\\/?p=61814\",\"url\":\"https:\\\/\\\/akunq.net\\\/tr\\\/?p=61814\",\"name\":\"\u0130nsan Haklar\u0131 Eylem Plan\u0131\u2019 meselesi (1) - Bati Ermenistan Ve Bati Ermenileri Sorunlari Ara\u015ftirmalar Merkezi\",\"isPartOf\":{\"@id\":\"https:\\\/\\\/akunq.net\\\/tr\\\/#website\"},\"primaryImageOfPage\":{\"@id\":\"https:\\\/\\\/akunq.net\\\/tr\\\/?p=61814#primaryimage\"},\"image\":{\"@id\":\"https:\\\/\\\/akunq.net\\\/tr\\\/?p=61814#primaryimage\"},\"thumbnailUrl\":\"https:\\\/\\\/akunq.net\\\/tr\\\/wp-content\\\/uploads\\\/sites\\\/6\\\/2021\\\/03\\\/M\u0131g\u0131rdi\u00e7-Margosyan.jpg\",\"datePublished\":\"2021-03-09T07:28:03+00:00\",\"author\":{\"@id\":\"https:\\\/\\\/akunq.net\\\/tr\\\/#\\\/schema\\\/person\\\/096f1d38a12cce57fb855b485ed24c9e\"},\"breadcrumb\":{\"@id\":\"https:\\\/\\\/akunq.net\\\/tr\\\/?p=61814#breadcrumb\"},\"inLanguage\":\"en-US\",\"potentialAction\":[{\"@type\":\"ReadAction\",\"target\":[\"https:\\\/\\\/akunq.net\\\/tr\\\/?p=61814\"]}]},{\"@type\":\"ImageObject\",\"inLanguage\":\"en-US\",\"@id\":\"https:\\\/\\\/akunq.net\\\/tr\\\/?p=61814#primaryimage\",\"url\":\"https:\\\/\\\/akunq.net\\\/tr\\\/wp-content\\\/uploads\\\/sites\\\/6\\\/2021\\\/03\\\/M\u0131g\u0131rdi\u00e7-Margosyan.jpg\",\"contentUrl\":\"https:\\\/\\\/akunq.net\\\/tr\\\/wp-content\\\/uploads\\\/sites\\\/6\\\/2021\\\/03\\\/M\u0131g\u0131rdi\u00e7-Margosyan.jpg\",\"width\":1200,\"height\":628},{\"@type\":\"BreadcrumbList\",\"@id\":\"https:\\\/\\\/akunq.net\\\/tr\\\/?p=61814#breadcrumb\",\"itemListElement\":[{\"@type\":\"ListItem\",\"position\":1,\"name\":\"Home\",\"item\":\"https:\\\/\\\/akunq.net\\\/tr\"},{\"@type\":\"ListItem\",\"position\":2,\"name\":\"\u0130nsan Haklar\u0131 Eylem Plan\u0131\u2019 meselesi (1)\"}]},{\"@type\":\"WebSite\",\"@id\":\"https:\\\/\\\/akunq.net\\\/tr\\\/#website\",\"url\":\"https:\\\/\\\/akunq.net\\\/tr\\\/\",\"name\":\"Bati Ermenistan Ve Bati Ermenileri Sorunlari Ara\u015ftirmalar Merkezi\",\"description\":\"\",\"potentialAction\":[{\"@type\":\"SearchAction\",\"target\":{\"@type\":\"EntryPoint\",\"urlTemplate\":\"https:\\\/\\\/akunq.net\\\/tr\\\/?s={search_term_string}\"},\"query-input\":{\"@type\":\"PropertyValueSpecification\",\"valueRequired\":true,\"valueName\":\"search_term_string\"}}],\"inLanguage\":\"en-US\"},{\"@type\":\"Person\",\"@id\":\"https:\\\/\\\/akunq.net\\\/tr\\\/#\\\/schema\\\/person\\\/096f1d38a12cce57fb855b485ed24c9e\",\"name\":\"admin\",\"url\":\"https:\\\/\\\/akunq.net\\\/tr\\\/?author=7\"}]}<\/script>\n<!-- \/ Yoast SEO plugin. -->","yoast_head_json":{"title":"\u0130nsan Haklar\u0131 Eylem Plan\u0131\u2019 meselesi (1) - Bati Ermenistan Ve Bati Ermenileri Sorunlari Ara\u015ftirmalar Merkezi","robots":{"index":"index","follow":"follow","max-snippet":"max-snippet:-1","max-image-preview":"max-image-preview:large","max-video-preview":"max-video-preview:-1"},"canonical":"https:\/\/akunq.net\/tr\/?p=61814","og_locale":"en_US","og_type":"article","og_title":"\u0130nsan Haklar\u0131 Eylem Plan\u0131\u2019 meselesi (1) - Bati Ermenistan Ve Bati Ermenileri Sorunlari Ara\u015ftirmalar Merkezi","og_description":"M\u0131g\u0131rdi\u00e7 Margosyan Kirvem, D\u00f6ne d\u00f6ne, ite kaka, arada bir eksik gedik k\u0131sm\u0131n\u0131 allay\u0131p pullay\u0131p, y\u0131kay\u0131p ya\u011flay\u0131p, yama \u00fcst\u00fcne yeni yamalarla donatt\u0131\u011f\u0131m\u0131z gelmi\u015f ge\u00e7mi\u015f bilumum anayasalar\u0131m\u0131z\u0131n ard\u0131ndan, \u00fclkemizin bir t\u00fcrl\u00fc ray\u0131na oturmayan meselelerinin g\u00fcn\u00fcn birinde in\u015fallah \u00e7\u00f6z\u00fcl\u00fcp dolay\u0131s\u0131yla yerle yeksan olaca\u011f\u0131n\u0131 millet\u00e7e umut ettik ama, bu arada k\u00f6pr\u00fclerin alt\u0131ndan ak\u0131p giden sularla birlikte hayallerimizin ger\u00e7ekle\u015fmedi\u011fini g\u00f6rd\u00fck\u00e7e, [&hellip;]","og_url":"https:\/\/akunq.net\/tr\/?p=61814","og_site_name":"Bati Ermenistan Ve Bati Ermenileri Sorunlari Ara\u015ftirmalar Merkezi","article_published_time":"2021-03-09T07:28:03+00:00","og_image":[{"width":1200,"height":628,"url":"https:\/\/akunq.net\/tr\/wp-content\/uploads\/sites\/6\/2021\/03\/M\u0131g\u0131rdi\u00e7-Margosyan.jpg","type":"image\/jpeg"}],"author":"admin","twitter_card":"summary_large_image","twitter_misc":{"Written by":"admin","Est. reading time":"2 minutes"},"schema":{"@context":"https:\/\/schema.org","@graph":[{"@type":"Article","@id":"https:\/\/akunq.net\/tr\/?p=61814#article","isPartOf":{"@id":"https:\/\/akunq.net\/tr\/?p=61814"},"author":{"name":"admin","@id":"https:\/\/akunq.net\/tr\/#\/schema\/person\/096f1d38a12cce57fb855b485ed24c9e"},"headline":"\u0130nsan Haklar\u0131 Eylem Plan\u0131\u2019 meselesi (1)","datePublished":"2021-03-09T07:28:03+00:00","mainEntityOfPage":{"@id":"https:\/\/akunq.net\/tr\/?p=61814"},"wordCount":465,"commentCount":0,"image":{"@id":"https:\/\/akunq.net\/tr\/?p=61814#primaryimage"},"thumbnailUrl":"https:\/\/akunq.net\/tr\/wp-content\/uploads\/sites\/6\/2021\/03\/M\u0131g\u0131rdi\u00e7-Margosyan.jpg","articleSection":["Haberler","Makaleler"],"inLanguage":"en-US","potentialAction":[{"@type":"CommentAction","name":"Comment","target":["https:\/\/akunq.net\/tr\/?p=61814#respond"]}]},{"@type":"WebPage","@id":"https:\/\/akunq.net\/tr\/?p=61814","url":"https:\/\/akunq.net\/tr\/?p=61814","name":"\u0130nsan Haklar\u0131 Eylem Plan\u0131\u2019 meselesi (1) - Bati Ermenistan Ve Bati Ermenileri Sorunlari Ara\u015ftirmalar Merkezi","isPartOf":{"@id":"https:\/\/akunq.net\/tr\/#website"},"primaryImageOfPage":{"@id":"https:\/\/akunq.net\/tr\/?p=61814#primaryimage"},"image":{"@id":"https:\/\/akunq.net\/tr\/?p=61814#primaryimage"},"thumbnailUrl":"https:\/\/akunq.net\/tr\/wp-content\/uploads\/sites\/6\/2021\/03\/M\u0131g\u0131rdi\u00e7-Margosyan.jpg","datePublished":"2021-03-09T07:28:03+00:00","author":{"@id":"https:\/\/akunq.net\/tr\/#\/schema\/person\/096f1d38a12cce57fb855b485ed24c9e"},"breadcrumb":{"@id":"https:\/\/akunq.net\/tr\/?p=61814#breadcrumb"},"inLanguage":"en-US","potentialAction":[{"@type":"ReadAction","target":["https:\/\/akunq.net\/tr\/?p=61814"]}]},{"@type":"ImageObject","inLanguage":"en-US","@id":"https:\/\/akunq.net\/tr\/?p=61814#primaryimage","url":"https:\/\/akunq.net\/tr\/wp-content\/uploads\/sites\/6\/2021\/03\/M\u0131g\u0131rdi\u00e7-Margosyan.jpg","contentUrl":"https:\/\/akunq.net\/tr\/wp-content\/uploads\/sites\/6\/2021\/03\/M\u0131g\u0131rdi\u00e7-Margosyan.jpg","width":1200,"height":628},{"@type":"BreadcrumbList","@id":"https:\/\/akunq.net\/tr\/?p=61814#breadcrumb","itemListElement":[{"@type":"ListItem","position":1,"name":"Home","item":"https:\/\/akunq.net\/tr"},{"@type":"ListItem","position":2,"name":"\u0130nsan Haklar\u0131 Eylem Plan\u0131\u2019 meselesi (1)"}]},{"@type":"WebSite","@id":"https:\/\/akunq.net\/tr\/#website","url":"https:\/\/akunq.net\/tr\/","name":"Bati Ermenistan Ve Bati Ermenileri Sorunlari Ara\u015ftirmalar Merkezi","description":"","potentialAction":[{"@type":"SearchAction","target":{"@type":"EntryPoint","urlTemplate":"https:\/\/akunq.net\/tr\/?s={search_term_string}"},"query-input":{"@type":"PropertyValueSpecification","valueRequired":true,"valueName":"search_term_string"}}],"inLanguage":"en-US"},{"@type":"Person","@id":"https:\/\/akunq.net\/tr\/#\/schema\/person\/096f1d38a12cce57fb855b485ed24c9e","name":"admin","url":"https:\/\/akunq.net\/tr\/?author=7"}]}},"_links":{"self":[{"href":"https:\/\/akunq.net\/tr\/index.php?rest_route=\/wp\/v2\/posts\/61814","targetHints":{"allow":["GET"]}}],"collection":[{"href":"https:\/\/akunq.net\/tr\/index.php?rest_route=\/wp\/v2\/posts"}],"about":[{"href":"https:\/\/akunq.net\/tr\/index.php?rest_route=\/wp\/v2\/types\/post"}],"author":[{"embeddable":true,"href":"https:\/\/akunq.net\/tr\/index.php?rest_route=\/wp\/v2\/users\/7"}],"replies":[{"embeddable":true,"href":"https:\/\/akunq.net\/tr\/index.php?rest_route=%2Fwp%2Fv2%2Fcomments&post=61814"}],"version-history":[{"count":1,"href":"https:\/\/akunq.net\/tr\/index.php?rest_route=\/wp\/v2\/posts\/61814\/revisions"}],"predecessor-version":[{"id":61816,"href":"https:\/\/akunq.net\/tr\/index.php?rest_route=\/wp\/v2\/posts\/61814\/revisions\/61816"}],"wp:featuredmedia":[{"embeddable":true,"href":"https:\/\/akunq.net\/tr\/index.php?rest_route=\/wp\/v2\/media\/61815"}],"wp:attachment":[{"href":"https:\/\/akunq.net\/tr\/index.php?rest_route=%2Fwp%2Fv2%2Fmedia&parent=61814"}],"wp:term":[{"taxonomy":"category","embeddable":true,"href":"https:\/\/akunq.net\/tr\/index.php?rest_route=%2Fwp%2Fv2%2Fcategories&post=61814"},{"taxonomy":"post_tag","embeddable":true,"href":"https:\/\/akunq.net\/tr\/index.php?rest_route=%2Fwp%2Fv2%2Ftags&post=61814"}],"curies":[{"name":"wp","href":"https:\/\/api.w.org\/{rel}","templated":true}]}}