{"id":61811,"date":"2021-03-09T02:23:32","date_gmt":"2021-03-09T07:23:32","guid":{"rendered":"https:\/\/akunq.net\/tr\/?p=61811"},"modified":"2021-03-09T02:23:32","modified_gmt":"2021-03-09T07:23:32","slug":"termik-santral-sirketi-600-yillik-hamami-yikti","status":"publish","type":"post","link":"https:\/\/akunq.net\/tr\/?p=61811","title":{"rendered":"Termik santral \u015firketi 600 y\u0131ll\u0131k hamam\u0131 y\u0131kt\u0131"},"content":{"rendered":"<p><img loading=\"lazy\" decoding=\"async\" class=\"aligncenter size-medium wp-image-61812\" src=\"https:\/\/akunq.net\/tr\/wp-content\/uploads\/2021\/03\/600-y\u0131ll\u0131k-hamam-360x188.jpg\" alt=\"\" width=\"360\" height=\"188\" srcset=\"https:\/\/akunq.net\/tr\/wp-content\/uploads\/sites\/6\/2021\/03\/600-y\u0131ll\u0131k-hamam-360x188.jpg 360w, https:\/\/akunq.net\/tr\/wp-content\/uploads\/sites\/6\/2021\/03\/600-y\u0131ll\u0131k-hamam-768x402.jpg 768w, https:\/\/akunq.net\/tr\/wp-content\/uploads\/sites\/6\/2021\/03\/600-y\u0131ll\u0131k-hamam-560x293.jpg 560w, https:\/\/akunq.net\/tr\/wp-content\/uploads\/sites\/6\/2021\/03\/600-y\u0131ll\u0131k-hamam-260x136.jpg 260w, https:\/\/akunq.net\/tr\/wp-content\/uploads\/sites\/6\/2021\/03\/600-y\u0131ll\u0131k-hamam-160x84.jpg 160w, https:\/\/akunq.net\/tr\/wp-content\/uploads\/sites\/6\/2021\/03\/600-y\u0131ll\u0131k-hamam.jpg 1200w\" sizes=\"auto, (max-width: 360px) 100vw, 360px\" \/><\/p>\n<p><em><strong>Mu\u011fla Yata\u011fan\u2019da koruma alt\u0131ndaki 600 y\u0131ll\u0131k hamam, termik santral \u015firketi taraf\u0131ndan y\u0131k\u0131ld\u0131.<\/strong><\/em><\/p>\n<p><strong>\u00d6zer AKDEM\u0130R<\/strong><\/p>\n<p>Mu\u011fla Yata\u011fan\u2019da termik santrale k\u00f6m\u00fcr temini i\u00e7in bo\u015falt\u0131lan tarihi Ye\u015filba\u011fc\u0131lar (Gibye) k\u00f6y\u00fcnde koruma alt\u0131ndaki 600 y\u0131ll\u0131k hamam, termik santrali \u015firketi taraf\u0131ndan y\u0131k\u0131ld\u0131.<\/p>\n<p>Yata\u011fan Ye\u015fil Ya\u015fam Derne\u011fi tarihi hamam\u0131n y\u0131k\u0131m\u0131 ile ilgili su\u00e7 duyurusunda bulunurken, CHP Mu\u011fla Milletvekili S\u00fcleyman Girgin de koruma alt\u0131ndaki hamam\u0131n y\u0131k\u0131lmas\u0131na tepki g\u00f6sterdi.<\/p>\n<p><strong>MU\u011eLA DA K\u00dcLT\u00dcREL SOYKIRIM<\/strong><\/p>\n<p>2019 y\u0131l\u0131nda Mu\u011fla K\u00fclt\u00fcr Varl\u0131klar\u0131 Koruma B\u00f6lge M\u00fcd\u00fcrl\u00fc\u011f\u00fc karar\u0131 ile \u201c1. Grup Korunmas\u0131 Gereken Ta\u015f\u0131nmaz K\u00fclt\u00fcr Varl\u0131\u011f\u0131\u201d ilan edilerek koruma alt\u0131na al\u0131nan hamam ge\u00e7ti\u011fimiz g\u00fcnlerde Aydem Holding b\u00fcnyesindeki Yata\u011fan Termik Santrali A.\u015e.\u2019nin i\u015f makineleri ile y\u0131k\u0131ld\u0131.<\/p>\n<p>Yata\u011fan Ye\u015fil Ya\u015fam Derne\u011fi taraf\u0131ndan payla\u015f\u0131lan foto\u011fraflarda hamam\u0131n \u00fcst\u00fcnde sonradan yap\u0131lan betonarme binan\u0131n yan\u0131 s\u0131ra tarihi hamam\u0131n da \u00f6nemli oranda y\u0131k\u0131ld\u0131\u011f\u0131 g\u00f6r\u00fcl\u00fcyor.<\/p>\n<p>Y\u0131k\u0131lan hamam | Foto\u011fraf: Yata\u011fan Ye\u015fil Ya\u015fam Derne\u011fi<\/p>\n<p>Derne\u011fin a\u00e7\u0131klamas\u0131nda, 1410 y\u0131l\u0131na tarihlenen hamam\u0131n i\u015f makineleri ile y\u0131k\u0131m\u0131n\u0131 \u201cMu\u011fla\u2019da k\u00fclt\u00fcrel soyk\u0131r\u0131m\u201d diye duyururken, konu hakk\u0131nda gerekli yerlere su\u00e7 duyurusunda bulunuldu\u011fu ifade edildi.<\/p>\n<p><strong>\u0130\u015e B\u0130LMEZL\u0130K M\u0130, CEHALET M\u0130?<\/strong><\/p>\n<p>Konuya dair g\u00f6r\u00fc\u015flerini ald\u0131\u011f\u0131m\u0131z CHP Mu\u011fla Milletvekili S\u00fcleyman Girgin, Kanuni Sultan S\u00fcleyman taraf\u0131ndan yapt\u0131r\u0131lm\u0131\u015f olan 600 y\u0131ll\u0131k tarihi hamam\u0131n, \u00f6zel bir maden \u015firketinin i\u015f makineleri taraf\u0131ndan tahrip edildi\u011fini belirterek, \u201cSebep; i\u015f bilmezlik mi, cehalet mi, ne derseniz deyin? Koruma alt\u0131ndaki 600 y\u0131ll\u0131k bir tarihi eser iki kep\u00e7e darbesi ile y\u0131k\u0131labiliyor bu memlekette! Yaz\u0131k \u00e7ok yaz\u0131k\u201d dedi.<\/p>\n<p><strong>K\u00d6M\u00dcR \u0130\u00c7\u0130N BO\u015eALTILAN TAR\u0130H\u0130 K\u00d6YLER<\/strong><\/p>\n<p>Yata\u011fan\u2019a ba\u011fl\u0131 eski ad\u0131 Gibye olan Ye\u015filba\u011fc\u0131lar K\u00f6y\u00fc 2012 y\u0131l\u0131nda termik santrale k\u00f6m\u00fcr sa\u011flayan ocaklar taraf\u0131ndan sat\u0131n al\u0131nd\u0131. 1982 y\u0131l\u0131nda faaliyete ba\u015flay\u0131p 2014 y\u0131l\u0131nda \u00f6zelle\u015ftirilen Yata\u011fan Termik Santraline k\u00f6m\u00fcr temini i\u00e7in y\u00f6redeki k\u00f6yler altlar\u0131ndaki k\u00f6m\u00fcr yataklar\u0131 nedeniyle kamula\u015ft\u0131r\u0131lm\u0131\u015ft\u0131. Kamula\u015ft\u0131r\u0131lan k\u00f6yler 2014 y\u0131l\u0131ndaki \u00f6zelle\u015ftirmenin ard\u0131ndan termik\u00e7i \u015firkete verildi.<\/p>\n<p>2007 y\u0131l\u0131ndan itibaren ba\u015flayan kamula\u015ft\u0131rmalar, 2009\u2019da k\u00f6yl\u00fclere tebli\u011fi edilmeye ba\u015flan\u0131r. Eskihisar ve Ye\u015filba\u011fc\u0131lar k\u00f6yleri 2011-2012 y\u0131llar\u0131 aras\u0131nda tamamen bo\u015falt\u0131larak k\u00f6yl\u00fcler g\u00f6\u00e7e zorlan\u0131r. K\u00f6yl\u00fcler, terk etmek zorunda kald\u0131klar\u0131 Ye\u015filba\u011fc\u0131lara yakla\u015f\u0131k \u00fc\u00e7 kilometre uzakl\u0131kta bulunan iki mahallede TOK\u0130 taraf\u0131ndan yap\u0131lan Ye\u015filba\u011fc\u0131lar Da\u011fdibi ve Ye\u015filba\u011fc\u0131lar TOK\u0130 adlar\u0131 verilen iki yeni mahalleye ta\u015f\u0131n\u0131rlar.<\/p>\n<p><strong>HAYALET K\u00d6YLER!<\/strong><\/p>\n<p>\u00d6nce Rumlar, ard\u0131ndan T\u00fcrklerin y\u00fczlerce y\u0131ld\u0131r yerle\u015fti\u011fi Ye\u015filba\u011fc\u0131lar (Gibye) k\u00f6y\u00fcnde bir\u00e7ok tarihi yap\u0131 bulunmakta.<\/p>\n<p>K\u00f6y\u00fcn bo\u015falt\u0131lmas\u0131 sonras\u0131 baz\u0131 yap\u0131lan koruma alt\u0131na al\u0131n\u0131rken, y\u00f6renin kendine \u00f6zg\u00fc yap\u0131 mimarisi \u00f6zelliklerini ta\u015f\u0131yan cumbal\u0131 eski ta\u015f evlerin \u00e7o\u011fu ise bak\u0131ms\u0131zl\u0131k nedeniyle zaman i\u00e7erisinde y\u0131k\u0131ld\u0131.<\/p>\n<p>Antik \u00e7a\u011fdan g\u00fcn\u00fcm\u00fcze binlerce y\u0131ll\u0131k bir tarihi ge\u00e7mi\u015fi olan b\u00f6lgede, Anadolu\u2019da ya\u015fayan \u00e7e\u015fitli halklar taraf\u0131ndan yerle\u015fim yeri olarak kullan\u0131lan Eskihisar ve Ye\u015filba\u011fc\u0131lar g\u00fcn\u00fcm\u00fczde \u201chayalet k\u00f6y\u201d g\u00f6r\u00fcn\u00fcm\u00fcndeler.<\/p>\n<hr \/>\n<p><em><strong><a href=\"https:\/\/www.evrensel.net\/haber\/427512\/termik-santral-sirketi-600-yillik-hamami-yikti\" target=\"_blank\" rel=\"noopener noreferrer\">Evrensel Gazetesi<\/a><\/strong><\/em><\/p>\n","protected":false},"excerpt":{"rendered":"<p>Mu\u011fla Yata\u011fan\u2019da koruma alt\u0131ndaki 600 y\u0131ll\u0131k hamam, termik santral \u015firketi taraf\u0131ndan y\u0131k\u0131ld\u0131. \u00d6zer AKDEM\u0130R Mu\u011fla Yata\u011fan\u2019da termik santrale k\u00f6m\u00fcr temini i\u00e7in bo\u015falt\u0131lan tarihi Ye\u015filba\u011fc\u0131lar (Gibye) k\u00f6y\u00fcnde koruma alt\u0131ndaki 600 y\u0131ll\u0131k hamam, termik santrali \u015firketi taraf\u0131ndan y\u0131k\u0131ld\u0131. Yata\u011fan Ye\u015fil Ya\u015fam Derne\u011fi tarihi hamam\u0131n y\u0131k\u0131m\u0131 ile ilgili su\u00e7 duyurusunda bulunurken, CHP Mu\u011fla Milletvekili S\u00fcleyman Girgin de koruma [&hellip;]<\/p>\n","protected":false},"author":7,"featured_media":61812,"comment_status":"open","ping_status":"open","sticky":false,"template":"","format":"standard","meta":{"footnotes":""},"categories":[1],"tags":[],"class_list":["post-61811","post","type-post","status-publish","format-standard","has-post-thumbnail","hentry","category-haberler"],"yoast_head":"<!-- This site is optimized with the Yoast SEO plugin v27.4 - https:\/\/yoast.com\/product\/yoast-seo-wordpress\/ -->\n<title>Termik santral \u015firketi 600 y\u0131ll\u0131k hamam\u0131 y\u0131kt\u0131 - Bati Ermenistan Ve Bati Ermenileri Sorunlari Ara\u015ftirmalar Merkezi<\/title>\n<meta name=\"robots\" content=\"index, follow, max-snippet:-1, max-image-preview:large, max-video-preview:-1\" \/>\n<link rel=\"canonical\" href=\"https:\/\/akunq.net\/tr\/?p=61811\" \/>\n<meta property=\"og:locale\" content=\"en_US\" \/>\n<meta property=\"og:type\" content=\"article\" \/>\n<meta property=\"og:title\" content=\"Termik santral \u015firketi 600 y\u0131ll\u0131k hamam\u0131 y\u0131kt\u0131 - Bati Ermenistan Ve Bati Ermenileri Sorunlari Ara\u015ftirmalar Merkezi\" \/>\n<meta property=\"og:description\" content=\"Mu\u011fla Yata\u011fan\u2019da koruma alt\u0131ndaki 600 y\u0131ll\u0131k hamam, termik santral \u015firketi taraf\u0131ndan y\u0131k\u0131ld\u0131. \u00d6zer AKDEM\u0130R Mu\u011fla Yata\u011fan\u2019da termik santrale k\u00f6m\u00fcr temini i\u00e7in bo\u015falt\u0131lan tarihi Ye\u015filba\u011fc\u0131lar (Gibye) k\u00f6y\u00fcnde koruma alt\u0131ndaki 600 y\u0131ll\u0131k hamam, termik santrali \u015firketi taraf\u0131ndan y\u0131k\u0131ld\u0131. Yata\u011fan Ye\u015fil Ya\u015fam Derne\u011fi tarihi hamam\u0131n y\u0131k\u0131m\u0131 ile ilgili su\u00e7 duyurusunda bulunurken, CHP Mu\u011fla Milletvekili S\u00fcleyman Girgin de koruma [&hellip;]\" \/>\n<meta property=\"og:url\" content=\"https:\/\/akunq.net\/tr\/?p=61811\" \/>\n<meta property=\"og:site_name\" content=\"Bati Ermenistan Ve Bati Ermenileri Sorunlari Ara\u015ftirmalar Merkezi\" \/>\n<meta property=\"article:published_time\" content=\"2021-03-09T07:23:32+00:00\" \/>\n<meta property=\"og:image\" content=\"https:\/\/akunq.net\/tr\/wp-content\/uploads\/sites\/6\/2021\/03\/600-y\u0131ll\u0131k-hamam.jpg\" \/>\n\t<meta property=\"og:image:width\" content=\"1200\" \/>\n\t<meta property=\"og:image:height\" content=\"628\" \/>\n\t<meta property=\"og:image:type\" content=\"image\/jpeg\" \/>\n<meta name=\"author\" content=\"admin\" \/>\n<meta name=\"twitter:card\" content=\"summary_large_image\" \/>\n<meta name=\"twitter:label1\" content=\"Written by\" \/>\n\t<meta name=\"twitter:data1\" content=\"admin\" \/>\n\t<meta name=\"twitter:label2\" content=\"Est. reading time\" \/>\n\t<meta name=\"twitter:data2\" content=\"3 minutes\" \/>\n<script type=\"application\/ld+json\" class=\"yoast-schema-graph\">{\"@context\":\"https:\\\/\\\/schema.org\",\"@graph\":[{\"@type\":\"Article\",\"@id\":\"https:\\\/\\\/akunq.net\\\/tr\\\/?p=61811#article\",\"isPartOf\":{\"@id\":\"https:\\\/\\\/akunq.net\\\/tr\\\/?p=61811\"},\"author\":{\"name\":\"admin\",\"@id\":\"https:\\\/\\\/akunq.net\\\/tr\\\/#\\\/schema\\\/person\\\/096f1d38a12cce57fb855b485ed24c9e\"},\"headline\":\"Termik santral \u015firketi 600 y\u0131ll\u0131k hamam\u0131 y\u0131kt\u0131\",\"datePublished\":\"2021-03-09T07:23:32+00:00\",\"mainEntityOfPage\":{\"@id\":\"https:\\\/\\\/akunq.net\\\/tr\\\/?p=61811\"},\"wordCount\":663,\"commentCount\":0,\"image\":{\"@id\":\"https:\\\/\\\/akunq.net\\\/tr\\\/?p=61811#primaryimage\"},\"thumbnailUrl\":\"https:\\\/\\\/akunq.net\\\/tr\\\/wp-content\\\/uploads\\\/sites\\\/6\\\/2021\\\/03\\\/600-y\u0131ll\u0131k-hamam.jpg\",\"articleSection\":[\"Haberler\"],\"inLanguage\":\"en-US\",\"potentialAction\":[{\"@type\":\"CommentAction\",\"name\":\"Comment\",\"target\":[\"https:\\\/\\\/akunq.net\\\/tr\\\/?p=61811#respond\"]}]},{\"@type\":\"WebPage\",\"@id\":\"https:\\\/\\\/akunq.net\\\/tr\\\/?p=61811\",\"url\":\"https:\\\/\\\/akunq.net\\\/tr\\\/?p=61811\",\"name\":\"Termik santral \u015firketi 600 y\u0131ll\u0131k hamam\u0131 y\u0131kt\u0131 - Bati Ermenistan Ve Bati Ermenileri Sorunlari Ara\u015ftirmalar Merkezi\",\"isPartOf\":{\"@id\":\"https:\\\/\\\/akunq.net\\\/tr\\\/#website\"},\"primaryImageOfPage\":{\"@id\":\"https:\\\/\\\/akunq.net\\\/tr\\\/?p=61811#primaryimage\"},\"image\":{\"@id\":\"https:\\\/\\\/akunq.net\\\/tr\\\/?p=61811#primaryimage\"},\"thumbnailUrl\":\"https:\\\/\\\/akunq.net\\\/tr\\\/wp-content\\\/uploads\\\/sites\\\/6\\\/2021\\\/03\\\/600-y\u0131ll\u0131k-hamam.jpg\",\"datePublished\":\"2021-03-09T07:23:32+00:00\",\"author\":{\"@id\":\"https:\\\/\\\/akunq.net\\\/tr\\\/#\\\/schema\\\/person\\\/096f1d38a12cce57fb855b485ed24c9e\"},\"breadcrumb\":{\"@id\":\"https:\\\/\\\/akunq.net\\\/tr\\\/?p=61811#breadcrumb\"},\"inLanguage\":\"en-US\",\"potentialAction\":[{\"@type\":\"ReadAction\",\"target\":[\"https:\\\/\\\/akunq.net\\\/tr\\\/?p=61811\"]}]},{\"@type\":\"ImageObject\",\"inLanguage\":\"en-US\",\"@id\":\"https:\\\/\\\/akunq.net\\\/tr\\\/?p=61811#primaryimage\",\"url\":\"https:\\\/\\\/akunq.net\\\/tr\\\/wp-content\\\/uploads\\\/sites\\\/6\\\/2021\\\/03\\\/600-y\u0131ll\u0131k-hamam.jpg\",\"contentUrl\":\"https:\\\/\\\/akunq.net\\\/tr\\\/wp-content\\\/uploads\\\/sites\\\/6\\\/2021\\\/03\\\/600-y\u0131ll\u0131k-hamam.jpg\",\"width\":1200,\"height\":628},{\"@type\":\"BreadcrumbList\",\"@id\":\"https:\\\/\\\/akunq.net\\\/tr\\\/?p=61811#breadcrumb\",\"itemListElement\":[{\"@type\":\"ListItem\",\"position\":1,\"name\":\"Home\",\"item\":\"https:\\\/\\\/akunq.net\\\/tr\"},{\"@type\":\"ListItem\",\"position\":2,\"name\":\"Termik santral \u015firketi 600 y\u0131ll\u0131k hamam\u0131 y\u0131kt\u0131\"}]},{\"@type\":\"WebSite\",\"@id\":\"https:\\\/\\\/akunq.net\\\/tr\\\/#website\",\"url\":\"https:\\\/\\\/akunq.net\\\/tr\\\/\",\"name\":\"Bati Ermenistan Ve Bati Ermenileri Sorunlari Ara\u015ftirmalar Merkezi\",\"description\":\"\",\"potentialAction\":[{\"@type\":\"SearchAction\",\"target\":{\"@type\":\"EntryPoint\",\"urlTemplate\":\"https:\\\/\\\/akunq.net\\\/tr\\\/?s={search_term_string}\"},\"query-input\":{\"@type\":\"PropertyValueSpecification\",\"valueRequired\":true,\"valueName\":\"search_term_string\"}}],\"inLanguage\":\"en-US\"},{\"@type\":\"Person\",\"@id\":\"https:\\\/\\\/akunq.net\\\/tr\\\/#\\\/schema\\\/person\\\/096f1d38a12cce57fb855b485ed24c9e\",\"name\":\"admin\",\"url\":\"https:\\\/\\\/akunq.net\\\/tr\\\/?author=7\"}]}<\/script>\n<!-- \/ Yoast SEO plugin. -->","yoast_head_json":{"title":"Termik santral \u015firketi 600 y\u0131ll\u0131k hamam\u0131 y\u0131kt\u0131 - Bati Ermenistan Ve Bati Ermenileri Sorunlari Ara\u015ftirmalar Merkezi","robots":{"index":"index","follow":"follow","max-snippet":"max-snippet:-1","max-image-preview":"max-image-preview:large","max-video-preview":"max-video-preview:-1"},"canonical":"https:\/\/akunq.net\/tr\/?p=61811","og_locale":"en_US","og_type":"article","og_title":"Termik santral \u015firketi 600 y\u0131ll\u0131k hamam\u0131 y\u0131kt\u0131 - Bati Ermenistan Ve Bati Ermenileri Sorunlari Ara\u015ftirmalar Merkezi","og_description":"Mu\u011fla Yata\u011fan\u2019da koruma alt\u0131ndaki 600 y\u0131ll\u0131k hamam, termik santral \u015firketi taraf\u0131ndan y\u0131k\u0131ld\u0131. \u00d6zer AKDEM\u0130R Mu\u011fla Yata\u011fan\u2019da termik santrale k\u00f6m\u00fcr temini i\u00e7in bo\u015falt\u0131lan tarihi Ye\u015filba\u011fc\u0131lar (Gibye) k\u00f6y\u00fcnde koruma alt\u0131ndaki 600 y\u0131ll\u0131k hamam, termik santrali \u015firketi taraf\u0131ndan y\u0131k\u0131ld\u0131. Yata\u011fan Ye\u015fil Ya\u015fam Derne\u011fi tarihi hamam\u0131n y\u0131k\u0131m\u0131 ile ilgili su\u00e7 duyurusunda bulunurken, CHP Mu\u011fla Milletvekili S\u00fcleyman Girgin de koruma [&hellip;]","og_url":"https:\/\/akunq.net\/tr\/?p=61811","og_site_name":"Bati Ermenistan Ve Bati Ermenileri Sorunlari Ara\u015ftirmalar Merkezi","article_published_time":"2021-03-09T07:23:32+00:00","og_image":[{"width":1200,"height":628,"url":"https:\/\/akunq.net\/tr\/wp-content\/uploads\/sites\/6\/2021\/03\/600-y\u0131ll\u0131k-hamam.jpg","type":"image\/jpeg"}],"author":"admin","twitter_card":"summary_large_image","twitter_misc":{"Written by":"admin","Est. reading time":"3 minutes"},"schema":{"@context":"https:\/\/schema.org","@graph":[{"@type":"Article","@id":"https:\/\/akunq.net\/tr\/?p=61811#article","isPartOf":{"@id":"https:\/\/akunq.net\/tr\/?p=61811"},"author":{"name":"admin","@id":"https:\/\/akunq.net\/tr\/#\/schema\/person\/096f1d38a12cce57fb855b485ed24c9e"},"headline":"Termik santral \u015firketi 600 y\u0131ll\u0131k hamam\u0131 y\u0131kt\u0131","datePublished":"2021-03-09T07:23:32+00:00","mainEntityOfPage":{"@id":"https:\/\/akunq.net\/tr\/?p=61811"},"wordCount":663,"commentCount":0,"image":{"@id":"https:\/\/akunq.net\/tr\/?p=61811#primaryimage"},"thumbnailUrl":"https:\/\/akunq.net\/tr\/wp-content\/uploads\/sites\/6\/2021\/03\/600-y\u0131ll\u0131k-hamam.jpg","articleSection":["Haberler"],"inLanguage":"en-US","potentialAction":[{"@type":"CommentAction","name":"Comment","target":["https:\/\/akunq.net\/tr\/?p=61811#respond"]}]},{"@type":"WebPage","@id":"https:\/\/akunq.net\/tr\/?p=61811","url":"https:\/\/akunq.net\/tr\/?p=61811","name":"Termik santral \u015firketi 600 y\u0131ll\u0131k hamam\u0131 y\u0131kt\u0131 - Bati Ermenistan Ve Bati Ermenileri Sorunlari Ara\u015ftirmalar Merkezi","isPartOf":{"@id":"https:\/\/akunq.net\/tr\/#website"},"primaryImageOfPage":{"@id":"https:\/\/akunq.net\/tr\/?p=61811#primaryimage"},"image":{"@id":"https:\/\/akunq.net\/tr\/?p=61811#primaryimage"},"thumbnailUrl":"https:\/\/akunq.net\/tr\/wp-content\/uploads\/sites\/6\/2021\/03\/600-y\u0131ll\u0131k-hamam.jpg","datePublished":"2021-03-09T07:23:32+00:00","author":{"@id":"https:\/\/akunq.net\/tr\/#\/schema\/person\/096f1d38a12cce57fb855b485ed24c9e"},"breadcrumb":{"@id":"https:\/\/akunq.net\/tr\/?p=61811#breadcrumb"},"inLanguage":"en-US","potentialAction":[{"@type":"ReadAction","target":["https:\/\/akunq.net\/tr\/?p=61811"]}]},{"@type":"ImageObject","inLanguage":"en-US","@id":"https:\/\/akunq.net\/tr\/?p=61811#primaryimage","url":"https:\/\/akunq.net\/tr\/wp-content\/uploads\/sites\/6\/2021\/03\/600-y\u0131ll\u0131k-hamam.jpg","contentUrl":"https:\/\/akunq.net\/tr\/wp-content\/uploads\/sites\/6\/2021\/03\/600-y\u0131ll\u0131k-hamam.jpg","width":1200,"height":628},{"@type":"BreadcrumbList","@id":"https:\/\/akunq.net\/tr\/?p=61811#breadcrumb","itemListElement":[{"@type":"ListItem","position":1,"name":"Home","item":"https:\/\/akunq.net\/tr"},{"@type":"ListItem","position":2,"name":"Termik santral \u015firketi 600 y\u0131ll\u0131k hamam\u0131 y\u0131kt\u0131"}]},{"@type":"WebSite","@id":"https:\/\/akunq.net\/tr\/#website","url":"https:\/\/akunq.net\/tr\/","name":"Bati Ermenistan Ve Bati Ermenileri Sorunlari Ara\u015ftirmalar Merkezi","description":"","potentialAction":[{"@type":"SearchAction","target":{"@type":"EntryPoint","urlTemplate":"https:\/\/akunq.net\/tr\/?s={search_term_string}"},"query-input":{"@type":"PropertyValueSpecification","valueRequired":true,"valueName":"search_term_string"}}],"inLanguage":"en-US"},{"@type":"Person","@id":"https:\/\/akunq.net\/tr\/#\/schema\/person\/096f1d38a12cce57fb855b485ed24c9e","name":"admin","url":"https:\/\/akunq.net\/tr\/?author=7"}]}},"_links":{"self":[{"href":"https:\/\/akunq.net\/tr\/index.php?rest_route=\/wp\/v2\/posts\/61811","targetHints":{"allow":["GET"]}}],"collection":[{"href":"https:\/\/akunq.net\/tr\/index.php?rest_route=\/wp\/v2\/posts"}],"about":[{"href":"https:\/\/akunq.net\/tr\/index.php?rest_route=\/wp\/v2\/types\/post"}],"author":[{"embeddable":true,"href":"https:\/\/akunq.net\/tr\/index.php?rest_route=\/wp\/v2\/users\/7"}],"replies":[{"embeddable":true,"href":"https:\/\/akunq.net\/tr\/index.php?rest_route=%2Fwp%2Fv2%2Fcomments&post=61811"}],"version-history":[{"count":1,"href":"https:\/\/akunq.net\/tr\/index.php?rest_route=\/wp\/v2\/posts\/61811\/revisions"}],"predecessor-version":[{"id":61813,"href":"https:\/\/akunq.net\/tr\/index.php?rest_route=\/wp\/v2\/posts\/61811\/revisions\/61813"}],"wp:featuredmedia":[{"embeddable":true,"href":"https:\/\/akunq.net\/tr\/index.php?rest_route=\/wp\/v2\/media\/61812"}],"wp:attachment":[{"href":"https:\/\/akunq.net\/tr\/index.php?rest_route=%2Fwp%2Fv2%2Fmedia&parent=61811"}],"wp:term":[{"taxonomy":"category","embeddable":true,"href":"https:\/\/akunq.net\/tr\/index.php?rest_route=%2Fwp%2Fv2%2Fcategories&post=61811"},{"taxonomy":"post_tag","embeddable":true,"href":"https:\/\/akunq.net\/tr\/index.php?rest_route=%2Fwp%2Fv2%2Ftags&post=61811"}],"curies":[{"name":"wp","href":"https:\/\/api.w.org\/{rel}","templated":true}]}}