{"id":61799,"date":"2021-03-05T04:27:00","date_gmt":"2021-03-05T09:27:00","guid":{"rendered":"https:\/\/akunq.net\/tr\/?p=61799"},"modified":"2021-03-05T04:27:00","modified_gmt":"2021-03-05T09:27:00","slug":"dink-cinayeti-davasi-karar-durusmasi-26-marta-ertelendi","status":"publish","type":"post","link":"https:\/\/akunq.net\/tr\/?p=61799","title":{"rendered":"Dink Cinayeti Davas\u0131: Karar duru\u015fmas\u0131 26 Mart&#8217;a ertelendi"},"content":{"rendered":"<p><img loading=\"lazy\" decoding=\"async\" class=\"aligncenter size-medium wp-image-61800\" src=\"https:\/\/akunq.net\/tr\/wp-content\/uploads\/2021\/03\/Hrant-Dink-1-360x180.jpg\" alt=\"\" width=\"360\" height=\"180\" srcset=\"https:\/\/akunq.net\/tr\/wp-content\/uploads\/sites\/6\/2021\/03\/Hrant-Dink-1-360x180.jpg 360w, https:\/\/akunq.net\/tr\/wp-content\/uploads\/sites\/6\/2021\/03\/Hrant-Dink-1-260x130.jpg 260w, https:\/\/akunq.net\/tr\/wp-content\/uploads\/sites\/6\/2021\/03\/Hrant-Dink-1-160x80.jpg 160w, https:\/\/akunq.net\/tr\/wp-content\/uploads\/sites\/6\/2021\/03\/Hrant-Dink-1.jpg 512w\" sizes=\"auto, (max-width: 360px) 100vw, 360px\" \/><\/p>\n<p><em><strong>Kamu g\u00f6revlilerinin yarg\u0131land\u0131\u011f\u0131 Hrant Dink Cinayeti Davas\u0131&#8217;nda karar duru\u015fmas\u0131 26 Mart&#8217;a ertelendi.<\/strong><\/em><\/p>\n<p>Kamu g\u00f6revlilerinin yarg\u0131land\u0131\u011f\u0131 Hrant Dink Cinayeti Davas\u0131&#8217;nda bug\u00fcn (5 Mart) mahkeme heyetinin kar\u0131n\u0131n a\u00e7\u0131klamas\u0131\u00a0<a href=\"http:\/\/www.agos.com.tr\/tr\/yazi\/25400\/dink-cinayeti-davasi-5-mart-ta-karar-aciklanmasi-bekleniyor\">bekleniyordu<\/a>.<\/p>\n<p>14. A\u011f\u0131r Ceza Mahkemesi&#8217;nde g\u00f6r\u00fclen davay\u0131 a\u00e7an a\u00e7an heyet ba\u015fkan\u0131 Ak\u0131n G\u00fcrlek iki tan\u0131\u011f\u0131n ifadesini ald\u0131ktan sonra duru\u015fmaya dair beyanda bulundu. Mahkeme ba\u015fkan\u0131 Ak\u0131n G\u00fcrlek, \u00fcye h\u00e2kim Ferhat \u015eahin\u2019in kalp ameliyat\u0131 oldu\u011funu, di\u011fer \u00fcye h\u00e2kimin de\u00a0 dosyay\u0131 vak\u0131f olmad\u0131\u011f\u0131ndan karar duru\u015fmas\u0131na kat\u0131lmak istemedi\u011fini s\u00f6yledi. Bu y\u00fczden h\u00fckm\u00fcn 26 Mart\u2019ta yap\u0131lacak duru\u015fmada a\u00e7\u0131klanmas\u0131 bekleniyor.<\/p>\n<p>Duru\u015fma \u00f6ncesinde davay\u0131 takip eden Hrant\u2019\u0131n Arkada\u015flar\u0131\u00a0 inisiyatifi adliye \u00f6n\u00fcnde k\u0131sa bir a\u00e7\u0131klama yaparak, cinayetin t\u00fcm ortaklar\u0131 yarg\u0131lan\u0131p cezaland\u0131r\u0131lana kadar adalet m\u00fccadelesinin devam edece\u011fini s\u00f6yledi.<\/p>\n<p><em><strong>http:\/\/www.agos.com.tr\/tr\/yazi\/25404\/dink-cinayeti-davasi-karar-durusmasi-26-mart-a-ertelendi\u00a0<\/strong><\/em><\/p>\n","protected":false},"excerpt":{"rendered":"<p>Kamu g\u00f6revlilerinin yarg\u0131land\u0131\u011f\u0131 Hrant Dink Cinayeti Davas\u0131&#8217;nda karar duru\u015fmas\u0131 26 Mart&#8217;a ertelendi. Kamu g\u00f6revlilerinin yarg\u0131land\u0131\u011f\u0131 Hrant Dink Cinayeti Davas\u0131&#8217;nda bug\u00fcn (5 Mart) mahkeme heyetinin kar\u0131n\u0131n a\u00e7\u0131klamas\u0131\u00a0bekleniyordu. 14. A\u011f\u0131r Ceza Mahkemesi&#8217;nde g\u00f6r\u00fclen davay\u0131 a\u00e7an a\u00e7an heyet ba\u015fkan\u0131 Ak\u0131n G\u00fcrlek iki tan\u0131\u011f\u0131n ifadesini ald\u0131ktan sonra duru\u015fmaya dair beyanda bulundu. Mahkeme ba\u015fkan\u0131 Ak\u0131n G\u00fcrlek, \u00fcye h\u00e2kim Ferhat \u015eahin\u2019in [&hellip;]<\/p>\n","protected":false},"author":7,"featured_media":61800,"comment_status":"open","ping_status":"open","sticky":false,"template":"","format":"standard","meta":{"footnotes":""},"categories":[1],"tags":[],"class_list":["post-61799","post","type-post","status-publish","format-standard","has-post-thumbnail","hentry","category-haberler"],"yoast_head":"<!-- This site is optimized with the Yoast SEO plugin v27.4 - https:\/\/yoast.com\/product\/yoast-seo-wordpress\/ -->\n<title>Dink Cinayeti Davas\u0131: Karar duru\u015fmas\u0131 26 Mart&#039;a ertelendi - Bati Ermenistan Ve Bati Ermenileri Sorunlari Ara\u015ftirmalar Merkezi<\/title>\n<meta name=\"robots\" content=\"index, follow, max-snippet:-1, max-image-preview:large, max-video-preview:-1\" \/>\n<link rel=\"canonical\" href=\"https:\/\/akunq.net\/tr\/?p=61799\" \/>\n<meta property=\"og:locale\" content=\"en_US\" \/>\n<meta property=\"og:type\" content=\"article\" \/>\n<meta property=\"og:title\" content=\"Dink Cinayeti Davas\u0131: Karar duru\u015fmas\u0131 26 Mart&#039;a ertelendi - Bati Ermenistan Ve Bati Ermenileri Sorunlari Ara\u015ftirmalar Merkezi\" \/>\n<meta property=\"og:description\" content=\"Kamu g\u00f6revlilerinin yarg\u0131land\u0131\u011f\u0131 Hrant Dink Cinayeti Davas\u0131&#8217;nda karar duru\u015fmas\u0131 26 Mart&#8217;a ertelendi. Kamu g\u00f6revlilerinin yarg\u0131land\u0131\u011f\u0131 Hrant Dink Cinayeti Davas\u0131&#8217;nda bug\u00fcn (5 Mart) mahkeme heyetinin kar\u0131n\u0131n a\u00e7\u0131klamas\u0131\u00a0bekleniyordu. 14. A\u011f\u0131r Ceza Mahkemesi&#8217;nde g\u00f6r\u00fclen davay\u0131 a\u00e7an a\u00e7an heyet ba\u015fkan\u0131 Ak\u0131n G\u00fcrlek iki tan\u0131\u011f\u0131n ifadesini ald\u0131ktan sonra duru\u015fmaya dair beyanda bulundu. Mahkeme ba\u015fkan\u0131 Ak\u0131n G\u00fcrlek, \u00fcye h\u00e2kim Ferhat \u015eahin\u2019in [&hellip;]\" \/>\n<meta property=\"og:url\" content=\"https:\/\/akunq.net\/tr\/?p=61799\" \/>\n<meta property=\"og:site_name\" content=\"Bati Ermenistan Ve Bati Ermenileri Sorunlari Ara\u015ftirmalar Merkezi\" \/>\n<meta property=\"article:published_time\" content=\"2021-03-05T09:27:00+00:00\" \/>\n<meta property=\"og:image\" content=\"https:\/\/akunq.net\/tr\/wp-content\/uploads\/sites\/6\/2021\/03\/Hrant-Dink-1.jpg\" \/>\n\t<meta property=\"og:image:width\" content=\"512\" \/>\n\t<meta property=\"og:image:height\" content=\"256\" \/>\n\t<meta property=\"og:image:type\" content=\"image\/jpeg\" \/>\n<meta name=\"author\" content=\"admin\" \/>\n<meta name=\"twitter:card\" content=\"summary_large_image\" \/>\n<meta name=\"twitter:label1\" content=\"Written by\" \/>\n\t<meta name=\"twitter:data1\" content=\"admin\" \/>\n\t<meta name=\"twitter:label2\" content=\"Est. reading time\" \/>\n\t<meta name=\"twitter:data2\" content=\"1 minute\" \/>\n<script type=\"application\/ld+json\" class=\"yoast-schema-graph\">{\"@context\":\"https:\\\/\\\/schema.org\",\"@graph\":[{\"@type\":\"Article\",\"@id\":\"https:\\\/\\\/akunq.net\\\/tr\\\/?p=61799#article\",\"isPartOf\":{\"@id\":\"https:\\\/\\\/akunq.net\\\/tr\\\/?p=61799\"},\"author\":{\"name\":\"admin\",\"@id\":\"https:\\\/\\\/akunq.net\\\/tr\\\/#\\\/schema\\\/person\\\/096f1d38a12cce57fb855b485ed24c9e\"},\"headline\":\"Dink Cinayeti Davas\u0131: Karar duru\u015fmas\u0131 26 Mart&#8217;a ertelendi\",\"datePublished\":\"2021-03-05T09:27:00+00:00\",\"mainEntityOfPage\":{\"@id\":\"https:\\\/\\\/akunq.net\\\/tr\\\/?p=61799\"},\"wordCount\":176,\"commentCount\":0,\"image\":{\"@id\":\"https:\\\/\\\/akunq.net\\\/tr\\\/?p=61799#primaryimage\"},\"thumbnailUrl\":\"https:\\\/\\\/akunq.net\\\/tr\\\/wp-content\\\/uploads\\\/sites\\\/6\\\/2021\\\/03\\\/Hrant-Dink-1.jpg\",\"articleSection\":[\"Haberler\"],\"inLanguage\":\"en-US\",\"potentialAction\":[{\"@type\":\"CommentAction\",\"name\":\"Comment\",\"target\":[\"https:\\\/\\\/akunq.net\\\/tr\\\/?p=61799#respond\"]}]},{\"@type\":\"WebPage\",\"@id\":\"https:\\\/\\\/akunq.net\\\/tr\\\/?p=61799\",\"url\":\"https:\\\/\\\/akunq.net\\\/tr\\\/?p=61799\",\"name\":\"Dink Cinayeti Davas\u0131: Karar duru\u015fmas\u0131 26 Mart'a ertelendi - Bati Ermenistan Ve Bati Ermenileri Sorunlari Ara\u015ftirmalar Merkezi\",\"isPartOf\":{\"@id\":\"https:\\\/\\\/akunq.net\\\/tr\\\/#website\"},\"primaryImageOfPage\":{\"@id\":\"https:\\\/\\\/akunq.net\\\/tr\\\/?p=61799#primaryimage\"},\"image\":{\"@id\":\"https:\\\/\\\/akunq.net\\\/tr\\\/?p=61799#primaryimage\"},\"thumbnailUrl\":\"https:\\\/\\\/akunq.net\\\/tr\\\/wp-content\\\/uploads\\\/sites\\\/6\\\/2021\\\/03\\\/Hrant-Dink-1.jpg\",\"datePublished\":\"2021-03-05T09:27:00+00:00\",\"author\":{\"@id\":\"https:\\\/\\\/akunq.net\\\/tr\\\/#\\\/schema\\\/person\\\/096f1d38a12cce57fb855b485ed24c9e\"},\"breadcrumb\":{\"@id\":\"https:\\\/\\\/akunq.net\\\/tr\\\/?p=61799#breadcrumb\"},\"inLanguage\":\"en-US\",\"potentialAction\":[{\"@type\":\"ReadAction\",\"target\":[\"https:\\\/\\\/akunq.net\\\/tr\\\/?p=61799\"]}]},{\"@type\":\"ImageObject\",\"inLanguage\":\"en-US\",\"@id\":\"https:\\\/\\\/akunq.net\\\/tr\\\/?p=61799#primaryimage\",\"url\":\"https:\\\/\\\/akunq.net\\\/tr\\\/wp-content\\\/uploads\\\/sites\\\/6\\\/2021\\\/03\\\/Hrant-Dink-1.jpg\",\"contentUrl\":\"https:\\\/\\\/akunq.net\\\/tr\\\/wp-content\\\/uploads\\\/sites\\\/6\\\/2021\\\/03\\\/Hrant-Dink-1.jpg\",\"width\":512,\"height\":256},{\"@type\":\"BreadcrumbList\",\"@id\":\"https:\\\/\\\/akunq.net\\\/tr\\\/?p=61799#breadcrumb\",\"itemListElement\":[{\"@type\":\"ListItem\",\"position\":1,\"name\":\"Home\",\"item\":\"https:\\\/\\\/akunq.net\\\/tr\"},{\"@type\":\"ListItem\",\"position\":2,\"name\":\"Dink Cinayeti Davas\u0131: Karar duru\u015fmas\u0131 26 Mart&#8217;a ertelendi\"}]},{\"@type\":\"WebSite\",\"@id\":\"https:\\\/\\\/akunq.net\\\/tr\\\/#website\",\"url\":\"https:\\\/\\\/akunq.net\\\/tr\\\/\",\"name\":\"Bati Ermenistan Ve Bati Ermenileri Sorunlari Ara\u015ftirmalar Merkezi\",\"description\":\"\",\"potentialAction\":[{\"@type\":\"SearchAction\",\"target\":{\"@type\":\"EntryPoint\",\"urlTemplate\":\"https:\\\/\\\/akunq.net\\\/tr\\\/?s={search_term_string}\"},\"query-input\":{\"@type\":\"PropertyValueSpecification\",\"valueRequired\":true,\"valueName\":\"search_term_string\"}}],\"inLanguage\":\"en-US\"},{\"@type\":\"Person\",\"@id\":\"https:\\\/\\\/akunq.net\\\/tr\\\/#\\\/schema\\\/person\\\/096f1d38a12cce57fb855b485ed24c9e\",\"name\":\"admin\",\"url\":\"https:\\\/\\\/akunq.net\\\/tr\\\/?author=7\"}]}<\/script>\n<!-- \/ Yoast SEO plugin. -->","yoast_head_json":{"title":"Dink Cinayeti Davas\u0131: Karar duru\u015fmas\u0131 26 Mart'a ertelendi - Bati Ermenistan Ve Bati Ermenileri Sorunlari Ara\u015ftirmalar Merkezi","robots":{"index":"index","follow":"follow","max-snippet":"max-snippet:-1","max-image-preview":"max-image-preview:large","max-video-preview":"max-video-preview:-1"},"canonical":"https:\/\/akunq.net\/tr\/?p=61799","og_locale":"en_US","og_type":"article","og_title":"Dink Cinayeti Davas\u0131: Karar duru\u015fmas\u0131 26 Mart'a ertelendi - Bati Ermenistan Ve Bati Ermenileri Sorunlari Ara\u015ftirmalar Merkezi","og_description":"Kamu g\u00f6revlilerinin yarg\u0131land\u0131\u011f\u0131 Hrant Dink Cinayeti Davas\u0131&#8217;nda karar duru\u015fmas\u0131 26 Mart&#8217;a ertelendi. Kamu g\u00f6revlilerinin yarg\u0131land\u0131\u011f\u0131 Hrant Dink Cinayeti Davas\u0131&#8217;nda bug\u00fcn (5 Mart) mahkeme heyetinin kar\u0131n\u0131n a\u00e7\u0131klamas\u0131\u00a0bekleniyordu. 14. A\u011f\u0131r Ceza Mahkemesi&#8217;nde g\u00f6r\u00fclen davay\u0131 a\u00e7an a\u00e7an heyet ba\u015fkan\u0131 Ak\u0131n G\u00fcrlek iki tan\u0131\u011f\u0131n ifadesini ald\u0131ktan sonra duru\u015fmaya dair beyanda bulundu. Mahkeme ba\u015fkan\u0131 Ak\u0131n G\u00fcrlek, \u00fcye h\u00e2kim Ferhat \u015eahin\u2019in [&hellip;]","og_url":"https:\/\/akunq.net\/tr\/?p=61799","og_site_name":"Bati Ermenistan Ve Bati Ermenileri Sorunlari Ara\u015ftirmalar Merkezi","article_published_time":"2021-03-05T09:27:00+00:00","og_image":[{"width":512,"height":256,"url":"https:\/\/akunq.net\/tr\/wp-content\/uploads\/sites\/6\/2021\/03\/Hrant-Dink-1.jpg","type":"image\/jpeg"}],"author":"admin","twitter_card":"summary_large_image","twitter_misc":{"Written by":"admin","Est. reading time":"1 minute"},"schema":{"@context":"https:\/\/schema.org","@graph":[{"@type":"Article","@id":"https:\/\/akunq.net\/tr\/?p=61799#article","isPartOf":{"@id":"https:\/\/akunq.net\/tr\/?p=61799"},"author":{"name":"admin","@id":"https:\/\/akunq.net\/tr\/#\/schema\/person\/096f1d38a12cce57fb855b485ed24c9e"},"headline":"Dink Cinayeti Davas\u0131: Karar duru\u015fmas\u0131 26 Mart&#8217;a ertelendi","datePublished":"2021-03-05T09:27:00+00:00","mainEntityOfPage":{"@id":"https:\/\/akunq.net\/tr\/?p=61799"},"wordCount":176,"commentCount":0,"image":{"@id":"https:\/\/akunq.net\/tr\/?p=61799#primaryimage"},"thumbnailUrl":"https:\/\/akunq.net\/tr\/wp-content\/uploads\/sites\/6\/2021\/03\/Hrant-Dink-1.jpg","articleSection":["Haberler"],"inLanguage":"en-US","potentialAction":[{"@type":"CommentAction","name":"Comment","target":["https:\/\/akunq.net\/tr\/?p=61799#respond"]}]},{"@type":"WebPage","@id":"https:\/\/akunq.net\/tr\/?p=61799","url":"https:\/\/akunq.net\/tr\/?p=61799","name":"Dink Cinayeti Davas\u0131: Karar duru\u015fmas\u0131 26 Mart'a ertelendi - Bati Ermenistan Ve Bati Ermenileri Sorunlari Ara\u015ftirmalar Merkezi","isPartOf":{"@id":"https:\/\/akunq.net\/tr\/#website"},"primaryImageOfPage":{"@id":"https:\/\/akunq.net\/tr\/?p=61799#primaryimage"},"image":{"@id":"https:\/\/akunq.net\/tr\/?p=61799#primaryimage"},"thumbnailUrl":"https:\/\/akunq.net\/tr\/wp-content\/uploads\/sites\/6\/2021\/03\/Hrant-Dink-1.jpg","datePublished":"2021-03-05T09:27:00+00:00","author":{"@id":"https:\/\/akunq.net\/tr\/#\/schema\/person\/096f1d38a12cce57fb855b485ed24c9e"},"breadcrumb":{"@id":"https:\/\/akunq.net\/tr\/?p=61799#breadcrumb"},"inLanguage":"en-US","potentialAction":[{"@type":"ReadAction","target":["https:\/\/akunq.net\/tr\/?p=61799"]}]},{"@type":"ImageObject","inLanguage":"en-US","@id":"https:\/\/akunq.net\/tr\/?p=61799#primaryimage","url":"https:\/\/akunq.net\/tr\/wp-content\/uploads\/sites\/6\/2021\/03\/Hrant-Dink-1.jpg","contentUrl":"https:\/\/akunq.net\/tr\/wp-content\/uploads\/sites\/6\/2021\/03\/Hrant-Dink-1.jpg","width":512,"height":256},{"@type":"BreadcrumbList","@id":"https:\/\/akunq.net\/tr\/?p=61799#breadcrumb","itemListElement":[{"@type":"ListItem","position":1,"name":"Home","item":"https:\/\/akunq.net\/tr"},{"@type":"ListItem","position":2,"name":"Dink Cinayeti Davas\u0131: Karar duru\u015fmas\u0131 26 Mart&#8217;a ertelendi"}]},{"@type":"WebSite","@id":"https:\/\/akunq.net\/tr\/#website","url":"https:\/\/akunq.net\/tr\/","name":"Bati Ermenistan Ve Bati Ermenileri Sorunlari Ara\u015ftirmalar Merkezi","description":"","potentialAction":[{"@type":"SearchAction","target":{"@type":"EntryPoint","urlTemplate":"https:\/\/akunq.net\/tr\/?s={search_term_string}"},"query-input":{"@type":"PropertyValueSpecification","valueRequired":true,"valueName":"search_term_string"}}],"inLanguage":"en-US"},{"@type":"Person","@id":"https:\/\/akunq.net\/tr\/#\/schema\/person\/096f1d38a12cce57fb855b485ed24c9e","name":"admin","url":"https:\/\/akunq.net\/tr\/?author=7"}]}},"_links":{"self":[{"href":"https:\/\/akunq.net\/tr\/index.php?rest_route=\/wp\/v2\/posts\/61799","targetHints":{"allow":["GET"]}}],"collection":[{"href":"https:\/\/akunq.net\/tr\/index.php?rest_route=\/wp\/v2\/posts"}],"about":[{"href":"https:\/\/akunq.net\/tr\/index.php?rest_route=\/wp\/v2\/types\/post"}],"author":[{"embeddable":true,"href":"https:\/\/akunq.net\/tr\/index.php?rest_route=\/wp\/v2\/users\/7"}],"replies":[{"embeddable":true,"href":"https:\/\/akunq.net\/tr\/index.php?rest_route=%2Fwp%2Fv2%2Fcomments&post=61799"}],"version-history":[{"count":1,"href":"https:\/\/akunq.net\/tr\/index.php?rest_route=\/wp\/v2\/posts\/61799\/revisions"}],"predecessor-version":[{"id":61801,"href":"https:\/\/akunq.net\/tr\/index.php?rest_route=\/wp\/v2\/posts\/61799\/revisions\/61801"}],"wp:featuredmedia":[{"embeddable":true,"href":"https:\/\/akunq.net\/tr\/index.php?rest_route=\/wp\/v2\/media\/61800"}],"wp:attachment":[{"href":"https:\/\/akunq.net\/tr\/index.php?rest_route=%2Fwp%2Fv2%2Fmedia&parent=61799"}],"wp:term":[{"taxonomy":"category","embeddable":true,"href":"https:\/\/akunq.net\/tr\/index.php?rest_route=%2Fwp%2Fv2%2Fcategories&post=61799"},{"taxonomy":"post_tag","embeddable":true,"href":"https:\/\/akunq.net\/tr\/index.php?rest_route=%2Fwp%2Fv2%2Ftags&post=61799"}],"curies":[{"name":"wp","href":"https:\/\/api.w.org\/{rel}","templated":true}]}}