{"id":61796,"date":"2021-03-05T04:19:28","date_gmt":"2021-03-05T09:19:28","guid":{"rendered":"https:\/\/akunq.net\/tr\/?p=61796"},"modified":"2021-03-05T04:19:28","modified_gmt":"2021-03-05T09:19:28","slug":"rapor-turkiyede-bagimsiz-medyaya-google-ve-facebook-engeli","status":"publish","type":"post","link":"https:\/\/akunq.net\/tr\/?p=61796","title":{"rendered":"Rapor: T\u00fcrkiye&#8217;de ba\u011f\u0131ms\u0131z medyaya Google ve Facebook engeli"},"content":{"rendered":"<p><img loading=\"lazy\" decoding=\"async\" class=\"aligncenter size-medium wp-image-61797\" src=\"https:\/\/akunq.net\/tr\/wp-content\/uploads\/2021\/03\/T\u00fcrkiyede-medya-360x203.jpg\" alt=\"\" width=\"360\" height=\"203\" srcset=\"https:\/\/akunq.net\/tr\/wp-content\/uploads\/sites\/6\/2021\/03\/T\u00fcrkiyede-medya-360x203.jpg 360w, https:\/\/akunq.net\/tr\/wp-content\/uploads\/sites\/6\/2021\/03\/T\u00fcrkiyede-medya-560x315.jpg 560w, https:\/\/akunq.net\/tr\/wp-content\/uploads\/sites\/6\/2021\/03\/T\u00fcrkiyede-medya-260x146.jpg 260w, https:\/\/akunq.net\/tr\/wp-content\/uploads\/sites\/6\/2021\/03\/T\u00fcrkiyede-medya-160x90.jpg 160w, https:\/\/akunq.net\/tr\/wp-content\/uploads\/sites\/6\/2021\/03\/T\u00fcrkiyede-medya.jpg 700w\" sizes=\"auto, (max-width: 360px) 100vw, 360px\" \/><\/p>\n<p><strong><em>Uluslararas\u0131 Bas\u0131n Enstit\u00fcs\u00fc&#8217;n\u00fcn yay\u0131mlad\u0131\u011f\u0131 T\u00fcrkiye raporunu yazan Emre K\u0131z\u0131lkaya, Google ve Facebook&#8217;un T\u00fcrkiye&#8217;de &#8220;iktidar medyas\u0131n\u0131 kay\u0131ran&#8221; uygulamalar\u0131n\u0131n, ba\u011f\u0131ms\u0131z medyay\u0131 bask\u0131layan bir unsur oldu\u011funu s\u00f6yledi.<\/em><\/strong><\/p>\n<p>Uluslararas\u0131 Bas\u0131n Enstit\u00fcs\u00fc&#8217;n\u00fcn (IPI) yay\u0131mlad\u0131\u011f\u0131 bir raporda, T\u00fcrkiye&#8217;de ba\u011f\u0131ms\u0131z medya ile iktidara yak\u0131n medya kurulu\u015flar\u0131n\u0131n sahip oldu\u011fu olanaklar ve bu iki gruptaki yay\u0131n organlar\u0131n\u0131n performans\u0131 k\u0131yasland\u0131.<\/p>\n<p>Raporda, T\u00fcrkiye&#8217;de say\u0131lar\u0131 artan yeni yay\u0131n organlar\u0131n\u0131n giderek daha geni\u015f kitlelere ula\u015fsa da Google ve Facebook gibi platformlar\u0131n algoritmalar\u0131n\u0131n okuyucular\u0131 ya da izleyicileri daha \u00e7ok h\u00fck\u00fcmet yanl\u0131s\u0131 internet sitelerine y\u00f6nlendirdi\u011fi, bu nedenle ba\u011f\u0131ms\u0131z yay\u0131nc\u0131lar\u0131n &#8220;ana ak\u0131m&#8221; olarak adland\u0131r\u0131lan rakipleriyle rekabette dezavantaj ya\u015fad\u0131\u011f\u0131 belirtildi.<\/p>\n<p>Avusturya merkezli enstit\u00fcn\u00fcn raporunda, ba\u011f\u0131ms\u0131z yay\u0131n organlar\u0131n\u0131n sosyal medyadaki g\u00fcc\u00fc \u015fu verilerle aktar\u0131ld\u0131:<\/p>\n<p>&#8220;Ba\u011f\u0131ms\u0131z yay\u0131nc\u0131lar\u0131n sosyal medyadaki etkile\u015fimi, iktidar medyas\u0131na k\u0131yasla y\u00fczde 16,5 daha y\u00fcksek. Takip\u00e7i say\u0131s\u0131ndaki art\u0131\u015ftan viral i\u00e7erik say\u0131s\u0131na dek hemen her boyutta ve platformda ba\u011f\u0131ms\u0131z medya egemen. \u00d6rne\u011fin ba\u011f\u0131ms\u0131z yay\u0131nc\u0131lar\u0131n haberleri, Facebook&#8217;ta, iktidar medyas\u0131na k\u0131yasla 5 kat daha fazla etkile\u015fim al\u0131yor.<\/p>\n<p>Google&#8217;\u0131n internet kullan\u0131c\u0131lar\u0131n\u0131 \u00e7ok b\u00fcy\u00fck oranda iktidar yanl\u0131s\u0131 haber sitelerine y\u00f6nlendirdi\u011fine dair ise \u015fu ifadelere yer verildi:<\/p>\n<p>&#8220;En y\u00fcksek arama hacmine sahip olan haberlerle ilgili aramalarda Google, kullan\u0131c\u0131lar\u0131n y\u00fczde 90,6&#8217;s\u0131n\u0131 \u00fc\u00e7 adet iktidar yanl\u0131s\u0131 haber kurulu\u015funa y\u00f6nlendiriyor. Arama motorundan farkl\u0131 bir algoritmaya sahip olan Google Haberler ise iktidar medyas\u0131na y\u00fczde 73,8, ba\u011f\u0131ms\u0131z medyaya ise y\u00fczde 26,2 oran\u0131nda yer veriyor. \u00d6zetle Google; yayg\u0131n dijital eri\u015fimleri, yo\u011fun sosyal medya etkile\u015fimleri ve kullan\u0131c\u0131 taraf\u0131nda artan talebe ra\u011fmen ba\u011f\u0131ms\u0131z medyaya, iktidar medyas\u0131na k\u0131yasla \u00e7ok daha az dijital trafik ve reklam geliri sa\u011fl\u0131yor.&#8221;<\/p>\n<p><strong>Facebook&#8217;a \u00e7ifte standart ele\u015ftirisi<\/strong><\/p>\n<p>Raporda, Google i\u00e7in &#8220;\u0130ktidar medyas\u0131n\u0131n, demokratik toplumu hedefleyen nefret s\u00f6ylemi ve dezenformasyon i\u00e7eriklerinin sesini art\u0131rmay\u0131 s\u00fcrd\u00fcr\u00fcyor&#8221; ele\u015ftirisi getirilirken ABD merkezli \u015firketin T\u00fcrkiye&#8217;deki algoritmik tercihlerinin di\u011fer \u00fclkelerdeki standartlar\u0131ndan farkl\u0131 i\u015fledi\u011fi belirtildi. Raporda, &#8220;Google \u00f6rne\u011fin ABD&#8217;de, T\u00fcrkiye&#8217;ye k\u0131yasla kullan\u0131c\u0131lara haber kaynaklar\u0131 konusunda \u00e7ok daha geni\u015f ve g\u00fcvenilir bir men\u00fc sunuyor&#8221; denildi.<\/p>\n<p>Raporda ayr\u0131ca YouTube algoritmas\u0131n\u0131n ba\u011f\u0131ms\u0131z ve iktidar yanl\u0131s\u0131 medya kurulu\u015flar\u0131 taraf\u0131ndan \u00fcretilen hangi videolar\u0131, nas\u0131l \u00f6ne \u00e7\u0131kard\u0131\u011f\u0131 da haritala\u015ft\u0131r\u0131ld\u0131.<\/p>\n<p><strong>K\u0131z\u0131lkaya: Google ve Facebook iktidar medyas\u0131n\u0131 kay\u0131r\u0131yor<\/strong><\/p>\n<p>T\u00fcrkiye&#8217;den 28 yayg\u0131n ve yerel medya kurulu\u015funun mercek alt\u0131na al\u0131nd\u0131\u011f\u0131 rapor, IPI T\u00fcrkiye Ulusal Komitesi Ba\u015fkan Yard\u0131mc\u0131s\u0131 Emre K\u0131z\u0131lkaya ve gazeteci Burak \u00dct\u00fcc\u00fc taraf\u0131ndan haz\u0131rland\u0131.<\/p>\n<p>K\u0131z\u0131lkaya, DW T\u00fcrk\u00e7e&#8217;ye yapt\u0131\u011f\u0131 a\u00e7\u0131klamada, yay\u0131mlad\u0131klar\u0131 raporla ilgili olarak &#8220;Ge\u00e7mi\u015fin ana ak\u0131m medyas\u0131 bug\u00fcn neredeyse tamamen iktidar\u0131n kontrol\u00fcne girdi. Rapor, y\u00fckselmekte olan ba\u011f\u0131ms\u0131z medyan\u0131n dijital etkisinin iktidar medyas\u0131n\u0131 a\u015fmaya ba\u015flad\u0131\u011f\u0131n\u0131 say\u0131sal olarak g\u00f6steriyor&#8221; ifadesini kulland\u0131.<\/p>\n<p>Gazeteci K\u0131z\u0131lkaya, &#8220;Ba\u011f\u0131ms\u0131z medya par\u00e7al\u0131 oldu\u011fu i\u00e7in bu kolayca g\u00f6r\u00fclemese bile, asl\u0131nda bu kurulu\u015flar\u0131n haberleri \u00e7ok geni\u015f ve ayn\u0131 zamanda \u00e7e\u015fitlilik arz eden bir kitleye eri\u015fiyor. Ancak Google ve Facebook ba\u015fta olmak \u00fczere dijital e\u015fik bek\u00e7ilerinin iktidar medyas\u0131n\u0131 kay\u0131ran pratikleri, ba\u011f\u0131ms\u0131z medyay\u0131 bask\u0131layan bir unsur olarak \u00f6ne \u00e7\u0131k\u0131yor&#8221; diye ekledi.<\/p>\n<p><em><strong>https:\/\/www.dw.com\/tr\/rapor-t%C3%BCrkiyede-ba%C4%9F%C4%B1ms%C4%B1z-medyaya-google-ve-facebook-engeli\/a-56764569\u00a0<\/strong><\/em><\/p>\n","protected":false},"excerpt":{"rendered":"<p>Uluslararas\u0131 Bas\u0131n Enstit\u00fcs\u00fc&#8217;n\u00fcn yay\u0131mlad\u0131\u011f\u0131 T\u00fcrkiye raporunu yazan Emre K\u0131z\u0131lkaya, Google ve Facebook&#8217;un T\u00fcrkiye&#8217;de &#8220;iktidar medyas\u0131n\u0131 kay\u0131ran&#8221; uygulamalar\u0131n\u0131n, ba\u011f\u0131ms\u0131z medyay\u0131 bask\u0131layan bir unsur oldu\u011funu s\u00f6yledi. Uluslararas\u0131 Bas\u0131n Enstit\u00fcs\u00fc&#8217;n\u00fcn (IPI) yay\u0131mlad\u0131\u011f\u0131 bir raporda, T\u00fcrkiye&#8217;de ba\u011f\u0131ms\u0131z medya ile iktidara yak\u0131n medya kurulu\u015flar\u0131n\u0131n sahip oldu\u011fu olanaklar ve bu iki gruptaki yay\u0131n organlar\u0131n\u0131n performans\u0131 k\u0131yasland\u0131. Raporda, T\u00fcrkiye&#8217;de say\u0131lar\u0131 artan yeni [&hellip;]<\/p>\n","protected":false},"author":7,"featured_media":61797,"comment_status":"open","ping_status":"open","sticky":false,"template":"","format":"standard","meta":{"footnotes":""},"categories":[1],"tags":[],"class_list":["post-61796","post","type-post","status-publish","format-standard","has-post-thumbnail","hentry","category-haberler"],"yoast_head":"<!-- This site is optimized with the Yoast SEO plugin v27.4 - https:\/\/yoast.com\/product\/yoast-seo-wordpress\/ -->\n<title>Rapor: T\u00fcrkiye&#039;de ba\u011f\u0131ms\u0131z medyaya Google ve Facebook engeli - Bati Ermenistan Ve Bati Ermenileri Sorunlari Ara\u015ftirmalar Merkezi<\/title>\n<meta name=\"robots\" content=\"index, follow, max-snippet:-1, max-image-preview:large, max-video-preview:-1\" \/>\n<link rel=\"canonical\" href=\"https:\/\/akunq.net\/tr\/?p=61796\" \/>\n<meta property=\"og:locale\" content=\"en_US\" \/>\n<meta property=\"og:type\" content=\"article\" \/>\n<meta property=\"og:title\" content=\"Rapor: T\u00fcrkiye&#039;de ba\u011f\u0131ms\u0131z medyaya Google ve Facebook engeli - Bati Ermenistan Ve Bati Ermenileri Sorunlari Ara\u015ftirmalar Merkezi\" \/>\n<meta property=\"og:description\" content=\"Uluslararas\u0131 Bas\u0131n Enstit\u00fcs\u00fc&#8217;n\u00fcn yay\u0131mlad\u0131\u011f\u0131 T\u00fcrkiye raporunu yazan Emre K\u0131z\u0131lkaya, Google ve Facebook&#8217;un T\u00fcrkiye&#8217;de &#8220;iktidar medyas\u0131n\u0131 kay\u0131ran&#8221; uygulamalar\u0131n\u0131n, ba\u011f\u0131ms\u0131z medyay\u0131 bask\u0131layan bir unsur oldu\u011funu s\u00f6yledi. Uluslararas\u0131 Bas\u0131n Enstit\u00fcs\u00fc&#8217;n\u00fcn (IPI) yay\u0131mlad\u0131\u011f\u0131 bir raporda, T\u00fcrkiye&#8217;de ba\u011f\u0131ms\u0131z medya ile iktidara yak\u0131n medya kurulu\u015flar\u0131n\u0131n sahip oldu\u011fu olanaklar ve bu iki gruptaki yay\u0131n organlar\u0131n\u0131n performans\u0131 k\u0131yasland\u0131. Raporda, T\u00fcrkiye&#8217;de say\u0131lar\u0131 artan yeni [&hellip;]\" \/>\n<meta property=\"og:url\" content=\"https:\/\/akunq.net\/tr\/?p=61796\" \/>\n<meta property=\"og:site_name\" content=\"Bati Ermenistan Ve Bati Ermenileri Sorunlari Ara\u015ftirmalar Merkezi\" \/>\n<meta property=\"article:published_time\" content=\"2021-03-05T09:19:28+00:00\" \/>\n<meta property=\"og:image\" content=\"https:\/\/akunq.net\/tr\/wp-content\/uploads\/sites\/6\/2021\/03\/T\u00fcrkiyede-medya.jpg\" \/>\n\t<meta property=\"og:image:width\" content=\"700\" \/>\n\t<meta property=\"og:image:height\" content=\"394\" \/>\n\t<meta property=\"og:image:type\" content=\"image\/jpeg\" \/>\n<meta name=\"author\" content=\"admin\" \/>\n<meta name=\"twitter:card\" content=\"summary_large_image\" \/>\n<meta name=\"twitter:label1\" content=\"Written by\" \/>\n\t<meta name=\"twitter:data1\" content=\"admin\" \/>\n\t<meta name=\"twitter:label2\" content=\"Est. reading time\" \/>\n\t<meta name=\"twitter:data2\" content=\"3 minutes\" \/>\n<script type=\"application\/ld+json\" class=\"yoast-schema-graph\">{\"@context\":\"https:\\\/\\\/schema.org\",\"@graph\":[{\"@type\":\"Article\",\"@id\":\"https:\\\/\\\/akunq.net\\\/tr\\\/?p=61796#article\",\"isPartOf\":{\"@id\":\"https:\\\/\\\/akunq.net\\\/tr\\\/?p=61796\"},\"author\":{\"name\":\"admin\",\"@id\":\"https:\\\/\\\/akunq.net\\\/tr\\\/#\\\/schema\\\/person\\\/096f1d38a12cce57fb855b485ed24c9e\"},\"headline\":\"Rapor: T\u00fcrkiye&#8217;de ba\u011f\u0131ms\u0131z medyaya Google ve Facebook engeli\",\"datePublished\":\"2021-03-05T09:19:28+00:00\",\"mainEntityOfPage\":{\"@id\":\"https:\\\/\\\/akunq.net\\\/tr\\\/?p=61796\"},\"wordCount\":678,\"commentCount\":0,\"image\":{\"@id\":\"https:\\\/\\\/akunq.net\\\/tr\\\/?p=61796#primaryimage\"},\"thumbnailUrl\":\"https:\\\/\\\/akunq.net\\\/tr\\\/wp-content\\\/uploads\\\/sites\\\/6\\\/2021\\\/03\\\/T\u00fcrkiyede-medya.jpg\",\"articleSection\":[\"Haberler\"],\"inLanguage\":\"en-US\",\"potentialAction\":[{\"@type\":\"CommentAction\",\"name\":\"Comment\",\"target\":[\"https:\\\/\\\/akunq.net\\\/tr\\\/?p=61796#respond\"]}]},{\"@type\":\"WebPage\",\"@id\":\"https:\\\/\\\/akunq.net\\\/tr\\\/?p=61796\",\"url\":\"https:\\\/\\\/akunq.net\\\/tr\\\/?p=61796\",\"name\":\"Rapor: T\u00fcrkiye'de ba\u011f\u0131ms\u0131z medyaya Google ve Facebook engeli - Bati Ermenistan Ve Bati Ermenileri Sorunlari Ara\u015ftirmalar Merkezi\",\"isPartOf\":{\"@id\":\"https:\\\/\\\/akunq.net\\\/tr\\\/#website\"},\"primaryImageOfPage\":{\"@id\":\"https:\\\/\\\/akunq.net\\\/tr\\\/?p=61796#primaryimage\"},\"image\":{\"@id\":\"https:\\\/\\\/akunq.net\\\/tr\\\/?p=61796#primaryimage\"},\"thumbnailUrl\":\"https:\\\/\\\/akunq.net\\\/tr\\\/wp-content\\\/uploads\\\/sites\\\/6\\\/2021\\\/03\\\/T\u00fcrkiyede-medya.jpg\",\"datePublished\":\"2021-03-05T09:19:28+00:00\",\"author\":{\"@id\":\"https:\\\/\\\/akunq.net\\\/tr\\\/#\\\/schema\\\/person\\\/096f1d38a12cce57fb855b485ed24c9e\"},\"breadcrumb\":{\"@id\":\"https:\\\/\\\/akunq.net\\\/tr\\\/?p=61796#breadcrumb\"},\"inLanguage\":\"en-US\",\"potentialAction\":[{\"@type\":\"ReadAction\",\"target\":[\"https:\\\/\\\/akunq.net\\\/tr\\\/?p=61796\"]}]},{\"@type\":\"ImageObject\",\"inLanguage\":\"en-US\",\"@id\":\"https:\\\/\\\/akunq.net\\\/tr\\\/?p=61796#primaryimage\",\"url\":\"https:\\\/\\\/akunq.net\\\/tr\\\/wp-content\\\/uploads\\\/sites\\\/6\\\/2021\\\/03\\\/T\u00fcrkiyede-medya.jpg\",\"contentUrl\":\"https:\\\/\\\/akunq.net\\\/tr\\\/wp-content\\\/uploads\\\/sites\\\/6\\\/2021\\\/03\\\/T\u00fcrkiyede-medya.jpg\",\"width\":700,\"height\":394},{\"@type\":\"BreadcrumbList\",\"@id\":\"https:\\\/\\\/akunq.net\\\/tr\\\/?p=61796#breadcrumb\",\"itemListElement\":[{\"@type\":\"ListItem\",\"position\":1,\"name\":\"Home\",\"item\":\"https:\\\/\\\/akunq.net\\\/tr\"},{\"@type\":\"ListItem\",\"position\":2,\"name\":\"Rapor: T\u00fcrkiye&#8217;de ba\u011f\u0131ms\u0131z medyaya Google ve Facebook engeli\"}]},{\"@type\":\"WebSite\",\"@id\":\"https:\\\/\\\/akunq.net\\\/tr\\\/#website\",\"url\":\"https:\\\/\\\/akunq.net\\\/tr\\\/\",\"name\":\"Bati Ermenistan Ve Bati Ermenileri Sorunlari Ara\u015ftirmalar Merkezi\",\"description\":\"\",\"potentialAction\":[{\"@type\":\"SearchAction\",\"target\":{\"@type\":\"EntryPoint\",\"urlTemplate\":\"https:\\\/\\\/akunq.net\\\/tr\\\/?s={search_term_string}\"},\"query-input\":{\"@type\":\"PropertyValueSpecification\",\"valueRequired\":true,\"valueName\":\"search_term_string\"}}],\"inLanguage\":\"en-US\"},{\"@type\":\"Person\",\"@id\":\"https:\\\/\\\/akunq.net\\\/tr\\\/#\\\/schema\\\/person\\\/096f1d38a12cce57fb855b485ed24c9e\",\"name\":\"admin\",\"url\":\"https:\\\/\\\/akunq.net\\\/tr\\\/?author=7\"}]}<\/script>\n<!-- \/ Yoast SEO plugin. -->","yoast_head_json":{"title":"Rapor: T\u00fcrkiye'de ba\u011f\u0131ms\u0131z medyaya Google ve Facebook engeli - Bati Ermenistan Ve Bati Ermenileri Sorunlari Ara\u015ftirmalar Merkezi","robots":{"index":"index","follow":"follow","max-snippet":"max-snippet:-1","max-image-preview":"max-image-preview:large","max-video-preview":"max-video-preview:-1"},"canonical":"https:\/\/akunq.net\/tr\/?p=61796","og_locale":"en_US","og_type":"article","og_title":"Rapor: T\u00fcrkiye'de ba\u011f\u0131ms\u0131z medyaya Google ve Facebook engeli - Bati Ermenistan Ve Bati Ermenileri Sorunlari Ara\u015ftirmalar Merkezi","og_description":"Uluslararas\u0131 Bas\u0131n Enstit\u00fcs\u00fc&#8217;n\u00fcn yay\u0131mlad\u0131\u011f\u0131 T\u00fcrkiye raporunu yazan Emre K\u0131z\u0131lkaya, Google ve Facebook&#8217;un T\u00fcrkiye&#8217;de &#8220;iktidar medyas\u0131n\u0131 kay\u0131ran&#8221; uygulamalar\u0131n\u0131n, ba\u011f\u0131ms\u0131z medyay\u0131 bask\u0131layan bir unsur oldu\u011funu s\u00f6yledi. Uluslararas\u0131 Bas\u0131n Enstit\u00fcs\u00fc&#8217;n\u00fcn (IPI) yay\u0131mlad\u0131\u011f\u0131 bir raporda, T\u00fcrkiye&#8217;de ba\u011f\u0131ms\u0131z medya ile iktidara yak\u0131n medya kurulu\u015flar\u0131n\u0131n sahip oldu\u011fu olanaklar ve bu iki gruptaki yay\u0131n organlar\u0131n\u0131n performans\u0131 k\u0131yasland\u0131. Raporda, T\u00fcrkiye&#8217;de say\u0131lar\u0131 artan yeni [&hellip;]","og_url":"https:\/\/akunq.net\/tr\/?p=61796","og_site_name":"Bati Ermenistan Ve Bati Ermenileri Sorunlari Ara\u015ftirmalar Merkezi","article_published_time":"2021-03-05T09:19:28+00:00","og_image":[{"width":700,"height":394,"url":"https:\/\/akunq.net\/tr\/wp-content\/uploads\/sites\/6\/2021\/03\/T\u00fcrkiyede-medya.jpg","type":"image\/jpeg"}],"author":"admin","twitter_card":"summary_large_image","twitter_misc":{"Written by":"admin","Est. reading time":"3 minutes"},"schema":{"@context":"https:\/\/schema.org","@graph":[{"@type":"Article","@id":"https:\/\/akunq.net\/tr\/?p=61796#article","isPartOf":{"@id":"https:\/\/akunq.net\/tr\/?p=61796"},"author":{"name":"admin","@id":"https:\/\/akunq.net\/tr\/#\/schema\/person\/096f1d38a12cce57fb855b485ed24c9e"},"headline":"Rapor: T\u00fcrkiye&#8217;de ba\u011f\u0131ms\u0131z medyaya Google ve Facebook engeli","datePublished":"2021-03-05T09:19:28+00:00","mainEntityOfPage":{"@id":"https:\/\/akunq.net\/tr\/?p=61796"},"wordCount":678,"commentCount":0,"image":{"@id":"https:\/\/akunq.net\/tr\/?p=61796#primaryimage"},"thumbnailUrl":"https:\/\/akunq.net\/tr\/wp-content\/uploads\/sites\/6\/2021\/03\/T\u00fcrkiyede-medya.jpg","articleSection":["Haberler"],"inLanguage":"en-US","potentialAction":[{"@type":"CommentAction","name":"Comment","target":["https:\/\/akunq.net\/tr\/?p=61796#respond"]}]},{"@type":"WebPage","@id":"https:\/\/akunq.net\/tr\/?p=61796","url":"https:\/\/akunq.net\/tr\/?p=61796","name":"Rapor: T\u00fcrkiye'de ba\u011f\u0131ms\u0131z medyaya Google ve Facebook engeli - Bati Ermenistan Ve Bati Ermenileri Sorunlari Ara\u015ftirmalar Merkezi","isPartOf":{"@id":"https:\/\/akunq.net\/tr\/#website"},"primaryImageOfPage":{"@id":"https:\/\/akunq.net\/tr\/?p=61796#primaryimage"},"image":{"@id":"https:\/\/akunq.net\/tr\/?p=61796#primaryimage"},"thumbnailUrl":"https:\/\/akunq.net\/tr\/wp-content\/uploads\/sites\/6\/2021\/03\/T\u00fcrkiyede-medya.jpg","datePublished":"2021-03-05T09:19:28+00:00","author":{"@id":"https:\/\/akunq.net\/tr\/#\/schema\/person\/096f1d38a12cce57fb855b485ed24c9e"},"breadcrumb":{"@id":"https:\/\/akunq.net\/tr\/?p=61796#breadcrumb"},"inLanguage":"en-US","potentialAction":[{"@type":"ReadAction","target":["https:\/\/akunq.net\/tr\/?p=61796"]}]},{"@type":"ImageObject","inLanguage":"en-US","@id":"https:\/\/akunq.net\/tr\/?p=61796#primaryimage","url":"https:\/\/akunq.net\/tr\/wp-content\/uploads\/sites\/6\/2021\/03\/T\u00fcrkiyede-medya.jpg","contentUrl":"https:\/\/akunq.net\/tr\/wp-content\/uploads\/sites\/6\/2021\/03\/T\u00fcrkiyede-medya.jpg","width":700,"height":394},{"@type":"BreadcrumbList","@id":"https:\/\/akunq.net\/tr\/?p=61796#breadcrumb","itemListElement":[{"@type":"ListItem","position":1,"name":"Home","item":"https:\/\/akunq.net\/tr"},{"@type":"ListItem","position":2,"name":"Rapor: T\u00fcrkiye&#8217;de ba\u011f\u0131ms\u0131z medyaya Google ve Facebook engeli"}]},{"@type":"WebSite","@id":"https:\/\/akunq.net\/tr\/#website","url":"https:\/\/akunq.net\/tr\/","name":"Bati Ermenistan Ve Bati Ermenileri Sorunlari Ara\u015ftirmalar Merkezi","description":"","potentialAction":[{"@type":"SearchAction","target":{"@type":"EntryPoint","urlTemplate":"https:\/\/akunq.net\/tr\/?s={search_term_string}"},"query-input":{"@type":"PropertyValueSpecification","valueRequired":true,"valueName":"search_term_string"}}],"inLanguage":"en-US"},{"@type":"Person","@id":"https:\/\/akunq.net\/tr\/#\/schema\/person\/096f1d38a12cce57fb855b485ed24c9e","name":"admin","url":"https:\/\/akunq.net\/tr\/?author=7"}]}},"_links":{"self":[{"href":"https:\/\/akunq.net\/tr\/index.php?rest_route=\/wp\/v2\/posts\/61796","targetHints":{"allow":["GET"]}}],"collection":[{"href":"https:\/\/akunq.net\/tr\/index.php?rest_route=\/wp\/v2\/posts"}],"about":[{"href":"https:\/\/akunq.net\/tr\/index.php?rest_route=\/wp\/v2\/types\/post"}],"author":[{"embeddable":true,"href":"https:\/\/akunq.net\/tr\/index.php?rest_route=\/wp\/v2\/users\/7"}],"replies":[{"embeddable":true,"href":"https:\/\/akunq.net\/tr\/index.php?rest_route=%2Fwp%2Fv2%2Fcomments&post=61796"}],"version-history":[{"count":1,"href":"https:\/\/akunq.net\/tr\/index.php?rest_route=\/wp\/v2\/posts\/61796\/revisions"}],"predecessor-version":[{"id":61798,"href":"https:\/\/akunq.net\/tr\/index.php?rest_route=\/wp\/v2\/posts\/61796\/revisions\/61798"}],"wp:featuredmedia":[{"embeddable":true,"href":"https:\/\/akunq.net\/tr\/index.php?rest_route=\/wp\/v2\/media\/61797"}],"wp:attachment":[{"href":"https:\/\/akunq.net\/tr\/index.php?rest_route=%2Fwp%2Fv2%2Fmedia&parent=61796"}],"wp:term":[{"taxonomy":"category","embeddable":true,"href":"https:\/\/akunq.net\/tr\/index.php?rest_route=%2Fwp%2Fv2%2Fcategories&post=61796"},{"taxonomy":"post_tag","embeddable":true,"href":"https:\/\/akunq.net\/tr\/index.php?rest_route=%2Fwp%2Fv2%2Ftags&post=61796"}],"curies":[{"name":"wp","href":"https:\/\/api.w.org\/{rel}","templated":true}]}}