{"id":61793,"date":"2021-03-05T04:03:16","date_gmt":"2021-03-05T09:03:16","guid":{"rendered":"https:\/\/akunq.net\/tr\/?p=61793"},"modified":"2021-03-05T04:03:16","modified_gmt":"2021-03-05T09:03:16","slug":"hrant-dink-cinayeti-14-yillik-suikast-davasinin-avukati-anlatiyor","status":"publish","type":"post","link":"https:\/\/akunq.net\/tr\/?p=61793","title":{"rendered":"Hrant Dink Cinayeti: 14 y\u0131ll\u0131k suikast davas\u0131n\u0131n avukat\u0131 anlat\u0131yor"},"content":{"rendered":"<header class=\"o-article__header\">\n<div>\n<h1 class=\"c-article-title u-display-inline u-text-align--start\"><a style=\"font-family: Arial, sans-serif; font-size: 16px; letter-spacing: 0.05em;\" href=\"https:\/\/twitter.com\/euronews\" target=\"_blank\" rel=\"noopener noreferrer\"><b>Dilek Gul<\/b><\/a><time class=\"c-article-date\" style=\"color: #666666; font-family: Arial, sans-serif; font-size: 16px; letter-spacing: 0.05em;\" datetime=\"2021-03-05\" data-timestamp=\"1614927809\"><span class=\"c-article-date__bullet\">\u00a0\u00a0<\/span><\/time><\/h1>\n<\/div>\n<div class=\"jsTopArticle c-article-media js-article-video\" data-sponsored=\"\nsponsorlu\"><\/p>\n<div class=\"jsTopArticleMain\">\n<div class=\"c-video-player u-position-relative u-bgcolor--grey4\">\n<div class=\"c-video-player__container\">\n<div id=\"jsMainMediaArticle\" class=\"u-height-full u-position-absolute u-width-full\">\n<div id=\"pfpPlayer\" class=\"u-height-full u-position-absolute u-width-full\">\n<div class=\"js-player-pfp\" data-player=\"pfp\" data-id=\"euronews-youtube-pfp\" data-google-src=\"https:\/\/apis.google.com\/js\/api.js?onload=googleApiClientReady\" data-video-id=\"VcuXayoVZI0\" data-video-autoplay=\"\" data-video-isembed=\"\" data-sitename=\"euronews\" data-color=\"#003865\" data-related=\"[]\" data-hasads=\"1\" data-src=\"\/build\/7f01597142f3277cf92e-youtube-pfp.js\">\n<div class=\"js-playtrigger c-playtrigger \"><\/div>\n<\/div>\n<\/div>\n<\/div>\n<p><img decoding=\"async\" class=\"c-article-media__img u-max-height-full\" title=\"Hrant Dink cinayetinin y\u0131l d\u00f6n\u00fcm\u00fcnde \u0130stanbul'da d\u00fczenlenen bir eylem, 19 Ocak 2015\" src=\"https:\/\/static.euronews.com\/articles\/stories\/04\/44\/82\/80\/320x180_cmsv2_99d755cd-9767-51bf-8682-43a1cc436175-4448280.jpg\" sizes=\"(max-width: 768px) 100vw, (max-width: 1024px) 100vw, (max-width: 1280px) 100vw, 100vw\" srcset=\"https:\/\/static.euronews.com\/articles\/stories\/04\/44\/82\/80\/320x180_cmsv2_99d755cd-9767-51bf-8682-43a1cc436175-4448280.jpg 320w, https:\/\/static.euronews.com\/articles\/stories\/04\/44\/82\/80\/602x338_cmsv2_99d755cd-9767-51bf-8682-43a1cc436175-4448280.jpg 602w, https:\/\/static.euronews.com\/articles\/stories\/04\/44\/82\/80\/648x364_cmsv2_99d755cd-9767-51bf-8682-43a1cc436175-4448280.jpg 648w, https:\/\/static.euronews.com\/articles\/stories\/04\/44\/82\/80\/773x435_cmsv2_99d755cd-9767-51bf-8682-43a1cc436175-4448280.jpg 773w\" alt=\"Hrant Dink cinayetinin y\u0131l d\u00f6n\u00fcm\u00fcnde \u0130stanbul'da d\u00fczenlenen bir eylem, 19 Ocak 2015\" \/><\/div>\n<\/div>\n<\/div>\n<\/div>\n<\/header>\n<section class=\"row collapse jsBottomArticle u-overflow-visible u-margin-top-medium-down-2 u-margin-top-large-only-3 u-margin-top-xlarge-4\" data-nid=\"996106\" data-cid=\"4448280\" data-related=\"2\">\n<div class=\"column small-12 medium-10 xlarge-11 js-responsive-iframes-container\">\n<div class=\"c-article-content  js-article-content article__content\">\n<p><em>&#8220;Evet kendimi bir g\u00fcvercinin ruh tedirginli\u011fi i\u00e7inde g\u00f6rebilirim, ama biliyorum ki bu \u00fclkede insanlar g\u00fcvercinlere dokunmazlar&#8221;.<\/em><\/p>\n<p><em>Bu son c\u00fcmleleri yazd\u0131ktan sonra, \u0130stanbul\u2019un en kalabal\u0131k caddelerinden birinde \u015ei\u015fli\u2019de gazetesinin \u00f6n\u00fcnde \u00f6ld\u00fcr\u00fcld\u00fc Hrant Dink.<\/em><\/p>\n<h3>Peki Hrand Dink neden \u00f6ld\u00fcr\u00fcld\u00fc?<\/h3>\n<p>Agos Gazetesi\u2019nde ilk kad\u0131n sava\u015f pilotu olan Sabiha G\u00f6k\u00e7en\u2019in 1915\u2019te ya\u015fananlar sonras\u0131nda evlat edinilen Ermeni \u00e7ocuklardan biri oldu\u011funun ileri s\u00fcr\u00fclmesi y\u00fcz\u00fcnden mi?<\/p>\n<p>Gazetede yay\u0131mlanan bu yaz\u0131 ile T\u00fcrkl\u00fc\u011fe mi hakaret etmi\u015fti?<\/p>\n<p>Yoksa &#8216;milliyet\u00e7i duygular\u0131 depre\u015fen bir grup gencin kendilerine hakim olmamas\u0131&#8217; y\u00fcz\u00fcnden mi?<\/p>\n<p>Mahkeme salonunda Og\u00fcn Samast, Yasin Hayal, d\u00f6nemin \u0130stanbul \u0130l Emniyet M\u00fcd\u00fcr\u00fc Celalettin Cerrah, eski \u0130stihbarat Daire Ba\u015fkan\u0131 Engin Din\u00e7, cinayet i\u015flendi\u011fi d\u00f6nem Trabzon \u0130l Emniyet M\u00fcd\u00fcr\u00fc olup \u0130stihbarat Daire Ba\u015fkanl\u0131\u011f\u0131\u2019na y\u00fckselen Ramazan Aky\u00fcrek vard\u0131.<\/p>\n<h3>Bu cinayetle ne gibi ba\u011flant\u0131lar\u0131 vard\u0131, neden mahkeme salonundayd\u0131lar?<\/h3>\n<p>Y\u0131llard\u0131r pe\u015f pe\u015fe yap\u0131lan duru\u015fmalarda, Hrant Dink ailesi ve avukatlar\u0131n\u0131n \u00e7abalar\u0131n\u0131n yan\u0131 s\u0131ra, toplumun bu cinayete g\u00f6sterdi\u011fi hassasiyet ve tepki ile birlikte bu sorular\u0131n yan\u0131tlar\u0131 arand\u0131. Kamu g\u00f6revlilerinin \u00e7o\u011fu yarg\u0131land\u0131.<\/p>\n<p>Ama bu yarg\u0131lamada Hrant Dink kimin meselesiydi, bir t\u00fcrl\u00fc netlik kazanamad\u0131. \u00c7\u00fcnk\u00fc hem \u0130stanbul hem de bir s\u00fcre Trabzon\u2019da g\u00f6r\u00fclen davalarda hi\u00e7bir kamu g\u00f6revlisinin bu cinayetten &#8216;haberi yoktu&#8217;\u2026 Herkes verilen &#8216;talimatlar\u0131 yerine getirmi\u015fti&#8217;.<\/p>\n<h2>&#8216;Devletin istihbarat birimleri cinayetle ilgili bilgi sahibiydi ama Dink\u2019i korumad\u0131lar&#8217;<\/h2>\n<p>Art\u0131k gelinen s\u00fcre\u00e7te bu cinayetle ilgili pek \u00e7ok detay neredeyse hat\u0131rlanm\u0131yor, kimler hangi su\u00e7lamalarla yarg\u0131land\u0131 unutulmak \u00fczere. Peki 14 y\u0131l\u0131n sonunda hi\u00e7bir \u015fey \u00f6\u011frenemedik mi bu cinayete dair?<\/p>\n<p>Dink ailesinin avukat\u0131\u00a0<strong>Hakan Bak\u0131rc\u0131o\u011flu<\/strong>\u2019na sordum bu soruyu. Cinayetin netlik kazanan hususlar\u0131n\u0131 \u015f\u00f6yle s\u0131ral\u0131yor: &#8220;24 \u015eubat 2004\u2019te Hrant Dink ile \u0130stanbul Valili\u011fi\u2019nde, Vali Yard\u0131mc\u0131s\u0131 Ergun G\u00fcng\u00f6r, Mit \u0130stanbul B\u00f6lge Ba\u015fkanl\u0131\u011f\u0131 Ter\u00f6r Daire Ba\u015fkan\u0131 \u00d6zel Y\u0131lmaz ve Mit g\u00f6revlisi Handan Sel\u00e7uk\u2019un da oldu\u011fu bir g\u00f6r\u00fc\u015fme ger\u00e7ekle\u015fiyor. Bu g\u00f6r\u00fc\u015fmenin Genelkurmay Ba\u015fkanl\u0131\u011f\u0131\u2019n\u0131n iste\u011fi ve talimat\u0131 ile ger\u00e7ekle\u015fti\u011fi, organizasyonunun ise Mit M\u00fcste\u015far\u0131 \u015eenkal Atasagun, Mit \u0130stanbul B\u00f6lge Ba\u015fkan\u0131 H\u00fcseyin Kubilay G\u00fcnay ve d\u00f6nemin \u0130stanbul Valisi Muammer G\u00fcler taraf\u0131ndan yap\u0131ld\u0131\u011f\u0131n\u0131 \u00f6\u011frendik.&#8221;<\/p>\n<div class=\"widget widget--type-quotation\n    widget--size-fullwidth\n    widget--align-center\"><\/p>\n<div class=\"widget__wrapper\">\n<div class=\"widget__content\">\n<blockquote class=\"widget__quote\"><p><span class=\"widget__quoteText\">Devletin b\u00fct\u00fcn istihbarat birimlerinin bu cinayete dair ayr\u0131nt\u0131l\u0131 bilgi sahibi olmalar\u0131na ra\u011fmen cinayetin \u00f6n\u00fcne ge\u00e7medikleri, tasarlayanlara y\u00f6nelik operasyonlar yapmad\u0131klar\u0131, Hrant Dink\u2019i korumad\u0131klar\u0131 a\u00e7\u0131\u011fa \u00e7\u0131kt\u0131<\/span><\/p><\/blockquote>\n<\/div>\n<\/div>\n<\/div>\n<p>&#8220;Ayr\u0131ca cinayetten \u00e7ok uzun s\u00fcre \u00f6nce cinayetin karar\u0131n\u0131n al\u0131nd\u0131\u011f\u0131 ve haz\u0131rl\u0131k s\u00fcrecine girildi\u011fine dair, yine devletin b\u00fct\u00fcn istihbarat birimlerinin bu cinayete dair ayr\u0131nt\u0131l\u0131 bilgi sahibi olmalar\u0131na ra\u011fmen cinayetin \u00f6n\u00fcne ge\u00e7medikleri, tasarlayanlara y\u00f6nelik operasyonlar yapmad\u0131klar\u0131, Hrant Dink\u2019i korumad\u0131klar\u0131 a\u00e7\u0131\u011fa \u00e7\u0131kt\u0131. Dink cinayetinde sorumlu olan devlet g\u00f6revlilerinin tamam\u0131n\u0131n ger\u00e7e\u011fe ayk\u0131r\u0131 belge d\u00fczenledikleri ya da cinayetteki sorumluluklar\u0131n\u0131 ortaya koyan belgeleri imha ettikleri ortaya \u00e7\u0131kt\u0131&#8221;.<\/p>\n<h2>&#8216;Cinayetin kimler taraf\u0131ndan organize edildi\u011fi a\u00e7\u0131\u011fa \u00e7\u0131kar\u0131lamad\u0131&#8217;<\/h2>\n<p>Ama bu cinayetin karar\u0131n\u0131n kimler taraf\u0131ndan al\u0131nd\u0131\u011f\u0131, nas\u0131l organize edildi\u011fi bug\u00fcn hala a\u00e7\u0131klanamayan ve ortaya \u00e7\u0131kar\u0131lamayan temel mesele olarak kar\u015f\u0131m\u0131zda duruyor.<\/p>\n<p>Yine Hrant Dink\u2019e y\u00f6nelik lin\u00e7 s\u00fcrecinin de yeterince soru\u015fturulmad\u0131\u011f\u0131 i\u00e7in kimler taraf\u0131ndan, ne \u015fekilde organize edildi\u011fi de a\u00e7\u0131\u011fa \u00e7\u0131kart\u0131lamad\u0131.<\/p>\n<p>Her ne kadar bu sorulara hukuk a\u00e7\u0131s\u0131ndan hala yan\u0131tlar aransa da, avukat Hakan Bak\u0131rc\u0131o\u011flu bu cinayetin ciddi bir yap\u0131 taraf\u0131ndan organize edildi\u011fi kan\u0131s\u0131nda. Bu iddias\u0131yla ilgili de soru\u015fturma s\u00fcresince \u00f6nemli delilleri ortaya koyduklar\u0131n\u0131 ekliyor.<\/p>\n<h2>&#8217;77 san\u0131\u011f\u0131n \u00f6nemli bir k\u0131sm\u0131 devlet g\u00f6revlileri&#8217;<\/h2>\n<p>Hrant Dink suikast\u0131 ile ilgili g\u00f6r\u00fclen duru\u015fmalarda, kamu g\u00f6revlilerinin de olayla ilgili bilgi sahibi olduklar\u0131 ortaya \u00e7\u0131kt\u0131.<\/p>\n<p>&#8220;Kamu g\u00f6revlilerinin de yarg\u0131land\u0131\u011f\u0131 duru\u015fmalarda, devlet yetkililerinin de olayla ilgili bilgi sahibi olduklar\u0131 ve bu cinayete i\u015ftirak ettikleri g\u00f6r\u00fcld\u00fc. Kamu g\u00f6revlilerinin bir k\u0131sm\u0131 cinayetin i\u015flenece\u011fine dair ayr\u0131nt\u0131l\u0131 bilgi sahibi olduklar\u0131 halde, cinayetin i\u015flenmesine olanak k\u0131lmak ad\u0131na \u00f6rg\u00fcte operasyon yapmad\u0131klar\u0131 g\u00f6r\u00fcl\u00fcyor. \u0130ddianamelerde bu hususlar belirtilmi\u015f ve delilleri de \u00f6nemli \u00f6l\u00e7\u00fcde ortaya konulmu\u015f durumda. O nedenle bug\u00fcn yarg\u0131lamalar\u0131 s\u00fcren 77 san\u0131\u011f\u0131n \u00f6nemli bir k\u0131sm\u0131n\u0131 devlet yetkilileri olu\u015fturmakta&#8221; diyor Bak\u0131rc\u0131o\u011flu.<\/p>\n<p>Fakat, \u0130stanbul Cumhuriyet Ba\u015fsavc\u0131l\u0131\u011f\u0131 bir taraftan Hrant Dink\u2019in korunmas\u0131 ve \u00f6rg\u00fcte operasyon yap\u0131lmas\u0131 konusunda \u00f6nemli iddianameler d\u00fczenlerken, M\u0130T \u0130stanbul B\u00f6lge Ba\u015fkanl\u0131\u011f\u0131, M\u0130T Trabzon B\u00f6lge Ba\u015fkanl\u0131\u011f\u0131 ve \u0130stanbul valilik g\u00f6revlileri hakk\u0131nda iddianame d\u00fczenlemedi. Hatta kovu\u015fturmaya yer olmad\u0131\u011f\u0131na karar verildi. Dink avukatlar\u0131n\u0131n Anayasa Mahkemesi de dahil, yapt\u0131klar\u0131 t\u00fcm itirazlar da reddedildi.<\/p>\n<p>Bak\u0131rc\u0131o\u011flu\u2019na g\u00f6re bu eksikliklerden dolay\u0131, yarg\u0131lama b\u00fct\u00fcnl\u00fc\u011f\u00fc i\u00e7ermeyen bir hale d\u00f6n\u00fc\u015ft\u00fc.<\/p>\n<h2>M\u0130T g\u00f6revlileri hakk\u0131nda iddianame d\u00fczenlenmedi<\/h2>\n<p>Yine eksik kalan yanlar\u0131ndan biri de M\u0130T g\u00f6revlilerinin yarg\u0131lanamamas\u0131\u2026 Avukat Hakan Bak\u0131rc\u0131o\u011flu, devletin istihbarat birimlerinin Hrant Dink\u2019e y\u00f6nelik ya\u015fananlar\u0131 yak\u0131ndan izledi\u011fini ve ya\u015fananlara dair raporlar haz\u0131rlad\u0131\u011f\u0131n\u0131 savunuyor.<\/p>\n<p>&#8220;\u0130stihbarat te\u015fkilat\u0131 g\u00f6revlilerinden iki ki\u015finin ifadesi al\u0131nd\u0131. \u00d6zel Y\u0131lmaz ve Handan Sel\u00e7uk. Bu ki\u015filer, \u0130stanbul Valili\u011fi\u2019nde Hrant Dink ile yap\u0131lan g\u00f6r\u00fc\u015fmeye kat\u0131lan ki\u015filerdi. Ve sonras\u0131nda da \u00d6zel Y\u0131lmaz\u2019\u0131n ifadesi 2014 y\u0131l\u0131nda al\u0131nd\u0131. \u00d6zel Y\u0131lmaz bu g\u00f6r\u00fc\u015fmenin Genelkurmay Ba\u015fkanl\u0131\u011f\u0131 taraf\u0131ndan istendi\u011fini ve Mit m\u00fcste\u015far\u0131n\u0131n arand\u0131\u011f\u0131n\u0131 a\u00e7\u0131klad\u0131. Dolay\u0131s\u0131yla \u00d6zel Y\u0131lmaz asl\u0131nda, bu g\u00f6r\u00fc\u015fmenin kim taraf\u0131ndan, nas\u0131l ger\u00e7ekle\u015fti\u011fini b\u00fcy\u00fck \u00f6l\u00e7\u00fcde beyan etmi\u015f oldu. Milli \u0130stihbarat Te\u015fkilat\u0131 g\u00f6revlileri hi\u00e7bir \u015fekilde, \u00d6zel Y\u0131lmaz\u2019\u0131n \u015f\u00fcpheli s\u0131fat\u0131yla ifadesinin al\u0131nm\u0131\u015f olmas\u0131n\u0131 ayr\u0131 tutmak kayd\u0131yla, soru\u015fturulmad\u0131lar&#8221;.<\/p>\n<h2>M\u0130T Trabzon B\u00f6lge Ba\u015fkan\u0131: &#8216;Elinizdeki k\u0131r\u0131nt\u0131 sizi f\u0131r\u0131na g\u00f6t\u00fcr\u00fcr&#8217;<\/h2>\n<p>\u00dcstelik, M\u0130T Trabzon B\u00f6lge Ba\u015fkan\u0131n\u0131n, cinayetle ile ilgili incelemeler yapan Ba\u015fbakanl\u0131k Tefti\u015f kurulu \u00fcyeleri ile yapt\u0131\u011f\u0131 g\u00f6r\u00fc\u015fmede kendisine y\u00f6neltilen &#8220;Elinizde k\u0131r\u0131nt\u0131 da m\u0131 yok?&#8221; sorusuna, &#8220;K\u0131r\u0131nt\u0131 sizi f\u0131r\u0131na g\u00f6t\u00fcr\u00fcr&#8221; yan\u0131t\u0131n\u0131 vermi\u015f olmas\u0131na ra\u011fmen M\u0130T yetkilileri hakk\u0131nda iddianame 13 y\u0131ld\u0131r d\u00fczenlenmedi.<\/p>\n<p>Asl\u0131nda, 2012 y\u0131l\u0131nda Devlet Denetleme Kurulu, Dink cinayetine dair haz\u0131rlad\u0131\u011f\u0131 raporda, &#8216;devletin t\u00fcm g\u00fcvenlik ve istihbarat birimlerinin bilgi sahibi oldu\u011fu, cinayetle ilgili M\u0130T\u2019in bilgi sahibi olmamas\u0131n\u0131n m\u00fcmk\u00fcn olmad\u0131\u011f\u0131n\u0131&#8217; a\u00e7\u0131klad\u0131.<\/p>\n<p>Bu nedenle de Milli \u0130stihbarat Te\u015fkilat\u0131\u2019n\u0131n ar\u015fivlerinde inceleme yap\u0131lmas\u0131n\u0131 istedi ama yine \u0130stanbul Cumhuriyet Ba\u015fsavc\u0131l\u0131\u011f\u0131 taraf\u0131ndan bir inceleme yap\u0131lmad\u0131.<\/p>\n<p><strong>D\u00f6nemin Trabzon Jandarma \u0130stihbarat g\u00f6revlileri Veysal \u015eahin ile Volkan \u015eahin ile Astsubay Okan \u015eim\u015fek tutukland\u0131<\/strong><\/p>\n<p>Dink ailesi avukat\u0131 Hakan Bak\u0131rc\u0131o\u011flu\u2019na g\u00f6re e\u011fer etkin bir soru\u015fturulma y\u00fcr\u00fct\u00fclse, bu yarg\u0131lananlar\u0131n \u00f6tesinde daha b\u00fcy\u00fck bir \u00e7ember ortaya \u00e7\u0131kacak. O nedenle halihaz\u0131rda devam eden yarg\u0131lama s\u00fcreci de belli bir \u00e7er\u00e7eveye oturtuldu.<\/p>\n<p>Davan\u0131n 122&#8217;nci duru\u015fmas\u0131 ge\u00e7en hafta boyunca \u00c7a\u011flayan&#8217;daki \u0130stanbul Adliyesi&#8217;nde, 14&#8217;\u00fcnc\u00fc A\u011f\u0131r Ceza Mahkemesi&#8217;nde g\u00f6r\u00fcld\u00fc.<\/p>\n<p>D\u00f6nemin Trabzon Jandarma \u0130stihbarat g\u00f6revlileri Veysal \u015eahin ile Volkan \u015eahin bu duru\u015fmada tutukland\u0131. Yine ayn\u0131 \u015fubede astsubay olarak g\u00f6rev yapan Okan \u015eim\u015fek\u2019in de cinayetten \u00f6nceden haberi oldu\u011fu gerek\u00e7esiyle tutuklanmas\u0131na karar verildi.<\/p>\n<p>Her duru\u015fmada oldu\u011fu gibi bu duru\u015fmada da baz\u0131 san\u0131klar birbirlerini su\u00e7lamaya devam etti.<\/p>\n<p><em><strong>https:\/\/tr.euronews.com\/2021\/03\/05\/hrant-dink-cinayeti-bir-ermeni-suikast-davasi-neden-13-yil-surer-avukati-anlatiyor-video\u00a0<\/strong><\/em><\/p>\n<\/div>\n<\/div>\n<\/section>\n","protected":false},"excerpt":{"rendered":"<p>Dilek Gul\u00a0\u00a0 &#8220;Evet kendimi bir g\u00fcvercinin ruh tedirginli\u011fi i\u00e7inde g\u00f6rebilirim, ama biliyorum ki bu \u00fclkede insanlar g\u00fcvercinlere dokunmazlar&#8221;. Bu son c\u00fcmleleri yazd\u0131ktan sonra, \u0130stanbul\u2019un en kalabal\u0131k caddelerinden birinde \u015ei\u015fli\u2019de gazetesinin \u00f6n\u00fcnde \u00f6ld\u00fcr\u00fcld\u00fc Hrant Dink. Peki Hrand Dink neden \u00f6ld\u00fcr\u00fcld\u00fc? Agos Gazetesi\u2019nde ilk kad\u0131n sava\u015f pilotu olan Sabiha G\u00f6k\u00e7en\u2019in 1915\u2019te ya\u015fananlar sonras\u0131nda evlat edinilen Ermeni \u00e7ocuklardan [&hellip;]<\/p>\n","protected":false},"author":7,"featured_media":61794,"comment_status":"open","ping_status":"open","sticky":false,"template":"","format":"standard","meta":{"footnotes":""},"categories":[1],"tags":[],"class_list":["post-61793","post","type-post","status-publish","format-standard","has-post-thumbnail","hentry","category-haberler"],"yoast_head":"<!-- This site is optimized with the Yoast SEO plugin v27.4 - https:\/\/yoast.com\/product\/yoast-seo-wordpress\/ -->\n<title>Hrant Dink Cinayeti: 14 y\u0131ll\u0131k suikast davas\u0131n\u0131n avukat\u0131 anlat\u0131yor - Bati Ermenistan Ve Bati Ermenileri Sorunlari Ara\u015ftirmalar Merkezi<\/title>\n<meta name=\"robots\" content=\"index, follow, max-snippet:-1, max-image-preview:large, max-video-preview:-1\" \/>\n<link rel=\"canonical\" href=\"https:\/\/akunq.net\/tr\/?p=61793\" \/>\n<meta property=\"og:locale\" content=\"en_US\" \/>\n<meta property=\"og:type\" content=\"article\" \/>\n<meta property=\"og:title\" content=\"Hrant Dink Cinayeti: 14 y\u0131ll\u0131k suikast davas\u0131n\u0131n avukat\u0131 anlat\u0131yor - Bati Ermenistan Ve Bati Ermenileri Sorunlari Ara\u015ftirmalar Merkezi\" \/>\n<meta property=\"og:description\" content=\"Dilek Gul\u00a0\u00a0 &#8220;Evet kendimi bir g\u00fcvercinin ruh tedirginli\u011fi i\u00e7inde g\u00f6rebilirim, ama biliyorum ki bu \u00fclkede insanlar g\u00fcvercinlere dokunmazlar&#8221;. Bu son c\u00fcmleleri yazd\u0131ktan sonra, \u0130stanbul\u2019un en kalabal\u0131k caddelerinden birinde \u015ei\u015fli\u2019de gazetesinin \u00f6n\u00fcnde \u00f6ld\u00fcr\u00fcld\u00fc Hrant Dink. Peki Hrand Dink neden \u00f6ld\u00fcr\u00fcld\u00fc? Agos Gazetesi\u2019nde ilk kad\u0131n sava\u015f pilotu olan Sabiha G\u00f6k\u00e7en\u2019in 1915\u2019te ya\u015fananlar sonras\u0131nda evlat edinilen Ermeni \u00e7ocuklardan [&hellip;]\" \/>\n<meta property=\"og:url\" content=\"https:\/\/akunq.net\/tr\/?p=61793\" \/>\n<meta property=\"og:site_name\" content=\"Bati Ermenistan Ve Bati Ermenileri Sorunlari Ara\u015ftirmalar Merkezi\" \/>\n<meta property=\"article:published_time\" content=\"2021-03-05T09:03:16+00:00\" \/>\n<meta property=\"og:image\" content=\"https:\/\/akunq.net\/tr\/wp-content\/uploads\/sites\/6\/2021\/03\/Hrant-Dink-Cinayeti.jpg\" \/>\n\t<meta property=\"og:image:width\" content=\"865\" \/>\n\t<meta property=\"og:image:height\" content=\"487\" \/>\n\t<meta property=\"og:image:type\" content=\"image\/jpeg\" \/>\n<meta name=\"author\" content=\"admin\" \/>\n<meta name=\"twitter:card\" content=\"summary_large_image\" \/>\n<meta name=\"twitter:label1\" content=\"Written by\" \/>\n\t<meta name=\"twitter:data1\" content=\"admin\" \/>\n\t<meta name=\"twitter:label2\" content=\"Est. reading time\" \/>\n\t<meta name=\"twitter:data2\" content=\"7 minutes\" \/>\n<script type=\"application\/ld+json\" class=\"yoast-schema-graph\">{\"@context\":\"https:\\\/\\\/schema.org\",\"@graph\":[{\"@type\":\"Article\",\"@id\":\"https:\\\/\\\/akunq.net\\\/tr\\\/?p=61793#article\",\"isPartOf\":{\"@id\":\"https:\\\/\\\/akunq.net\\\/tr\\\/?p=61793\"},\"author\":{\"name\":\"admin\",\"@id\":\"https:\\\/\\\/akunq.net\\\/tr\\\/#\\\/schema\\\/person\\\/096f1d38a12cce57fb855b485ed24c9e\"},\"headline\":\"Hrant Dink Cinayeti: 14 y\u0131ll\u0131k suikast davas\u0131n\u0131n avukat\u0131 anlat\u0131yor\",\"datePublished\":\"2021-03-05T09:03:16+00:00\",\"mainEntityOfPage\":{\"@id\":\"https:\\\/\\\/akunq.net\\\/tr\\\/?p=61793\"},\"wordCount\":1417,\"commentCount\":0,\"image\":{\"@id\":\"https:\\\/\\\/akunq.net\\\/tr\\\/?p=61793#primaryimage\"},\"thumbnailUrl\":\"https:\\\/\\\/akunq.net\\\/tr\\\/wp-content\\\/uploads\\\/sites\\\/6\\\/2021\\\/03\\\/Hrant-Dink-Cinayeti.jpg\",\"articleSection\":[\"Haberler\"],\"inLanguage\":\"en-US\",\"potentialAction\":[{\"@type\":\"CommentAction\",\"name\":\"Comment\",\"target\":[\"https:\\\/\\\/akunq.net\\\/tr\\\/?p=61793#respond\"]}]},{\"@type\":\"WebPage\",\"@id\":\"https:\\\/\\\/akunq.net\\\/tr\\\/?p=61793\",\"url\":\"https:\\\/\\\/akunq.net\\\/tr\\\/?p=61793\",\"name\":\"Hrant Dink Cinayeti: 14 y\u0131ll\u0131k suikast davas\u0131n\u0131n avukat\u0131 anlat\u0131yor - Bati Ermenistan Ve Bati Ermenileri Sorunlari Ara\u015ftirmalar Merkezi\",\"isPartOf\":{\"@id\":\"https:\\\/\\\/akunq.net\\\/tr\\\/#website\"},\"primaryImageOfPage\":{\"@id\":\"https:\\\/\\\/akunq.net\\\/tr\\\/?p=61793#primaryimage\"},\"image\":{\"@id\":\"https:\\\/\\\/akunq.net\\\/tr\\\/?p=61793#primaryimage\"},\"thumbnailUrl\":\"https:\\\/\\\/akunq.net\\\/tr\\\/wp-content\\\/uploads\\\/sites\\\/6\\\/2021\\\/03\\\/Hrant-Dink-Cinayeti.jpg\",\"datePublished\":\"2021-03-05T09:03:16+00:00\",\"author\":{\"@id\":\"https:\\\/\\\/akunq.net\\\/tr\\\/#\\\/schema\\\/person\\\/096f1d38a12cce57fb855b485ed24c9e\"},\"breadcrumb\":{\"@id\":\"https:\\\/\\\/akunq.net\\\/tr\\\/?p=61793#breadcrumb\"},\"inLanguage\":\"en-US\",\"potentialAction\":[{\"@type\":\"ReadAction\",\"target\":[\"https:\\\/\\\/akunq.net\\\/tr\\\/?p=61793\"]}]},{\"@type\":\"ImageObject\",\"inLanguage\":\"en-US\",\"@id\":\"https:\\\/\\\/akunq.net\\\/tr\\\/?p=61793#primaryimage\",\"url\":\"https:\\\/\\\/akunq.net\\\/tr\\\/wp-content\\\/uploads\\\/sites\\\/6\\\/2021\\\/03\\\/Hrant-Dink-Cinayeti.jpg\",\"contentUrl\":\"https:\\\/\\\/akunq.net\\\/tr\\\/wp-content\\\/uploads\\\/sites\\\/6\\\/2021\\\/03\\\/Hrant-Dink-Cinayeti.jpg\",\"width\":865,\"height\":487},{\"@type\":\"BreadcrumbList\",\"@id\":\"https:\\\/\\\/akunq.net\\\/tr\\\/?p=61793#breadcrumb\",\"itemListElement\":[{\"@type\":\"ListItem\",\"position\":1,\"name\":\"Home\",\"item\":\"https:\\\/\\\/akunq.net\\\/tr\"},{\"@type\":\"ListItem\",\"position\":2,\"name\":\"Hrant Dink Cinayeti: 14 y\u0131ll\u0131k suikast davas\u0131n\u0131n avukat\u0131 anlat\u0131yor\"}]},{\"@type\":\"WebSite\",\"@id\":\"https:\\\/\\\/akunq.net\\\/tr\\\/#website\",\"url\":\"https:\\\/\\\/akunq.net\\\/tr\\\/\",\"name\":\"Bati Ermenistan Ve Bati Ermenileri Sorunlari Ara\u015ftirmalar Merkezi\",\"description\":\"\",\"potentialAction\":[{\"@type\":\"SearchAction\",\"target\":{\"@type\":\"EntryPoint\",\"urlTemplate\":\"https:\\\/\\\/akunq.net\\\/tr\\\/?s={search_term_string}\"},\"query-input\":{\"@type\":\"PropertyValueSpecification\",\"valueRequired\":true,\"valueName\":\"search_term_string\"}}],\"inLanguage\":\"en-US\"},{\"@type\":\"Person\",\"@id\":\"https:\\\/\\\/akunq.net\\\/tr\\\/#\\\/schema\\\/person\\\/096f1d38a12cce57fb855b485ed24c9e\",\"name\":\"admin\",\"url\":\"https:\\\/\\\/akunq.net\\\/tr\\\/?author=7\"}]}<\/script>\n<!-- \/ Yoast SEO plugin. -->","yoast_head_json":{"title":"Hrant Dink Cinayeti: 14 y\u0131ll\u0131k suikast davas\u0131n\u0131n avukat\u0131 anlat\u0131yor - Bati Ermenistan Ve Bati Ermenileri Sorunlari Ara\u015ftirmalar Merkezi","robots":{"index":"index","follow":"follow","max-snippet":"max-snippet:-1","max-image-preview":"max-image-preview:large","max-video-preview":"max-video-preview:-1"},"canonical":"https:\/\/akunq.net\/tr\/?p=61793","og_locale":"en_US","og_type":"article","og_title":"Hrant Dink Cinayeti: 14 y\u0131ll\u0131k suikast davas\u0131n\u0131n avukat\u0131 anlat\u0131yor - Bati Ermenistan Ve Bati Ermenileri Sorunlari Ara\u015ftirmalar Merkezi","og_description":"Dilek Gul\u00a0\u00a0 &#8220;Evet kendimi bir g\u00fcvercinin ruh tedirginli\u011fi i\u00e7inde g\u00f6rebilirim, ama biliyorum ki bu \u00fclkede insanlar g\u00fcvercinlere dokunmazlar&#8221;. Bu son c\u00fcmleleri yazd\u0131ktan sonra, \u0130stanbul\u2019un en kalabal\u0131k caddelerinden birinde \u015ei\u015fli\u2019de gazetesinin \u00f6n\u00fcnde \u00f6ld\u00fcr\u00fcld\u00fc Hrant Dink. Peki Hrand Dink neden \u00f6ld\u00fcr\u00fcld\u00fc? Agos Gazetesi\u2019nde ilk kad\u0131n sava\u015f pilotu olan Sabiha G\u00f6k\u00e7en\u2019in 1915\u2019te ya\u015fananlar sonras\u0131nda evlat edinilen Ermeni \u00e7ocuklardan [&hellip;]","og_url":"https:\/\/akunq.net\/tr\/?p=61793","og_site_name":"Bati Ermenistan Ve Bati Ermenileri Sorunlari Ara\u015ftirmalar Merkezi","article_published_time":"2021-03-05T09:03:16+00:00","og_image":[{"width":865,"height":487,"url":"https:\/\/akunq.net\/tr\/wp-content\/uploads\/sites\/6\/2021\/03\/Hrant-Dink-Cinayeti.jpg","type":"image\/jpeg"}],"author":"admin","twitter_card":"summary_large_image","twitter_misc":{"Written by":"admin","Est. reading time":"7 minutes"},"schema":{"@context":"https:\/\/schema.org","@graph":[{"@type":"Article","@id":"https:\/\/akunq.net\/tr\/?p=61793#article","isPartOf":{"@id":"https:\/\/akunq.net\/tr\/?p=61793"},"author":{"name":"admin","@id":"https:\/\/akunq.net\/tr\/#\/schema\/person\/096f1d38a12cce57fb855b485ed24c9e"},"headline":"Hrant Dink Cinayeti: 14 y\u0131ll\u0131k suikast davas\u0131n\u0131n avukat\u0131 anlat\u0131yor","datePublished":"2021-03-05T09:03:16+00:00","mainEntityOfPage":{"@id":"https:\/\/akunq.net\/tr\/?p=61793"},"wordCount":1417,"commentCount":0,"image":{"@id":"https:\/\/akunq.net\/tr\/?p=61793#primaryimage"},"thumbnailUrl":"https:\/\/akunq.net\/tr\/wp-content\/uploads\/sites\/6\/2021\/03\/Hrant-Dink-Cinayeti.jpg","articleSection":["Haberler"],"inLanguage":"en-US","potentialAction":[{"@type":"CommentAction","name":"Comment","target":["https:\/\/akunq.net\/tr\/?p=61793#respond"]}]},{"@type":"WebPage","@id":"https:\/\/akunq.net\/tr\/?p=61793","url":"https:\/\/akunq.net\/tr\/?p=61793","name":"Hrant Dink Cinayeti: 14 y\u0131ll\u0131k suikast davas\u0131n\u0131n avukat\u0131 anlat\u0131yor - Bati Ermenistan Ve Bati Ermenileri Sorunlari Ara\u015ftirmalar Merkezi","isPartOf":{"@id":"https:\/\/akunq.net\/tr\/#website"},"primaryImageOfPage":{"@id":"https:\/\/akunq.net\/tr\/?p=61793#primaryimage"},"image":{"@id":"https:\/\/akunq.net\/tr\/?p=61793#primaryimage"},"thumbnailUrl":"https:\/\/akunq.net\/tr\/wp-content\/uploads\/sites\/6\/2021\/03\/Hrant-Dink-Cinayeti.jpg","datePublished":"2021-03-05T09:03:16+00:00","author":{"@id":"https:\/\/akunq.net\/tr\/#\/schema\/person\/096f1d38a12cce57fb855b485ed24c9e"},"breadcrumb":{"@id":"https:\/\/akunq.net\/tr\/?p=61793#breadcrumb"},"inLanguage":"en-US","potentialAction":[{"@type":"ReadAction","target":["https:\/\/akunq.net\/tr\/?p=61793"]}]},{"@type":"ImageObject","inLanguage":"en-US","@id":"https:\/\/akunq.net\/tr\/?p=61793#primaryimage","url":"https:\/\/akunq.net\/tr\/wp-content\/uploads\/sites\/6\/2021\/03\/Hrant-Dink-Cinayeti.jpg","contentUrl":"https:\/\/akunq.net\/tr\/wp-content\/uploads\/sites\/6\/2021\/03\/Hrant-Dink-Cinayeti.jpg","width":865,"height":487},{"@type":"BreadcrumbList","@id":"https:\/\/akunq.net\/tr\/?p=61793#breadcrumb","itemListElement":[{"@type":"ListItem","position":1,"name":"Home","item":"https:\/\/akunq.net\/tr"},{"@type":"ListItem","position":2,"name":"Hrant Dink Cinayeti: 14 y\u0131ll\u0131k suikast davas\u0131n\u0131n avukat\u0131 anlat\u0131yor"}]},{"@type":"WebSite","@id":"https:\/\/akunq.net\/tr\/#website","url":"https:\/\/akunq.net\/tr\/","name":"Bati Ermenistan Ve Bati Ermenileri Sorunlari Ara\u015ftirmalar Merkezi","description":"","potentialAction":[{"@type":"SearchAction","target":{"@type":"EntryPoint","urlTemplate":"https:\/\/akunq.net\/tr\/?s={search_term_string}"},"query-input":{"@type":"PropertyValueSpecification","valueRequired":true,"valueName":"search_term_string"}}],"inLanguage":"en-US"},{"@type":"Person","@id":"https:\/\/akunq.net\/tr\/#\/schema\/person\/096f1d38a12cce57fb855b485ed24c9e","name":"admin","url":"https:\/\/akunq.net\/tr\/?author=7"}]}},"_links":{"self":[{"href":"https:\/\/akunq.net\/tr\/index.php?rest_route=\/wp\/v2\/posts\/61793","targetHints":{"allow":["GET"]}}],"collection":[{"href":"https:\/\/akunq.net\/tr\/index.php?rest_route=\/wp\/v2\/posts"}],"about":[{"href":"https:\/\/akunq.net\/tr\/index.php?rest_route=\/wp\/v2\/types\/post"}],"author":[{"embeddable":true,"href":"https:\/\/akunq.net\/tr\/index.php?rest_route=\/wp\/v2\/users\/7"}],"replies":[{"embeddable":true,"href":"https:\/\/akunq.net\/tr\/index.php?rest_route=%2Fwp%2Fv2%2Fcomments&post=61793"}],"version-history":[{"count":1,"href":"https:\/\/akunq.net\/tr\/index.php?rest_route=\/wp\/v2\/posts\/61793\/revisions"}],"predecessor-version":[{"id":61795,"href":"https:\/\/akunq.net\/tr\/index.php?rest_route=\/wp\/v2\/posts\/61793\/revisions\/61795"}],"wp:featuredmedia":[{"embeddable":true,"href":"https:\/\/akunq.net\/tr\/index.php?rest_route=\/wp\/v2\/media\/61794"}],"wp:attachment":[{"href":"https:\/\/akunq.net\/tr\/index.php?rest_route=%2Fwp%2Fv2%2Fmedia&parent=61793"}],"wp:term":[{"taxonomy":"category","embeddable":true,"href":"https:\/\/akunq.net\/tr\/index.php?rest_route=%2Fwp%2Fv2%2Fcategories&post=61793"},{"taxonomy":"post_tag","embeddable":true,"href":"https:\/\/akunq.net\/tr\/index.php?rest_route=%2Fwp%2Fv2%2Ftags&post=61793"}],"curies":[{"name":"wp","href":"https:\/\/api.w.org\/{rel}","templated":true}]}}