{"id":61790,"date":"2021-03-05T03:49:45","date_gmt":"2021-03-05T08:49:45","guid":{"rendered":"https:\/\/akunq.net\/tr\/?p=61790"},"modified":"2021-03-05T03:49:45","modified_gmt":"2021-03-05T08:49:45","slug":"helikopter-kazasi-tatvanda-askeri-helikopter-dustu-11-asker-hayatini-kaybetti","status":"publish","type":"post","link":"https:\/\/akunq.net\/tr\/?p=61790","title":{"rendered":"Helikopter kazas\u0131: Tatvan&#8217;da askeri helikopter d\u00fc\u015ft\u00fc, 11 asker hayat\u0131n\u0131 kaybetti"},"content":{"rendered":"<div class=\"bbc-1unnq9o-GridComponent e57qer20\" dir=\"ltr\">\n<p dir=\"ltr\"><img loading=\"lazy\" decoding=\"async\" class=\"aligncenter size-medium wp-image-61791\" src=\"https:\/\/akunq.net\/tr\/wp-content\/uploads\/2021\/03\/\u0539\u0578\u0582\u0580\u0584\u056b\u0561\u0575\u0578\u0582\u0574-\u057c\u0561\u0566\u0574\u0561\u056f\u0561\u0576-\u0578\u0582\u0572\u0572\u0561\u0569\u056b\u057c-360x242.jpg\" alt=\"\" width=\"360\" height=\"242\" srcset=\"https:\/\/akunq.net\/tr\/wp-content\/uploads\/sites\/6\/2021\/03\/\u0539\u0578\u0582\u0580\u0584\u056b\u0561\u0575\u0578\u0582\u0574-\u057c\u0561\u0566\u0574\u0561\u056f\u0561\u0576-\u0578\u0582\u0572\u0572\u0561\u0569\u056b\u057c-360x242.jpg 360w, https:\/\/akunq.net\/tr\/wp-content\/uploads\/sites\/6\/2021\/03\/\u0539\u0578\u0582\u0580\u0584\u056b\u0561\u0575\u0578\u0582\u0574-\u057c\u0561\u0566\u0574\u0561\u056f\u0561\u0576-\u0578\u0582\u0572\u0572\u0561\u0569\u056b\u057c-560x376.jpg 560w, https:\/\/akunq.net\/tr\/wp-content\/uploads\/sites\/6\/2021\/03\/\u0539\u0578\u0582\u0580\u0584\u056b\u0561\u0575\u0578\u0582\u0574-\u057c\u0561\u0566\u0574\u0561\u056f\u0561\u0576-\u0578\u0582\u0572\u0572\u0561\u0569\u056b\u057c-260x175.jpg 260w, https:\/\/akunq.net\/tr\/wp-content\/uploads\/sites\/6\/2021\/03\/\u0539\u0578\u0582\u0580\u0584\u056b\u0561\u0575\u0578\u0582\u0574-\u057c\u0561\u0566\u0574\u0561\u056f\u0561\u0576-\u0578\u0582\u0572\u0572\u0561\u0569\u056b\u057c-160x107.jpg 160w, https:\/\/akunq.net\/tr\/wp-content\/uploads\/sites\/6\/2021\/03\/\u0539\u0578\u0582\u0580\u0584\u056b\u0561\u0575\u0578\u0582\u0574-\u057c\u0561\u0566\u0574\u0561\u056f\u0561\u0576-\u0578\u0582\u0572\u0572\u0561\u0569\u056b\u057c.jpg 670w\" sizes=\"auto, (max-width: 360px) 100vw, 360px\" \/><\/p>\n<p class=\"bbc-1kju7ke-Paragraph e1cc2ql70\" dir=\"ltr\"><em><b>Bing\u00f6l&#8217;den Tatvan&#8217;a giden askeri helikopter, Bitlis&#8217;te d\u00fc\u015ft\u00fc. Milli Savunma Bakanl\u0131\u011f\u0131 (MSB), kaza sonras\u0131 yapt\u0131\u011f\u0131 ilk a\u00e7\u0131klamada 9 askerin hayat\u0131n\u0131 kaybetti\u011fini, 4 askerin de yaraland\u0131\u011f\u0131n\u0131 a\u00e7\u0131klad\u0131.<\/b><\/em><\/p>\n<\/div>\n<div class=\"bbc-1unnq9o-GridComponent e57qer20\" dir=\"ltr\">\n<p class=\"bbc-1kju7ke-Paragraph e1cc2ql70\" dir=\"ltr\">Daha sonra yap\u0131lan iki ayr\u0131 a\u00e7\u0131klamada ise hastaneye kald\u0131r\u0131lan askerlerden ikisinin daha ya\u015fam\u0131n\u0131 yitirdi\u011fi belirtildi.<\/p>\n<\/div>\n<div class=\"bbc-1unnq9o-GridComponent e57qer20\" dir=\"ltr\">\n<p class=\"bbc-1kju7ke-Paragraph e1cc2ql70\" dir=\"ltr\">Hayat\u0131n\u0131 kaybeden 11 askerin Bitlis Tatvan Devlet Hastanesi&#8217;ndeki otopsi i\u015flemleri tamamland\u0131.<\/p>\n<\/div>\n<div class=\"bbc-1unnq9o-GridComponent e57qer20\" dir=\"ltr\">\n<p class=\"bbc-1kju7ke-Paragraph e1cc2ql70\" dir=\"ltr\">Sabah saatlerinde ise Elaz\u0131\u011f&#8217;da hayat\u0131n\u0131 kaybeden askerler i\u00e7in bir t\u00f6ren d\u00fczenlendi. T\u00f6renin ard\u0131ndan hayat\u0131n\u0131 kaybeden askerlerin cenazeleri memleketlerine g\u00f6nderilecek.<\/p>\n<p dir=\"ltr\">\u0130ncelemelerde bulunmak \u00fczere Bitlis&#8217;e giden Milli Savunma Bakan\u0131 Hulusi Akar, &#8220;\u0130lk bilgilere ve g\u00f6rg\u00fc tan\u0131klar\u0131n\u0131n ifadelerine g\u00f6re kazan\u0131n ani de\u011fi\u015fim g\u00f6steren olumsuz hava \u015fartlar\u0131 nedeniyle meydana geldi\u011fi de\u011ferlendirilmektedir&#8221; dedi.<\/p>\n<div class=\"bbc-1unnq9o-GridComponent e57qer20\" dir=\"ltr\">\n<p class=\"bbc-1kju7ke-Paragraph e1cc2ql70\" dir=\"ltr\">MSB&#8217;den yap\u0131lan ilk a\u00e7\u0131klamada, arama \u00e7al\u0131\u015fmalar\u0131 sonucu helikopterin kaza k\u0131r\u0131ma u\u011frad\u0131\u011f\u0131n\u0131n tespit edildi\u011fi belirtildi.<\/p>\n<\/div>\n<div class=\"bbc-1unnq9o-GridComponent e57qer20\" dir=\"ltr\">\n<p class=\"bbc-1kju7ke-Paragraph e1cc2ql70\" dir=\"ltr\">A\u00e7\u0131klamada ayr\u0131ca, kaza sonras\u0131 b\u00f6lgede \u0130HA, CN-235 u\u00e7a\u011f\u0131 ve bir helikopter ile arama \u00e7al\u0131\u015fmalar\u0131na derhal ba\u015fland\u0131\u011f\u0131 kaydedildi ve &#8220;Yaral\u0131 personelimizin hastaneye sevk edilmelerine y\u00f6nelik \u00e7al\u0131\u015fmalar devam etmektedir&#8221; denildi.<\/p>\n<div class=\"bbc-1unnq9o-GridComponent e57qer20\" dir=\"ltr\">\n<p id=\"Erdo\u011fandan-Korgeneral-Osman-Erba\u015f\u0131n-ailesine-taziye-\" class=\"bbc-4qzrek-SubHeading e14hemmw0\" tabindex=\"-1\"><strong>Erdo\u011fan&#8217;dan Korgeneral Osman Erba\u015f&#8217;\u0131n ailesine taziye<\/strong><\/p>\n<\/div>\n<div class=\"bbc-1unnq9o-GridComponent e57qer20\" dir=\"ltr\">\n<p class=\"bbc-1kju7ke-Paragraph e1cc2ql70\" dir=\"ltr\">Kazada hayat\u0131n\u0131 kaybedenler aras\u0131nda Elaz\u0131\u011f 8. Kolordu Komutan\u0131 Korgeneral Osman Erba\u015f&#8217;\u0131n da oldu\u011fu bildirildi.<\/p>\n<\/div>\n<div class=\"bbc-1unnq9o-GridComponent e57qer20\" dir=\"ltr\">\n<p class=\"bbc-1kju7ke-Paragraph e1cc2ql70\" dir=\"ltr\">Cumhurba\u015fkan\u0131 Recep Tayyip Erdo\u011fan, Korgeneral Erba\u015f&#8217;\u0131n o\u011flu Yi\u011fitalp Erba\u015f ile telefonda g\u00f6r\u00fc\u015ferek taziyelerini iletti.<\/p>\n<\/div>\n<div class=\"bbc-1unnq9o-GridComponent e57qer20\" dir=\"ltr\">\n<p class=\"bbc-1kju7ke-Paragraph e1cc2ql70\" dir=\"ltr\">Cumhurba\u015fkanl\u0131\u011f\u0131&#8217;ndan yap\u0131lan a\u00e7\u0131klamada, &#8220;Cumhurba\u015fkan\u0131 Erdo\u011fan, g\u00f6r\u00fc\u015fmede, \u00fclkeye ve millete \u00f6nemli hizmetlerde bulunan Korgeneral Osman Erba\u015f&#8217;\u0131n elim bir kazada hayat\u0131n\u0131 kaybetmesinden b\u00fcy\u00fck \u00fcz\u00fcnt\u00fc duydu\u011funu ifade ederek, \u015fehit komutana Allah&#8217;tan rahmet, ailesine ve sevenlerine ba\u015fsa\u011fl\u0131\u011f\u0131 diledi&#8221; denildi.<\/p>\n<\/div>\n<div class=\"bbc-1unnq9o-GridComponent e57qer20\" dir=\"ltr\">\n<p class=\"bbc-1kju7ke-Paragraph e1cc2ql70\" dir=\"ltr\">Milli Savunma Bakan\u0131 Hulusi Akar, beraberinde Genelkurmay Ba\u015fkan\u0131 Orgeneral Ya\u015far G\u00fcler ve Kara Kuvvetleri Komutan\u0131 Orgeneral \u00dcmit D\u00fcndar ile incelemelerde bulunmak \u00fczere Bitlis&#8217;e gitti.<\/p>\n<\/div>\n<div class=\"bbc-1unnq9o-GridComponent e57qer20\" dir=\"ltr\">\n<p id=\"Erdo\u011fan-Akardan-bilgi-ald\u0131\" class=\"bbc-4qzrek-SubHeading e14hemmw0\" tabindex=\"-1\"><strong>Erdo\u011fan, Akar&#8217;dan bilgi ald\u0131<\/strong><\/p>\n<\/div>\n<div class=\"bbc-1unnq9o-GridComponent e57qer20\" dir=\"ltr\">\n<p class=\"bbc-1kju7ke-Paragraph e1cc2ql70\" dir=\"ltr\">Cumhurba\u015fkan\u0131 Recep Tayyip Erdo\u011fan, kazayla ilgili olarak Milli Savunma Bakan\u0131 Hulusi Akar&#8217;dan bilgi ald\u0131.<\/p>\n<\/div>\n<div class=\"bbc-1unnq9o-GridComponent e57qer20\" dir=\"ltr\">\n<p class=\"bbc-1kju7ke-Paragraph e1cc2ql70\" dir=\"ltr\">Cumhurba\u015fkanl\u0131\u011f\u0131ndan yap\u0131lan a\u00e7\u0131klamada, &#8220;Kazan\u0131n duyuldu\u011fu ilk andan itibaren arama kurtarma \u00e7al\u0131\u015fmalar\u0131n\u0131 yak\u0131ndan takip eden Cumhurba\u015fkan\u0131 Erdo\u011fan, \u015fehitlere Allah&#8217;tan rahmet, ailelerine ve T\u00fcrk Silahl\u0131 Kuvvetlerine ba\u015fsa\u011fl\u0131\u011f\u0131 diledi, yaral\u0131 askerlere \u015fifa temennisinde bulundu&#8221; denildi.<\/p>\n<\/div>\n<div class=\"bbc-1unnq9o-GridComponent e57qer20\" dir=\"ltr\">\n<p class=\"bbc-1kju7ke-Paragraph e1cc2ql70\" dir=\"ltr\"><b>NATO Genel Sekreteri&#8217;nden taziye<\/b><\/p>\n<\/div>\n<div class=\"bbc-1unnq9o-GridComponent e57qer20\" dir=\"ltr\">\n<p class=\"bbc-1kju7ke-Paragraph e1cc2ql70\" dir=\"ltr\">NATO Genel Sekreteri Jens Stoltenberg, D\u0131\u015fi\u015fleri Bakan\u0131 Mevl\u00fct \u00c7avu\u015fo\u011flu&#8217;nu arayarak, helikopter kazas\u0131ndan dolay\u0131 taziyelerini iletti.<\/p>\n<\/div>\n<div class=\"bbc-1unnq9o-GridComponent e57qer20\" dir=\"ltr\">\n<p class=\"bbc-1kju7ke-Paragraph e1cc2ql70\" dir=\"ltr\">T\u00fcrkiye&#8217;deki yabanc\u0131 misyon temsilcileri de ba\u015fsa\u011fl\u0131\u011f\u0131 dileklerini iletti.<\/p>\n<\/div>\n<div class=\"bbc-1unnq9o-GridComponent e57qer20\" dir=\"ltr\">\n<p class=\"bbc-1kju7ke-Paragraph e1cc2ql70\" dir=\"ltr\">Kaza sonras\u0131 siyasi partiler ve liderler ba\u015fsa\u011fl\u0131\u011f\u0131 mesajlar\u0131 payla\u015ft\u0131.<\/p>\n<p><em><strong>https:\/\/www.bbc.com\/turkce\/haberler-turkiye-56278845\u00a0<\/strong><\/em><\/p>\n<\/div>\n<\/div>\n<\/div>\n","protected":false},"excerpt":{"rendered":"<p>Bing\u00f6l&#8217;den Tatvan&#8217;a giden askeri helikopter, Bitlis&#8217;te d\u00fc\u015ft\u00fc. Milli Savunma Bakanl\u0131\u011f\u0131 (MSB), kaza sonras\u0131 yapt\u0131\u011f\u0131 ilk a\u00e7\u0131klamada 9 askerin hayat\u0131n\u0131 kaybetti\u011fini, 4 askerin de yaraland\u0131\u011f\u0131n\u0131 a\u00e7\u0131klad\u0131. Daha sonra yap\u0131lan iki ayr\u0131 a\u00e7\u0131klamada ise hastaneye kald\u0131r\u0131lan askerlerden ikisinin daha ya\u015fam\u0131n\u0131 yitirdi\u011fi belirtildi. Hayat\u0131n\u0131 kaybeden 11 askerin Bitlis Tatvan Devlet Hastanesi&#8217;ndeki otopsi i\u015flemleri tamamland\u0131. Sabah saatlerinde ise Elaz\u0131\u011f&#8217;da [&hellip;]<\/p>\n","protected":false},"author":7,"featured_media":61791,"comment_status":"open","ping_status":"open","sticky":false,"template":"","format":"standard","meta":{"footnotes":""},"categories":[1],"tags":[],"class_list":["post-61790","post","type-post","status-publish","format-standard","has-post-thumbnail","hentry","category-haberler"],"yoast_head":"<!-- This site is optimized with the Yoast SEO plugin v27.4 - https:\/\/yoast.com\/product\/yoast-seo-wordpress\/ -->\n<title>Helikopter kazas\u0131: Tatvan&#039;da askeri helikopter d\u00fc\u015ft\u00fc, 11 asker hayat\u0131n\u0131 kaybetti - Bati Ermenistan Ve Bati Ermenileri Sorunlari Ara\u015ftirmalar Merkezi<\/title>\n<meta name=\"robots\" content=\"index, follow, max-snippet:-1, max-image-preview:large, max-video-preview:-1\" \/>\n<link rel=\"canonical\" href=\"https:\/\/akunq.net\/tr\/?p=61790\" \/>\n<meta property=\"og:locale\" content=\"en_US\" \/>\n<meta property=\"og:type\" content=\"article\" \/>\n<meta property=\"og:title\" content=\"Helikopter kazas\u0131: Tatvan&#039;da askeri helikopter d\u00fc\u015ft\u00fc, 11 asker hayat\u0131n\u0131 kaybetti - Bati Ermenistan Ve Bati Ermenileri Sorunlari Ara\u015ftirmalar Merkezi\" \/>\n<meta property=\"og:description\" content=\"Bing\u00f6l&#8217;den Tatvan&#8217;a giden askeri helikopter, Bitlis&#8217;te d\u00fc\u015ft\u00fc. Milli Savunma Bakanl\u0131\u011f\u0131 (MSB), kaza sonras\u0131 yapt\u0131\u011f\u0131 ilk a\u00e7\u0131klamada 9 askerin hayat\u0131n\u0131 kaybetti\u011fini, 4 askerin de yaraland\u0131\u011f\u0131n\u0131 a\u00e7\u0131klad\u0131. Daha sonra yap\u0131lan iki ayr\u0131 a\u00e7\u0131klamada ise hastaneye kald\u0131r\u0131lan askerlerden ikisinin daha ya\u015fam\u0131n\u0131 yitirdi\u011fi belirtildi. Hayat\u0131n\u0131 kaybeden 11 askerin Bitlis Tatvan Devlet Hastanesi&#8217;ndeki otopsi i\u015flemleri tamamland\u0131. Sabah saatlerinde ise Elaz\u0131\u011f&#8217;da [&hellip;]\" \/>\n<meta property=\"og:url\" content=\"https:\/\/akunq.net\/tr\/?p=61790\" \/>\n<meta property=\"og:site_name\" content=\"Bati Ermenistan Ve Bati Ermenileri Sorunlari Ara\u015ftirmalar Merkezi\" \/>\n<meta property=\"article:published_time\" content=\"2021-03-05T08:49:45+00:00\" \/>\n<meta property=\"og:image\" content=\"https:\/\/akunq.net\/tr\/wp-content\/uploads\/sites\/6\/2021\/03\/\u0539\u0578\u0582\u0580\u0584\u056b\u0561\u0575\u0578\u0582\u0574-\u057c\u0561\u0566\u0574\u0561\u056f\u0561\u0576-\u0578\u0582\u0572\u0572\u0561\u0569\u056b\u057c.jpg\" \/>\n\t<meta property=\"og:image:width\" content=\"670\" \/>\n\t<meta property=\"og:image:height\" content=\"450\" \/>\n\t<meta property=\"og:image:type\" content=\"image\/jpeg\" \/>\n<meta name=\"author\" content=\"admin\" \/>\n<meta name=\"twitter:card\" content=\"summary_large_image\" \/>\n<meta name=\"twitter:label1\" content=\"Written by\" \/>\n\t<meta name=\"twitter:data1\" content=\"admin\" \/>\n\t<meta name=\"twitter:label2\" content=\"Est. reading time\" \/>\n\t<meta name=\"twitter:data2\" content=\"2 minutes\" \/>\n<script type=\"application\/ld+json\" class=\"yoast-schema-graph\">{\"@context\":\"https:\\\/\\\/schema.org\",\"@graph\":[{\"@type\":\"Article\",\"@id\":\"https:\\\/\\\/akunq.net\\\/tr\\\/?p=61790#article\",\"isPartOf\":{\"@id\":\"https:\\\/\\\/akunq.net\\\/tr\\\/?p=61790\"},\"author\":{\"name\":\"admin\",\"@id\":\"https:\\\/\\\/akunq.net\\\/tr\\\/#\\\/schema\\\/person\\\/096f1d38a12cce57fb855b485ed24c9e\"},\"headline\":\"Helikopter kazas\u0131: Tatvan&#8217;da askeri helikopter d\u00fc\u015ft\u00fc, 11 asker hayat\u0131n\u0131 kaybetti\",\"datePublished\":\"2021-03-05T08:49:45+00:00\",\"mainEntityOfPage\":{\"@id\":\"https:\\\/\\\/akunq.net\\\/tr\\\/?p=61790\"},\"wordCount\":453,\"commentCount\":0,\"image\":{\"@id\":\"https:\\\/\\\/akunq.net\\\/tr\\\/?p=61790#primaryimage\"},\"thumbnailUrl\":\"https:\\\/\\\/akunq.net\\\/tr\\\/wp-content\\\/uploads\\\/sites\\\/6\\\/2021\\\/03\\\/\u0539\u0578\u0582\u0580\u0584\u056b\u0561\u0575\u0578\u0582\u0574-\u057c\u0561\u0566\u0574\u0561\u056f\u0561\u0576-\u0578\u0582\u0572\u0572\u0561\u0569\u056b\u057c.jpg\",\"articleSection\":[\"Haberler\"],\"inLanguage\":\"en-US\",\"potentialAction\":[{\"@type\":\"CommentAction\",\"name\":\"Comment\",\"target\":[\"https:\\\/\\\/akunq.net\\\/tr\\\/?p=61790#respond\"]}]},{\"@type\":\"WebPage\",\"@id\":\"https:\\\/\\\/akunq.net\\\/tr\\\/?p=61790\",\"url\":\"https:\\\/\\\/akunq.net\\\/tr\\\/?p=61790\",\"name\":\"Helikopter kazas\u0131: Tatvan'da askeri helikopter d\u00fc\u015ft\u00fc, 11 asker hayat\u0131n\u0131 kaybetti - Bati Ermenistan Ve Bati Ermenileri Sorunlari Ara\u015ftirmalar Merkezi\",\"isPartOf\":{\"@id\":\"https:\\\/\\\/akunq.net\\\/tr\\\/#website\"},\"primaryImageOfPage\":{\"@id\":\"https:\\\/\\\/akunq.net\\\/tr\\\/?p=61790#primaryimage\"},\"image\":{\"@id\":\"https:\\\/\\\/akunq.net\\\/tr\\\/?p=61790#primaryimage\"},\"thumbnailUrl\":\"https:\\\/\\\/akunq.net\\\/tr\\\/wp-content\\\/uploads\\\/sites\\\/6\\\/2021\\\/03\\\/\u0539\u0578\u0582\u0580\u0584\u056b\u0561\u0575\u0578\u0582\u0574-\u057c\u0561\u0566\u0574\u0561\u056f\u0561\u0576-\u0578\u0582\u0572\u0572\u0561\u0569\u056b\u057c.jpg\",\"datePublished\":\"2021-03-05T08:49:45+00:00\",\"author\":{\"@id\":\"https:\\\/\\\/akunq.net\\\/tr\\\/#\\\/schema\\\/person\\\/096f1d38a12cce57fb855b485ed24c9e\"},\"breadcrumb\":{\"@id\":\"https:\\\/\\\/akunq.net\\\/tr\\\/?p=61790#breadcrumb\"},\"inLanguage\":\"en-US\",\"potentialAction\":[{\"@type\":\"ReadAction\",\"target\":[\"https:\\\/\\\/akunq.net\\\/tr\\\/?p=61790\"]}]},{\"@type\":\"ImageObject\",\"inLanguage\":\"en-US\",\"@id\":\"https:\\\/\\\/akunq.net\\\/tr\\\/?p=61790#primaryimage\",\"url\":\"https:\\\/\\\/akunq.net\\\/tr\\\/wp-content\\\/uploads\\\/sites\\\/6\\\/2021\\\/03\\\/\u0539\u0578\u0582\u0580\u0584\u056b\u0561\u0575\u0578\u0582\u0574-\u057c\u0561\u0566\u0574\u0561\u056f\u0561\u0576-\u0578\u0582\u0572\u0572\u0561\u0569\u056b\u057c.jpg\",\"contentUrl\":\"https:\\\/\\\/akunq.net\\\/tr\\\/wp-content\\\/uploads\\\/sites\\\/6\\\/2021\\\/03\\\/\u0539\u0578\u0582\u0580\u0584\u056b\u0561\u0575\u0578\u0582\u0574-\u057c\u0561\u0566\u0574\u0561\u056f\u0561\u0576-\u0578\u0582\u0572\u0572\u0561\u0569\u056b\u057c.jpg\",\"width\":670,\"height\":450},{\"@type\":\"BreadcrumbList\",\"@id\":\"https:\\\/\\\/akunq.net\\\/tr\\\/?p=61790#breadcrumb\",\"itemListElement\":[{\"@type\":\"ListItem\",\"position\":1,\"name\":\"Home\",\"item\":\"https:\\\/\\\/akunq.net\\\/tr\"},{\"@type\":\"ListItem\",\"position\":2,\"name\":\"Helikopter kazas\u0131: Tatvan&#8217;da askeri helikopter d\u00fc\u015ft\u00fc, 11 asker hayat\u0131n\u0131 kaybetti\"}]},{\"@type\":\"WebSite\",\"@id\":\"https:\\\/\\\/akunq.net\\\/tr\\\/#website\",\"url\":\"https:\\\/\\\/akunq.net\\\/tr\\\/\",\"name\":\"Bati Ermenistan Ve Bati Ermenileri Sorunlari Ara\u015ftirmalar Merkezi\",\"description\":\"\",\"potentialAction\":[{\"@type\":\"SearchAction\",\"target\":{\"@type\":\"EntryPoint\",\"urlTemplate\":\"https:\\\/\\\/akunq.net\\\/tr\\\/?s={search_term_string}\"},\"query-input\":{\"@type\":\"PropertyValueSpecification\",\"valueRequired\":true,\"valueName\":\"search_term_string\"}}],\"inLanguage\":\"en-US\"},{\"@type\":\"Person\",\"@id\":\"https:\\\/\\\/akunq.net\\\/tr\\\/#\\\/schema\\\/person\\\/096f1d38a12cce57fb855b485ed24c9e\",\"name\":\"admin\",\"url\":\"https:\\\/\\\/akunq.net\\\/tr\\\/?author=7\"}]}<\/script>\n<!-- \/ Yoast SEO plugin. -->","yoast_head_json":{"title":"Helikopter kazas\u0131: Tatvan'da askeri helikopter d\u00fc\u015ft\u00fc, 11 asker hayat\u0131n\u0131 kaybetti - Bati Ermenistan Ve Bati Ermenileri Sorunlari Ara\u015ftirmalar Merkezi","robots":{"index":"index","follow":"follow","max-snippet":"max-snippet:-1","max-image-preview":"max-image-preview:large","max-video-preview":"max-video-preview:-1"},"canonical":"https:\/\/akunq.net\/tr\/?p=61790","og_locale":"en_US","og_type":"article","og_title":"Helikopter kazas\u0131: Tatvan'da askeri helikopter d\u00fc\u015ft\u00fc, 11 asker hayat\u0131n\u0131 kaybetti - Bati Ermenistan Ve Bati Ermenileri Sorunlari Ara\u015ftirmalar Merkezi","og_description":"Bing\u00f6l&#8217;den Tatvan&#8217;a giden askeri helikopter, Bitlis&#8217;te d\u00fc\u015ft\u00fc. Milli Savunma Bakanl\u0131\u011f\u0131 (MSB), kaza sonras\u0131 yapt\u0131\u011f\u0131 ilk a\u00e7\u0131klamada 9 askerin hayat\u0131n\u0131 kaybetti\u011fini, 4 askerin de yaraland\u0131\u011f\u0131n\u0131 a\u00e7\u0131klad\u0131. Daha sonra yap\u0131lan iki ayr\u0131 a\u00e7\u0131klamada ise hastaneye kald\u0131r\u0131lan askerlerden ikisinin daha ya\u015fam\u0131n\u0131 yitirdi\u011fi belirtildi. Hayat\u0131n\u0131 kaybeden 11 askerin Bitlis Tatvan Devlet Hastanesi&#8217;ndeki otopsi i\u015flemleri tamamland\u0131. Sabah saatlerinde ise Elaz\u0131\u011f&#8217;da [&hellip;]","og_url":"https:\/\/akunq.net\/tr\/?p=61790","og_site_name":"Bati Ermenistan Ve Bati Ermenileri Sorunlari Ara\u015ftirmalar Merkezi","article_published_time":"2021-03-05T08:49:45+00:00","og_image":[{"width":670,"height":450,"url":"https:\/\/akunq.net\/tr\/wp-content\/uploads\/sites\/6\/2021\/03\/\u0539\u0578\u0582\u0580\u0584\u056b\u0561\u0575\u0578\u0582\u0574-\u057c\u0561\u0566\u0574\u0561\u056f\u0561\u0576-\u0578\u0582\u0572\u0572\u0561\u0569\u056b\u057c.jpg","type":"image\/jpeg"}],"author":"admin","twitter_card":"summary_large_image","twitter_misc":{"Written by":"admin","Est. reading time":"2 minutes"},"schema":{"@context":"https:\/\/schema.org","@graph":[{"@type":"Article","@id":"https:\/\/akunq.net\/tr\/?p=61790#article","isPartOf":{"@id":"https:\/\/akunq.net\/tr\/?p=61790"},"author":{"name":"admin","@id":"https:\/\/akunq.net\/tr\/#\/schema\/person\/096f1d38a12cce57fb855b485ed24c9e"},"headline":"Helikopter kazas\u0131: Tatvan&#8217;da askeri helikopter d\u00fc\u015ft\u00fc, 11 asker hayat\u0131n\u0131 kaybetti","datePublished":"2021-03-05T08:49:45+00:00","mainEntityOfPage":{"@id":"https:\/\/akunq.net\/tr\/?p=61790"},"wordCount":453,"commentCount":0,"image":{"@id":"https:\/\/akunq.net\/tr\/?p=61790#primaryimage"},"thumbnailUrl":"https:\/\/akunq.net\/tr\/wp-content\/uploads\/sites\/6\/2021\/03\/\u0539\u0578\u0582\u0580\u0584\u056b\u0561\u0575\u0578\u0582\u0574-\u057c\u0561\u0566\u0574\u0561\u056f\u0561\u0576-\u0578\u0582\u0572\u0572\u0561\u0569\u056b\u057c.jpg","articleSection":["Haberler"],"inLanguage":"en-US","potentialAction":[{"@type":"CommentAction","name":"Comment","target":["https:\/\/akunq.net\/tr\/?p=61790#respond"]}]},{"@type":"WebPage","@id":"https:\/\/akunq.net\/tr\/?p=61790","url":"https:\/\/akunq.net\/tr\/?p=61790","name":"Helikopter kazas\u0131: Tatvan'da askeri helikopter d\u00fc\u015ft\u00fc, 11 asker hayat\u0131n\u0131 kaybetti - Bati Ermenistan Ve Bati Ermenileri Sorunlari Ara\u015ftirmalar Merkezi","isPartOf":{"@id":"https:\/\/akunq.net\/tr\/#website"},"primaryImageOfPage":{"@id":"https:\/\/akunq.net\/tr\/?p=61790#primaryimage"},"image":{"@id":"https:\/\/akunq.net\/tr\/?p=61790#primaryimage"},"thumbnailUrl":"https:\/\/akunq.net\/tr\/wp-content\/uploads\/sites\/6\/2021\/03\/\u0539\u0578\u0582\u0580\u0584\u056b\u0561\u0575\u0578\u0582\u0574-\u057c\u0561\u0566\u0574\u0561\u056f\u0561\u0576-\u0578\u0582\u0572\u0572\u0561\u0569\u056b\u057c.jpg","datePublished":"2021-03-05T08:49:45+00:00","author":{"@id":"https:\/\/akunq.net\/tr\/#\/schema\/person\/096f1d38a12cce57fb855b485ed24c9e"},"breadcrumb":{"@id":"https:\/\/akunq.net\/tr\/?p=61790#breadcrumb"},"inLanguage":"en-US","potentialAction":[{"@type":"ReadAction","target":["https:\/\/akunq.net\/tr\/?p=61790"]}]},{"@type":"ImageObject","inLanguage":"en-US","@id":"https:\/\/akunq.net\/tr\/?p=61790#primaryimage","url":"https:\/\/akunq.net\/tr\/wp-content\/uploads\/sites\/6\/2021\/03\/\u0539\u0578\u0582\u0580\u0584\u056b\u0561\u0575\u0578\u0582\u0574-\u057c\u0561\u0566\u0574\u0561\u056f\u0561\u0576-\u0578\u0582\u0572\u0572\u0561\u0569\u056b\u057c.jpg","contentUrl":"https:\/\/akunq.net\/tr\/wp-content\/uploads\/sites\/6\/2021\/03\/\u0539\u0578\u0582\u0580\u0584\u056b\u0561\u0575\u0578\u0582\u0574-\u057c\u0561\u0566\u0574\u0561\u056f\u0561\u0576-\u0578\u0582\u0572\u0572\u0561\u0569\u056b\u057c.jpg","width":670,"height":450},{"@type":"BreadcrumbList","@id":"https:\/\/akunq.net\/tr\/?p=61790#breadcrumb","itemListElement":[{"@type":"ListItem","position":1,"name":"Home","item":"https:\/\/akunq.net\/tr"},{"@type":"ListItem","position":2,"name":"Helikopter kazas\u0131: Tatvan&#8217;da askeri helikopter d\u00fc\u015ft\u00fc, 11 asker hayat\u0131n\u0131 kaybetti"}]},{"@type":"WebSite","@id":"https:\/\/akunq.net\/tr\/#website","url":"https:\/\/akunq.net\/tr\/","name":"Bati Ermenistan Ve Bati Ermenileri Sorunlari Ara\u015ftirmalar Merkezi","description":"","potentialAction":[{"@type":"SearchAction","target":{"@type":"EntryPoint","urlTemplate":"https:\/\/akunq.net\/tr\/?s={search_term_string}"},"query-input":{"@type":"PropertyValueSpecification","valueRequired":true,"valueName":"search_term_string"}}],"inLanguage":"en-US"},{"@type":"Person","@id":"https:\/\/akunq.net\/tr\/#\/schema\/person\/096f1d38a12cce57fb855b485ed24c9e","name":"admin","url":"https:\/\/akunq.net\/tr\/?author=7"}]}},"_links":{"self":[{"href":"https:\/\/akunq.net\/tr\/index.php?rest_route=\/wp\/v2\/posts\/61790","targetHints":{"allow":["GET"]}}],"collection":[{"href":"https:\/\/akunq.net\/tr\/index.php?rest_route=\/wp\/v2\/posts"}],"about":[{"href":"https:\/\/akunq.net\/tr\/index.php?rest_route=\/wp\/v2\/types\/post"}],"author":[{"embeddable":true,"href":"https:\/\/akunq.net\/tr\/index.php?rest_route=\/wp\/v2\/users\/7"}],"replies":[{"embeddable":true,"href":"https:\/\/akunq.net\/tr\/index.php?rest_route=%2Fwp%2Fv2%2Fcomments&post=61790"}],"version-history":[{"count":1,"href":"https:\/\/akunq.net\/tr\/index.php?rest_route=\/wp\/v2\/posts\/61790\/revisions"}],"predecessor-version":[{"id":61792,"href":"https:\/\/akunq.net\/tr\/index.php?rest_route=\/wp\/v2\/posts\/61790\/revisions\/61792"}],"wp:featuredmedia":[{"embeddable":true,"href":"https:\/\/akunq.net\/tr\/index.php?rest_route=\/wp\/v2\/media\/61791"}],"wp:attachment":[{"href":"https:\/\/akunq.net\/tr\/index.php?rest_route=%2Fwp%2Fv2%2Fmedia&parent=61790"}],"wp:term":[{"taxonomy":"category","embeddable":true,"href":"https:\/\/akunq.net\/tr\/index.php?rest_route=%2Fwp%2Fv2%2Fcategories&post=61790"},{"taxonomy":"post_tag","embeddable":true,"href":"https:\/\/akunq.net\/tr\/index.php?rest_route=%2Fwp%2Fv2%2Ftags&post=61790"}],"curies":[{"name":"wp","href":"https:\/\/api.w.org\/{rel}","templated":true}]}}