{"id":61787,"date":"2021-03-05T03:26:03","date_gmt":"2021-03-05T08:26:03","guid":{"rendered":"https:\/\/akunq.net\/tr\/?p=61787"},"modified":"2021-03-05T03:26:03","modified_gmt":"2021-03-05T08:26:03","slug":"kritik-gun-bugun","status":"publish","type":"post","link":"https:\/\/akunq.net\/tr\/?p=61787","title":{"rendered":"Kritik g\u00fcn bug\u00fcn"},"content":{"rendered":"<p><img loading=\"lazy\" decoding=\"async\" class=\"aligncenter size-medium wp-image-61788\" src=\"https:\/\/akunq.net\/tr\/wp-content\/uploads\/2021\/03\/Hrant-Dink-360x134.jpg\" alt=\"\" width=\"360\" height=\"134\" srcset=\"https:\/\/akunq.net\/tr\/wp-content\/uploads\/sites\/6\/2021\/03\/Hrant-Dink-360x134.jpg 360w, https:\/\/akunq.net\/tr\/wp-content\/uploads\/sites\/6\/2021\/03\/Hrant-Dink-768x286.jpg 768w, https:\/\/akunq.net\/tr\/wp-content\/uploads\/sites\/6\/2021\/03\/Hrant-Dink-560x209.jpg 560w, https:\/\/akunq.net\/tr\/wp-content\/uploads\/sites\/6\/2021\/03\/Hrant-Dink-260x97.jpg 260w, https:\/\/akunq.net\/tr\/wp-content\/uploads\/sites\/6\/2021\/03\/Hrant-Dink-160x60.jpg 160w, https:\/\/akunq.net\/tr\/wp-content\/uploads\/sites\/6\/2021\/03\/Hrant-Dink.jpg 940w\" sizes=\"auto, (max-width: 360px) 100vw, 360px\" \/><\/p>\n<p><em><strong>6\u2019s\u0131 tutuklu, 13 firari toplam 76 san\u0131kl\u0131 davada sona gelindi\u2026<\/strong><\/em><\/p>\n<p>Agos Gazetesi Genel Yay\u0131n Y\u00f6netmeni Hrant Dink cinayetinde sorumlulu\u011fu bulunan 6\u2019s\u0131 tutuklu, 13 firari toplam 76 san\u0131kl\u0131 davada sona gelindi. Bug\u00fcn g\u00f6r\u00fclecek duru\u015fmada karar\u0131n a\u00e7\u0131klanmas\u0131 bekleniyor.<\/p>\n<p>\u0130stanbul 14. A\u011f\u0131r Ceza Mahkemesi\u2019nce yap\u0131lan yarg\u0131lamada, son duru\u015fma 10 \u015eubat 2021\u2019de g\u00f6r\u00fclm\u00fc\u015ft\u00fc. Son duru\u015fmada, san\u0131k savunmalar\u0131n\u0131n tamamlanmas\u0131n\u0131n ard\u0131ndan mahkeme Dink Ailesi\u2019nin beyanlar\u0131n\u0131 alm\u0131\u015ft\u0131. Yar\u0131n yap\u0131lacak duru\u015fmada ise san\u0131klar\u0131n son s\u00f6zlerinin al\u0131nmas\u0131n\u0131n ard\u0131ndan karar\u0131n a\u00e7\u0131klanmas\u0131 bekleniyor.<\/p>\n<p>10 \u015eubat\u2019ta g\u00f6r\u00fclen 129. duru\u015fmada Hrant Dink ailesi avukatlar\u0131, t\u00fcm emniyet ve istihbarat birimlerinin sald\u0131r\u0131 plan\u0131ndan haberdar oldu\u011funu ve hareketsiz kalarak Hrant Dink\u2019in \u00f6ld\u00fcr\u00fclmesine neden oldu\u011funa dikkat \u00e7ekti. Avukatlar \u201cg\u00f6revi k\u00f6t\u00fcye kullanma\u201d su\u00e7lamas\u0131yla yaln\u0131zca 1 y\u0131la kadar hapsi istenen \u0130stanbul Emniyet M\u00fcd\u00fcr\u00fc Celalettin Cerrah, \u0130stanbul \u0130stihbarat \u015eube M\u00fcd\u00fcr\u00fc Ahmet \u0130lhan G\u00fcler, Trabzon \u0130stihbarat \u015eube M\u00fcd\u00fcr\u00fc Engin Din\u00e7\u2019in \u201ckasten \u00f6ld\u00fcrmenin ihmali davran\u0131\u015fla i\u015flenmesi\u201d su\u00e7undan cezaland\u0131r\u0131lmas\u0131n\u0131 talep etti. Duru\u015fmada cinayette sorumlulu\u011fu bulundu\u011fu iddia edilen \u0130stanbul Valili\u011fi g\u00f6revlileri ile M\u0130T g\u00f6revlilerinin soru\u015fturulmad\u0131\u011f\u0131n\u0131, soru\u015fturman\u0131n y\u00fcr\u00fct\u00fclme bi\u00e7imi, takipsizlik kararlar\u0131 ve bu kararlara yap\u0131lan itirazlar\u0131n reddedilmesinin davan\u0131n s\u0131n\u0131r\u0131n\u0131 belirledi\u011fini ifade eden Avukat Emel Atakt\u00fcrk, \u201cCinayetin t\u00fcm y\u00f6nleriyle ortaya \u00e7\u0131kar\u0131lmas\u0131 \u015fans\u0131 kalmam\u0131\u015ft\u0131r. Bu tutum Dink cinayetinin t\u00fcm y\u00f6nleriyle tart\u0131\u015f\u0131lmayaca\u011f\u0131n\u0131 ortaya koymu\u015ftur\u201d dedi.<\/p>\n<p>Beyanlar\u0131n ard\u0131ndan karar\u0131n\u0131 a\u00e7\u0131klayan mahkeme heyeti, 5 Mart\u2019ta saat 10.00\u2019da yap\u0131lacak bir sonraki duru\u015fmada karar\u0131n a\u00e7\u0131klanaca\u011f\u0131n\u0131 duyurmu\u015ftu.<\/p>\n<p><strong>M\u00dcTALAADA 11 SANI\u011eA BERAAT, 51 SANI\u011eA CEZA \u0130STENM\u0130\u015eT\u0130<\/strong><\/p>\n<p>Agos gazetesi genel yay\u0131n y\u00f6netmeni Hrant Dink\u2019in \u00f6ld\u00fcr\u00fclmesiyle ilgili kamu g\u00f6revlilerinin yarg\u0131land\u0131\u011f\u0131 davada esas hakk\u0131ndaki m\u00fctalaa 14 Aral\u0131k 2020\u2019de a\u00e7\u0131kland\u0131. M\u00fctalaada, iddianamede oldu\u011fu gibi Dink cinayetinin G\u00fclen Cemaati taraf\u0131ndan i\u015flendi\u011fi iddia edildi.<\/p>\n<p>M\u00fctalaada cinayetin i\u015flendi\u011fi d\u00f6nemde \u0130stanbul \u0130stihbarat \u015eube M\u00fcd\u00fcr\u00fc Ahmet \u0130lhan G\u00fcler, \u0130stanbul Emniyet M\u00fcd\u00fcr\u00fc Celalettin Cerrah ve cinayetin tasar\u0131 a\u015famas\u0131nda Trabzon \u0130stihbarat \u015eube M\u00fcd\u00fcr\u00fc olan Engin Din\u00e7 ile cinayetten \u00f6nce Emniyet Genel M\u00fcd\u00fcrl\u00fc\u011f\u00fc \u0130stihbarat Daire Ba\u015fkan\u0131 olarak g\u00f6rev yapan san\u0131k Sabri Uzun hakk\u0131nda yaln\u0131zca \u201cg\u00f6revi k\u00f6t\u00fcye kullanma\u201d su\u00e7undan en fazla 1 y\u0131la kadar hapisle cezaland\u0131r\u0131lmalar\u0131 talep edildi.<\/p>\n<p>68 sayfal\u0131k m\u00fctalaada istenen cezalar\u0131n bir b\u00f6l\u00fcm\u00fc \u015f\u00f6yle: Cinayetin i\u015flendi\u011fi d\u00f6nemde Emniyet Genel M\u00fcd\u00fcrl\u00fc\u011f\u00fc \u0130stihbarat Daire Ba\u015fkanl\u0131\u011f\u0131 C \u015eube M\u00fcd\u00fcr\u00fc Ali Fuat Y\u0131lmazer i\u00e7in \u201cTasarlayarak kasten \u00f6ld\u00fcrme\u201d su\u00e7undan a\u011f\u0131rla\u015ft\u0131r\u0131lm\u0131\u015f m\u00fcebbet, \u201cSilahl\u0131 ter\u00f6r \u00f6rg\u00fct\u00fcne \u00fcye olma\u201d, \u201cResmi belgeyi bozmak, yok etmek veya gizlemek\u201d ve \u201cG\u00f6revi k\u00f6t\u00fcye kullanma\u201d su\u00e7lar\u0131ndan 18 y\u0131l 3 aydan 31 y\u0131la kadar hapis isteniyor.<\/p>\n<p>Evrensel\u2019de yer alan habere g\u00f6re eski Trabzon Emniyet m\u00fcd\u00fcr\u00fc ve \u0130stihbarat Daire ba\u015fkan\u0131 Ramazan Aky\u00fcrek i\u00e7in \u201cTasarlayarak kasten \u00f6ld\u00fcrme\u201d su\u00e7undan a\u011f\u0131rla\u015ft\u0131r\u0131lm\u0131\u015f m\u00fcebbet, \u201cSilahl\u0131 ter\u00f6r \u00f6rg\u00fct\u00fc kurma ve y\u00f6netme\u201d, \u201cResmi belgede sahtecilik\u201d, \u201cResm\u00ee belgeyi bozmak, yok etmek veya gizlemek\u201d ve \u201cG\u00f6revi k\u00f6t\u00fcye kullanma\u201d su\u00e7lar\u0131ndan 21 y\u0131l 6 aydan 40 y\u0131la kadar hapsi isteniyor.<\/p>\n<p>Cinayetin i\u015flendi\u011fi d\u00f6nemde Trabzon Emniyet M\u00fcd\u00fcr\u00fc olan san\u0131k Re\u015fat Altay i\u00e7in \u201ckasten \u00f6ld\u00fcrmenin ihmali davran\u0131\u015fla i\u015flenmesi\u201d, \u201cresmi belgeyi bozmak, yok etmek veya gizlemek\u201d ve \u201cg\u00f6revi k\u00f6t\u00fcye kullanma\u201d su\u00e7lar\u0131ndan toplam 23 y\u0131l 3 aydan 33 y\u0131l 6 aya kadar hapis isteniyor.<\/p>\n<p>D\u00f6nemin Jandarma Genel Komutanl\u0131\u011f\u0131 \u0130stihbarat Ba\u015fkanl\u0131\u011f\u0131 \u0130stihbarat De\u011ferlendirme ve Analiz Merkezi g\u00f6revlisi Hamza Celepo\u011flu i\u00e7in \u201cAnayasay\u0131 ihlal\u201d su\u00e7undan a\u011f\u0131rla\u015ft\u0131r\u0131lm\u0131\u015f m\u00fcebbet, \u201cKasten \u00f6ld\u00fcrme\u201d su\u00e7undan m\u00fcebbet, \u201cSilahl\u0131 ter\u00f6r \u00f6rg\u00fct\u00fcne \u00fcye olma\u201d ve \u201cSu\u00e7 i\u015flemek amac\u0131yla \u00f6rg\u00fct kurma\u201d su\u00e7lar\u0131ndan da cezaland\u0131r\u0131lmas\u0131 isteniyor.<\/p>\n<p>Gazeteci Ercan G\u00fcn i\u00e7in ise \u201cAnayasay\u0131 ihlal\u201d su\u00e7undan a\u011f\u0131rla\u015ft\u0131r\u0131lm\u0131\u015f m\u00fcebbet, \u201cSilahl\u0131 ter\u00f6r \u00f6rg\u00fct\u00fcne \u00fcye olma\u201d su\u00e7undan 5 y\u0131ldan 10 y\u0131la kadar cezaland\u0131r\u0131lmas\u0131n\u0131 istendi.<\/p>\n<p>Cinayetin i\u015flendi\u011fi s\u0131rada Trabzon \u0130stihbarat \u015eube M\u00fcd\u00fcr\u00fc olan Faruk Sar\u0131 hakk\u0131nda ise \u2018silahl\u0131 \u00f6rg\u00fct \u00fcyeli\u011fi\u2019, \u2018tasarlayarak kasten \u00f6ld\u00fcrme\u2019, \u2018resm\u00ee belgeyi bozmak, yok etmek veya gizlemek\u2019, \u2018g\u00f6revi k\u00f6t\u00fcye kullanma\u2019 su\u00e7lar\u0131ndan hapsi isteniyor.<\/p>\n<p>D\u00f6nemin Trabzon \u0130l Jandarma Komutan\u0131 Ali \u00d6z\u2019\u00fcn, \u201cAnayasay\u0131 ihlal su\u00e7undan a\u011f\u0131rla\u015ft\u0131r\u0131lm\u0131\u015f m\u00fcebbet ve \u201ckasten \u00f6ld\u00fcrme\u201d su\u00e7undan m\u00fcebbet, di\u011fer su\u00e7lardan 10 y\u0131ldan 24 y\u0131la kadar hapsi isteniyor.<\/p>\n<p>M\u00fctalaada di\u011fer san\u0131klar\u0131n da benzer su\u00e7lardan 15 y\u0131l ila m\u00fcebbet hapis cezalar\u0131 aras\u0131nda de\u011fi\u015fen oranlarda mahkumiyetlerine karar verilmesi istenirken, 11 san\u0131k hakk\u0131nda ise t\u00fcm su\u00e7lardan beraat karar\u0131 verilmesi talep ediliyor.<\/p>\n<p>\u00d6te yandan savc\u0131l\u0131k m\u00fctalaas\u0131nda hapis ile cezaland\u0131r\u0131lmas\u0131n\u0131 istedi\u011fi san\u0131klardan 36\u2019s\u0131n\u0131n tutuklanmas\u0131n\u0131 talep etti.<\/p>\n<p><strong>14 YILLIK DAVA S\u00dcREC\u0130: SU\u00c7LULAR KONJEKT\u00d6RE G\u00d6RE DE\u011e\u0130\u015eT\u0130<\/strong><\/p>\n<p>Agos gazetesi Genel Yay\u0131n Y\u00f6netmeni Hrant Dink suikastinin \u00fczerinden 14 y\u0131l ge\u00e7ti. Dink suikast\u0131yla ilgili yarg\u0131 s\u00fcreci Nisan 2007\u2019de ba\u015flad\u0131. Davada ilk etapta 12\u2019si tutuklu 18 ki\u015fi yarg\u0131land\u0131. 2008 ve 2009 y\u0131llar\u0131nda haz\u0131rlanan ek iddianamelerle san\u0131k say\u0131s\u0131 20\u2019ye y\u00fckseldi. Ocak 2012\u2019de ise ilk h\u00fck\u00fcm verildi.<\/p>\n<p>Azmettiricilerden biri olan Yasin Hayal bu s\u00fcre\u00e7te cinayeti Erhan Tuncel ile birlikte planlad\u0131\u011f\u0131n\u0131 s\u00f6yledi. Sonras\u0131nda Tuncel\u2019in bir d\u00f6nem Trabzon Emniyet M\u00fcd\u00fcrl\u00fc\u011f\u00fc i\u00e7in muhbirlik yapt\u0131\u011f\u0131 ortaya \u00e7\u0131kt\u0131. Yasin Hayal, \u201ctasarlayarak \u00f6ld\u00fcrmeye azmettirmek\u201d su\u00e7undan a\u011f\u0131rla\u015ft\u0131r\u0131lm\u0131\u015f m\u00fcebbet hapis cezas\u0131na \u00e7arpt\u0131r\u0131l\u0131rken, Tuncel 10 y\u0131l 6 ay hapis cezas\u0131 ald\u0131 ve tahliyesine karar verildi.<\/p>\n<p>Cinayeti i\u015fleyen Og\u00fcn Samast ise 17 ya\u015f\u0131ndan k\u00fc\u00e7\u00fck oldu\u011fu i\u00e7in \u00e7ocuk mahkemesinde yarg\u0131land\u0131. 22 y\u0131l 10 ay hapis ceza ald\u0131, ki cezan\u0131n infaz s\u00fcresi \u00f6n\u00fcm\u00fczdeki birka\u00e7 y\u0131l i\u00e7erisinde dolacak.<\/p>\n<p>Ana davada san\u0131klar\u0131n tamam\u0131 \u201csilahl\u0131 ter\u00f6r \u00f6rg\u00fct\u00fc \u00fcyeli\u011fi\u201d su\u00e7undan beraat etti. Yarg\u0131lama s\u00fcrecinin bu ilk a\u015famas\u0131nda azmettiricilerin arkas\u0131ndaki g\u00fc\u00e7 Ergenekon\u2019a ba\u011flan\u0131rken t\u00fcrl\u00fc yolsuzluk ve r\u00fc\u015fvet iddialar\u0131n\u0131n ortaya sa\u00e7\u0131ld\u0131\u011f\u0131 17- 25 Aral\u0131k 2013 sonras\u0131 ise cinayetin arkas\u0131nda G\u00fclen Cemaatinin oldu\u011fu dillendirildi. K\u0131saca, bir cinayetin arkas\u0131ndaki faillerin kim oldu\u011fu sorusu s\u00fcrece g\u00f6re de\u011fi\u015ftirildi.<\/p>\n<p>Akabinde, san\u0131klar\u0131n tamam\u0131n\u0131n \u201csilahl\u0131 ter\u00f6r \u00f6rg\u00fct\u00fc \u00fcyeli\u011fi\u201d su\u00e7undan beraat etti\u011fi y\u00f6n\u00fcndeki \u0130stanbul 14\u2019\u00fcnc\u00fc A\u011f\u0131r Ceza Mahkemesi\u2019nin karar\u0131, Yarg\u0131tay\u2019a ta\u015f\u0131nd\u0131. May\u0131s 2013\u2019te, Yarg\u0131tay 9\u2019uncu Ceza Dairesi, \u201c\u00f6rg\u00fct\u201d y\u00f6n\u00fcnden verilen beraat karar\u0131n\u0131 bozarak, san\u0131klar\u0131n \u201csilahl\u0131 ter\u00f6r \u00f6rg\u00fct\u00fc\u201d de\u011fil, \u201csu\u00e7 i\u015flemek amac\u0131yla olu\u015fturulan \u00f6rg\u00fct\u201d \u00fcyesi olduklar\u0131 gerek\u00e7esiyle yeniden yarg\u0131lanmalar\u0131na h\u00fckmetti ve b\u00f6ylece davan\u0131n g\u00f6r\u00fclmesine yeniden ba\u015fland\u0131. Nisan 2016\u2019da, kamu g\u00f6revlileri yani \u0130stanbul ve Trabzon\u2019da g\u00f6rev yapan istihbarat\u00e7\u0131lar ve jandarma g\u00f6revlileri ile m\u00fcfetti\u015fler yarg\u0131lanmaya ba\u015flad\u0131. Ana dava ile kamu g\u00f6revlilerinin yarg\u0131land\u0131\u011f\u0131 dava birle\u015ftirildi. Bug\u00fcne kadar 129 duru\u015fma yap\u0131ld\u0131. Emniyet m\u00fcd\u00fcrleri, jandarmalar, m\u00fcfetti\u015flerin oldu\u011fu 6\u2019s\u0131 tutuklu, 13 firari, 76 san\u0131kl\u0131 dava dosyas\u0131nda 500\u2019\u00fc a\u015fk\u0131n klas\u00f6r bulunuyor.<\/p>\n<p>14 y\u0131l boyunca mahkeme heyetinin 5 defa de\u011fi\u015fti\u011fi davan\u0131n son heyetinin ba\u015fkanl\u0131\u011f\u0131n\u0131 Ak\u0131n G\u00fcrlek yap\u0131yor.<\/p>\n<hr \/>\n<p><em><strong><a href=\"https:\/\/odatv4.com\/kritik-gun-bugun-05032126.html\" target=\"_blank\" rel=\"noopener noreferrer\">OdaTv<\/a><\/strong><\/em><\/p>\n","protected":false},"excerpt":{"rendered":"<p>6\u2019s\u0131 tutuklu, 13 firari toplam 76 san\u0131kl\u0131 davada sona gelindi\u2026 Agos Gazetesi Genel Yay\u0131n Y\u00f6netmeni Hrant Dink cinayetinde sorumlulu\u011fu bulunan 6\u2019s\u0131 tutuklu, 13 firari toplam 76 san\u0131kl\u0131 davada sona gelindi. Bug\u00fcn g\u00f6r\u00fclecek duru\u015fmada karar\u0131n a\u00e7\u0131klanmas\u0131 bekleniyor. \u0130stanbul 14. A\u011f\u0131r Ceza Mahkemesi\u2019nce yap\u0131lan yarg\u0131lamada, son duru\u015fma 10 \u015eubat 2021\u2019de g\u00f6r\u00fclm\u00fc\u015ft\u00fc. Son duru\u015fmada, san\u0131k savunmalar\u0131n\u0131n tamamlanmas\u0131n\u0131n ard\u0131ndan [&hellip;]<\/p>\n","protected":false},"author":7,"featured_media":61788,"comment_status":"open","ping_status":"open","sticky":false,"template":"","format":"standard","meta":{"footnotes":""},"categories":[1],"tags":[],"class_list":["post-61787","post","type-post","status-publish","format-standard","has-post-thumbnail","hentry","category-haberler"],"yoast_head":"<!-- This site is optimized with the Yoast SEO plugin v27.4 - https:\/\/yoast.com\/product\/yoast-seo-wordpress\/ -->\n<title>Kritik g\u00fcn bug\u00fcn - Bati Ermenistan Ve Bati Ermenileri Sorunlari Ara\u015ftirmalar Merkezi<\/title>\n<meta name=\"robots\" content=\"index, follow, max-snippet:-1, max-image-preview:large, max-video-preview:-1\" \/>\n<link rel=\"canonical\" href=\"https:\/\/akunq.net\/tr\/?p=61787\" \/>\n<meta property=\"og:locale\" content=\"en_US\" \/>\n<meta property=\"og:type\" content=\"article\" \/>\n<meta property=\"og:title\" content=\"Kritik g\u00fcn bug\u00fcn - Bati Ermenistan Ve Bati Ermenileri Sorunlari Ara\u015ftirmalar Merkezi\" \/>\n<meta property=\"og:description\" content=\"6\u2019s\u0131 tutuklu, 13 firari toplam 76 san\u0131kl\u0131 davada sona gelindi\u2026 Agos Gazetesi Genel Yay\u0131n Y\u00f6netmeni Hrant Dink cinayetinde sorumlulu\u011fu bulunan 6\u2019s\u0131 tutuklu, 13 firari toplam 76 san\u0131kl\u0131 davada sona gelindi. Bug\u00fcn g\u00f6r\u00fclecek duru\u015fmada karar\u0131n a\u00e7\u0131klanmas\u0131 bekleniyor. \u0130stanbul 14. A\u011f\u0131r Ceza Mahkemesi\u2019nce yap\u0131lan yarg\u0131lamada, son duru\u015fma 10 \u015eubat 2021\u2019de g\u00f6r\u00fclm\u00fc\u015ft\u00fc. Son duru\u015fmada, san\u0131k savunmalar\u0131n\u0131n tamamlanmas\u0131n\u0131n ard\u0131ndan [&hellip;]\" \/>\n<meta property=\"og:url\" content=\"https:\/\/akunq.net\/tr\/?p=61787\" \/>\n<meta property=\"og:site_name\" content=\"Bati Ermenistan Ve Bati Ermenileri Sorunlari Ara\u015ftirmalar Merkezi\" \/>\n<meta property=\"article:published_time\" content=\"2021-03-05T08:26:03+00:00\" \/>\n<meta property=\"og:image\" content=\"https:\/\/akunq.net\/tr\/wp-content\/uploads\/sites\/6\/2021\/03\/Hrant-Dink.jpg\" \/>\n\t<meta property=\"og:image:width\" content=\"940\" \/>\n\t<meta property=\"og:image:height\" content=\"350\" \/>\n\t<meta property=\"og:image:type\" content=\"image\/jpeg\" \/>\n<meta name=\"author\" content=\"admin\" \/>\n<meta name=\"twitter:card\" content=\"summary_large_image\" \/>\n<meta name=\"twitter:label1\" content=\"Written by\" \/>\n\t<meta name=\"twitter:data1\" content=\"admin\" \/>\n\t<meta name=\"twitter:label2\" content=\"Est. reading time\" \/>\n\t<meta name=\"twitter:data2\" content=\"7 minutes\" \/>\n<script type=\"application\/ld+json\" class=\"yoast-schema-graph\">{\"@context\":\"https:\\\/\\\/schema.org\",\"@graph\":[{\"@type\":\"Article\",\"@id\":\"https:\\\/\\\/akunq.net\\\/tr\\\/?p=61787#article\",\"isPartOf\":{\"@id\":\"https:\\\/\\\/akunq.net\\\/tr\\\/?p=61787\"},\"author\":{\"name\":\"admin\",\"@id\":\"https:\\\/\\\/akunq.net\\\/tr\\\/#\\\/schema\\\/person\\\/096f1d38a12cce57fb855b485ed24c9e\"},\"headline\":\"Kritik g\u00fcn bug\u00fcn\",\"datePublished\":\"2021-03-05T08:26:03+00:00\",\"mainEntityOfPage\":{\"@id\":\"https:\\\/\\\/akunq.net\\\/tr\\\/?p=61787\"},\"wordCount\":1367,\"commentCount\":0,\"image\":{\"@id\":\"https:\\\/\\\/akunq.net\\\/tr\\\/?p=61787#primaryimage\"},\"thumbnailUrl\":\"https:\\\/\\\/akunq.net\\\/tr\\\/wp-content\\\/uploads\\\/sites\\\/6\\\/2021\\\/03\\\/Hrant-Dink.jpg\",\"articleSection\":[\"Haberler\"],\"inLanguage\":\"en-US\",\"potentialAction\":[{\"@type\":\"CommentAction\",\"name\":\"Comment\",\"target\":[\"https:\\\/\\\/akunq.net\\\/tr\\\/?p=61787#respond\"]}]},{\"@type\":\"WebPage\",\"@id\":\"https:\\\/\\\/akunq.net\\\/tr\\\/?p=61787\",\"url\":\"https:\\\/\\\/akunq.net\\\/tr\\\/?p=61787\",\"name\":\"Kritik g\u00fcn bug\u00fcn - Bati Ermenistan Ve Bati Ermenileri Sorunlari Ara\u015ftirmalar Merkezi\",\"isPartOf\":{\"@id\":\"https:\\\/\\\/akunq.net\\\/tr\\\/#website\"},\"primaryImageOfPage\":{\"@id\":\"https:\\\/\\\/akunq.net\\\/tr\\\/?p=61787#primaryimage\"},\"image\":{\"@id\":\"https:\\\/\\\/akunq.net\\\/tr\\\/?p=61787#primaryimage\"},\"thumbnailUrl\":\"https:\\\/\\\/akunq.net\\\/tr\\\/wp-content\\\/uploads\\\/sites\\\/6\\\/2021\\\/03\\\/Hrant-Dink.jpg\",\"datePublished\":\"2021-03-05T08:26:03+00:00\",\"author\":{\"@id\":\"https:\\\/\\\/akunq.net\\\/tr\\\/#\\\/schema\\\/person\\\/096f1d38a12cce57fb855b485ed24c9e\"},\"breadcrumb\":{\"@id\":\"https:\\\/\\\/akunq.net\\\/tr\\\/?p=61787#breadcrumb\"},\"inLanguage\":\"en-US\",\"potentialAction\":[{\"@type\":\"ReadAction\",\"target\":[\"https:\\\/\\\/akunq.net\\\/tr\\\/?p=61787\"]}]},{\"@type\":\"ImageObject\",\"inLanguage\":\"en-US\",\"@id\":\"https:\\\/\\\/akunq.net\\\/tr\\\/?p=61787#primaryimage\",\"url\":\"https:\\\/\\\/akunq.net\\\/tr\\\/wp-content\\\/uploads\\\/sites\\\/6\\\/2021\\\/03\\\/Hrant-Dink.jpg\",\"contentUrl\":\"https:\\\/\\\/akunq.net\\\/tr\\\/wp-content\\\/uploads\\\/sites\\\/6\\\/2021\\\/03\\\/Hrant-Dink.jpg\",\"width\":940,\"height\":350},{\"@type\":\"BreadcrumbList\",\"@id\":\"https:\\\/\\\/akunq.net\\\/tr\\\/?p=61787#breadcrumb\",\"itemListElement\":[{\"@type\":\"ListItem\",\"position\":1,\"name\":\"Home\",\"item\":\"https:\\\/\\\/akunq.net\\\/tr\"},{\"@type\":\"ListItem\",\"position\":2,\"name\":\"Kritik g\u00fcn bug\u00fcn\"}]},{\"@type\":\"WebSite\",\"@id\":\"https:\\\/\\\/akunq.net\\\/tr\\\/#website\",\"url\":\"https:\\\/\\\/akunq.net\\\/tr\\\/\",\"name\":\"Bati Ermenistan Ve Bati Ermenileri Sorunlari Ara\u015ftirmalar Merkezi\",\"description\":\"\",\"potentialAction\":[{\"@type\":\"SearchAction\",\"target\":{\"@type\":\"EntryPoint\",\"urlTemplate\":\"https:\\\/\\\/akunq.net\\\/tr\\\/?s={search_term_string}\"},\"query-input\":{\"@type\":\"PropertyValueSpecification\",\"valueRequired\":true,\"valueName\":\"search_term_string\"}}],\"inLanguage\":\"en-US\"},{\"@type\":\"Person\",\"@id\":\"https:\\\/\\\/akunq.net\\\/tr\\\/#\\\/schema\\\/person\\\/096f1d38a12cce57fb855b485ed24c9e\",\"name\":\"admin\",\"url\":\"https:\\\/\\\/akunq.net\\\/tr\\\/?author=7\"}]}<\/script>\n<!-- \/ Yoast SEO plugin. -->","yoast_head_json":{"title":"Kritik g\u00fcn bug\u00fcn - Bati Ermenistan Ve Bati Ermenileri Sorunlari Ara\u015ftirmalar Merkezi","robots":{"index":"index","follow":"follow","max-snippet":"max-snippet:-1","max-image-preview":"max-image-preview:large","max-video-preview":"max-video-preview:-1"},"canonical":"https:\/\/akunq.net\/tr\/?p=61787","og_locale":"en_US","og_type":"article","og_title":"Kritik g\u00fcn bug\u00fcn - Bati Ermenistan Ve Bati Ermenileri Sorunlari Ara\u015ftirmalar Merkezi","og_description":"6\u2019s\u0131 tutuklu, 13 firari toplam 76 san\u0131kl\u0131 davada sona gelindi\u2026 Agos Gazetesi Genel Yay\u0131n Y\u00f6netmeni Hrant Dink cinayetinde sorumlulu\u011fu bulunan 6\u2019s\u0131 tutuklu, 13 firari toplam 76 san\u0131kl\u0131 davada sona gelindi. Bug\u00fcn g\u00f6r\u00fclecek duru\u015fmada karar\u0131n a\u00e7\u0131klanmas\u0131 bekleniyor. \u0130stanbul 14. A\u011f\u0131r Ceza Mahkemesi\u2019nce yap\u0131lan yarg\u0131lamada, son duru\u015fma 10 \u015eubat 2021\u2019de g\u00f6r\u00fclm\u00fc\u015ft\u00fc. Son duru\u015fmada, san\u0131k savunmalar\u0131n\u0131n tamamlanmas\u0131n\u0131n ard\u0131ndan [&hellip;]","og_url":"https:\/\/akunq.net\/tr\/?p=61787","og_site_name":"Bati Ermenistan Ve Bati Ermenileri Sorunlari Ara\u015ftirmalar Merkezi","article_published_time":"2021-03-05T08:26:03+00:00","og_image":[{"width":940,"height":350,"url":"https:\/\/akunq.net\/tr\/wp-content\/uploads\/sites\/6\/2021\/03\/Hrant-Dink.jpg","type":"image\/jpeg"}],"author":"admin","twitter_card":"summary_large_image","twitter_misc":{"Written by":"admin","Est. reading time":"7 minutes"},"schema":{"@context":"https:\/\/schema.org","@graph":[{"@type":"Article","@id":"https:\/\/akunq.net\/tr\/?p=61787#article","isPartOf":{"@id":"https:\/\/akunq.net\/tr\/?p=61787"},"author":{"name":"admin","@id":"https:\/\/akunq.net\/tr\/#\/schema\/person\/096f1d38a12cce57fb855b485ed24c9e"},"headline":"Kritik g\u00fcn bug\u00fcn","datePublished":"2021-03-05T08:26:03+00:00","mainEntityOfPage":{"@id":"https:\/\/akunq.net\/tr\/?p=61787"},"wordCount":1367,"commentCount":0,"image":{"@id":"https:\/\/akunq.net\/tr\/?p=61787#primaryimage"},"thumbnailUrl":"https:\/\/akunq.net\/tr\/wp-content\/uploads\/sites\/6\/2021\/03\/Hrant-Dink.jpg","articleSection":["Haberler"],"inLanguage":"en-US","potentialAction":[{"@type":"CommentAction","name":"Comment","target":["https:\/\/akunq.net\/tr\/?p=61787#respond"]}]},{"@type":"WebPage","@id":"https:\/\/akunq.net\/tr\/?p=61787","url":"https:\/\/akunq.net\/tr\/?p=61787","name":"Kritik g\u00fcn bug\u00fcn - Bati Ermenistan Ve Bati Ermenileri Sorunlari Ara\u015ftirmalar Merkezi","isPartOf":{"@id":"https:\/\/akunq.net\/tr\/#website"},"primaryImageOfPage":{"@id":"https:\/\/akunq.net\/tr\/?p=61787#primaryimage"},"image":{"@id":"https:\/\/akunq.net\/tr\/?p=61787#primaryimage"},"thumbnailUrl":"https:\/\/akunq.net\/tr\/wp-content\/uploads\/sites\/6\/2021\/03\/Hrant-Dink.jpg","datePublished":"2021-03-05T08:26:03+00:00","author":{"@id":"https:\/\/akunq.net\/tr\/#\/schema\/person\/096f1d38a12cce57fb855b485ed24c9e"},"breadcrumb":{"@id":"https:\/\/akunq.net\/tr\/?p=61787#breadcrumb"},"inLanguage":"en-US","potentialAction":[{"@type":"ReadAction","target":["https:\/\/akunq.net\/tr\/?p=61787"]}]},{"@type":"ImageObject","inLanguage":"en-US","@id":"https:\/\/akunq.net\/tr\/?p=61787#primaryimage","url":"https:\/\/akunq.net\/tr\/wp-content\/uploads\/sites\/6\/2021\/03\/Hrant-Dink.jpg","contentUrl":"https:\/\/akunq.net\/tr\/wp-content\/uploads\/sites\/6\/2021\/03\/Hrant-Dink.jpg","width":940,"height":350},{"@type":"BreadcrumbList","@id":"https:\/\/akunq.net\/tr\/?p=61787#breadcrumb","itemListElement":[{"@type":"ListItem","position":1,"name":"Home","item":"https:\/\/akunq.net\/tr"},{"@type":"ListItem","position":2,"name":"Kritik g\u00fcn bug\u00fcn"}]},{"@type":"WebSite","@id":"https:\/\/akunq.net\/tr\/#website","url":"https:\/\/akunq.net\/tr\/","name":"Bati Ermenistan Ve Bati Ermenileri Sorunlari Ara\u015ftirmalar Merkezi","description":"","potentialAction":[{"@type":"SearchAction","target":{"@type":"EntryPoint","urlTemplate":"https:\/\/akunq.net\/tr\/?s={search_term_string}"},"query-input":{"@type":"PropertyValueSpecification","valueRequired":true,"valueName":"search_term_string"}}],"inLanguage":"en-US"},{"@type":"Person","@id":"https:\/\/akunq.net\/tr\/#\/schema\/person\/096f1d38a12cce57fb855b485ed24c9e","name":"admin","url":"https:\/\/akunq.net\/tr\/?author=7"}]}},"_links":{"self":[{"href":"https:\/\/akunq.net\/tr\/index.php?rest_route=\/wp\/v2\/posts\/61787","targetHints":{"allow":["GET"]}}],"collection":[{"href":"https:\/\/akunq.net\/tr\/index.php?rest_route=\/wp\/v2\/posts"}],"about":[{"href":"https:\/\/akunq.net\/tr\/index.php?rest_route=\/wp\/v2\/types\/post"}],"author":[{"embeddable":true,"href":"https:\/\/akunq.net\/tr\/index.php?rest_route=\/wp\/v2\/users\/7"}],"replies":[{"embeddable":true,"href":"https:\/\/akunq.net\/tr\/index.php?rest_route=%2Fwp%2Fv2%2Fcomments&post=61787"}],"version-history":[{"count":1,"href":"https:\/\/akunq.net\/tr\/index.php?rest_route=\/wp\/v2\/posts\/61787\/revisions"}],"predecessor-version":[{"id":61789,"href":"https:\/\/akunq.net\/tr\/index.php?rest_route=\/wp\/v2\/posts\/61787\/revisions\/61789"}],"wp:featuredmedia":[{"embeddable":true,"href":"https:\/\/akunq.net\/tr\/index.php?rest_route=\/wp\/v2\/media\/61788"}],"wp:attachment":[{"href":"https:\/\/akunq.net\/tr\/index.php?rest_route=%2Fwp%2Fv2%2Fmedia&parent=61787"}],"wp:term":[{"taxonomy":"category","embeddable":true,"href":"https:\/\/akunq.net\/tr\/index.php?rest_route=%2Fwp%2Fv2%2Fcategories&post=61787"},{"taxonomy":"post_tag","embeddable":true,"href":"https:\/\/akunq.net\/tr\/index.php?rest_route=%2Fwp%2Fv2%2Ftags&post=61787"}],"curies":[{"name":"wp","href":"https:\/\/api.w.org\/{rel}","templated":true}]}}