{"id":61784,"date":"2021-03-05T03:14:16","date_gmt":"2021-03-05T08:14:16","guid":{"rendered":"https:\/\/akunq.net\/tr\/?p=61784"},"modified":"2021-03-05T03:14:16","modified_gmt":"2021-03-05T08:14:16","slug":"dink-cinayeti-davasi-5-martta-karar-aciklanmasi-bekleniyor","status":"publish","type":"post","link":"https:\/\/akunq.net\/tr\/?p=61784","title":{"rendered":"Dink Cinayeti Davas\u0131: 5 Mart\u2019ta karar a\u00e7\u0131klanmas\u0131 bekleniyor"},"content":{"rendered":"<p><img loading=\"lazy\" decoding=\"async\" class=\"aligncenter size-medium wp-image-61785\" src=\"https:\/\/akunq.net\/tr\/wp-content\/uploads\/2021\/03\/Dink-Cinayeti-360x182.jpg\" alt=\"\" width=\"360\" height=\"182\" srcset=\"https:\/\/akunq.net\/tr\/wp-content\/uploads\/sites\/6\/2021\/03\/Dink-Cinayeti-360x182.jpg 360w, https:\/\/akunq.net\/tr\/wp-content\/uploads\/sites\/6\/2021\/03\/Dink-Cinayeti-560x282.jpg 560w, https:\/\/akunq.net\/tr\/wp-content\/uploads\/sites\/6\/2021\/03\/Dink-Cinayeti-260x131.jpg 260w, https:\/\/akunq.net\/tr\/wp-content\/uploads\/sites\/6\/2021\/03\/Dink-Cinayeti-160x81.jpg 160w, https:\/\/akunq.net\/tr\/wp-content\/uploads\/sites\/6\/2021\/03\/Dink-Cinayeti.jpg 702w\" sizes=\"auto, (max-width: 360px) 100vw, 360px\" \/><\/p>\n<p><em><strong>Kamu g\u00f6revlilerinin yarg\u0131land\u0131\u011f\u0131 Hrant Dink Cinayeti Davas\u0131\u2019nda 5 Mart Cuma g\u00fcn\u00fc karar a\u00e7\u0131klanmas\u0131 bekleniyor.<\/strong><\/em><\/p>\n<p>2016 y\u0131l\u0131nda ba\u015flayan, kamu g\u00f6revlilerinin yarg\u0131land\u0131\u011f\u0131, d\u00f6rt kez mahkeme heyetinin de\u011fi\u015fti\u011fi Hrant Dink Cinayeti Davas\u0131\u2019nda karar a\u015famas\u0131na gelindi. Yarg\u0131lamay\u0131 ger\u00e7ekle\u015ftiren \u0130stanbul 14. A\u011f\u0131r Ceza Mahkemesi\u2019nin 5 Mart Cuma g\u00fcnk\u00fc duru\u015fmada karar\u0131n\u0131 a\u00e7\u0131klamas\u0131 bekleniyor. 76 san\u0131kl\u0131 davada 129 duru\u015fma g\u00f6r\u00fcld\u00fc. \u00d6nceki ay savc\u0131l\u0131\u011f\u0131n esas hakk\u0131ndaki m\u00fctalaas\u0131n\u0131 sunmas\u0131ndan sonra t\u00fcm san\u0131klar nihai savunmalar\u0131n\u0131 yapt\u0131lar. Son olarak Dink Ailesi avukatlar\u0131 da esasa dair g\u00f6r\u00fc\u015flerini mahkemeye sundu.<\/p>\n<p>10 \u015eubat\u2019taki celsede yarg\u0131 s\u00fcrecinde eksik b\u0131rak\u0131lan hususlara dikkat \u00e7eken Dink Ailesi avukatlar\u0131 Hrant Dink\u2019i hedef haline getiren eylem ve geli\u015fmeleri s\u0131ralad\u0131, Dink i\u00e7in t\u00fcm bu atmosfere ra\u011fmen koruma \u00f6nlemi al\u0131nmad\u0131\u011f\u0131n\u0131 vurgulad\u0131, cinayette sorumlulu\u011fu olan kamu g\u00f6revlilerinin gerekti\u011fi \u015fekilde yarg\u0131lanmad\u0131\u011f\u0131n\u0131 ifade etti.<\/p>\n<p>Avukatlar Dink\u2019i hedef haline getiren s\u00fcrecin gere\u011fince soru\u015fturulmad\u0131\u011f\u0131na dikkat \u00e7ekerken, a\u00e7\u0131k tehdide ra\u011fmen Hrant Dink hakk\u0131nda koruma \u00f6nemi al\u0131nmad\u0131\u011f\u0131n\u0131 da vurgulad\u0131lar ve \u0130stanbul Emniyeti\u2019nin cinayetten sonra belge d\u00fczenledi\u011fine dikkat \u00e7ektiler. Trabzon ve \u0130stanbul Emniyeti\u2019nin cinayet i\u015flenece\u011fine dair somut bilgiye sahip olmalar\u0131na ra\u011fmen cinayeti \u00f6nlemediklerini ifade ettiler.<\/p>\n<p>Kamu g\u00f6revlilerinin yarg\u0131land\u0131\u011f\u0131 davada Ramazan Aky\u00fcrek, Ali Fuat Y\u0131lmazer, Hamza Celepo\u011flu, Muharrem Demirkale, Ercan G\u00fcn, Okan \u015eim\u015fek ve Veysal \u015eahin tutuklu olarak yarg\u0131lan\u0131yor.<\/p>\n<p><strong>\u0130stenen cezalar<\/strong><br \/>\nSavc\u0131l\u0131k Ramazan Aky\u00fcrek, Ali Fuat Y\u0131lmazer, Ercan G\u00fcn, Muharrem Demirkale, Hamza Celepo\u011flu, Ali \u00d6z hakk\u0131nda m\u00fcebbet hapis istedi. Savc\u0131l\u0131k Trabzon, \u0130stanbul ve Samsun jandarma ve emniyet istihbarat elemanlar\u0131ndan toplam 18 ki\u015fi i\u00e7in de m\u00fcebbet hapis cezas\u0131 talep etti.<\/p>\n<p>Savc\u0131l\u0131k, san\u0131klardan Eski \u0130stihbarat Daire Ba\u015fkan\u0131 Engin Din\u00e7 ve d\u00f6nemin \u0130stanbul \u0130stihbarat \u015fube M\u00fcd\u00fcr\u00fc Ahmet \u0130lhan G\u00fcler i\u00e7in ihmali davran\u0131\u015fla kasten adam \u00f6ld\u00fcrmek su\u00e7lamalar\u0131ndan beraat, g\u00f6revi ihmalden ceza istedi ve g\u00f6zalt\u0131nda ge\u00e7irilen s\u00fcrelerin mahsubu talep edildi. Eski \u0130stanbul Emniyet M\u00fcd\u00fcr\u00fc Celalettin Cerrah ve eski \u0130stihbarat Daire Ba\u015fkan\u0131 Sabri Uzun i\u00e7in de g\u00f6revi ihmal cezas\u0131 istendi. (Bkz: Dink Cinayeti Davas\u0131: Savc\u0131l\u0131k m\u00fctalaas\u0131n\u0131 a\u00e7\u0131klad\u0131 )<\/p>\n<p>Dink Ailesi avukatlar\u0131 ise Celalettin Cerrah, Ahmet \u0130lhan G\u00fcler ve Engin Din\u00e7\u2019in TCK\u2019n\u0131n \u201cKasten \u00f6ld\u00fcrmenin ihmali davran\u0131\u015fla i\u015flenmesi\u201d su\u00e7unu d\u00fczenleyen 83. Maddesi ile cezaland\u0131r\u0131lmas\u0131n\u0131 talep ediyor.<\/p>\n<p>San\u0131k Ramazan Aky\u00fcrek\u2019in silahl\u0131 FET\u00d6\/PDY\u2019nin ama\u00e7lar\u0131 do\u011frultusunda, \u201ctasarlayarak bir ki\u015fiyi kasten \u00f6ld\u00fcrmeye i\u015ftirak\u201d, \u201cFET\u00d6 y\u00f6neticili\u011fi\u201d, \u201cresmi belgede sahtecilik\u201d, \u201cresmi belgenin yok edilmesi ve gizlenmesi\u201d ile \u201cg\u00f6revi k\u00f6t\u00fcye kullanma\u201d su\u00e7lar\u0131ndan a\u011f\u0131rla\u015ft\u0131r\u0131lm\u0131\u015f m\u00fcebbet ile 21 y\u0131l 6 aydan 40 y\u0131la kadar hapis cezas\u0131na \u00e7arpt\u0131r\u0131lmas\u0131 istenen m\u00fctalaada, tutuklu san\u0131k Muharrem Demirkale ve M\u0130T t\u0131rlar\u0131n\u0131n durdurulmas\u0131 davas\u0131nda hapse mahkum edilen san\u0131k Hamza Celepo\u011flu hakk\u0131nda ise \u201cAnayasay\u0131 ihlal\u201d su\u00e7undan ayr\u0131 ayr\u0131 a\u011f\u0131rla\u015ft\u0131r\u0131lm\u0131\u015f m\u00fcebbet, \u201ckasten \u00f6ld\u00fcrme\u201d su\u00e7undan da ayr\u0131 ayr\u0131 m\u00fcebbet ile \u201cFET\u00d6 \u00fcyeli\u011fi\u201d su\u00e7undan 7 y\u0131l 6 aydan 15\u2019er y\u0131la kadar hapis cezas\u0131 verilmesi talep edildi.<\/p>\n<p>M\u00fctalaada, tutuklu san\u0131k Ercan G\u00fcn i\u00e7in \u201cAnayasay\u0131 ihlal\u201d su\u00e7undan a\u011f\u0131rla\u015ft\u0131r\u0131lm\u0131\u015f m\u00fcebbet ile \u201cFET\u00d6 \u00fcyeli\u011fi\u201d su\u00e7undan 7,5 y\u0131ldan 15 y\u0131la kadar hapis cezas\u0131na \u00e7arpt\u0131r\u0131lmas\u0131 talep edildi.<\/p>\n<p>Tutuklu san\u0131k Ali Fuat Y\u0131lmazer\u2019in silahl\u0131 FET\u00d6\/PDY\u2019nin ama\u00e7lar\u0131 do\u011frultusunda \u00f6nceden \u00f6ld\u00fcr\u00fclece\u011fini bildi\u011fi Hrant Dink\u2019in hayat\u0131n\u0131 korumak i\u00e7in g\u00f6revini yerine getirmedi\u011fi, san\u0131\u011f\u0131n eylemlerinin bir ki\u015fiyi tasarlayarak kasten \u00f6ld\u00fcrmeye i\u015ftirak su\u00e7unu olu\u015fturdu\u011fu, resmi belgenin yok edilmesi ve gizlenmesi su\u00e7u ile g\u00f6revi k\u00f6t\u00fcye kullanma su\u00e7lar\u0131n\u0131 da i\u015fledi\u011finin anla\u015f\u0131ld\u0131\u011f\u0131 \u00f6ne s\u00fcr\u00fclen m\u00fctalaada, Y\u0131lmazer\u2019in \u201ctasarlayarak kasten \u00f6ld\u00fcrme\u201d su\u00e7undan a\u011f\u0131rla\u015ft\u0131r\u0131lm\u0131\u015f m\u00fcebbet ile \u201cFET\u00d6 y\u00f6neticili\u011fi\u201d, \u201cresmi belgenin yok edilmesi veya gizlenmesi\u201d ile \u201cg\u00f6revi k\u00f6t\u00fcye kullanma\u201d su\u00e7lar\u0131ndan 18 y\u0131l 3 aydan 31 y\u0131la kadar hapis cezas\u0131na \u00e7arpt\u0131r\u0131lmas\u0131 istendi.<\/p>\n<p>Savc\u0131l\u0131k, Trabzon \u0130l Jandarma Komutan\u0131 olarak g\u00f6rev yapan San\u0131k Ali \u00d6z i\u00e7in de anayasal d\u00fczeni ortadan kald\u0131rmaya te\u015febb\u00fcs su\u00e7undan a\u011f\u0131rla\u015ft\u0131r\u0131lm\u0131\u015f m\u00fcebbet hapsi istedi.<\/p>\n<p>San\u0131klar savunmalar\u0131nda su\u00e7lamalar\u0131 reddettiler.<\/p>\n<p>San\u0131k savunmalar\u0131 i\u00e7in Bkz: \u201cDink Cinayeti: Muharrem Demirkale ve Ramazan Aky\u00fcrek savunma yapt\u0131\u201d , \u201cDink Cinayeti: San\u0131k savunmalar\u0131nda sona gelindi\u201d , \u201cDink Cinayeti Davas\u0131: Ercan G\u00fcn savunma yapt\u0131\u201d , \u201cBu i\u015fin alt\u0131ndan kalkamay\u0131z, te\u015fkilat zora d\u00fc\u015fer, dediler\u201d , Dink Cinayeti Davas\u0131\u2019nda J\u0130TEM \u201cs\u00fcr\u00e7mesi\u201d , \u201cDink Cinayeti: Ahmet \u0130lhan G\u00fcler ve Engin Din\u00e7 savunma yapt\u0131\u201d<\/p>\n<p><strong>Hrant\u2019\u0131n Arkada\u015flar\u0131 bulu\u015fuyor<\/strong><\/p>\n<p>Duru\u015fma \u00f6ncesinde ba\u015flang\u0131\u00e7tan bu yana t\u00fcm duru\u015fmalar\u0131 takip eden Hrant\u2019\u0131n Arkada\u015flar\u0131 inisiyatifi de 5 Mart Cuma g\u00fcn\u00fc saat 10.00\u2019da \u00c7a\u011flayan Adliyesi C Kap\u0131s\u0131 \u00f6n\u00fcnde bulu\u015facaklar\u0131n\u0131 a\u00e7\u0131klad\u0131lar.<\/p>\n<hr \/>\n<p><em><strong><a href=\"http:\/\/www.agos.com.tr\/tr\/yazi\/25400\/dink-cinayeti-davasi-5-mart-ta-karar-aciklanmasi-bekleniyor\" target=\"_blank\" rel=\"noopener noreferrer\">Agos<\/a><\/strong><\/em><\/p>\n","protected":false},"excerpt":{"rendered":"<p>Kamu g\u00f6revlilerinin yarg\u0131land\u0131\u011f\u0131 Hrant Dink Cinayeti Davas\u0131\u2019nda 5 Mart Cuma g\u00fcn\u00fc karar a\u00e7\u0131klanmas\u0131 bekleniyor. 2016 y\u0131l\u0131nda ba\u015flayan, kamu g\u00f6revlilerinin yarg\u0131land\u0131\u011f\u0131, d\u00f6rt kez mahkeme heyetinin de\u011fi\u015fti\u011fi Hrant Dink Cinayeti Davas\u0131\u2019nda karar a\u015famas\u0131na gelindi. Yarg\u0131lamay\u0131 ger\u00e7ekle\u015ftiren \u0130stanbul 14. A\u011f\u0131r Ceza Mahkemesi\u2019nin 5 Mart Cuma g\u00fcnk\u00fc duru\u015fmada karar\u0131n\u0131 a\u00e7\u0131klamas\u0131 bekleniyor. 76 san\u0131kl\u0131 davada 129 duru\u015fma g\u00f6r\u00fcld\u00fc. \u00d6nceki ay [&hellip;]<\/p>\n","protected":false},"author":7,"featured_media":61785,"comment_status":"open","ping_status":"open","sticky":false,"template":"","format":"standard","meta":{"footnotes":""},"categories":[1],"tags":[],"class_list":["post-61784","post","type-post","status-publish","format-standard","has-post-thumbnail","hentry","category-haberler"],"yoast_head":"<!-- This site is optimized with the Yoast SEO plugin v27.4 - https:\/\/yoast.com\/product\/yoast-seo-wordpress\/ -->\n<title>Dink Cinayeti Davas\u0131: 5 Mart\u2019ta karar a\u00e7\u0131klanmas\u0131 bekleniyor - Bati Ermenistan Ve Bati Ermenileri Sorunlari Ara\u015ftirmalar Merkezi<\/title>\n<meta name=\"robots\" content=\"index, follow, max-snippet:-1, max-image-preview:large, max-video-preview:-1\" \/>\n<link rel=\"canonical\" href=\"https:\/\/akunq.net\/tr\/?p=61784\" \/>\n<meta property=\"og:locale\" content=\"en_US\" \/>\n<meta property=\"og:type\" content=\"article\" \/>\n<meta property=\"og:title\" content=\"Dink Cinayeti Davas\u0131: 5 Mart\u2019ta karar a\u00e7\u0131klanmas\u0131 bekleniyor - Bati Ermenistan Ve Bati Ermenileri Sorunlari Ara\u015ftirmalar Merkezi\" \/>\n<meta property=\"og:description\" content=\"Kamu g\u00f6revlilerinin yarg\u0131land\u0131\u011f\u0131 Hrant Dink Cinayeti Davas\u0131\u2019nda 5 Mart Cuma g\u00fcn\u00fc karar a\u00e7\u0131klanmas\u0131 bekleniyor. 2016 y\u0131l\u0131nda ba\u015flayan, kamu g\u00f6revlilerinin yarg\u0131land\u0131\u011f\u0131, d\u00f6rt kez mahkeme heyetinin de\u011fi\u015fti\u011fi Hrant Dink Cinayeti Davas\u0131\u2019nda karar a\u015famas\u0131na gelindi. Yarg\u0131lamay\u0131 ger\u00e7ekle\u015ftiren \u0130stanbul 14. A\u011f\u0131r Ceza Mahkemesi\u2019nin 5 Mart Cuma g\u00fcnk\u00fc duru\u015fmada karar\u0131n\u0131 a\u00e7\u0131klamas\u0131 bekleniyor. 76 san\u0131kl\u0131 davada 129 duru\u015fma g\u00f6r\u00fcld\u00fc. \u00d6nceki ay [&hellip;]\" \/>\n<meta property=\"og:url\" content=\"https:\/\/akunq.net\/tr\/?p=61784\" \/>\n<meta property=\"og:site_name\" content=\"Bati Ermenistan Ve Bati Ermenileri Sorunlari Ara\u015ftirmalar Merkezi\" \/>\n<meta property=\"article:published_time\" content=\"2021-03-05T08:14:16+00:00\" \/>\n<meta property=\"og:image\" content=\"https:\/\/akunq.net\/tr\/wp-content\/uploads\/sites\/6\/2021\/03\/Dink-Cinayeti.jpg\" \/>\n\t<meta property=\"og:image:width\" content=\"702\" \/>\n\t<meta property=\"og:image:height\" content=\"354\" \/>\n\t<meta property=\"og:image:type\" content=\"image\/jpeg\" \/>\n<meta name=\"author\" content=\"admin\" \/>\n<meta name=\"twitter:card\" content=\"summary_large_image\" \/>\n<meta name=\"twitter:label1\" content=\"Written by\" \/>\n\t<meta name=\"twitter:data1\" content=\"admin\" \/>\n\t<meta name=\"twitter:label2\" content=\"Est. reading time\" \/>\n\t<meta name=\"twitter:data2\" content=\"5 minutes\" \/>\n<script type=\"application\/ld+json\" class=\"yoast-schema-graph\">{\"@context\":\"https:\\\/\\\/schema.org\",\"@graph\":[{\"@type\":\"Article\",\"@id\":\"https:\\\/\\\/akunq.net\\\/tr\\\/?p=61784#article\",\"isPartOf\":{\"@id\":\"https:\\\/\\\/akunq.net\\\/tr\\\/?p=61784\"},\"author\":{\"name\":\"admin\",\"@id\":\"https:\\\/\\\/akunq.net\\\/tr\\\/#\\\/schema\\\/person\\\/096f1d38a12cce57fb855b485ed24c9e\"},\"headline\":\"Dink Cinayeti Davas\u0131: 5 Mart\u2019ta karar a\u00e7\u0131klanmas\u0131 bekleniyor\",\"datePublished\":\"2021-03-05T08:14:16+00:00\",\"mainEntityOfPage\":{\"@id\":\"https:\\\/\\\/akunq.net\\\/tr\\\/?p=61784\"},\"wordCount\":923,\"commentCount\":0,\"image\":{\"@id\":\"https:\\\/\\\/akunq.net\\\/tr\\\/?p=61784#primaryimage\"},\"thumbnailUrl\":\"https:\\\/\\\/akunq.net\\\/tr\\\/wp-content\\\/uploads\\\/sites\\\/6\\\/2021\\\/03\\\/Dink-Cinayeti.jpg\",\"articleSection\":[\"Haberler\"],\"inLanguage\":\"en-US\",\"potentialAction\":[{\"@type\":\"CommentAction\",\"name\":\"Comment\",\"target\":[\"https:\\\/\\\/akunq.net\\\/tr\\\/?p=61784#respond\"]}]},{\"@type\":\"WebPage\",\"@id\":\"https:\\\/\\\/akunq.net\\\/tr\\\/?p=61784\",\"url\":\"https:\\\/\\\/akunq.net\\\/tr\\\/?p=61784\",\"name\":\"Dink Cinayeti Davas\u0131: 5 Mart\u2019ta karar a\u00e7\u0131klanmas\u0131 bekleniyor - Bati Ermenistan Ve Bati Ermenileri Sorunlari Ara\u015ftirmalar Merkezi\",\"isPartOf\":{\"@id\":\"https:\\\/\\\/akunq.net\\\/tr\\\/#website\"},\"primaryImageOfPage\":{\"@id\":\"https:\\\/\\\/akunq.net\\\/tr\\\/?p=61784#primaryimage\"},\"image\":{\"@id\":\"https:\\\/\\\/akunq.net\\\/tr\\\/?p=61784#primaryimage\"},\"thumbnailUrl\":\"https:\\\/\\\/akunq.net\\\/tr\\\/wp-content\\\/uploads\\\/sites\\\/6\\\/2021\\\/03\\\/Dink-Cinayeti.jpg\",\"datePublished\":\"2021-03-05T08:14:16+00:00\",\"author\":{\"@id\":\"https:\\\/\\\/akunq.net\\\/tr\\\/#\\\/schema\\\/person\\\/096f1d38a12cce57fb855b485ed24c9e\"},\"breadcrumb\":{\"@id\":\"https:\\\/\\\/akunq.net\\\/tr\\\/?p=61784#breadcrumb\"},\"inLanguage\":\"en-US\",\"potentialAction\":[{\"@type\":\"ReadAction\",\"target\":[\"https:\\\/\\\/akunq.net\\\/tr\\\/?p=61784\"]}]},{\"@type\":\"ImageObject\",\"inLanguage\":\"en-US\",\"@id\":\"https:\\\/\\\/akunq.net\\\/tr\\\/?p=61784#primaryimage\",\"url\":\"https:\\\/\\\/akunq.net\\\/tr\\\/wp-content\\\/uploads\\\/sites\\\/6\\\/2021\\\/03\\\/Dink-Cinayeti.jpg\",\"contentUrl\":\"https:\\\/\\\/akunq.net\\\/tr\\\/wp-content\\\/uploads\\\/sites\\\/6\\\/2021\\\/03\\\/Dink-Cinayeti.jpg\",\"width\":702,\"height\":354},{\"@type\":\"BreadcrumbList\",\"@id\":\"https:\\\/\\\/akunq.net\\\/tr\\\/?p=61784#breadcrumb\",\"itemListElement\":[{\"@type\":\"ListItem\",\"position\":1,\"name\":\"Home\",\"item\":\"https:\\\/\\\/akunq.net\\\/tr\"},{\"@type\":\"ListItem\",\"position\":2,\"name\":\"Dink Cinayeti Davas\u0131: 5 Mart\u2019ta karar a\u00e7\u0131klanmas\u0131 bekleniyor\"}]},{\"@type\":\"WebSite\",\"@id\":\"https:\\\/\\\/akunq.net\\\/tr\\\/#website\",\"url\":\"https:\\\/\\\/akunq.net\\\/tr\\\/\",\"name\":\"Bati Ermenistan Ve Bati Ermenileri Sorunlari Ara\u015ftirmalar Merkezi\",\"description\":\"\",\"potentialAction\":[{\"@type\":\"SearchAction\",\"target\":{\"@type\":\"EntryPoint\",\"urlTemplate\":\"https:\\\/\\\/akunq.net\\\/tr\\\/?s={search_term_string}\"},\"query-input\":{\"@type\":\"PropertyValueSpecification\",\"valueRequired\":true,\"valueName\":\"search_term_string\"}}],\"inLanguage\":\"en-US\"},{\"@type\":\"Person\",\"@id\":\"https:\\\/\\\/akunq.net\\\/tr\\\/#\\\/schema\\\/person\\\/096f1d38a12cce57fb855b485ed24c9e\",\"name\":\"admin\",\"url\":\"https:\\\/\\\/akunq.net\\\/tr\\\/?author=7\"}]}<\/script>\n<!-- \/ Yoast SEO plugin. -->","yoast_head_json":{"title":"Dink Cinayeti Davas\u0131: 5 Mart\u2019ta karar a\u00e7\u0131klanmas\u0131 bekleniyor - Bati Ermenistan Ve Bati Ermenileri Sorunlari Ara\u015ftirmalar Merkezi","robots":{"index":"index","follow":"follow","max-snippet":"max-snippet:-1","max-image-preview":"max-image-preview:large","max-video-preview":"max-video-preview:-1"},"canonical":"https:\/\/akunq.net\/tr\/?p=61784","og_locale":"en_US","og_type":"article","og_title":"Dink Cinayeti Davas\u0131: 5 Mart\u2019ta karar a\u00e7\u0131klanmas\u0131 bekleniyor - Bati Ermenistan Ve Bati Ermenileri Sorunlari Ara\u015ftirmalar Merkezi","og_description":"Kamu g\u00f6revlilerinin yarg\u0131land\u0131\u011f\u0131 Hrant Dink Cinayeti Davas\u0131\u2019nda 5 Mart Cuma g\u00fcn\u00fc karar a\u00e7\u0131klanmas\u0131 bekleniyor. 2016 y\u0131l\u0131nda ba\u015flayan, kamu g\u00f6revlilerinin yarg\u0131land\u0131\u011f\u0131, d\u00f6rt kez mahkeme heyetinin de\u011fi\u015fti\u011fi Hrant Dink Cinayeti Davas\u0131\u2019nda karar a\u015famas\u0131na gelindi. Yarg\u0131lamay\u0131 ger\u00e7ekle\u015ftiren \u0130stanbul 14. A\u011f\u0131r Ceza Mahkemesi\u2019nin 5 Mart Cuma g\u00fcnk\u00fc duru\u015fmada karar\u0131n\u0131 a\u00e7\u0131klamas\u0131 bekleniyor. 76 san\u0131kl\u0131 davada 129 duru\u015fma g\u00f6r\u00fcld\u00fc. \u00d6nceki ay [&hellip;]","og_url":"https:\/\/akunq.net\/tr\/?p=61784","og_site_name":"Bati Ermenistan Ve Bati Ermenileri Sorunlari Ara\u015ftirmalar Merkezi","article_published_time":"2021-03-05T08:14:16+00:00","og_image":[{"width":702,"height":354,"url":"https:\/\/akunq.net\/tr\/wp-content\/uploads\/sites\/6\/2021\/03\/Dink-Cinayeti.jpg","type":"image\/jpeg"}],"author":"admin","twitter_card":"summary_large_image","twitter_misc":{"Written by":"admin","Est. reading time":"5 minutes"},"schema":{"@context":"https:\/\/schema.org","@graph":[{"@type":"Article","@id":"https:\/\/akunq.net\/tr\/?p=61784#article","isPartOf":{"@id":"https:\/\/akunq.net\/tr\/?p=61784"},"author":{"name":"admin","@id":"https:\/\/akunq.net\/tr\/#\/schema\/person\/096f1d38a12cce57fb855b485ed24c9e"},"headline":"Dink Cinayeti Davas\u0131: 5 Mart\u2019ta karar a\u00e7\u0131klanmas\u0131 bekleniyor","datePublished":"2021-03-05T08:14:16+00:00","mainEntityOfPage":{"@id":"https:\/\/akunq.net\/tr\/?p=61784"},"wordCount":923,"commentCount":0,"image":{"@id":"https:\/\/akunq.net\/tr\/?p=61784#primaryimage"},"thumbnailUrl":"https:\/\/akunq.net\/tr\/wp-content\/uploads\/sites\/6\/2021\/03\/Dink-Cinayeti.jpg","articleSection":["Haberler"],"inLanguage":"en-US","potentialAction":[{"@type":"CommentAction","name":"Comment","target":["https:\/\/akunq.net\/tr\/?p=61784#respond"]}]},{"@type":"WebPage","@id":"https:\/\/akunq.net\/tr\/?p=61784","url":"https:\/\/akunq.net\/tr\/?p=61784","name":"Dink Cinayeti Davas\u0131: 5 Mart\u2019ta karar a\u00e7\u0131klanmas\u0131 bekleniyor - Bati Ermenistan Ve Bati Ermenileri Sorunlari Ara\u015ftirmalar Merkezi","isPartOf":{"@id":"https:\/\/akunq.net\/tr\/#website"},"primaryImageOfPage":{"@id":"https:\/\/akunq.net\/tr\/?p=61784#primaryimage"},"image":{"@id":"https:\/\/akunq.net\/tr\/?p=61784#primaryimage"},"thumbnailUrl":"https:\/\/akunq.net\/tr\/wp-content\/uploads\/sites\/6\/2021\/03\/Dink-Cinayeti.jpg","datePublished":"2021-03-05T08:14:16+00:00","author":{"@id":"https:\/\/akunq.net\/tr\/#\/schema\/person\/096f1d38a12cce57fb855b485ed24c9e"},"breadcrumb":{"@id":"https:\/\/akunq.net\/tr\/?p=61784#breadcrumb"},"inLanguage":"en-US","potentialAction":[{"@type":"ReadAction","target":["https:\/\/akunq.net\/tr\/?p=61784"]}]},{"@type":"ImageObject","inLanguage":"en-US","@id":"https:\/\/akunq.net\/tr\/?p=61784#primaryimage","url":"https:\/\/akunq.net\/tr\/wp-content\/uploads\/sites\/6\/2021\/03\/Dink-Cinayeti.jpg","contentUrl":"https:\/\/akunq.net\/tr\/wp-content\/uploads\/sites\/6\/2021\/03\/Dink-Cinayeti.jpg","width":702,"height":354},{"@type":"BreadcrumbList","@id":"https:\/\/akunq.net\/tr\/?p=61784#breadcrumb","itemListElement":[{"@type":"ListItem","position":1,"name":"Home","item":"https:\/\/akunq.net\/tr"},{"@type":"ListItem","position":2,"name":"Dink Cinayeti Davas\u0131: 5 Mart\u2019ta karar a\u00e7\u0131klanmas\u0131 bekleniyor"}]},{"@type":"WebSite","@id":"https:\/\/akunq.net\/tr\/#website","url":"https:\/\/akunq.net\/tr\/","name":"Bati Ermenistan Ve Bati Ermenileri Sorunlari Ara\u015ftirmalar Merkezi","description":"","potentialAction":[{"@type":"SearchAction","target":{"@type":"EntryPoint","urlTemplate":"https:\/\/akunq.net\/tr\/?s={search_term_string}"},"query-input":{"@type":"PropertyValueSpecification","valueRequired":true,"valueName":"search_term_string"}}],"inLanguage":"en-US"},{"@type":"Person","@id":"https:\/\/akunq.net\/tr\/#\/schema\/person\/096f1d38a12cce57fb855b485ed24c9e","name":"admin","url":"https:\/\/akunq.net\/tr\/?author=7"}]}},"_links":{"self":[{"href":"https:\/\/akunq.net\/tr\/index.php?rest_route=\/wp\/v2\/posts\/61784","targetHints":{"allow":["GET"]}}],"collection":[{"href":"https:\/\/akunq.net\/tr\/index.php?rest_route=\/wp\/v2\/posts"}],"about":[{"href":"https:\/\/akunq.net\/tr\/index.php?rest_route=\/wp\/v2\/types\/post"}],"author":[{"embeddable":true,"href":"https:\/\/akunq.net\/tr\/index.php?rest_route=\/wp\/v2\/users\/7"}],"replies":[{"embeddable":true,"href":"https:\/\/akunq.net\/tr\/index.php?rest_route=%2Fwp%2Fv2%2Fcomments&post=61784"}],"version-history":[{"count":1,"href":"https:\/\/akunq.net\/tr\/index.php?rest_route=\/wp\/v2\/posts\/61784\/revisions"}],"predecessor-version":[{"id":61786,"href":"https:\/\/akunq.net\/tr\/index.php?rest_route=\/wp\/v2\/posts\/61784\/revisions\/61786"}],"wp:featuredmedia":[{"embeddable":true,"href":"https:\/\/akunq.net\/tr\/index.php?rest_route=\/wp\/v2\/media\/61785"}],"wp:attachment":[{"href":"https:\/\/akunq.net\/tr\/index.php?rest_route=%2Fwp%2Fv2%2Fmedia&parent=61784"}],"wp:term":[{"taxonomy":"category","embeddable":true,"href":"https:\/\/akunq.net\/tr\/index.php?rest_route=%2Fwp%2Fv2%2Fcategories&post=61784"},{"taxonomy":"post_tag","embeddable":true,"href":"https:\/\/akunq.net\/tr\/index.php?rest_route=%2Fwp%2Fv2%2Ftags&post=61784"}],"curies":[{"name":"wp","href":"https:\/\/api.w.org\/{rel}","templated":true}]}}