{"id":61781,"date":"2021-03-05T02:51:46","date_gmt":"2021-03-05T07:51:46","guid":{"rendered":"https:\/\/akunq.net\/tr\/?p=61781"},"modified":"2021-03-05T02:51:46","modified_gmt":"2021-03-05T07:51:46","slug":"dokunulmazlik-dosyalari-muhalefeti-parcalama-operasyonu","status":"publish","type":"post","link":"https:\/\/akunq.net\/tr\/?p=61781","title":{"rendered":"&#8220;Dokunulmazl\u0131k dosyalar\u0131 muhalefeti par\u00e7alama operasyonu&#8221;"},"content":{"rendered":"<div><img loading=\"lazy\" decoding=\"async\" class=\"aligncenter size-medium wp-image-61782\" src=\"https:\/\/akunq.net\/tr\/wp-content\/uploads\/2021\/03\/Garo-Paylan-360x239.jpg\" alt=\"\" width=\"360\" height=\"239\" srcset=\"https:\/\/akunq.net\/tr\/wp-content\/uploads\/sites\/6\/2021\/03\/Garo-Paylan-360x239.jpg 360w, https:\/\/akunq.net\/tr\/wp-content\/uploads\/sites\/6\/2021\/03\/Garo-Paylan-560x373.jpg 560w, https:\/\/akunq.net\/tr\/wp-content\/uploads\/sites\/6\/2021\/03\/Garo-Paylan-260x173.jpg 260w, https:\/\/akunq.net\/tr\/wp-content\/uploads\/sites\/6\/2021\/03\/Garo-Paylan-160x106.jpg 160w, https:\/\/akunq.net\/tr\/wp-content\/uploads\/sites\/6\/2021\/03\/Garo-Paylan.jpg 702w\" sizes=\"auto, (max-width: 360px) 100vw, 360px\" \/><\/div>\n<div class=\"post-meta\"><strong><span class=\"posted-by\"><span class=\"reviewer\"><a title=\"\u0130\u015fhan Erdin\u00e7\" href=\"http:\/\/www.agos.com.tr\/tr\/yazar\/264\/ishan-erdinc\" rel=\"author\">\u0130\u015fhan Erdin\u00e7<\/a> <\/span><\/span><\/strong><\/div>\n<div><\/div>\n<div class=\"post-meta\"><em><strong><span style=\"color: #333333; font-family: 'Cantata One', serif; letter-spacing: 0.05em;\">HDP milletvekili Garo Paylan, dokunulmazl\u0131klar\u0131n kald\u0131r\u0131lmas\u0131 giri\u015fimlerini, \u0130nsan Haklar\u0131 Eylem Plan\u0131&#8217;n\u0131 ve Ermenistan&#8217;daki darbe giri\u015fimi hakk\u0131nda yapt\u0131\u011f\u0131 payla\u015f\u0131mlara gelen ele\u015ftirileri Agos&#8217;a de\u011ferlendirdi.<\/span><\/strong><\/em><\/div>\n<div class=\"post-container cf\">\n<div class=\"post-content-right\">\n<div><\/div>\n<div class=\"post-content description \">Son olarak 25 milletvekili hakk\u0131ndaki\u00a0 33 fezleke, dokunulmazl\u0131klar\u0131n kald\u0131r\u0131lmas\u0131 talebiyle TBMM\u2019ye g\u00f6nderildi. Bunlar i\u00e7inde 9\u00a0 HDP\u2019li i\u00e7in Kobane Olaylar\u0131 gerek\u00e7e g\u00f6sterilerek haz\u0131rlanan fezlekeler \u00f6nem ta\u015f\u0131yor. \u0130ktidar kanad\u0131 bu fezlekelerin \u00f6ne\u00a0 \u00e7ekilerek TBMM\u2019de oylanaca\u011f\u0131 sinyalini veriyor. Cumhurba\u015fkan\u0131 Erdo\u011fan ge\u00e7en hafta bu fezlekeler i\u00e7in \u201cEller iner kalkar\u201d demi\u015fti. MHP de dokunulmazl\u0131klar\u0131n kald\u0131r\u0131lmas\u0131 i\u00e7in oy verece\u011fini beyan etti. \u0130Y\u0130 Parti ve CHP genel ba\u015fkanlar\u0131 ise daha temkinli bir pozisyon sergiliyor. Dokunulmazl\u0131klar\u0131n\u0131n kald\u0131r\u0131lmas\u0131 g\u00fcndemde olan\u00a0 dokuz vekil i\u00e7inde HDP Diyarbak\u0131r milletvekili Garo Paylan da var. Paylan hakk\u0131ndaki fezlekenin detaylar\u0131 da ge\u00e7en hafta ortaya \u00e7\u0131kt\u0131. Paylan\u2019\u0131n bir konu\u015fmas\u0131nda \u2018Sevgili Selahattin Demirta\u015f\u2019 demesi su\u00e7 say\u0131lm\u0131\u015f. Ayr\u0131ca\u00a0 Bo\u011fazi\u00e7i \u00dcniversitesi\u2019ne rekt\u00f6r atanmas\u0131, Osman Kavala\u2019n\u0131n serbest b\u0131rak\u0131lmas\u0131na y\u00f6nelik sosyal medya payla\u015f\u0131mlar\u0131 da dosyada su\u00e7 olarak de\u011ferlendirilmi\u015f.<\/p>\n<p><strong>\u201cSiyasi operasyon\u201d<\/strong><br \/>\nGaro Paylan, ya\u015fanan geli\u015fmeleri Agos\u2019a de\u011ferlendirdi.\u00a0 Fezlekedeki su\u00e7lamalar i\u00e7in \u2018trajikomik\u2019 ifadesini kullanan Paylan, \u015f\u00f6yle konu\u015ftu:<br \/>\n\u201cTBMM\u2019ye 1250 fezleke geldi. Bunlar\u0131n 1000\u2019i HDP milletvekilleriyle ilgili ve benimle ilgili \u00e7ok say\u0131da fezleke var. Ancak bu fezlekeler trajikomik fezlekeler. A\u011fz\u0131m\u0131z\u0131 a\u00e7t\u0131\u011f\u0131m\u0131z her an, fezleke ile y\u00fcz y\u00fcze kal\u0131yoruz. Siyasi anlamda HDP\u2019yi toplum alg\u0131s\u0131nda kriminalize etmek i\u00e7in bu fezlekeler haz\u0131rlan\u0131yor. Selahattin Demirta\u015f\u2019a \u2018Sevgili Selahattin Demirta\u015f\u2019 dedi\u011fim i\u00e7in \u2018su\u00e7u ve su\u00e7luyu \u00f6vmek\u2019 kapsam\u0131nda fezleke haz\u0131rlan\u0131yor. Oysa ki herhangi bir insana \u2018sevgili\u2019 demek su\u00e7 de\u011fildir. Demirta\u015f hakk\u0131nda kesinle\u015fmi\u015f tek bir mahkeme karar\u0131 yoktur. Ama buna ra\u011fmen fezleke geliyor. Osman Kavala ile ilgili s\u00f6zlerim ve Bo\u011fazi\u00e7i \u00dcniversitesi\u2019ne kayy\u0131m rekt\u00f6r atamas\u0131n\u0131 ele\u015ftirmem ter\u00f6r faaliyeti say\u0131l\u0131yor. HDP\u2019nin kapat\u0131lmas\u0131 hedefleniyor. Bu siyasi anlamda bir operasyondur ve muhalefeti par\u00e7alamaya y\u00f6nelik bir operasyondur. Ama mutlulukla g\u00f6rd\u00fc\u011f\u00fcm \u015fey, muhalefetin bu operasyona kar\u015f\u0131 geri p\u00fcsk\u00fcrtme \u00e7abas\u0131.\u201d<\/p>\n<p><strong>\u201cDarbelere kar\u015f\u0131 \u00e7\u0131kmal\u0131y\u0131z\u201d<\/strong><br \/>\n25 \u015eubat tarihinde Ermenistan Ordusu, Ba\u015fbakan Nikol Pa\u015finyan\u2019\u0131n istifas\u0131n\u0131 talep etmi\u015f, Pa\u015finyan ise bunu darbe giri\u015fimi olarak nitelendirmi\u015fti. Bu geli\u015fmenin ard\u0131ndan \u00fclkede protestolar s\u00fcr\u00fcyor. HDP Milletvekili Garo Paylan, darbe giri\u015fiminin ard\u0131ndan Twitter hesab\u0131ndan \u201cErmenistan\u2019daki darbe giri\u015fimini k\u0131n\u0131yorum. Ermenistan halk\u0131n\u0131 demokrasiye sahip \u00e7\u0131kmaya \u00e7a\u011f\u0131r\u0131yorum.\u201d payla\u015f\u0131m\u0131nda bulundu. Bu payla\u015f\u0131m\u0131n ard\u0131ndan Paylan\u2019a\u00a0 \u00e7e\u015fitli Ermeni \u00e7evrelerinden tepkiler geldi. Paylan bu tepkilere ili\u015fkin \u015funlar\u0131 s\u00f6yledi.<br \/>\n\u201cHer t\u00fcrl\u00fc g\u00f6r\u00fc\u015fe sayg\u0131m var fakat Ermenistan b\u00fcy\u00fck ac\u0131lar ya\u015fad\u0131. Sava\u015flar ya\u015fad\u0131. Diaspora\u2019da Ermenistan\u2019\u0131n ger\u00e7ekli\u011finden bihaber olan baz\u0131 kesimlerin att\u0131\u011f\u0131 tweetleri \u00e7ok ciddiye alm\u0131yorum. \u00d6nemli olan, Ermenistan\u2019\u0131n demokratik bir \u00fclke olmas\u0131d\u0131r. Ben att\u0131\u011f\u0131m o tweette Ermenistan halk\u0131n\u0131 demokrasiye sahip \u00e7\u0131kmaya ve darbeye kar\u015f\u0131 durmaya \u00e7a\u011f\u0131rd\u0131m. Bu, Pa\u015finyan\u2019\u0131 desteklemek ya da muhalefetin kar\u015f\u0131s\u0131nda olmak de\u011fil, darbeci anlay\u0131\u015f\u0131n kar\u015f\u0131s\u0131nda durmakt\u0131r. Biz, T\u00fcrkiye\u2019de de ba\u015fka \u00fclkelerde de darbelere kar\u015f\u0131 \u00e7\u0131kmal\u0131y\u0131z. Ermenistan, sava\u015f\u0131n ard\u0131ndan bu kadar b\u00fcy\u00fck bir travma ya\u015fam\u0131\u015fken askeri darbe giri\u015fimine kar\u015f\u0131 \u00e7\u0131kmak, bence d\u00fcnyadaki b\u00fct\u00fcn Ermenilerinin sorumlulu\u011fudur. Ermenistan demokratik olmad\u0131\u011f\u0131 s\u00fcrece g\u00fc\u00e7l\u00fc bir Ermenistan da olamaz. Demokrasiye sahip \u00e7\u0131kt\u0131m.\u201d<\/p>\n<p><strong>\u0130nsan Haklar\u0131 Eylem Plan\u0131<\/strong><br \/>\nPaylan Cumhurba\u015fkan\u0131 Erdo\u011fan taraf\u0131ndan a\u00e7\u0131klanan \u2018\u0130nsan Haklar\u0131 Eylem Plan\u0131\u2019nda az\u0131nl\u0131klarla ilgili yer alan maddelere dair ise \u015fu de\u011ferlendirmeyi yapt\u0131:<br \/>\n\u201c\u0130\u00e7eride s\u0131k\u0131\u015fm\u0131\u015f, demokrasiyi ayaklar alt\u0131na alm\u0131\u015f bir iktidar anlay\u0131\u015f\u0131 var. D\u00fcnyaya anlatacak en kolay mesele az\u0131nl\u0131klara y\u00f6nelik at\u0131lacak\u00a0 k\u00fc\u00e7\u00fck ad\u0131mlar. Bunlar y\u0131llard\u0131r dile getirdi\u011fimiz\u00a0 talepler. Az\u0131nl\u0131klar\u0131n se\u00e7im y\u00f6netmeli\u011finin sekiz y\u0131l \u00f6nce gasp edilmesi ve se\u00e7im hakk\u0131n\u0131n ellerinden al\u0131nmas\u0131 b\u00fcy\u00fck bir skandal. Sekiz y\u0131ld\u0131r bu y\u00f6nde m\u00fccadele veriyoruz. Bu y\u00f6nde bir a\u00e7\u0131l\u0131m var. Dini bayramlara y\u00f6nelik bir ad\u0131m da var fakat burada esas mesele; T\u00fcrkiye\u2019de demokratik ad\u0131mlar at\u0131lmas\u0131d\u0131r. Az\u0131nl\u0131klara y\u00f6nelik at\u0131lacak ad\u0131mlar elbette \u00f6nemli fakat \u00f6nemli olan demokratik ad\u0131mlar. Aksi takdirde vak\u0131f se\u00e7imlerinin yap\u0131lmas\u0131 \u00f6nemli olmakla birlikte genel siyasi iklimde bir iyile\u015fme olmad\u0131\u011f\u0131 s\u00fcrece az\u0131nl\u0131klar g\u00fcvercin tedirginli\u011fi i\u00e7inde ya\u015famaya devam edecek.\u201d<\/div>\n<div><em><strong>http:\/\/www.agos.com.tr\/tr\/yazi\/25401\/dokunulmazlik-dosyalari-muhalefeti-parcalama-operasyonu\u00a0<\/strong><\/em><\/div>\n<\/div>\n<\/div>\n","protected":false},"excerpt":{"rendered":"<p>\u0130\u015fhan Erdin\u00e7 HDP milletvekili Garo Paylan, dokunulmazl\u0131klar\u0131n kald\u0131r\u0131lmas\u0131 giri\u015fimlerini, \u0130nsan Haklar\u0131 Eylem Plan\u0131&#8217;n\u0131 ve Ermenistan&#8217;daki darbe giri\u015fimi hakk\u0131nda yapt\u0131\u011f\u0131 payla\u015f\u0131mlara gelen ele\u015ftirileri Agos&#8217;a de\u011ferlendirdi. Son olarak 25 milletvekili hakk\u0131ndaki\u00a0 33 fezleke, dokunulmazl\u0131klar\u0131n kald\u0131r\u0131lmas\u0131 talebiyle TBMM\u2019ye g\u00f6nderildi. Bunlar i\u00e7inde 9\u00a0 HDP\u2019li i\u00e7in Kobane Olaylar\u0131 gerek\u00e7e g\u00f6sterilerek haz\u0131rlanan fezlekeler \u00f6nem ta\u015f\u0131yor. \u0130ktidar kanad\u0131 bu fezlekelerin \u00f6ne\u00a0 \u00e7ekilerek [&hellip;]<\/p>\n","protected":false},"author":7,"featured_media":61782,"comment_status":"open","ping_status":"open","sticky":false,"template":"","format":"standard","meta":{"footnotes":""},"categories":[1],"tags":[],"class_list":["post-61781","post","type-post","status-publish","format-standard","has-post-thumbnail","hentry","category-haberler"],"yoast_head":"<!-- This site is optimized with the Yoast SEO plugin v27.4 - https:\/\/yoast.com\/product\/yoast-seo-wordpress\/ -->\n<title>&quot;Dokunulmazl\u0131k dosyalar\u0131 muhalefeti par\u00e7alama operasyonu&quot; - Bati Ermenistan Ve Bati Ermenileri Sorunlari Ara\u015ftirmalar Merkezi<\/title>\n<meta name=\"robots\" content=\"index, follow, max-snippet:-1, max-image-preview:large, max-video-preview:-1\" \/>\n<link rel=\"canonical\" href=\"https:\/\/akunq.net\/tr\/?p=61781\" \/>\n<meta property=\"og:locale\" content=\"en_US\" \/>\n<meta property=\"og:type\" content=\"article\" \/>\n<meta property=\"og:title\" content=\"&quot;Dokunulmazl\u0131k dosyalar\u0131 muhalefeti par\u00e7alama operasyonu&quot; - Bati Ermenistan Ve Bati Ermenileri Sorunlari Ara\u015ftirmalar Merkezi\" \/>\n<meta property=\"og:description\" content=\"\u0130\u015fhan Erdin\u00e7 HDP milletvekili Garo Paylan, dokunulmazl\u0131klar\u0131n kald\u0131r\u0131lmas\u0131 giri\u015fimlerini, \u0130nsan Haklar\u0131 Eylem Plan\u0131&#8217;n\u0131 ve Ermenistan&#8217;daki darbe giri\u015fimi hakk\u0131nda yapt\u0131\u011f\u0131 payla\u015f\u0131mlara gelen ele\u015ftirileri Agos&#8217;a de\u011ferlendirdi. Son olarak 25 milletvekili hakk\u0131ndaki\u00a0 33 fezleke, dokunulmazl\u0131klar\u0131n kald\u0131r\u0131lmas\u0131 talebiyle TBMM\u2019ye g\u00f6nderildi. Bunlar i\u00e7inde 9\u00a0 HDP\u2019li i\u00e7in Kobane Olaylar\u0131 gerek\u00e7e g\u00f6sterilerek haz\u0131rlanan fezlekeler \u00f6nem ta\u015f\u0131yor. \u0130ktidar kanad\u0131 bu fezlekelerin \u00f6ne\u00a0 \u00e7ekilerek [&hellip;]\" \/>\n<meta property=\"og:url\" content=\"https:\/\/akunq.net\/tr\/?p=61781\" \/>\n<meta property=\"og:site_name\" content=\"Bati Ermenistan Ve Bati Ermenileri Sorunlari Ara\u015ftirmalar Merkezi\" \/>\n<meta property=\"article:published_time\" content=\"2021-03-05T07:51:46+00:00\" \/>\n<meta property=\"og:image\" content=\"https:\/\/akunq.net\/tr\/wp-content\/uploads\/sites\/6\/2021\/03\/Garo-Paylan.jpg\" \/>\n\t<meta property=\"og:image:width\" content=\"702\" \/>\n\t<meta property=\"og:image:height\" content=\"467\" \/>\n\t<meta property=\"og:image:type\" content=\"image\/jpeg\" \/>\n<meta name=\"author\" content=\"admin\" \/>\n<meta name=\"twitter:card\" content=\"summary_large_image\" \/>\n<meta name=\"twitter:label1\" content=\"Written by\" \/>\n\t<meta name=\"twitter:data1\" content=\"admin\" \/>\n\t<meta name=\"twitter:label2\" content=\"Est. reading time\" \/>\n\t<meta name=\"twitter:data2\" content=\"4 minutes\" \/>\n<script type=\"application\/ld+json\" class=\"yoast-schema-graph\">{\"@context\":\"https:\\\/\\\/schema.org\",\"@graph\":[{\"@type\":\"Article\",\"@id\":\"https:\\\/\\\/akunq.net\\\/tr\\\/?p=61781#article\",\"isPartOf\":{\"@id\":\"https:\\\/\\\/akunq.net\\\/tr\\\/?p=61781\"},\"author\":{\"name\":\"admin\",\"@id\":\"https:\\\/\\\/akunq.net\\\/tr\\\/#\\\/schema\\\/person\\\/096f1d38a12cce57fb855b485ed24c9e\"},\"headline\":\"&#8220;Dokunulmazl\u0131k dosyalar\u0131 muhalefeti par\u00e7alama operasyonu&#8221;\",\"datePublished\":\"2021-03-05T07:51:46+00:00\",\"mainEntityOfPage\":{\"@id\":\"https:\\\/\\\/akunq.net\\\/tr\\\/?p=61781\"},\"wordCount\":837,\"commentCount\":0,\"image\":{\"@id\":\"https:\\\/\\\/akunq.net\\\/tr\\\/?p=61781#primaryimage\"},\"thumbnailUrl\":\"https:\\\/\\\/akunq.net\\\/tr\\\/wp-content\\\/uploads\\\/sites\\\/6\\\/2021\\\/03\\\/Garo-Paylan.jpg\",\"articleSection\":[\"Haberler\"],\"inLanguage\":\"en-US\",\"potentialAction\":[{\"@type\":\"CommentAction\",\"name\":\"Comment\",\"target\":[\"https:\\\/\\\/akunq.net\\\/tr\\\/?p=61781#respond\"]}]},{\"@type\":\"WebPage\",\"@id\":\"https:\\\/\\\/akunq.net\\\/tr\\\/?p=61781\",\"url\":\"https:\\\/\\\/akunq.net\\\/tr\\\/?p=61781\",\"name\":\"\\\"Dokunulmazl\u0131k dosyalar\u0131 muhalefeti par\u00e7alama operasyonu\\\" - Bati Ermenistan Ve Bati Ermenileri Sorunlari Ara\u015ftirmalar Merkezi\",\"isPartOf\":{\"@id\":\"https:\\\/\\\/akunq.net\\\/tr\\\/#website\"},\"primaryImageOfPage\":{\"@id\":\"https:\\\/\\\/akunq.net\\\/tr\\\/?p=61781#primaryimage\"},\"image\":{\"@id\":\"https:\\\/\\\/akunq.net\\\/tr\\\/?p=61781#primaryimage\"},\"thumbnailUrl\":\"https:\\\/\\\/akunq.net\\\/tr\\\/wp-content\\\/uploads\\\/sites\\\/6\\\/2021\\\/03\\\/Garo-Paylan.jpg\",\"datePublished\":\"2021-03-05T07:51:46+00:00\",\"author\":{\"@id\":\"https:\\\/\\\/akunq.net\\\/tr\\\/#\\\/schema\\\/person\\\/096f1d38a12cce57fb855b485ed24c9e\"},\"breadcrumb\":{\"@id\":\"https:\\\/\\\/akunq.net\\\/tr\\\/?p=61781#breadcrumb\"},\"inLanguage\":\"en-US\",\"potentialAction\":[{\"@type\":\"ReadAction\",\"target\":[\"https:\\\/\\\/akunq.net\\\/tr\\\/?p=61781\"]}]},{\"@type\":\"ImageObject\",\"inLanguage\":\"en-US\",\"@id\":\"https:\\\/\\\/akunq.net\\\/tr\\\/?p=61781#primaryimage\",\"url\":\"https:\\\/\\\/akunq.net\\\/tr\\\/wp-content\\\/uploads\\\/sites\\\/6\\\/2021\\\/03\\\/Garo-Paylan.jpg\",\"contentUrl\":\"https:\\\/\\\/akunq.net\\\/tr\\\/wp-content\\\/uploads\\\/sites\\\/6\\\/2021\\\/03\\\/Garo-Paylan.jpg\",\"width\":702,\"height\":467},{\"@type\":\"BreadcrumbList\",\"@id\":\"https:\\\/\\\/akunq.net\\\/tr\\\/?p=61781#breadcrumb\",\"itemListElement\":[{\"@type\":\"ListItem\",\"position\":1,\"name\":\"Home\",\"item\":\"https:\\\/\\\/akunq.net\\\/tr\"},{\"@type\":\"ListItem\",\"position\":2,\"name\":\"&#8220;Dokunulmazl\u0131k dosyalar\u0131 muhalefeti par\u00e7alama operasyonu&#8221;\"}]},{\"@type\":\"WebSite\",\"@id\":\"https:\\\/\\\/akunq.net\\\/tr\\\/#website\",\"url\":\"https:\\\/\\\/akunq.net\\\/tr\\\/\",\"name\":\"Bati Ermenistan Ve Bati Ermenileri Sorunlari Ara\u015ftirmalar Merkezi\",\"description\":\"\",\"potentialAction\":[{\"@type\":\"SearchAction\",\"target\":{\"@type\":\"EntryPoint\",\"urlTemplate\":\"https:\\\/\\\/akunq.net\\\/tr\\\/?s={search_term_string}\"},\"query-input\":{\"@type\":\"PropertyValueSpecification\",\"valueRequired\":true,\"valueName\":\"search_term_string\"}}],\"inLanguage\":\"en-US\"},{\"@type\":\"Person\",\"@id\":\"https:\\\/\\\/akunq.net\\\/tr\\\/#\\\/schema\\\/person\\\/096f1d38a12cce57fb855b485ed24c9e\",\"name\":\"admin\",\"url\":\"https:\\\/\\\/akunq.net\\\/tr\\\/?author=7\"}]}<\/script>\n<!-- \/ Yoast SEO plugin. -->","yoast_head_json":{"title":"\"Dokunulmazl\u0131k dosyalar\u0131 muhalefeti par\u00e7alama operasyonu\" - Bati Ermenistan Ve Bati Ermenileri Sorunlari Ara\u015ftirmalar Merkezi","robots":{"index":"index","follow":"follow","max-snippet":"max-snippet:-1","max-image-preview":"max-image-preview:large","max-video-preview":"max-video-preview:-1"},"canonical":"https:\/\/akunq.net\/tr\/?p=61781","og_locale":"en_US","og_type":"article","og_title":"\"Dokunulmazl\u0131k dosyalar\u0131 muhalefeti par\u00e7alama operasyonu\" - Bati Ermenistan Ve Bati Ermenileri Sorunlari Ara\u015ftirmalar Merkezi","og_description":"\u0130\u015fhan Erdin\u00e7 HDP milletvekili Garo Paylan, dokunulmazl\u0131klar\u0131n kald\u0131r\u0131lmas\u0131 giri\u015fimlerini, \u0130nsan Haklar\u0131 Eylem Plan\u0131&#8217;n\u0131 ve Ermenistan&#8217;daki darbe giri\u015fimi hakk\u0131nda yapt\u0131\u011f\u0131 payla\u015f\u0131mlara gelen ele\u015ftirileri Agos&#8217;a de\u011ferlendirdi. Son olarak 25 milletvekili hakk\u0131ndaki\u00a0 33 fezleke, dokunulmazl\u0131klar\u0131n kald\u0131r\u0131lmas\u0131 talebiyle TBMM\u2019ye g\u00f6nderildi. Bunlar i\u00e7inde 9\u00a0 HDP\u2019li i\u00e7in Kobane Olaylar\u0131 gerek\u00e7e g\u00f6sterilerek haz\u0131rlanan fezlekeler \u00f6nem ta\u015f\u0131yor. \u0130ktidar kanad\u0131 bu fezlekelerin \u00f6ne\u00a0 \u00e7ekilerek [&hellip;]","og_url":"https:\/\/akunq.net\/tr\/?p=61781","og_site_name":"Bati Ermenistan Ve Bati Ermenileri Sorunlari Ara\u015ftirmalar Merkezi","article_published_time":"2021-03-05T07:51:46+00:00","og_image":[{"width":702,"height":467,"url":"https:\/\/akunq.net\/tr\/wp-content\/uploads\/sites\/6\/2021\/03\/Garo-Paylan.jpg","type":"image\/jpeg"}],"author":"admin","twitter_card":"summary_large_image","twitter_misc":{"Written by":"admin","Est. reading time":"4 minutes"},"schema":{"@context":"https:\/\/schema.org","@graph":[{"@type":"Article","@id":"https:\/\/akunq.net\/tr\/?p=61781#article","isPartOf":{"@id":"https:\/\/akunq.net\/tr\/?p=61781"},"author":{"name":"admin","@id":"https:\/\/akunq.net\/tr\/#\/schema\/person\/096f1d38a12cce57fb855b485ed24c9e"},"headline":"&#8220;Dokunulmazl\u0131k dosyalar\u0131 muhalefeti par\u00e7alama operasyonu&#8221;","datePublished":"2021-03-05T07:51:46+00:00","mainEntityOfPage":{"@id":"https:\/\/akunq.net\/tr\/?p=61781"},"wordCount":837,"commentCount":0,"image":{"@id":"https:\/\/akunq.net\/tr\/?p=61781#primaryimage"},"thumbnailUrl":"https:\/\/akunq.net\/tr\/wp-content\/uploads\/sites\/6\/2021\/03\/Garo-Paylan.jpg","articleSection":["Haberler"],"inLanguage":"en-US","potentialAction":[{"@type":"CommentAction","name":"Comment","target":["https:\/\/akunq.net\/tr\/?p=61781#respond"]}]},{"@type":"WebPage","@id":"https:\/\/akunq.net\/tr\/?p=61781","url":"https:\/\/akunq.net\/tr\/?p=61781","name":"\"Dokunulmazl\u0131k dosyalar\u0131 muhalefeti par\u00e7alama operasyonu\" - Bati Ermenistan Ve Bati Ermenileri Sorunlari Ara\u015ftirmalar Merkezi","isPartOf":{"@id":"https:\/\/akunq.net\/tr\/#website"},"primaryImageOfPage":{"@id":"https:\/\/akunq.net\/tr\/?p=61781#primaryimage"},"image":{"@id":"https:\/\/akunq.net\/tr\/?p=61781#primaryimage"},"thumbnailUrl":"https:\/\/akunq.net\/tr\/wp-content\/uploads\/sites\/6\/2021\/03\/Garo-Paylan.jpg","datePublished":"2021-03-05T07:51:46+00:00","author":{"@id":"https:\/\/akunq.net\/tr\/#\/schema\/person\/096f1d38a12cce57fb855b485ed24c9e"},"breadcrumb":{"@id":"https:\/\/akunq.net\/tr\/?p=61781#breadcrumb"},"inLanguage":"en-US","potentialAction":[{"@type":"ReadAction","target":["https:\/\/akunq.net\/tr\/?p=61781"]}]},{"@type":"ImageObject","inLanguage":"en-US","@id":"https:\/\/akunq.net\/tr\/?p=61781#primaryimage","url":"https:\/\/akunq.net\/tr\/wp-content\/uploads\/sites\/6\/2021\/03\/Garo-Paylan.jpg","contentUrl":"https:\/\/akunq.net\/tr\/wp-content\/uploads\/sites\/6\/2021\/03\/Garo-Paylan.jpg","width":702,"height":467},{"@type":"BreadcrumbList","@id":"https:\/\/akunq.net\/tr\/?p=61781#breadcrumb","itemListElement":[{"@type":"ListItem","position":1,"name":"Home","item":"https:\/\/akunq.net\/tr"},{"@type":"ListItem","position":2,"name":"&#8220;Dokunulmazl\u0131k dosyalar\u0131 muhalefeti par\u00e7alama operasyonu&#8221;"}]},{"@type":"WebSite","@id":"https:\/\/akunq.net\/tr\/#website","url":"https:\/\/akunq.net\/tr\/","name":"Bati Ermenistan Ve Bati Ermenileri Sorunlari Ara\u015ftirmalar Merkezi","description":"","potentialAction":[{"@type":"SearchAction","target":{"@type":"EntryPoint","urlTemplate":"https:\/\/akunq.net\/tr\/?s={search_term_string}"},"query-input":{"@type":"PropertyValueSpecification","valueRequired":true,"valueName":"search_term_string"}}],"inLanguage":"en-US"},{"@type":"Person","@id":"https:\/\/akunq.net\/tr\/#\/schema\/person\/096f1d38a12cce57fb855b485ed24c9e","name":"admin","url":"https:\/\/akunq.net\/tr\/?author=7"}]}},"_links":{"self":[{"href":"https:\/\/akunq.net\/tr\/index.php?rest_route=\/wp\/v2\/posts\/61781","targetHints":{"allow":["GET"]}}],"collection":[{"href":"https:\/\/akunq.net\/tr\/index.php?rest_route=\/wp\/v2\/posts"}],"about":[{"href":"https:\/\/akunq.net\/tr\/index.php?rest_route=\/wp\/v2\/types\/post"}],"author":[{"embeddable":true,"href":"https:\/\/akunq.net\/tr\/index.php?rest_route=\/wp\/v2\/users\/7"}],"replies":[{"embeddable":true,"href":"https:\/\/akunq.net\/tr\/index.php?rest_route=%2Fwp%2Fv2%2Fcomments&post=61781"}],"version-history":[{"count":1,"href":"https:\/\/akunq.net\/tr\/index.php?rest_route=\/wp\/v2\/posts\/61781\/revisions"}],"predecessor-version":[{"id":61783,"href":"https:\/\/akunq.net\/tr\/index.php?rest_route=\/wp\/v2\/posts\/61781\/revisions\/61783"}],"wp:featuredmedia":[{"embeddable":true,"href":"https:\/\/akunq.net\/tr\/index.php?rest_route=\/wp\/v2\/media\/61782"}],"wp:attachment":[{"href":"https:\/\/akunq.net\/tr\/index.php?rest_route=%2Fwp%2Fv2%2Fmedia&parent=61781"}],"wp:term":[{"taxonomy":"category","embeddable":true,"href":"https:\/\/akunq.net\/tr\/index.php?rest_route=%2Fwp%2Fv2%2Fcategories&post=61781"},{"taxonomy":"post_tag","embeddable":true,"href":"https:\/\/akunq.net\/tr\/index.php?rest_route=%2Fwp%2Fv2%2Ftags&post=61781"}],"curies":[{"name":"wp","href":"https:\/\/api.w.org\/{rel}","templated":true}]}}