{"id":61778,"date":"2021-03-05T02:34:13","date_gmt":"2021-03-05T07:34:13","guid":{"rendered":"https:\/\/akunq.net\/tr\/?p=61778"},"modified":"2021-03-05T02:34:13","modified_gmt":"2021-03-05T07:34:13","slug":"avrupa-birligi-surb-ghazancetsots-ermeni-katedralinin-azerbaycan-tarafindan-bombalanmasini-kinadi","status":"publish","type":"post","link":"https:\/\/akunq.net\/tr\/?p=61778","title":{"rendered":"Avrupa Birli\u011fi, Surb Ghazan\u00e7etsots Ermeni Katedrali&#8217;nin Azerbaycan taraf\u0131ndan bombalanmas\u0131n\u0131 k\u0131nad\u0131"},"content":{"rendered":"<p><img loading=\"lazy\" decoding=\"async\" class=\"aligncenter size-medium wp-image-61779\" src=\"https:\/\/akunq.net\/tr\/wp-content\/uploads\/2021\/03\/Surb-Amenaprkich-356x270.png\" alt=\"\" width=\"356\" height=\"270\" srcset=\"https:\/\/akunq.net\/tr\/wp-content\/uploads\/sites\/6\/2021\/03\/Surb-Amenaprkich-356x270.png 356w, https:\/\/akunq.net\/tr\/wp-content\/uploads\/sites\/6\/2021\/03\/Surb-Amenaprkich-560x425.png 560w, https:\/\/akunq.net\/tr\/wp-content\/uploads\/sites\/6\/2021\/03\/Surb-Amenaprkich-260x197.png 260w, https:\/\/akunq.net\/tr\/wp-content\/uploads\/sites\/6\/2021\/03\/Surb-Amenaprkich-160x121.png 160w, https:\/\/akunq.net\/tr\/wp-content\/uploads\/sites\/6\/2021\/03\/Surb-Amenaprkich.png 720w\" sizes=\"auto, (max-width: 356px) 100vw, 356px\" \/><\/p>\n<p><em><strong>Avrupa Parlamentosu milletvekili Lucas Furlas&#8217;\u0131n, Avrupa Komisyonu&#8217;na sundu\u011fu acil soru \u00f6nergesini cevaplayan AK Y\u00fcksek Temsilcisi ve Ba\u015fkan Yard\u0131mc\u0131s\u0131 Josep Borrell, Azerbaycan taraf\u0131ndan \u015eu\u015fi&#8217;deki Surb Ghazan\u00e7etsots Katedrali&#8217;nin bombaland\u0131\u011f\u0131n\u0131 Avrupa Komisyonu ad\u0131na k\u0131nad\u0131.<\/strong><\/em><\/p>\n<p>Avrupa Ermeni Davas\u0131 Konseyi&#8217;nin haberine g\u00f6re Avrupa Komisyonu, Artsakh&#8217;taki (Da\u011fl\u0131k Karaba\u011f) tarihi ve k\u00fclt\u00fcrel varl\u0131klar\u0131n yok edilmesini sert bir \u015fekilde k\u0131nayarak, k\u00fclt\u00fcrel ve dini miras\u0131n korunmas\u0131 ve restore edilmesi gerekti\u011fini vurgulad\u0131.<\/p>\n<p>BM G\u00fcvenlik Konseyi&#8217;nin 2347 (2017) karar\u0131na at\u0131fta bulunan Y\u00fcksek Temsilcisi, din, e\u011fitim ve k\u00fclt\u00fcrel merkezlerin hedef al\u0131nmas\u0131n\u0131n sava\u015f su\u00e7u te\u015fkil etti\u011fini hat\u0131rlatt\u0131.<\/p>\n<p>Avrupa Konseyi, Artsakh&#8217;\u0131n, bug\u00fcn Azerbaycan&#8217;\u0131n kontrol\u00fc alt\u0131nda bulunan b\u00f6lgelere UNESCO taraf\u0131ndan misyon g\u00f6nderme inisiyatifine de b\u00fcy\u00fck \u00f6nem verdi\u011fini duyurdu.\u00a0Bu misyon, Ermeni k\u00fclt\u00fcr miras\u0131n\u0131n belgelendirilmesi ve Ermeni k\u00fclt\u00fcr alanlar\u0131n\u0131n korunmas\u0131n\u0131 ve onar\u0131lmas\u0131n\u0131 hedefliyor.<\/p>\n<p>Hat\u0131rlanaca\u011f\u0131 \u00fczere Azerbaycan silahl\u0131 kuvvetleri, uluslararas\u0131 sava\u015f kurallar\u0131n\u0131 ihlal ederek, 8 Ekim 2020 tarihinde \u015eu\u015fi&#8217;deki Surb Amenaprki\u00e7 Ghazan\u00e7etsots Katedralini hedef alarak defalrca bombalam\u0131\u015ft\u0131.<\/p>\n<p><em><strong>https:\/\/www.ermenihaber.am\/tr\/news\/2021\/03\/04\/Avrupa-Birli%C4%9Fi-Surb-Kazan%C3%A7etsots-Ermeni-Azerbaycan\/203634\u00a0<\/strong><\/em><\/p>\n","protected":false},"excerpt":{"rendered":"<p>Avrupa Parlamentosu milletvekili Lucas Furlas&#8217;\u0131n, Avrupa Komisyonu&#8217;na sundu\u011fu acil soru \u00f6nergesini cevaplayan AK Y\u00fcksek Temsilcisi ve Ba\u015fkan Yard\u0131mc\u0131s\u0131 Josep Borrell, Azerbaycan taraf\u0131ndan \u015eu\u015fi&#8217;deki Surb Ghazan\u00e7etsots Katedrali&#8217;nin bombaland\u0131\u011f\u0131n\u0131 Avrupa Komisyonu ad\u0131na k\u0131nad\u0131. Avrupa Ermeni Davas\u0131 Konseyi&#8217;nin haberine g\u00f6re Avrupa Komisyonu, Artsakh&#8217;taki (Da\u011fl\u0131k Karaba\u011f) tarihi ve k\u00fclt\u00fcrel varl\u0131klar\u0131n yok edilmesini sert bir \u015fekilde k\u0131nayarak, k\u00fclt\u00fcrel ve dini [&hellip;]<\/p>\n","protected":false},"author":7,"featured_media":61779,"comment_status":"open","ping_status":"open","sticky":false,"template":"","format":"standard","meta":{"footnotes":""},"categories":[1],"tags":[],"class_list":["post-61778","post","type-post","status-publish","format-standard","has-post-thumbnail","hentry","category-haberler"],"yoast_head":"<!-- This site is optimized with the Yoast SEO plugin v27.4 - https:\/\/yoast.com\/product\/yoast-seo-wordpress\/ -->\n<title>Avrupa Birli\u011fi, Surb Ghazan\u00e7etsots Ermeni Katedrali&#039;nin Azerbaycan taraf\u0131ndan bombalanmas\u0131n\u0131 k\u0131nad\u0131 - Bati Ermenistan Ve Bati Ermenileri Sorunlari Ara\u015ftirmalar Merkezi<\/title>\n<meta name=\"robots\" content=\"index, follow, max-snippet:-1, max-image-preview:large, max-video-preview:-1\" \/>\n<link rel=\"canonical\" href=\"https:\/\/akunq.net\/tr\/?p=61778\" \/>\n<meta property=\"og:locale\" content=\"en_US\" \/>\n<meta property=\"og:type\" content=\"article\" \/>\n<meta property=\"og:title\" content=\"Avrupa Birli\u011fi, Surb Ghazan\u00e7etsots Ermeni Katedrali&#039;nin Azerbaycan taraf\u0131ndan bombalanmas\u0131n\u0131 k\u0131nad\u0131 - Bati Ermenistan Ve Bati Ermenileri Sorunlari Ara\u015ftirmalar Merkezi\" \/>\n<meta property=\"og:description\" content=\"Avrupa Parlamentosu milletvekili Lucas Furlas&#8217;\u0131n, Avrupa Komisyonu&#8217;na sundu\u011fu acil soru \u00f6nergesini cevaplayan AK Y\u00fcksek Temsilcisi ve Ba\u015fkan Yard\u0131mc\u0131s\u0131 Josep Borrell, Azerbaycan taraf\u0131ndan \u015eu\u015fi&#8217;deki Surb Ghazan\u00e7etsots Katedrali&#8217;nin bombaland\u0131\u011f\u0131n\u0131 Avrupa Komisyonu ad\u0131na k\u0131nad\u0131. Avrupa Ermeni Davas\u0131 Konseyi&#8217;nin haberine g\u00f6re Avrupa Komisyonu, Artsakh&#8217;taki (Da\u011fl\u0131k Karaba\u011f) tarihi ve k\u00fclt\u00fcrel varl\u0131klar\u0131n yok edilmesini sert bir \u015fekilde k\u0131nayarak, k\u00fclt\u00fcrel ve dini [&hellip;]\" \/>\n<meta property=\"og:url\" content=\"https:\/\/akunq.net\/tr\/?p=61778\" \/>\n<meta property=\"og:site_name\" content=\"Bati Ermenistan Ve Bati Ermenileri Sorunlari Ara\u015ftirmalar Merkezi\" \/>\n<meta property=\"article:published_time\" content=\"2021-03-05T07:34:13+00:00\" \/>\n<meta property=\"og:image\" content=\"https:\/\/akunq.net\/tr\/wp-content\/uploads\/sites\/6\/2021\/03\/Surb-Amenaprkich.png\" \/>\n\t<meta property=\"og:image:width\" content=\"720\" \/>\n\t<meta property=\"og:image:height\" content=\"546\" \/>\n\t<meta property=\"og:image:type\" content=\"image\/png\" \/>\n<meta name=\"author\" content=\"admin\" \/>\n<meta name=\"twitter:card\" content=\"summary_large_image\" \/>\n<meta name=\"twitter:label1\" content=\"Written by\" \/>\n\t<meta name=\"twitter:data1\" content=\"admin\" \/>\n\t<meta name=\"twitter:label2\" content=\"Est. reading time\" \/>\n\t<meta name=\"twitter:data2\" content=\"1 minute\" \/>\n<script type=\"application\/ld+json\" class=\"yoast-schema-graph\">{\"@context\":\"https:\\\/\\\/schema.org\",\"@graph\":[{\"@type\":\"Article\",\"@id\":\"https:\\\/\\\/akunq.net\\\/tr\\\/?p=61778#article\",\"isPartOf\":{\"@id\":\"https:\\\/\\\/akunq.net\\\/tr\\\/?p=61778\"},\"author\":{\"name\":\"admin\",\"@id\":\"https:\\\/\\\/akunq.net\\\/tr\\\/#\\\/schema\\\/person\\\/096f1d38a12cce57fb855b485ed24c9e\"},\"headline\":\"Avrupa Birli\u011fi, Surb Ghazan\u00e7etsots Ermeni Katedrali&#8217;nin Azerbaycan taraf\u0131ndan bombalanmas\u0131n\u0131 k\u0131nad\u0131\",\"datePublished\":\"2021-03-05T07:34:13+00:00\",\"mainEntityOfPage\":{\"@id\":\"https:\\\/\\\/akunq.net\\\/tr\\\/?p=61778\"},\"wordCount\":227,\"commentCount\":0,\"image\":{\"@id\":\"https:\\\/\\\/akunq.net\\\/tr\\\/?p=61778#primaryimage\"},\"thumbnailUrl\":\"https:\\\/\\\/akunq.net\\\/tr\\\/wp-content\\\/uploads\\\/sites\\\/6\\\/2021\\\/03\\\/Surb-Amenaprkich.png\",\"articleSection\":[\"Haberler\"],\"inLanguage\":\"en-US\",\"potentialAction\":[{\"@type\":\"CommentAction\",\"name\":\"Comment\",\"target\":[\"https:\\\/\\\/akunq.net\\\/tr\\\/?p=61778#respond\"]}]},{\"@type\":\"WebPage\",\"@id\":\"https:\\\/\\\/akunq.net\\\/tr\\\/?p=61778\",\"url\":\"https:\\\/\\\/akunq.net\\\/tr\\\/?p=61778\",\"name\":\"Avrupa Birli\u011fi, Surb Ghazan\u00e7etsots Ermeni Katedrali'nin Azerbaycan taraf\u0131ndan bombalanmas\u0131n\u0131 k\u0131nad\u0131 - Bati Ermenistan Ve Bati Ermenileri Sorunlari Ara\u015ftirmalar Merkezi\",\"isPartOf\":{\"@id\":\"https:\\\/\\\/akunq.net\\\/tr\\\/#website\"},\"primaryImageOfPage\":{\"@id\":\"https:\\\/\\\/akunq.net\\\/tr\\\/?p=61778#primaryimage\"},\"image\":{\"@id\":\"https:\\\/\\\/akunq.net\\\/tr\\\/?p=61778#primaryimage\"},\"thumbnailUrl\":\"https:\\\/\\\/akunq.net\\\/tr\\\/wp-content\\\/uploads\\\/sites\\\/6\\\/2021\\\/03\\\/Surb-Amenaprkich.png\",\"datePublished\":\"2021-03-05T07:34:13+00:00\",\"author\":{\"@id\":\"https:\\\/\\\/akunq.net\\\/tr\\\/#\\\/schema\\\/person\\\/096f1d38a12cce57fb855b485ed24c9e\"},\"breadcrumb\":{\"@id\":\"https:\\\/\\\/akunq.net\\\/tr\\\/?p=61778#breadcrumb\"},\"inLanguage\":\"en-US\",\"potentialAction\":[{\"@type\":\"ReadAction\",\"target\":[\"https:\\\/\\\/akunq.net\\\/tr\\\/?p=61778\"]}]},{\"@type\":\"ImageObject\",\"inLanguage\":\"en-US\",\"@id\":\"https:\\\/\\\/akunq.net\\\/tr\\\/?p=61778#primaryimage\",\"url\":\"https:\\\/\\\/akunq.net\\\/tr\\\/wp-content\\\/uploads\\\/sites\\\/6\\\/2021\\\/03\\\/Surb-Amenaprkich.png\",\"contentUrl\":\"https:\\\/\\\/akunq.net\\\/tr\\\/wp-content\\\/uploads\\\/sites\\\/6\\\/2021\\\/03\\\/Surb-Amenaprkich.png\",\"width\":720,\"height\":546},{\"@type\":\"BreadcrumbList\",\"@id\":\"https:\\\/\\\/akunq.net\\\/tr\\\/?p=61778#breadcrumb\",\"itemListElement\":[{\"@type\":\"ListItem\",\"position\":1,\"name\":\"Home\",\"item\":\"https:\\\/\\\/akunq.net\\\/tr\"},{\"@type\":\"ListItem\",\"position\":2,\"name\":\"Avrupa Birli\u011fi, Surb Ghazan\u00e7etsots Ermeni Katedrali&#8217;nin Azerbaycan taraf\u0131ndan bombalanmas\u0131n\u0131 k\u0131nad\u0131\"}]},{\"@type\":\"WebSite\",\"@id\":\"https:\\\/\\\/akunq.net\\\/tr\\\/#website\",\"url\":\"https:\\\/\\\/akunq.net\\\/tr\\\/\",\"name\":\"Bati Ermenistan Ve Bati Ermenileri Sorunlari Ara\u015ftirmalar Merkezi\",\"description\":\"\",\"potentialAction\":[{\"@type\":\"SearchAction\",\"target\":{\"@type\":\"EntryPoint\",\"urlTemplate\":\"https:\\\/\\\/akunq.net\\\/tr\\\/?s={search_term_string}\"},\"query-input\":{\"@type\":\"PropertyValueSpecification\",\"valueRequired\":true,\"valueName\":\"search_term_string\"}}],\"inLanguage\":\"en-US\"},{\"@type\":\"Person\",\"@id\":\"https:\\\/\\\/akunq.net\\\/tr\\\/#\\\/schema\\\/person\\\/096f1d38a12cce57fb855b485ed24c9e\",\"name\":\"admin\",\"url\":\"https:\\\/\\\/akunq.net\\\/tr\\\/?author=7\"}]}<\/script>\n<!-- \/ Yoast SEO plugin. -->","yoast_head_json":{"title":"Avrupa Birli\u011fi, Surb Ghazan\u00e7etsots Ermeni Katedrali'nin Azerbaycan taraf\u0131ndan bombalanmas\u0131n\u0131 k\u0131nad\u0131 - Bati Ermenistan Ve Bati Ermenileri Sorunlari Ara\u015ftirmalar Merkezi","robots":{"index":"index","follow":"follow","max-snippet":"max-snippet:-1","max-image-preview":"max-image-preview:large","max-video-preview":"max-video-preview:-1"},"canonical":"https:\/\/akunq.net\/tr\/?p=61778","og_locale":"en_US","og_type":"article","og_title":"Avrupa Birli\u011fi, Surb Ghazan\u00e7etsots Ermeni Katedrali'nin Azerbaycan taraf\u0131ndan bombalanmas\u0131n\u0131 k\u0131nad\u0131 - Bati Ermenistan Ve Bati Ermenileri Sorunlari Ara\u015ftirmalar Merkezi","og_description":"Avrupa Parlamentosu milletvekili Lucas Furlas&#8217;\u0131n, Avrupa Komisyonu&#8217;na sundu\u011fu acil soru \u00f6nergesini cevaplayan AK Y\u00fcksek Temsilcisi ve Ba\u015fkan Yard\u0131mc\u0131s\u0131 Josep Borrell, Azerbaycan taraf\u0131ndan \u015eu\u015fi&#8217;deki Surb Ghazan\u00e7etsots Katedrali&#8217;nin bombaland\u0131\u011f\u0131n\u0131 Avrupa Komisyonu ad\u0131na k\u0131nad\u0131. Avrupa Ermeni Davas\u0131 Konseyi&#8217;nin haberine g\u00f6re Avrupa Komisyonu, Artsakh&#8217;taki (Da\u011fl\u0131k Karaba\u011f) tarihi ve k\u00fclt\u00fcrel varl\u0131klar\u0131n yok edilmesini sert bir \u015fekilde k\u0131nayarak, k\u00fclt\u00fcrel ve dini [&hellip;]","og_url":"https:\/\/akunq.net\/tr\/?p=61778","og_site_name":"Bati Ermenistan Ve Bati Ermenileri Sorunlari Ara\u015ftirmalar Merkezi","article_published_time":"2021-03-05T07:34:13+00:00","og_image":[{"width":720,"height":546,"url":"https:\/\/akunq.net\/tr\/wp-content\/uploads\/sites\/6\/2021\/03\/Surb-Amenaprkich.png","type":"image\/png"}],"author":"admin","twitter_card":"summary_large_image","twitter_misc":{"Written by":"admin","Est. reading time":"1 minute"},"schema":{"@context":"https:\/\/schema.org","@graph":[{"@type":"Article","@id":"https:\/\/akunq.net\/tr\/?p=61778#article","isPartOf":{"@id":"https:\/\/akunq.net\/tr\/?p=61778"},"author":{"name":"admin","@id":"https:\/\/akunq.net\/tr\/#\/schema\/person\/096f1d38a12cce57fb855b485ed24c9e"},"headline":"Avrupa Birli\u011fi, Surb Ghazan\u00e7etsots Ermeni Katedrali&#8217;nin Azerbaycan taraf\u0131ndan bombalanmas\u0131n\u0131 k\u0131nad\u0131","datePublished":"2021-03-05T07:34:13+00:00","mainEntityOfPage":{"@id":"https:\/\/akunq.net\/tr\/?p=61778"},"wordCount":227,"commentCount":0,"image":{"@id":"https:\/\/akunq.net\/tr\/?p=61778#primaryimage"},"thumbnailUrl":"https:\/\/akunq.net\/tr\/wp-content\/uploads\/sites\/6\/2021\/03\/Surb-Amenaprkich.png","articleSection":["Haberler"],"inLanguage":"en-US","potentialAction":[{"@type":"CommentAction","name":"Comment","target":["https:\/\/akunq.net\/tr\/?p=61778#respond"]}]},{"@type":"WebPage","@id":"https:\/\/akunq.net\/tr\/?p=61778","url":"https:\/\/akunq.net\/tr\/?p=61778","name":"Avrupa Birli\u011fi, Surb Ghazan\u00e7etsots Ermeni Katedrali'nin Azerbaycan taraf\u0131ndan bombalanmas\u0131n\u0131 k\u0131nad\u0131 - Bati Ermenistan Ve Bati Ermenileri Sorunlari Ara\u015ftirmalar Merkezi","isPartOf":{"@id":"https:\/\/akunq.net\/tr\/#website"},"primaryImageOfPage":{"@id":"https:\/\/akunq.net\/tr\/?p=61778#primaryimage"},"image":{"@id":"https:\/\/akunq.net\/tr\/?p=61778#primaryimage"},"thumbnailUrl":"https:\/\/akunq.net\/tr\/wp-content\/uploads\/sites\/6\/2021\/03\/Surb-Amenaprkich.png","datePublished":"2021-03-05T07:34:13+00:00","author":{"@id":"https:\/\/akunq.net\/tr\/#\/schema\/person\/096f1d38a12cce57fb855b485ed24c9e"},"breadcrumb":{"@id":"https:\/\/akunq.net\/tr\/?p=61778#breadcrumb"},"inLanguage":"en-US","potentialAction":[{"@type":"ReadAction","target":["https:\/\/akunq.net\/tr\/?p=61778"]}]},{"@type":"ImageObject","inLanguage":"en-US","@id":"https:\/\/akunq.net\/tr\/?p=61778#primaryimage","url":"https:\/\/akunq.net\/tr\/wp-content\/uploads\/sites\/6\/2021\/03\/Surb-Amenaprkich.png","contentUrl":"https:\/\/akunq.net\/tr\/wp-content\/uploads\/sites\/6\/2021\/03\/Surb-Amenaprkich.png","width":720,"height":546},{"@type":"BreadcrumbList","@id":"https:\/\/akunq.net\/tr\/?p=61778#breadcrumb","itemListElement":[{"@type":"ListItem","position":1,"name":"Home","item":"https:\/\/akunq.net\/tr"},{"@type":"ListItem","position":2,"name":"Avrupa Birli\u011fi, Surb Ghazan\u00e7etsots Ermeni Katedrali&#8217;nin Azerbaycan taraf\u0131ndan bombalanmas\u0131n\u0131 k\u0131nad\u0131"}]},{"@type":"WebSite","@id":"https:\/\/akunq.net\/tr\/#website","url":"https:\/\/akunq.net\/tr\/","name":"Bati Ermenistan Ve Bati Ermenileri Sorunlari Ara\u015ftirmalar Merkezi","description":"","potentialAction":[{"@type":"SearchAction","target":{"@type":"EntryPoint","urlTemplate":"https:\/\/akunq.net\/tr\/?s={search_term_string}"},"query-input":{"@type":"PropertyValueSpecification","valueRequired":true,"valueName":"search_term_string"}}],"inLanguage":"en-US"},{"@type":"Person","@id":"https:\/\/akunq.net\/tr\/#\/schema\/person\/096f1d38a12cce57fb855b485ed24c9e","name":"admin","url":"https:\/\/akunq.net\/tr\/?author=7"}]}},"_links":{"self":[{"href":"https:\/\/akunq.net\/tr\/index.php?rest_route=\/wp\/v2\/posts\/61778","targetHints":{"allow":["GET"]}}],"collection":[{"href":"https:\/\/akunq.net\/tr\/index.php?rest_route=\/wp\/v2\/posts"}],"about":[{"href":"https:\/\/akunq.net\/tr\/index.php?rest_route=\/wp\/v2\/types\/post"}],"author":[{"embeddable":true,"href":"https:\/\/akunq.net\/tr\/index.php?rest_route=\/wp\/v2\/users\/7"}],"replies":[{"embeddable":true,"href":"https:\/\/akunq.net\/tr\/index.php?rest_route=%2Fwp%2Fv2%2Fcomments&post=61778"}],"version-history":[{"count":1,"href":"https:\/\/akunq.net\/tr\/index.php?rest_route=\/wp\/v2\/posts\/61778\/revisions"}],"predecessor-version":[{"id":61780,"href":"https:\/\/akunq.net\/tr\/index.php?rest_route=\/wp\/v2\/posts\/61778\/revisions\/61780"}],"wp:featuredmedia":[{"embeddable":true,"href":"https:\/\/akunq.net\/tr\/index.php?rest_route=\/wp\/v2\/media\/61779"}],"wp:attachment":[{"href":"https:\/\/akunq.net\/tr\/index.php?rest_route=%2Fwp%2Fv2%2Fmedia&parent=61778"}],"wp:term":[{"taxonomy":"category","embeddable":true,"href":"https:\/\/akunq.net\/tr\/index.php?rest_route=%2Fwp%2Fv2%2Fcategories&post=61778"},{"taxonomy":"post_tag","embeddable":true,"href":"https:\/\/akunq.net\/tr\/index.php?rest_route=%2Fwp%2Fv2%2Ftags&post=61778"}],"curies":[{"name":"wp","href":"https:\/\/api.w.org\/{rel}","templated":true}]}}